{"id":73584,"date":"2026-01-20T11:56:09","date_gmt":"2026-01-20T11:56:09","guid":{"rendered":"https:\/\/transportjournal.com\/2026\/01\/20\/douane-saisit-des-vetements-de-marque-contrefaits\/"},"modified":"2026-01-20T20:31:43","modified_gmt":"2026-01-20T19:31:43","slug":"douane-saisit-des-vetements-de-marque-contrefaits","status":"publish","type":"post","link":"https:\/\/transportjournal.com\/fr\/2026\/01\/20\/douane-saisit-des-vetements-de-marque-contrefaits\/","title":{"rendered":"Douane saisit des v\u00eatements de marque contrefaits"},"content":{"rendered":"<p>Lors d&#8217;un contr\u00f4le de l&#8217;Administration des douanes de Singen \u00e0 la fin de 2025, des v\u00eatements de marque contrefaits ont \u00e9t\u00e9 saisis. Dans trois colis en provenance de Roumanie, les agents des douanes ont d\u00e9couvert pr\u00e8s de 90 articles vestimentaires portant des logos et des \u00e9tiquettes de 13 marques de luxe, selon les informations fournies par le bureau des douanes. Il s&#8217;agissait de vestes d&#8217;hiver, de jeans, de sweats \u00e0 capuche et de pulls qui se sont r\u00e9v\u00e9l\u00e9s \u00eatre des contrefa\u00e7ons.<\/p>\n<h3>Valeur estim\u00e9e \u00e0 70 000 euros<\/h3>\n<p>La valeur estim\u00e9e des marchandises originales s&#8217;\u00e9l\u00e8ve \u00e0 environ 70 000 euros. Le destinataire \u00e9tait un citoyen allemand de 50 ans vivant dans le canton de Thurgau en Suisse. Les marchandises contrefaites ont \u00e9t\u00e9 saisies dans le cadre de la protection des droits de propri\u00e9t\u00e9 industrielle, \u00e0 condition que les titulaires de marques concern\u00e9s aient d\u00e9pos\u00e9 des demandes. Dans ce cas pr\u00e9cis, cela a \u00e9t\u00e9 fait par toutes les entreprises concern\u00e9es.<\/p>\n<p><a href=\"https:\/\/www.zoll.de\/\" target=\"_blank\" rel=\"noopener noreferrer\">www.zoll.de<\/a><\/p>\n","protected":false},"excerpt":{"rendered":"<p>Les autorit\u00e9s douani\u00e8res de Constance ont saisi des v\u00eatements de marque contrefaits d&rsquo;une valeur de 70 000 euros et ont engag\u00e9 des poursuites civiles contre le destinataire.<\/p>\n","protected":false},"author":10,"featured_media":73582,"comment_status":"open","ping_status":"open","sticky":false,"template":"","format":"standard","meta":{"_acf_changed":false,"footnotes":""},"categories":[1581,1587],"tags":[7160,7161,7162,7163,7164,7165,7166,7167,7168,7169,7170,7171,7172,7173,7174,7175,7176,7177,7178,7179,7180,7181,7182,7183,7184,7185,7186,7187,7188,7189,7190,7191,7192,7193,7194,6736,6737,6738,7195,7196,7197,7198,7199,7200,7201,7202,7203,7204,7205,7206,7207,7208,7209,7210,7211,7212],"class_list":["post-73584","post","type-post","status-publish","format-standard","has-post-thumbnail","hentry","category-expedition-et-logistique","category-leurope","tag-agents-des-douanes","tag-articles-vestimentaires","tag-bekleidungsartikel","tag-bekleidungsindustrie","tag-brand-owners","tag-bureau-des-douanes-principal-de-singen","tag-clothing-articles","tag-clothing-industry","tag-contrefacons","tag-controle-douanier","tag-counterfeit-brand-clothing","tag-counterfeits","tag-customs-control","tag-customs-officers","tag-customs-seizure","tag-deutsch-zoll","tag-droit-des-marques","tag-gefaelschte-markenbekleidung","tag-gewerblicher-rechtsschutz","tag-hauptzollamt-singen","tag-hoodies","tag-industrial-property-protection","tag-industrie-de-lhabillement","tag-jeans","tag-luxury-brands","tag-luxusmarken","tag-main-customs-office-singen","tag-markeninhaber","tag-markenrecht-english-customs","tag-marques-de-luxe","tag-plagiate","tag-proprietaires-de-marques","tag-protection-de-la-propriete-industrielle","tag-pullover","tag-pulls","tag-romania","tag-roumanie","tag-rumaenien","tag-saisie-douaniere","tag-schweiz","tag-suisse","tag-sweaters","tag-sweats-a-capuche","tag-switzerland","tag-thurgau","tag-trademark-law-francais-douanes","tag-valeur-des-biens-originaux","tag-value-of-original-goods","tag-vestes-dhiver","tag-vetements-de-marque-contrefaits","tag-wert-der-originalwaren","tag-winter-jackets","tag-winterjacken","tag-zollbeamte","tag-zollbeschlagnahmung","tag-zollkontrolle"],"acf":[],"yoast_head":"<!-- This site is optimized with the Yoast SEO plugin v27.3 - https:\/\/yoast.com\/product\/yoast-seo-wordpress\/ -->\n<title>Douane saisit des v\u00eatements de marque contrefaits - ITJ | International Transport Journal.<\/title>\n<meta name=\"robots\" content=\"index, follow, max-snippet:-1, max-image-preview:large, max-video-preview:-1\" \/>\n<link rel=\"canonical\" href=\"https:\/\/transportjournal.com\/fr\/2026\/01\/20\/douane-saisit-des-vetements-de-marque-contrefaits\/\" \/>\n<meta property=\"og:locale\" content=\"fr_FR\" \/>\n<meta property=\"og:type\" content=\"article\" \/>\n<meta property=\"og:title\" content=\"Douane saisit des v\u00eatements de marque contrefaits - ITJ | International Transport Journal.\" \/>\n<meta property=\"og:description\" content=\"Les autorit\u00e9s douani\u00e8res de Constance ont saisi des v\u00eatements de marque contrefaits d&#039;une valeur de 70 000 euros et ont engag\u00e9 des poursuites civiles contre le destinataire.\" \/>\n<meta property=\"og:url\" content=\"https:\/\/transportjournal.com\/fr\/2026\/01\/20\/douane-saisit-des-vetements-de-marque-contrefaits\/\" \/>\n<meta property=\"og:site_name\" content=\"ITJ | International Transport Journal\" \/>\n<meta property=\"article:published_time\" content=\"2026-01-20T11:56:09+00:00\" \/>\n<meta property=\"article:modified_time\" content=\"2026-01-20T19:31:43+00:00\" \/>\n<meta property=\"og:image\" content=\"https:\/\/transportjournal.com\/wp-content\/uploads\/sites\/2\/2026\/01\/ZOLL-aspect-ratio-1400-788.jpg\" \/>\n\t<meta property=\"og:image:width\" content=\"1052\" \/>\n\t<meta property=\"og:image:height\" content=\"592\" \/>\n\t<meta property=\"og:image:type\" content=\"image\/jpeg\" \/>\n<meta name=\"author\" content=\"Jeremy Soland\" \/>\n<meta name=\"twitter:card\" content=\"summary_large_image\" \/>\n<meta name=\"twitter:label1\" content=\"\u00c9crit par\" \/>\n\t<meta name=\"twitter:data1\" content=\"Jeremy Soland\" \/>\n\t<meta name=\"twitter:label2\" content=\"Dur\u00e9e de lecture estim\u00e9e\" \/>\n\t<meta name=\"twitter:data2\" content=\"1 minute\" \/>\n<script type=\"application\/ld+json\" class=\"yoast-schema-graph\">{\"@context\":\"https:\\\/\\\/schema.org\",\"@graph\":[{\"@type\":\"Article\",\"@id\":\"https:\\\/\\\/transportjournal.com\\\/fr\\\/2026\\\/01\\\/20\\\/douane-saisit-des-vetements-de-marque-contrefaits\\\/#article\",\"isPartOf\":{\"@id\":\"https:\\\/\\\/transportjournal.com\\\/fr\\\/2026\\\/01\\\/20\\\/douane-saisit-des-vetements-de-marque-contrefaits\\\/\"},\"author\":{\"name\":\"Jeremy Soland\",\"@id\":\"https:\\\/\\\/transportjournal.com\\\/fr\\\/#\\\/schema\\\/person\\\/41d36b5474b623392fa613e97e2363fa\"},\"headline\":\"Douane saisit des v\u00eatements de marque contrefaits\",\"datePublished\":\"2026-01-20T11:56:09+00:00\",\"dateModified\":\"2026-01-20T19:31:43+00:00\",\"mainEntityOfPage\":{\"@id\":\"https:\\\/\\\/transportjournal.com\\\/fr\\\/2026\\\/01\\\/20\\\/douane-saisit-des-vetements-de-marque-contrefaits\\\/\"},\"wordCount\":177,\"commentCount\":0,\"publisher\":{\"@id\":\"https:\\\/\\\/transportjournal.com\\\/fr\\\/#organization\"},\"image\":{\"@id\":\"https:\\\/\\\/transportjournal.com\\\/fr\\\/2026\\\/01\\\/20\\\/douane-saisit-des-vetements-de-marque-contrefaits\\\/#primaryimage\"},\"thumbnailUrl\":\"https:\\\/\\\/transportjournal.com\\\/wp-content\\\/uploads\\\/sites\\\/2\\\/2026\\\/01\\\/ZOLL-aspect-ratio-1400-788.jpg\",\"keywords\":[\"agents des douanes\",\"articles vestimentaires\",\"Bekleidungsartikel\",\"Bekleidungsindustrie\",\"brand owners\",\"bureau des douanes principal de Singen\",\"clothing articles\",\"clothing industry\",\"contrefa\u00e7ons\",\"contr\u00f4le douanier\",\"counterfeit brand clothing\",\"counterfeits\",\"customs control\",\"customs officers\",\"customs seizure\",\"Deutsch Zoll\",\"droit des marques\",\"gef\u00e4lschte Markenbekleidung\",\"gewerblicher Rechtsschutz\",\"Hauptzollamt Singen\",\"Hoodies\",\"industrial property protection\",\"industrie de l'habillement\",\"Jeans\",\"luxury brands\",\"Luxusmarken\",\"main customs office Singen\",\"Markeninhaber\",\"Markenrecht English Customs\",\"marques de luxe\",\"Plagiate\",\"propri\u00e9taires de marques\",\"protection de la propri\u00e9t\u00e9 industrielle\",\"Pullover\",\"pulls\",\"Romania\",\"Roumanie\",\"Rum\u00e4nien\",\"saisie douani\u00e8re\",\"Schweiz\",\"Suisse\",\"sweaters\",\"sweats \u00e0 capuche\",\"Switzerland\",\"Thurgau\",\"trademark law Fran\u00e7ais Douanes\",\"valeur des biens originaux\",\"value of original goods\",\"vestes d'hiver\",\"v\u00eatements de marque contrefaits\",\"Wert der Originalwaren\",\"winter jackets\",\"Winterjacken\",\"Zollbeamte\",\"Zollbeschlagnahmung\",\"Zollkontrolle\"],\"articleSection\":[\"Exp\u00e9dition de fret et logistique\",\"L'Europe\"],\"inLanguage\":\"fr-FR\",\"potentialAction\":[{\"@type\":\"CommentAction\",\"name\":\"Comment\",\"target\":[\"https:\\\/\\\/transportjournal.com\\\/fr\\\/2026\\\/01\\\/20\\\/douane-saisit-des-vetements-de-marque-contrefaits\\\/#respond\"]}]},{\"@type\":\"WebPage\",\"@id\":\"https:\\\/\\\/transportjournal.com\\\/fr\\\/2026\\\/01\\\/20\\\/douane-saisit-des-vetements-de-marque-contrefaits\\\/\",\"url\":\"https:\\\/\\\/transportjournal.com\\\/fr\\\/2026\\\/01\\\/20\\\/douane-saisit-des-vetements-de-marque-contrefaits\\\/\",\"name\":\"Douane saisit des v\u00eatements de marque contrefaits - ITJ | International Transport Journal.\",\"isPartOf\":{\"@id\":\"https:\\\/\\\/transportjournal.com\\\/fr\\\/#website\"},\"primaryImageOfPage\":{\"@id\":\"https:\\\/\\\/transportjournal.com\\\/fr\\\/2026\\\/01\\\/20\\\/douane-saisit-des-vetements-de-marque-contrefaits\\\/#primaryimage\"},\"image\":{\"@id\":\"https:\\\/\\\/transportjournal.com\\\/fr\\\/2026\\\/01\\\/20\\\/douane-saisit-des-vetements-de-marque-contrefaits\\\/#primaryimage\"},\"thumbnailUrl\":\"https:\\\/\\\/transportjournal.com\\\/wp-content\\\/uploads\\\/sites\\\/2\\\/2026\\\/01\\\/ZOLL-aspect-ratio-1400-788.jpg\",\"datePublished\":\"2026-01-20T11:56:09+00:00\",\"dateModified\":\"2026-01-20T19:31:43+00:00\",\"breadcrumb\":{\"@id\":\"https:\\\/\\\/transportjournal.com\\\/fr\\\/2026\\\/01\\\/20\\\/douane-saisit-des-vetements-de-marque-contrefaits\\\/#breadcrumb\"},\"inLanguage\":\"fr-FR\",\"potentialAction\":[{\"@type\":\"ReadAction\",\"target\":[\"https:\\\/\\\/transportjournal.com\\\/fr\\\/2026\\\/01\\\/20\\\/douane-saisit-des-vetements-de-marque-contrefaits\\\/\"]}]},{\"@type\":\"ImageObject\",\"inLanguage\":\"fr-FR\",\"@id\":\"https:\\\/\\\/transportjournal.com\\\/fr\\\/2026\\\/01\\\/20\\\/douane-saisit-des-vetements-de-marque-contrefaits\\\/#primaryimage\",\"url\":\"https:\\\/\\\/transportjournal.com\\\/wp-content\\\/uploads\\\/sites\\\/2\\\/2026\\\/01\\\/ZOLL-aspect-ratio-1400-788.jpg\",\"contentUrl\":\"https:\\\/\\\/transportjournal.com\\\/wp-content\\\/uploads\\\/sites\\\/2\\\/2026\\\/01\\\/ZOLL-aspect-ratio-1400-788.jpg\",\"width\":1052,\"height\":592},{\"@type\":\"BreadcrumbList\",\"@id\":\"https:\\\/\\\/transportjournal.com\\\/fr\\\/2026\\\/01\\\/20\\\/douane-saisit-des-vetements-de-marque-contrefaits\\\/#breadcrumb\",\"itemListElement\":[{\"@type\":\"ListItem\",\"position\":1,\"name\":\"Startseite\",\"item\":\"https:\\\/\\\/transportjournal.com\\\/fr\\\/\"},{\"@type\":\"ListItem\",\"position\":2,\"name\":\"Douane saisit des v\u00eatements de marque contrefaits\"}]},{\"@type\":\"WebSite\",\"@id\":\"https:\\\/\\\/transportjournal.com\\\/fr\\\/#website\",\"url\":\"https:\\\/\\\/transportjournal.com\\\/fr\\\/\",\"name\":\"ITJ | International Transport Journal\",\"description\":\"Restez inform\u00e9 des derni\u00e8res nouvelles mondiales dans les secteurs du transport, de la logistique et de la cha\u00eene d'approvisionnement. Transport Journal fournit des informations d'experts, des analyses et des mises \u00e0 jour sur le transport maritime, l'aviation, l'intermodalit\u00e9 et l'exp\u00e9dition. \",\"publisher\":{\"@id\":\"https:\\\/\\\/transportjournal.com\\\/fr\\\/#organization\"},\"potentialAction\":[{\"@type\":\"SearchAction\",\"target\":{\"@type\":\"EntryPoint\",\"urlTemplate\":\"https:\\\/\\\/transportjournal.com\\\/fr\\\/?s={search_term_string}\"},\"query-input\":{\"@type\":\"PropertyValueSpecification\",\"valueRequired\":true,\"valueName\":\"search_term_string\"}}],\"inLanguage\":\"fr-FR\"},{\"@type\":\"Organization\",\"@id\":\"https:\\\/\\\/transportjournal.com\\\/fr\\\/#organization\",\"name\":\"Groupe Logismedia AG\",\"alternateName\":\"Logismedia Group AG\",\"url\":\"https:\\\/\\\/transportjournal.com\\\/fr\\\/\",\"logo\":{\"@type\":\"ImageObject\",\"inLanguage\":\"fr-FR\",\"@id\":\"https:\\\/\\\/transportjournal.com\\\/fr\\\/#\\\/schema\\\/logo\\\/image\\\/\",\"url\":\"https:\\\/\\\/transportjournal.com\\\/wp-content\\\/uploads\\\/sites\\\/2\\\/2025\\\/09\\\/Logo_ITJ.png\",\"contentUrl\":\"https:\\\/\\\/transportjournal.com\\\/wp-content\\\/uploads\\\/sites\\\/2\\\/2025\\\/09\\\/Logo_ITJ.png\",\"width\":799,\"height\":326,\"caption\":\"Groupe Logismedia AG\"},\"image\":{\"@id\":\"https:\\\/\\\/transportjournal.com\\\/fr\\\/#\\\/schema\\\/logo\\\/image\\\/\"},\"sameAs\":[\"https:\\\/\\\/www.linkedin.com\\\/company\\\/56456496\\\/admin\\\/dashboard\\\/\",\"https:\\\/\\\/www.instagram.com\\\/logismediagroup\\\/\",\"https:\\\/\\\/www.youtube.com\\\/@LogiamediaGroupAG\"]},{\"@type\":\"Person\",\"@id\":\"https:\\\/\\\/transportjournal.com\\\/fr\\\/#\\\/schema\\\/person\\\/41d36b5474b623392fa613e97e2363fa\",\"name\":\"Jeremy Soland\",\"url\":\"https:\\\/\\\/transportjournal.com\\\/fr\\\/author\\\/jeremy\\\/\"}]}<\/script>\n<!-- \/ Yoast SEO plugin. -->","yoast_head_json":{"title":"Douane saisit des v\u00eatements de marque contrefaits - ITJ | International Transport Journal.","robots":{"index":"index","follow":"follow","max-snippet":"max-snippet:-1","max-image-preview":"max-image-preview:large","max-video-preview":"max-video-preview:-1"},"canonical":"https:\/\/transportjournal.com\/fr\/2026\/01\/20\/douane-saisit-des-vetements-de-marque-contrefaits\/","og_locale":"fr_FR","og_type":"article","og_title":"Douane saisit des v\u00eatements de marque contrefaits - ITJ | International Transport Journal.","og_description":"Les autorit\u00e9s douani\u00e8res de Constance ont saisi des v\u00eatements de marque contrefaits d'une valeur de 70 000 euros et ont engag\u00e9 des poursuites civiles contre le destinataire.","og_url":"https:\/\/transportjournal.com\/fr\/2026\/01\/20\/douane-saisit-des-vetements-de-marque-contrefaits\/","og_site_name":"ITJ | International Transport Journal","article_published_time":"2026-01-20T11:56:09+00:00","article_modified_time":"2026-01-20T19:31:43+00:00","og_image":[{"width":1052,"height":592,"url":"https:\/\/transportjournal.com\/wp-content\/uploads\/sites\/2\/2026\/01\/ZOLL-aspect-ratio-1400-788.jpg","type":"image\/jpeg"}],"author":"Jeremy Soland","twitter_card":"summary_large_image","twitter_misc":{"\u00c9crit par":"Jeremy Soland","Dur\u00e9e de lecture estim\u00e9e":"1 minute"},"schema":{"@context":"https:\/\/schema.org","@graph":[{"@type":"Article","@id":"https:\/\/transportjournal.com\/fr\/2026\/01\/20\/douane-saisit-des-vetements-de-marque-contrefaits\/#article","isPartOf":{"@id":"https:\/\/transportjournal.com\/fr\/2026\/01\/20\/douane-saisit-des-vetements-de-marque-contrefaits\/"},"author":{"name":"Jeremy Soland","@id":"https:\/\/transportjournal.com\/fr\/#\/schema\/person\/41d36b5474b623392fa613e97e2363fa"},"headline":"Douane saisit des v\u00eatements de marque contrefaits","datePublished":"2026-01-20T11:56:09+00:00","dateModified":"2026-01-20T19:31:43+00:00","mainEntityOfPage":{"@id":"https:\/\/transportjournal.com\/fr\/2026\/01\/20\/douane-saisit-des-vetements-de-marque-contrefaits\/"},"wordCount":177,"commentCount":0,"publisher":{"@id":"https:\/\/transportjournal.com\/fr\/#organization"},"image":{"@id":"https:\/\/transportjournal.com\/fr\/2026\/01\/20\/douane-saisit-des-vetements-de-marque-contrefaits\/#primaryimage"},"thumbnailUrl":"https:\/\/transportjournal.com\/wp-content\/uploads\/sites\/2\/2026\/01\/ZOLL-aspect-ratio-1400-788.jpg","keywords":["agents des douanes","articles vestimentaires","Bekleidungsartikel","Bekleidungsindustrie","brand owners","bureau des douanes principal de Singen","clothing articles","clothing industry","contrefa\u00e7ons","contr\u00f4le douanier","counterfeit brand clothing","counterfeits","customs control","customs officers","customs seizure","Deutsch Zoll","droit des marques","gef\u00e4lschte Markenbekleidung","gewerblicher Rechtsschutz","Hauptzollamt Singen","Hoodies","industrial property protection","industrie de l'habillement","Jeans","luxury brands","Luxusmarken","main customs office Singen","Markeninhaber","Markenrecht English Customs","marques de luxe","Plagiate","propri\u00e9taires de marques","protection de la propri\u00e9t\u00e9 industrielle","Pullover","pulls","Romania","Roumanie","Rum\u00e4nien","saisie douani\u00e8re","Schweiz","Suisse","sweaters","sweats \u00e0 capuche","Switzerland","Thurgau","trademark law Fran\u00e7ais Douanes","valeur des biens originaux","value of original goods","vestes d'hiver","v\u00eatements de marque contrefaits","Wert der Originalwaren","winter jackets","Winterjacken","Zollbeamte","Zollbeschlagnahmung","Zollkontrolle"],"articleSection":["Exp\u00e9dition de fret et logistique","L'Europe"],"inLanguage":"fr-FR","potentialAction":[{"@type":"CommentAction","name":"Comment","target":["https:\/\/transportjournal.com\/fr\/2026\/01\/20\/douane-saisit-des-vetements-de-marque-contrefaits\/#respond"]}]},{"@type":"WebPage","@id":"https:\/\/transportjournal.com\/fr\/2026\/01\/20\/douane-saisit-des-vetements-de-marque-contrefaits\/","url":"https:\/\/transportjournal.com\/fr\/2026\/01\/20\/douane-saisit-des-vetements-de-marque-contrefaits\/","name":"Douane saisit des v\u00eatements de marque contrefaits - ITJ | International Transport Journal.","isPartOf":{"@id":"https:\/\/transportjournal.com\/fr\/#website"},"primaryImageOfPage":{"@id":"https:\/\/transportjournal.com\/fr\/2026\/01\/20\/douane-saisit-des-vetements-de-marque-contrefaits\/#primaryimage"},"image":{"@id":"https:\/\/transportjournal.com\/fr\/2026\/01\/20\/douane-saisit-des-vetements-de-marque-contrefaits\/#primaryimage"},"thumbnailUrl":"https:\/\/transportjournal.com\/wp-content\/uploads\/sites\/2\/2026\/01\/ZOLL-aspect-ratio-1400-788.jpg","datePublished":"2026-01-20T11:56:09+00:00","dateModified":"2026-01-20T19:31:43+00:00","breadcrumb":{"@id":"https:\/\/transportjournal.com\/fr\/2026\/01\/20\/douane-saisit-des-vetements-de-marque-contrefaits\/#breadcrumb"},"inLanguage":"fr-FR","potentialAction":[{"@type":"ReadAction","target":["https:\/\/transportjournal.com\/fr\/2026\/01\/20\/douane-saisit-des-vetements-de-marque-contrefaits\/"]}]},{"@type":"ImageObject","inLanguage":"fr-FR","@id":"https:\/\/transportjournal.com\/fr\/2026\/01\/20\/douane-saisit-des-vetements-de-marque-contrefaits\/#primaryimage","url":"https:\/\/transportjournal.com\/wp-content\/uploads\/sites\/2\/2026\/01\/ZOLL-aspect-ratio-1400-788.jpg","contentUrl":"https:\/\/transportjournal.com\/wp-content\/uploads\/sites\/2\/2026\/01\/ZOLL-aspect-ratio-1400-788.jpg","width":1052,"height":592},{"@type":"BreadcrumbList","@id":"https:\/\/transportjournal.com\/fr\/2026\/01\/20\/douane-saisit-des-vetements-de-marque-contrefaits\/#breadcrumb","itemListElement":[{"@type":"ListItem","position":1,"name":"Startseite","item":"https:\/\/transportjournal.com\/fr\/"},{"@type":"ListItem","position":2,"name":"Douane saisit des v\u00eatements de marque contrefaits"}]},{"@type":"WebSite","@id":"https:\/\/transportjournal.com\/fr\/#website","url":"https:\/\/transportjournal.com\/fr\/","name":"ITJ | International Transport Journal","description":"Restez inform\u00e9 des derni\u00e8res nouvelles mondiales dans les secteurs du transport, de la logistique et de la cha\u00eene d'approvisionnement. Transport Journal fournit des informations d'experts, des analyses et des mises \u00e0 jour sur le transport maritime, l'aviation, l'intermodalit\u00e9 et l'exp\u00e9dition. ","publisher":{"@id":"https:\/\/transportjournal.com\/fr\/#organization"},"potentialAction":[{"@type":"SearchAction","target":{"@type":"EntryPoint","urlTemplate":"https:\/\/transportjournal.com\/fr\/?s={search_term_string}"},"query-input":{"@type":"PropertyValueSpecification","valueRequired":true,"valueName":"search_term_string"}}],"inLanguage":"fr-FR"},{"@type":"Organization","@id":"https:\/\/transportjournal.com\/fr\/#organization","name":"Groupe Logismedia AG","alternateName":"Logismedia Group AG","url":"https:\/\/transportjournal.com\/fr\/","logo":{"@type":"ImageObject","inLanguage":"fr-FR","@id":"https:\/\/transportjournal.com\/fr\/#\/schema\/logo\/image\/","url":"https:\/\/transportjournal.com\/wp-content\/uploads\/sites\/2\/2025\/09\/Logo_ITJ.png","contentUrl":"https:\/\/transportjournal.com\/wp-content\/uploads\/sites\/2\/2025\/09\/Logo_ITJ.png","width":799,"height":326,"caption":"Groupe Logismedia AG"},"image":{"@id":"https:\/\/transportjournal.com\/fr\/#\/schema\/logo\/image\/"},"sameAs":["https:\/\/www.linkedin.com\/company\/56456496\/admin\/dashboard\/","https:\/\/www.instagram.com\/logismediagroup\/","https:\/\/www.youtube.com\/@LogiamediaGroupAG"]},{"@type":"Person","@id":"https:\/\/transportjournal.com\/fr\/#\/schema\/person\/41d36b5474b623392fa613e97e2363fa","name":"Jeremy Soland","url":"https:\/\/transportjournal.com\/fr\/author\/jeremy\/"}]}},"_links":{"self":[{"href":"https:\/\/transportjournal.com\/fr\/wp-json\/wp\/v2\/posts\/73584","targetHints":{"allow":["GET"]}}],"collection":[{"href":"https:\/\/transportjournal.com\/fr\/wp-json\/wp\/v2\/posts"}],"about":[{"href":"https:\/\/transportjournal.com\/fr\/wp-json\/wp\/v2\/types\/post"}],"author":[{"embeddable":true,"href":"https:\/\/transportjournal.com\/fr\/wp-json\/wp\/v2\/users\/10"}],"replies":[{"embeddable":true,"href":"https:\/\/transportjournal.com\/fr\/wp-json\/wp\/v2\/comments?post=73584"}],"version-history":[{"count":1,"href":"https:\/\/transportjournal.com\/fr\/wp-json\/wp\/v2\/posts\/73584\/revisions"}],"predecessor-version":[{"id":73704,"href":"https:\/\/transportjournal.com\/fr\/wp-json\/wp\/v2\/posts\/73584\/revisions\/73704"}],"wp:featuredmedia":[{"embeddable":true,"href":"https:\/\/transportjournal.com\/fr\/wp-json\/wp\/v2\/media\/73582"}],"wp:attachment":[{"href":"https:\/\/transportjournal.com\/fr\/wp-json\/wp\/v2\/media?parent=73584"}],"wp:term":[{"taxonomy":"category","embeddable":true,"href":"https:\/\/transportjournal.com\/fr\/wp-json\/wp\/v2\/categories?post=73584"},{"taxonomy":"post_tag","embeddable":true,"href":"https:\/\/transportjournal.com\/fr\/wp-json\/wp\/v2\/tags?post=73584"}],"curies":[{"name":"wp","href":"https:\/\/api.w.org\/{rel}","templated":true}]}}