{"id":73544,"date":"2026-01-20T11:18:06","date_gmt":"2026-01-20T11:18:06","guid":{"rendered":"https:\/\/transportjournal.com\/2026\/01\/20\/ad-ports-group-acquiert-le-chantier-naval-balenciaga\/"},"modified":"2026-01-20T11:18:06","modified_gmt":"2026-01-20T11:18:06","slug":"ad-ports-group-acquiert-le-chantier-naval-balenciaga","status":"publish","type":"post","link":"https:\/\/transportjournal.com\/fr\/2026\/01\/20\/ad-ports-group-acquiert-le-chantier-naval-balenciaga\/","title":{"rendered":"AD Ports Group acquiert le chantier naval Balenciaga"},"content":{"rendered":"<p>AD Ports Group a \u00e9largi ses activit\u00e9s en Espagne par l&#8217;acquisition du chantier naval Balenciaga Astilleros. La filiale SAFEEN Drydocks, qui fait partie de Noatum Maritime, a acquis 100 % des parts du chantier pour un total de 11,2 millions EUR. Cette transaction vise \u00e0 renforcer la pr\u00e9sence d&#8217;AD Ports Group en Espagne et en M\u00e9diterran\u00e9e et compl\u00e8te les activit\u00e9s dans le domaine de l&#8217;\u00e9nergie \u00e9olienne offshore, selon l&#8217;entreprise.<\/p>\n<p>Le chantier naval Balenciaga, qui op\u00e9rera d\u00e9sormais sous le nom de Balenciaga Shipyard, est situ\u00e9 dans la r\u00e9gion basque et peut se pr\u00e9valoir de pr\u00e8s d&#8217;un si\u00e8cle d&#8217;exp\u00e9rience dans la construction navale. Le chantier dispose notamment de deux installations de dock, d&#8217;une cale de lancement de 105 m\u00e8tres de long ainsi que d&#8217;une usine de production avec des technologies d&#8217;automatisation et de fabrication sur une superficie de 22 385 m\u00b2. De plus, il existe une installation de d\u00e9coupe et de fabrication de 3530 m\u00b2.<\/p>\n<p>Le chantier s&#8217;est sp\u00e9cialis\u00e9 dans la pr\u00e9fabrication de grands modules pour des projets offshore et dans la construction de navires complexes. Il convient de souligner, selon AD Ports, qu&#8217;il fait partie des rares chantiers en Espagne \u00e0 se concentrer sur la construction de Service Operation Vessels (SOVs). Ces navires servent de bases flottantes pour les parcs \u00e9oliens offshore et sont \u00e9galement utilis\u00e9s \u00e0 des fins de recherche et de soutien, ainsi que pour des remorqueurs sp\u00e9cialis\u00e9s.<\/p>\n<p><a href=\"https:\/\/www.adportsgroup.com\/en\" target=\"_blank\" rel=\"noopener noreferrer\">www.adportsgroup.com<\/a><\/p>\n","protected":false},"excerpt":{"rendered":"<p>AD Ports Group a acquis le chantier naval Balenciaga Astilleros en Espagne pour renforcer ses activit\u00e9s dans le domaine de l&rsquo;\u00e9nergie \u00e9olienne en mer et des \u00e9nergies renouvelables.<\/p>\n","protected":false},"author":10,"featured_media":73542,"comment_status":"open","ping_status":"open","sticky":false,"template":"","format":"standard","meta":{"_acf_changed":false,"footnotes":""},"categories":[1587,1583],"tags":[6968,6969,6970,6971,6972,6973,6974,6975,6976,6977,6978,6979,6980,6981,6982,2652,6983,2122,6984,6985,2373,6986,6987,6988,6989,6990,6991,1809,6389,6992,6993,6994,6995,6996,6997,2145,6998,6999,7000,7001,7002,7003,7004,7005,7006,7007,7008,7009,7010,7011,5078,7012,7013,7014,7015,7016],"class_list":["post-73544","post","type-post","status-publish","format-standard","has-post-thumbnail","hentry","category-leurope","category-transport-maritime-et-ports","tag-acquisition-chantier-naval","tag-activites-ad-ports","tag-ad-ports-activities-francais-ad-ports-group","tag-ad-ports-aktivitaeten-english-ad-ports-group","tag-automatisation-construction-navale","tag-automatisierung-schiffbau","tag-balenciaga-harbor-operations","tag-balenciaga-shipyard","tag-balenciaga-werft","tag-baskische-werft","tag-basque-shipyard","tag-chantier-basque","tag-chantier-naval-balenciaga","tag-construction-navale-espagne","tag-construction-sov","tag-deutsch-ad-ports-group","tag-energie-eolienne-offshore","tag-fachkraeftemangel-logistik","tag-hafenbetrieb-balenciaga","tag-infrastructure-eolienne","tag-labor-shortage-logistics","tag-logistics-service-providers-spain","tag-logistikdienstleister-spanien","tag-maritime-technologien","tag-maritime-technologies","tag-mediterranean-transport","tag-mittelmeerraum-transport","tag-nachhaltige-schifffahrt","tag-navigation-durable","tag-noatum-maritime","tag-offshore-projects-spain","tag-offshore-wind-energy","tag-offshore-projekte-spanien","tag-offshore-windenergie","tag-operations-portuaires-balenciaga","tag-penurie-de-main-doeuvre-logistique","tag-prefabrication-de-modules-navals","tag-prestataires-logistiques-espagne","tag-production-navale","tag-projets-offshore-espagne","tag-schiffbau-spanien","tag-schiffsmodul-vorfertigung","tag-schiffsproduktion","tag-ship-automation","tag-ship-module-prefabrication","tag-ship-production","tag-shipbuilding-spain","tag-shipyard-acquisition","tag-sov-construction","tag-sov-konstruktion","tag-sustainable-shipping","tag-technologies-maritimes","tag-transport-mediterranee","tag-werftuebernahme","tag-wind-power-infrastructure","tag-windkraft-infrastruktur"],"acf":[],"yoast_head":"<!-- This site is optimized with the Yoast SEO plugin v27.3 - https:\/\/yoast.com\/product\/yoast-seo-wordpress\/ -->\n<title>AD Ports Group acquiert le chantier naval Balenciaga - ITJ | International Transport Journal.<\/title>\n<meta name=\"robots\" content=\"index, follow, max-snippet:-1, max-image-preview:large, max-video-preview:-1\" \/>\n<link rel=\"canonical\" href=\"https:\/\/transportjournal.com\/fr\/2026\/01\/20\/ad-ports-group-acquiert-le-chantier-naval-balenciaga\/\" \/>\n<meta property=\"og:locale\" content=\"fr_FR\" \/>\n<meta property=\"og:type\" content=\"article\" \/>\n<meta property=\"og:title\" content=\"AD Ports Group acquiert le chantier naval Balenciaga - ITJ | International Transport Journal.\" \/>\n<meta property=\"og:description\" content=\"AD Ports Group a acquis le chantier naval Balenciaga Astilleros en Espagne pour renforcer ses activit\u00e9s dans le domaine de l&#039;\u00e9nergie \u00e9olienne en mer et des \u00e9nergies renouvelables.\" \/>\n<meta property=\"og:url\" content=\"https:\/\/transportjournal.com\/fr\/2026\/01\/20\/ad-ports-group-acquiert-le-chantier-naval-balenciaga\/\" \/>\n<meta property=\"og:site_name\" content=\"ITJ | International Transport Journal\" \/>\n<meta property=\"article:published_time\" content=\"2026-01-20T11:18:06+00:00\" \/>\n<meta property=\"og:image\" content=\"https:\/\/transportjournal.com\/wp-content\/uploads\/sites\/2\/2026\/01\/BALENCIAGA-image.jpg\" \/>\n\t<meta property=\"og:image:width\" content=\"1366\" \/>\n\t<meta property=\"og:image:height\" content=\"768\" \/>\n\t<meta property=\"og:image:type\" content=\"image\/jpeg\" \/>\n<meta name=\"author\" content=\"Jeremy Soland\" \/>\n<meta name=\"twitter:card\" content=\"summary_large_image\" \/>\n<meta name=\"twitter:label1\" content=\"\u00c9crit par\" \/>\n\t<meta name=\"twitter:data1\" content=\"Jeremy Soland\" \/>\n\t<meta name=\"twitter:label2\" content=\"Dur\u00e9e de lecture estim\u00e9e\" \/>\n\t<meta name=\"twitter:data2\" content=\"1 minute\" \/>\n<script type=\"application\/ld+json\" class=\"yoast-schema-graph\">{\"@context\":\"https:\\\/\\\/schema.org\",\"@graph\":[{\"@type\":\"Article\",\"@id\":\"https:\\\/\\\/transportjournal.com\\\/fr\\\/2026\\\/01\\\/20\\\/ad-ports-group-acquiert-le-chantier-naval-balenciaga\\\/#article\",\"isPartOf\":{\"@id\":\"https:\\\/\\\/transportjournal.com\\\/fr\\\/2026\\\/01\\\/20\\\/ad-ports-group-acquiert-le-chantier-naval-balenciaga\\\/\"},\"author\":{\"name\":\"Jeremy Soland\",\"@id\":\"https:\\\/\\\/transportjournal.com\\\/fr\\\/#\\\/schema\\\/person\\\/41d36b5474b623392fa613e97e2363fa\"},\"headline\":\"AD Ports Group acquiert le chantier naval Balenciaga\",\"datePublished\":\"2026-01-20T11:18:06+00:00\",\"mainEntityOfPage\":{\"@id\":\"https:\\\/\\\/transportjournal.com\\\/fr\\\/2026\\\/01\\\/20\\\/ad-ports-group-acquiert-le-chantier-naval-balenciaga\\\/\"},\"wordCount\":261,\"commentCount\":0,\"publisher\":{\"@id\":\"https:\\\/\\\/transportjournal.com\\\/fr\\\/#organization\"},\"image\":{\"@id\":\"https:\\\/\\\/transportjournal.com\\\/fr\\\/2026\\\/01\\\/20\\\/ad-ports-group-acquiert-le-chantier-naval-balenciaga\\\/#primaryimage\"},\"thumbnailUrl\":\"https:\\\/\\\/transportjournal.com\\\/wp-content\\\/uploads\\\/sites\\\/2\\\/2026\\\/01\\\/BALENCIAGA-image.jpg\",\"keywords\":[\"acquisition chantier naval\",\"activit\u00e9s AD Ports\",\"AD Ports activities Fran\u00e7ais AD Ports Group\",\"AD Ports Aktivit\u00e4ten English AD Ports Group\",\"automatisation construction navale\",\"Automatisierung Schiffbau\",\"Balenciaga harbor operations\",\"Balenciaga Shipyard\",\"Balenciaga Werft\",\"baskische Werft\",\"Basque shipyard\",\"chantier basque\",\"chantier naval Balenciaga\",\"construction navale Espagne\",\"construction SOV\",\"Deutsch AD Ports Group\",\"\u00e9nergie \u00e9olienne offshore\",\"Fachkr\u00e4ftemangel Logistik\",\"Hafenbetrieb Balenciaga\",\"infrastructure \u00e9olienne\",\"labor shortage logistics\",\"logistics service providers Spain\",\"Logistikdienstleister Spanien\",\"maritime Technologien\",\"maritime technologies\",\"Mediterranean transport\",\"Mittelmeerraum Transport\",\"nachhaltige Schifffahrt\",\"navigation durable\",\"Noatum Maritime\",\"offshore projects Spain\",\"offshore wind energy\",\"Offshore-Projekte Spanien\",\"Offshore-Windenergie\",\"op\u00e9rations portuaires Balenciaga\",\"p\u00e9nurie de main-d'\u0153uvre logistique\",\"pr\u00e9fabrication de modules navals\",\"prestataires logistiques Espagne\",\"production navale\",\"projets offshore Espagne\",\"Schiffbau Spanien\",\"Schiffsmodul Vorfertigung\",\"Schiffsproduktion\",\"ship automation\",\"ship module prefabrication\",\"ship production\",\"shipbuilding Spain\",\"shipyard acquisition\",\"SOV construction\",\"SOV Konstruktion\",\"sustainable shipping\",\"technologies maritimes\",\"transport M\u00e9diterran\u00e9e\",\"Werft\u00fcbernahme\",\"wind power infrastructure\",\"Windkraft Infrastruktur\"],\"articleSection\":[\"L'Europe\",\"Transport maritime et ports\"],\"inLanguage\":\"fr-FR\",\"potentialAction\":[{\"@type\":\"CommentAction\",\"name\":\"Comment\",\"target\":[\"https:\\\/\\\/transportjournal.com\\\/fr\\\/2026\\\/01\\\/20\\\/ad-ports-group-acquiert-le-chantier-naval-balenciaga\\\/#respond\"]}]},{\"@type\":\"WebPage\",\"@id\":\"https:\\\/\\\/transportjournal.com\\\/fr\\\/2026\\\/01\\\/20\\\/ad-ports-group-acquiert-le-chantier-naval-balenciaga\\\/\",\"url\":\"https:\\\/\\\/transportjournal.com\\\/fr\\\/2026\\\/01\\\/20\\\/ad-ports-group-acquiert-le-chantier-naval-balenciaga\\\/\",\"name\":\"AD Ports Group acquiert le chantier naval Balenciaga - ITJ | International Transport Journal.\",\"isPartOf\":{\"@id\":\"https:\\\/\\\/transportjournal.com\\\/fr\\\/#website\"},\"primaryImageOfPage\":{\"@id\":\"https:\\\/\\\/transportjournal.com\\\/fr\\\/2026\\\/01\\\/20\\\/ad-ports-group-acquiert-le-chantier-naval-balenciaga\\\/#primaryimage\"},\"image\":{\"@id\":\"https:\\\/\\\/transportjournal.com\\\/fr\\\/2026\\\/01\\\/20\\\/ad-ports-group-acquiert-le-chantier-naval-balenciaga\\\/#primaryimage\"},\"thumbnailUrl\":\"https:\\\/\\\/transportjournal.com\\\/wp-content\\\/uploads\\\/sites\\\/2\\\/2026\\\/01\\\/BALENCIAGA-image.jpg\",\"datePublished\":\"2026-01-20T11:18:06+00:00\",\"breadcrumb\":{\"@id\":\"https:\\\/\\\/transportjournal.com\\\/fr\\\/2026\\\/01\\\/20\\\/ad-ports-group-acquiert-le-chantier-naval-balenciaga\\\/#breadcrumb\"},\"inLanguage\":\"fr-FR\",\"potentialAction\":[{\"@type\":\"ReadAction\",\"target\":[\"https:\\\/\\\/transportjournal.com\\\/fr\\\/2026\\\/01\\\/20\\\/ad-ports-group-acquiert-le-chantier-naval-balenciaga\\\/\"]}]},{\"@type\":\"ImageObject\",\"inLanguage\":\"fr-FR\",\"@id\":\"https:\\\/\\\/transportjournal.com\\\/fr\\\/2026\\\/01\\\/20\\\/ad-ports-group-acquiert-le-chantier-naval-balenciaga\\\/#primaryimage\",\"url\":\"https:\\\/\\\/transportjournal.com\\\/wp-content\\\/uploads\\\/sites\\\/2\\\/2026\\\/01\\\/BALENCIAGA-image.jpg\",\"contentUrl\":\"https:\\\/\\\/transportjournal.com\\\/wp-content\\\/uploads\\\/sites\\\/2\\\/2026\\\/01\\\/BALENCIAGA-image.jpg\",\"width\":1366,\"height\":768},{\"@type\":\"BreadcrumbList\",\"@id\":\"https:\\\/\\\/transportjournal.com\\\/fr\\\/2026\\\/01\\\/20\\\/ad-ports-group-acquiert-le-chantier-naval-balenciaga\\\/#breadcrumb\",\"itemListElement\":[{\"@type\":\"ListItem\",\"position\":1,\"name\":\"Startseite\",\"item\":\"https:\\\/\\\/transportjournal.com\\\/fr\\\/\"},{\"@type\":\"ListItem\",\"position\":2,\"name\":\"AD Ports Group acquiert le chantier naval Balenciaga\"}]},{\"@type\":\"WebSite\",\"@id\":\"https:\\\/\\\/transportjournal.com\\\/fr\\\/#website\",\"url\":\"https:\\\/\\\/transportjournal.com\\\/fr\\\/\",\"name\":\"ITJ | International Transport Journal\",\"description\":\"Restez inform\u00e9 des derni\u00e8res nouvelles mondiales dans les secteurs du transport, de la logistique et de la cha\u00eene d'approvisionnement. Transport Journal fournit des informations d'experts, des analyses et des mises \u00e0 jour sur le transport maritime, l'aviation, l'intermodalit\u00e9 et l'exp\u00e9dition. \",\"publisher\":{\"@id\":\"https:\\\/\\\/transportjournal.com\\\/fr\\\/#organization\"},\"potentialAction\":[{\"@type\":\"SearchAction\",\"target\":{\"@type\":\"EntryPoint\",\"urlTemplate\":\"https:\\\/\\\/transportjournal.com\\\/fr\\\/?s={search_term_string}\"},\"query-input\":{\"@type\":\"PropertyValueSpecification\",\"valueRequired\":true,\"valueName\":\"search_term_string\"}}],\"inLanguage\":\"fr-FR\"},{\"@type\":\"Organization\",\"@id\":\"https:\\\/\\\/transportjournal.com\\\/fr\\\/#organization\",\"name\":\"Groupe Logismedia AG\",\"alternateName\":\"Logismedia Group AG\",\"url\":\"https:\\\/\\\/transportjournal.com\\\/fr\\\/\",\"logo\":{\"@type\":\"ImageObject\",\"inLanguage\":\"fr-FR\",\"@id\":\"https:\\\/\\\/transportjournal.com\\\/fr\\\/#\\\/schema\\\/logo\\\/image\\\/\",\"url\":\"https:\\\/\\\/transportjournal.com\\\/wp-content\\\/uploads\\\/sites\\\/2\\\/2025\\\/09\\\/Logo_ITJ.png\",\"contentUrl\":\"https:\\\/\\\/transportjournal.com\\\/wp-content\\\/uploads\\\/sites\\\/2\\\/2025\\\/09\\\/Logo_ITJ.png\",\"width\":799,\"height\":326,\"caption\":\"Groupe Logismedia AG\"},\"image\":{\"@id\":\"https:\\\/\\\/transportjournal.com\\\/fr\\\/#\\\/schema\\\/logo\\\/image\\\/\"},\"sameAs\":[\"https:\\\/\\\/www.linkedin.com\\\/company\\\/56456496\\\/admin\\\/dashboard\\\/\",\"https:\\\/\\\/www.instagram.com\\\/logismediagroup\\\/\",\"https:\\\/\\\/www.youtube.com\\\/@LogiamediaGroupAG\"]},{\"@type\":\"Person\",\"@id\":\"https:\\\/\\\/transportjournal.com\\\/fr\\\/#\\\/schema\\\/person\\\/41d36b5474b623392fa613e97e2363fa\",\"name\":\"Jeremy Soland\",\"url\":\"https:\\\/\\\/transportjournal.com\\\/fr\\\/author\\\/jeremy\\\/\"}]}<\/script>\n<!-- \/ Yoast SEO plugin. -->","yoast_head_json":{"title":"AD Ports Group acquiert le chantier naval Balenciaga - ITJ | International Transport Journal.","robots":{"index":"index","follow":"follow","max-snippet":"max-snippet:-1","max-image-preview":"max-image-preview:large","max-video-preview":"max-video-preview:-1"},"canonical":"https:\/\/transportjournal.com\/fr\/2026\/01\/20\/ad-ports-group-acquiert-le-chantier-naval-balenciaga\/","og_locale":"fr_FR","og_type":"article","og_title":"AD Ports Group acquiert le chantier naval Balenciaga - ITJ | International Transport Journal.","og_description":"AD Ports Group a acquis le chantier naval Balenciaga Astilleros en Espagne pour renforcer ses activit\u00e9s dans le domaine de l'\u00e9nergie \u00e9olienne en mer et des \u00e9nergies renouvelables.","og_url":"https:\/\/transportjournal.com\/fr\/2026\/01\/20\/ad-ports-group-acquiert-le-chantier-naval-balenciaga\/","og_site_name":"ITJ | International Transport Journal","article_published_time":"2026-01-20T11:18:06+00:00","og_image":[{"width":1366,"height":768,"url":"https:\/\/transportjournal.com\/wp-content\/uploads\/sites\/2\/2026\/01\/BALENCIAGA-image.jpg","type":"image\/jpeg"}],"author":"Jeremy Soland","twitter_card":"summary_large_image","twitter_misc":{"\u00c9crit par":"Jeremy Soland","Dur\u00e9e de lecture estim\u00e9e":"1 minute"},"schema":{"@context":"https:\/\/schema.org","@graph":[{"@type":"Article","@id":"https:\/\/transportjournal.com\/fr\/2026\/01\/20\/ad-ports-group-acquiert-le-chantier-naval-balenciaga\/#article","isPartOf":{"@id":"https:\/\/transportjournal.com\/fr\/2026\/01\/20\/ad-ports-group-acquiert-le-chantier-naval-balenciaga\/"},"author":{"name":"Jeremy Soland","@id":"https:\/\/transportjournal.com\/fr\/#\/schema\/person\/41d36b5474b623392fa613e97e2363fa"},"headline":"AD Ports Group acquiert le chantier naval Balenciaga","datePublished":"2026-01-20T11:18:06+00:00","mainEntityOfPage":{"@id":"https:\/\/transportjournal.com\/fr\/2026\/01\/20\/ad-ports-group-acquiert-le-chantier-naval-balenciaga\/"},"wordCount":261,"commentCount":0,"publisher":{"@id":"https:\/\/transportjournal.com\/fr\/#organization"},"image":{"@id":"https:\/\/transportjournal.com\/fr\/2026\/01\/20\/ad-ports-group-acquiert-le-chantier-naval-balenciaga\/#primaryimage"},"thumbnailUrl":"https:\/\/transportjournal.com\/wp-content\/uploads\/sites\/2\/2026\/01\/BALENCIAGA-image.jpg","keywords":["acquisition chantier naval","activit\u00e9s AD Ports","AD Ports activities Fran\u00e7ais AD Ports Group","AD Ports Aktivit\u00e4ten English AD Ports Group","automatisation construction navale","Automatisierung Schiffbau","Balenciaga harbor operations","Balenciaga Shipyard","Balenciaga Werft","baskische Werft","Basque shipyard","chantier basque","chantier naval Balenciaga","construction navale Espagne","construction SOV","Deutsch AD Ports Group","\u00e9nergie \u00e9olienne offshore","Fachkr\u00e4ftemangel Logistik","Hafenbetrieb Balenciaga","infrastructure \u00e9olienne","labor shortage logistics","logistics service providers Spain","Logistikdienstleister Spanien","maritime Technologien","maritime technologies","Mediterranean transport","Mittelmeerraum Transport","nachhaltige Schifffahrt","navigation durable","Noatum Maritime","offshore projects Spain","offshore wind energy","Offshore-Projekte Spanien","Offshore-Windenergie","op\u00e9rations portuaires Balenciaga","p\u00e9nurie de main-d'\u0153uvre logistique","pr\u00e9fabrication de modules navals","prestataires logistiques Espagne","production navale","projets offshore Espagne","Schiffbau Spanien","Schiffsmodul Vorfertigung","Schiffsproduktion","ship automation","ship module prefabrication","ship production","shipbuilding Spain","shipyard acquisition","SOV construction","SOV Konstruktion","sustainable shipping","technologies maritimes","transport M\u00e9diterran\u00e9e","Werft\u00fcbernahme","wind power infrastructure","Windkraft Infrastruktur"],"articleSection":["L'Europe","Transport maritime et ports"],"inLanguage":"fr-FR","potentialAction":[{"@type":"CommentAction","name":"Comment","target":["https:\/\/transportjournal.com\/fr\/2026\/01\/20\/ad-ports-group-acquiert-le-chantier-naval-balenciaga\/#respond"]}]},{"@type":"WebPage","@id":"https:\/\/transportjournal.com\/fr\/2026\/01\/20\/ad-ports-group-acquiert-le-chantier-naval-balenciaga\/","url":"https:\/\/transportjournal.com\/fr\/2026\/01\/20\/ad-ports-group-acquiert-le-chantier-naval-balenciaga\/","name":"AD Ports Group acquiert le chantier naval Balenciaga - ITJ | International Transport Journal.","isPartOf":{"@id":"https:\/\/transportjournal.com\/fr\/#website"},"primaryImageOfPage":{"@id":"https:\/\/transportjournal.com\/fr\/2026\/01\/20\/ad-ports-group-acquiert-le-chantier-naval-balenciaga\/#primaryimage"},"image":{"@id":"https:\/\/transportjournal.com\/fr\/2026\/01\/20\/ad-ports-group-acquiert-le-chantier-naval-balenciaga\/#primaryimage"},"thumbnailUrl":"https:\/\/transportjournal.com\/wp-content\/uploads\/sites\/2\/2026\/01\/BALENCIAGA-image.jpg","datePublished":"2026-01-20T11:18:06+00:00","breadcrumb":{"@id":"https:\/\/transportjournal.com\/fr\/2026\/01\/20\/ad-ports-group-acquiert-le-chantier-naval-balenciaga\/#breadcrumb"},"inLanguage":"fr-FR","potentialAction":[{"@type":"ReadAction","target":["https:\/\/transportjournal.com\/fr\/2026\/01\/20\/ad-ports-group-acquiert-le-chantier-naval-balenciaga\/"]}]},{"@type":"ImageObject","inLanguage":"fr-FR","@id":"https:\/\/transportjournal.com\/fr\/2026\/01\/20\/ad-ports-group-acquiert-le-chantier-naval-balenciaga\/#primaryimage","url":"https:\/\/transportjournal.com\/wp-content\/uploads\/sites\/2\/2026\/01\/BALENCIAGA-image.jpg","contentUrl":"https:\/\/transportjournal.com\/wp-content\/uploads\/sites\/2\/2026\/01\/BALENCIAGA-image.jpg","width":1366,"height":768},{"@type":"BreadcrumbList","@id":"https:\/\/transportjournal.com\/fr\/2026\/01\/20\/ad-ports-group-acquiert-le-chantier-naval-balenciaga\/#breadcrumb","itemListElement":[{"@type":"ListItem","position":1,"name":"Startseite","item":"https:\/\/transportjournal.com\/fr\/"},{"@type":"ListItem","position":2,"name":"AD Ports Group acquiert le chantier naval Balenciaga"}]},{"@type":"WebSite","@id":"https:\/\/transportjournal.com\/fr\/#website","url":"https:\/\/transportjournal.com\/fr\/","name":"ITJ | International Transport Journal","description":"Restez inform\u00e9 des derni\u00e8res nouvelles mondiales dans les secteurs du transport, de la logistique et de la cha\u00eene d'approvisionnement. Transport Journal fournit des informations d'experts, des analyses et des mises \u00e0 jour sur le transport maritime, l'aviation, l'intermodalit\u00e9 et l'exp\u00e9dition. ","publisher":{"@id":"https:\/\/transportjournal.com\/fr\/#organization"},"potentialAction":[{"@type":"SearchAction","target":{"@type":"EntryPoint","urlTemplate":"https:\/\/transportjournal.com\/fr\/?s={search_term_string}"},"query-input":{"@type":"PropertyValueSpecification","valueRequired":true,"valueName":"search_term_string"}}],"inLanguage":"fr-FR"},{"@type":"Organization","@id":"https:\/\/transportjournal.com\/fr\/#organization","name":"Groupe Logismedia AG","alternateName":"Logismedia Group AG","url":"https:\/\/transportjournal.com\/fr\/","logo":{"@type":"ImageObject","inLanguage":"fr-FR","@id":"https:\/\/transportjournal.com\/fr\/#\/schema\/logo\/image\/","url":"https:\/\/transportjournal.com\/wp-content\/uploads\/sites\/2\/2025\/09\/Logo_ITJ.png","contentUrl":"https:\/\/transportjournal.com\/wp-content\/uploads\/sites\/2\/2025\/09\/Logo_ITJ.png","width":799,"height":326,"caption":"Groupe Logismedia AG"},"image":{"@id":"https:\/\/transportjournal.com\/fr\/#\/schema\/logo\/image\/"},"sameAs":["https:\/\/www.linkedin.com\/company\/56456496\/admin\/dashboard\/","https:\/\/www.instagram.com\/logismediagroup\/","https:\/\/www.youtube.com\/@LogiamediaGroupAG"]},{"@type":"Person","@id":"https:\/\/transportjournal.com\/fr\/#\/schema\/person\/41d36b5474b623392fa613e97e2363fa","name":"Jeremy Soland","url":"https:\/\/transportjournal.com\/fr\/author\/jeremy\/"}]}},"_links":{"self":[{"href":"https:\/\/transportjournal.com\/fr\/wp-json\/wp\/v2\/posts\/73544","targetHints":{"allow":["GET"]}}],"collection":[{"href":"https:\/\/transportjournal.com\/fr\/wp-json\/wp\/v2\/posts"}],"about":[{"href":"https:\/\/transportjournal.com\/fr\/wp-json\/wp\/v2\/types\/post"}],"author":[{"embeddable":true,"href":"https:\/\/transportjournal.com\/fr\/wp-json\/wp\/v2\/users\/10"}],"replies":[{"embeddable":true,"href":"https:\/\/transportjournal.com\/fr\/wp-json\/wp\/v2\/comments?post=73544"}],"version-history":[{"count":0,"href":"https:\/\/transportjournal.com\/fr\/wp-json\/wp\/v2\/posts\/73544\/revisions"}],"wp:featuredmedia":[{"embeddable":true,"href":"https:\/\/transportjournal.com\/fr\/wp-json\/wp\/v2\/media\/73542"}],"wp:attachment":[{"href":"https:\/\/transportjournal.com\/fr\/wp-json\/wp\/v2\/media?parent=73544"}],"wp:term":[{"taxonomy":"category","embeddable":true,"href":"https:\/\/transportjournal.com\/fr\/wp-json\/wp\/v2\/categories?post=73544"},{"taxonomy":"post_tag","embeddable":true,"href":"https:\/\/transportjournal.com\/fr\/wp-json\/wp\/v2\/tags?post=73544"}],"curies":[{"name":"wp","href":"https:\/\/api.w.org\/{rel}","templated":true}]}}