{"id":73467,"date":"2026-01-19T12:01:15","date_gmt":"2026-01-19T12:01:15","guid":{"rendered":"https:\/\/transportjournal.com\/2026\/01\/19\/restructuration-de-la-region-de-vente-europe-centrale\/"},"modified":"2026-01-23T12:28:24","modified_gmt":"2026-01-23T11:28:24","slug":"restructuration-de-la-region-de-vente-europe-centrale","status":"publish","type":"post","link":"https:\/\/transportjournal.com\/fr\/2026\/01\/19\/restructuration-de-la-region-de-vente-europe-centrale\/","title":{"rendered":"Restructuration de la r\u00e9gion de vente Europe centrale"},"content":{"rendered":"<p>Au 1er janvier 2026, la r\u00e9gion de vente Europe centrale chez Schmitz Cargobull a \u00e9t\u00e9 restructur\u00e9e. Vujo Crnomarkovic (photo) prend le poste de directeur des ventes pour cette r\u00e9gion. En plus de son nouveau r\u00f4le, il reste \u00e9galement directeur national pour la Serbie et le Mont\u00e9n\u00e9gro et assumera en outre la responsabilit\u00e9 pour la Gr\u00e8ce. Crnomarkovic apporte plus de 20 ans d&#8217;exp\u00e9rience au sein de l&#8217;organisation Schmitz Cargobull et poss\u00e8de des connaissances approfondies du march\u00e9, qui sont essentielles pour le d\u00e9veloppement de la r\u00e9gion de vente Europe centrale.<\/p>\n<p>Roland W. Schacht, qui \u00e9tait jusqu&#8217;\u00e0 pr\u00e9sent directeur des ventes pour l&#8217;Europe centrale ainsi que directeur national pour la Roumanie et la Gr\u00e8ce, a quitt\u00e9 l&#8217;entreprise \u00e0 sa demande le 31 d\u00e9cembre 2025.<\/p>\n<h3>Nouveaux dirigeants dans la r\u00e9gion<\/h3>\n<p>Dans le cadre de la restructuration, Constantin Victor Burcioi devient le nouveau directeur national pour la Roumanie. Burcioi est dans l&#8217;entreprise depuis 2005 et dirige depuis 2014 les activit\u00e9s de vente de v\u00e9hicules neufs et d&#8217;occasion en Roumanie et en Moldavie. Son expertise approfondie du march\u00e9 devrait contribuer \u00e0 renforcer la proximit\u00e9 avec les clients et les activit\u00e9s en Roumanie.<\/p>\n<p>Kerem Tas, qui est d\u00e9j\u00e0 directeur national de Schmitz Cargobull T\u00fcrkiye, sera \u00e9galement responsable de l&#8217;usine d&#8217;Adapazari au sein du r\u00e9seau de production international de Schmitz Cargobull. Depuis janvier, il rend directement compte au membre du conseil des ventes Ralph Kleideiter. Tas apporte plus de 30 ans d&#8217;exp\u00e9rience internationale dans le secteur et a d\u00e9velopp\u00e9 le site de production et de vente en Turquie au cours des six derni\u00e8res ann\u00e9es.<\/p>\n<p>&nbsp;<\/p>\n<p><a href=\"https:\/\/www.cargobull.com\/\" target=\"_blank\" rel=\"noopener noreferrer\">www.cargobull.com<\/a><\/p>\n<p>&nbsp;<\/p>\n","protected":false},"excerpt":{"rendered":"<p>\u00c0 partir du 1er janvier 2026, Vujo Crnomarkovic sera directeur des ventes pour l&rsquo;Europe centrale chez Schmitz Cargobull et assumera \u00e9galement la responsabilit\u00e9 pour la Gr\u00e8ce.<\/p>\n","protected":false},"author":12,"featured_media":73465,"comment_status":"open","ping_status":"open","sticky":false,"template":"","format":"standard","meta":{"_acf_changed":false,"footnotes":""},"categories":[1587,1579,1585],"tags":[4193,4109,6711,6712,6713,6714,6715,4115,6716,1889,6717,6718,6719,2125,3682,6720,6721,6722,6723,6724,2133,1831,6725,6726,6727,6728,6729,6730,2232,2148,2775,2777,6731,6732,2782,6733,6734,6735,6736,6737,6738,4223,6739,6740,6741,6742,6743,4099,2155,1837,6744,4225,6745],"class_list":["post-73467","post","type-post","status-publish","format-standard","has-post-thumbnail","hentry","category-leurope","category-personnes-et-entreprises","category-regions","tag-activites-de-vente","tag-central-europe","tag-connaissances-du-marche","tag-country-manager","tag-customer-proximity","tag-deutsch-schmitz-cargobull","tag-directeur-des-ventes","tag-europe-centrale","tag-experience-internationale-dans-lindustrie","tag-fachkraeftemangel","tag-grece","tag-greece","tag-griechenland","tag-industrie-du-transport","tag-infrastructure","tag-infrastructure-francais-schmitz-cargobull","tag-infrastruktur-english-schmitz-cargobull","tag-international-industry-experience","tag-internationale-branchenerfahrung","tag-kundennaehe","tag-logistics-service-providers","tag-logistikdienstleister","tag-market-knowledge","tag-marktkenntnisse","tag-montenegro","tag-neu-und-gebrauchtfahrzeuge","tag-neustrukturierung","tag-new-and-used-vehicles","tag-penurie-de-main-doeuvre","tag-prestataires-de-services-logistiques","tag-production-network","tag-produktionsnetzwerk","tag-proximite-client","tag-region-de-vente","tag-reseau-de-production","tag-responsable-de-pays","tag-restructuration","tag-restructuring","tag-romania","tag-roumanie","tag-rumaenien","tag-sales-activities","tag-sales-director","tag-sales-region","tag-serbia","tag-serbie","tag-serbien","tag-skilled-labor-shortage","tag-transport-industry","tag-transportwirtschaft","tag-vehicules-neufs-et-doccasion","tag-vertriebsaktivitaeten","tag-vertriebsregion"],"acf":[],"yoast_head":"<!-- This site is optimized with the Yoast SEO plugin v27.3 - https:\/\/yoast.com\/product\/yoast-seo-wordpress\/ -->\n<title>Restructuration de la r\u00e9gion de vente Europe centrale - ITJ | International Transport Journal.<\/title>\n<meta name=\"robots\" content=\"index, follow, max-snippet:-1, max-image-preview:large, max-video-preview:-1\" \/>\n<link rel=\"canonical\" href=\"https:\/\/transportjournal.com\/fr\/2026\/01\/19\/restructuration-de-la-region-de-vente-europe-centrale\/\" \/>\n<meta property=\"og:locale\" content=\"fr_FR\" \/>\n<meta property=\"og:type\" content=\"article\" \/>\n<meta property=\"og:title\" content=\"Restructuration de la r\u00e9gion de vente Europe centrale - ITJ | International Transport Journal.\" \/>\n<meta property=\"og:description\" content=\"\u00c0 partir du 1er janvier 2026, Vujo Crnomarkovic sera directeur des ventes pour l&#039;Europe centrale chez Schmitz Cargobull et assumera \u00e9galement la responsabilit\u00e9 pour la Gr\u00e8ce.\" \/>\n<meta property=\"og:url\" content=\"https:\/\/transportjournal.com\/fr\/2026\/01\/19\/restructuration-de-la-region-de-vente-europe-centrale\/\" \/>\n<meta property=\"og:site_name\" content=\"ITJ | International Transport Journal\" \/>\n<meta property=\"article:published_time\" content=\"2026-01-19T12:01:15+00:00\" \/>\n<meta property=\"article:modified_time\" content=\"2026-01-23T11:28:24+00:00\" \/>\n<meta property=\"og:image\" content=\"https:\/\/transportjournal.com\/wp-content\/uploads\/sites\/2\/2026\/01\/Schmitz-Cargobull_Vujo-Crnomarkovic_Sales-Director-Central-Europe-aspect-ratio-1400-788.jpg\" \/>\n\t<meta property=\"og:image:width\" content=\"1302\" \/>\n\t<meta property=\"og:image:height\" content=\"732\" \/>\n\t<meta property=\"og:image:type\" content=\"image\/jpeg\" \/>\n<meta name=\"author\" content=\"Andreas Haug\" \/>\n<meta name=\"twitter:card\" content=\"summary_large_image\" \/>\n<meta name=\"twitter:label1\" content=\"\u00c9crit par\" \/>\n\t<meta name=\"twitter:data1\" content=\"Andreas Haug\" \/>\n\t<meta name=\"twitter:label2\" content=\"Dur\u00e9e de lecture estim\u00e9e\" \/>\n\t<meta name=\"twitter:data2\" content=\"1 minute\" \/>\n<script type=\"application\/ld+json\" class=\"yoast-schema-graph\">{\"@context\":\"https:\\\/\\\/schema.org\",\"@graph\":[{\"@type\":\"Article\",\"@id\":\"https:\\\/\\\/transportjournal.com\\\/fr\\\/2026\\\/01\\\/19\\\/restructuration-de-la-region-de-vente-europe-centrale\\\/#article\",\"isPartOf\":{\"@id\":\"https:\\\/\\\/transportjournal.com\\\/fr\\\/2026\\\/01\\\/19\\\/restructuration-de-la-region-de-vente-europe-centrale\\\/\"},\"author\":{\"name\":\"Andreas Haug\",\"@id\":\"https:\\\/\\\/transportjournal.com\\\/fr\\\/#\\\/schema\\\/person\\\/cf538b3157f15afd7589245a4b3dbd25\"},\"headline\":\"Restructuration de la r\u00e9gion de vente Europe centrale\",\"datePublished\":\"2026-01-19T12:01:15+00:00\",\"dateModified\":\"2026-01-23T11:28:24+00:00\",\"mainEntityOfPage\":{\"@id\":\"https:\\\/\\\/transportjournal.com\\\/fr\\\/2026\\\/01\\\/19\\\/restructuration-de-la-region-de-vente-europe-centrale\\\/\"},\"wordCount\":295,\"commentCount\":0,\"publisher\":{\"@id\":\"https:\\\/\\\/transportjournal.com\\\/fr\\\/#organization\"},\"image\":{\"@id\":\"https:\\\/\\\/transportjournal.com\\\/fr\\\/2026\\\/01\\\/19\\\/restructuration-de-la-region-de-vente-europe-centrale\\\/#primaryimage\"},\"thumbnailUrl\":\"https:\\\/\\\/transportjournal.com\\\/wp-content\\\/uploads\\\/sites\\\/2\\\/2026\\\/01\\\/Schmitz-Cargobull_Vujo-Crnomarkovic_Sales-Director-Central-Europe-aspect-ratio-1400-788.jpg\",\"keywords\":[\"activit\u00e9s de vente\",\"Central Europe\",\"connaissances du march\u00e9\",\"Country Manager\",\"customer proximity\",\"Deutsch Schmitz Cargobull\",\"directeur des ventes\",\"Europe centrale\",\"exp\u00e9rience internationale dans l'industrie\",\"Fachkr\u00e4ftemangel\",\"Gr\u00e8ce\",\"Greece\",\"Griechenland\",\"industrie du transport\",\"infrastructure\",\"infrastructure Fran\u00e7ais Schmitz Cargobull\",\"Infrastruktur English Schmitz Cargobull\",\"international industry experience\",\"internationale Branchenerfahrung\",\"Kundenn\u00e4he\",\"logistics service providers\",\"Logistikdienstleister\",\"market knowledge\",\"Marktkenntnisse\",\"Montenegro\",\"Neu- und Gebrauchtfahrzeuge\",\"Neustrukturierung\",\"new and used vehicles\",\"p\u00e9nurie de main-d'\u0153uvre\",\"prestataires de services logistiques\",\"production network\",\"Produktionsnetzwerk\",\"proximit\u00e9 client\",\"r\u00e9gion de vente\",\"r\u00e9seau de production\",\"responsable de pays\",\"restructuration\",\"restructuring\",\"Romania\",\"Roumanie\",\"Rum\u00e4nien\",\"sales activities\",\"Sales Director\",\"sales region\",\"Serbia\",\"Serbie\",\"Serbien\",\"skilled labor shortage\",\"transport industry\",\"Transportwirtschaft\",\"v\u00e9hicules neufs et d'occasion\",\"Vertriebsaktivit\u00e4ten\",\"Vertriebsregion\"],\"articleSection\":[\"L'Europe\",\"Personnes et entreprises\",\"R\u00e9gions\"],\"inLanguage\":\"fr-FR\",\"potentialAction\":[{\"@type\":\"CommentAction\",\"name\":\"Comment\",\"target\":[\"https:\\\/\\\/transportjournal.com\\\/fr\\\/2026\\\/01\\\/19\\\/restructuration-de-la-region-de-vente-europe-centrale\\\/#respond\"]}]},{\"@type\":\"WebPage\",\"@id\":\"https:\\\/\\\/transportjournal.com\\\/fr\\\/2026\\\/01\\\/19\\\/restructuration-de-la-region-de-vente-europe-centrale\\\/\",\"url\":\"https:\\\/\\\/transportjournal.com\\\/fr\\\/2026\\\/01\\\/19\\\/restructuration-de-la-region-de-vente-europe-centrale\\\/\",\"name\":\"Restructuration de la r\u00e9gion de vente Europe centrale - ITJ | International Transport Journal.\",\"isPartOf\":{\"@id\":\"https:\\\/\\\/transportjournal.com\\\/fr\\\/#website\"},\"primaryImageOfPage\":{\"@id\":\"https:\\\/\\\/transportjournal.com\\\/fr\\\/2026\\\/01\\\/19\\\/restructuration-de-la-region-de-vente-europe-centrale\\\/#primaryimage\"},\"image\":{\"@id\":\"https:\\\/\\\/transportjournal.com\\\/fr\\\/2026\\\/01\\\/19\\\/restructuration-de-la-region-de-vente-europe-centrale\\\/#primaryimage\"},\"thumbnailUrl\":\"https:\\\/\\\/transportjournal.com\\\/wp-content\\\/uploads\\\/sites\\\/2\\\/2026\\\/01\\\/Schmitz-Cargobull_Vujo-Crnomarkovic_Sales-Director-Central-Europe-aspect-ratio-1400-788.jpg\",\"datePublished\":\"2026-01-19T12:01:15+00:00\",\"dateModified\":\"2026-01-23T11:28:24+00:00\",\"breadcrumb\":{\"@id\":\"https:\\\/\\\/transportjournal.com\\\/fr\\\/2026\\\/01\\\/19\\\/restructuration-de-la-region-de-vente-europe-centrale\\\/#breadcrumb\"},\"inLanguage\":\"fr-FR\",\"potentialAction\":[{\"@type\":\"ReadAction\",\"target\":[\"https:\\\/\\\/transportjournal.com\\\/fr\\\/2026\\\/01\\\/19\\\/restructuration-de-la-region-de-vente-europe-centrale\\\/\"]}]},{\"@type\":\"ImageObject\",\"inLanguage\":\"fr-FR\",\"@id\":\"https:\\\/\\\/transportjournal.com\\\/fr\\\/2026\\\/01\\\/19\\\/restructuration-de-la-region-de-vente-europe-centrale\\\/#primaryimage\",\"url\":\"https:\\\/\\\/transportjournal.com\\\/wp-content\\\/uploads\\\/sites\\\/2\\\/2026\\\/01\\\/Schmitz-Cargobull_Vujo-Crnomarkovic_Sales-Director-Central-Europe-aspect-ratio-1400-788.jpg\",\"contentUrl\":\"https:\\\/\\\/transportjournal.com\\\/wp-content\\\/uploads\\\/sites\\\/2\\\/2026\\\/01\\\/Schmitz-Cargobull_Vujo-Crnomarkovic_Sales-Director-Central-Europe-aspect-ratio-1400-788.jpg\",\"width\":1302,\"height\":732},{\"@type\":\"BreadcrumbList\",\"@id\":\"https:\\\/\\\/transportjournal.com\\\/fr\\\/2026\\\/01\\\/19\\\/restructuration-de-la-region-de-vente-europe-centrale\\\/#breadcrumb\",\"itemListElement\":[{\"@type\":\"ListItem\",\"position\":1,\"name\":\"Startseite\",\"item\":\"https:\\\/\\\/transportjournal.com\\\/fr\\\/\"},{\"@type\":\"ListItem\",\"position\":2,\"name\":\"Restructuration de la r\u00e9gion de vente Europe centrale\"}]},{\"@type\":\"WebSite\",\"@id\":\"https:\\\/\\\/transportjournal.com\\\/fr\\\/#website\",\"url\":\"https:\\\/\\\/transportjournal.com\\\/fr\\\/\",\"name\":\"ITJ | International Transport Journal\",\"description\":\"Restez inform\u00e9 des derni\u00e8res nouvelles mondiales dans les secteurs du transport, de la logistique et de la cha\u00eene d'approvisionnement. Transport Journal fournit des informations d'experts, des analyses et des mises \u00e0 jour sur le transport maritime, l'aviation, l'intermodalit\u00e9 et l'exp\u00e9dition. \",\"publisher\":{\"@id\":\"https:\\\/\\\/transportjournal.com\\\/fr\\\/#organization\"},\"potentialAction\":[{\"@type\":\"SearchAction\",\"target\":{\"@type\":\"EntryPoint\",\"urlTemplate\":\"https:\\\/\\\/transportjournal.com\\\/fr\\\/?s={search_term_string}\"},\"query-input\":{\"@type\":\"PropertyValueSpecification\",\"valueRequired\":true,\"valueName\":\"search_term_string\"}}],\"inLanguage\":\"fr-FR\"},{\"@type\":\"Organization\",\"@id\":\"https:\\\/\\\/transportjournal.com\\\/fr\\\/#organization\",\"name\":\"Groupe Logismedia AG\",\"alternateName\":\"Logismedia Group AG\",\"url\":\"https:\\\/\\\/transportjournal.com\\\/fr\\\/\",\"logo\":{\"@type\":\"ImageObject\",\"inLanguage\":\"fr-FR\",\"@id\":\"https:\\\/\\\/transportjournal.com\\\/fr\\\/#\\\/schema\\\/logo\\\/image\\\/\",\"url\":\"https:\\\/\\\/transportjournal.com\\\/wp-content\\\/uploads\\\/sites\\\/2\\\/2025\\\/09\\\/Logo_ITJ.png\",\"contentUrl\":\"https:\\\/\\\/transportjournal.com\\\/wp-content\\\/uploads\\\/sites\\\/2\\\/2025\\\/09\\\/Logo_ITJ.png\",\"width\":799,\"height\":326,\"caption\":\"Groupe Logismedia AG\"},\"image\":{\"@id\":\"https:\\\/\\\/transportjournal.com\\\/fr\\\/#\\\/schema\\\/logo\\\/image\\\/\"},\"sameAs\":[\"https:\\\/\\\/www.linkedin.com\\\/company\\\/56456496\\\/admin\\\/dashboard\\\/\",\"https:\\\/\\\/www.instagram.com\\\/logismediagroup\\\/\",\"https:\\\/\\\/www.youtube.com\\\/@LogiamediaGroupAG\"]},{\"@type\":\"Person\",\"@id\":\"https:\\\/\\\/transportjournal.com\\\/fr\\\/#\\\/schema\\\/person\\\/cf538b3157f15afd7589245a4b3dbd25\",\"name\":\"Andreas Haug\",\"url\":\"https:\\\/\\\/transportjournal.com\\\/fr\\\/author\\\/andreas\\\/\"}]}<\/script>\n<!-- \/ Yoast SEO plugin. -->","yoast_head_json":{"title":"Restructuration de la r\u00e9gion de vente Europe centrale - ITJ | International Transport Journal.","robots":{"index":"index","follow":"follow","max-snippet":"max-snippet:-1","max-image-preview":"max-image-preview:large","max-video-preview":"max-video-preview:-1"},"canonical":"https:\/\/transportjournal.com\/fr\/2026\/01\/19\/restructuration-de-la-region-de-vente-europe-centrale\/","og_locale":"fr_FR","og_type":"article","og_title":"Restructuration de la r\u00e9gion de vente Europe centrale - ITJ | International Transport Journal.","og_description":"\u00c0 partir du 1er janvier 2026, Vujo Crnomarkovic sera directeur des ventes pour l'Europe centrale chez Schmitz Cargobull et assumera \u00e9galement la responsabilit\u00e9 pour la Gr\u00e8ce.","og_url":"https:\/\/transportjournal.com\/fr\/2026\/01\/19\/restructuration-de-la-region-de-vente-europe-centrale\/","og_site_name":"ITJ | International Transport Journal","article_published_time":"2026-01-19T12:01:15+00:00","article_modified_time":"2026-01-23T11:28:24+00:00","og_image":[{"width":1302,"height":732,"url":"https:\/\/transportjournal.com\/wp-content\/uploads\/sites\/2\/2026\/01\/Schmitz-Cargobull_Vujo-Crnomarkovic_Sales-Director-Central-Europe-aspect-ratio-1400-788.jpg","type":"image\/jpeg"}],"author":"Andreas Haug","twitter_card":"summary_large_image","twitter_misc":{"\u00c9crit par":"Andreas Haug","Dur\u00e9e de lecture estim\u00e9e":"1 minute"},"schema":{"@context":"https:\/\/schema.org","@graph":[{"@type":"Article","@id":"https:\/\/transportjournal.com\/fr\/2026\/01\/19\/restructuration-de-la-region-de-vente-europe-centrale\/#article","isPartOf":{"@id":"https:\/\/transportjournal.com\/fr\/2026\/01\/19\/restructuration-de-la-region-de-vente-europe-centrale\/"},"author":{"name":"Andreas Haug","@id":"https:\/\/transportjournal.com\/fr\/#\/schema\/person\/cf538b3157f15afd7589245a4b3dbd25"},"headline":"Restructuration de la r\u00e9gion de vente Europe centrale","datePublished":"2026-01-19T12:01:15+00:00","dateModified":"2026-01-23T11:28:24+00:00","mainEntityOfPage":{"@id":"https:\/\/transportjournal.com\/fr\/2026\/01\/19\/restructuration-de-la-region-de-vente-europe-centrale\/"},"wordCount":295,"commentCount":0,"publisher":{"@id":"https:\/\/transportjournal.com\/fr\/#organization"},"image":{"@id":"https:\/\/transportjournal.com\/fr\/2026\/01\/19\/restructuration-de-la-region-de-vente-europe-centrale\/#primaryimage"},"thumbnailUrl":"https:\/\/transportjournal.com\/wp-content\/uploads\/sites\/2\/2026\/01\/Schmitz-Cargobull_Vujo-Crnomarkovic_Sales-Director-Central-Europe-aspect-ratio-1400-788.jpg","keywords":["activit\u00e9s de vente","Central Europe","connaissances du march\u00e9","Country Manager","customer proximity","Deutsch Schmitz Cargobull","directeur des ventes","Europe centrale","exp\u00e9rience internationale dans l'industrie","Fachkr\u00e4ftemangel","Gr\u00e8ce","Greece","Griechenland","industrie du transport","infrastructure","infrastructure Fran\u00e7ais Schmitz Cargobull","Infrastruktur English Schmitz Cargobull","international industry experience","internationale Branchenerfahrung","Kundenn\u00e4he","logistics service providers","Logistikdienstleister","market knowledge","Marktkenntnisse","Montenegro","Neu- und Gebrauchtfahrzeuge","Neustrukturierung","new and used vehicles","p\u00e9nurie de main-d'\u0153uvre","prestataires de services logistiques","production network","Produktionsnetzwerk","proximit\u00e9 client","r\u00e9gion de vente","r\u00e9seau de production","responsable de pays","restructuration","restructuring","Romania","Roumanie","Rum\u00e4nien","sales activities","Sales Director","sales region","Serbia","Serbie","Serbien","skilled labor shortage","transport industry","Transportwirtschaft","v\u00e9hicules neufs et d'occasion","Vertriebsaktivit\u00e4ten","Vertriebsregion"],"articleSection":["L'Europe","Personnes et entreprises","R\u00e9gions"],"inLanguage":"fr-FR","potentialAction":[{"@type":"CommentAction","name":"Comment","target":["https:\/\/transportjournal.com\/fr\/2026\/01\/19\/restructuration-de-la-region-de-vente-europe-centrale\/#respond"]}]},{"@type":"WebPage","@id":"https:\/\/transportjournal.com\/fr\/2026\/01\/19\/restructuration-de-la-region-de-vente-europe-centrale\/","url":"https:\/\/transportjournal.com\/fr\/2026\/01\/19\/restructuration-de-la-region-de-vente-europe-centrale\/","name":"Restructuration de la r\u00e9gion de vente Europe centrale - ITJ | International Transport Journal.","isPartOf":{"@id":"https:\/\/transportjournal.com\/fr\/#website"},"primaryImageOfPage":{"@id":"https:\/\/transportjournal.com\/fr\/2026\/01\/19\/restructuration-de-la-region-de-vente-europe-centrale\/#primaryimage"},"image":{"@id":"https:\/\/transportjournal.com\/fr\/2026\/01\/19\/restructuration-de-la-region-de-vente-europe-centrale\/#primaryimage"},"thumbnailUrl":"https:\/\/transportjournal.com\/wp-content\/uploads\/sites\/2\/2026\/01\/Schmitz-Cargobull_Vujo-Crnomarkovic_Sales-Director-Central-Europe-aspect-ratio-1400-788.jpg","datePublished":"2026-01-19T12:01:15+00:00","dateModified":"2026-01-23T11:28:24+00:00","breadcrumb":{"@id":"https:\/\/transportjournal.com\/fr\/2026\/01\/19\/restructuration-de-la-region-de-vente-europe-centrale\/#breadcrumb"},"inLanguage":"fr-FR","potentialAction":[{"@type":"ReadAction","target":["https:\/\/transportjournal.com\/fr\/2026\/01\/19\/restructuration-de-la-region-de-vente-europe-centrale\/"]}]},{"@type":"ImageObject","inLanguage":"fr-FR","@id":"https:\/\/transportjournal.com\/fr\/2026\/01\/19\/restructuration-de-la-region-de-vente-europe-centrale\/#primaryimage","url":"https:\/\/transportjournal.com\/wp-content\/uploads\/sites\/2\/2026\/01\/Schmitz-Cargobull_Vujo-Crnomarkovic_Sales-Director-Central-Europe-aspect-ratio-1400-788.jpg","contentUrl":"https:\/\/transportjournal.com\/wp-content\/uploads\/sites\/2\/2026\/01\/Schmitz-Cargobull_Vujo-Crnomarkovic_Sales-Director-Central-Europe-aspect-ratio-1400-788.jpg","width":1302,"height":732},{"@type":"BreadcrumbList","@id":"https:\/\/transportjournal.com\/fr\/2026\/01\/19\/restructuration-de-la-region-de-vente-europe-centrale\/#breadcrumb","itemListElement":[{"@type":"ListItem","position":1,"name":"Startseite","item":"https:\/\/transportjournal.com\/fr\/"},{"@type":"ListItem","position":2,"name":"Restructuration de la r\u00e9gion de vente Europe centrale"}]},{"@type":"WebSite","@id":"https:\/\/transportjournal.com\/fr\/#website","url":"https:\/\/transportjournal.com\/fr\/","name":"ITJ | International Transport Journal","description":"Restez inform\u00e9 des derni\u00e8res nouvelles mondiales dans les secteurs du transport, de la logistique et de la cha\u00eene d'approvisionnement. Transport Journal fournit des informations d'experts, des analyses et des mises \u00e0 jour sur le transport maritime, l'aviation, l'intermodalit\u00e9 et l'exp\u00e9dition. ","publisher":{"@id":"https:\/\/transportjournal.com\/fr\/#organization"},"potentialAction":[{"@type":"SearchAction","target":{"@type":"EntryPoint","urlTemplate":"https:\/\/transportjournal.com\/fr\/?s={search_term_string}"},"query-input":{"@type":"PropertyValueSpecification","valueRequired":true,"valueName":"search_term_string"}}],"inLanguage":"fr-FR"},{"@type":"Organization","@id":"https:\/\/transportjournal.com\/fr\/#organization","name":"Groupe Logismedia AG","alternateName":"Logismedia Group AG","url":"https:\/\/transportjournal.com\/fr\/","logo":{"@type":"ImageObject","inLanguage":"fr-FR","@id":"https:\/\/transportjournal.com\/fr\/#\/schema\/logo\/image\/","url":"https:\/\/transportjournal.com\/wp-content\/uploads\/sites\/2\/2025\/09\/Logo_ITJ.png","contentUrl":"https:\/\/transportjournal.com\/wp-content\/uploads\/sites\/2\/2025\/09\/Logo_ITJ.png","width":799,"height":326,"caption":"Groupe Logismedia AG"},"image":{"@id":"https:\/\/transportjournal.com\/fr\/#\/schema\/logo\/image\/"},"sameAs":["https:\/\/www.linkedin.com\/company\/56456496\/admin\/dashboard\/","https:\/\/www.instagram.com\/logismediagroup\/","https:\/\/www.youtube.com\/@LogiamediaGroupAG"]},{"@type":"Person","@id":"https:\/\/transportjournal.com\/fr\/#\/schema\/person\/cf538b3157f15afd7589245a4b3dbd25","name":"Andreas Haug","url":"https:\/\/transportjournal.com\/fr\/author\/andreas\/"}]}},"_links":{"self":[{"href":"https:\/\/transportjournal.com\/fr\/wp-json\/wp\/v2\/posts\/73467","targetHints":{"allow":["GET"]}}],"collection":[{"href":"https:\/\/transportjournal.com\/fr\/wp-json\/wp\/v2\/posts"}],"about":[{"href":"https:\/\/transportjournal.com\/fr\/wp-json\/wp\/v2\/types\/post"}],"author":[{"embeddable":true,"href":"https:\/\/transportjournal.com\/fr\/wp-json\/wp\/v2\/users\/12"}],"replies":[{"embeddable":true,"href":"https:\/\/transportjournal.com\/fr\/wp-json\/wp\/v2\/comments?post=73467"}],"version-history":[{"count":5,"href":"https:\/\/transportjournal.com\/fr\/wp-json\/wp\/v2\/posts\/73467\/revisions"}],"predecessor-version":[{"id":74215,"href":"https:\/\/transportjournal.com\/fr\/wp-json\/wp\/v2\/posts\/73467\/revisions\/74215"}],"wp:featuredmedia":[{"embeddable":true,"href":"https:\/\/transportjournal.com\/fr\/wp-json\/wp\/v2\/media\/73465"}],"wp:attachment":[{"href":"https:\/\/transportjournal.com\/fr\/wp-json\/wp\/v2\/media?parent=73467"}],"wp:term":[{"taxonomy":"category","embeddable":true,"href":"https:\/\/transportjournal.com\/fr\/wp-json\/wp\/v2\/categories?post=73467"},{"taxonomy":"post_tag","embeddable":true,"href":"https:\/\/transportjournal.com\/fr\/wp-json\/wp\/v2\/tags?post=73467"}],"curies":[{"name":"wp","href":"https:\/\/api.w.org\/{rel}","templated":true}]}}