{"id":73432,"date":"2026-01-19T11:40:46","date_gmt":"2026-01-19T11:40:46","guid":{"rendered":"https:\/\/transportjournal.com\/2026\/01\/19\/johann-ubben-nouveau-directeur-general-de-lehb\/"},"modified":"2026-01-19T12:52:12","modified_gmt":"2026-01-19T11:52:12","slug":"johann-ubben-nouveau-directeur-general-de-lehb","status":"publish","type":"post","link":"https:\/\/transportjournal.com\/fr\/2026\/01\/19\/johann-ubben-nouveau-directeur-general-de-lehb\/","title":{"rendered":"Johann Ubben nouveau directeur g\u00e9n\u00e9ral de l&rsquo;EHB"},"content":{"rendered":"<p>Johann Ubben a pris la direction de la soci\u00e9t\u00e9 d&#8217;exploitation ferroviaire et portuaire de la r\u00e9gion d&#8217;Osnabr\u00fcck (EHB) \u00e0 partir du 1er janvier 2026. Il succ\u00e8de \u00e0 Guido Giesen, qui a quitt\u00e9 l&#8217;entreprise de son propre gr\u00e9. Ubben apporte une vaste exp\u00e9rience du secteur ferroviaire acquise \u00e0 travers divers postes.<\/p>\n<p>Ubben a pr\u00e9c\u00e9demment occup\u00e9 des fonctions de direction chez ENERCON, NETINERA et la Westf\u00e4lische Landes-Eisenbahn. Derni\u00e8rement, il \u00e9tait directeur g\u00e9n\u00e9ral de plusieurs soci\u00e9t\u00e9s du groupe Captrain et a travaill\u00e9 en tant que manager int\u00e9rimaire. Ses comp\u00e9tences comprennent notamment la modernisation des parcs de locomotives, la r\u00e9activation de lignes ferroviaires ainsi que la restructuration de liaisons de transport internationales.<\/p>\n<h3>D\u00e9veloppement strat\u00e9gique du port<\/h3>\n<p>Ubben s&#8217;est exprim\u00e9 sur son nouveau r\u00f4le et a soulign\u00e9 l&#8217;importance du port d&#8217;Osnabr\u00fcck, qui dispose d&#8217;un atelier, d&#8217;infrastructures et d&#8217;op\u00e9rations ferroviaires propres. \u00ab La t\u00e2che de d\u00e9velopper le port de mani\u00e8re orient\u00e9e vers l&#8217;avenir et de l&#8217;assurer en toute s\u00e9curit\u00e9 m&#8217;enthousiasme particuli\u00e8rement \u00bb, a-t-il d\u00e9clar\u00e9. Gr\u00e2ce \u00e0 sa longue exp\u00e9rience et \u00e0 sa vision strat\u00e9gique, il va faire avancer de mani\u00e8re significative le d\u00e9veloppement des op\u00e9rations ferroviaires et portuaires dans la r\u00e9gion.<\/p>\n<p>La soci\u00e9t\u00e9 d&#8217;exploitation ferroviaire et portuaire (EHB) est une filiale \u00e0 100 % des services municipaux d&#8217;Osnabr\u00fcck. Elle est responsable de l&#8217;exploitation, de l&#8217;infrastructure ainsi que du d\u00e9veloppement du port d&#8217;Osnabr\u00fcck. Les t\u00e2ches de l&#8217;EHB incluent notamment le transbordement de marchandises entre rail et voie navigable.<\/p>\n<p>&nbsp;<\/p>\n<p><a href=\"https:\/\/www.stadtwerke-osnabrueck.de\/\" target=\"_blank\" rel=\"noopener noreferrer\">www.stadtwerke-osnabrueck.de<\/a><\/p>\n<p>&nbsp;<\/p>\n","protected":false},"excerpt":{"rendered":"<p>Johann Ubben a pris la direction de la soci\u00e9t\u00e9 d&rsquo;exploitation ferroviaire et portuaire de la r\u00e9gion d&rsquo;Osnabr\u00fcck et d\u00e9veloppera le port de mani\u00e8re tourn\u00e9e vers l&rsquo;avenir.<\/p>\n","protected":false},"author":12,"featured_media":73430,"comment_status":"open","ping_status":"open","sticky":false,"template":"","format":"standard","meta":{"_acf_changed":false,"footnotes":""},"categories":[1587,1579,1585],"tags":[6683,6684,6685,6686,6687,3739,6688,3710,3711,6689,6690,2122,6691,6692,2909,6693,3745,2075,6694,6695,6696,2133,1831,6697,6698,6699,6700,6701,3726,2925,6702,6703,2145,6704,2929,2148,6705,6706,6707,6708,2339,6709,6710],"class_list":["post-73432","post","type-post","status-publish","format-standard","has-post-thumbnail","hentry","category-leurope","category-personnes-et-entreprises","category-regions","tag-captrain-group","tag-captrain-gruppe","tag-cargo-handling-rail-waterway","tag-connexions-de-transport-internationales","tag-deutsch-eisenbahn-und-hafenbetriebsgesellschaft","tag-developpement-des-infrastructures","tag-developpement-strategique-du-port","tag-digitalisierung-im-hafen","tag-digitalization-in-ports","tag-eisenbahnbranche","tag-enercon","tag-fachkraeftemangel-logistik","tag-groupe-captrain","tag-gueterumschlag-schiene-wasserstrasse","tag-hafenbetrieb","tag-industrie-ferroviaire","tag-infrastructure-development","tag-infrastrukturentwicklung","tag-international-transport-connections","tag-internationale-verkehrsverbindungen","tag-johann-ubben","tag-logistics-service-providers","tag-logistikdienstleister","tag-manutention-de-marchandises-rail-voie-navigable","tag-modernisation-des-parcs-de-locomotives","tag-modernisierung-lokparks","tag-modernization-of-locomotive-fleets","tag-netinera","tag-numerisation-dans-les-ports","tag-operations-portuaires","tag-osnabrueck-port","tag-osnabruecker-hafen","tag-penurie-de-main-doeuvre-logistique","tag-port-dosnabrueck","tag-port-operations","tag-prestataires-de-services-logistiques","tag-railway-industry","tag-reactivation-des-lignes-ferroviaires","tag-reactivation-of-railway-lines-francais-societe-dexploitation-ferroviaire-et-portuaire","tag-reaktivierung-eisenbahnstrecken-english-rail-and-port-operating-company","tag-skills-shortage-logistics","tag-strategic-port-development","tag-strategische-weiterentwicklung-hafen"],"acf":[],"yoast_head":"<!-- This site is optimized with the Yoast SEO plugin v27.3 - https:\/\/yoast.com\/product\/yoast-seo-wordpress\/ -->\n<title>Johann Ubben nouveau directeur g\u00e9n\u00e9ral de l&#039;EHB - ITJ | International Transport Journal.<\/title>\n<meta name=\"robots\" content=\"index, follow, max-snippet:-1, max-image-preview:large, max-video-preview:-1\" \/>\n<link rel=\"canonical\" href=\"https:\/\/transportjournal.com\/fr\/2026\/01\/19\/johann-ubben-nouveau-directeur-general-de-lehb\/\" \/>\n<meta property=\"og:locale\" content=\"fr_FR\" \/>\n<meta property=\"og:type\" content=\"article\" \/>\n<meta property=\"og:title\" content=\"Johann Ubben nouveau directeur g\u00e9n\u00e9ral de l&#039;EHB - ITJ | International Transport Journal.\" \/>\n<meta property=\"og:description\" content=\"Johann Ubben a pris la direction de la soci\u00e9t\u00e9 d&#039;exploitation ferroviaire et portuaire de la r\u00e9gion d&#039;Osnabr\u00fcck et d\u00e9veloppera le port de mani\u00e8re tourn\u00e9e vers l&#039;avenir.\" \/>\n<meta property=\"og:url\" content=\"https:\/\/transportjournal.com\/fr\/2026\/01\/19\/johann-ubben-nouveau-directeur-general-de-lehb\/\" \/>\n<meta property=\"og:site_name\" content=\"ITJ | International Transport Journal\" \/>\n<meta property=\"article:published_time\" content=\"2026-01-19T11:40:46+00:00\" \/>\n<meta property=\"article:modified_time\" content=\"2026-01-19T11:52:12+00:00\" \/>\n<meta property=\"og:image\" content=\"https:\/\/transportjournal.com\/wp-content\/uploads\/sites\/2\/2026\/01\/EHB-johann.ubben_-aspect-ratio-1400-788.webp\" \/>\n\t<meta property=\"og:image:width\" content=\"560\" \/>\n\t<meta property=\"og:image:height\" content=\"315\" \/>\n\t<meta property=\"og:image:type\" content=\"image\/webp\" \/>\n<meta name=\"author\" content=\"Andreas Haug\" \/>\n<meta name=\"twitter:card\" content=\"summary_large_image\" \/>\n<meta name=\"twitter:label1\" content=\"\u00c9crit par\" \/>\n\t<meta name=\"twitter:data1\" content=\"Andreas Haug\" \/>\n\t<meta name=\"twitter:label2\" content=\"Dur\u00e9e de lecture estim\u00e9e\" \/>\n\t<meta name=\"twitter:data2\" content=\"1 minute\" \/>\n<script type=\"application\/ld+json\" class=\"yoast-schema-graph\">{\"@context\":\"https:\\\/\\\/schema.org\",\"@graph\":[{\"@type\":\"Article\",\"@id\":\"https:\\\/\\\/transportjournal.com\\\/fr\\\/2026\\\/01\\\/19\\\/johann-ubben-nouveau-directeur-general-de-lehb\\\/#article\",\"isPartOf\":{\"@id\":\"https:\\\/\\\/transportjournal.com\\\/fr\\\/2026\\\/01\\\/19\\\/johann-ubben-nouveau-directeur-general-de-lehb\\\/\"},\"author\":{\"name\":\"Andreas Haug\",\"@id\":\"https:\\\/\\\/transportjournal.com\\\/fr\\\/#\\\/schema\\\/person\\\/cf538b3157f15afd7589245a4b3dbd25\"},\"headline\":\"Johann Ubben nouveau directeur g\u00e9n\u00e9ral de l&rsquo;EHB\",\"datePublished\":\"2026-01-19T11:40:46+00:00\",\"dateModified\":\"2026-01-19T11:52:12+00:00\",\"mainEntityOfPage\":{\"@id\":\"https:\\\/\\\/transportjournal.com\\\/fr\\\/2026\\\/01\\\/19\\\/johann-ubben-nouveau-directeur-general-de-lehb\\\/\"},\"wordCount\":293,\"commentCount\":0,\"publisher\":{\"@id\":\"https:\\\/\\\/transportjournal.com\\\/fr\\\/#organization\"},\"image\":{\"@id\":\"https:\\\/\\\/transportjournal.com\\\/fr\\\/2026\\\/01\\\/19\\\/johann-ubben-nouveau-directeur-general-de-lehb\\\/#primaryimage\"},\"thumbnailUrl\":\"https:\\\/\\\/transportjournal.com\\\/wp-content\\\/uploads\\\/sites\\\/2\\\/2026\\\/01\\\/EHB-johann.ubben_-aspect-ratio-1400-788.webp\",\"keywords\":[\"Captrain Group\",\"Captrain-Gruppe\",\"cargo handling rail waterway\",\"connexions de transport internationales\",\"Deutsch Eisenbahn- und Hafenbetriebsgesellschaft\",\"d\u00e9veloppement des infrastructures\",\"d\u00e9veloppement strat\u00e9gique du port\",\"Digitalisierung im Hafen\",\"digitalization in ports\",\"Eisenbahnbranche\",\"ENERCON\",\"Fachkr\u00e4ftemangel Logistik\",\"groupe Captrain\",\"G\u00fcterumschlag Schiene Wasserstra\u00dfe\",\"Hafenbetrieb\",\"industrie ferroviaire\",\"infrastructure development\",\"Infrastrukturentwicklung\",\"international transport connections\",\"internationale Verkehrsverbindungen\",\"Johann Ubben\",\"logistics service providers\",\"Logistikdienstleister\",\"manutention de marchandises rail voie navigable\",\"modernisation des parcs de locomotives\",\"Modernisierung Lokparks\",\"modernization of locomotive fleets\",\"NETINERA\",\"num\u00e9risation dans les ports\",\"op\u00e9rations portuaires\",\"Osnabr\u00fcck Port\",\"Osnabr\u00fccker Hafen\",\"p\u00e9nurie de main-d'\u0153uvre logistique\",\"port d'Osnabr\u00fcck\",\"port operations\",\"prestataires de services logistiques\",\"railway industry\",\"r\u00e9activation des lignes ferroviaires\",\"reactivation of railway lines Fran\u00e7ais Soci\u00e9t\u00e9 d'exploitation ferroviaire et portuaire\",\"Reaktivierung Eisenbahnstrecken English Rail and Port Operating Company\",\"skills shortage logistics\",\"strategic port development\",\"strategische Weiterentwicklung Hafen\"],\"articleSection\":[\"L'Europe\",\"Personnes et entreprises\",\"R\u00e9gions\"],\"inLanguage\":\"fr-FR\",\"potentialAction\":[{\"@type\":\"CommentAction\",\"name\":\"Comment\",\"target\":[\"https:\\\/\\\/transportjournal.com\\\/fr\\\/2026\\\/01\\\/19\\\/johann-ubben-nouveau-directeur-general-de-lehb\\\/#respond\"]}]},{\"@type\":\"WebPage\",\"@id\":\"https:\\\/\\\/transportjournal.com\\\/fr\\\/2026\\\/01\\\/19\\\/johann-ubben-nouveau-directeur-general-de-lehb\\\/\",\"url\":\"https:\\\/\\\/transportjournal.com\\\/fr\\\/2026\\\/01\\\/19\\\/johann-ubben-nouveau-directeur-general-de-lehb\\\/\",\"name\":\"Johann Ubben nouveau directeur g\u00e9n\u00e9ral de l'EHB - ITJ | International Transport Journal.\",\"isPartOf\":{\"@id\":\"https:\\\/\\\/transportjournal.com\\\/fr\\\/#website\"},\"primaryImageOfPage\":{\"@id\":\"https:\\\/\\\/transportjournal.com\\\/fr\\\/2026\\\/01\\\/19\\\/johann-ubben-nouveau-directeur-general-de-lehb\\\/#primaryimage\"},\"image\":{\"@id\":\"https:\\\/\\\/transportjournal.com\\\/fr\\\/2026\\\/01\\\/19\\\/johann-ubben-nouveau-directeur-general-de-lehb\\\/#primaryimage\"},\"thumbnailUrl\":\"https:\\\/\\\/transportjournal.com\\\/wp-content\\\/uploads\\\/sites\\\/2\\\/2026\\\/01\\\/EHB-johann.ubben_-aspect-ratio-1400-788.webp\",\"datePublished\":\"2026-01-19T11:40:46+00:00\",\"dateModified\":\"2026-01-19T11:52:12+00:00\",\"breadcrumb\":{\"@id\":\"https:\\\/\\\/transportjournal.com\\\/fr\\\/2026\\\/01\\\/19\\\/johann-ubben-nouveau-directeur-general-de-lehb\\\/#breadcrumb\"},\"inLanguage\":\"fr-FR\",\"potentialAction\":[{\"@type\":\"ReadAction\",\"target\":[\"https:\\\/\\\/transportjournal.com\\\/fr\\\/2026\\\/01\\\/19\\\/johann-ubben-nouveau-directeur-general-de-lehb\\\/\"]}]},{\"@type\":\"ImageObject\",\"inLanguage\":\"fr-FR\",\"@id\":\"https:\\\/\\\/transportjournal.com\\\/fr\\\/2026\\\/01\\\/19\\\/johann-ubben-nouveau-directeur-general-de-lehb\\\/#primaryimage\",\"url\":\"https:\\\/\\\/transportjournal.com\\\/wp-content\\\/uploads\\\/sites\\\/2\\\/2026\\\/01\\\/EHB-johann.ubben_-aspect-ratio-1400-788.webp\",\"contentUrl\":\"https:\\\/\\\/transportjournal.com\\\/wp-content\\\/uploads\\\/sites\\\/2\\\/2026\\\/01\\\/EHB-johann.ubben_-aspect-ratio-1400-788.webp\",\"width\":560,\"height\":315},{\"@type\":\"BreadcrumbList\",\"@id\":\"https:\\\/\\\/transportjournal.com\\\/fr\\\/2026\\\/01\\\/19\\\/johann-ubben-nouveau-directeur-general-de-lehb\\\/#breadcrumb\",\"itemListElement\":[{\"@type\":\"ListItem\",\"position\":1,\"name\":\"Startseite\",\"item\":\"https:\\\/\\\/transportjournal.com\\\/fr\\\/\"},{\"@type\":\"ListItem\",\"position\":2,\"name\":\"Johann Ubben nouveau directeur g\u00e9n\u00e9ral de l&rsquo;EHB\"}]},{\"@type\":\"WebSite\",\"@id\":\"https:\\\/\\\/transportjournal.com\\\/fr\\\/#website\",\"url\":\"https:\\\/\\\/transportjournal.com\\\/fr\\\/\",\"name\":\"ITJ | International Transport Journal\",\"description\":\"Restez inform\u00e9 des derni\u00e8res nouvelles mondiales dans les secteurs du transport, de la logistique et de la cha\u00eene d'approvisionnement. Transport Journal fournit des informations d'experts, des analyses et des mises \u00e0 jour sur le transport maritime, l'aviation, l'intermodalit\u00e9 et l'exp\u00e9dition. \",\"publisher\":{\"@id\":\"https:\\\/\\\/transportjournal.com\\\/fr\\\/#organization\"},\"potentialAction\":[{\"@type\":\"SearchAction\",\"target\":{\"@type\":\"EntryPoint\",\"urlTemplate\":\"https:\\\/\\\/transportjournal.com\\\/fr\\\/?s={search_term_string}\"},\"query-input\":{\"@type\":\"PropertyValueSpecification\",\"valueRequired\":true,\"valueName\":\"search_term_string\"}}],\"inLanguage\":\"fr-FR\"},{\"@type\":\"Organization\",\"@id\":\"https:\\\/\\\/transportjournal.com\\\/fr\\\/#organization\",\"name\":\"Groupe Logismedia AG\",\"alternateName\":\"Logismedia Group AG\",\"url\":\"https:\\\/\\\/transportjournal.com\\\/fr\\\/\",\"logo\":{\"@type\":\"ImageObject\",\"inLanguage\":\"fr-FR\",\"@id\":\"https:\\\/\\\/transportjournal.com\\\/fr\\\/#\\\/schema\\\/logo\\\/image\\\/\",\"url\":\"https:\\\/\\\/transportjournal.com\\\/wp-content\\\/uploads\\\/sites\\\/2\\\/2025\\\/09\\\/Logo_ITJ.png\",\"contentUrl\":\"https:\\\/\\\/transportjournal.com\\\/wp-content\\\/uploads\\\/sites\\\/2\\\/2025\\\/09\\\/Logo_ITJ.png\",\"width\":799,\"height\":326,\"caption\":\"Groupe Logismedia AG\"},\"image\":{\"@id\":\"https:\\\/\\\/transportjournal.com\\\/fr\\\/#\\\/schema\\\/logo\\\/image\\\/\"},\"sameAs\":[\"https:\\\/\\\/www.linkedin.com\\\/company\\\/56456496\\\/admin\\\/dashboard\\\/\",\"https:\\\/\\\/www.instagram.com\\\/logismediagroup\\\/\",\"https:\\\/\\\/www.youtube.com\\\/@LogiamediaGroupAG\"]},{\"@type\":\"Person\",\"@id\":\"https:\\\/\\\/transportjournal.com\\\/fr\\\/#\\\/schema\\\/person\\\/cf538b3157f15afd7589245a4b3dbd25\",\"name\":\"Andreas Haug\",\"url\":\"https:\\\/\\\/transportjournal.com\\\/fr\\\/author\\\/andreas\\\/\"}]}<\/script>\n<!-- \/ Yoast SEO plugin. -->","yoast_head_json":{"title":"Johann Ubben nouveau directeur g\u00e9n\u00e9ral de l'EHB - ITJ | International Transport Journal.","robots":{"index":"index","follow":"follow","max-snippet":"max-snippet:-1","max-image-preview":"max-image-preview:large","max-video-preview":"max-video-preview:-1"},"canonical":"https:\/\/transportjournal.com\/fr\/2026\/01\/19\/johann-ubben-nouveau-directeur-general-de-lehb\/","og_locale":"fr_FR","og_type":"article","og_title":"Johann Ubben nouveau directeur g\u00e9n\u00e9ral de l'EHB - ITJ | International Transport Journal.","og_description":"Johann Ubben a pris la direction de la soci\u00e9t\u00e9 d'exploitation ferroviaire et portuaire de la r\u00e9gion d'Osnabr\u00fcck et d\u00e9veloppera le port de mani\u00e8re tourn\u00e9e vers l'avenir.","og_url":"https:\/\/transportjournal.com\/fr\/2026\/01\/19\/johann-ubben-nouveau-directeur-general-de-lehb\/","og_site_name":"ITJ | International Transport Journal","article_published_time":"2026-01-19T11:40:46+00:00","article_modified_time":"2026-01-19T11:52:12+00:00","og_image":[{"width":560,"height":315,"url":"https:\/\/transportjournal.com\/wp-content\/uploads\/sites\/2\/2026\/01\/EHB-johann.ubben_-aspect-ratio-1400-788.webp","type":"image\/webp"}],"author":"Andreas Haug","twitter_card":"summary_large_image","twitter_misc":{"\u00c9crit par":"Andreas Haug","Dur\u00e9e de lecture estim\u00e9e":"1 minute"},"schema":{"@context":"https:\/\/schema.org","@graph":[{"@type":"Article","@id":"https:\/\/transportjournal.com\/fr\/2026\/01\/19\/johann-ubben-nouveau-directeur-general-de-lehb\/#article","isPartOf":{"@id":"https:\/\/transportjournal.com\/fr\/2026\/01\/19\/johann-ubben-nouveau-directeur-general-de-lehb\/"},"author":{"name":"Andreas Haug","@id":"https:\/\/transportjournal.com\/fr\/#\/schema\/person\/cf538b3157f15afd7589245a4b3dbd25"},"headline":"Johann Ubben nouveau directeur g\u00e9n\u00e9ral de l&rsquo;EHB","datePublished":"2026-01-19T11:40:46+00:00","dateModified":"2026-01-19T11:52:12+00:00","mainEntityOfPage":{"@id":"https:\/\/transportjournal.com\/fr\/2026\/01\/19\/johann-ubben-nouveau-directeur-general-de-lehb\/"},"wordCount":293,"commentCount":0,"publisher":{"@id":"https:\/\/transportjournal.com\/fr\/#organization"},"image":{"@id":"https:\/\/transportjournal.com\/fr\/2026\/01\/19\/johann-ubben-nouveau-directeur-general-de-lehb\/#primaryimage"},"thumbnailUrl":"https:\/\/transportjournal.com\/wp-content\/uploads\/sites\/2\/2026\/01\/EHB-johann.ubben_-aspect-ratio-1400-788.webp","keywords":["Captrain Group","Captrain-Gruppe","cargo handling rail waterway","connexions de transport internationales","Deutsch Eisenbahn- und Hafenbetriebsgesellschaft","d\u00e9veloppement des infrastructures","d\u00e9veloppement strat\u00e9gique du port","Digitalisierung im Hafen","digitalization in ports","Eisenbahnbranche","ENERCON","Fachkr\u00e4ftemangel Logistik","groupe Captrain","G\u00fcterumschlag Schiene Wasserstra\u00dfe","Hafenbetrieb","industrie ferroviaire","infrastructure development","Infrastrukturentwicklung","international transport connections","internationale Verkehrsverbindungen","Johann Ubben","logistics service providers","Logistikdienstleister","manutention de marchandises rail voie navigable","modernisation des parcs de locomotives","Modernisierung Lokparks","modernization of locomotive fleets","NETINERA","num\u00e9risation dans les ports","op\u00e9rations portuaires","Osnabr\u00fcck Port","Osnabr\u00fccker Hafen","p\u00e9nurie de main-d'\u0153uvre logistique","port d'Osnabr\u00fcck","port operations","prestataires de services logistiques","railway industry","r\u00e9activation des lignes ferroviaires","reactivation of railway lines Fran\u00e7ais Soci\u00e9t\u00e9 d'exploitation ferroviaire et portuaire","Reaktivierung Eisenbahnstrecken English Rail and Port Operating Company","skills shortage logistics","strategic port development","strategische Weiterentwicklung Hafen"],"articleSection":["L'Europe","Personnes et entreprises","R\u00e9gions"],"inLanguage":"fr-FR","potentialAction":[{"@type":"CommentAction","name":"Comment","target":["https:\/\/transportjournal.com\/fr\/2026\/01\/19\/johann-ubben-nouveau-directeur-general-de-lehb\/#respond"]}]},{"@type":"WebPage","@id":"https:\/\/transportjournal.com\/fr\/2026\/01\/19\/johann-ubben-nouveau-directeur-general-de-lehb\/","url":"https:\/\/transportjournal.com\/fr\/2026\/01\/19\/johann-ubben-nouveau-directeur-general-de-lehb\/","name":"Johann Ubben nouveau directeur g\u00e9n\u00e9ral de l'EHB - ITJ | International Transport Journal.","isPartOf":{"@id":"https:\/\/transportjournal.com\/fr\/#website"},"primaryImageOfPage":{"@id":"https:\/\/transportjournal.com\/fr\/2026\/01\/19\/johann-ubben-nouveau-directeur-general-de-lehb\/#primaryimage"},"image":{"@id":"https:\/\/transportjournal.com\/fr\/2026\/01\/19\/johann-ubben-nouveau-directeur-general-de-lehb\/#primaryimage"},"thumbnailUrl":"https:\/\/transportjournal.com\/wp-content\/uploads\/sites\/2\/2026\/01\/EHB-johann.ubben_-aspect-ratio-1400-788.webp","datePublished":"2026-01-19T11:40:46+00:00","dateModified":"2026-01-19T11:52:12+00:00","breadcrumb":{"@id":"https:\/\/transportjournal.com\/fr\/2026\/01\/19\/johann-ubben-nouveau-directeur-general-de-lehb\/#breadcrumb"},"inLanguage":"fr-FR","potentialAction":[{"@type":"ReadAction","target":["https:\/\/transportjournal.com\/fr\/2026\/01\/19\/johann-ubben-nouveau-directeur-general-de-lehb\/"]}]},{"@type":"ImageObject","inLanguage":"fr-FR","@id":"https:\/\/transportjournal.com\/fr\/2026\/01\/19\/johann-ubben-nouveau-directeur-general-de-lehb\/#primaryimage","url":"https:\/\/transportjournal.com\/wp-content\/uploads\/sites\/2\/2026\/01\/EHB-johann.ubben_-aspect-ratio-1400-788.webp","contentUrl":"https:\/\/transportjournal.com\/wp-content\/uploads\/sites\/2\/2026\/01\/EHB-johann.ubben_-aspect-ratio-1400-788.webp","width":560,"height":315},{"@type":"BreadcrumbList","@id":"https:\/\/transportjournal.com\/fr\/2026\/01\/19\/johann-ubben-nouveau-directeur-general-de-lehb\/#breadcrumb","itemListElement":[{"@type":"ListItem","position":1,"name":"Startseite","item":"https:\/\/transportjournal.com\/fr\/"},{"@type":"ListItem","position":2,"name":"Johann Ubben nouveau directeur g\u00e9n\u00e9ral de l&rsquo;EHB"}]},{"@type":"WebSite","@id":"https:\/\/transportjournal.com\/fr\/#website","url":"https:\/\/transportjournal.com\/fr\/","name":"ITJ | International Transport Journal","description":"Restez inform\u00e9 des derni\u00e8res nouvelles mondiales dans les secteurs du transport, de la logistique et de la cha\u00eene d'approvisionnement. Transport Journal fournit des informations d'experts, des analyses et des mises \u00e0 jour sur le transport maritime, l'aviation, l'intermodalit\u00e9 et l'exp\u00e9dition. ","publisher":{"@id":"https:\/\/transportjournal.com\/fr\/#organization"},"potentialAction":[{"@type":"SearchAction","target":{"@type":"EntryPoint","urlTemplate":"https:\/\/transportjournal.com\/fr\/?s={search_term_string}"},"query-input":{"@type":"PropertyValueSpecification","valueRequired":true,"valueName":"search_term_string"}}],"inLanguage":"fr-FR"},{"@type":"Organization","@id":"https:\/\/transportjournal.com\/fr\/#organization","name":"Groupe Logismedia AG","alternateName":"Logismedia Group AG","url":"https:\/\/transportjournal.com\/fr\/","logo":{"@type":"ImageObject","inLanguage":"fr-FR","@id":"https:\/\/transportjournal.com\/fr\/#\/schema\/logo\/image\/","url":"https:\/\/transportjournal.com\/wp-content\/uploads\/sites\/2\/2025\/09\/Logo_ITJ.png","contentUrl":"https:\/\/transportjournal.com\/wp-content\/uploads\/sites\/2\/2025\/09\/Logo_ITJ.png","width":799,"height":326,"caption":"Groupe Logismedia AG"},"image":{"@id":"https:\/\/transportjournal.com\/fr\/#\/schema\/logo\/image\/"},"sameAs":["https:\/\/www.linkedin.com\/company\/56456496\/admin\/dashboard\/","https:\/\/www.instagram.com\/logismediagroup\/","https:\/\/www.youtube.com\/@LogiamediaGroupAG"]},{"@type":"Person","@id":"https:\/\/transportjournal.com\/fr\/#\/schema\/person\/cf538b3157f15afd7589245a4b3dbd25","name":"Andreas Haug","url":"https:\/\/transportjournal.com\/fr\/author\/andreas\/"}]}},"_links":{"self":[{"href":"https:\/\/transportjournal.com\/fr\/wp-json\/wp\/v2\/posts\/73432","targetHints":{"allow":["GET"]}}],"collection":[{"href":"https:\/\/transportjournal.com\/fr\/wp-json\/wp\/v2\/posts"}],"about":[{"href":"https:\/\/transportjournal.com\/fr\/wp-json\/wp\/v2\/types\/post"}],"author":[{"embeddable":true,"href":"https:\/\/transportjournal.com\/fr\/wp-json\/wp\/v2\/users\/12"}],"replies":[{"embeddable":true,"href":"https:\/\/transportjournal.com\/fr\/wp-json\/wp\/v2\/comments?post=73432"}],"version-history":[{"count":4,"href":"https:\/\/transportjournal.com\/fr\/wp-json\/wp\/v2\/posts\/73432\/revisions"}],"predecessor-version":[{"id":73459,"href":"https:\/\/transportjournal.com\/fr\/wp-json\/wp\/v2\/posts\/73432\/revisions\/73459"}],"wp:featuredmedia":[{"embeddable":true,"href":"https:\/\/transportjournal.com\/fr\/wp-json\/wp\/v2\/media\/73430"}],"wp:attachment":[{"href":"https:\/\/transportjournal.com\/fr\/wp-json\/wp\/v2\/media?parent=73432"}],"wp:term":[{"taxonomy":"category","embeddable":true,"href":"https:\/\/transportjournal.com\/fr\/wp-json\/wp\/v2\/categories?post=73432"},{"taxonomy":"post_tag","embeddable":true,"href":"https:\/\/transportjournal.com\/fr\/wp-json\/wp\/v2\/tags?post=73432"}],"curies":[{"name":"wp","href":"https:\/\/api.w.org\/{rel}","templated":true}]}}