{"id":73401,"date":"2026-01-19T09:40:06","date_gmt":"2026-01-19T09:40:06","guid":{"rendered":"https:\/\/transportjournal.com\/2026\/01\/19\/fs-logistix-prend-en-charge-les-services-de-manoeuvre-a-anvers\/"},"modified":"2026-01-19T11:45:36","modified_gmt":"2026-01-19T10:45:36","slug":"fs-logistix-prend-en-charge-les-services-de-manoeuvre-a-anvers","status":"publish","type":"post","link":"https:\/\/transportjournal.com\/fr\/2026\/01\/19\/fs-logistix-prend-en-charge-les-services-de-manoeuvre-a-anvers\/","title":{"rendered":"FS Logistix prend en charge les services de man\u0153uvre \u00e0 Anvers"},"content":{"rendered":"<p>FS Logistix prendra en charge les services de man\u0153uvre au port d&#8217;Anvers. Cela se fera par l&#8217;interm\u00e9diaire de HSL Belgium, une entreprise de TX Logistik. Le contrat comprend l&#8217;ex\u00e9cution du premier et du dernier kilom\u00e8tre dans la zone 6A (Marshalldok) du site portuaire d&#8217;Anvers. L&#8217;attribution du contrat compl\u00e8te la r\u00e9cente acquisition de 30 pour cent des parts de l&#8217;exploitation du terminal Mainhub \u00e0 Anvers par FS Logistix. Ce partenariat avec Lineas vise \u00e0 g\u00e9rer le trafic commercial entre la Belgique et l&#8217;Italie, comme l&#8217;indique l&#8217;entreprise.<\/p>\n<p>Les initiatives sont orient\u00e9es vers l&#8217;am\u00e9lioration de l&#8217;efficacit\u00e9 et de la connectivit\u00e9 des services de fret ferroviaire en Belgique sur d&#8217;importantes routes europ\u00e9ennes. &#8222;Nous poursuivons notre chemin d&#8217;internationalisation pour devenir le leader europ\u00e9en dans le domaine de la logistique int\u00e9gr\u00e9e&#8220;, d\u00e9clare Sabrina De Filippis, PDG de FS Logistix.<\/p>\n<p><a href=\"https:\/\/www.fslogistix.com\/\" target=\"_blank\" rel=\"noopener noreferrer\">www.fslogistix.com<\/a><\/p>\n","protected":false},"excerpt":{"rendered":"<p>FS Logistix prend en charge les services de man\u0153uvre au port d&rsquo;Anvers afin d&rsquo;am\u00e9liorer l&rsquo;efficacit\u00e9 des services de fret ferroviaire.<\/p>\n","protected":false},"author":10,"featured_media":73399,"comment_status":"open","ping_status":"open","sticky":false,"template":"","format":"standard","meta":{"_acf_changed":false,"footnotes":""},"categories":[1580,1587],"tags":[6557,5247,6558,2115,4521,2309,6559,6560,5249,5250,2122,6561,6562,2856,6563,6564,2125,6565,6458,6459,2279,2280,6566,2373,6567,6568,6569,6570,6460,2282,6571,6572,3725,3157,2865,6573,2145,6574,2868,6575,6576,6577,6578,6579,6580,6581,3735,6582,6583,2155,1837,6584,6585],"class_list":["post-73401","post","type-post","status-publish","format-standard","has-post-thumbnail","hentry","category-intermodal-route","category-leurope","tag-commercial-traffic-belgium-italy","tag-corridors-de-transport-europeens","tag-deutsch-rangierdienste-antwerpen","tag-digitalisierung-in-der-logistik","tag-digitization-in-logistics","tag-durabilite-dans-le-transport","tag-efficacite-du-fret-ferroviaire","tag-effizienz-schienengueterdienste","tag-europaeische-transportkorridore","tag-european-transport-corridors","tag-fachkraeftemangel-logistik","tag-fret-ferroviaire-belgique","tag-fs-logistix","tag-hafenbetrieb-antwerpen","tag-hafeninfrastruktur-antwerpen","tag-hsl-belgium","tag-industrie-du-transport","tag-infrastructure-portuaire-anvers","tag-integrated-logistics","tag-integrierte-logistik","tag-international-logistics","tag-internationale-logistik","tag-kommerzieller-verkehr-belgien-italien","tag-labor-shortage-logistics","tag-logistics-partnerships-francais-services-de-manoeuvre-anvers","tag-logistics-service-providers-europe","tag-logistikdienstleister-europa","tag-logistikpartnerschaften-english-shunting-services-antwerp","tag-logistique-integree","tag-logistique-internationale","tag-mainhub-terminal-antwerp","tag-mainhub-terminal-antwerpen","tag-nachhaltigkeit-im-transport","tag-numerisation-dans-la-logistique","tag-operations-portuaires-anvers","tag-partenariats-logistiques","tag-penurie-de-main-doeuvre-logistique","tag-port-infrastructure-antwerp","tag-port-operations-antwerp","tag-prestataires-de-services-logistiques-europe","tag-rail-freight-belgium","tag-rail-freight-efficiency","tag-rail-network-europe","tag-reseau-ferroviaire-europe","tag-schienengueterverkehr-belgien","tag-schienenverkehrsnetz-europa","tag-sustainability-in-transport","tag-terminal-mainhub-anvers","tag-trafic-commercial-belgique-italie","tag-transport-industry","tag-transportwirtschaft","tag-tx-logistics","tag-tx-logistik"],"acf":[],"yoast_head":"<!-- This site is optimized with the Yoast SEO plugin v27.3 - https:\/\/yoast.com\/product\/yoast-seo-wordpress\/ -->\n<title>FS Logistix prend en charge les services de man\u0153uvre \u00e0 Anvers - ITJ | International Transport Journal.<\/title>\n<meta name=\"robots\" content=\"index, follow, max-snippet:-1, max-image-preview:large, max-video-preview:-1\" \/>\n<link rel=\"canonical\" href=\"https:\/\/transportjournal.com\/fr\/2026\/01\/19\/fs-logistix-prend-en-charge-les-services-de-manoeuvre-a-anvers\/\" \/>\n<meta property=\"og:locale\" content=\"fr_FR\" \/>\n<meta property=\"og:type\" content=\"article\" \/>\n<meta property=\"og:title\" content=\"FS Logistix prend en charge les services de man\u0153uvre \u00e0 Anvers - ITJ | International Transport Journal.\" \/>\n<meta property=\"og:description\" content=\"FS Logistix prend en charge les services de man\u0153uvre au port d&#039;Anvers afin d&#039;am\u00e9liorer l&#039;efficacit\u00e9 des services de fret ferroviaire.\" \/>\n<meta property=\"og:url\" content=\"https:\/\/transportjournal.com\/fr\/2026\/01\/19\/fs-logistix-prend-en-charge-les-services-de-manoeuvre-a-anvers\/\" \/>\n<meta property=\"og:site_name\" content=\"ITJ | International Transport Journal\" \/>\n<meta property=\"article:published_time\" content=\"2026-01-19T09:40:06+00:00\" \/>\n<meta property=\"article:modified_time\" content=\"2026-01-19T10:45:36+00:00\" \/>\n<meta property=\"og:image\" content=\"https:\/\/transportjournal.com\/wp-content\/uploads\/sites\/2\/2026\/01\/HSL-Belgium_zone-6A_DE18-hybrid-locomotive_The-Lion_\u00a9Henk-Zwoferink-aspect-ratio-1400-788.jpg\" \/>\n\t<meta property=\"og:image:width\" content=\"1492\" \/>\n\t<meta property=\"og:image:height\" content=\"839\" \/>\n\t<meta property=\"og:image:type\" content=\"image\/jpeg\" \/>\n<meta name=\"author\" content=\"Jeremy Soland\" \/>\n<meta name=\"twitter:card\" content=\"summary_large_image\" \/>\n<meta name=\"twitter:label1\" content=\"\u00c9crit par\" \/>\n\t<meta name=\"twitter:data1\" content=\"Jeremy Soland\" \/>\n\t<meta name=\"twitter:label2\" content=\"Dur\u00e9e de lecture estim\u00e9e\" \/>\n\t<meta name=\"twitter:data2\" content=\"1 minute\" \/>\n<script type=\"application\/ld+json\" class=\"yoast-schema-graph\">{\"@context\":\"https:\\\/\\\/schema.org\",\"@graph\":[{\"@type\":\"Article\",\"@id\":\"https:\\\/\\\/transportjournal.com\\\/fr\\\/2026\\\/01\\\/19\\\/fs-logistix-prend-en-charge-les-services-de-manoeuvre-a-anvers\\\/#article\",\"isPartOf\":{\"@id\":\"https:\\\/\\\/transportjournal.com\\\/fr\\\/2026\\\/01\\\/19\\\/fs-logistix-prend-en-charge-les-services-de-manoeuvre-a-anvers\\\/\"},\"author\":{\"name\":\"Jeremy Soland\",\"@id\":\"https:\\\/\\\/transportjournal.com\\\/fr\\\/#\\\/schema\\\/person\\\/41d36b5474b623392fa613e97e2363fa\"},\"headline\":\"FS Logistix prend en charge les services de man\u0153uvre \u00e0 Anvers\",\"datePublished\":\"2026-01-19T09:40:06+00:00\",\"dateModified\":\"2026-01-19T10:45:36+00:00\",\"mainEntityOfPage\":{\"@id\":\"https:\\\/\\\/transportjournal.com\\\/fr\\\/2026\\\/01\\\/19\\\/fs-logistix-prend-en-charge-les-services-de-manoeuvre-a-anvers\\\/\"},\"wordCount\":171,\"commentCount\":0,\"publisher\":{\"@id\":\"https:\\\/\\\/transportjournal.com\\\/fr\\\/#organization\"},\"image\":{\"@id\":\"https:\\\/\\\/transportjournal.com\\\/fr\\\/2026\\\/01\\\/19\\\/fs-logistix-prend-en-charge-les-services-de-manoeuvre-a-anvers\\\/#primaryimage\"},\"thumbnailUrl\":\"https:\\\/\\\/transportjournal.com\\\/wp-content\\\/uploads\\\/sites\\\/2\\\/2026\\\/01\\\/HSL-Belgium_zone-6A_DE18-hybrid-locomotive_The-Lion_\u00a9Henk-Zwoferink-aspect-ratio-1400-788.jpg\",\"keywords\":[\"commercial traffic Belgium Italy\",\"corridors de transport europ\u00e9ens\",\"Deutsch Rangierdienste Antwerpen\",\"Digitalisierung in der Logistik\",\"digitization in logistics\",\"durabilit\u00e9 dans le transport\",\"efficacit\u00e9 du fret ferroviaire\",\"Effizienz Schieneng\u00fcterdienste\",\"europ\u00e4ische Transportkorridore\",\"European transport corridors\",\"Fachkr\u00e4ftemangel Logistik\",\"fret ferroviaire Belgique\",\"FS Logistix\",\"Hafenbetrieb Antwerpen\",\"Hafeninfrastruktur Antwerpen\",\"HSL Belgium\",\"industrie du transport\",\"infrastructure portuaire Anvers\",\"integrated logistics\",\"integrierte Logistik\",\"international logistics\",\"internationale Logistik\",\"kommerzieller Verkehr Belgien Italien\",\"labor shortage logistics\",\"logistics partnerships Fran\u00e7ais services de man\u0153uvre Anvers\",\"logistics service providers Europe\",\"Logistikdienstleister Europa\",\"Logistikpartnerschaften English shunting services Antwerp\",\"logistique int\u00e9gr\u00e9e\",\"logistique internationale\",\"Mainhub terminal Antwerp\",\"Mainhub-Terminal Antwerpen\",\"Nachhaltigkeit im Transport\",\"num\u00e9risation dans la logistique\",\"op\u00e9rations portuaires Anvers\",\"partenariats logistiques\",\"p\u00e9nurie de main-d'\u0153uvre logistique\",\"port infrastructure Antwerp\",\"port operations Antwerp\",\"prestataires de services logistiques Europe\",\"rail freight Belgium\",\"rail freight efficiency\",\"rail network Europe\",\"r\u00e9seau ferroviaire Europe\",\"Schieneng\u00fcterverkehr Belgien\",\"Schienenverkehrsnetz Europa\",\"sustainability in transport\",\"terminal Mainhub Anvers\",\"trafic commercial Belgique Italie\",\"transport industry\",\"Transportwirtschaft\",\"TX Logistics\",\"TX Logistik\"],\"articleSection\":[\"Intermodal \\\/ Route\",\"L'Europe\"],\"inLanguage\":\"fr-FR\",\"potentialAction\":[{\"@type\":\"CommentAction\",\"name\":\"Comment\",\"target\":[\"https:\\\/\\\/transportjournal.com\\\/fr\\\/2026\\\/01\\\/19\\\/fs-logistix-prend-en-charge-les-services-de-manoeuvre-a-anvers\\\/#respond\"]}]},{\"@type\":\"WebPage\",\"@id\":\"https:\\\/\\\/transportjournal.com\\\/fr\\\/2026\\\/01\\\/19\\\/fs-logistix-prend-en-charge-les-services-de-manoeuvre-a-anvers\\\/\",\"url\":\"https:\\\/\\\/transportjournal.com\\\/fr\\\/2026\\\/01\\\/19\\\/fs-logistix-prend-en-charge-les-services-de-manoeuvre-a-anvers\\\/\",\"name\":\"FS Logistix prend en charge les services de man\u0153uvre \u00e0 Anvers - ITJ | International Transport Journal.\",\"isPartOf\":{\"@id\":\"https:\\\/\\\/transportjournal.com\\\/fr\\\/#website\"},\"primaryImageOfPage\":{\"@id\":\"https:\\\/\\\/transportjournal.com\\\/fr\\\/2026\\\/01\\\/19\\\/fs-logistix-prend-en-charge-les-services-de-manoeuvre-a-anvers\\\/#primaryimage\"},\"image\":{\"@id\":\"https:\\\/\\\/transportjournal.com\\\/fr\\\/2026\\\/01\\\/19\\\/fs-logistix-prend-en-charge-les-services-de-manoeuvre-a-anvers\\\/#primaryimage\"},\"thumbnailUrl\":\"https:\\\/\\\/transportjournal.com\\\/wp-content\\\/uploads\\\/sites\\\/2\\\/2026\\\/01\\\/HSL-Belgium_zone-6A_DE18-hybrid-locomotive_The-Lion_\u00a9Henk-Zwoferink-aspect-ratio-1400-788.jpg\",\"datePublished\":\"2026-01-19T09:40:06+00:00\",\"dateModified\":\"2026-01-19T10:45:36+00:00\",\"breadcrumb\":{\"@id\":\"https:\\\/\\\/transportjournal.com\\\/fr\\\/2026\\\/01\\\/19\\\/fs-logistix-prend-en-charge-les-services-de-manoeuvre-a-anvers\\\/#breadcrumb\"},\"inLanguage\":\"fr-FR\",\"potentialAction\":[{\"@type\":\"ReadAction\",\"target\":[\"https:\\\/\\\/transportjournal.com\\\/fr\\\/2026\\\/01\\\/19\\\/fs-logistix-prend-en-charge-les-services-de-manoeuvre-a-anvers\\\/\"]}]},{\"@type\":\"ImageObject\",\"inLanguage\":\"fr-FR\",\"@id\":\"https:\\\/\\\/transportjournal.com\\\/fr\\\/2026\\\/01\\\/19\\\/fs-logistix-prend-en-charge-les-services-de-manoeuvre-a-anvers\\\/#primaryimage\",\"url\":\"https:\\\/\\\/transportjournal.com\\\/wp-content\\\/uploads\\\/sites\\\/2\\\/2026\\\/01\\\/HSL-Belgium_zone-6A_DE18-hybrid-locomotive_The-Lion_\u00a9Henk-Zwoferink-aspect-ratio-1400-788.jpg\",\"contentUrl\":\"https:\\\/\\\/transportjournal.com\\\/wp-content\\\/uploads\\\/sites\\\/2\\\/2026\\\/01\\\/HSL-Belgium_zone-6A_DE18-hybrid-locomotive_The-Lion_\u00a9Henk-Zwoferink-aspect-ratio-1400-788.jpg\",\"width\":1492,\"height\":839},{\"@type\":\"BreadcrumbList\",\"@id\":\"https:\\\/\\\/transportjournal.com\\\/fr\\\/2026\\\/01\\\/19\\\/fs-logistix-prend-en-charge-les-services-de-manoeuvre-a-anvers\\\/#breadcrumb\",\"itemListElement\":[{\"@type\":\"ListItem\",\"position\":1,\"name\":\"Startseite\",\"item\":\"https:\\\/\\\/transportjournal.com\\\/fr\\\/\"},{\"@type\":\"ListItem\",\"position\":2,\"name\":\"FS Logistix prend en charge les services de man\u0153uvre \u00e0 Anvers\"}]},{\"@type\":\"WebSite\",\"@id\":\"https:\\\/\\\/transportjournal.com\\\/fr\\\/#website\",\"url\":\"https:\\\/\\\/transportjournal.com\\\/fr\\\/\",\"name\":\"ITJ | International Transport Journal\",\"description\":\"Restez inform\u00e9 des derni\u00e8res nouvelles mondiales dans les secteurs du transport, de la logistique et de la cha\u00eene d'approvisionnement. Transport Journal fournit des informations d'experts, des analyses et des mises \u00e0 jour sur le transport maritime, l'aviation, l'intermodalit\u00e9 et l'exp\u00e9dition. \",\"publisher\":{\"@id\":\"https:\\\/\\\/transportjournal.com\\\/fr\\\/#organization\"},\"potentialAction\":[{\"@type\":\"SearchAction\",\"target\":{\"@type\":\"EntryPoint\",\"urlTemplate\":\"https:\\\/\\\/transportjournal.com\\\/fr\\\/?s={search_term_string}\"},\"query-input\":{\"@type\":\"PropertyValueSpecification\",\"valueRequired\":true,\"valueName\":\"search_term_string\"}}],\"inLanguage\":\"fr-FR\"},{\"@type\":\"Organization\",\"@id\":\"https:\\\/\\\/transportjournal.com\\\/fr\\\/#organization\",\"name\":\"Groupe Logismedia AG\",\"alternateName\":\"Logismedia Group AG\",\"url\":\"https:\\\/\\\/transportjournal.com\\\/fr\\\/\",\"logo\":{\"@type\":\"ImageObject\",\"inLanguage\":\"fr-FR\",\"@id\":\"https:\\\/\\\/transportjournal.com\\\/fr\\\/#\\\/schema\\\/logo\\\/image\\\/\",\"url\":\"https:\\\/\\\/transportjournal.com\\\/wp-content\\\/uploads\\\/sites\\\/2\\\/2025\\\/09\\\/Logo_ITJ.png\",\"contentUrl\":\"https:\\\/\\\/transportjournal.com\\\/wp-content\\\/uploads\\\/sites\\\/2\\\/2025\\\/09\\\/Logo_ITJ.png\",\"width\":799,\"height\":326,\"caption\":\"Groupe Logismedia AG\"},\"image\":{\"@id\":\"https:\\\/\\\/transportjournal.com\\\/fr\\\/#\\\/schema\\\/logo\\\/image\\\/\"},\"sameAs\":[\"https:\\\/\\\/www.linkedin.com\\\/company\\\/56456496\\\/admin\\\/dashboard\\\/\",\"https:\\\/\\\/www.instagram.com\\\/logismediagroup\\\/\",\"https:\\\/\\\/www.youtube.com\\\/@LogiamediaGroupAG\"]},{\"@type\":\"Person\",\"@id\":\"https:\\\/\\\/transportjournal.com\\\/fr\\\/#\\\/schema\\\/person\\\/41d36b5474b623392fa613e97e2363fa\",\"name\":\"Jeremy Soland\",\"url\":\"https:\\\/\\\/transportjournal.com\\\/fr\\\/author\\\/jeremy\\\/\"}]}<\/script>\n<!-- \/ Yoast SEO plugin. -->","yoast_head_json":{"title":"FS Logistix prend en charge les services de man\u0153uvre \u00e0 Anvers - ITJ | International Transport Journal.","robots":{"index":"index","follow":"follow","max-snippet":"max-snippet:-1","max-image-preview":"max-image-preview:large","max-video-preview":"max-video-preview:-1"},"canonical":"https:\/\/transportjournal.com\/fr\/2026\/01\/19\/fs-logistix-prend-en-charge-les-services-de-manoeuvre-a-anvers\/","og_locale":"fr_FR","og_type":"article","og_title":"FS Logistix prend en charge les services de man\u0153uvre \u00e0 Anvers - ITJ | International Transport Journal.","og_description":"FS Logistix prend en charge les services de man\u0153uvre au port d'Anvers afin d'am\u00e9liorer l'efficacit\u00e9 des services de fret ferroviaire.","og_url":"https:\/\/transportjournal.com\/fr\/2026\/01\/19\/fs-logistix-prend-en-charge-les-services-de-manoeuvre-a-anvers\/","og_site_name":"ITJ | International Transport Journal","article_published_time":"2026-01-19T09:40:06+00:00","article_modified_time":"2026-01-19T10:45:36+00:00","og_image":[{"width":1492,"height":839,"url":"https:\/\/transportjournal.com\/wp-content\/uploads\/sites\/2\/2026\/01\/HSL-Belgium_zone-6A_DE18-hybrid-locomotive_The-Lion_\u00a9Henk-Zwoferink-aspect-ratio-1400-788.jpg","type":"image\/jpeg"}],"author":"Jeremy Soland","twitter_card":"summary_large_image","twitter_misc":{"\u00c9crit par":"Jeremy Soland","Dur\u00e9e de lecture estim\u00e9e":"1 minute"},"schema":{"@context":"https:\/\/schema.org","@graph":[{"@type":"Article","@id":"https:\/\/transportjournal.com\/fr\/2026\/01\/19\/fs-logistix-prend-en-charge-les-services-de-manoeuvre-a-anvers\/#article","isPartOf":{"@id":"https:\/\/transportjournal.com\/fr\/2026\/01\/19\/fs-logistix-prend-en-charge-les-services-de-manoeuvre-a-anvers\/"},"author":{"name":"Jeremy Soland","@id":"https:\/\/transportjournal.com\/fr\/#\/schema\/person\/41d36b5474b623392fa613e97e2363fa"},"headline":"FS Logistix prend en charge les services de man\u0153uvre \u00e0 Anvers","datePublished":"2026-01-19T09:40:06+00:00","dateModified":"2026-01-19T10:45:36+00:00","mainEntityOfPage":{"@id":"https:\/\/transportjournal.com\/fr\/2026\/01\/19\/fs-logistix-prend-en-charge-les-services-de-manoeuvre-a-anvers\/"},"wordCount":171,"commentCount":0,"publisher":{"@id":"https:\/\/transportjournal.com\/fr\/#organization"},"image":{"@id":"https:\/\/transportjournal.com\/fr\/2026\/01\/19\/fs-logistix-prend-en-charge-les-services-de-manoeuvre-a-anvers\/#primaryimage"},"thumbnailUrl":"https:\/\/transportjournal.com\/wp-content\/uploads\/sites\/2\/2026\/01\/HSL-Belgium_zone-6A_DE18-hybrid-locomotive_The-Lion_\u00a9Henk-Zwoferink-aspect-ratio-1400-788.jpg","keywords":["commercial traffic Belgium Italy","corridors de transport europ\u00e9ens","Deutsch Rangierdienste Antwerpen","Digitalisierung in der Logistik","digitization in logistics","durabilit\u00e9 dans le transport","efficacit\u00e9 du fret ferroviaire","Effizienz Schieneng\u00fcterdienste","europ\u00e4ische Transportkorridore","European transport corridors","Fachkr\u00e4ftemangel Logistik","fret ferroviaire Belgique","FS Logistix","Hafenbetrieb Antwerpen","Hafeninfrastruktur Antwerpen","HSL Belgium","industrie du transport","infrastructure portuaire Anvers","integrated logistics","integrierte Logistik","international logistics","internationale Logistik","kommerzieller Verkehr Belgien Italien","labor shortage logistics","logistics partnerships Fran\u00e7ais services de man\u0153uvre Anvers","logistics service providers Europe","Logistikdienstleister Europa","Logistikpartnerschaften English shunting services Antwerp","logistique int\u00e9gr\u00e9e","logistique internationale","Mainhub terminal Antwerp","Mainhub-Terminal Antwerpen","Nachhaltigkeit im Transport","num\u00e9risation dans la logistique","op\u00e9rations portuaires Anvers","partenariats logistiques","p\u00e9nurie de main-d'\u0153uvre logistique","port infrastructure Antwerp","port operations Antwerp","prestataires de services logistiques Europe","rail freight Belgium","rail freight efficiency","rail network Europe","r\u00e9seau ferroviaire Europe","Schieneng\u00fcterverkehr Belgien","Schienenverkehrsnetz Europa","sustainability in transport","terminal Mainhub Anvers","trafic commercial Belgique Italie","transport industry","Transportwirtschaft","TX Logistics","TX Logistik"],"articleSection":["Intermodal \/ Route","L'Europe"],"inLanguage":"fr-FR","potentialAction":[{"@type":"CommentAction","name":"Comment","target":["https:\/\/transportjournal.com\/fr\/2026\/01\/19\/fs-logistix-prend-en-charge-les-services-de-manoeuvre-a-anvers\/#respond"]}]},{"@type":"WebPage","@id":"https:\/\/transportjournal.com\/fr\/2026\/01\/19\/fs-logistix-prend-en-charge-les-services-de-manoeuvre-a-anvers\/","url":"https:\/\/transportjournal.com\/fr\/2026\/01\/19\/fs-logistix-prend-en-charge-les-services-de-manoeuvre-a-anvers\/","name":"FS Logistix prend en charge les services de man\u0153uvre \u00e0 Anvers - ITJ | International Transport Journal.","isPartOf":{"@id":"https:\/\/transportjournal.com\/fr\/#website"},"primaryImageOfPage":{"@id":"https:\/\/transportjournal.com\/fr\/2026\/01\/19\/fs-logistix-prend-en-charge-les-services-de-manoeuvre-a-anvers\/#primaryimage"},"image":{"@id":"https:\/\/transportjournal.com\/fr\/2026\/01\/19\/fs-logistix-prend-en-charge-les-services-de-manoeuvre-a-anvers\/#primaryimage"},"thumbnailUrl":"https:\/\/transportjournal.com\/wp-content\/uploads\/sites\/2\/2026\/01\/HSL-Belgium_zone-6A_DE18-hybrid-locomotive_The-Lion_\u00a9Henk-Zwoferink-aspect-ratio-1400-788.jpg","datePublished":"2026-01-19T09:40:06+00:00","dateModified":"2026-01-19T10:45:36+00:00","breadcrumb":{"@id":"https:\/\/transportjournal.com\/fr\/2026\/01\/19\/fs-logistix-prend-en-charge-les-services-de-manoeuvre-a-anvers\/#breadcrumb"},"inLanguage":"fr-FR","potentialAction":[{"@type":"ReadAction","target":["https:\/\/transportjournal.com\/fr\/2026\/01\/19\/fs-logistix-prend-en-charge-les-services-de-manoeuvre-a-anvers\/"]}]},{"@type":"ImageObject","inLanguage":"fr-FR","@id":"https:\/\/transportjournal.com\/fr\/2026\/01\/19\/fs-logistix-prend-en-charge-les-services-de-manoeuvre-a-anvers\/#primaryimage","url":"https:\/\/transportjournal.com\/wp-content\/uploads\/sites\/2\/2026\/01\/HSL-Belgium_zone-6A_DE18-hybrid-locomotive_The-Lion_\u00a9Henk-Zwoferink-aspect-ratio-1400-788.jpg","contentUrl":"https:\/\/transportjournal.com\/wp-content\/uploads\/sites\/2\/2026\/01\/HSL-Belgium_zone-6A_DE18-hybrid-locomotive_The-Lion_\u00a9Henk-Zwoferink-aspect-ratio-1400-788.jpg","width":1492,"height":839},{"@type":"BreadcrumbList","@id":"https:\/\/transportjournal.com\/fr\/2026\/01\/19\/fs-logistix-prend-en-charge-les-services-de-manoeuvre-a-anvers\/#breadcrumb","itemListElement":[{"@type":"ListItem","position":1,"name":"Startseite","item":"https:\/\/transportjournal.com\/fr\/"},{"@type":"ListItem","position":2,"name":"FS Logistix prend en charge les services de man\u0153uvre \u00e0 Anvers"}]},{"@type":"WebSite","@id":"https:\/\/transportjournal.com\/fr\/#website","url":"https:\/\/transportjournal.com\/fr\/","name":"ITJ | International Transport Journal","description":"Restez inform\u00e9 des derni\u00e8res nouvelles mondiales dans les secteurs du transport, de la logistique et de la cha\u00eene d'approvisionnement. Transport Journal fournit des informations d'experts, des analyses et des mises \u00e0 jour sur le transport maritime, l'aviation, l'intermodalit\u00e9 et l'exp\u00e9dition. ","publisher":{"@id":"https:\/\/transportjournal.com\/fr\/#organization"},"potentialAction":[{"@type":"SearchAction","target":{"@type":"EntryPoint","urlTemplate":"https:\/\/transportjournal.com\/fr\/?s={search_term_string}"},"query-input":{"@type":"PropertyValueSpecification","valueRequired":true,"valueName":"search_term_string"}}],"inLanguage":"fr-FR"},{"@type":"Organization","@id":"https:\/\/transportjournal.com\/fr\/#organization","name":"Groupe Logismedia AG","alternateName":"Logismedia Group AG","url":"https:\/\/transportjournal.com\/fr\/","logo":{"@type":"ImageObject","inLanguage":"fr-FR","@id":"https:\/\/transportjournal.com\/fr\/#\/schema\/logo\/image\/","url":"https:\/\/transportjournal.com\/wp-content\/uploads\/sites\/2\/2025\/09\/Logo_ITJ.png","contentUrl":"https:\/\/transportjournal.com\/wp-content\/uploads\/sites\/2\/2025\/09\/Logo_ITJ.png","width":799,"height":326,"caption":"Groupe Logismedia AG"},"image":{"@id":"https:\/\/transportjournal.com\/fr\/#\/schema\/logo\/image\/"},"sameAs":["https:\/\/www.linkedin.com\/company\/56456496\/admin\/dashboard\/","https:\/\/www.instagram.com\/logismediagroup\/","https:\/\/www.youtube.com\/@LogiamediaGroupAG"]},{"@type":"Person","@id":"https:\/\/transportjournal.com\/fr\/#\/schema\/person\/41d36b5474b623392fa613e97e2363fa","name":"Jeremy Soland","url":"https:\/\/transportjournal.com\/fr\/author\/jeremy\/"}]}},"_links":{"self":[{"href":"https:\/\/transportjournal.com\/fr\/wp-json\/wp\/v2\/posts\/73401","targetHints":{"allow":["GET"]}}],"collection":[{"href":"https:\/\/transportjournal.com\/fr\/wp-json\/wp\/v2\/posts"}],"about":[{"href":"https:\/\/transportjournal.com\/fr\/wp-json\/wp\/v2\/types\/post"}],"author":[{"embeddable":true,"href":"https:\/\/transportjournal.com\/fr\/wp-json\/wp\/v2\/users\/10"}],"replies":[{"embeddable":true,"href":"https:\/\/transportjournal.com\/fr\/wp-json\/wp\/v2\/comments?post=73401"}],"version-history":[{"count":1,"href":"https:\/\/transportjournal.com\/fr\/wp-json\/wp\/v2\/posts\/73401\/revisions"}],"predecessor-version":[{"id":73408,"href":"https:\/\/transportjournal.com\/fr\/wp-json\/wp\/v2\/posts\/73401\/revisions\/73408"}],"wp:featuredmedia":[{"embeddable":true,"href":"https:\/\/transportjournal.com\/fr\/wp-json\/wp\/v2\/media\/73399"}],"wp:attachment":[{"href":"https:\/\/transportjournal.com\/fr\/wp-json\/wp\/v2\/media?parent=73401"}],"wp:term":[{"taxonomy":"category","embeddable":true,"href":"https:\/\/transportjournal.com\/fr\/wp-json\/wp\/v2\/categories?post=73401"},{"taxonomy":"post_tag","embeddable":true,"href":"https:\/\/transportjournal.com\/fr\/wp-json\/wp\/v2\/tags?post=73401"}],"curies":[{"name":"wp","href":"https:\/\/api.w.org\/{rel}","templated":true}]}}