{"id":73386,"date":"2026-01-19T09:01:38","date_gmt":"2026-01-19T09:01:38","guid":{"rendered":"https:\/\/transportjournal.com\/2026\/01\/19\/prevenir-les-maladies-musculo-squelettiques\/"},"modified":"2026-01-19T10:38:44","modified_gmt":"2026-01-19T09:38:44","slug":"prevenir-les-maladies-musculo-squelettiques","status":"publish","type":"post","link":"https:\/\/transportjournal.com\/fr\/2026\/01\/19\/prevenir-les-maladies-musculo-squelettiques\/","title":{"rendered":"Pr\u00e9venir les maladies musculo-squelettiques"},"content":{"rendered":"<p>Les maladies musculo-squelettiques sont, selon le rapport de sant\u00e9 2025 de la caisse d&#8217;assurance maladie Barmer et du portail d&#8217;emploi Jobmatch, ainsi que le rapport sur l&#8217;absent\u00e9isme 2025 de l&#8217;AOK, responsables d&#8217;environ 20 % de tous les jours d&#8217;absence pour cause de maladie. Ces maladies repr\u00e9sentent donc la principale raison des absences au travail, comme le rapporte le fournisseur de promotion de la sant\u00e9 en entreprise Kompass360Grad. Les maladies des voies respiratoires et psychosociales suivent de pr\u00e8s et entra\u00eenent en moyenne 25 jours d&#8217;absence. Dans le secteur de la logistique, le taux de maladie est particuli\u00e8rement \u00e9lev\u00e9 en raison des fortes charges physiques et psychologiques, atteignant 18 %, comme le montrent les \u00e9tudes de Kompass360Grad.<\/p>\n<h3>Int\u00e9gration de la gestion de la sant\u00e9<\/h3>\n<p>Pour faire face \u00e0 ces d\u00e9fis, Kompass360Grad a d\u00e9velopp\u00e9 un nouveau concept ciblant sp\u00e9cifiquement les secteurs \u00e0 forte charge, en particulier la logistique et l&#8217;industrie. L&#8217;approche combine la gestion classique de la sant\u00e9, la protection au travail et l&#8217;ergonomie avec des principes Lean et l&#8217;optimisation des processus. Ce syst\u00e8me int\u00e9gr\u00e9 est appel\u00e9 \u00ab Health Lean Management \u00bb et vise \u00e0 promouvoir la sant\u00e9 des employ\u00e9s tout en augmentant l&#8217;efficacit\u00e9 des flux de travail.<\/p>\n","protected":false},"excerpt":{"rendered":"<p>Selon Barmer et AOK, les maladies musculo-squelettiques repr\u00e9sentent environ 20 % des jours d&rsquo;absence pour cause de maladie, ce qui en fait la principale raison des absences.<\/p>\n","protected":false},"author":10,"featured_media":73384,"comment_status":"open","ping_status":"open","sticky":false,"template":"","format":"standard","meta":{"_acf_changed":false,"footnotes":""},"categories":[1581,1587],"tags":[6501,6502,6503,6504,6505,6506,6507,6508,6509,6510,6511,6512,6513,6514,6515,6516,6517,6518,6519,6520,6521,6522,6523,6524,6525,6526,6527,6528,6529,6530,6531,6532,6533,6534,6535,6536,6537,6538,6539,6540,6541,6542,6543,6544,6545,6546,6547,6548,6549,6550,6551,6552,6553,6554,6555,6556],"class_list":["post-73386","post","type-post","status-publish","format-standard","has-post-thumbnail","hentry","category-expedition-et-logistique","category-leurope","tag-absenteeism-at-work","tag-absenteisme-au-travail","tag-amelioration-de-lefficacite-des-flux-de-travail","tag-aok-absenteeism-report","tag-aok-fehlzeiten-report","tag-arbeitsschutz-logistik","tag-branchen-mit-hohen-belastungen-english-musculoskeletal-disorders","tag-concept-de-sante-logistique","tag-deutsch-muskel-skelett-erkrankungen","tag-efficiency-improvement-workflows","tag-effizienzsteigerung-arbeitsablaeufe","tag-employee-health-at-work","tag-ergonomics-in-industry","tag-ergonomie-dans-lindustrie","tag-ergonomie-in-der-industrie","tag-fehlzeiten-am-arbeitsplatz","tag-gestion-de-la-sante-au-travail","tag-gestion-lean-de-la-sante","tag-gesundheit-am-arbeitsplatz","tag-gesundheitsfoerderung-betriebe","tag-gesundheitskonzept-logistik","tag-gesundheitsmanagement-logistik","tag-gesundheitsreport-2025","tag-health-concept-logistics","tag-health-lean-management","tag-health-report-2025","tag-high-stress-industries-francais-troubles-musculo-squelettiques","tag-illness-rate-logistics","tag-industries-a-forte-charge","tag-integration-de-la-gestion-de-la-sante","tag-integration-of-health-management","tag-integration-von-gesundheitsmanagement","tag-kompass360grad","tag-koerperliche-belastungen-industrie","tag-krankheitsquote-logistik","tag-lean-management-gesundheit","tag-logistics-industry-health","tag-logistikbranche-gesundheit","tag-occupational-safety-logistics","tag-optimisation-des-processus-logistique","tag-physical-stress-industry","tag-process-optimization-logistics","tag-promotion-de-la-sante-au-travail","tag-prozessoptimierung-logistik","tag-psychische-belastungen-logistik","tag-psychological-stress-logistics","tag-rapport-dabsenteisme-aok","tag-rapport-de-sante-2025","tag-sante-dans-lindustrie-logistique","tag-sante-des-employes-au-travail","tag-securite-au-travail-logistique","tag-stress-physique-industrie","tag-stress-psychologique-logistique","tag-taux-de-maladie-logistique","tag-workplace-health-management","tag-workplace-health-promotion"],"acf":[],"yoast_head":"<!-- This site is optimized with the Yoast SEO plugin v27.3 - https:\/\/yoast.com\/product\/yoast-seo-wordpress\/ -->\n<title>Pr\u00e9venir les maladies musculo-squelettiques - ITJ | International Transport Journal.<\/title>\n<meta name=\"robots\" content=\"index, follow, max-snippet:-1, max-image-preview:large, max-video-preview:-1\" \/>\n<link rel=\"canonical\" href=\"https:\/\/transportjournal.com\/fr\/2026\/01\/19\/prevenir-les-maladies-musculo-squelettiques\/\" \/>\n<meta property=\"og:locale\" content=\"fr_FR\" \/>\n<meta property=\"og:type\" content=\"article\" \/>\n<meta property=\"og:title\" content=\"Pr\u00e9venir les maladies musculo-squelettiques - ITJ | International Transport Journal.\" \/>\n<meta property=\"og:description\" content=\"Selon Barmer et AOK, les maladies musculo-squelettiques repr\u00e9sentent environ 20 % des jours d&#039;absence pour cause de maladie, ce qui en fait la principale raison des absences.\" \/>\n<meta property=\"og:url\" content=\"https:\/\/transportjournal.com\/fr\/2026\/01\/19\/prevenir-les-maladies-musculo-squelettiques\/\" \/>\n<meta property=\"og:site_name\" content=\"ITJ | International Transport Journal\" \/>\n<meta property=\"article:published_time\" content=\"2026-01-19T09:01:38+00:00\" \/>\n<meta property=\"article:modified_time\" content=\"2026-01-19T09:38:44+00:00\" \/>\n<meta property=\"og:image\" content=\"https:\/\/transportjournal.com\/wp-content\/uploads\/sites\/2\/2026\/01\/PortrA\u00a4t-Adrian-Janina.jpg\" \/>\n\t<meta property=\"og:image:width\" content=\"720\" \/>\n\t<meta property=\"og:image:height\" content=\"404\" \/>\n\t<meta property=\"og:image:type\" content=\"image\/jpeg\" \/>\n<meta name=\"author\" content=\"Jeremy Soland\" \/>\n<meta name=\"twitter:card\" content=\"summary_large_image\" \/>\n<meta name=\"twitter:label1\" content=\"\u00c9crit par\" \/>\n\t<meta name=\"twitter:data1\" content=\"Jeremy Soland\" \/>\n\t<meta name=\"twitter:label2\" content=\"Dur\u00e9e de lecture estim\u00e9e\" \/>\n\t<meta name=\"twitter:data2\" content=\"1 minute\" \/>\n<script type=\"application\/ld+json\" class=\"yoast-schema-graph\">{\"@context\":\"https:\\\/\\\/schema.org\",\"@graph\":[{\"@type\":\"Article\",\"@id\":\"https:\\\/\\\/transportjournal.com\\\/fr\\\/2026\\\/01\\\/19\\\/prevenir-les-maladies-musculo-squelettiques\\\/#article\",\"isPartOf\":{\"@id\":\"https:\\\/\\\/transportjournal.com\\\/fr\\\/2026\\\/01\\\/19\\\/prevenir-les-maladies-musculo-squelettiques\\\/\"},\"author\":{\"name\":\"Jeremy Soland\",\"@id\":\"https:\\\/\\\/transportjournal.com\\\/fr\\\/#\\\/schema\\\/person\\\/41d36b5474b623392fa613e97e2363fa\"},\"headline\":\"Pr\u00e9venir les maladies musculo-squelettiques\",\"datePublished\":\"2026-01-19T09:01:38+00:00\",\"dateModified\":\"2026-01-19T09:38:44+00:00\",\"mainEntityOfPage\":{\"@id\":\"https:\\\/\\\/transportjournal.com\\\/fr\\\/2026\\\/01\\\/19\\\/prevenir-les-maladies-musculo-squelettiques\\\/\"},\"wordCount\":215,\"commentCount\":0,\"publisher\":{\"@id\":\"https:\\\/\\\/transportjournal.com\\\/fr\\\/#organization\"},\"image\":{\"@id\":\"https:\\\/\\\/transportjournal.com\\\/fr\\\/2026\\\/01\\\/19\\\/prevenir-les-maladies-musculo-squelettiques\\\/#primaryimage\"},\"thumbnailUrl\":\"https:\\\/\\\/transportjournal.com\\\/wp-content\\\/uploads\\\/sites\\\/2\\\/2026\\\/01\\\/PortrA\u00a4t-Adrian-Janina.jpg\",\"keywords\":[\"absenteeism at work\",\"absent\u00e9isme au travail\",\"am\u00e9lioration de l'efficacit\u00e9 des flux de travail\",\"AOK absenteeism report\",\"AOK Fehlzeiten-Report\",\"Arbeitsschutz Logistik\",\"Branchen mit hohen Belastungen English musculoskeletal disorders\",\"concept de sant\u00e9 logistique\",\"Deutsch Muskel-Skelett-Erkrankungen\",\"efficiency improvement workflows\",\"Effizienzsteigerung Arbeitsabl\u00e4ufe\",\"employee health at work\",\"ergonomics in industry\",\"ergonomie dans l'industrie\",\"Ergonomie in der Industrie\",\"Fehlzeiten am Arbeitsplatz\",\"gestion de la sant\u00e9 au travail\",\"gestion lean de la sant\u00e9\",\"Gesundheit am Arbeitsplatz\",\"Gesundheitsf\u00f6rderung Betriebe\",\"Gesundheitskonzept Logistik\",\"Gesundheitsmanagement Logistik\",\"Gesundheitsreport 2025\",\"health concept logistics\",\"health lean management\",\"health report 2025\",\"high-stress industries Fran\u00e7ais troubles musculo-squelettiques\",\"illness rate logistics\",\"industries \u00e0 forte charge\",\"int\u00e9gration de la gestion de la sant\u00e9\",\"integration of health management\",\"Integration von Gesundheitsmanagement\",\"Kompass360Grad\",\"k\u00f6rperliche Belastungen Industrie\",\"Krankheitsquote Logistik\",\"Lean Management Gesundheit\",\"logistics industry health\",\"Logistikbranche Gesundheit\",\"occupational safety logistics\",\"optimisation des processus logistique\",\"physical stress industry\",\"process optimization logistics\",\"promotion de la sant\u00e9 au travail\",\"Prozessoptimierung Logistik\",\"psychische Belastungen Logistik\",\"psychological stress logistics\",\"rapport d'absent\u00e9isme AOK\",\"rapport de sant\u00e9 2025\",\"sant\u00e9 dans l'industrie logistique\",\"sant\u00e9 des employ\u00e9s au travail\",\"s\u00e9curit\u00e9 au travail logistique\",\"stress physique industrie\",\"stress psychologique logistique\",\"taux de maladie logistique\",\"workplace health management\",\"workplace health promotion\"],\"articleSection\":[\"Exp\u00e9dition de fret et logistique\",\"L'Europe\"],\"inLanguage\":\"fr-FR\",\"potentialAction\":[{\"@type\":\"CommentAction\",\"name\":\"Comment\",\"target\":[\"https:\\\/\\\/transportjournal.com\\\/fr\\\/2026\\\/01\\\/19\\\/prevenir-les-maladies-musculo-squelettiques\\\/#respond\"]}]},{\"@type\":\"WebPage\",\"@id\":\"https:\\\/\\\/transportjournal.com\\\/fr\\\/2026\\\/01\\\/19\\\/prevenir-les-maladies-musculo-squelettiques\\\/\",\"url\":\"https:\\\/\\\/transportjournal.com\\\/fr\\\/2026\\\/01\\\/19\\\/prevenir-les-maladies-musculo-squelettiques\\\/\",\"name\":\"Pr\u00e9venir les maladies musculo-squelettiques - ITJ | International Transport Journal.\",\"isPartOf\":{\"@id\":\"https:\\\/\\\/transportjournal.com\\\/fr\\\/#website\"},\"primaryImageOfPage\":{\"@id\":\"https:\\\/\\\/transportjournal.com\\\/fr\\\/2026\\\/01\\\/19\\\/prevenir-les-maladies-musculo-squelettiques\\\/#primaryimage\"},\"image\":{\"@id\":\"https:\\\/\\\/transportjournal.com\\\/fr\\\/2026\\\/01\\\/19\\\/prevenir-les-maladies-musculo-squelettiques\\\/#primaryimage\"},\"thumbnailUrl\":\"https:\\\/\\\/transportjournal.com\\\/wp-content\\\/uploads\\\/sites\\\/2\\\/2026\\\/01\\\/PortrA\u00a4t-Adrian-Janina.jpg\",\"datePublished\":\"2026-01-19T09:01:38+00:00\",\"dateModified\":\"2026-01-19T09:38:44+00:00\",\"breadcrumb\":{\"@id\":\"https:\\\/\\\/transportjournal.com\\\/fr\\\/2026\\\/01\\\/19\\\/prevenir-les-maladies-musculo-squelettiques\\\/#breadcrumb\"},\"inLanguage\":\"fr-FR\",\"potentialAction\":[{\"@type\":\"ReadAction\",\"target\":[\"https:\\\/\\\/transportjournal.com\\\/fr\\\/2026\\\/01\\\/19\\\/prevenir-les-maladies-musculo-squelettiques\\\/\"]}]},{\"@type\":\"ImageObject\",\"inLanguage\":\"fr-FR\",\"@id\":\"https:\\\/\\\/transportjournal.com\\\/fr\\\/2026\\\/01\\\/19\\\/prevenir-les-maladies-musculo-squelettiques\\\/#primaryimage\",\"url\":\"https:\\\/\\\/transportjournal.com\\\/wp-content\\\/uploads\\\/sites\\\/2\\\/2026\\\/01\\\/PortrA\u00a4t-Adrian-Janina.jpg\",\"contentUrl\":\"https:\\\/\\\/transportjournal.com\\\/wp-content\\\/uploads\\\/sites\\\/2\\\/2026\\\/01\\\/PortrA\u00a4t-Adrian-Janina.jpg\",\"width\":720,\"height\":404},{\"@type\":\"BreadcrumbList\",\"@id\":\"https:\\\/\\\/transportjournal.com\\\/fr\\\/2026\\\/01\\\/19\\\/prevenir-les-maladies-musculo-squelettiques\\\/#breadcrumb\",\"itemListElement\":[{\"@type\":\"ListItem\",\"position\":1,\"name\":\"Startseite\",\"item\":\"https:\\\/\\\/transportjournal.com\\\/fr\\\/\"},{\"@type\":\"ListItem\",\"position\":2,\"name\":\"Pr\u00e9venir les maladies musculo-squelettiques\"}]},{\"@type\":\"WebSite\",\"@id\":\"https:\\\/\\\/transportjournal.com\\\/fr\\\/#website\",\"url\":\"https:\\\/\\\/transportjournal.com\\\/fr\\\/\",\"name\":\"ITJ | International Transport Journal\",\"description\":\"Restez inform\u00e9 des derni\u00e8res nouvelles mondiales dans les secteurs du transport, de la logistique et de la cha\u00eene d'approvisionnement. Transport Journal fournit des informations d'experts, des analyses et des mises \u00e0 jour sur le transport maritime, l'aviation, l'intermodalit\u00e9 et l'exp\u00e9dition. \",\"publisher\":{\"@id\":\"https:\\\/\\\/transportjournal.com\\\/fr\\\/#organization\"},\"potentialAction\":[{\"@type\":\"SearchAction\",\"target\":{\"@type\":\"EntryPoint\",\"urlTemplate\":\"https:\\\/\\\/transportjournal.com\\\/fr\\\/?s={search_term_string}\"},\"query-input\":{\"@type\":\"PropertyValueSpecification\",\"valueRequired\":true,\"valueName\":\"search_term_string\"}}],\"inLanguage\":\"fr-FR\"},{\"@type\":\"Organization\",\"@id\":\"https:\\\/\\\/transportjournal.com\\\/fr\\\/#organization\",\"name\":\"Groupe Logismedia AG\",\"alternateName\":\"Logismedia Group AG\",\"url\":\"https:\\\/\\\/transportjournal.com\\\/fr\\\/\",\"logo\":{\"@type\":\"ImageObject\",\"inLanguage\":\"fr-FR\",\"@id\":\"https:\\\/\\\/transportjournal.com\\\/fr\\\/#\\\/schema\\\/logo\\\/image\\\/\",\"url\":\"https:\\\/\\\/transportjournal.com\\\/wp-content\\\/uploads\\\/sites\\\/2\\\/2025\\\/09\\\/Logo_ITJ.png\",\"contentUrl\":\"https:\\\/\\\/transportjournal.com\\\/wp-content\\\/uploads\\\/sites\\\/2\\\/2025\\\/09\\\/Logo_ITJ.png\",\"width\":799,\"height\":326,\"caption\":\"Groupe Logismedia AG\"},\"image\":{\"@id\":\"https:\\\/\\\/transportjournal.com\\\/fr\\\/#\\\/schema\\\/logo\\\/image\\\/\"},\"sameAs\":[\"https:\\\/\\\/www.linkedin.com\\\/company\\\/56456496\\\/admin\\\/dashboard\\\/\",\"https:\\\/\\\/www.instagram.com\\\/logismediagroup\\\/\",\"https:\\\/\\\/www.youtube.com\\\/@LogiamediaGroupAG\"]},{\"@type\":\"Person\",\"@id\":\"https:\\\/\\\/transportjournal.com\\\/fr\\\/#\\\/schema\\\/person\\\/41d36b5474b623392fa613e97e2363fa\",\"name\":\"Jeremy Soland\",\"url\":\"https:\\\/\\\/transportjournal.com\\\/fr\\\/author\\\/jeremy\\\/\"}]}<\/script>\n<!-- \/ Yoast SEO plugin. -->","yoast_head_json":{"title":"Pr\u00e9venir les maladies musculo-squelettiques - ITJ | International Transport Journal.","robots":{"index":"index","follow":"follow","max-snippet":"max-snippet:-1","max-image-preview":"max-image-preview:large","max-video-preview":"max-video-preview:-1"},"canonical":"https:\/\/transportjournal.com\/fr\/2026\/01\/19\/prevenir-les-maladies-musculo-squelettiques\/","og_locale":"fr_FR","og_type":"article","og_title":"Pr\u00e9venir les maladies musculo-squelettiques - ITJ | International Transport Journal.","og_description":"Selon Barmer et AOK, les maladies musculo-squelettiques repr\u00e9sentent environ 20 % des jours d'absence pour cause de maladie, ce qui en fait la principale raison des absences.","og_url":"https:\/\/transportjournal.com\/fr\/2026\/01\/19\/prevenir-les-maladies-musculo-squelettiques\/","og_site_name":"ITJ | International Transport Journal","article_published_time":"2026-01-19T09:01:38+00:00","article_modified_time":"2026-01-19T09:38:44+00:00","og_image":[{"width":720,"height":404,"url":"https:\/\/transportjournal.com\/wp-content\/uploads\/sites\/2\/2026\/01\/PortrA\u00a4t-Adrian-Janina.jpg","type":"image\/jpeg"}],"author":"Jeremy Soland","twitter_card":"summary_large_image","twitter_misc":{"\u00c9crit par":"Jeremy Soland","Dur\u00e9e de lecture estim\u00e9e":"1 minute"},"schema":{"@context":"https:\/\/schema.org","@graph":[{"@type":"Article","@id":"https:\/\/transportjournal.com\/fr\/2026\/01\/19\/prevenir-les-maladies-musculo-squelettiques\/#article","isPartOf":{"@id":"https:\/\/transportjournal.com\/fr\/2026\/01\/19\/prevenir-les-maladies-musculo-squelettiques\/"},"author":{"name":"Jeremy Soland","@id":"https:\/\/transportjournal.com\/fr\/#\/schema\/person\/41d36b5474b623392fa613e97e2363fa"},"headline":"Pr\u00e9venir les maladies musculo-squelettiques","datePublished":"2026-01-19T09:01:38+00:00","dateModified":"2026-01-19T09:38:44+00:00","mainEntityOfPage":{"@id":"https:\/\/transportjournal.com\/fr\/2026\/01\/19\/prevenir-les-maladies-musculo-squelettiques\/"},"wordCount":215,"commentCount":0,"publisher":{"@id":"https:\/\/transportjournal.com\/fr\/#organization"},"image":{"@id":"https:\/\/transportjournal.com\/fr\/2026\/01\/19\/prevenir-les-maladies-musculo-squelettiques\/#primaryimage"},"thumbnailUrl":"https:\/\/transportjournal.com\/wp-content\/uploads\/sites\/2\/2026\/01\/PortrA\u00a4t-Adrian-Janina.jpg","keywords":["absenteeism at work","absent\u00e9isme au travail","am\u00e9lioration de l'efficacit\u00e9 des flux de travail","AOK absenteeism report","AOK Fehlzeiten-Report","Arbeitsschutz Logistik","Branchen mit hohen Belastungen English musculoskeletal disorders","concept de sant\u00e9 logistique","Deutsch Muskel-Skelett-Erkrankungen","efficiency improvement workflows","Effizienzsteigerung Arbeitsabl\u00e4ufe","employee health at work","ergonomics in industry","ergonomie dans l'industrie","Ergonomie in der Industrie","Fehlzeiten am Arbeitsplatz","gestion de la sant\u00e9 au travail","gestion lean de la sant\u00e9","Gesundheit am Arbeitsplatz","Gesundheitsf\u00f6rderung Betriebe","Gesundheitskonzept Logistik","Gesundheitsmanagement Logistik","Gesundheitsreport 2025","health concept logistics","health lean management","health report 2025","high-stress industries Fran\u00e7ais troubles musculo-squelettiques","illness rate logistics","industries \u00e0 forte charge","int\u00e9gration de la gestion de la sant\u00e9","integration of health management","Integration von Gesundheitsmanagement","Kompass360Grad","k\u00f6rperliche Belastungen Industrie","Krankheitsquote Logistik","Lean Management Gesundheit","logistics industry health","Logistikbranche Gesundheit","occupational safety logistics","optimisation des processus logistique","physical stress industry","process optimization logistics","promotion de la sant\u00e9 au travail","Prozessoptimierung Logistik","psychische Belastungen Logistik","psychological stress logistics","rapport d'absent\u00e9isme AOK","rapport de sant\u00e9 2025","sant\u00e9 dans l'industrie logistique","sant\u00e9 des employ\u00e9s au travail","s\u00e9curit\u00e9 au travail logistique","stress physique industrie","stress psychologique logistique","taux de maladie logistique","workplace health management","workplace health promotion"],"articleSection":["Exp\u00e9dition de fret et logistique","L'Europe"],"inLanguage":"fr-FR","potentialAction":[{"@type":"CommentAction","name":"Comment","target":["https:\/\/transportjournal.com\/fr\/2026\/01\/19\/prevenir-les-maladies-musculo-squelettiques\/#respond"]}]},{"@type":"WebPage","@id":"https:\/\/transportjournal.com\/fr\/2026\/01\/19\/prevenir-les-maladies-musculo-squelettiques\/","url":"https:\/\/transportjournal.com\/fr\/2026\/01\/19\/prevenir-les-maladies-musculo-squelettiques\/","name":"Pr\u00e9venir les maladies musculo-squelettiques - ITJ | International Transport Journal.","isPartOf":{"@id":"https:\/\/transportjournal.com\/fr\/#website"},"primaryImageOfPage":{"@id":"https:\/\/transportjournal.com\/fr\/2026\/01\/19\/prevenir-les-maladies-musculo-squelettiques\/#primaryimage"},"image":{"@id":"https:\/\/transportjournal.com\/fr\/2026\/01\/19\/prevenir-les-maladies-musculo-squelettiques\/#primaryimage"},"thumbnailUrl":"https:\/\/transportjournal.com\/wp-content\/uploads\/sites\/2\/2026\/01\/PortrA\u00a4t-Adrian-Janina.jpg","datePublished":"2026-01-19T09:01:38+00:00","dateModified":"2026-01-19T09:38:44+00:00","breadcrumb":{"@id":"https:\/\/transportjournal.com\/fr\/2026\/01\/19\/prevenir-les-maladies-musculo-squelettiques\/#breadcrumb"},"inLanguage":"fr-FR","potentialAction":[{"@type":"ReadAction","target":["https:\/\/transportjournal.com\/fr\/2026\/01\/19\/prevenir-les-maladies-musculo-squelettiques\/"]}]},{"@type":"ImageObject","inLanguage":"fr-FR","@id":"https:\/\/transportjournal.com\/fr\/2026\/01\/19\/prevenir-les-maladies-musculo-squelettiques\/#primaryimage","url":"https:\/\/transportjournal.com\/wp-content\/uploads\/sites\/2\/2026\/01\/PortrA\u00a4t-Adrian-Janina.jpg","contentUrl":"https:\/\/transportjournal.com\/wp-content\/uploads\/sites\/2\/2026\/01\/PortrA\u00a4t-Adrian-Janina.jpg","width":720,"height":404},{"@type":"BreadcrumbList","@id":"https:\/\/transportjournal.com\/fr\/2026\/01\/19\/prevenir-les-maladies-musculo-squelettiques\/#breadcrumb","itemListElement":[{"@type":"ListItem","position":1,"name":"Startseite","item":"https:\/\/transportjournal.com\/fr\/"},{"@type":"ListItem","position":2,"name":"Pr\u00e9venir les maladies musculo-squelettiques"}]},{"@type":"WebSite","@id":"https:\/\/transportjournal.com\/fr\/#website","url":"https:\/\/transportjournal.com\/fr\/","name":"ITJ | International Transport Journal","description":"Restez inform\u00e9 des derni\u00e8res nouvelles mondiales dans les secteurs du transport, de la logistique et de la cha\u00eene d'approvisionnement. Transport Journal fournit des informations d'experts, des analyses et des mises \u00e0 jour sur le transport maritime, l'aviation, l'intermodalit\u00e9 et l'exp\u00e9dition. ","publisher":{"@id":"https:\/\/transportjournal.com\/fr\/#organization"},"potentialAction":[{"@type":"SearchAction","target":{"@type":"EntryPoint","urlTemplate":"https:\/\/transportjournal.com\/fr\/?s={search_term_string}"},"query-input":{"@type":"PropertyValueSpecification","valueRequired":true,"valueName":"search_term_string"}}],"inLanguage":"fr-FR"},{"@type":"Organization","@id":"https:\/\/transportjournal.com\/fr\/#organization","name":"Groupe Logismedia AG","alternateName":"Logismedia Group AG","url":"https:\/\/transportjournal.com\/fr\/","logo":{"@type":"ImageObject","inLanguage":"fr-FR","@id":"https:\/\/transportjournal.com\/fr\/#\/schema\/logo\/image\/","url":"https:\/\/transportjournal.com\/wp-content\/uploads\/sites\/2\/2025\/09\/Logo_ITJ.png","contentUrl":"https:\/\/transportjournal.com\/wp-content\/uploads\/sites\/2\/2025\/09\/Logo_ITJ.png","width":799,"height":326,"caption":"Groupe Logismedia AG"},"image":{"@id":"https:\/\/transportjournal.com\/fr\/#\/schema\/logo\/image\/"},"sameAs":["https:\/\/www.linkedin.com\/company\/56456496\/admin\/dashboard\/","https:\/\/www.instagram.com\/logismediagroup\/","https:\/\/www.youtube.com\/@LogiamediaGroupAG"]},{"@type":"Person","@id":"https:\/\/transportjournal.com\/fr\/#\/schema\/person\/41d36b5474b623392fa613e97e2363fa","name":"Jeremy Soland","url":"https:\/\/transportjournal.com\/fr\/author\/jeremy\/"}]}},"_links":{"self":[{"href":"https:\/\/transportjournal.com\/fr\/wp-json\/wp\/v2\/posts\/73386","targetHints":{"allow":["GET"]}}],"collection":[{"href":"https:\/\/transportjournal.com\/fr\/wp-json\/wp\/v2\/posts"}],"about":[{"href":"https:\/\/transportjournal.com\/fr\/wp-json\/wp\/v2\/types\/post"}],"author":[{"embeddable":true,"href":"https:\/\/transportjournal.com\/fr\/wp-json\/wp\/v2\/users\/10"}],"replies":[{"embeddable":true,"href":"https:\/\/transportjournal.com\/fr\/wp-json\/wp\/v2\/comments?post=73386"}],"version-history":[{"count":1,"href":"https:\/\/transportjournal.com\/fr\/wp-json\/wp\/v2\/posts\/73386\/revisions"}],"predecessor-version":[{"id":73393,"href":"https:\/\/transportjournal.com\/fr\/wp-json\/wp\/v2\/posts\/73386\/revisions\/73393"}],"wp:featuredmedia":[{"embeddable":true,"href":"https:\/\/transportjournal.com\/fr\/wp-json\/wp\/v2\/media\/73384"}],"wp:attachment":[{"href":"https:\/\/transportjournal.com\/fr\/wp-json\/wp\/v2\/media?parent=73386"}],"wp:term":[{"taxonomy":"category","embeddable":true,"href":"https:\/\/transportjournal.com\/fr\/wp-json\/wp\/v2\/categories?post=73386"},{"taxonomy":"post_tag","embeddable":true,"href":"https:\/\/transportjournal.com\/fr\/wp-json\/wp\/v2\/tags?post=73386"}],"curies":[{"name":"wp","href":"https:\/\/api.w.org\/{rel}","templated":true}]}}