{"id":73370,"date":"2026-01-19T08:26:09","date_gmt":"2026-01-19T08:26:09","guid":{"rendered":"https:\/\/transportjournal.com\/2026\/01\/19\/maersk-air-cargo-nouveau-membre-de-lera\/"},"modified":"2026-01-19T15:58:41","modified_gmt":"2026-01-19T14:58:41","slug":"maersk-air-cargo-nouveau-membre-de-lera","status":"publish","type":"post","link":"https:\/\/transportjournal.com\/fr\/2026\/01\/19\/maersk-air-cargo-nouveau-membre-de-lera\/","title":{"rendered":"Maersk Air Cargo nouveau membre de l&rsquo;ERA"},"content":{"rendered":"<p>La European Regions Airline Association (ERA) a annonc\u00e9 que Maersk Air Cargo a \u00e9t\u00e9 admise en tant que nouveau membre de l&#8217;association. Cette adh\u00e9sion vise \u00e0 renforcer la repr\u00e9sentation du paysage a\u00e9ronautique diversifi\u00e9 et en \u00e9volution en Europe.<\/p>\n<p>Maersk Air Cargo joue un r\u00f4le central dans la strat\u00e9gie logistique int\u00e9gr\u00e9e de Maersk et apporte des d\u00e9cennies d&#8217;exp\u00e9rience dans le domaine du fret a\u00e9rien. La compagnie a\u00e9rienne op\u00e8re des hubs au Danemark, en Allemagne, en Belgique, au Royaume-Uni et en Chine, et relie plus de 30 a\u00e9roports dans le monde par des vols r\u00e9guliers. De plus, des a\u00e9roports suppl\u00e9mentaires sont desservis par des vols charter. La flotte comprend 19 avions, dont des Boeing 777 et 767, qui effectuent plus de 400 mouvements hebdomadaires dans un r\u00e9seau mondial en pleine expansion.<\/p>\n<h3>Extension de l&#8217;expertise en fret a\u00e9rien<\/h3>\n<p>Lars Jordahn, PDG de Maersk Air Cargo, s&#8217;est d\u00e9clar\u00e9 ravi de l&#8217;adh\u00e9sion : \u00ab Maersk Air Cargo est enthousiaste \u00e0 l&#8217;id\u00e9e de rejoindre l&#8217;ERA pour renforcer notre voix r\u00e9gionale et europ\u00e9enne, tout en d\u00e9veloppant notre pr\u00e9sence et notre contribution \u00e0 la d\u00e9finition de l&#8217;avenir du fret a\u00e9rien. \u00bb<\/p>\n<p>Montserrat Barriga, directrice g\u00e9n\u00e9rale de l&#8217;ERA, a soulign\u00e9 l&#8217;importance de Maersk Air Cargo pour la communaut\u00e9 des compagnies a\u00e9riennes au sein de l&#8217;ERA : \u00ab Maersk Air Cargo apporte une expertise significative dans le domaine du fret a\u00e9rien et une forte perspective logistique int\u00e9gr\u00e9e \u00e0 la communaut\u00e9 a\u00e9rienne de l&#8217;ERA. Le fret a\u00e9rien est un facteur essentiel de la connectivit\u00e9 europ\u00e9enne et mondiale, et l&#8217;approche tourn\u00e9e vers l&#8217;avenir de Maersk Air Cargo, combin\u00e9e \u00e0 son \u00e9chelle op\u00e9rationnelle et \u00e0 son engagement en faveur de la durabilit\u00e9, contribue de mani\u00e8re significative \u00e0 notre engagement commun en Europe. \u00bb<\/p>\n<p>L&#8217;adh\u00e9sion de Maersk Air Cargo souligne le r\u00f4le de l&#8217;ERA en tant que voix des compagnies a\u00e9riennes passagers et fret op\u00e9rant en Europe et au-del\u00e0. Alors que Maersk Air Cargo continue d&#8217;\u00e9largir ses op\u00e9rations et de poursuivre des pratiques respectueuses de l&#8217;environnement, la collaboration avec l&#8217;ERA est consid\u00e9r\u00e9e comme pr\u00e9cieuse pour repr\u00e9senter les int\u00e9r\u00eats de l&#8217;industrie a\u00e9ronautique.<\/p>\n<p>&nbsp;<\/p>\n<p><a href=\"https:\/\/www.eraa.org\/\" target=\"_blank\" rel=\"noopener noreferrer\">www.era.org<\/a><\/p>\n<p>&nbsp;<\/p>\n<p><a href=\"https:\/\/www.maersk.com\/\" target=\"_blank\" rel=\"noopener noreferrer\">www.maersk.com<\/a><\/p>\n<p>&nbsp;<\/p>\n","protected":false},"excerpt":{"rendered":"<p>Maersk Air Cargo a \u00e9t\u00e9 admise en tant que nouveau membre de l&rsquo;European Regions Airline Association afin de renforcer le paysage a\u00e9ronautique en Europe et de d\u00e9fendre les int\u00e9r\u00eats du secteur.<\/p>\n","protected":false},"author":12,"featured_media":73481,"comment_status":"open","ping_status":"open","sticky":false,"template":"","format":"standard","meta":{"_acf_changed":false,"footnotes":""},"categories":[1582,1587,1585],"tags":[6427,2648,6428,3447,6429,6430,6431,6432,6433,4364,6434,6435,6436,6437,6438,6439,6440,6441,6093,6442,6443,6444,6445,6446,6447,6448,6449,6450,6451,6452,6453,6454,6455,6456,2655,6457,6458,6459,2821,1831,6460,1962,6461,3472,6462,3475,4395,2829,6463,6464,4403,6465,6466,6467],"class_list":["post-73370","post","type-post","status-publish","format-standard","has-post-thumbnail","hentry","category-fret-aerien","category-leurope","category-regions","tag-adhesion-era","tag-air-freight","tag-air-freight-expertise","tag-air-freight-market","tag-air-transport-strategy","tag-airlines-europe","tag-airport-connections","tag-allemagne","tag-association-europeenne-des-regions-aeriennes","tag-aviation-durable","tag-belgien","tag-belgique","tag-belgium","tag-boeing-777","tag-charter-flights","tag-charterfluege","tag-china-english-maersk-air-cargo","tag-china-francais-maersk-air-cargo","tag-chine","tag-compagnies-aeriennes-europe","tag-connectivite-europeenne","tag-connexions-aeroportuaires","tag-daenemark","tag-denmark","tag-deutsch-maersk-air-cargo","tag-deutschland","tag-era-membership","tag-era-mitgliedschaft","tag-europaeische-konnektivitaet","tag-european-connectivity","tag-european-regions-airline-association","tag-expertise-en-fret-aerien","tag-fluggesellschaften-europa","tag-flughafenverbindungen","tag-fret-aerien","tag-germany","tag-integrated-logistics","tag-integrierte-logistik","tag-logistics-providers","tag-logistikdienstleister","tag-logistique-integree","tag-luftfracht","tag-luftfrachtkompetenz","tag-luftfrachtmarkt","tag-luftverkehrsstrategie","tag-marche-du-fret-aerien","tag-nachhaltige-luftfahrt","tag-prestataires-logistiques","tag-royaume-uni","tag-strategie-de-transport-aerien","tag-sustainable-aviation","tag-united-kingdom","tag-vereinigtes-koenigreich","tag-vols-charter"],"acf":[],"yoast_head":"<!-- This site is optimized with the Yoast SEO plugin v27.3 - https:\/\/yoast.com\/product\/yoast-seo-wordpress\/ -->\n<title>Maersk Air Cargo nouveau membre de l&#039;ERA - ITJ | International Transport Journal.<\/title>\n<meta name=\"robots\" content=\"index, follow, max-snippet:-1, max-image-preview:large, max-video-preview:-1\" \/>\n<link rel=\"canonical\" href=\"https:\/\/transportjournal.com\/fr\/2026\/01\/19\/maersk-air-cargo-nouveau-membre-de-lera\/\" \/>\n<meta property=\"og:locale\" content=\"fr_FR\" \/>\n<meta property=\"og:type\" content=\"article\" \/>\n<meta property=\"og:title\" content=\"Maersk Air Cargo nouveau membre de l&#039;ERA - ITJ | International Transport Journal.\" \/>\n<meta property=\"og:description\" content=\"Maersk Air Cargo a \u00e9t\u00e9 admise en tant que nouveau membre de l&#039;European Regions Airline Association afin de renforcer le paysage a\u00e9ronautique en Europe et de d\u00e9fendre les int\u00e9r\u00eats du secteur.\" \/>\n<meta property=\"og:url\" content=\"https:\/\/transportjournal.com\/fr\/2026\/01\/19\/maersk-air-cargo-nouveau-membre-de-lera\/\" \/>\n<meta property=\"og:site_name\" content=\"ITJ | International Transport Journal\" \/>\n<meta property=\"article:published_time\" content=\"2026-01-19T08:26:09+00:00\" \/>\n<meta property=\"article:modified_time\" content=\"2026-01-19T14:58:41+00:00\" \/>\n<meta name=\"author\" content=\"Andreas Haug\" \/>\n<meta name=\"twitter:card\" content=\"summary_large_image\" \/>\n<meta name=\"twitter:label1\" content=\"\u00c9crit par\" \/>\n\t<meta name=\"twitter:data1\" content=\"Andreas Haug\" \/>\n\t<meta name=\"twitter:label2\" content=\"Dur\u00e9e de lecture estim\u00e9e\" \/>\n\t<meta name=\"twitter:data2\" content=\"2 minutes\" \/>\n<script type=\"application\/ld+json\" class=\"yoast-schema-graph\">{\"@context\":\"https:\\\/\\\/schema.org\",\"@graph\":[{\"@type\":\"Article\",\"@id\":\"https:\\\/\\\/transportjournal.com\\\/fr\\\/2026\\\/01\\\/19\\\/maersk-air-cargo-nouveau-membre-de-lera\\\/#article\",\"isPartOf\":{\"@id\":\"https:\\\/\\\/transportjournal.com\\\/fr\\\/2026\\\/01\\\/19\\\/maersk-air-cargo-nouveau-membre-de-lera\\\/\"},\"author\":{\"name\":\"Andreas Haug\",\"@id\":\"https:\\\/\\\/transportjournal.com\\\/fr\\\/#\\\/schema\\\/person\\\/cf538b3157f15afd7589245a4b3dbd25\"},\"headline\":\"Maersk Air Cargo nouveau membre de l&rsquo;ERA\",\"datePublished\":\"2026-01-19T08:26:09+00:00\",\"dateModified\":\"2026-01-19T14:58:41+00:00\",\"mainEntityOfPage\":{\"@id\":\"https:\\\/\\\/transportjournal.com\\\/fr\\\/2026\\\/01\\\/19\\\/maersk-air-cargo-nouveau-membre-de-lera\\\/\"},\"wordCount\":408,\"commentCount\":0,\"publisher\":{\"@id\":\"https:\\\/\\\/transportjournal.com\\\/fr\\\/#organization\"},\"image\":{\"@id\":\"https:\\\/\\\/transportjournal.com\\\/fr\\\/2026\\\/01\\\/19\\\/maersk-air-cargo-nouveau-membre-de-lera\\\/#primaryimage\"},\"thumbnailUrl\":\"https:\\\/\\\/transportjournal.com\\\/wp-content\\\/uploads\\\/sites\\\/2\\\/2026\\\/01\\\/Maersk.jpg\",\"keywords\":[\"adh\u00e9sion ERA\",\"air freight\",\"air freight expertise\",\"air freight market\",\"air transport strategy\",\"airlines Europe\",\"airport connections\",\"Allemagne\",\"Association Europ\u00e9enne des R\u00e9gions A\u00e9riennes\",\"aviation durable\",\"Belgien\",\"Belgique\",\"Belgium\",\"Boeing 777\",\"charter flights\",\"Charterfl\u00fcge\",\"China English Maersk Air Cargo\",\"China Fran\u00e7ais Maersk Air Cargo\",\"Chine\",\"compagnies a\u00e9riennes Europe\",\"connectivit\u00e9 europ\u00e9enne\",\"connexions a\u00e9roportuaires\",\"D\u00e4nemark\",\"Denmark\",\"Deutsch Maersk Air Cargo\",\"Deutschland\",\"ERA membership\",\"ERA Mitgliedschaft\",\"europ\u00e4ische Konnektivit\u00e4t\",\"European connectivity\",\"European Regions Airline Association\",\"expertise en fret a\u00e9rien\",\"Fluggesellschaften Europa\",\"Flughafenverbindungen\",\"fret a\u00e9rien\",\"Germany\",\"integrated logistics\",\"integrierte Logistik\",\"logistics providers\",\"Logistikdienstleister\",\"logistique int\u00e9gr\u00e9e\",\"Luftfracht\",\"Luftfrachtkompetenz\",\"Luftfrachtmarkt\",\"Luftverkehrsstrategie\",\"march\u00e9 du fret a\u00e9rien\",\"nachhaltige Luftfahrt\",\"prestataires logistiques\",\"Royaume-Uni\",\"strat\u00e9gie de transport a\u00e9rien\",\"sustainable aviation\",\"United Kingdom\",\"Vereinigtes K\u00f6nigreich\",\"vols charter\"],\"articleSection\":[\"Fret a\u00e9rien\",\"L'Europe\",\"R\u00e9gions\"],\"inLanguage\":\"fr-FR\",\"potentialAction\":[{\"@type\":\"CommentAction\",\"name\":\"Comment\",\"target\":[\"https:\\\/\\\/transportjournal.com\\\/fr\\\/2026\\\/01\\\/19\\\/maersk-air-cargo-nouveau-membre-de-lera\\\/#respond\"]}]},{\"@type\":\"WebPage\",\"@id\":\"https:\\\/\\\/transportjournal.com\\\/fr\\\/2026\\\/01\\\/19\\\/maersk-air-cargo-nouveau-membre-de-lera\\\/\",\"url\":\"https:\\\/\\\/transportjournal.com\\\/fr\\\/2026\\\/01\\\/19\\\/maersk-air-cargo-nouveau-membre-de-lera\\\/\",\"name\":\"Maersk Air Cargo nouveau membre de l'ERA - ITJ | International Transport Journal.\",\"isPartOf\":{\"@id\":\"https:\\\/\\\/transportjournal.com\\\/fr\\\/#website\"},\"primaryImageOfPage\":{\"@id\":\"https:\\\/\\\/transportjournal.com\\\/fr\\\/2026\\\/01\\\/19\\\/maersk-air-cargo-nouveau-membre-de-lera\\\/#primaryimage\"},\"image\":{\"@id\":\"https:\\\/\\\/transportjournal.com\\\/fr\\\/2026\\\/01\\\/19\\\/maersk-air-cargo-nouveau-membre-de-lera\\\/#primaryimage\"},\"thumbnailUrl\":\"https:\\\/\\\/transportjournal.com\\\/wp-content\\\/uploads\\\/sites\\\/2\\\/2026\\\/01\\\/Maersk.jpg\",\"datePublished\":\"2026-01-19T08:26:09+00:00\",\"dateModified\":\"2026-01-19T14:58:41+00:00\",\"breadcrumb\":{\"@id\":\"https:\\\/\\\/transportjournal.com\\\/fr\\\/2026\\\/01\\\/19\\\/maersk-air-cargo-nouveau-membre-de-lera\\\/#breadcrumb\"},\"inLanguage\":\"fr-FR\",\"potentialAction\":[{\"@type\":\"ReadAction\",\"target\":[\"https:\\\/\\\/transportjournal.com\\\/fr\\\/2026\\\/01\\\/19\\\/maersk-air-cargo-nouveau-membre-de-lera\\\/\"]}]},{\"@type\":\"ImageObject\",\"inLanguage\":\"fr-FR\",\"@id\":\"https:\\\/\\\/transportjournal.com\\\/fr\\\/2026\\\/01\\\/19\\\/maersk-air-cargo-nouveau-membre-de-lera\\\/#primaryimage\",\"url\":\"https:\\\/\\\/transportjournal.com\\\/wp-content\\\/uploads\\\/sites\\\/2\\\/2026\\\/01\\\/Maersk.jpg\",\"contentUrl\":\"https:\\\/\\\/transportjournal.com\\\/wp-content\\\/uploads\\\/sites\\\/2\\\/2026\\\/01\\\/Maersk.jpg\",\"width\":720,\"height\":405},{\"@type\":\"BreadcrumbList\",\"@id\":\"https:\\\/\\\/transportjournal.com\\\/fr\\\/2026\\\/01\\\/19\\\/maersk-air-cargo-nouveau-membre-de-lera\\\/#breadcrumb\",\"itemListElement\":[{\"@type\":\"ListItem\",\"position\":1,\"name\":\"Startseite\",\"item\":\"https:\\\/\\\/transportjournal.com\\\/fr\\\/\"},{\"@type\":\"ListItem\",\"position\":2,\"name\":\"Maersk Air Cargo nouveau membre de l&rsquo;ERA\"}]},{\"@type\":\"WebSite\",\"@id\":\"https:\\\/\\\/transportjournal.com\\\/fr\\\/#website\",\"url\":\"https:\\\/\\\/transportjournal.com\\\/fr\\\/\",\"name\":\"ITJ | International Transport Journal\",\"description\":\"Restez inform\u00e9 des derni\u00e8res nouvelles mondiales dans les secteurs du transport, de la logistique et de la cha\u00eene d'approvisionnement. Transport Journal fournit des informations d'experts, des analyses et des mises \u00e0 jour sur le transport maritime, l'aviation, l'intermodalit\u00e9 et l'exp\u00e9dition. \",\"publisher\":{\"@id\":\"https:\\\/\\\/transportjournal.com\\\/fr\\\/#organization\"},\"potentialAction\":[{\"@type\":\"SearchAction\",\"target\":{\"@type\":\"EntryPoint\",\"urlTemplate\":\"https:\\\/\\\/transportjournal.com\\\/fr\\\/?s={search_term_string}\"},\"query-input\":{\"@type\":\"PropertyValueSpecification\",\"valueRequired\":true,\"valueName\":\"search_term_string\"}}],\"inLanguage\":\"fr-FR\"},{\"@type\":\"Organization\",\"@id\":\"https:\\\/\\\/transportjournal.com\\\/fr\\\/#organization\",\"name\":\"Groupe Logismedia AG\",\"alternateName\":\"Logismedia Group AG\",\"url\":\"https:\\\/\\\/transportjournal.com\\\/fr\\\/\",\"logo\":{\"@type\":\"ImageObject\",\"inLanguage\":\"fr-FR\",\"@id\":\"https:\\\/\\\/transportjournal.com\\\/fr\\\/#\\\/schema\\\/logo\\\/image\\\/\",\"url\":\"https:\\\/\\\/transportjournal.com\\\/wp-content\\\/uploads\\\/sites\\\/2\\\/2025\\\/09\\\/Logo_ITJ.png\",\"contentUrl\":\"https:\\\/\\\/transportjournal.com\\\/wp-content\\\/uploads\\\/sites\\\/2\\\/2025\\\/09\\\/Logo_ITJ.png\",\"width\":799,\"height\":326,\"caption\":\"Groupe Logismedia AG\"},\"image\":{\"@id\":\"https:\\\/\\\/transportjournal.com\\\/fr\\\/#\\\/schema\\\/logo\\\/image\\\/\"},\"sameAs\":[\"https:\\\/\\\/www.linkedin.com\\\/company\\\/56456496\\\/admin\\\/dashboard\\\/\",\"https:\\\/\\\/www.instagram.com\\\/logismediagroup\\\/\",\"https:\\\/\\\/www.youtube.com\\\/@LogiamediaGroupAG\"]},{\"@type\":\"Person\",\"@id\":\"https:\\\/\\\/transportjournal.com\\\/fr\\\/#\\\/schema\\\/person\\\/cf538b3157f15afd7589245a4b3dbd25\",\"name\":\"Andreas Haug\",\"url\":\"https:\\\/\\\/transportjournal.com\\\/fr\\\/author\\\/andreas\\\/\"}]}<\/script>\n<!-- \/ Yoast SEO plugin. -->","yoast_head_json":{"title":"Maersk Air Cargo nouveau membre de l'ERA - ITJ | International Transport Journal.","robots":{"index":"index","follow":"follow","max-snippet":"max-snippet:-1","max-image-preview":"max-image-preview:large","max-video-preview":"max-video-preview:-1"},"canonical":"https:\/\/transportjournal.com\/fr\/2026\/01\/19\/maersk-air-cargo-nouveau-membre-de-lera\/","og_locale":"fr_FR","og_type":"article","og_title":"Maersk Air Cargo nouveau membre de l'ERA - ITJ | International Transport Journal.","og_description":"Maersk Air Cargo a \u00e9t\u00e9 admise en tant que nouveau membre de l'European Regions Airline Association afin de renforcer le paysage a\u00e9ronautique en Europe et de d\u00e9fendre les int\u00e9r\u00eats du secteur.","og_url":"https:\/\/transportjournal.com\/fr\/2026\/01\/19\/maersk-air-cargo-nouveau-membre-de-lera\/","og_site_name":"ITJ | International Transport Journal","article_published_time":"2026-01-19T08:26:09+00:00","article_modified_time":"2026-01-19T14:58:41+00:00","author":"Andreas Haug","twitter_card":"summary_large_image","twitter_misc":{"\u00c9crit par":"Andreas Haug","Dur\u00e9e de lecture estim\u00e9e":"2 minutes"},"schema":{"@context":"https:\/\/schema.org","@graph":[{"@type":"Article","@id":"https:\/\/transportjournal.com\/fr\/2026\/01\/19\/maersk-air-cargo-nouveau-membre-de-lera\/#article","isPartOf":{"@id":"https:\/\/transportjournal.com\/fr\/2026\/01\/19\/maersk-air-cargo-nouveau-membre-de-lera\/"},"author":{"name":"Andreas Haug","@id":"https:\/\/transportjournal.com\/fr\/#\/schema\/person\/cf538b3157f15afd7589245a4b3dbd25"},"headline":"Maersk Air Cargo nouveau membre de l&rsquo;ERA","datePublished":"2026-01-19T08:26:09+00:00","dateModified":"2026-01-19T14:58:41+00:00","mainEntityOfPage":{"@id":"https:\/\/transportjournal.com\/fr\/2026\/01\/19\/maersk-air-cargo-nouveau-membre-de-lera\/"},"wordCount":408,"commentCount":0,"publisher":{"@id":"https:\/\/transportjournal.com\/fr\/#organization"},"image":{"@id":"https:\/\/transportjournal.com\/fr\/2026\/01\/19\/maersk-air-cargo-nouveau-membre-de-lera\/#primaryimage"},"thumbnailUrl":"https:\/\/transportjournal.com\/wp-content\/uploads\/sites\/2\/2026\/01\/Maersk.jpg","keywords":["adh\u00e9sion ERA","air freight","air freight expertise","air freight market","air transport strategy","airlines Europe","airport connections","Allemagne","Association Europ\u00e9enne des R\u00e9gions A\u00e9riennes","aviation durable","Belgien","Belgique","Belgium","Boeing 777","charter flights","Charterfl\u00fcge","China English Maersk Air Cargo","China Fran\u00e7ais Maersk Air Cargo","Chine","compagnies a\u00e9riennes Europe","connectivit\u00e9 europ\u00e9enne","connexions a\u00e9roportuaires","D\u00e4nemark","Denmark","Deutsch Maersk Air Cargo","Deutschland","ERA membership","ERA Mitgliedschaft","europ\u00e4ische Konnektivit\u00e4t","European connectivity","European Regions Airline Association","expertise en fret a\u00e9rien","Fluggesellschaften Europa","Flughafenverbindungen","fret a\u00e9rien","Germany","integrated logistics","integrierte Logistik","logistics providers","Logistikdienstleister","logistique int\u00e9gr\u00e9e","Luftfracht","Luftfrachtkompetenz","Luftfrachtmarkt","Luftverkehrsstrategie","march\u00e9 du fret a\u00e9rien","nachhaltige Luftfahrt","prestataires logistiques","Royaume-Uni","strat\u00e9gie de transport a\u00e9rien","sustainable aviation","United Kingdom","Vereinigtes K\u00f6nigreich","vols charter"],"articleSection":["Fret a\u00e9rien","L'Europe","R\u00e9gions"],"inLanguage":"fr-FR","potentialAction":[{"@type":"CommentAction","name":"Comment","target":["https:\/\/transportjournal.com\/fr\/2026\/01\/19\/maersk-air-cargo-nouveau-membre-de-lera\/#respond"]}]},{"@type":"WebPage","@id":"https:\/\/transportjournal.com\/fr\/2026\/01\/19\/maersk-air-cargo-nouveau-membre-de-lera\/","url":"https:\/\/transportjournal.com\/fr\/2026\/01\/19\/maersk-air-cargo-nouveau-membre-de-lera\/","name":"Maersk Air Cargo nouveau membre de l'ERA - ITJ | International Transport Journal.","isPartOf":{"@id":"https:\/\/transportjournal.com\/fr\/#website"},"primaryImageOfPage":{"@id":"https:\/\/transportjournal.com\/fr\/2026\/01\/19\/maersk-air-cargo-nouveau-membre-de-lera\/#primaryimage"},"image":{"@id":"https:\/\/transportjournal.com\/fr\/2026\/01\/19\/maersk-air-cargo-nouveau-membre-de-lera\/#primaryimage"},"thumbnailUrl":"https:\/\/transportjournal.com\/wp-content\/uploads\/sites\/2\/2026\/01\/Maersk.jpg","datePublished":"2026-01-19T08:26:09+00:00","dateModified":"2026-01-19T14:58:41+00:00","breadcrumb":{"@id":"https:\/\/transportjournal.com\/fr\/2026\/01\/19\/maersk-air-cargo-nouveau-membre-de-lera\/#breadcrumb"},"inLanguage":"fr-FR","potentialAction":[{"@type":"ReadAction","target":["https:\/\/transportjournal.com\/fr\/2026\/01\/19\/maersk-air-cargo-nouveau-membre-de-lera\/"]}]},{"@type":"ImageObject","inLanguage":"fr-FR","@id":"https:\/\/transportjournal.com\/fr\/2026\/01\/19\/maersk-air-cargo-nouveau-membre-de-lera\/#primaryimage","url":"https:\/\/transportjournal.com\/wp-content\/uploads\/sites\/2\/2026\/01\/Maersk.jpg","contentUrl":"https:\/\/transportjournal.com\/wp-content\/uploads\/sites\/2\/2026\/01\/Maersk.jpg","width":720,"height":405},{"@type":"BreadcrumbList","@id":"https:\/\/transportjournal.com\/fr\/2026\/01\/19\/maersk-air-cargo-nouveau-membre-de-lera\/#breadcrumb","itemListElement":[{"@type":"ListItem","position":1,"name":"Startseite","item":"https:\/\/transportjournal.com\/fr\/"},{"@type":"ListItem","position":2,"name":"Maersk Air Cargo nouveau membre de l&rsquo;ERA"}]},{"@type":"WebSite","@id":"https:\/\/transportjournal.com\/fr\/#website","url":"https:\/\/transportjournal.com\/fr\/","name":"ITJ | International Transport Journal","description":"Restez inform\u00e9 des derni\u00e8res nouvelles mondiales dans les secteurs du transport, de la logistique et de la cha\u00eene d'approvisionnement. Transport Journal fournit des informations d'experts, des analyses et des mises \u00e0 jour sur le transport maritime, l'aviation, l'intermodalit\u00e9 et l'exp\u00e9dition. ","publisher":{"@id":"https:\/\/transportjournal.com\/fr\/#organization"},"potentialAction":[{"@type":"SearchAction","target":{"@type":"EntryPoint","urlTemplate":"https:\/\/transportjournal.com\/fr\/?s={search_term_string}"},"query-input":{"@type":"PropertyValueSpecification","valueRequired":true,"valueName":"search_term_string"}}],"inLanguage":"fr-FR"},{"@type":"Organization","@id":"https:\/\/transportjournal.com\/fr\/#organization","name":"Groupe Logismedia AG","alternateName":"Logismedia Group AG","url":"https:\/\/transportjournal.com\/fr\/","logo":{"@type":"ImageObject","inLanguage":"fr-FR","@id":"https:\/\/transportjournal.com\/fr\/#\/schema\/logo\/image\/","url":"https:\/\/transportjournal.com\/wp-content\/uploads\/sites\/2\/2025\/09\/Logo_ITJ.png","contentUrl":"https:\/\/transportjournal.com\/wp-content\/uploads\/sites\/2\/2025\/09\/Logo_ITJ.png","width":799,"height":326,"caption":"Groupe Logismedia AG"},"image":{"@id":"https:\/\/transportjournal.com\/fr\/#\/schema\/logo\/image\/"},"sameAs":["https:\/\/www.linkedin.com\/company\/56456496\/admin\/dashboard\/","https:\/\/www.instagram.com\/logismediagroup\/","https:\/\/www.youtube.com\/@LogiamediaGroupAG"]},{"@type":"Person","@id":"https:\/\/transportjournal.com\/fr\/#\/schema\/person\/cf538b3157f15afd7589245a4b3dbd25","name":"Andreas Haug","url":"https:\/\/transportjournal.com\/fr\/author\/andreas\/"}]}},"_links":{"self":[{"href":"https:\/\/transportjournal.com\/fr\/wp-json\/wp\/v2\/posts\/73370","targetHints":{"allow":["GET"]}}],"collection":[{"href":"https:\/\/transportjournal.com\/fr\/wp-json\/wp\/v2\/posts"}],"about":[{"href":"https:\/\/transportjournal.com\/fr\/wp-json\/wp\/v2\/types\/post"}],"author":[{"embeddable":true,"href":"https:\/\/transportjournal.com\/fr\/wp-json\/wp\/v2\/users\/12"}],"replies":[{"embeddable":true,"href":"https:\/\/transportjournal.com\/fr\/wp-json\/wp\/v2\/comments?post=73370"}],"version-history":[{"count":1,"href":"https:\/\/transportjournal.com\/fr\/wp-json\/wp\/v2\/posts\/73370\/revisions"}],"predecessor-version":[{"id":73483,"href":"https:\/\/transportjournal.com\/fr\/wp-json\/wp\/v2\/posts\/73370\/revisions\/73483"}],"wp:featuredmedia":[{"embeddable":true,"href":"https:\/\/transportjournal.com\/fr\/wp-json\/wp\/v2\/media\/73481"}],"wp:attachment":[{"href":"https:\/\/transportjournal.com\/fr\/wp-json\/wp\/v2\/media?parent=73370"}],"wp:term":[{"taxonomy":"category","embeddable":true,"href":"https:\/\/transportjournal.com\/fr\/wp-json\/wp\/v2\/categories?post=73370"},{"taxonomy":"post_tag","embeddable":true,"href":"https:\/\/transportjournal.com\/fr\/wp-json\/wp\/v2\/tags?post=73370"}],"curies":[{"name":"wp","href":"https:\/\/api.w.org\/{rel}","templated":true}]}}