{"id":73362,"date":"2026-01-19T08:20:03","date_gmt":"2026-01-19T08:20:03","guid":{"rendered":"https:\/\/transportjournal.com\/2026\/01\/19\/efw-huitieme-avion-cargo-remis-a-air-china\/"},"modified":"2026-01-19T08:20:03","modified_gmt":"2026-01-19T08:20:03","slug":"efw-huitieme-avion-cargo-remis-a-air-china","status":"publish","type":"post","link":"https:\/\/transportjournal.com\/fr\/2026\/01\/19\/efw-huitieme-avion-cargo-remis-a-air-china\/","title":{"rendered":"EFW : Huiti\u00e8me avion cargo remis \u00e0 Air China"},"content":{"rendered":"<p>Le mercredi 14 janvier 2026, les Elbe Flugzeugwerke (EFW) ont remis le huiti\u00e8me avion cargo \u00e0 leur client Air China Cargo. Avec cette livraison, EFW a r\u00e9ussi \u00e0 conclure un contrat important en Chine. La conversion de l&#8217;avion de passagers a \u00e9t\u00e9 planifi\u00e9e \u00e0 Dresde et r\u00e9alis\u00e9e par Ameco \u00e0 Chengdu, en Chine, l&#8217;un des huit sites de conversion internationaux du r\u00e9seau EFW.<\/p>\n<h3>Collaboration r\u00e9ussie dans la conversion<\/h3>\n<p>Torsten Kuehn, responsable du programme de conversion chez EFW, a exprim\u00e9 lors de la c\u00e9r\u00e9monie de remise \u00e0 Chengdu sa fiert\u00e9 concernant la collaboration r\u00e9ussie entre les \u00e9quipes d&#8217;Air China Cargo et d&#8217;Ameco. \u00ab Nous nous r\u00e9jouissons de la poursuite de notre partenariat dans les ann\u00e9es \u00e0 venir \u00bb, a d\u00e9clar\u00e9 Kuehn.<\/p>\n<p>Shen Min, PDG d&#8217;Ameco, a soulign\u00e9 que la livraison du premier avion marquait le d\u00e9but de la coop\u00e9ration et que la livraison compl\u00e8te repr\u00e9sente le lancement d&#8217;une nouvelle phase de collaboration. Ameco pr\u00e9voit de lancer un nouveau cycle de projets P2F (Passenger-to-Freighter) \u00e0 l&#8217;\u00e9chelle mondiale avec EFW. L&#8217;objectif est d&#8217;approfondir le partenariat strat\u00e9gique avec EFW et de promouvoir ensemble le d\u00e9veloppement continu de l&#8217;\u00e9cosyst\u00e8me P2F.<\/p>\n<p>La conversion des avions cargo d&#8217;Air China (A330-200) a dur\u00e9 environ deux ans ; le premier avion cargo converti a \u00e9t\u00e9 mis en service au premier trimestre 2023. EFW apporte son expertise et ses certifications dans le processus de conversion et mandate directement Ameco pour r\u00e9aliser les travaux.<\/p>\n<p>Ameco est responsable de l&#8217;entretien de l&#8217;ensemble de la flotte d&#8217;Air China. L&#8217;une des particularit\u00e9s du site de Chengdu est la conversion d&#8217;avions de passagers en avions cargo. EFW et Ameco collaborent depuis juillet 2022. Dans le cadre de cette coop\u00e9ration, des professionnels ont \u00e9t\u00e9 \u00e9chang\u00e9s et form\u00e9s sur les diff\u00e9rents sites. Les experts d&#8217;EFW soutiennent leurs coll\u00e8gues chinois lors de certaines phases de la conversion sur place et effectuent des contr\u00f4les de qualit\u00e9 ainsi que des proc\u00e9dures d&#8217;acceptation \u00e0 la fin du processus.<\/p>\n<p>&nbsp;<\/p>\n<p><a href=\"https:\/\/www.elbeflugzeugwerke.com\/\" target=\"_blank\" rel=\"noopener noreferrer\">www.elbeflugzeugwerke.com<\/a><\/p>\n<p>&nbsp;<\/p>\n","protected":false},"excerpt":{"rendered":"<p>Le mercredi 14 janvier 2026, Elbe Flugzeugwerke a remis avec succ\u00e8s le huiti\u00e8me avion cargo \u00e0 Air China Cargo, consolidant ainsi leur partenariat.<\/p>\n","protected":false},"author":12,"featured_media":73360,"comment_status":"open","ping_status":"open","sticky":false,"template":"","format":"standard","meta":{"_acf_changed":false,"footnotes":""},"categories":[1586,1582,1587,1585],"tags":[6403,6404,2648,3215,6405,3397,3398,2207,6406,6407,6408,6409,6410,2211,2212,1889,3417,6411,2655,3418,2125,6412,6413,6414,2133,1831,3423,1962,3251,6415,6416,6114,6417,3602,2148,6418,6419,6420,6421,6422,2237,6124,6125,1857,2242,2155,1837,6423,6424,6425,6426],"class_list":["post-73362","post","type-post","status-publish","format-standard","has-post-thumbnail","hentry","category-asie-pacifique","category-fret-aerien","category-leurope","category-regions","tag-a330-200","tag-air-china-cargo","tag-air-freight","tag-aircraft-maintenance","tag-ameco-chengdu","tag-aviation-industry","tag-avion-cargo","tag-chaine-dapprovisionnement","tag-collaboration","tag-collaboration-francais-efw","tag-conversion-passager-en-cargo","tag-conversion-process","tag-deutsch-efw","tag-digital-transformation","tag-digitale-transformation","tag-fachkraeftemangel","tag-frachtflugzeug","tag-freighter-aircraft","tag-fret-aerien","tag-industrie-aeronautique","tag-industrie-du-transport","tag-inspections-de-qualite","tag-international-conversion-sites","tag-internationale-umrueststandorte","tag-logistics-service-providers","tag-logistikdienstleister","tag-luftfahrtindustrie","tag-luftfracht","tag-maintenance-des-avions","tag-p2f-projects","tag-p2f-projekte","tag-partenariat-strategique","tag-passenger-to-freighter-conversion","tag-penurie-de-competences","tag-prestataires-de-services-logistiques","tag-processus-de-conversion","tag-projets-p2f","tag-qualitaetspruefungen","tag-quality-inspections","tag-sites-de-conversion-internationaux","tag-skills-shortage","tag-strategic-partnership","tag-strategische-partnerschaft","tag-supply-chain","tag-transformation-numerique","tag-transport-industry","tag-transportwirtschaft","tag-umruestung-passagierflugzeug","tag-umruestungsprozess","tag-wartung-flugzeuge","tag-zusammenarbeit-english-efw"],"acf":[],"yoast_head":"<!-- This site is optimized with the Yoast SEO plugin v27.3 - https:\/\/yoast.com\/product\/yoast-seo-wordpress\/ -->\n<title>EFW : Huiti\u00e8me avion cargo remis \u00e0 Air China - ITJ | International Transport Journal.<\/title>\n<meta name=\"robots\" content=\"index, follow, max-snippet:-1, max-image-preview:large, max-video-preview:-1\" \/>\n<link rel=\"canonical\" href=\"https:\/\/transportjournal.com\/fr\/2026\/01\/19\/efw-huitieme-avion-cargo-remis-a-air-china\/\" \/>\n<meta property=\"og:locale\" content=\"fr_FR\" \/>\n<meta property=\"og:type\" content=\"article\" \/>\n<meta property=\"og:title\" content=\"EFW : Huiti\u00e8me avion cargo remis \u00e0 Air China - ITJ | International Transport Journal.\" \/>\n<meta property=\"og:description\" content=\"Le mercredi 14 janvier 2026, Elbe Flugzeugwerke a remis avec succ\u00e8s le huiti\u00e8me avion cargo \u00e0 Air China Cargo, consolidant ainsi leur partenariat.\" \/>\n<meta property=\"og:url\" content=\"https:\/\/transportjournal.com\/fr\/2026\/01\/19\/efw-huitieme-avion-cargo-remis-a-air-china\/\" \/>\n<meta property=\"og:site_name\" content=\"ITJ | International Transport Journal\" \/>\n<meta property=\"article:published_time\" content=\"2026-01-19T08:20:03+00:00\" \/>\n<meta property=\"og:image\" content=\"https:\/\/transportjournal.com\/wp-content\/uploads\/sites\/2\/2026\/01\/EFW-2026-efw-delivery-air-china-aspect-ratio-1400-788.jpg\" \/>\n\t<meta property=\"og:image:width\" content=\"1576\" \/>\n\t<meta property=\"og:image:height\" content=\"887\" \/>\n\t<meta property=\"og:image:type\" content=\"image\/jpeg\" \/>\n<meta name=\"author\" content=\"Andreas Haug\" \/>\n<meta name=\"twitter:card\" content=\"summary_large_image\" \/>\n<meta name=\"twitter:label1\" content=\"\u00c9crit par\" \/>\n\t<meta name=\"twitter:data1\" content=\"Andreas Haug\" \/>\n\t<meta name=\"twitter:label2\" content=\"Dur\u00e9e de lecture estim\u00e9e\" \/>\n\t<meta name=\"twitter:data2\" content=\"2 minutes\" \/>\n<script type=\"application\/ld+json\" class=\"yoast-schema-graph\">{\"@context\":\"https:\\\/\\\/schema.org\",\"@graph\":[{\"@type\":\"Article\",\"@id\":\"https:\\\/\\\/transportjournal.com\\\/fr\\\/2026\\\/01\\\/19\\\/efw-huitieme-avion-cargo-remis-a-air-china\\\/#article\",\"isPartOf\":{\"@id\":\"https:\\\/\\\/transportjournal.com\\\/fr\\\/2026\\\/01\\\/19\\\/efw-huitieme-avion-cargo-remis-a-air-china\\\/\"},\"author\":{\"name\":\"Andreas Haug\",\"@id\":\"https:\\\/\\\/transportjournal.com\\\/fr\\\/#\\\/schema\\\/person\\\/cf538b3157f15afd7589245a4b3dbd25\"},\"headline\":\"EFW : Huiti\u00e8me avion cargo remis \u00e0 Air China\",\"datePublished\":\"2026-01-19T08:20:03+00:00\",\"mainEntityOfPage\":{\"@id\":\"https:\\\/\\\/transportjournal.com\\\/fr\\\/2026\\\/01\\\/19\\\/efw-huitieme-avion-cargo-remis-a-air-china\\\/\"},\"wordCount\":366,\"commentCount\":0,\"publisher\":{\"@id\":\"https:\\\/\\\/transportjournal.com\\\/fr\\\/#organization\"},\"image\":{\"@id\":\"https:\\\/\\\/transportjournal.com\\\/fr\\\/2026\\\/01\\\/19\\\/efw-huitieme-avion-cargo-remis-a-air-china\\\/#primaryimage\"},\"thumbnailUrl\":\"https:\\\/\\\/transportjournal.com\\\/wp-content\\\/uploads\\\/sites\\\/2\\\/2026\\\/01\\\/EFW-2026-efw-delivery-air-china-aspect-ratio-1400-788.jpg\",\"keywords\":[\"A330-200\",\"Air China Cargo\",\"air freight\",\"aircraft maintenance\",\"Ameco Chengdu\",\"aviation industry\",\"avion cargo\",\"cha\u00eene d'approvisionnement\",\"collaboration\",\"collaboration Fran\u00e7ais EFW\",\"conversion passager-en-cargo\",\"conversion process\",\"Deutsch EFW\",\"digital transformation\",\"digitale Transformation\",\"Fachkr\u00e4ftemangel\",\"Frachtflugzeug\",\"freighter aircraft\",\"fret a\u00e9rien\",\"industrie a\u00e9ronautique\",\"industrie du transport\",\"inspections de qualit\u00e9\",\"international conversion sites\",\"internationale Umr\u00fcststandorte\",\"logistics service providers\",\"Logistikdienstleister\",\"Luftfahrtindustrie\",\"Luftfracht\",\"maintenance des avions\",\"P2F projects\",\"P2F-Projekte\",\"partenariat strat\u00e9gique\",\"passenger-to-freighter conversion\",\"p\u00e9nurie de comp\u00e9tences\",\"prestataires de services logistiques\",\"processus de conversion\",\"projets P2F\",\"Qualit\u00e4tspr\u00fcfungen\",\"quality inspections\",\"sites de conversion internationaux\",\"skills shortage\",\"strategic partnership\",\"strategische Partnerschaft\",\"Supply Chain\",\"transformation num\u00e9rique\",\"transport industry\",\"Transportwirtschaft\",\"Umr\u00fcstung Passagierflugzeug\",\"Umr\u00fcstungsprozess\",\"Wartung Flugzeuge\",\"Zusammenarbeit English EFW\"],\"articleSection\":[\"Asie\\\/Pacifique\",\"Fret a\u00e9rien\",\"L'Europe\",\"R\u00e9gions\"],\"inLanguage\":\"fr-FR\",\"potentialAction\":[{\"@type\":\"CommentAction\",\"name\":\"Comment\",\"target\":[\"https:\\\/\\\/transportjournal.com\\\/fr\\\/2026\\\/01\\\/19\\\/efw-huitieme-avion-cargo-remis-a-air-china\\\/#respond\"]}]},{\"@type\":\"WebPage\",\"@id\":\"https:\\\/\\\/transportjournal.com\\\/fr\\\/2026\\\/01\\\/19\\\/efw-huitieme-avion-cargo-remis-a-air-china\\\/\",\"url\":\"https:\\\/\\\/transportjournal.com\\\/fr\\\/2026\\\/01\\\/19\\\/efw-huitieme-avion-cargo-remis-a-air-china\\\/\",\"name\":\"EFW : Huiti\u00e8me avion cargo remis \u00e0 Air China - ITJ | International Transport Journal.\",\"isPartOf\":{\"@id\":\"https:\\\/\\\/transportjournal.com\\\/fr\\\/#website\"},\"primaryImageOfPage\":{\"@id\":\"https:\\\/\\\/transportjournal.com\\\/fr\\\/2026\\\/01\\\/19\\\/efw-huitieme-avion-cargo-remis-a-air-china\\\/#primaryimage\"},\"image\":{\"@id\":\"https:\\\/\\\/transportjournal.com\\\/fr\\\/2026\\\/01\\\/19\\\/efw-huitieme-avion-cargo-remis-a-air-china\\\/#primaryimage\"},\"thumbnailUrl\":\"https:\\\/\\\/transportjournal.com\\\/wp-content\\\/uploads\\\/sites\\\/2\\\/2026\\\/01\\\/EFW-2026-efw-delivery-air-china-aspect-ratio-1400-788.jpg\",\"datePublished\":\"2026-01-19T08:20:03+00:00\",\"breadcrumb\":{\"@id\":\"https:\\\/\\\/transportjournal.com\\\/fr\\\/2026\\\/01\\\/19\\\/efw-huitieme-avion-cargo-remis-a-air-china\\\/#breadcrumb\"},\"inLanguage\":\"fr-FR\",\"potentialAction\":[{\"@type\":\"ReadAction\",\"target\":[\"https:\\\/\\\/transportjournal.com\\\/fr\\\/2026\\\/01\\\/19\\\/efw-huitieme-avion-cargo-remis-a-air-china\\\/\"]}]},{\"@type\":\"ImageObject\",\"inLanguage\":\"fr-FR\",\"@id\":\"https:\\\/\\\/transportjournal.com\\\/fr\\\/2026\\\/01\\\/19\\\/efw-huitieme-avion-cargo-remis-a-air-china\\\/#primaryimage\",\"url\":\"https:\\\/\\\/transportjournal.com\\\/wp-content\\\/uploads\\\/sites\\\/2\\\/2026\\\/01\\\/EFW-2026-efw-delivery-air-china-aspect-ratio-1400-788.jpg\",\"contentUrl\":\"https:\\\/\\\/transportjournal.com\\\/wp-content\\\/uploads\\\/sites\\\/2\\\/2026\\\/01\\\/EFW-2026-efw-delivery-air-china-aspect-ratio-1400-788.jpg\",\"width\":1576,\"height\":887},{\"@type\":\"BreadcrumbList\",\"@id\":\"https:\\\/\\\/transportjournal.com\\\/fr\\\/2026\\\/01\\\/19\\\/efw-huitieme-avion-cargo-remis-a-air-china\\\/#breadcrumb\",\"itemListElement\":[{\"@type\":\"ListItem\",\"position\":1,\"name\":\"Startseite\",\"item\":\"https:\\\/\\\/transportjournal.com\\\/fr\\\/\"},{\"@type\":\"ListItem\",\"position\":2,\"name\":\"EFW : Huiti\u00e8me avion cargo remis \u00e0 Air China\"}]},{\"@type\":\"WebSite\",\"@id\":\"https:\\\/\\\/transportjournal.com\\\/fr\\\/#website\",\"url\":\"https:\\\/\\\/transportjournal.com\\\/fr\\\/\",\"name\":\"ITJ | International Transport Journal\",\"description\":\"Restez inform\u00e9 des derni\u00e8res nouvelles mondiales dans les secteurs du transport, de la logistique et de la cha\u00eene d'approvisionnement. Transport Journal fournit des informations d'experts, des analyses et des mises \u00e0 jour sur le transport maritime, l'aviation, l'intermodalit\u00e9 et l'exp\u00e9dition. \",\"publisher\":{\"@id\":\"https:\\\/\\\/transportjournal.com\\\/fr\\\/#organization\"},\"potentialAction\":[{\"@type\":\"SearchAction\",\"target\":{\"@type\":\"EntryPoint\",\"urlTemplate\":\"https:\\\/\\\/transportjournal.com\\\/fr\\\/?s={search_term_string}\"},\"query-input\":{\"@type\":\"PropertyValueSpecification\",\"valueRequired\":true,\"valueName\":\"search_term_string\"}}],\"inLanguage\":\"fr-FR\"},{\"@type\":\"Organization\",\"@id\":\"https:\\\/\\\/transportjournal.com\\\/fr\\\/#organization\",\"name\":\"Groupe Logismedia AG\",\"alternateName\":\"Logismedia Group AG\",\"url\":\"https:\\\/\\\/transportjournal.com\\\/fr\\\/\",\"logo\":{\"@type\":\"ImageObject\",\"inLanguage\":\"fr-FR\",\"@id\":\"https:\\\/\\\/transportjournal.com\\\/fr\\\/#\\\/schema\\\/logo\\\/image\\\/\",\"url\":\"https:\\\/\\\/transportjournal.com\\\/wp-content\\\/uploads\\\/sites\\\/2\\\/2025\\\/09\\\/Logo_ITJ.png\",\"contentUrl\":\"https:\\\/\\\/transportjournal.com\\\/wp-content\\\/uploads\\\/sites\\\/2\\\/2025\\\/09\\\/Logo_ITJ.png\",\"width\":799,\"height\":326,\"caption\":\"Groupe Logismedia AG\"},\"image\":{\"@id\":\"https:\\\/\\\/transportjournal.com\\\/fr\\\/#\\\/schema\\\/logo\\\/image\\\/\"},\"sameAs\":[\"https:\\\/\\\/www.linkedin.com\\\/company\\\/56456496\\\/admin\\\/dashboard\\\/\",\"https:\\\/\\\/www.instagram.com\\\/logismediagroup\\\/\",\"https:\\\/\\\/www.youtube.com\\\/@LogiamediaGroupAG\"]},{\"@type\":\"Person\",\"@id\":\"https:\\\/\\\/transportjournal.com\\\/fr\\\/#\\\/schema\\\/person\\\/cf538b3157f15afd7589245a4b3dbd25\",\"name\":\"Andreas Haug\",\"url\":\"https:\\\/\\\/transportjournal.com\\\/fr\\\/author\\\/andreas\\\/\"}]}<\/script>\n<!-- \/ Yoast SEO plugin. -->","yoast_head_json":{"title":"EFW : Huiti\u00e8me avion cargo remis \u00e0 Air China - ITJ | International Transport Journal.","robots":{"index":"index","follow":"follow","max-snippet":"max-snippet:-1","max-image-preview":"max-image-preview:large","max-video-preview":"max-video-preview:-1"},"canonical":"https:\/\/transportjournal.com\/fr\/2026\/01\/19\/efw-huitieme-avion-cargo-remis-a-air-china\/","og_locale":"fr_FR","og_type":"article","og_title":"EFW : Huiti\u00e8me avion cargo remis \u00e0 Air China - ITJ | International Transport Journal.","og_description":"Le mercredi 14 janvier 2026, Elbe Flugzeugwerke a remis avec succ\u00e8s le huiti\u00e8me avion cargo \u00e0 Air China Cargo, consolidant ainsi leur partenariat.","og_url":"https:\/\/transportjournal.com\/fr\/2026\/01\/19\/efw-huitieme-avion-cargo-remis-a-air-china\/","og_site_name":"ITJ | International Transport Journal","article_published_time":"2026-01-19T08:20:03+00:00","og_image":[{"width":1576,"height":887,"url":"https:\/\/transportjournal.com\/wp-content\/uploads\/sites\/2\/2026\/01\/EFW-2026-efw-delivery-air-china-aspect-ratio-1400-788.jpg","type":"image\/jpeg"}],"author":"Andreas Haug","twitter_card":"summary_large_image","twitter_misc":{"\u00c9crit par":"Andreas Haug","Dur\u00e9e de lecture estim\u00e9e":"2 minutes"},"schema":{"@context":"https:\/\/schema.org","@graph":[{"@type":"Article","@id":"https:\/\/transportjournal.com\/fr\/2026\/01\/19\/efw-huitieme-avion-cargo-remis-a-air-china\/#article","isPartOf":{"@id":"https:\/\/transportjournal.com\/fr\/2026\/01\/19\/efw-huitieme-avion-cargo-remis-a-air-china\/"},"author":{"name":"Andreas Haug","@id":"https:\/\/transportjournal.com\/fr\/#\/schema\/person\/cf538b3157f15afd7589245a4b3dbd25"},"headline":"EFW : Huiti\u00e8me avion cargo remis \u00e0 Air China","datePublished":"2026-01-19T08:20:03+00:00","mainEntityOfPage":{"@id":"https:\/\/transportjournal.com\/fr\/2026\/01\/19\/efw-huitieme-avion-cargo-remis-a-air-china\/"},"wordCount":366,"commentCount":0,"publisher":{"@id":"https:\/\/transportjournal.com\/fr\/#organization"},"image":{"@id":"https:\/\/transportjournal.com\/fr\/2026\/01\/19\/efw-huitieme-avion-cargo-remis-a-air-china\/#primaryimage"},"thumbnailUrl":"https:\/\/transportjournal.com\/wp-content\/uploads\/sites\/2\/2026\/01\/EFW-2026-efw-delivery-air-china-aspect-ratio-1400-788.jpg","keywords":["A330-200","Air China Cargo","air freight","aircraft maintenance","Ameco Chengdu","aviation industry","avion cargo","cha\u00eene d'approvisionnement","collaboration","collaboration Fran\u00e7ais EFW","conversion passager-en-cargo","conversion process","Deutsch EFW","digital transformation","digitale Transformation","Fachkr\u00e4ftemangel","Frachtflugzeug","freighter aircraft","fret a\u00e9rien","industrie a\u00e9ronautique","industrie du transport","inspections de qualit\u00e9","international conversion sites","internationale Umr\u00fcststandorte","logistics service providers","Logistikdienstleister","Luftfahrtindustrie","Luftfracht","maintenance des avions","P2F projects","P2F-Projekte","partenariat strat\u00e9gique","passenger-to-freighter conversion","p\u00e9nurie de comp\u00e9tences","prestataires de services logistiques","processus de conversion","projets P2F","Qualit\u00e4tspr\u00fcfungen","quality inspections","sites de conversion internationaux","skills shortage","strategic partnership","strategische Partnerschaft","Supply Chain","transformation num\u00e9rique","transport industry","Transportwirtschaft","Umr\u00fcstung Passagierflugzeug","Umr\u00fcstungsprozess","Wartung Flugzeuge","Zusammenarbeit English EFW"],"articleSection":["Asie\/Pacifique","Fret a\u00e9rien","L'Europe","R\u00e9gions"],"inLanguage":"fr-FR","potentialAction":[{"@type":"CommentAction","name":"Comment","target":["https:\/\/transportjournal.com\/fr\/2026\/01\/19\/efw-huitieme-avion-cargo-remis-a-air-china\/#respond"]}]},{"@type":"WebPage","@id":"https:\/\/transportjournal.com\/fr\/2026\/01\/19\/efw-huitieme-avion-cargo-remis-a-air-china\/","url":"https:\/\/transportjournal.com\/fr\/2026\/01\/19\/efw-huitieme-avion-cargo-remis-a-air-china\/","name":"EFW : Huiti\u00e8me avion cargo remis \u00e0 Air China - ITJ | International Transport Journal.","isPartOf":{"@id":"https:\/\/transportjournal.com\/fr\/#website"},"primaryImageOfPage":{"@id":"https:\/\/transportjournal.com\/fr\/2026\/01\/19\/efw-huitieme-avion-cargo-remis-a-air-china\/#primaryimage"},"image":{"@id":"https:\/\/transportjournal.com\/fr\/2026\/01\/19\/efw-huitieme-avion-cargo-remis-a-air-china\/#primaryimage"},"thumbnailUrl":"https:\/\/transportjournal.com\/wp-content\/uploads\/sites\/2\/2026\/01\/EFW-2026-efw-delivery-air-china-aspect-ratio-1400-788.jpg","datePublished":"2026-01-19T08:20:03+00:00","breadcrumb":{"@id":"https:\/\/transportjournal.com\/fr\/2026\/01\/19\/efw-huitieme-avion-cargo-remis-a-air-china\/#breadcrumb"},"inLanguage":"fr-FR","potentialAction":[{"@type":"ReadAction","target":["https:\/\/transportjournal.com\/fr\/2026\/01\/19\/efw-huitieme-avion-cargo-remis-a-air-china\/"]}]},{"@type":"ImageObject","inLanguage":"fr-FR","@id":"https:\/\/transportjournal.com\/fr\/2026\/01\/19\/efw-huitieme-avion-cargo-remis-a-air-china\/#primaryimage","url":"https:\/\/transportjournal.com\/wp-content\/uploads\/sites\/2\/2026\/01\/EFW-2026-efw-delivery-air-china-aspect-ratio-1400-788.jpg","contentUrl":"https:\/\/transportjournal.com\/wp-content\/uploads\/sites\/2\/2026\/01\/EFW-2026-efw-delivery-air-china-aspect-ratio-1400-788.jpg","width":1576,"height":887},{"@type":"BreadcrumbList","@id":"https:\/\/transportjournal.com\/fr\/2026\/01\/19\/efw-huitieme-avion-cargo-remis-a-air-china\/#breadcrumb","itemListElement":[{"@type":"ListItem","position":1,"name":"Startseite","item":"https:\/\/transportjournal.com\/fr\/"},{"@type":"ListItem","position":2,"name":"EFW : Huiti\u00e8me avion cargo remis \u00e0 Air China"}]},{"@type":"WebSite","@id":"https:\/\/transportjournal.com\/fr\/#website","url":"https:\/\/transportjournal.com\/fr\/","name":"ITJ | International Transport Journal","description":"Restez inform\u00e9 des derni\u00e8res nouvelles mondiales dans les secteurs du transport, de la logistique et de la cha\u00eene d'approvisionnement. Transport Journal fournit des informations d'experts, des analyses et des mises \u00e0 jour sur le transport maritime, l'aviation, l'intermodalit\u00e9 et l'exp\u00e9dition. ","publisher":{"@id":"https:\/\/transportjournal.com\/fr\/#organization"},"potentialAction":[{"@type":"SearchAction","target":{"@type":"EntryPoint","urlTemplate":"https:\/\/transportjournal.com\/fr\/?s={search_term_string}"},"query-input":{"@type":"PropertyValueSpecification","valueRequired":true,"valueName":"search_term_string"}}],"inLanguage":"fr-FR"},{"@type":"Organization","@id":"https:\/\/transportjournal.com\/fr\/#organization","name":"Groupe Logismedia AG","alternateName":"Logismedia Group AG","url":"https:\/\/transportjournal.com\/fr\/","logo":{"@type":"ImageObject","inLanguage":"fr-FR","@id":"https:\/\/transportjournal.com\/fr\/#\/schema\/logo\/image\/","url":"https:\/\/transportjournal.com\/wp-content\/uploads\/sites\/2\/2025\/09\/Logo_ITJ.png","contentUrl":"https:\/\/transportjournal.com\/wp-content\/uploads\/sites\/2\/2025\/09\/Logo_ITJ.png","width":799,"height":326,"caption":"Groupe Logismedia AG"},"image":{"@id":"https:\/\/transportjournal.com\/fr\/#\/schema\/logo\/image\/"},"sameAs":["https:\/\/www.linkedin.com\/company\/56456496\/admin\/dashboard\/","https:\/\/www.instagram.com\/logismediagroup\/","https:\/\/www.youtube.com\/@LogiamediaGroupAG"]},{"@type":"Person","@id":"https:\/\/transportjournal.com\/fr\/#\/schema\/person\/cf538b3157f15afd7589245a4b3dbd25","name":"Andreas Haug","url":"https:\/\/transportjournal.com\/fr\/author\/andreas\/"}]}},"_links":{"self":[{"href":"https:\/\/transportjournal.com\/fr\/wp-json\/wp\/v2\/posts\/73362","targetHints":{"allow":["GET"]}}],"collection":[{"href":"https:\/\/transportjournal.com\/fr\/wp-json\/wp\/v2\/posts"}],"about":[{"href":"https:\/\/transportjournal.com\/fr\/wp-json\/wp\/v2\/types\/post"}],"author":[{"embeddable":true,"href":"https:\/\/transportjournal.com\/fr\/wp-json\/wp\/v2\/users\/12"}],"replies":[{"embeddable":true,"href":"https:\/\/transportjournal.com\/fr\/wp-json\/wp\/v2\/comments?post=73362"}],"version-history":[{"count":0,"href":"https:\/\/transportjournal.com\/fr\/wp-json\/wp\/v2\/posts\/73362\/revisions"}],"wp:featuredmedia":[{"embeddable":true,"href":"https:\/\/transportjournal.com\/fr\/wp-json\/wp\/v2\/media\/73360"}],"wp:attachment":[{"href":"https:\/\/transportjournal.com\/fr\/wp-json\/wp\/v2\/media?parent=73362"}],"wp:term":[{"taxonomy":"category","embeddable":true,"href":"https:\/\/transportjournal.com\/fr\/wp-json\/wp\/v2\/categories?post=73362"},{"taxonomy":"post_tag","embeddable":true,"href":"https:\/\/transportjournal.com\/fr\/wp-json\/wp\/v2\/tags?post=73362"}],"curies":[{"name":"wp","href":"https:\/\/api.w.org\/{rel}","templated":true}]}}