{"id":73330,"date":"2026-01-16T10:02:47","date_gmt":"2026-01-16T10:02:47","guid":{"rendered":"https:\/\/transportjournal.com\/2026\/01\/16\/prochain-pas-vers-la-decarbonisation\/"},"modified":"2026-01-16T10:02:47","modified_gmt":"2026-01-16T10:02:47","slug":"prochain-pas-vers-la-decarbonisation","status":"publish","type":"post","link":"https:\/\/transportjournal.com\/fr\/2026\/01\/16\/prochain-pas-vers-la-decarbonisation\/","title":{"rendered":"Prochain pas vers la d\u00e9carbonisation"},"content":{"rendered":"<p>Cargill a franchi un nouveau pas vers la d\u00e9carbonisation du transport maritime avec la mise en service du navire &#8222;Brave Pioneer&#8220;. Ce navire, qui est le premier de cinq cargos \u00e0 double carburant affr\u00e9t\u00e9s, a \u00e9t\u00e9 r\u00e9cemment pr\u00e9sent\u00e9. Cette initiative fait partie de la strat\u00e9gie de Cargill visant \u00e0 r\u00e9duire les \u00e9missions de carbone dans le secteur du transport de marchandises en vrac, selon l&#8217;entreprise.<\/p>\n<h3>Premier voyage avec du m\u00e9thanol vert<\/h3>\n<p>&#8222;Brave Pioneer&#8220; a \u00e9t\u00e9 construit par Tsuneishi Shipbuilding Co., Ltd. et appartient \u00e0 Mitsui &amp; Co. Ltd. Le navire est capable d&#8217;op\u00e9rer \u00e0 la fois avec des carburants maritimes conventionnels et avec du m\u00e9thanol vert, un carburant consid\u00e9r\u00e9 comme une alternative plus respectueuse de l&#8217;environnement. Selon les estimations, l&#8217;utilisation de m\u00e9thanol vert pourrait r\u00e9duire les \u00e9missions de CO2 jusqu&#8217;\u00e0 70 % par rapport aux carburants conventionnels, indique l&#8217;entreprise.<\/p>\n<p>Le navire a r\u00e9cemment quitt\u00e9 les Philippines et sera ravitaill\u00e9 en m\u00e9thanol vert \u00e0 Singapour avant de se diriger vers l&#8217;Australie-Occidentale puis vers l&#8217;Europe. Au cours de ce voyage inaugural, Cargill pr\u00e9voit des tests op\u00e9rationnels pour \u00e9valuer la disponibilit\u00e9 du m\u00e9thanol vert. De plus, des possibilit\u00e9s de suivi et de v\u00e9rification des attributs environnementaux seront examin\u00e9es. Un autre objectif est de d\u00e9terminer l&#8217;int\u00e9r\u00eat du march\u00e9.<\/p>\n<p><a href=\"https:\/\/www.cargill.com\/\" target=\"_blank\" rel=\"noopener noreferrer\">www.cargill.com<\/a><\/p>\n","protected":false},"excerpt":{"rendered":"<p>Cargill a mis en service le navire \u00ab\u00a0Brave Pioneer\u00a0\u00bb pour promouvoir la d\u00e9carbonisation du transport maritime et favoriser des solutions de transport \u00e0 faibles \u00e9missions.<\/p>\n","protected":false},"author":10,"featured_media":73328,"comment_status":"open","ping_status":"open","sticky":false,"template":"","format":"standard","meta":{"_acf_changed":false,"footnotes":""},"categories":[1645],"tags":[6259,6260,6261,6262,6263,2207,6264,1803,6265,6266,2079,6267,6268,6269,2213,6270,6271,6272,6273,6274,6275,6276,2909,2223,3682,3683,6277,5840,6278,6279,6280,6281,6282,1809,6283,6284,2925,4096,2929,6285,1766,2728,6286,1857,5078,6287,6288,6289,2297,5081,1837,6290,6291],"class_list":["post-73330","post","type-post","status-publish","format-standard","has-post-thumbnail","hentry","category-uncategorized","tag-attributs-environnementaux","tag-betriebliche-tests","tag-bulk-freight-transport","tag-carbon-emissions","tag-carburants-maritimes","tag-chaine-dapprovisionnement","tag-co2-reduction","tag-co-reduktion","tag-decarbonisation","tag-decarbonization","tag-dekarbonisierung","tag-deutsch-cargill","tag-dual-fuel-cargo-ships","tag-dual-fuel-frachtschiffe","tag-economie-du-transport","tag-emissions-de-carbone","tag-environmental-attributes","tag-fachkraeftemangel-english-cargill","tag-green-methanol","tag-green-technologies","tag-gruene-technologien","tag-gruenes-methanol","tag-hafenbetrieb","tag-industrie-maritime","tag-infrastructure","tag-infrastruktur","tag-kohlenstoffemissionen","tag-lieferkette","tag-maritime-fuels","tag-maritime-kraftstoffe","tag-massengutfrachtverkehr","tag-methanol-vert","tag-mitsui-co-ltd","tag-nachhaltige-schifffahrt","tag-navires-a-double-carburant","tag-operational-testing","tag-operations-portuaires","tag-penurie-de-main-doeuvre-qualifiee","tag-port-operations","tag-reduction-du-co2","tag-schifffahrt","tag-shipping-industry","tag-skilled-labor-shortage-francais-cargill","tag-supply-chain","tag-sustainable-shipping","tag-technologies-vertes","tag-tests-operationnels","tag-transport-de-fret-en-vrac","tag-transport-economy","tag-transport-maritime-durable","tag-transportwirtschaft","tag-tsuneishi-shipbuilding","tag-umweltattribute"],"acf":[],"yoast_head":"<!-- This site is optimized with the Yoast SEO plugin v27.3 - https:\/\/yoast.com\/product\/yoast-seo-wordpress\/ -->\n<title>Prochain pas vers la d\u00e9carbonisation - ITJ | International Transport Journal.<\/title>\n<meta name=\"robots\" content=\"index, follow, max-snippet:-1, max-image-preview:large, max-video-preview:-1\" \/>\n<link rel=\"canonical\" href=\"https:\/\/transportjournal.com\/fr\/2026\/01\/16\/prochain-pas-vers-la-decarbonisation\/\" \/>\n<meta property=\"og:locale\" content=\"fr_FR\" \/>\n<meta property=\"og:type\" content=\"article\" \/>\n<meta property=\"og:title\" content=\"Prochain pas vers la d\u00e9carbonisation - ITJ | International Transport Journal.\" \/>\n<meta property=\"og:description\" content=\"Cargill a mis en service le navire &quot;Brave Pioneer&quot; pour promouvoir la d\u00e9carbonisation du transport maritime et favoriser des solutions de transport \u00e0 faibles \u00e9missions.\" \/>\n<meta property=\"og:url\" content=\"https:\/\/transportjournal.com\/fr\/2026\/01\/16\/prochain-pas-vers-la-decarbonisation\/\" \/>\n<meta property=\"og:site_name\" content=\"ITJ | International Transport Journal\" \/>\n<meta property=\"article:published_time\" content=\"2026-01-16T10:02:47+00:00\" \/>\n<meta property=\"og:image\" content=\"https:\/\/transportjournal.com\/wp-content\/uploads\/sites\/2\/2026\/01\/Hero_Pyxis_Ocean_Aug_2023-scaled-1.jpg\" \/>\n\t<meta property=\"og:image:width\" content=\"2560\" \/>\n\t<meta property=\"og:image:height\" content=\"1440\" \/>\n\t<meta property=\"og:image:type\" content=\"image\/jpeg\" \/>\n<meta name=\"author\" content=\"Jeremy Soland\" \/>\n<meta name=\"twitter:card\" content=\"summary_large_image\" \/>\n<meta name=\"twitter:label1\" content=\"\u00c9crit par\" \/>\n\t<meta name=\"twitter:data1\" content=\"Jeremy Soland\" \/>\n\t<meta name=\"twitter:label2\" content=\"Dur\u00e9e de lecture estim\u00e9e\" \/>\n\t<meta name=\"twitter:data2\" content=\"1 minute\" \/>\n<script type=\"application\/ld+json\" class=\"yoast-schema-graph\">{\"@context\":\"https:\\\/\\\/schema.org\",\"@graph\":[{\"@type\":\"Article\",\"@id\":\"https:\\\/\\\/transportjournal.com\\\/fr\\\/2026\\\/01\\\/16\\\/prochain-pas-vers-la-decarbonisation\\\/#article\",\"isPartOf\":{\"@id\":\"https:\\\/\\\/transportjournal.com\\\/fr\\\/2026\\\/01\\\/16\\\/prochain-pas-vers-la-decarbonisation\\\/\"},\"author\":{\"name\":\"Jeremy Soland\",\"@id\":\"https:\\\/\\\/transportjournal.com\\\/fr\\\/#\\\/schema\\\/person\\\/41d36b5474b623392fa613e97e2363fa\"},\"headline\":\"Prochain pas vers la d\u00e9carbonisation\",\"datePublished\":\"2026-01-16T10:02:47+00:00\",\"mainEntityOfPage\":{\"@id\":\"https:\\\/\\\/transportjournal.com\\\/fr\\\/2026\\\/01\\\/16\\\/prochain-pas-vers-la-decarbonisation\\\/\"},\"wordCount\":238,\"commentCount\":0,\"publisher\":{\"@id\":\"https:\\\/\\\/transportjournal.com\\\/fr\\\/#organization\"},\"image\":{\"@id\":\"https:\\\/\\\/transportjournal.com\\\/fr\\\/2026\\\/01\\\/16\\\/prochain-pas-vers-la-decarbonisation\\\/#primaryimage\"},\"thumbnailUrl\":\"https:\\\/\\\/transportjournal.com\\\/wp-content\\\/uploads\\\/sites\\\/2\\\/2026\\\/01\\\/Hero_Pyxis_Ocean_Aug_2023-scaled-1.jpg\",\"keywords\":[\"attributs environnementaux\",\"betriebliche Tests\",\"bulk freight transport\",\"carbon emissions\",\"carburants maritimes\",\"cha\u00eene d'approvisionnement\",\"CO2 reduction\",\"CO\u2082-Reduktion\",\"d\u00e9carbonisation\",\"decarbonization\",\"Dekarbonisierung\",\"Deutsch Cargill\",\"dual-fuel cargo ships\",\"dual-fuel Frachtschiffe\",\"\u00e9conomie du transport\",\"\u00e9missions de carbone\",\"environmental attributes\",\"Fachkr\u00e4ftemangel English Cargill\",\"green methanol\",\"green technologies\",\"gr\u00fcne Technologien\",\"gr\u00fcnes Methanol\",\"Hafenbetrieb\",\"industrie maritime\",\"infrastructure\",\"Infrastruktur\",\"Kohlenstoffemissionen\",\"Lieferkette\",\"maritime fuels\",\"maritime Kraftstoffe\",\"Massengutfrachtverkehr\",\"m\u00e9thanol vert\",\"Mitsui &amp; Co. Ltd.\",\"nachhaltige Schifffahrt\",\"navires \u00e0 double carburant\",\"operational testing\",\"op\u00e9rations portuaires\",\"p\u00e9nurie de main-d'\u0153uvre qualifi\u00e9e\",\"port operations\",\"r\u00e9duction du CO2\",\"Schifffahrt\",\"shipping industry\",\"skilled labor shortage Fran\u00e7ais Cargill\",\"Supply Chain\",\"sustainable shipping\",\"technologies vertes\",\"tests op\u00e9rationnels\",\"transport de fret en vrac\",\"transport economy\",\"transport maritime durable\",\"Transportwirtschaft\",\"Tsuneishi Shipbuilding\",\"Umweltattribute\"],\"inLanguage\":\"fr-FR\",\"potentialAction\":[{\"@type\":\"CommentAction\",\"name\":\"Comment\",\"target\":[\"https:\\\/\\\/transportjournal.com\\\/fr\\\/2026\\\/01\\\/16\\\/prochain-pas-vers-la-decarbonisation\\\/#respond\"]}]},{\"@type\":\"WebPage\",\"@id\":\"https:\\\/\\\/transportjournal.com\\\/fr\\\/2026\\\/01\\\/16\\\/prochain-pas-vers-la-decarbonisation\\\/\",\"url\":\"https:\\\/\\\/transportjournal.com\\\/fr\\\/2026\\\/01\\\/16\\\/prochain-pas-vers-la-decarbonisation\\\/\",\"name\":\"Prochain pas vers la d\u00e9carbonisation - ITJ | International Transport Journal.\",\"isPartOf\":{\"@id\":\"https:\\\/\\\/transportjournal.com\\\/fr\\\/#website\"},\"primaryImageOfPage\":{\"@id\":\"https:\\\/\\\/transportjournal.com\\\/fr\\\/2026\\\/01\\\/16\\\/prochain-pas-vers-la-decarbonisation\\\/#primaryimage\"},\"image\":{\"@id\":\"https:\\\/\\\/transportjournal.com\\\/fr\\\/2026\\\/01\\\/16\\\/prochain-pas-vers-la-decarbonisation\\\/#primaryimage\"},\"thumbnailUrl\":\"https:\\\/\\\/transportjournal.com\\\/wp-content\\\/uploads\\\/sites\\\/2\\\/2026\\\/01\\\/Hero_Pyxis_Ocean_Aug_2023-scaled-1.jpg\",\"datePublished\":\"2026-01-16T10:02:47+00:00\",\"breadcrumb\":{\"@id\":\"https:\\\/\\\/transportjournal.com\\\/fr\\\/2026\\\/01\\\/16\\\/prochain-pas-vers-la-decarbonisation\\\/#breadcrumb\"},\"inLanguage\":\"fr-FR\",\"potentialAction\":[{\"@type\":\"ReadAction\",\"target\":[\"https:\\\/\\\/transportjournal.com\\\/fr\\\/2026\\\/01\\\/16\\\/prochain-pas-vers-la-decarbonisation\\\/\"]}]},{\"@type\":\"ImageObject\",\"inLanguage\":\"fr-FR\",\"@id\":\"https:\\\/\\\/transportjournal.com\\\/fr\\\/2026\\\/01\\\/16\\\/prochain-pas-vers-la-decarbonisation\\\/#primaryimage\",\"url\":\"https:\\\/\\\/transportjournal.com\\\/wp-content\\\/uploads\\\/sites\\\/2\\\/2026\\\/01\\\/Hero_Pyxis_Ocean_Aug_2023-scaled-1.jpg\",\"contentUrl\":\"https:\\\/\\\/transportjournal.com\\\/wp-content\\\/uploads\\\/sites\\\/2\\\/2026\\\/01\\\/Hero_Pyxis_Ocean_Aug_2023-scaled-1.jpg\",\"width\":2560,\"height\":1440},{\"@type\":\"BreadcrumbList\",\"@id\":\"https:\\\/\\\/transportjournal.com\\\/fr\\\/2026\\\/01\\\/16\\\/prochain-pas-vers-la-decarbonisation\\\/#breadcrumb\",\"itemListElement\":[{\"@type\":\"ListItem\",\"position\":1,\"name\":\"Startseite\",\"item\":\"https:\\\/\\\/transportjournal.com\\\/fr\\\/\"},{\"@type\":\"ListItem\",\"position\":2,\"name\":\"Prochain pas vers la d\u00e9carbonisation\"}]},{\"@type\":\"WebSite\",\"@id\":\"https:\\\/\\\/transportjournal.com\\\/fr\\\/#website\",\"url\":\"https:\\\/\\\/transportjournal.com\\\/fr\\\/\",\"name\":\"ITJ | International Transport Journal\",\"description\":\"Restez inform\u00e9 des derni\u00e8res nouvelles mondiales dans les secteurs du transport, de la logistique et de la cha\u00eene d'approvisionnement. Transport Journal fournit des informations d'experts, des analyses et des mises \u00e0 jour sur le transport maritime, l'aviation, l'intermodalit\u00e9 et l'exp\u00e9dition. \",\"publisher\":{\"@id\":\"https:\\\/\\\/transportjournal.com\\\/fr\\\/#organization\"},\"potentialAction\":[{\"@type\":\"SearchAction\",\"target\":{\"@type\":\"EntryPoint\",\"urlTemplate\":\"https:\\\/\\\/transportjournal.com\\\/fr\\\/?s={search_term_string}\"},\"query-input\":{\"@type\":\"PropertyValueSpecification\",\"valueRequired\":true,\"valueName\":\"search_term_string\"}}],\"inLanguage\":\"fr-FR\"},{\"@type\":\"Organization\",\"@id\":\"https:\\\/\\\/transportjournal.com\\\/fr\\\/#organization\",\"name\":\"Groupe Logismedia AG\",\"alternateName\":\"Logismedia Group AG\",\"url\":\"https:\\\/\\\/transportjournal.com\\\/fr\\\/\",\"logo\":{\"@type\":\"ImageObject\",\"inLanguage\":\"fr-FR\",\"@id\":\"https:\\\/\\\/transportjournal.com\\\/fr\\\/#\\\/schema\\\/logo\\\/image\\\/\",\"url\":\"https:\\\/\\\/transportjournal.com\\\/wp-content\\\/uploads\\\/sites\\\/2\\\/2025\\\/09\\\/Logo_ITJ.png\",\"contentUrl\":\"https:\\\/\\\/transportjournal.com\\\/wp-content\\\/uploads\\\/sites\\\/2\\\/2025\\\/09\\\/Logo_ITJ.png\",\"width\":799,\"height\":326,\"caption\":\"Groupe Logismedia AG\"},\"image\":{\"@id\":\"https:\\\/\\\/transportjournal.com\\\/fr\\\/#\\\/schema\\\/logo\\\/image\\\/\"},\"sameAs\":[\"https:\\\/\\\/www.linkedin.com\\\/company\\\/56456496\\\/admin\\\/dashboard\\\/\",\"https:\\\/\\\/www.instagram.com\\\/logismediagroup\\\/\",\"https:\\\/\\\/www.youtube.com\\\/@LogiamediaGroupAG\"]},{\"@type\":\"Person\",\"@id\":\"https:\\\/\\\/transportjournal.com\\\/fr\\\/#\\\/schema\\\/person\\\/41d36b5474b623392fa613e97e2363fa\",\"name\":\"Jeremy Soland\",\"url\":\"https:\\\/\\\/transportjournal.com\\\/fr\\\/author\\\/jeremy\\\/\"}]}<\/script>\n<!-- \/ Yoast SEO plugin. -->","yoast_head_json":{"title":"Prochain pas vers la d\u00e9carbonisation - ITJ | International Transport Journal.","robots":{"index":"index","follow":"follow","max-snippet":"max-snippet:-1","max-image-preview":"max-image-preview:large","max-video-preview":"max-video-preview:-1"},"canonical":"https:\/\/transportjournal.com\/fr\/2026\/01\/16\/prochain-pas-vers-la-decarbonisation\/","og_locale":"fr_FR","og_type":"article","og_title":"Prochain pas vers la d\u00e9carbonisation - ITJ | International Transport Journal.","og_description":"Cargill a mis en service le navire \"Brave Pioneer\" pour promouvoir la d\u00e9carbonisation du transport maritime et favoriser des solutions de transport \u00e0 faibles \u00e9missions.","og_url":"https:\/\/transportjournal.com\/fr\/2026\/01\/16\/prochain-pas-vers-la-decarbonisation\/","og_site_name":"ITJ | International Transport Journal","article_published_time":"2026-01-16T10:02:47+00:00","og_image":[{"width":2560,"height":1440,"url":"https:\/\/transportjournal.com\/wp-content\/uploads\/sites\/2\/2026\/01\/Hero_Pyxis_Ocean_Aug_2023-scaled-1.jpg","type":"image\/jpeg"}],"author":"Jeremy Soland","twitter_card":"summary_large_image","twitter_misc":{"\u00c9crit par":"Jeremy Soland","Dur\u00e9e de lecture estim\u00e9e":"1 minute"},"schema":{"@context":"https:\/\/schema.org","@graph":[{"@type":"Article","@id":"https:\/\/transportjournal.com\/fr\/2026\/01\/16\/prochain-pas-vers-la-decarbonisation\/#article","isPartOf":{"@id":"https:\/\/transportjournal.com\/fr\/2026\/01\/16\/prochain-pas-vers-la-decarbonisation\/"},"author":{"name":"Jeremy Soland","@id":"https:\/\/transportjournal.com\/fr\/#\/schema\/person\/41d36b5474b623392fa613e97e2363fa"},"headline":"Prochain pas vers la d\u00e9carbonisation","datePublished":"2026-01-16T10:02:47+00:00","mainEntityOfPage":{"@id":"https:\/\/transportjournal.com\/fr\/2026\/01\/16\/prochain-pas-vers-la-decarbonisation\/"},"wordCount":238,"commentCount":0,"publisher":{"@id":"https:\/\/transportjournal.com\/fr\/#organization"},"image":{"@id":"https:\/\/transportjournal.com\/fr\/2026\/01\/16\/prochain-pas-vers-la-decarbonisation\/#primaryimage"},"thumbnailUrl":"https:\/\/transportjournal.com\/wp-content\/uploads\/sites\/2\/2026\/01\/Hero_Pyxis_Ocean_Aug_2023-scaled-1.jpg","keywords":["attributs environnementaux","betriebliche Tests","bulk freight transport","carbon emissions","carburants maritimes","cha\u00eene d'approvisionnement","CO2 reduction","CO\u2082-Reduktion","d\u00e9carbonisation","decarbonization","Dekarbonisierung","Deutsch Cargill","dual-fuel cargo ships","dual-fuel Frachtschiffe","\u00e9conomie du transport","\u00e9missions de carbone","environmental attributes","Fachkr\u00e4ftemangel English Cargill","green methanol","green technologies","gr\u00fcne Technologien","gr\u00fcnes Methanol","Hafenbetrieb","industrie maritime","infrastructure","Infrastruktur","Kohlenstoffemissionen","Lieferkette","maritime fuels","maritime Kraftstoffe","Massengutfrachtverkehr","m\u00e9thanol vert","Mitsui &amp; Co. Ltd.","nachhaltige Schifffahrt","navires \u00e0 double carburant","operational testing","op\u00e9rations portuaires","p\u00e9nurie de main-d'\u0153uvre qualifi\u00e9e","port operations","r\u00e9duction du CO2","Schifffahrt","shipping industry","skilled labor shortage Fran\u00e7ais Cargill","Supply Chain","sustainable shipping","technologies vertes","tests op\u00e9rationnels","transport de fret en vrac","transport economy","transport maritime durable","Transportwirtschaft","Tsuneishi Shipbuilding","Umweltattribute"],"inLanguage":"fr-FR","potentialAction":[{"@type":"CommentAction","name":"Comment","target":["https:\/\/transportjournal.com\/fr\/2026\/01\/16\/prochain-pas-vers-la-decarbonisation\/#respond"]}]},{"@type":"WebPage","@id":"https:\/\/transportjournal.com\/fr\/2026\/01\/16\/prochain-pas-vers-la-decarbonisation\/","url":"https:\/\/transportjournal.com\/fr\/2026\/01\/16\/prochain-pas-vers-la-decarbonisation\/","name":"Prochain pas vers la d\u00e9carbonisation - ITJ | International Transport Journal.","isPartOf":{"@id":"https:\/\/transportjournal.com\/fr\/#website"},"primaryImageOfPage":{"@id":"https:\/\/transportjournal.com\/fr\/2026\/01\/16\/prochain-pas-vers-la-decarbonisation\/#primaryimage"},"image":{"@id":"https:\/\/transportjournal.com\/fr\/2026\/01\/16\/prochain-pas-vers-la-decarbonisation\/#primaryimage"},"thumbnailUrl":"https:\/\/transportjournal.com\/wp-content\/uploads\/sites\/2\/2026\/01\/Hero_Pyxis_Ocean_Aug_2023-scaled-1.jpg","datePublished":"2026-01-16T10:02:47+00:00","breadcrumb":{"@id":"https:\/\/transportjournal.com\/fr\/2026\/01\/16\/prochain-pas-vers-la-decarbonisation\/#breadcrumb"},"inLanguage":"fr-FR","potentialAction":[{"@type":"ReadAction","target":["https:\/\/transportjournal.com\/fr\/2026\/01\/16\/prochain-pas-vers-la-decarbonisation\/"]}]},{"@type":"ImageObject","inLanguage":"fr-FR","@id":"https:\/\/transportjournal.com\/fr\/2026\/01\/16\/prochain-pas-vers-la-decarbonisation\/#primaryimage","url":"https:\/\/transportjournal.com\/wp-content\/uploads\/sites\/2\/2026\/01\/Hero_Pyxis_Ocean_Aug_2023-scaled-1.jpg","contentUrl":"https:\/\/transportjournal.com\/wp-content\/uploads\/sites\/2\/2026\/01\/Hero_Pyxis_Ocean_Aug_2023-scaled-1.jpg","width":2560,"height":1440},{"@type":"BreadcrumbList","@id":"https:\/\/transportjournal.com\/fr\/2026\/01\/16\/prochain-pas-vers-la-decarbonisation\/#breadcrumb","itemListElement":[{"@type":"ListItem","position":1,"name":"Startseite","item":"https:\/\/transportjournal.com\/fr\/"},{"@type":"ListItem","position":2,"name":"Prochain pas vers la d\u00e9carbonisation"}]},{"@type":"WebSite","@id":"https:\/\/transportjournal.com\/fr\/#website","url":"https:\/\/transportjournal.com\/fr\/","name":"ITJ | International Transport Journal","description":"Restez inform\u00e9 des derni\u00e8res nouvelles mondiales dans les secteurs du transport, de la logistique et de la cha\u00eene d'approvisionnement. Transport Journal fournit des informations d'experts, des analyses et des mises \u00e0 jour sur le transport maritime, l'aviation, l'intermodalit\u00e9 et l'exp\u00e9dition. ","publisher":{"@id":"https:\/\/transportjournal.com\/fr\/#organization"},"potentialAction":[{"@type":"SearchAction","target":{"@type":"EntryPoint","urlTemplate":"https:\/\/transportjournal.com\/fr\/?s={search_term_string}"},"query-input":{"@type":"PropertyValueSpecification","valueRequired":true,"valueName":"search_term_string"}}],"inLanguage":"fr-FR"},{"@type":"Organization","@id":"https:\/\/transportjournal.com\/fr\/#organization","name":"Groupe Logismedia AG","alternateName":"Logismedia Group AG","url":"https:\/\/transportjournal.com\/fr\/","logo":{"@type":"ImageObject","inLanguage":"fr-FR","@id":"https:\/\/transportjournal.com\/fr\/#\/schema\/logo\/image\/","url":"https:\/\/transportjournal.com\/wp-content\/uploads\/sites\/2\/2025\/09\/Logo_ITJ.png","contentUrl":"https:\/\/transportjournal.com\/wp-content\/uploads\/sites\/2\/2025\/09\/Logo_ITJ.png","width":799,"height":326,"caption":"Groupe Logismedia AG"},"image":{"@id":"https:\/\/transportjournal.com\/fr\/#\/schema\/logo\/image\/"},"sameAs":["https:\/\/www.linkedin.com\/company\/56456496\/admin\/dashboard\/","https:\/\/www.instagram.com\/logismediagroup\/","https:\/\/www.youtube.com\/@LogiamediaGroupAG"]},{"@type":"Person","@id":"https:\/\/transportjournal.com\/fr\/#\/schema\/person\/41d36b5474b623392fa613e97e2363fa","name":"Jeremy Soland","url":"https:\/\/transportjournal.com\/fr\/author\/jeremy\/"}]}},"_links":{"self":[{"href":"https:\/\/transportjournal.com\/fr\/wp-json\/wp\/v2\/posts\/73330","targetHints":{"allow":["GET"]}}],"collection":[{"href":"https:\/\/transportjournal.com\/fr\/wp-json\/wp\/v2\/posts"}],"about":[{"href":"https:\/\/transportjournal.com\/fr\/wp-json\/wp\/v2\/types\/post"}],"author":[{"embeddable":true,"href":"https:\/\/transportjournal.com\/fr\/wp-json\/wp\/v2\/users\/10"}],"replies":[{"embeddable":true,"href":"https:\/\/transportjournal.com\/fr\/wp-json\/wp\/v2\/comments?post=73330"}],"version-history":[{"count":0,"href":"https:\/\/transportjournal.com\/fr\/wp-json\/wp\/v2\/posts\/73330\/revisions"}],"wp:featuredmedia":[{"embeddable":true,"href":"https:\/\/transportjournal.com\/fr\/wp-json\/wp\/v2\/media\/73328"}],"wp:attachment":[{"href":"https:\/\/transportjournal.com\/fr\/wp-json\/wp\/v2\/media?parent=73330"}],"wp:term":[{"taxonomy":"category","embeddable":true,"href":"https:\/\/transportjournal.com\/fr\/wp-json\/wp\/v2\/categories?post=73330"},{"taxonomy":"post_tag","embeddable":true,"href":"https:\/\/transportjournal.com\/fr\/wp-json\/wp\/v2\/tags?post=73330"}],"curies":[{"name":"wp","href":"https:\/\/api.w.org\/{rel}","templated":true}]}}