{"id":73322,"date":"2026-01-16T10:05:45","date_gmt":"2026-01-16T10:05:45","guid":{"rendered":"https:\/\/transportjournal.com\/2026\/01\/16\/milan-tevel-nouveau-directeur-general-de-supermaritime\/"},"modified":"2026-01-16T10:05:45","modified_gmt":"2026-01-16T10:05:45","slug":"milan-tevel-nouveau-directeur-general-de-supermaritime","status":"publish","type":"post","link":"https:\/\/transportjournal.com\/fr\/2026\/01\/16\/milan-tevel-nouveau-directeur-general-de-supermaritime\/","title":{"rendered":"Milan Tevel nouveau directeur g\u00e9n\u00e9ral de Supermaritime"},"content":{"rendered":"<p>Supermaritime Nederland B.V. a nomm\u00e9 Milan Tevel nouveau directeur g\u00e9n\u00e9ral et \u00e9tend ses capacit\u00e9s de stockage de pr\u00e8s de 13 000 m\u00b2. Tevel a pris ses fonctions le 1er janvier 2026, succ\u00e9dant \u00e0 Martien Burger, qui a jou\u00e9 un r\u00f4le cl\u00e9 dans l&#8217;expansion de l&#8217;entreprise au cours des derni\u00e8res d\u00e9cennies.<\/p>\n<h3>Extension des activit\u00e9s logistiques<\/h3>\n<p>L&#8217;entreprise Supermaritime, active dans les domaines du transbordement portuaire, du stockage et des services de breakbulk, pr\u00e9voit la construction d&#8217;un nouveau complexe logistique \u00e0 Vlissingen. Cette initiative s&#8217;inscrit dans les objectifs \u00e0 long terme de l&#8217;entreprise dans la r\u00e9gion. Le nouveau site couvre un total de 12 787 m\u00b2, dont 10 956 m\u00b2 d&#8217;espace de stockage, 521 m\u00b2 de bureaux et 1 310 m\u00b2 de surface mezzanine. L&#8217;emplacement strat\u00e9giquement avantageux du centre logistique permet d&#8217;excellentes connexions aux routes, voies navigables et chemins de fer.<\/p>\n<p>Peter van der Laan, PDG du groupe Supermaritime, a comment\u00e9 les changements : \u00ab Nous continuerons \u00e0 servir nos clients avec le m\u00eame engagement et la m\u00eame d\u00e9votion que toujours. Milan fait partie de notre entreprise depuis 2012 et apporte une grande exp\u00e9rience ainsi qu&#8217;une vision claire pour l&#8217;avenir. Nous avons une confiance totale en sa direction et nous nous r\u00e9jouissons de continuer \u00e0 travailler sous sa conduite. \u00bb<\/p>\n<h3>Transmission de la direction<\/h3>\n<p>Pour garantir une transition en douceur, Martien Burger restera consultant chez Supermaritime l&#8217;ann\u00e9e prochaine et soutiendra \u00e0 la fois Milan Tevel et l&#8217;organisation pendant cette phase de transition. Van der Laan a salu\u00e9 les longues contributions de Burger : \u00ab Apr\u00e8s de nombreuses ann\u00e9es de travail engag\u00e9, Martien transmet maintenant sa responsabilit\u00e9 de directeur g\u00e9n\u00e9ral \u00e0 Milan. Il a jou\u00e9 un r\u00f4le significatif dans la croissance et le d\u00e9veloppement de notre organisation, et nous lui exprimons notre sinc\u00e8re gratitude pour son engagement de longue date et sa contribution. \u00bb<\/p>\n<p>Supermaritime est un prestataire de services logistiques international bas\u00e9 \u00e0 Rotterdam. L&#8217;entreprise propose des solutions sur mesure pour des clients du monde entier et s&#8217;est sp\u00e9cialis\u00e9e dans les agences maritimes, le stockage, le transbordement et le chargement de projets.<\/p>\n<p>&nbsp;<\/p>\n<p><a href=\"https:\/\/www.supermaritime.com\/\" target=\"_blank\" rel=\"noopener noreferrer\">www.supermaritime.com<\/a><\/p>\n<p>&nbsp;<\/p>\n","protected":false},"excerpt":{"rendered":"<p>Supermaritime Nederland B.V. a nomm\u00e9 Milan Tevel nouveau directeur g\u00e9n\u00e9ral et pr\u00e9voit la construction d&rsquo;un nouveau complexe logistique \u00e0 Vlissingen.<\/p>\n","protected":false},"author":12,"featured_media":73320,"comment_status":"open","ping_status":"open","sticky":false,"template":"","format":"standard","meta":{"_acf_changed":false,"footnotes":""},"categories":[1581,1587,1579,1585,1583],"tags":[6229,6230,6231,6232,6233,6234,6235,6236,6237,3739,2115,2116,2221,6238,2700,6239,2123,6240,2125,3745,2075,2279,2280,6241,6242,6243,2469,1831,6244,2622,2282,6245,6246,6247,1800,3157,2720,3114,6248,2481,6249,6250,1884,6251,6252,6253,6254,2731,6255,6256,2106,2641,6257,2155,1837,6258,2157,2249],"class_list":["post-73322","post","type-post","status-publish","format-standard","has-post-thumbnail","hentry","category-expedition-et-logistique","category-leurope","category-personnes-et-entreprises","category-regions","category-transport-maritime-et-ports","tag-agences-maritimes","tag-augmentation-de-la-capacite-de-stockage","tag-breakbulk-services","tag-breakbulk-dienstleistungen","tag-chargement-de-projet","tag-choix-strategique-de-site","tag-complexe-logistique-a-vlissingen","tag-corporate-management","tag-deutsch-supermaritime","tag-developpement-des-infrastructures","tag-digitalisierung-in-der-logistik","tag-digitalization-in-logistics","tag-entreposage","tag-expanding-storage-capacity","tag-fachkraeftemangel-in-der-logistik","tag-gestion-dentreprise","tag-gestion-de-la-chaine-dapprovisionnement","tag-hafenumschlag","tag-industrie-du-transport","tag-infrastructure-development","tag-infrastrukturentwicklung","tag-international-logistics","tag-internationale-logistik","tag-lagerkapazitaeten-erweitern","tag-lagerung","tag-logistics-complex-vlissingen","tag-logistics-service-provider","tag-logistikdienstleister","tag-logistikkomplex-vlissingen","tag-logistique-durable","tag-logistique-internationale","tag-management-transition","tag-manutention-portuaire","tag-milan-tevel","tag-nachhaltige-logistik","tag-numerisation-dans-la-logistique","tag-penurie-de-main-doeuvre-dans-la-logistique","tag-port-de-rotterdam","tag-port-handling","tag-prestataire-logistique","tag-project-cargo","tag-projektladung","tag-rotterdam-hafen","tag-rotterdam-port","tag-schiffsagenturen","tag-services-de-breakbulk","tag-ship-agencies","tag-skills-shortage-in-logistics","tag-strategic-site-selection-francais-supermaritime","tag-strategische-standortwahl-english-supermaritime","tag-supply-chain-management","tag-sustainable-logistics","tag-transition-de-direction","tag-transport-industry","tag-transportwirtschaft","tag-uebergabe-der-geschaeftsfuehrung","tag-unternehmensfuehrung","tag-warehousing"],"acf":[],"yoast_head":"<!-- This site is optimized with the Yoast SEO plugin v27.3 - https:\/\/yoast.com\/product\/yoast-seo-wordpress\/ -->\n<title>Milan Tevel nouveau directeur g\u00e9n\u00e9ral de Supermaritime - ITJ | International Transport Journal.<\/title>\n<meta name=\"robots\" content=\"index, follow, max-snippet:-1, max-image-preview:large, max-video-preview:-1\" \/>\n<link rel=\"canonical\" href=\"https:\/\/transportjournal.com\/fr\/2026\/01\/16\/milan-tevel-nouveau-directeur-general-de-supermaritime\/\" \/>\n<meta property=\"og:locale\" content=\"fr_FR\" \/>\n<meta property=\"og:type\" content=\"article\" \/>\n<meta property=\"og:title\" content=\"Milan Tevel nouveau directeur g\u00e9n\u00e9ral de Supermaritime - ITJ | International Transport Journal.\" \/>\n<meta property=\"og:description\" content=\"Supermaritime Nederland B.V. a nomm\u00e9 Milan Tevel nouveau directeur g\u00e9n\u00e9ral et pr\u00e9voit la construction d&#039;un nouveau complexe logistique \u00e0 Vlissingen.\" \/>\n<meta property=\"og:url\" content=\"https:\/\/transportjournal.com\/fr\/2026\/01\/16\/milan-tevel-nouveau-directeur-general-de-supermaritime\/\" \/>\n<meta property=\"og:site_name\" content=\"ITJ | International Transport Journal\" \/>\n<meta property=\"article:published_time\" content=\"2026-01-16T10:05:45+00:00\" \/>\n<meta property=\"og:image\" content=\"https:\/\/transportjournal.com\/wp-content\/uploads\/sites\/2\/2026\/01\/Milan-Tevel-GM-Supermaritime-Nederland-BV-4-aspect-ratio-1400-788.jpeg\" \/>\n\t<meta property=\"og:image:width\" content=\"900\" \/>\n\t<meta property=\"og:image:height\" content=\"506\" \/>\n\t<meta property=\"og:image:type\" content=\"image\/jpeg\" \/>\n<meta name=\"author\" content=\"Andreas Haug\" \/>\n<meta name=\"twitter:card\" content=\"summary_large_image\" \/>\n<meta name=\"twitter:label1\" content=\"\u00c9crit par\" \/>\n\t<meta name=\"twitter:data1\" content=\"Andreas Haug\" \/>\n\t<meta name=\"twitter:label2\" content=\"Dur\u00e9e de lecture estim\u00e9e\" \/>\n\t<meta name=\"twitter:data2\" content=\"2 minutes\" \/>\n<script type=\"application\/ld+json\" class=\"yoast-schema-graph\">{\"@context\":\"https:\\\/\\\/schema.org\",\"@graph\":[{\"@type\":\"Article\",\"@id\":\"https:\\\/\\\/transportjournal.com\\\/fr\\\/2026\\\/01\\\/16\\\/milan-tevel-nouveau-directeur-general-de-supermaritime\\\/#article\",\"isPartOf\":{\"@id\":\"https:\\\/\\\/transportjournal.com\\\/fr\\\/2026\\\/01\\\/16\\\/milan-tevel-nouveau-directeur-general-de-supermaritime\\\/\"},\"author\":{\"name\":\"Andreas Haug\",\"@id\":\"https:\\\/\\\/transportjournal.com\\\/fr\\\/#\\\/schema\\\/person\\\/cf538b3157f15afd7589245a4b3dbd25\"},\"headline\":\"Milan Tevel nouveau directeur g\u00e9n\u00e9ral de Supermaritime\",\"datePublished\":\"2026-01-16T10:05:45+00:00\",\"mainEntityOfPage\":{\"@id\":\"https:\\\/\\\/transportjournal.com\\\/fr\\\/2026\\\/01\\\/16\\\/milan-tevel-nouveau-directeur-general-de-supermaritime\\\/\"},\"wordCount\":371,\"commentCount\":0,\"publisher\":{\"@id\":\"https:\\\/\\\/transportjournal.com\\\/fr\\\/#organization\"},\"image\":{\"@id\":\"https:\\\/\\\/transportjournal.com\\\/fr\\\/2026\\\/01\\\/16\\\/milan-tevel-nouveau-directeur-general-de-supermaritime\\\/#primaryimage\"},\"thumbnailUrl\":\"https:\\\/\\\/transportjournal.com\\\/wp-content\\\/uploads\\\/sites\\\/2\\\/2026\\\/01\\\/Milan-Tevel-GM-Supermaritime-Nederland-BV-4-aspect-ratio-1400-788.jpeg\",\"keywords\":[\"agences maritimes\",\"augmentation de la capacit\u00e9 de stockage\",\"breakbulk services\",\"Breakbulk-Dienstleistungen\",\"chargement de projet\",\"choix strat\u00e9gique de site\",\"complexe logistique \u00e0 Vlissingen\",\"corporate management\",\"Deutsch Supermaritime\",\"d\u00e9veloppement des infrastructures\",\"Digitalisierung in der Logistik\",\"digitalization in logistics\",\"entreposage\",\"expanding storage capacity\",\"Fachkr\u00e4ftemangel in der Logistik\",\"gestion d'entreprise\",\"gestion de la cha\u00eene d'approvisionnement\",\"Hafenumschlag\",\"industrie du transport\",\"infrastructure development\",\"Infrastrukturentwicklung\",\"international logistics\",\"internationale Logistik\",\"Lagerkapazit\u00e4ten erweitern\",\"Lagerung\",\"logistics complex Vlissingen\",\"logistics service provider\",\"Logistikdienstleister\",\"Logistikkomplex Vlissingen\",\"logistique durable\",\"logistique internationale\",\"management transition\",\"manutention portuaire\",\"Milan Tevel\",\"nachhaltige Logistik\",\"num\u00e9risation dans la logistique\",\"p\u00e9nurie de main-d'\u0153uvre dans la logistique\",\"port de Rotterdam\",\"port handling\",\"prestataire logistique\",\"project cargo\",\"Projektladung\",\"Rotterdam Hafen\",\"Rotterdam port\",\"Schiffsagenturen\",\"services de breakbulk\",\"ship agencies\",\"skills shortage in logistics\",\"strategic site selection Fran\u00e7ais Supermaritime\",\"strategische Standortwahl English Supermaritime\",\"Supply Chain Management\",\"sustainable logistics\",\"transition de direction\",\"transport industry\",\"Transportwirtschaft\",\"\u00dcbergabe der Gesch\u00e4ftsf\u00fchrung\",\"Unternehmensf\u00fchrung\",\"warehousing\"],\"articleSection\":[\"Exp\u00e9dition de fret et logistique\",\"L'Europe\",\"Personnes et entreprises\",\"R\u00e9gions\",\"Transport maritime et ports\"],\"inLanguage\":\"fr-FR\",\"potentialAction\":[{\"@type\":\"CommentAction\",\"name\":\"Comment\",\"target\":[\"https:\\\/\\\/transportjournal.com\\\/fr\\\/2026\\\/01\\\/16\\\/milan-tevel-nouveau-directeur-general-de-supermaritime\\\/#respond\"]}]},{\"@type\":\"WebPage\",\"@id\":\"https:\\\/\\\/transportjournal.com\\\/fr\\\/2026\\\/01\\\/16\\\/milan-tevel-nouveau-directeur-general-de-supermaritime\\\/\",\"url\":\"https:\\\/\\\/transportjournal.com\\\/fr\\\/2026\\\/01\\\/16\\\/milan-tevel-nouveau-directeur-general-de-supermaritime\\\/\",\"name\":\"Milan Tevel nouveau directeur g\u00e9n\u00e9ral de Supermaritime - ITJ | International Transport Journal.\",\"isPartOf\":{\"@id\":\"https:\\\/\\\/transportjournal.com\\\/fr\\\/#website\"},\"primaryImageOfPage\":{\"@id\":\"https:\\\/\\\/transportjournal.com\\\/fr\\\/2026\\\/01\\\/16\\\/milan-tevel-nouveau-directeur-general-de-supermaritime\\\/#primaryimage\"},\"image\":{\"@id\":\"https:\\\/\\\/transportjournal.com\\\/fr\\\/2026\\\/01\\\/16\\\/milan-tevel-nouveau-directeur-general-de-supermaritime\\\/#primaryimage\"},\"thumbnailUrl\":\"https:\\\/\\\/transportjournal.com\\\/wp-content\\\/uploads\\\/sites\\\/2\\\/2026\\\/01\\\/Milan-Tevel-GM-Supermaritime-Nederland-BV-4-aspect-ratio-1400-788.jpeg\",\"datePublished\":\"2026-01-16T10:05:45+00:00\",\"breadcrumb\":{\"@id\":\"https:\\\/\\\/transportjournal.com\\\/fr\\\/2026\\\/01\\\/16\\\/milan-tevel-nouveau-directeur-general-de-supermaritime\\\/#breadcrumb\"},\"inLanguage\":\"fr-FR\",\"potentialAction\":[{\"@type\":\"ReadAction\",\"target\":[\"https:\\\/\\\/transportjournal.com\\\/fr\\\/2026\\\/01\\\/16\\\/milan-tevel-nouveau-directeur-general-de-supermaritime\\\/\"]}]},{\"@type\":\"ImageObject\",\"inLanguage\":\"fr-FR\",\"@id\":\"https:\\\/\\\/transportjournal.com\\\/fr\\\/2026\\\/01\\\/16\\\/milan-tevel-nouveau-directeur-general-de-supermaritime\\\/#primaryimage\",\"url\":\"https:\\\/\\\/transportjournal.com\\\/wp-content\\\/uploads\\\/sites\\\/2\\\/2026\\\/01\\\/Milan-Tevel-GM-Supermaritime-Nederland-BV-4-aspect-ratio-1400-788.jpeg\",\"contentUrl\":\"https:\\\/\\\/transportjournal.com\\\/wp-content\\\/uploads\\\/sites\\\/2\\\/2026\\\/01\\\/Milan-Tevel-GM-Supermaritime-Nederland-BV-4-aspect-ratio-1400-788.jpeg\",\"width\":900,\"height\":506},{\"@type\":\"BreadcrumbList\",\"@id\":\"https:\\\/\\\/transportjournal.com\\\/fr\\\/2026\\\/01\\\/16\\\/milan-tevel-nouveau-directeur-general-de-supermaritime\\\/#breadcrumb\",\"itemListElement\":[{\"@type\":\"ListItem\",\"position\":1,\"name\":\"Startseite\",\"item\":\"https:\\\/\\\/transportjournal.com\\\/fr\\\/\"},{\"@type\":\"ListItem\",\"position\":2,\"name\":\"Milan Tevel nouveau directeur g\u00e9n\u00e9ral de Supermaritime\"}]},{\"@type\":\"WebSite\",\"@id\":\"https:\\\/\\\/transportjournal.com\\\/fr\\\/#website\",\"url\":\"https:\\\/\\\/transportjournal.com\\\/fr\\\/\",\"name\":\"ITJ | International Transport Journal\",\"description\":\"Restez inform\u00e9 des derni\u00e8res nouvelles mondiales dans les secteurs du transport, de la logistique et de la cha\u00eene d'approvisionnement. Transport Journal fournit des informations d'experts, des analyses et des mises \u00e0 jour sur le transport maritime, l'aviation, l'intermodalit\u00e9 et l'exp\u00e9dition. \",\"publisher\":{\"@id\":\"https:\\\/\\\/transportjournal.com\\\/fr\\\/#organization\"},\"potentialAction\":[{\"@type\":\"SearchAction\",\"target\":{\"@type\":\"EntryPoint\",\"urlTemplate\":\"https:\\\/\\\/transportjournal.com\\\/fr\\\/?s={search_term_string}\"},\"query-input\":{\"@type\":\"PropertyValueSpecification\",\"valueRequired\":true,\"valueName\":\"search_term_string\"}}],\"inLanguage\":\"fr-FR\"},{\"@type\":\"Organization\",\"@id\":\"https:\\\/\\\/transportjournal.com\\\/fr\\\/#organization\",\"name\":\"Groupe Logismedia AG\",\"alternateName\":\"Logismedia Group AG\",\"url\":\"https:\\\/\\\/transportjournal.com\\\/fr\\\/\",\"logo\":{\"@type\":\"ImageObject\",\"inLanguage\":\"fr-FR\",\"@id\":\"https:\\\/\\\/transportjournal.com\\\/fr\\\/#\\\/schema\\\/logo\\\/image\\\/\",\"url\":\"https:\\\/\\\/transportjournal.com\\\/wp-content\\\/uploads\\\/sites\\\/2\\\/2025\\\/09\\\/Logo_ITJ.png\",\"contentUrl\":\"https:\\\/\\\/transportjournal.com\\\/wp-content\\\/uploads\\\/sites\\\/2\\\/2025\\\/09\\\/Logo_ITJ.png\",\"width\":799,\"height\":326,\"caption\":\"Groupe Logismedia AG\"},\"image\":{\"@id\":\"https:\\\/\\\/transportjournal.com\\\/fr\\\/#\\\/schema\\\/logo\\\/image\\\/\"},\"sameAs\":[\"https:\\\/\\\/www.linkedin.com\\\/company\\\/56456496\\\/admin\\\/dashboard\\\/\",\"https:\\\/\\\/www.instagram.com\\\/logismediagroup\\\/\",\"https:\\\/\\\/www.youtube.com\\\/@LogiamediaGroupAG\"]},{\"@type\":\"Person\",\"@id\":\"https:\\\/\\\/transportjournal.com\\\/fr\\\/#\\\/schema\\\/person\\\/cf538b3157f15afd7589245a4b3dbd25\",\"name\":\"Andreas Haug\",\"url\":\"https:\\\/\\\/transportjournal.com\\\/fr\\\/author\\\/andreas\\\/\"}]}<\/script>\n<!-- \/ Yoast SEO plugin. -->","yoast_head_json":{"title":"Milan Tevel nouveau directeur g\u00e9n\u00e9ral de Supermaritime - ITJ | International Transport Journal.","robots":{"index":"index","follow":"follow","max-snippet":"max-snippet:-1","max-image-preview":"max-image-preview:large","max-video-preview":"max-video-preview:-1"},"canonical":"https:\/\/transportjournal.com\/fr\/2026\/01\/16\/milan-tevel-nouveau-directeur-general-de-supermaritime\/","og_locale":"fr_FR","og_type":"article","og_title":"Milan Tevel nouveau directeur g\u00e9n\u00e9ral de Supermaritime - ITJ | International Transport Journal.","og_description":"Supermaritime Nederland B.V. a nomm\u00e9 Milan Tevel nouveau directeur g\u00e9n\u00e9ral et pr\u00e9voit la construction d'un nouveau complexe logistique \u00e0 Vlissingen.","og_url":"https:\/\/transportjournal.com\/fr\/2026\/01\/16\/milan-tevel-nouveau-directeur-general-de-supermaritime\/","og_site_name":"ITJ | International Transport Journal","article_published_time":"2026-01-16T10:05:45+00:00","og_image":[{"width":900,"height":506,"url":"https:\/\/transportjournal.com\/wp-content\/uploads\/sites\/2\/2026\/01\/Milan-Tevel-GM-Supermaritime-Nederland-BV-4-aspect-ratio-1400-788.jpeg","type":"image\/jpeg"}],"author":"Andreas Haug","twitter_card":"summary_large_image","twitter_misc":{"\u00c9crit par":"Andreas Haug","Dur\u00e9e de lecture estim\u00e9e":"2 minutes"},"schema":{"@context":"https:\/\/schema.org","@graph":[{"@type":"Article","@id":"https:\/\/transportjournal.com\/fr\/2026\/01\/16\/milan-tevel-nouveau-directeur-general-de-supermaritime\/#article","isPartOf":{"@id":"https:\/\/transportjournal.com\/fr\/2026\/01\/16\/milan-tevel-nouveau-directeur-general-de-supermaritime\/"},"author":{"name":"Andreas Haug","@id":"https:\/\/transportjournal.com\/fr\/#\/schema\/person\/cf538b3157f15afd7589245a4b3dbd25"},"headline":"Milan Tevel nouveau directeur g\u00e9n\u00e9ral de Supermaritime","datePublished":"2026-01-16T10:05:45+00:00","mainEntityOfPage":{"@id":"https:\/\/transportjournal.com\/fr\/2026\/01\/16\/milan-tevel-nouveau-directeur-general-de-supermaritime\/"},"wordCount":371,"commentCount":0,"publisher":{"@id":"https:\/\/transportjournal.com\/fr\/#organization"},"image":{"@id":"https:\/\/transportjournal.com\/fr\/2026\/01\/16\/milan-tevel-nouveau-directeur-general-de-supermaritime\/#primaryimage"},"thumbnailUrl":"https:\/\/transportjournal.com\/wp-content\/uploads\/sites\/2\/2026\/01\/Milan-Tevel-GM-Supermaritime-Nederland-BV-4-aspect-ratio-1400-788.jpeg","keywords":["agences maritimes","augmentation de la capacit\u00e9 de stockage","breakbulk services","Breakbulk-Dienstleistungen","chargement de projet","choix strat\u00e9gique de site","complexe logistique \u00e0 Vlissingen","corporate management","Deutsch Supermaritime","d\u00e9veloppement des infrastructures","Digitalisierung in der Logistik","digitalization in logistics","entreposage","expanding storage capacity","Fachkr\u00e4ftemangel in der Logistik","gestion d'entreprise","gestion de la cha\u00eene d'approvisionnement","Hafenumschlag","industrie du transport","infrastructure development","Infrastrukturentwicklung","international logistics","internationale Logistik","Lagerkapazit\u00e4ten erweitern","Lagerung","logistics complex Vlissingen","logistics service provider","Logistikdienstleister","Logistikkomplex Vlissingen","logistique durable","logistique internationale","management transition","manutention portuaire","Milan Tevel","nachhaltige Logistik","num\u00e9risation dans la logistique","p\u00e9nurie de main-d'\u0153uvre dans la logistique","port de Rotterdam","port handling","prestataire logistique","project cargo","Projektladung","Rotterdam Hafen","Rotterdam port","Schiffsagenturen","services de breakbulk","ship agencies","skills shortage in logistics","strategic site selection Fran\u00e7ais Supermaritime","strategische Standortwahl English Supermaritime","Supply Chain Management","sustainable logistics","transition de direction","transport industry","Transportwirtschaft","\u00dcbergabe der Gesch\u00e4ftsf\u00fchrung","Unternehmensf\u00fchrung","warehousing"],"articleSection":["Exp\u00e9dition de fret et logistique","L'Europe","Personnes et entreprises","R\u00e9gions","Transport maritime et ports"],"inLanguage":"fr-FR","potentialAction":[{"@type":"CommentAction","name":"Comment","target":["https:\/\/transportjournal.com\/fr\/2026\/01\/16\/milan-tevel-nouveau-directeur-general-de-supermaritime\/#respond"]}]},{"@type":"WebPage","@id":"https:\/\/transportjournal.com\/fr\/2026\/01\/16\/milan-tevel-nouveau-directeur-general-de-supermaritime\/","url":"https:\/\/transportjournal.com\/fr\/2026\/01\/16\/milan-tevel-nouveau-directeur-general-de-supermaritime\/","name":"Milan Tevel nouveau directeur g\u00e9n\u00e9ral de Supermaritime - ITJ | International Transport Journal.","isPartOf":{"@id":"https:\/\/transportjournal.com\/fr\/#website"},"primaryImageOfPage":{"@id":"https:\/\/transportjournal.com\/fr\/2026\/01\/16\/milan-tevel-nouveau-directeur-general-de-supermaritime\/#primaryimage"},"image":{"@id":"https:\/\/transportjournal.com\/fr\/2026\/01\/16\/milan-tevel-nouveau-directeur-general-de-supermaritime\/#primaryimage"},"thumbnailUrl":"https:\/\/transportjournal.com\/wp-content\/uploads\/sites\/2\/2026\/01\/Milan-Tevel-GM-Supermaritime-Nederland-BV-4-aspect-ratio-1400-788.jpeg","datePublished":"2026-01-16T10:05:45+00:00","breadcrumb":{"@id":"https:\/\/transportjournal.com\/fr\/2026\/01\/16\/milan-tevel-nouveau-directeur-general-de-supermaritime\/#breadcrumb"},"inLanguage":"fr-FR","potentialAction":[{"@type":"ReadAction","target":["https:\/\/transportjournal.com\/fr\/2026\/01\/16\/milan-tevel-nouveau-directeur-general-de-supermaritime\/"]}]},{"@type":"ImageObject","inLanguage":"fr-FR","@id":"https:\/\/transportjournal.com\/fr\/2026\/01\/16\/milan-tevel-nouveau-directeur-general-de-supermaritime\/#primaryimage","url":"https:\/\/transportjournal.com\/wp-content\/uploads\/sites\/2\/2026\/01\/Milan-Tevel-GM-Supermaritime-Nederland-BV-4-aspect-ratio-1400-788.jpeg","contentUrl":"https:\/\/transportjournal.com\/wp-content\/uploads\/sites\/2\/2026\/01\/Milan-Tevel-GM-Supermaritime-Nederland-BV-4-aspect-ratio-1400-788.jpeg","width":900,"height":506},{"@type":"BreadcrumbList","@id":"https:\/\/transportjournal.com\/fr\/2026\/01\/16\/milan-tevel-nouveau-directeur-general-de-supermaritime\/#breadcrumb","itemListElement":[{"@type":"ListItem","position":1,"name":"Startseite","item":"https:\/\/transportjournal.com\/fr\/"},{"@type":"ListItem","position":2,"name":"Milan Tevel nouveau directeur g\u00e9n\u00e9ral de Supermaritime"}]},{"@type":"WebSite","@id":"https:\/\/transportjournal.com\/fr\/#website","url":"https:\/\/transportjournal.com\/fr\/","name":"ITJ | International Transport Journal","description":"Restez inform\u00e9 des derni\u00e8res nouvelles mondiales dans les secteurs du transport, de la logistique et de la cha\u00eene d'approvisionnement. Transport Journal fournit des informations d'experts, des analyses et des mises \u00e0 jour sur le transport maritime, l'aviation, l'intermodalit\u00e9 et l'exp\u00e9dition. ","publisher":{"@id":"https:\/\/transportjournal.com\/fr\/#organization"},"potentialAction":[{"@type":"SearchAction","target":{"@type":"EntryPoint","urlTemplate":"https:\/\/transportjournal.com\/fr\/?s={search_term_string}"},"query-input":{"@type":"PropertyValueSpecification","valueRequired":true,"valueName":"search_term_string"}}],"inLanguage":"fr-FR"},{"@type":"Organization","@id":"https:\/\/transportjournal.com\/fr\/#organization","name":"Groupe Logismedia AG","alternateName":"Logismedia Group AG","url":"https:\/\/transportjournal.com\/fr\/","logo":{"@type":"ImageObject","inLanguage":"fr-FR","@id":"https:\/\/transportjournal.com\/fr\/#\/schema\/logo\/image\/","url":"https:\/\/transportjournal.com\/wp-content\/uploads\/sites\/2\/2025\/09\/Logo_ITJ.png","contentUrl":"https:\/\/transportjournal.com\/wp-content\/uploads\/sites\/2\/2025\/09\/Logo_ITJ.png","width":799,"height":326,"caption":"Groupe Logismedia AG"},"image":{"@id":"https:\/\/transportjournal.com\/fr\/#\/schema\/logo\/image\/"},"sameAs":["https:\/\/www.linkedin.com\/company\/56456496\/admin\/dashboard\/","https:\/\/www.instagram.com\/logismediagroup\/","https:\/\/www.youtube.com\/@LogiamediaGroupAG"]},{"@type":"Person","@id":"https:\/\/transportjournal.com\/fr\/#\/schema\/person\/cf538b3157f15afd7589245a4b3dbd25","name":"Andreas Haug","url":"https:\/\/transportjournal.com\/fr\/author\/andreas\/"}]}},"_links":{"self":[{"href":"https:\/\/transportjournal.com\/fr\/wp-json\/wp\/v2\/posts\/73322","targetHints":{"allow":["GET"]}}],"collection":[{"href":"https:\/\/transportjournal.com\/fr\/wp-json\/wp\/v2\/posts"}],"about":[{"href":"https:\/\/transportjournal.com\/fr\/wp-json\/wp\/v2\/types\/post"}],"author":[{"embeddable":true,"href":"https:\/\/transportjournal.com\/fr\/wp-json\/wp\/v2\/users\/12"}],"replies":[{"embeddable":true,"href":"https:\/\/transportjournal.com\/fr\/wp-json\/wp\/v2\/comments?post=73322"}],"version-history":[{"count":0,"href":"https:\/\/transportjournal.com\/fr\/wp-json\/wp\/v2\/posts\/73322\/revisions"}],"wp:featuredmedia":[{"embeddable":true,"href":"https:\/\/transportjournal.com\/fr\/wp-json\/wp\/v2\/media\/73320"}],"wp:attachment":[{"href":"https:\/\/transportjournal.com\/fr\/wp-json\/wp\/v2\/media?parent=73322"}],"wp:term":[{"taxonomy":"category","embeddable":true,"href":"https:\/\/transportjournal.com\/fr\/wp-json\/wp\/v2\/categories?post=73322"},{"taxonomy":"post_tag","embeddable":true,"href":"https:\/\/transportjournal.com\/fr\/wp-json\/wp\/v2\/tags?post=73322"}],"curies":[{"name":"wp","href":"https:\/\/api.w.org\/{rel}","templated":true}]}}