{"id":73284,"date":"2026-01-16T08:15:42","date_gmt":"2026-01-16T08:15:42","guid":{"rendered":"https:\/\/transportjournal.com\/2026\/01\/16\/bvl-tendances-et-strategies\/"},"modified":"2026-01-16T09:29:16","modified_gmt":"2026-01-16T08:29:16","slug":"bvl-tendances-et-strategies","status":"publish","type":"post","link":"https:\/\/transportjournal.com\/fr\/2026\/01\/16\/bvl-tendances-et-strategies\/","title":{"rendered":"BVL - Tendances et strat\u00e9gies"},"content":{"rendered":"<p>La BVL (Bundesvereinigung Logistik) a publi\u00e9 un rapport sur l&#8217;\u00e9tude actuelle \u00ab Tendances et strat\u00e9gies \u00bb. La 16e \u00e9dition, intitul\u00e9e \u00ab Un nouveau d\u00e9part dans le changement : durable, num\u00e9rique et r\u00e9silient gr\u00e2ce \u00e0 des cha\u00eenes de valeur \u00bb, comprend 68 pages et met en lumi\u00e8re des th\u00e8mes centraux du secteur \u00e9conomique.<\/p>\n<h3>Tendances dans la logistique<\/h3>\n<p>Selon l&#8217;\u00e9tude, la cybers\u00e9curit\u00e9 et la num\u00e9risation des processus commerciaux sont actuellement les tendances les plus importantes dans le domaine de la logistique et de la gestion de la cha\u00eene d&#8217;approvisionnement. Ces th\u00e8mes n&#8217;ont pas chang\u00e9 par rapport \u00e0 l&#8217;\u00e9tude pr\u00e9c\u00e9dente de 2023. La pression sur les co\u00fbts a cependant gagn\u00e9 en importance et occupe d\u00e9sormais la troisi\u00e8me place. Les th\u00e8mes de l&#8217;automatisation et de l&#8217;analyse commerciale ont \u00e9galement gagn\u00e9 en pertinence, l&#8217;automatisation se classant d\u00e9sormais au 4e rang et l&#8217;analyse commerciale au 5e rang. L&#8217;intelligence artificielle s&#8217;est \u00e9galement am\u00e9lior\u00e9e et se situe d\u00e9sormais au 12e rang, ce qui repr\u00e9sente une augmentation de sept places.<\/p>\n<p>En revanche, certains th\u00e8mes ont perdu en importance. La p\u00e9nurie de personnel est tomb\u00e9e \u00e0 la 15e place, ce qui repr\u00e9sente une baisse de douze places. Les th\u00e8mes de la durabilit\u00e9 et du nouveau travail ont \u00e9galement perdu en pertinence selon l&#8217;\u00e9tude, occupant d\u00e9sormais les 16e et 20e places.<\/p>\n<p><a href=\"https:\/\/www.bvl-trends.de\/\" target=\"_blank\" rel=\"noopener noreferrer\">www.bvl-trends.de<\/a><\/p>\n","protected":false},"excerpt":{"rendered":"<p>La BVL a publi\u00e9 la 16e \u00e9dition de l&rsquo;\u00e9tude \u00ab Tendances et strat\u00e9gies \u00bb, qui analyse les d\u00e9veloppements centraux dans la logistique et la gestion de la cha\u00eene d&rsquo;approvisionnement.<\/p>\n","protected":false},"author":10,"featured_media":73282,"comment_status":"open","ping_status":"open","sticky":false,"template":"","format":"standard","meta":{"_acf_changed":false,"footnotes":""},"categories":[1581,1587],"tags":[],"class_list":["post-73284","post","type-post","status-publish","format-standard","has-post-thumbnail","hentry","category-expedition-et-logistique","category-leurope"],"acf":[],"yoast_head":"<!-- This site is optimized with the Yoast SEO plugin v27.3 - https:\/\/yoast.com\/product\/yoast-seo-wordpress\/ -->\n<title>BVL - Tendances et strat\u00e9gies - ITJ | International Transport Journal.<\/title>\n<meta name=\"robots\" content=\"index, follow, max-snippet:-1, max-image-preview:large, max-video-preview:-1\" \/>\n<link rel=\"canonical\" href=\"https:\/\/transportjournal.com\/fr\/2026\/01\/16\/bvl-tendances-et-strategies\/\" \/>\n<meta property=\"og:locale\" content=\"fr_FR\" \/>\n<meta property=\"og:type\" content=\"article\" \/>\n<meta property=\"og:title\" content=\"BVL - Tendances et strat\u00e9gies - ITJ | International Transport Journal.\" \/>\n<meta property=\"og:description\" content=\"La BVL a publi\u00e9 la 16e \u00e9dition de l&#039;\u00e9tude \u00ab Tendances et strat\u00e9gies \u00bb, qui analyse les d\u00e9veloppements centraux dans la logistique et la gestion de la cha\u00eene d&#039;approvisionnement.\" \/>\n<meta property=\"og:url\" content=\"https:\/\/transportjournal.com\/fr\/2026\/01\/16\/bvl-tendances-et-strategies\/\" \/>\n<meta property=\"og:site_name\" content=\"ITJ | International Transport Journal\" \/>\n<meta property=\"article:published_time\" content=\"2026-01-16T08:15:42+00:00\" \/>\n<meta property=\"article:modified_time\" content=\"2026-01-16T08:29:16+00:00\" \/>\n<meta property=\"og:image\" content=\"https:\/\/transportjournal.com\/wp-content\/uploads\/sites\/2\/2026\/01\/AdobeStock_607171240-2-scaled-1.jpeg\" \/>\n\t<meta property=\"og:image:width\" content=\"2560\" \/>\n\t<meta property=\"og:image:height\" content=\"1435\" \/>\n\t<meta property=\"og:image:type\" content=\"image\/jpeg\" \/>\n<meta name=\"author\" content=\"Jeremy Soland\" \/>\n<meta name=\"twitter:card\" content=\"summary_large_image\" \/>\n<meta name=\"twitter:label1\" content=\"\u00c9crit par\" \/>\n\t<meta name=\"twitter:data1\" content=\"Jeremy Soland\" \/>\n\t<meta name=\"twitter:label2\" content=\"Dur\u00e9e de lecture estim\u00e9e\" \/>\n\t<meta name=\"twitter:data2\" content=\"1 minute\" \/>\n<script type=\"application\/ld+json\" class=\"yoast-schema-graph\">{\"@context\":\"https:\\\/\\\/schema.org\",\"@graph\":[{\"@type\":\"Article\",\"@id\":\"https:\\\/\\\/transportjournal.com\\\/fr\\\/2026\\\/01\\\/16\\\/bvl-tendances-et-strategies\\\/#article\",\"isPartOf\":{\"@id\":\"https:\\\/\\\/transportjournal.com\\\/fr\\\/2026\\\/01\\\/16\\\/bvl-tendances-et-strategies\\\/\"},\"author\":{\"name\":\"Jeremy Soland\",\"@id\":\"https:\\\/\\\/transportjournal.com\\\/fr\\\/#\\\/schema\\\/person\\\/41d36b5474b623392fa613e97e2363fa\"},\"headline\":\"BVL - Tendances et strat\u00e9gies\",\"datePublished\":\"2026-01-16T08:15:42+00:00\",\"dateModified\":\"2026-01-16T08:29:16+00:00\",\"mainEntityOfPage\":{\"@id\":\"https:\\\/\\\/transportjournal.com\\\/fr\\\/2026\\\/01\\\/16\\\/bvl-tendances-et-strategies\\\/\"},\"wordCount\":251,\"commentCount\":0,\"publisher\":{\"@id\":\"https:\\\/\\\/transportjournal.com\\\/fr\\\/#organization\"},\"image\":{\"@id\":\"https:\\\/\\\/transportjournal.com\\\/fr\\\/2026\\\/01\\\/16\\\/bvl-tendances-et-strategies\\\/#primaryimage\"},\"thumbnailUrl\":\"https:\\\/\\\/transportjournal.com\\\/wp-content\\\/uploads\\\/sites\\\/2\\\/2026\\\/01\\\/AdobeStock_607171240-2-scaled-1.jpeg\",\"articleSection\":[\"Exp\u00e9dition de fret et logistique\",\"L'Europe\"],\"inLanguage\":\"fr-FR\",\"potentialAction\":[{\"@type\":\"CommentAction\",\"name\":\"Comment\",\"target\":[\"https:\\\/\\\/transportjournal.com\\\/fr\\\/2026\\\/01\\\/16\\\/bvl-tendances-et-strategies\\\/#respond\"]}]},{\"@type\":\"WebPage\",\"@id\":\"https:\\\/\\\/transportjournal.com\\\/fr\\\/2026\\\/01\\\/16\\\/bvl-tendances-et-strategies\\\/\",\"url\":\"https:\\\/\\\/transportjournal.com\\\/fr\\\/2026\\\/01\\\/16\\\/bvl-tendances-et-strategies\\\/\",\"name\":\"BVL - Tendances et strat\u00e9gies - ITJ | International Transport Journal.\",\"isPartOf\":{\"@id\":\"https:\\\/\\\/transportjournal.com\\\/fr\\\/#website\"},\"primaryImageOfPage\":{\"@id\":\"https:\\\/\\\/transportjournal.com\\\/fr\\\/2026\\\/01\\\/16\\\/bvl-tendances-et-strategies\\\/#primaryimage\"},\"image\":{\"@id\":\"https:\\\/\\\/transportjournal.com\\\/fr\\\/2026\\\/01\\\/16\\\/bvl-tendances-et-strategies\\\/#primaryimage\"},\"thumbnailUrl\":\"https:\\\/\\\/transportjournal.com\\\/wp-content\\\/uploads\\\/sites\\\/2\\\/2026\\\/01\\\/AdobeStock_607171240-2-scaled-1.jpeg\",\"datePublished\":\"2026-01-16T08:15:42+00:00\",\"dateModified\":\"2026-01-16T08:29:16+00:00\",\"breadcrumb\":{\"@id\":\"https:\\\/\\\/transportjournal.com\\\/fr\\\/2026\\\/01\\\/16\\\/bvl-tendances-et-strategies\\\/#breadcrumb\"},\"inLanguage\":\"fr-FR\",\"potentialAction\":[{\"@type\":\"ReadAction\",\"target\":[\"https:\\\/\\\/transportjournal.com\\\/fr\\\/2026\\\/01\\\/16\\\/bvl-tendances-et-strategies\\\/\"]}]},{\"@type\":\"ImageObject\",\"inLanguage\":\"fr-FR\",\"@id\":\"https:\\\/\\\/transportjournal.com\\\/fr\\\/2026\\\/01\\\/16\\\/bvl-tendances-et-strategies\\\/#primaryimage\",\"url\":\"https:\\\/\\\/transportjournal.com\\\/wp-content\\\/uploads\\\/sites\\\/2\\\/2026\\\/01\\\/AdobeStock_607171240-2-scaled-1.jpeg\",\"contentUrl\":\"https:\\\/\\\/transportjournal.com\\\/wp-content\\\/uploads\\\/sites\\\/2\\\/2026\\\/01\\\/AdobeStock_607171240-2-scaled-1.jpeg\",\"width\":2560,\"height\":1435},{\"@type\":\"BreadcrumbList\",\"@id\":\"https:\\\/\\\/transportjournal.com\\\/fr\\\/2026\\\/01\\\/16\\\/bvl-tendances-et-strategies\\\/#breadcrumb\",\"itemListElement\":[{\"@type\":\"ListItem\",\"position\":1,\"name\":\"Startseite\",\"item\":\"https:\\\/\\\/transportjournal.com\\\/fr\\\/\"},{\"@type\":\"ListItem\",\"position\":2,\"name\":\"BVL - Tendances et strat\u00e9gies\"}]},{\"@type\":\"WebSite\",\"@id\":\"https:\\\/\\\/transportjournal.com\\\/fr\\\/#website\",\"url\":\"https:\\\/\\\/transportjournal.com\\\/fr\\\/\",\"name\":\"ITJ | International Transport Journal\",\"description\":\"Restez inform\u00e9 des derni\u00e8res nouvelles mondiales dans les secteurs du transport, de la logistique et de la cha\u00eene d'approvisionnement. Transport Journal fournit des informations d'experts, des analyses et des mises \u00e0 jour sur le transport maritime, l'aviation, l'intermodalit\u00e9 et l'exp\u00e9dition. \",\"publisher\":{\"@id\":\"https:\\\/\\\/transportjournal.com\\\/fr\\\/#organization\"},\"potentialAction\":[{\"@type\":\"SearchAction\",\"target\":{\"@type\":\"EntryPoint\",\"urlTemplate\":\"https:\\\/\\\/transportjournal.com\\\/fr\\\/?s={search_term_string}\"},\"query-input\":{\"@type\":\"PropertyValueSpecification\",\"valueRequired\":true,\"valueName\":\"search_term_string\"}}],\"inLanguage\":\"fr-FR\"},{\"@type\":\"Organization\",\"@id\":\"https:\\\/\\\/transportjournal.com\\\/fr\\\/#organization\",\"name\":\"Groupe Logismedia AG\",\"alternateName\":\"Logismedia Group AG\",\"url\":\"https:\\\/\\\/transportjournal.com\\\/fr\\\/\",\"logo\":{\"@type\":\"ImageObject\",\"inLanguage\":\"fr-FR\",\"@id\":\"https:\\\/\\\/transportjournal.com\\\/fr\\\/#\\\/schema\\\/logo\\\/image\\\/\",\"url\":\"https:\\\/\\\/transportjournal.com\\\/wp-content\\\/uploads\\\/sites\\\/2\\\/2025\\\/09\\\/Logo_ITJ.png\",\"contentUrl\":\"https:\\\/\\\/transportjournal.com\\\/wp-content\\\/uploads\\\/sites\\\/2\\\/2025\\\/09\\\/Logo_ITJ.png\",\"width\":799,\"height\":326,\"caption\":\"Groupe Logismedia AG\"},\"image\":{\"@id\":\"https:\\\/\\\/transportjournal.com\\\/fr\\\/#\\\/schema\\\/logo\\\/image\\\/\"},\"sameAs\":[\"https:\\\/\\\/www.linkedin.com\\\/company\\\/56456496\\\/admin\\\/dashboard\\\/\",\"https:\\\/\\\/www.instagram.com\\\/logismediagroup\\\/\",\"https:\\\/\\\/www.youtube.com\\\/@LogiamediaGroupAG\"]},{\"@type\":\"Person\",\"@id\":\"https:\\\/\\\/transportjournal.com\\\/fr\\\/#\\\/schema\\\/person\\\/41d36b5474b623392fa613e97e2363fa\",\"name\":\"Jeremy Soland\",\"url\":\"https:\\\/\\\/transportjournal.com\\\/fr\\\/author\\\/jeremy\\\/\"}]}<\/script>\n<!-- \/ Yoast SEO plugin. -->","yoast_head_json":{"title":"BVL - Tendances et strat\u00e9gies - ITJ | International Transport Journal.","robots":{"index":"index","follow":"follow","max-snippet":"max-snippet:-1","max-image-preview":"max-image-preview:large","max-video-preview":"max-video-preview:-1"},"canonical":"https:\/\/transportjournal.com\/fr\/2026\/01\/16\/bvl-tendances-et-strategies\/","og_locale":"fr_FR","og_type":"article","og_title":"BVL - Tendances et strat\u00e9gies - ITJ | International Transport Journal.","og_description":"La BVL a publi\u00e9 la 16e \u00e9dition de l'\u00e9tude \u00ab Tendances et strat\u00e9gies \u00bb, qui analyse les d\u00e9veloppements centraux dans la logistique et la gestion de la cha\u00eene d'approvisionnement.","og_url":"https:\/\/transportjournal.com\/fr\/2026\/01\/16\/bvl-tendances-et-strategies\/","og_site_name":"ITJ | International Transport Journal","article_published_time":"2026-01-16T08:15:42+00:00","article_modified_time":"2026-01-16T08:29:16+00:00","og_image":[{"width":2560,"height":1435,"url":"https:\/\/transportjournal.com\/wp-content\/uploads\/sites\/2\/2026\/01\/AdobeStock_607171240-2-scaled-1.jpeg","type":"image\/jpeg"}],"author":"Jeremy Soland","twitter_card":"summary_large_image","twitter_misc":{"\u00c9crit par":"Jeremy Soland","Dur\u00e9e de lecture estim\u00e9e":"1 minute"},"schema":{"@context":"https:\/\/schema.org","@graph":[{"@type":"Article","@id":"https:\/\/transportjournal.com\/fr\/2026\/01\/16\/bvl-tendances-et-strategies\/#article","isPartOf":{"@id":"https:\/\/transportjournal.com\/fr\/2026\/01\/16\/bvl-tendances-et-strategies\/"},"author":{"name":"Jeremy Soland","@id":"https:\/\/transportjournal.com\/fr\/#\/schema\/person\/41d36b5474b623392fa613e97e2363fa"},"headline":"BVL - Tendances et strat\u00e9gies","datePublished":"2026-01-16T08:15:42+00:00","dateModified":"2026-01-16T08:29:16+00:00","mainEntityOfPage":{"@id":"https:\/\/transportjournal.com\/fr\/2026\/01\/16\/bvl-tendances-et-strategies\/"},"wordCount":251,"commentCount":0,"publisher":{"@id":"https:\/\/transportjournal.com\/fr\/#organization"},"image":{"@id":"https:\/\/transportjournal.com\/fr\/2026\/01\/16\/bvl-tendances-et-strategies\/#primaryimage"},"thumbnailUrl":"https:\/\/transportjournal.com\/wp-content\/uploads\/sites\/2\/2026\/01\/AdobeStock_607171240-2-scaled-1.jpeg","articleSection":["Exp\u00e9dition de fret et logistique","L'Europe"],"inLanguage":"fr-FR","potentialAction":[{"@type":"CommentAction","name":"Comment","target":["https:\/\/transportjournal.com\/fr\/2026\/01\/16\/bvl-tendances-et-strategies\/#respond"]}]},{"@type":"WebPage","@id":"https:\/\/transportjournal.com\/fr\/2026\/01\/16\/bvl-tendances-et-strategies\/","url":"https:\/\/transportjournal.com\/fr\/2026\/01\/16\/bvl-tendances-et-strategies\/","name":"BVL - Tendances et strat\u00e9gies - ITJ | International Transport Journal.","isPartOf":{"@id":"https:\/\/transportjournal.com\/fr\/#website"},"primaryImageOfPage":{"@id":"https:\/\/transportjournal.com\/fr\/2026\/01\/16\/bvl-tendances-et-strategies\/#primaryimage"},"image":{"@id":"https:\/\/transportjournal.com\/fr\/2026\/01\/16\/bvl-tendances-et-strategies\/#primaryimage"},"thumbnailUrl":"https:\/\/transportjournal.com\/wp-content\/uploads\/sites\/2\/2026\/01\/AdobeStock_607171240-2-scaled-1.jpeg","datePublished":"2026-01-16T08:15:42+00:00","dateModified":"2026-01-16T08:29:16+00:00","breadcrumb":{"@id":"https:\/\/transportjournal.com\/fr\/2026\/01\/16\/bvl-tendances-et-strategies\/#breadcrumb"},"inLanguage":"fr-FR","potentialAction":[{"@type":"ReadAction","target":["https:\/\/transportjournal.com\/fr\/2026\/01\/16\/bvl-tendances-et-strategies\/"]}]},{"@type":"ImageObject","inLanguage":"fr-FR","@id":"https:\/\/transportjournal.com\/fr\/2026\/01\/16\/bvl-tendances-et-strategies\/#primaryimage","url":"https:\/\/transportjournal.com\/wp-content\/uploads\/sites\/2\/2026\/01\/AdobeStock_607171240-2-scaled-1.jpeg","contentUrl":"https:\/\/transportjournal.com\/wp-content\/uploads\/sites\/2\/2026\/01\/AdobeStock_607171240-2-scaled-1.jpeg","width":2560,"height":1435},{"@type":"BreadcrumbList","@id":"https:\/\/transportjournal.com\/fr\/2026\/01\/16\/bvl-tendances-et-strategies\/#breadcrumb","itemListElement":[{"@type":"ListItem","position":1,"name":"Startseite","item":"https:\/\/transportjournal.com\/fr\/"},{"@type":"ListItem","position":2,"name":"BVL - Tendances et strat\u00e9gies"}]},{"@type":"WebSite","@id":"https:\/\/transportjournal.com\/fr\/#website","url":"https:\/\/transportjournal.com\/fr\/","name":"ITJ | International Transport Journal","description":"Restez inform\u00e9 des derni\u00e8res nouvelles mondiales dans les secteurs du transport, de la logistique et de la cha\u00eene d'approvisionnement. Transport Journal fournit des informations d'experts, des analyses et des mises \u00e0 jour sur le transport maritime, l'aviation, l'intermodalit\u00e9 et l'exp\u00e9dition. ","publisher":{"@id":"https:\/\/transportjournal.com\/fr\/#organization"},"potentialAction":[{"@type":"SearchAction","target":{"@type":"EntryPoint","urlTemplate":"https:\/\/transportjournal.com\/fr\/?s={search_term_string}"},"query-input":{"@type":"PropertyValueSpecification","valueRequired":true,"valueName":"search_term_string"}}],"inLanguage":"fr-FR"},{"@type":"Organization","@id":"https:\/\/transportjournal.com\/fr\/#organization","name":"Groupe Logismedia AG","alternateName":"Logismedia Group AG","url":"https:\/\/transportjournal.com\/fr\/","logo":{"@type":"ImageObject","inLanguage":"fr-FR","@id":"https:\/\/transportjournal.com\/fr\/#\/schema\/logo\/image\/","url":"https:\/\/transportjournal.com\/wp-content\/uploads\/sites\/2\/2025\/09\/Logo_ITJ.png","contentUrl":"https:\/\/transportjournal.com\/wp-content\/uploads\/sites\/2\/2025\/09\/Logo_ITJ.png","width":799,"height":326,"caption":"Groupe Logismedia AG"},"image":{"@id":"https:\/\/transportjournal.com\/fr\/#\/schema\/logo\/image\/"},"sameAs":["https:\/\/www.linkedin.com\/company\/56456496\/admin\/dashboard\/","https:\/\/www.instagram.com\/logismediagroup\/","https:\/\/www.youtube.com\/@LogiamediaGroupAG"]},{"@type":"Person","@id":"https:\/\/transportjournal.com\/fr\/#\/schema\/person\/41d36b5474b623392fa613e97e2363fa","name":"Jeremy Soland","url":"https:\/\/transportjournal.com\/fr\/author\/jeremy\/"}]}},"_links":{"self":[{"href":"https:\/\/transportjournal.com\/fr\/wp-json\/wp\/v2\/posts\/73284","targetHints":{"allow":["GET"]}}],"collection":[{"href":"https:\/\/transportjournal.com\/fr\/wp-json\/wp\/v2\/posts"}],"about":[{"href":"https:\/\/transportjournal.com\/fr\/wp-json\/wp\/v2\/types\/post"}],"author":[{"embeddable":true,"href":"https:\/\/transportjournal.com\/fr\/wp-json\/wp\/v2\/users\/10"}],"replies":[{"embeddable":true,"href":"https:\/\/transportjournal.com\/fr\/wp-json\/wp\/v2\/comments?post=73284"}],"version-history":[{"count":1,"href":"https:\/\/transportjournal.com\/fr\/wp-json\/wp\/v2\/posts\/73284\/revisions"}],"predecessor-version":[{"id":73291,"href":"https:\/\/transportjournal.com\/fr\/wp-json\/wp\/v2\/posts\/73284\/revisions\/73291"}],"wp:featuredmedia":[{"embeddable":true,"href":"https:\/\/transportjournal.com\/fr\/wp-json\/wp\/v2\/media\/73282"}],"wp:attachment":[{"href":"https:\/\/transportjournal.com\/fr\/wp-json\/wp\/v2\/media?parent=73284"}],"wp:term":[{"taxonomy":"category","embeddable":true,"href":"https:\/\/transportjournal.com\/fr\/wp-json\/wp\/v2\/categories?post=73284"},{"taxonomy":"post_tag","embeddable":true,"href":"https:\/\/transportjournal.com\/fr\/wp-json\/wp\/v2\/tags?post=73284"}],"curies":[{"name":"wp","href":"https:\/\/api.w.org\/{rel}","templated":true}]}}