{"id":73246,"date":"2026-01-16T05:30:32","date_gmt":"2026-01-16T05:30:32","guid":{"rendered":"https:\/\/transportjournal.com\/2026\/01\/16\/accelya-unifie-la-technologie-de-fret-et-de-passagers\/"},"modified":"2026-01-16T05:30:32","modified_gmt":"2026-01-16T05:30:32","slug":"accelya-unifie-la-technologie-de-fret-et-de-passagers","status":"publish","type":"post","link":"https:\/\/transportjournal.com\/fr\/2026\/01\/16\/accelya-unifie-la-technologie-de-fret-et-de-passagers\/","title":{"rendered":"Accelya unifie la technologie de fret et de passagers"},"content":{"rendered":"<p>Accelya a annonc\u00e9 une nouvelle \u00e9tape dans le d\u00e9veloppement de sa plateforme FLX ONE Cargo en unifiant le d\u00e9veloppement de fret sur la m\u00eame base technologique utilis\u00e9e pour les plateformes de distribution passagers. Cette mesure souligne l&#8217;investissement \u00e0 long terme d&#8217;Accelya dans le secteur du fret en tant qu&#8217;\u00e9l\u00e9ment central de la strat\u00e9gie d&#8217;entreprise et de la performance des compagnies a\u00e9riennes.<\/p>\n<p>La plateforme FLX ONE Cargo, lanc\u00e9e en avril 2025, est une solution cloud-native qui prend en charge des op\u00e9rations de distribution et d&#8217;exploitation de fret modernes et pilot\u00e9es par API. En int\u00e9grant le fret sur la m\u00eame architecture FLX ONE d\u00e9j\u00e0 utilis\u00e9e dans la distribution passagers, Accelya cr\u00e9e une base technologique unifi\u00e9e qui fonctionne \u00e0 l&#8217;\u00e9chelle mondiale pour les compagnies a\u00e9riennes.<\/p>\n<h3>Avantages de la technologie unifi\u00e9e<\/h3>\n<p>Cette approche int\u00e9gr\u00e9e permet aux compagnies a\u00e9riennes de b\u00e9n\u00e9ficier d&#8217;une s\u00e9curit\u00e9, d&#8217;une \u00e9volutivit\u00e9 et de services cloud-natifs coh\u00e9rents tant dans les op\u00e9rations passagers que fret, tout en tenant pleinement compte des exigences commerciales, op\u00e9rationnelles et r\u00e9glementaires sp\u00e9cifiques au fret. De plus, Accelya peut acc\u00e9l\u00e9rer l&#8217;innovation en utilisant les services de plateforme et un mod\u00e8le op\u00e9rationnel commun \u00e0 l&#8217;ensemble du portefeuille FLX ONE.<\/p>\n<p>Dans le cadre de cet investissement continu, Accelya a nomm\u00e9 Muthupandi Nageswaran au poste de Vice-Pr\u00e9sident de la Technologie pour FLX ONE Cargo. Nageswaran apporte plus de 20 ans d&#8217;exp\u00e9rience dans la direction de d\u00e9veloppement de plateformes \u00e0 grande \u00e9chelle et de transformation num\u00e9rique dans des entreprises mondiales telles que WEX, SAP Concur, Oracle, IBM et HP.<\/p>\n<p>\u00ab Le fret est un moteur central de la performance des compagnies a\u00e9riennes et m\u00e9rite la m\u00eame base technologique robuste et adapt\u00e9e aux entreprises que la distribution passagers \u00bb, a d\u00e9clar\u00e9 Sam Gilliland, PDG d&#8217;Accelya. \u00ab En unifiant la technologie fret et passagers sur FLX ONE et en continuant d&#8217;investir dans le leadership et les capacit\u00e9s de la plateforme, nous offrons aux compagnies a\u00e9riennes une base moderne et \u00e0 long terme pour d\u00e9velopper leurs activit\u00e9s de fret en toute confiance. \u00bb<\/p>\n<p>Accelya continuera de soutenir son syst\u00e8me de gestion de fret SkyChain pour les clients existants. FLX ONE Cargo est une plateforme distincte et cloud-native con\u00e7ue pour les compagnies a\u00e9riennes qui recherchent des capacit\u00e9s de fret modernes sur la base de l&#8217;infrastructure FLX ONE. La plateforme offre des voies d&#8217;adaptation flexibles permettant aux compagnies a\u00e9riennes de moderniser \u00e0 leur propre rythme.<\/p>\n<p>L&#8217;entreprise pr\u00e9voit d&#8217;annoncer au cours de l&#8217;ann\u00e9e 2026 d&#8217;autres mises \u00e0 jour sur les am\u00e9liorations de la plateforme FLX ONE Cargo et les progr\u00e8s des clients.<\/p>\n<p>&nbsp;<\/p>\n<p><a href=\"https:\/\/w3.accelya.com\/\" target=\"_blank\" rel=\"noopener noreferrer\">www.accelya.com<\/a><\/p>\n<p>&nbsp;<\/p>\n","protected":false},"excerpt":{"rendered":"<p>Accelya a d\u00e9velopp\u00e9 la plateforme FLX ONE Cargo pour offrir aux compagnies a\u00e9riennes une technologie moderne et unifi\u00e9e pour la distribution de fret et de passagers.<\/p>\n","protected":false},"author":12,"featured_media":73244,"comment_status":"open","ping_status":"open","sticky":false,"template":"","format":"standard","meta":{"_acf_changed":false,"footnotes":""},"categories":[1582,1587,1585],"tags":[2940,6065,6066,6067,6068,6069,3503,4855,2207,6070,6071,2943,6072,2211,2212,5443,2949,6073,6074,6075,6076,6077,2125,3682,3683,2133,1831,6078,6079,6080,5454,4876,6081,6082,6083,2148,6084,6085,6086,1857,5460,3534,3847,6087,3849,2242,2839,1837,6088],"class_list":["post-73246","post","type-post","status-publish","format-standard","has-post-thumbnail","hentry","category-fret-aerien","category-leurope","category-regions","tag-airlines","tag-api-driven-processes","tag-api-gesteuerte-ablaeufe","tag-capacites-modernes-de-fret","tag-cargo-and-passenger-technology","tag-cargo-distribution-platform","tag-cargo-management-system","tag-cargo-operations","tag-chaine-dapprovisionnement","tag-cloud-native-loesung","tag-cloud-native-solution","tag-compagnies-aeriennes","tag-deutsch-accelya","tag-digital-transformation","tag-digitale-transformation","tag-durabilite","tag-fluggesellschaften","tag-flx-one-cargo","tag-fracht-und-passagiertechnologie","tag-frachtbetrieb","tag-frachtmanagementsystem","tag-frachtvertriebsplattform","tag-industrie-du-transport","tag-infrastructure","tag-infrastruktur","tag-logistics-service-providers","tag-logistikdienstleister","tag-modern-cargo-capabilities-francais-accelya","tag-moderne-frachtfaehigkeiten-english-accelya","tag-muthupandi-nageswaran","tag-nachhaltigkeit","tag-operations-de-fret","tag-passagiervertrieb","tag-passenger-sales","tag-plateforme-de-distribution-de-fret","tag-prestataires-de-services-logistiques","tag-processus-pilotes-par-api","tag-sam-gilliland","tag-solution-cloud-native","tag-supply-chain","tag-sustainability","tag-systeme-de-gestion-de-fret","tag-technologie","tag-technologie-de-fret-et-de-passagers","tag-technology","tag-transformation-numerique","tag-transportation-industry","tag-transportwirtschaft","tag-ventes-de-passagers"],"acf":[],"yoast_head":"<!-- This site is optimized with the Yoast SEO plugin v27.3 - https:\/\/yoast.com\/product\/yoast-seo-wordpress\/ -->\n<title>Accelya unifie la technologie de fret et de passagers - ITJ | International Transport Journal.<\/title>\n<meta name=\"robots\" content=\"index, follow, max-snippet:-1, max-image-preview:large, max-video-preview:-1\" \/>\n<link rel=\"canonical\" href=\"https:\/\/transportjournal.com\/fr\/2026\/01\/16\/accelya-unifie-la-technologie-de-fret-et-de-passagers\/\" \/>\n<meta property=\"og:locale\" content=\"fr_FR\" \/>\n<meta property=\"og:type\" content=\"article\" \/>\n<meta property=\"og:title\" content=\"Accelya unifie la technologie de fret et de passagers - ITJ | International Transport Journal.\" \/>\n<meta property=\"og:description\" content=\"Accelya a d\u00e9velopp\u00e9 la plateforme FLX ONE Cargo pour offrir aux compagnies a\u00e9riennes une technologie moderne et unifi\u00e9e pour la distribution de fret et de passagers.\" \/>\n<meta property=\"og:url\" content=\"https:\/\/transportjournal.com\/fr\/2026\/01\/16\/accelya-unifie-la-technologie-de-fret-et-de-passagers\/\" \/>\n<meta property=\"og:site_name\" content=\"ITJ | International Transport Journal\" \/>\n<meta property=\"article:published_time\" content=\"2026-01-16T05:30:32+00:00\" \/>\n<meta property=\"og:image\" content=\"https:\/\/transportjournal.com\/wp-content\/uploads\/sites\/2\/2026\/01\/Accelya-FLX-Cargo-3-aspect-ratio-1400-788.webp\" \/>\n\t<meta property=\"og:image:width\" content=\"558\" \/>\n\t<meta property=\"og:image:height\" content=\"314\" \/>\n\t<meta property=\"og:image:type\" content=\"image\/webp\" \/>\n<meta name=\"author\" content=\"Andreas Haug\" \/>\n<meta name=\"twitter:card\" content=\"summary_large_image\" \/>\n<meta name=\"twitter:label1\" content=\"\u00c9crit par\" \/>\n\t<meta name=\"twitter:data1\" content=\"Andreas Haug\" \/>\n\t<meta name=\"twitter:label2\" content=\"Dur\u00e9e de lecture estim\u00e9e\" \/>\n\t<meta name=\"twitter:data2\" content=\"2 minutes\" \/>\n<script type=\"application\/ld+json\" class=\"yoast-schema-graph\">{\"@context\":\"https:\\\/\\\/schema.org\",\"@graph\":[{\"@type\":\"Article\",\"@id\":\"https:\\\/\\\/transportjournal.com\\\/fr\\\/2026\\\/01\\\/16\\\/accelya-unifie-la-technologie-de-fret-et-de-passagers\\\/#article\",\"isPartOf\":{\"@id\":\"https:\\\/\\\/transportjournal.com\\\/fr\\\/2026\\\/01\\\/16\\\/accelya-unifie-la-technologie-de-fret-et-de-passagers\\\/\"},\"author\":{\"name\":\"Andreas Haug\",\"@id\":\"https:\\\/\\\/transportjournal.com\\\/fr\\\/#\\\/schema\\\/person\\\/cf538b3157f15afd7589245a4b3dbd25\"},\"headline\":\"Accelya unifie la technologie de fret et de passagers\",\"datePublished\":\"2026-01-16T05:30:32+00:00\",\"mainEntityOfPage\":{\"@id\":\"https:\\\/\\\/transportjournal.com\\\/fr\\\/2026\\\/01\\\/16\\\/accelya-unifie-la-technologie-de-fret-et-de-passagers\\\/\"},\"wordCount\":487,\"commentCount\":0,\"publisher\":{\"@id\":\"https:\\\/\\\/transportjournal.com\\\/fr\\\/#organization\"},\"image\":{\"@id\":\"https:\\\/\\\/transportjournal.com\\\/fr\\\/2026\\\/01\\\/16\\\/accelya-unifie-la-technologie-de-fret-et-de-passagers\\\/#primaryimage\"},\"thumbnailUrl\":\"https:\\\/\\\/transportjournal.com\\\/wp-content\\\/uploads\\\/sites\\\/2\\\/2026\\\/01\\\/Accelya-FLX-Cargo-3-aspect-ratio-1400-788.webp\",\"keywords\":[\"airlines\",\"API-driven processes\",\"API-gesteuerte Abl\u00e4ufe\",\"capacit\u00e9s modernes de fret\",\"cargo and passenger technology\",\"cargo distribution platform\",\"Cargo Management System\",\"cargo operations\",\"cha\u00eene d'approvisionnement\",\"cloud-native L\u00f6sung\",\"cloud-native solution\",\"compagnies a\u00e9riennes\",\"Deutsch Accelya\",\"digital transformation\",\"digitale Transformation\",\"durabilit\u00e9\",\"Fluggesellschaften\",\"FLX ONE Cargo\",\"Fracht- und Passagiertechnologie\",\"Frachtbetrieb\",\"Frachtmanagementsystem\",\"Frachtvertriebsplattform\",\"industrie du transport\",\"infrastructure\",\"Infrastruktur\",\"logistics service providers\",\"Logistikdienstleister\",\"modern cargo capabilities Fran\u00e7ais Accelya\",\"moderne Frachtf\u00e4higkeiten English Accelya\",\"Muthupandi Nageswaran\",\"Nachhaltigkeit\",\"op\u00e9rations de fret\",\"Passagiervertrieb\",\"passenger sales\",\"plateforme de distribution de fret\",\"prestataires de services logistiques\",\"processus pilot\u00e9s par API\",\"Sam Gilliland\",\"solution cloud-native\",\"Supply Chain\",\"sustainability\",\"syst\u00e8me de gestion de fret\",\"technologie\",\"technologie de fret et de passagers\",\"technology\",\"transformation num\u00e9rique\",\"transportation industry\",\"Transportwirtschaft\",\"ventes de passagers\"],\"articleSection\":[\"Fret a\u00e9rien\",\"L'Europe\",\"R\u00e9gions\"],\"inLanguage\":\"fr-FR\",\"potentialAction\":[{\"@type\":\"CommentAction\",\"name\":\"Comment\",\"target\":[\"https:\\\/\\\/transportjournal.com\\\/fr\\\/2026\\\/01\\\/16\\\/accelya-unifie-la-technologie-de-fret-et-de-passagers\\\/#respond\"]}]},{\"@type\":\"WebPage\",\"@id\":\"https:\\\/\\\/transportjournal.com\\\/fr\\\/2026\\\/01\\\/16\\\/accelya-unifie-la-technologie-de-fret-et-de-passagers\\\/\",\"url\":\"https:\\\/\\\/transportjournal.com\\\/fr\\\/2026\\\/01\\\/16\\\/accelya-unifie-la-technologie-de-fret-et-de-passagers\\\/\",\"name\":\"Accelya unifie la technologie de fret et de passagers - ITJ | International Transport Journal.\",\"isPartOf\":{\"@id\":\"https:\\\/\\\/transportjournal.com\\\/fr\\\/#website\"},\"primaryImageOfPage\":{\"@id\":\"https:\\\/\\\/transportjournal.com\\\/fr\\\/2026\\\/01\\\/16\\\/accelya-unifie-la-technologie-de-fret-et-de-passagers\\\/#primaryimage\"},\"image\":{\"@id\":\"https:\\\/\\\/transportjournal.com\\\/fr\\\/2026\\\/01\\\/16\\\/accelya-unifie-la-technologie-de-fret-et-de-passagers\\\/#primaryimage\"},\"thumbnailUrl\":\"https:\\\/\\\/transportjournal.com\\\/wp-content\\\/uploads\\\/sites\\\/2\\\/2026\\\/01\\\/Accelya-FLX-Cargo-3-aspect-ratio-1400-788.webp\",\"datePublished\":\"2026-01-16T05:30:32+00:00\",\"breadcrumb\":{\"@id\":\"https:\\\/\\\/transportjournal.com\\\/fr\\\/2026\\\/01\\\/16\\\/accelya-unifie-la-technologie-de-fret-et-de-passagers\\\/#breadcrumb\"},\"inLanguage\":\"fr-FR\",\"potentialAction\":[{\"@type\":\"ReadAction\",\"target\":[\"https:\\\/\\\/transportjournal.com\\\/fr\\\/2026\\\/01\\\/16\\\/accelya-unifie-la-technologie-de-fret-et-de-passagers\\\/\"]}]},{\"@type\":\"ImageObject\",\"inLanguage\":\"fr-FR\",\"@id\":\"https:\\\/\\\/transportjournal.com\\\/fr\\\/2026\\\/01\\\/16\\\/accelya-unifie-la-technologie-de-fret-et-de-passagers\\\/#primaryimage\",\"url\":\"https:\\\/\\\/transportjournal.com\\\/wp-content\\\/uploads\\\/sites\\\/2\\\/2026\\\/01\\\/Accelya-FLX-Cargo-3-aspect-ratio-1400-788.webp\",\"contentUrl\":\"https:\\\/\\\/transportjournal.com\\\/wp-content\\\/uploads\\\/sites\\\/2\\\/2026\\\/01\\\/Accelya-FLX-Cargo-3-aspect-ratio-1400-788.webp\",\"width\":558,\"height\":314},{\"@type\":\"BreadcrumbList\",\"@id\":\"https:\\\/\\\/transportjournal.com\\\/fr\\\/2026\\\/01\\\/16\\\/accelya-unifie-la-technologie-de-fret-et-de-passagers\\\/#breadcrumb\",\"itemListElement\":[{\"@type\":\"ListItem\",\"position\":1,\"name\":\"Startseite\",\"item\":\"https:\\\/\\\/transportjournal.com\\\/fr\\\/\"},{\"@type\":\"ListItem\",\"position\":2,\"name\":\"Accelya unifie la technologie de fret et de passagers\"}]},{\"@type\":\"WebSite\",\"@id\":\"https:\\\/\\\/transportjournal.com\\\/fr\\\/#website\",\"url\":\"https:\\\/\\\/transportjournal.com\\\/fr\\\/\",\"name\":\"ITJ | International Transport Journal\",\"description\":\"Restez inform\u00e9 des derni\u00e8res nouvelles mondiales dans les secteurs du transport, de la logistique et de la cha\u00eene d'approvisionnement. Transport Journal fournit des informations d'experts, des analyses et des mises \u00e0 jour sur le transport maritime, l'aviation, l'intermodalit\u00e9 et l'exp\u00e9dition. \",\"publisher\":{\"@id\":\"https:\\\/\\\/transportjournal.com\\\/fr\\\/#organization\"},\"potentialAction\":[{\"@type\":\"SearchAction\",\"target\":{\"@type\":\"EntryPoint\",\"urlTemplate\":\"https:\\\/\\\/transportjournal.com\\\/fr\\\/?s={search_term_string}\"},\"query-input\":{\"@type\":\"PropertyValueSpecification\",\"valueRequired\":true,\"valueName\":\"search_term_string\"}}],\"inLanguage\":\"fr-FR\"},{\"@type\":\"Organization\",\"@id\":\"https:\\\/\\\/transportjournal.com\\\/fr\\\/#organization\",\"name\":\"Groupe Logismedia AG\",\"alternateName\":\"Logismedia Group AG\",\"url\":\"https:\\\/\\\/transportjournal.com\\\/fr\\\/\",\"logo\":{\"@type\":\"ImageObject\",\"inLanguage\":\"fr-FR\",\"@id\":\"https:\\\/\\\/transportjournal.com\\\/fr\\\/#\\\/schema\\\/logo\\\/image\\\/\",\"url\":\"https:\\\/\\\/transportjournal.com\\\/wp-content\\\/uploads\\\/sites\\\/2\\\/2025\\\/09\\\/Logo_ITJ.png\",\"contentUrl\":\"https:\\\/\\\/transportjournal.com\\\/wp-content\\\/uploads\\\/sites\\\/2\\\/2025\\\/09\\\/Logo_ITJ.png\",\"width\":799,\"height\":326,\"caption\":\"Groupe Logismedia AG\"},\"image\":{\"@id\":\"https:\\\/\\\/transportjournal.com\\\/fr\\\/#\\\/schema\\\/logo\\\/image\\\/\"},\"sameAs\":[\"https:\\\/\\\/www.linkedin.com\\\/company\\\/56456496\\\/admin\\\/dashboard\\\/\",\"https:\\\/\\\/www.instagram.com\\\/logismediagroup\\\/\",\"https:\\\/\\\/www.youtube.com\\\/@LogiamediaGroupAG\"]},{\"@type\":\"Person\",\"@id\":\"https:\\\/\\\/transportjournal.com\\\/fr\\\/#\\\/schema\\\/person\\\/cf538b3157f15afd7589245a4b3dbd25\",\"name\":\"Andreas Haug\",\"url\":\"https:\\\/\\\/transportjournal.com\\\/fr\\\/author\\\/andreas\\\/\"}]}<\/script>\n<!-- \/ Yoast SEO plugin. -->","yoast_head_json":{"title":"Accelya unifie la technologie de fret et de passagers - ITJ | International Transport Journal.","robots":{"index":"index","follow":"follow","max-snippet":"max-snippet:-1","max-image-preview":"max-image-preview:large","max-video-preview":"max-video-preview:-1"},"canonical":"https:\/\/transportjournal.com\/fr\/2026\/01\/16\/accelya-unifie-la-technologie-de-fret-et-de-passagers\/","og_locale":"fr_FR","og_type":"article","og_title":"Accelya unifie la technologie de fret et de passagers - ITJ | International Transport Journal.","og_description":"Accelya a d\u00e9velopp\u00e9 la plateforme FLX ONE Cargo pour offrir aux compagnies a\u00e9riennes une technologie moderne et unifi\u00e9e pour la distribution de fret et de passagers.","og_url":"https:\/\/transportjournal.com\/fr\/2026\/01\/16\/accelya-unifie-la-technologie-de-fret-et-de-passagers\/","og_site_name":"ITJ | International Transport Journal","article_published_time":"2026-01-16T05:30:32+00:00","og_image":[{"width":558,"height":314,"url":"https:\/\/transportjournal.com\/wp-content\/uploads\/sites\/2\/2026\/01\/Accelya-FLX-Cargo-3-aspect-ratio-1400-788.webp","type":"image\/webp"}],"author":"Andreas Haug","twitter_card":"summary_large_image","twitter_misc":{"\u00c9crit par":"Andreas Haug","Dur\u00e9e de lecture estim\u00e9e":"2 minutes"},"schema":{"@context":"https:\/\/schema.org","@graph":[{"@type":"Article","@id":"https:\/\/transportjournal.com\/fr\/2026\/01\/16\/accelya-unifie-la-technologie-de-fret-et-de-passagers\/#article","isPartOf":{"@id":"https:\/\/transportjournal.com\/fr\/2026\/01\/16\/accelya-unifie-la-technologie-de-fret-et-de-passagers\/"},"author":{"name":"Andreas Haug","@id":"https:\/\/transportjournal.com\/fr\/#\/schema\/person\/cf538b3157f15afd7589245a4b3dbd25"},"headline":"Accelya unifie la technologie de fret et de passagers","datePublished":"2026-01-16T05:30:32+00:00","mainEntityOfPage":{"@id":"https:\/\/transportjournal.com\/fr\/2026\/01\/16\/accelya-unifie-la-technologie-de-fret-et-de-passagers\/"},"wordCount":487,"commentCount":0,"publisher":{"@id":"https:\/\/transportjournal.com\/fr\/#organization"},"image":{"@id":"https:\/\/transportjournal.com\/fr\/2026\/01\/16\/accelya-unifie-la-technologie-de-fret-et-de-passagers\/#primaryimage"},"thumbnailUrl":"https:\/\/transportjournal.com\/wp-content\/uploads\/sites\/2\/2026\/01\/Accelya-FLX-Cargo-3-aspect-ratio-1400-788.webp","keywords":["airlines","API-driven processes","API-gesteuerte Abl\u00e4ufe","capacit\u00e9s modernes de fret","cargo and passenger technology","cargo distribution platform","Cargo Management System","cargo operations","cha\u00eene d'approvisionnement","cloud-native L\u00f6sung","cloud-native solution","compagnies a\u00e9riennes","Deutsch Accelya","digital transformation","digitale Transformation","durabilit\u00e9","Fluggesellschaften","FLX ONE Cargo","Fracht- und Passagiertechnologie","Frachtbetrieb","Frachtmanagementsystem","Frachtvertriebsplattform","industrie du transport","infrastructure","Infrastruktur","logistics service providers","Logistikdienstleister","modern cargo capabilities Fran\u00e7ais Accelya","moderne Frachtf\u00e4higkeiten English Accelya","Muthupandi Nageswaran","Nachhaltigkeit","op\u00e9rations de fret","Passagiervertrieb","passenger sales","plateforme de distribution de fret","prestataires de services logistiques","processus pilot\u00e9s par API","Sam Gilliland","solution cloud-native","Supply Chain","sustainability","syst\u00e8me de gestion de fret","technologie","technologie de fret et de passagers","technology","transformation num\u00e9rique","transportation industry","Transportwirtschaft","ventes de passagers"],"articleSection":["Fret a\u00e9rien","L'Europe","R\u00e9gions"],"inLanguage":"fr-FR","potentialAction":[{"@type":"CommentAction","name":"Comment","target":["https:\/\/transportjournal.com\/fr\/2026\/01\/16\/accelya-unifie-la-technologie-de-fret-et-de-passagers\/#respond"]}]},{"@type":"WebPage","@id":"https:\/\/transportjournal.com\/fr\/2026\/01\/16\/accelya-unifie-la-technologie-de-fret-et-de-passagers\/","url":"https:\/\/transportjournal.com\/fr\/2026\/01\/16\/accelya-unifie-la-technologie-de-fret-et-de-passagers\/","name":"Accelya unifie la technologie de fret et de passagers - ITJ | International Transport Journal.","isPartOf":{"@id":"https:\/\/transportjournal.com\/fr\/#website"},"primaryImageOfPage":{"@id":"https:\/\/transportjournal.com\/fr\/2026\/01\/16\/accelya-unifie-la-technologie-de-fret-et-de-passagers\/#primaryimage"},"image":{"@id":"https:\/\/transportjournal.com\/fr\/2026\/01\/16\/accelya-unifie-la-technologie-de-fret-et-de-passagers\/#primaryimage"},"thumbnailUrl":"https:\/\/transportjournal.com\/wp-content\/uploads\/sites\/2\/2026\/01\/Accelya-FLX-Cargo-3-aspect-ratio-1400-788.webp","datePublished":"2026-01-16T05:30:32+00:00","breadcrumb":{"@id":"https:\/\/transportjournal.com\/fr\/2026\/01\/16\/accelya-unifie-la-technologie-de-fret-et-de-passagers\/#breadcrumb"},"inLanguage":"fr-FR","potentialAction":[{"@type":"ReadAction","target":["https:\/\/transportjournal.com\/fr\/2026\/01\/16\/accelya-unifie-la-technologie-de-fret-et-de-passagers\/"]}]},{"@type":"ImageObject","inLanguage":"fr-FR","@id":"https:\/\/transportjournal.com\/fr\/2026\/01\/16\/accelya-unifie-la-technologie-de-fret-et-de-passagers\/#primaryimage","url":"https:\/\/transportjournal.com\/wp-content\/uploads\/sites\/2\/2026\/01\/Accelya-FLX-Cargo-3-aspect-ratio-1400-788.webp","contentUrl":"https:\/\/transportjournal.com\/wp-content\/uploads\/sites\/2\/2026\/01\/Accelya-FLX-Cargo-3-aspect-ratio-1400-788.webp","width":558,"height":314},{"@type":"BreadcrumbList","@id":"https:\/\/transportjournal.com\/fr\/2026\/01\/16\/accelya-unifie-la-technologie-de-fret-et-de-passagers\/#breadcrumb","itemListElement":[{"@type":"ListItem","position":1,"name":"Startseite","item":"https:\/\/transportjournal.com\/fr\/"},{"@type":"ListItem","position":2,"name":"Accelya unifie la technologie de fret et de passagers"}]},{"@type":"WebSite","@id":"https:\/\/transportjournal.com\/fr\/#website","url":"https:\/\/transportjournal.com\/fr\/","name":"ITJ | International Transport Journal","description":"Restez inform\u00e9 des derni\u00e8res nouvelles mondiales dans les secteurs du transport, de la logistique et de la cha\u00eene d'approvisionnement. Transport Journal fournit des informations d'experts, des analyses et des mises \u00e0 jour sur le transport maritime, l'aviation, l'intermodalit\u00e9 et l'exp\u00e9dition. ","publisher":{"@id":"https:\/\/transportjournal.com\/fr\/#organization"},"potentialAction":[{"@type":"SearchAction","target":{"@type":"EntryPoint","urlTemplate":"https:\/\/transportjournal.com\/fr\/?s={search_term_string}"},"query-input":{"@type":"PropertyValueSpecification","valueRequired":true,"valueName":"search_term_string"}}],"inLanguage":"fr-FR"},{"@type":"Organization","@id":"https:\/\/transportjournal.com\/fr\/#organization","name":"Groupe Logismedia AG","alternateName":"Logismedia Group AG","url":"https:\/\/transportjournal.com\/fr\/","logo":{"@type":"ImageObject","inLanguage":"fr-FR","@id":"https:\/\/transportjournal.com\/fr\/#\/schema\/logo\/image\/","url":"https:\/\/transportjournal.com\/wp-content\/uploads\/sites\/2\/2025\/09\/Logo_ITJ.png","contentUrl":"https:\/\/transportjournal.com\/wp-content\/uploads\/sites\/2\/2025\/09\/Logo_ITJ.png","width":799,"height":326,"caption":"Groupe Logismedia AG"},"image":{"@id":"https:\/\/transportjournal.com\/fr\/#\/schema\/logo\/image\/"},"sameAs":["https:\/\/www.linkedin.com\/company\/56456496\/admin\/dashboard\/","https:\/\/www.instagram.com\/logismediagroup\/","https:\/\/www.youtube.com\/@LogiamediaGroupAG"]},{"@type":"Person","@id":"https:\/\/transportjournal.com\/fr\/#\/schema\/person\/cf538b3157f15afd7589245a4b3dbd25","name":"Andreas Haug","url":"https:\/\/transportjournal.com\/fr\/author\/andreas\/"}]}},"_links":{"self":[{"href":"https:\/\/transportjournal.com\/fr\/wp-json\/wp\/v2\/posts\/73246","targetHints":{"allow":["GET"]}}],"collection":[{"href":"https:\/\/transportjournal.com\/fr\/wp-json\/wp\/v2\/posts"}],"about":[{"href":"https:\/\/transportjournal.com\/fr\/wp-json\/wp\/v2\/types\/post"}],"author":[{"embeddable":true,"href":"https:\/\/transportjournal.com\/fr\/wp-json\/wp\/v2\/users\/12"}],"replies":[{"embeddable":true,"href":"https:\/\/transportjournal.com\/fr\/wp-json\/wp\/v2\/comments?post=73246"}],"version-history":[{"count":0,"href":"https:\/\/transportjournal.com\/fr\/wp-json\/wp\/v2\/posts\/73246\/revisions"}],"wp:featuredmedia":[{"embeddable":true,"href":"https:\/\/transportjournal.com\/fr\/wp-json\/wp\/v2\/media\/73244"}],"wp:attachment":[{"href":"https:\/\/transportjournal.com\/fr\/wp-json\/wp\/v2\/media?parent=73246"}],"wp:term":[{"taxonomy":"category","embeddable":true,"href":"https:\/\/transportjournal.com\/fr\/wp-json\/wp\/v2\/categories?post=73246"},{"taxonomy":"post_tag","embeddable":true,"href":"https:\/\/transportjournal.com\/fr\/wp-json\/wp\/v2\/tags?post=73246"}],"curies":[{"name":"wp","href":"https:\/\/api.w.org\/{rel}","templated":true}]}}