{"id":73134,"date":"2026-01-15T08:45:15","date_gmt":"2026-01-15T08:45:15","guid":{"rendered":"https:\/\/transportjournal.com\/2026\/01\/15\/logivest-transmet-un-site-logistique-a-gaggenau\/"},"modified":"2026-01-15T08:45:15","modified_gmt":"2026-01-15T08:45:15","slug":"logivest-transmet-un-site-logistique-a-gaggenau","status":"publish","type":"post","link":"https:\/\/transportjournal.com\/fr\/2026\/01\/15\/logivest-transmet-un-site-logistique-a-gaggenau\/","title":{"rendered":"Logivest transmet un site logistique \u00e0 Gaggenau"},"content":{"rendered":"<p>Dans la ville de Gaggenau, en Bade-Wurtemberg, le conseiller en immobilier logistique Logivest a n\u00e9goci\u00e9 un nouveau site logistique pour Magnera. Situ\u00e9e au 5, Max-Roth-Stra\u00dfe, l&#8217;installation est g\u00e9r\u00e9e par Hillwood, une entreprise sp\u00e9cialis\u00e9e dans l&#8217;immobilier commercial.<\/p>\n<p>Magnera, un fabricant de mat\u00e9riaux sp\u00e9ciaux et de non-tiss\u00e9s, avait besoin d&#8217;un site logistique adapt\u00e9 pour soutenir son usine \u00e0 Gernsbach, comme le rapporte Logivest. L&#8217;entreprise a alors pu proposer un bien situ\u00e9 \u00e0 quelques minutes en voiture, permettant la consolidation des stocks.<\/p>\n<p>La nouvelle surface logistique couvre environ 11 000 m\u00e8tres carr\u00e9s d&#8217;espace de stockage, y compris un mezzanine et plus de 500 m\u00e8tres carr\u00e9s d&#8217;espace de bureau. Un acc\u00e8s lat\u00e9ral couvert permet le chargement et le d\u00e9chargement de rouleaux de papier \u00e0 l&#8217;abri des intemp\u00e9ries. Pour ce faire, l&#8217;installation dispose de dix rampes et de trois portes de plain-pied. Afin de r\u00e9pondre aux exigences en mati\u00e8re de protection contre les incendies et d&#8217;assurance, le syst\u00e8me de sprinkleurs existant sera optimis\u00e9. De plus, le bien dispose d&#8217;une autorisation pour un fonctionnement 24 heures sur 24.<\/p>\n<p><a href=\"https:\/\/www.logivest.de\/\" target=\"_blank\" rel=\"noopener noreferrer\">www.logivest.de<\/a><\/p>\n","protected":false},"excerpt":{"rendered":"<p>\u00c0 Gaggenau, Logivest a n\u00e9goci\u00e9 un nouveau site logistique pour Magnera, qui consolide efficacement les stocks et offre un acc\u00e8s \u00e0 l&rsquo;A5.<\/p>\n","protected":false},"author":10,"featured_media":73132,"comment_status":"open","ping_status":"open","sticky":false,"template":"","format":"standard","meta":{"_acf_changed":false,"footnotes":""},"categories":[1581,1587],"tags":[5536,5537,5538,5539,5540,5541,2115,2116,4047,5542,5543,5544,5545,5546,3328,3994,5547,5548,5549,5550,5551,4001,5552,5553,2525,5554,2526,5555,5556,4003,5557,3107,5558,5559,5560,5561,5562,4061,5563,3157,4006,2869,5564,5565,5566,5567,5568,5569,5570,5571,5572,4078,5573,5574,5575,5576,5577],"class_list":["post-73134","post","type-post","status-publish","format-standard","has-post-thumbnail","hentry","category-expedition-et-logistique","category-leurope","tag-brandschutz-logistikimmobilien","tag-centre-logistique-gaggenau","tag-chaine-dapprovisionnement-gernsbach","tag-commercial-real-estate-baden-wuerttemberg","tag-conseiller-en-immobilier-logistique","tag-deutsch-logivest","tag-digitalisierung-in-der-logistik","tag-digitalization-in-logistics","tag-durabilite-logistique","tag-espace-dentrepot-gaggenau","tag-fire-protection-logistics-real-estate","tag-gewerbeimmobilien-baden-wuerttemberg","tag-immobilier-commercial-bade-wurtemberg","tag-infrastructure-logistics","tag-infrastructure-logistique","tag-infrastruktur-logistik","tag-lagerflaeche-gaggenau","tag-location-despaces-logistiques","tag-logistics-center-gaggenau","tag-logistics-location-gaggenau","tag-logistics-locations-germany","tag-logistics-optimization","tag-logistics-real-estate-advisor","tag-logistics-sector-2023-francais-logivest","tag-logistics-service-providers-germany","tag-logistikbranche-2023-english-logivest","tag-logistikdienstleister-deutschland","tag-logistikflaechen-mieten","tag-logistikimmobilienberater","tag-logistikoptimierung","tag-logistikstandort-gaggenau","tag-logistikstandorte-deutschland","tag-logistikzentrum-gaggenau","tag-logistique-magnera","tag-magnera-logistics","tag-magnera-logistik","tag-materiaux-speciaux-logistique","tag-nachhaltigkeit-logistik","tag-nonwovens-transport","tag-numerisation-dans-la-logistique","tag-optimisation-logistique","tag-prestataires-de-services-logistiques-allemagne","tag-protection-incendie-immobilier-logistique","tag-renting-logistics-spaces","tag-secteur-du-transport-bade-wurtemberg","tag-secteur-logistique-2023","tag-site-logistique-gaggenau","tag-sites-logistiques-allemagne","tag-specialty-materials-logistics","tag-spezialmaterialien-logistik","tag-supply-chain-gernsbach","tag-sustainability-logistics","tag-transport-industry-baden-wuerttemberg","tag-transport-non-tisses","tag-transportwirtschaft-baden-wuerttemberg","tag-vliesstoffe-transport","tag-warehouse-space-gaggenau"],"acf":[],"yoast_head":"<!-- This site is optimized with the Yoast SEO plugin v27.3 - https:\/\/yoast.com\/product\/yoast-seo-wordpress\/ -->\n<title>Logivest transmet un site logistique \u00e0 Gaggenau - ITJ | International Transport Journal.<\/title>\n<meta name=\"robots\" content=\"index, follow, max-snippet:-1, max-image-preview:large, max-video-preview:-1\" \/>\n<link rel=\"canonical\" href=\"https:\/\/transportjournal.com\/fr\/2026\/01\/15\/logivest-transmet-un-site-logistique-a-gaggenau\/\" \/>\n<meta property=\"og:locale\" content=\"fr_FR\" \/>\n<meta property=\"og:type\" content=\"article\" \/>\n<meta property=\"og:title\" content=\"Logivest transmet un site logistique \u00e0 Gaggenau - ITJ | International Transport Journal.\" \/>\n<meta property=\"og:description\" content=\"\u00c0 Gaggenau, Logivest a n\u00e9goci\u00e9 un nouveau site logistique pour Magnera, qui consolide efficacement les stocks et offre un acc\u00e8s \u00e0 l&#039;A5.\" \/>\n<meta property=\"og:url\" content=\"https:\/\/transportjournal.com\/fr\/2026\/01\/15\/logivest-transmet-un-site-logistique-a-gaggenau\/\" \/>\n<meta property=\"og:site_name\" content=\"ITJ | International Transport Journal\" \/>\n<meta property=\"article:published_time\" content=\"2026-01-15T08:45:15+00:00\" \/>\n<meta property=\"og:image\" content=\"https:\/\/transportjournal.com\/wp-content\/uploads\/sites\/2\/2026\/01\/Gaggenau_Copyright_Logivest-scaled-aspect-ratio-1400-788-scaled-1.jpg\" \/>\n\t<meta property=\"og:image:width\" content=\"2560\" \/>\n\t<meta property=\"og:image:height\" content=\"1440\" \/>\n\t<meta property=\"og:image:type\" content=\"image\/jpeg\" \/>\n<meta name=\"author\" content=\"Jeremy Soland\" \/>\n<meta name=\"twitter:card\" content=\"summary_large_image\" \/>\n<meta name=\"twitter:label1\" content=\"\u00c9crit par\" \/>\n\t<meta name=\"twitter:data1\" content=\"Jeremy Soland\" \/>\n\t<meta name=\"twitter:label2\" content=\"Dur\u00e9e de lecture estim\u00e9e\" \/>\n\t<meta name=\"twitter:data2\" content=\"1 minute\" \/>\n<script type=\"application\/ld+json\" class=\"yoast-schema-graph\">{\"@context\":\"https:\\\/\\\/schema.org\",\"@graph\":[{\"@type\":\"Article\",\"@id\":\"https:\\\/\\\/transportjournal.com\\\/fr\\\/2026\\\/01\\\/15\\\/logivest-transmet-un-site-logistique-a-gaggenau\\\/#article\",\"isPartOf\":{\"@id\":\"https:\\\/\\\/transportjournal.com\\\/fr\\\/2026\\\/01\\\/15\\\/logivest-transmet-un-site-logistique-a-gaggenau\\\/\"},\"author\":{\"name\":\"Jeremy Soland\",\"@id\":\"https:\\\/\\\/transportjournal.com\\\/fr\\\/#\\\/schema\\\/person\\\/41d36b5474b623392fa613e97e2363fa\"},\"headline\":\"Logivest transmet un site logistique \u00e0 Gaggenau\",\"datePublished\":\"2026-01-15T08:45:15+00:00\",\"mainEntityOfPage\":{\"@id\":\"https:\\\/\\\/transportjournal.com\\\/fr\\\/2026\\\/01\\\/15\\\/logivest-transmet-un-site-logistique-a-gaggenau\\\/\"},\"wordCount\":203,\"commentCount\":0,\"publisher\":{\"@id\":\"https:\\\/\\\/transportjournal.com\\\/fr\\\/#organization\"},\"image\":{\"@id\":\"https:\\\/\\\/transportjournal.com\\\/fr\\\/2026\\\/01\\\/15\\\/logivest-transmet-un-site-logistique-a-gaggenau\\\/#primaryimage\"},\"thumbnailUrl\":\"https:\\\/\\\/transportjournal.com\\\/wp-content\\\/uploads\\\/sites\\\/2\\\/2026\\\/01\\\/Gaggenau_Copyright_Logivest-scaled-aspect-ratio-1400-788-scaled-1.jpg\",\"keywords\":[\"Brandschutz Logistikimmobilien\",\"centre logistique Gaggenau\",\"cha\u00eene d'approvisionnement Gernsbach\",\"commercial real estate Baden-W\u00fcrttemberg\",\"conseiller en immobilier logistique\",\"Deutsch Logivest\",\"Digitalisierung in der Logistik\",\"digitalization in logistics\",\"durabilit\u00e9 logistique\",\"espace d'entrep\u00f4t Gaggenau\",\"fire protection logistics real estate\",\"Gewerbeimmobilien Baden-W\u00fcrttemberg\",\"immobilier commercial Bade-Wurtemberg\",\"infrastructure logistics\",\"infrastructure logistique\",\"Infrastruktur Logistik\",\"Lagerfl\u00e4che Gaggenau\",\"location d'espaces logistiques\",\"logistics center Gaggenau\",\"logistics location Gaggenau\",\"logistics locations Germany\",\"logistics optimization\",\"logistics real estate advisor\",\"logistics sector 2023 Fran\u00e7ais Logivest\",\"logistics service providers Germany\",\"Logistikbranche 2023 English Logivest\",\"Logistikdienstleister Deutschland\",\"Logistikfl\u00e4chen mieten\",\"Logistikimmobilienberater\",\"Logistikoptimierung\",\"Logistikstandort Gaggenau\",\"Logistikstandorte Deutschland\",\"Logistikzentrum Gaggenau\",\"logistique Magnera\",\"Magnera logistics\",\"Magnera Logistik\",\"mat\u00e9riaux sp\u00e9ciaux logistique\",\"Nachhaltigkeit Logistik\",\"nonwovens transport\",\"num\u00e9risation dans la logistique\",\"optimisation logistique\",\"prestataires de services logistiques Allemagne\",\"protection incendie immobilier logistique\",\"renting logistics spaces\",\"secteur du transport Bade-Wurtemberg\",\"secteur logistique 2023\",\"site logistique Gaggenau\",\"sites logistiques Allemagne\",\"specialty materials logistics\",\"Spezialmaterialien Logistik\",\"Supply Chain Gernsbach\",\"sustainability logistics\",\"transport industry Baden-W\u00fcrttemberg\",\"transport non-tiss\u00e9s\",\"Transportwirtschaft Baden-W\u00fcrttemberg\",\"Vliesstoffe Transport\",\"warehouse space Gaggenau\"],\"articleSection\":[\"Exp\u00e9dition de fret et logistique\",\"L'Europe\"],\"inLanguage\":\"fr-FR\",\"potentialAction\":[{\"@type\":\"CommentAction\",\"name\":\"Comment\",\"target\":[\"https:\\\/\\\/transportjournal.com\\\/fr\\\/2026\\\/01\\\/15\\\/logivest-transmet-un-site-logistique-a-gaggenau\\\/#respond\"]}]},{\"@type\":\"WebPage\",\"@id\":\"https:\\\/\\\/transportjournal.com\\\/fr\\\/2026\\\/01\\\/15\\\/logivest-transmet-un-site-logistique-a-gaggenau\\\/\",\"url\":\"https:\\\/\\\/transportjournal.com\\\/fr\\\/2026\\\/01\\\/15\\\/logivest-transmet-un-site-logistique-a-gaggenau\\\/\",\"name\":\"Logivest transmet un site logistique \u00e0 Gaggenau - ITJ | International Transport Journal.\",\"isPartOf\":{\"@id\":\"https:\\\/\\\/transportjournal.com\\\/fr\\\/#website\"},\"primaryImageOfPage\":{\"@id\":\"https:\\\/\\\/transportjournal.com\\\/fr\\\/2026\\\/01\\\/15\\\/logivest-transmet-un-site-logistique-a-gaggenau\\\/#primaryimage\"},\"image\":{\"@id\":\"https:\\\/\\\/transportjournal.com\\\/fr\\\/2026\\\/01\\\/15\\\/logivest-transmet-un-site-logistique-a-gaggenau\\\/#primaryimage\"},\"thumbnailUrl\":\"https:\\\/\\\/transportjournal.com\\\/wp-content\\\/uploads\\\/sites\\\/2\\\/2026\\\/01\\\/Gaggenau_Copyright_Logivest-scaled-aspect-ratio-1400-788-scaled-1.jpg\",\"datePublished\":\"2026-01-15T08:45:15+00:00\",\"breadcrumb\":{\"@id\":\"https:\\\/\\\/transportjournal.com\\\/fr\\\/2026\\\/01\\\/15\\\/logivest-transmet-un-site-logistique-a-gaggenau\\\/#breadcrumb\"},\"inLanguage\":\"fr-FR\",\"potentialAction\":[{\"@type\":\"ReadAction\",\"target\":[\"https:\\\/\\\/transportjournal.com\\\/fr\\\/2026\\\/01\\\/15\\\/logivest-transmet-un-site-logistique-a-gaggenau\\\/\"]}]},{\"@type\":\"ImageObject\",\"inLanguage\":\"fr-FR\",\"@id\":\"https:\\\/\\\/transportjournal.com\\\/fr\\\/2026\\\/01\\\/15\\\/logivest-transmet-un-site-logistique-a-gaggenau\\\/#primaryimage\",\"url\":\"https:\\\/\\\/transportjournal.com\\\/wp-content\\\/uploads\\\/sites\\\/2\\\/2026\\\/01\\\/Gaggenau_Copyright_Logivest-scaled-aspect-ratio-1400-788-scaled-1.jpg\",\"contentUrl\":\"https:\\\/\\\/transportjournal.com\\\/wp-content\\\/uploads\\\/sites\\\/2\\\/2026\\\/01\\\/Gaggenau_Copyright_Logivest-scaled-aspect-ratio-1400-788-scaled-1.jpg\",\"width\":2560,\"height\":1440},{\"@type\":\"BreadcrumbList\",\"@id\":\"https:\\\/\\\/transportjournal.com\\\/fr\\\/2026\\\/01\\\/15\\\/logivest-transmet-un-site-logistique-a-gaggenau\\\/#breadcrumb\",\"itemListElement\":[{\"@type\":\"ListItem\",\"position\":1,\"name\":\"Startseite\",\"item\":\"https:\\\/\\\/transportjournal.com\\\/fr\\\/\"},{\"@type\":\"ListItem\",\"position\":2,\"name\":\"Logivest transmet un site logistique \u00e0 Gaggenau\"}]},{\"@type\":\"WebSite\",\"@id\":\"https:\\\/\\\/transportjournal.com\\\/fr\\\/#website\",\"url\":\"https:\\\/\\\/transportjournal.com\\\/fr\\\/\",\"name\":\"ITJ | International Transport Journal\",\"description\":\"Restez inform\u00e9 des derni\u00e8res nouvelles mondiales dans les secteurs du transport, de la logistique et de la cha\u00eene d'approvisionnement. Transport Journal fournit des informations d'experts, des analyses et des mises \u00e0 jour sur le transport maritime, l'aviation, l'intermodalit\u00e9 et l'exp\u00e9dition. \",\"publisher\":{\"@id\":\"https:\\\/\\\/transportjournal.com\\\/fr\\\/#organization\"},\"potentialAction\":[{\"@type\":\"SearchAction\",\"target\":{\"@type\":\"EntryPoint\",\"urlTemplate\":\"https:\\\/\\\/transportjournal.com\\\/fr\\\/?s={search_term_string}\"},\"query-input\":{\"@type\":\"PropertyValueSpecification\",\"valueRequired\":true,\"valueName\":\"search_term_string\"}}],\"inLanguage\":\"fr-FR\"},{\"@type\":\"Organization\",\"@id\":\"https:\\\/\\\/transportjournal.com\\\/fr\\\/#organization\",\"name\":\"Groupe Logismedia AG\",\"alternateName\":\"Logismedia Group AG\",\"url\":\"https:\\\/\\\/transportjournal.com\\\/fr\\\/\",\"logo\":{\"@type\":\"ImageObject\",\"inLanguage\":\"fr-FR\",\"@id\":\"https:\\\/\\\/transportjournal.com\\\/fr\\\/#\\\/schema\\\/logo\\\/image\\\/\",\"url\":\"https:\\\/\\\/transportjournal.com\\\/wp-content\\\/uploads\\\/sites\\\/2\\\/2025\\\/09\\\/Logo_ITJ.png\",\"contentUrl\":\"https:\\\/\\\/transportjournal.com\\\/wp-content\\\/uploads\\\/sites\\\/2\\\/2025\\\/09\\\/Logo_ITJ.png\",\"width\":799,\"height\":326,\"caption\":\"Groupe Logismedia AG\"},\"image\":{\"@id\":\"https:\\\/\\\/transportjournal.com\\\/fr\\\/#\\\/schema\\\/logo\\\/image\\\/\"},\"sameAs\":[\"https:\\\/\\\/www.linkedin.com\\\/company\\\/56456496\\\/admin\\\/dashboard\\\/\",\"https:\\\/\\\/www.instagram.com\\\/logismediagroup\\\/\",\"https:\\\/\\\/www.youtube.com\\\/@LogiamediaGroupAG\"]},{\"@type\":\"Person\",\"@id\":\"https:\\\/\\\/transportjournal.com\\\/fr\\\/#\\\/schema\\\/person\\\/41d36b5474b623392fa613e97e2363fa\",\"name\":\"Jeremy Soland\",\"url\":\"https:\\\/\\\/transportjournal.com\\\/fr\\\/author\\\/jeremy\\\/\"}]}<\/script>\n<!-- \/ Yoast SEO plugin. -->","yoast_head_json":{"title":"Logivest transmet un site logistique \u00e0 Gaggenau - ITJ | International Transport Journal.","robots":{"index":"index","follow":"follow","max-snippet":"max-snippet:-1","max-image-preview":"max-image-preview:large","max-video-preview":"max-video-preview:-1"},"canonical":"https:\/\/transportjournal.com\/fr\/2026\/01\/15\/logivest-transmet-un-site-logistique-a-gaggenau\/","og_locale":"fr_FR","og_type":"article","og_title":"Logivest transmet un site logistique \u00e0 Gaggenau - ITJ | International Transport Journal.","og_description":"\u00c0 Gaggenau, Logivest a n\u00e9goci\u00e9 un nouveau site logistique pour Magnera, qui consolide efficacement les stocks et offre un acc\u00e8s \u00e0 l'A5.","og_url":"https:\/\/transportjournal.com\/fr\/2026\/01\/15\/logivest-transmet-un-site-logistique-a-gaggenau\/","og_site_name":"ITJ | International Transport Journal","article_published_time":"2026-01-15T08:45:15+00:00","og_image":[{"width":2560,"height":1440,"url":"https:\/\/transportjournal.com\/wp-content\/uploads\/sites\/2\/2026\/01\/Gaggenau_Copyright_Logivest-scaled-aspect-ratio-1400-788-scaled-1.jpg","type":"image\/jpeg"}],"author":"Jeremy Soland","twitter_card":"summary_large_image","twitter_misc":{"\u00c9crit par":"Jeremy Soland","Dur\u00e9e de lecture estim\u00e9e":"1 minute"},"schema":{"@context":"https:\/\/schema.org","@graph":[{"@type":"Article","@id":"https:\/\/transportjournal.com\/fr\/2026\/01\/15\/logivest-transmet-un-site-logistique-a-gaggenau\/#article","isPartOf":{"@id":"https:\/\/transportjournal.com\/fr\/2026\/01\/15\/logivest-transmet-un-site-logistique-a-gaggenau\/"},"author":{"name":"Jeremy Soland","@id":"https:\/\/transportjournal.com\/fr\/#\/schema\/person\/41d36b5474b623392fa613e97e2363fa"},"headline":"Logivest transmet un site logistique \u00e0 Gaggenau","datePublished":"2026-01-15T08:45:15+00:00","mainEntityOfPage":{"@id":"https:\/\/transportjournal.com\/fr\/2026\/01\/15\/logivest-transmet-un-site-logistique-a-gaggenau\/"},"wordCount":203,"commentCount":0,"publisher":{"@id":"https:\/\/transportjournal.com\/fr\/#organization"},"image":{"@id":"https:\/\/transportjournal.com\/fr\/2026\/01\/15\/logivest-transmet-un-site-logistique-a-gaggenau\/#primaryimage"},"thumbnailUrl":"https:\/\/transportjournal.com\/wp-content\/uploads\/sites\/2\/2026\/01\/Gaggenau_Copyright_Logivest-scaled-aspect-ratio-1400-788-scaled-1.jpg","keywords":["Brandschutz Logistikimmobilien","centre logistique Gaggenau","cha\u00eene d'approvisionnement Gernsbach","commercial real estate Baden-W\u00fcrttemberg","conseiller en immobilier logistique","Deutsch Logivest","Digitalisierung in der Logistik","digitalization in logistics","durabilit\u00e9 logistique","espace d'entrep\u00f4t Gaggenau","fire protection logistics real estate","Gewerbeimmobilien Baden-W\u00fcrttemberg","immobilier commercial Bade-Wurtemberg","infrastructure logistics","infrastructure logistique","Infrastruktur Logistik","Lagerfl\u00e4che Gaggenau","location d'espaces logistiques","logistics center Gaggenau","logistics location Gaggenau","logistics locations Germany","logistics optimization","logistics real estate advisor","logistics sector 2023 Fran\u00e7ais Logivest","logistics service providers Germany","Logistikbranche 2023 English Logivest","Logistikdienstleister Deutschland","Logistikfl\u00e4chen mieten","Logistikimmobilienberater","Logistikoptimierung","Logistikstandort Gaggenau","Logistikstandorte Deutschland","Logistikzentrum Gaggenau","logistique Magnera","Magnera logistics","Magnera Logistik","mat\u00e9riaux sp\u00e9ciaux logistique","Nachhaltigkeit Logistik","nonwovens transport","num\u00e9risation dans la logistique","optimisation logistique","prestataires de services logistiques Allemagne","protection incendie immobilier logistique","renting logistics spaces","secteur du transport Bade-Wurtemberg","secteur logistique 2023","site logistique Gaggenau","sites logistiques Allemagne","specialty materials logistics","Spezialmaterialien Logistik","Supply Chain Gernsbach","sustainability logistics","transport industry Baden-W\u00fcrttemberg","transport non-tiss\u00e9s","Transportwirtschaft Baden-W\u00fcrttemberg","Vliesstoffe Transport","warehouse space Gaggenau"],"articleSection":["Exp\u00e9dition de fret et logistique","L'Europe"],"inLanguage":"fr-FR","potentialAction":[{"@type":"CommentAction","name":"Comment","target":["https:\/\/transportjournal.com\/fr\/2026\/01\/15\/logivest-transmet-un-site-logistique-a-gaggenau\/#respond"]}]},{"@type":"WebPage","@id":"https:\/\/transportjournal.com\/fr\/2026\/01\/15\/logivest-transmet-un-site-logistique-a-gaggenau\/","url":"https:\/\/transportjournal.com\/fr\/2026\/01\/15\/logivest-transmet-un-site-logistique-a-gaggenau\/","name":"Logivest transmet un site logistique \u00e0 Gaggenau - ITJ | International Transport Journal.","isPartOf":{"@id":"https:\/\/transportjournal.com\/fr\/#website"},"primaryImageOfPage":{"@id":"https:\/\/transportjournal.com\/fr\/2026\/01\/15\/logivest-transmet-un-site-logistique-a-gaggenau\/#primaryimage"},"image":{"@id":"https:\/\/transportjournal.com\/fr\/2026\/01\/15\/logivest-transmet-un-site-logistique-a-gaggenau\/#primaryimage"},"thumbnailUrl":"https:\/\/transportjournal.com\/wp-content\/uploads\/sites\/2\/2026\/01\/Gaggenau_Copyright_Logivest-scaled-aspect-ratio-1400-788-scaled-1.jpg","datePublished":"2026-01-15T08:45:15+00:00","breadcrumb":{"@id":"https:\/\/transportjournal.com\/fr\/2026\/01\/15\/logivest-transmet-un-site-logistique-a-gaggenau\/#breadcrumb"},"inLanguage":"fr-FR","potentialAction":[{"@type":"ReadAction","target":["https:\/\/transportjournal.com\/fr\/2026\/01\/15\/logivest-transmet-un-site-logistique-a-gaggenau\/"]}]},{"@type":"ImageObject","inLanguage":"fr-FR","@id":"https:\/\/transportjournal.com\/fr\/2026\/01\/15\/logivest-transmet-un-site-logistique-a-gaggenau\/#primaryimage","url":"https:\/\/transportjournal.com\/wp-content\/uploads\/sites\/2\/2026\/01\/Gaggenau_Copyright_Logivest-scaled-aspect-ratio-1400-788-scaled-1.jpg","contentUrl":"https:\/\/transportjournal.com\/wp-content\/uploads\/sites\/2\/2026\/01\/Gaggenau_Copyright_Logivest-scaled-aspect-ratio-1400-788-scaled-1.jpg","width":2560,"height":1440},{"@type":"BreadcrumbList","@id":"https:\/\/transportjournal.com\/fr\/2026\/01\/15\/logivest-transmet-un-site-logistique-a-gaggenau\/#breadcrumb","itemListElement":[{"@type":"ListItem","position":1,"name":"Startseite","item":"https:\/\/transportjournal.com\/fr\/"},{"@type":"ListItem","position":2,"name":"Logivest transmet un site logistique \u00e0 Gaggenau"}]},{"@type":"WebSite","@id":"https:\/\/transportjournal.com\/fr\/#website","url":"https:\/\/transportjournal.com\/fr\/","name":"ITJ | International Transport Journal","description":"Restez inform\u00e9 des derni\u00e8res nouvelles mondiales dans les secteurs du transport, de la logistique et de la cha\u00eene d'approvisionnement. Transport Journal fournit des informations d'experts, des analyses et des mises \u00e0 jour sur le transport maritime, l'aviation, l'intermodalit\u00e9 et l'exp\u00e9dition. ","publisher":{"@id":"https:\/\/transportjournal.com\/fr\/#organization"},"potentialAction":[{"@type":"SearchAction","target":{"@type":"EntryPoint","urlTemplate":"https:\/\/transportjournal.com\/fr\/?s={search_term_string}"},"query-input":{"@type":"PropertyValueSpecification","valueRequired":true,"valueName":"search_term_string"}}],"inLanguage":"fr-FR"},{"@type":"Organization","@id":"https:\/\/transportjournal.com\/fr\/#organization","name":"Groupe Logismedia AG","alternateName":"Logismedia Group AG","url":"https:\/\/transportjournal.com\/fr\/","logo":{"@type":"ImageObject","inLanguage":"fr-FR","@id":"https:\/\/transportjournal.com\/fr\/#\/schema\/logo\/image\/","url":"https:\/\/transportjournal.com\/wp-content\/uploads\/sites\/2\/2025\/09\/Logo_ITJ.png","contentUrl":"https:\/\/transportjournal.com\/wp-content\/uploads\/sites\/2\/2025\/09\/Logo_ITJ.png","width":799,"height":326,"caption":"Groupe Logismedia AG"},"image":{"@id":"https:\/\/transportjournal.com\/fr\/#\/schema\/logo\/image\/"},"sameAs":["https:\/\/www.linkedin.com\/company\/56456496\/admin\/dashboard\/","https:\/\/www.instagram.com\/logismediagroup\/","https:\/\/www.youtube.com\/@LogiamediaGroupAG"]},{"@type":"Person","@id":"https:\/\/transportjournal.com\/fr\/#\/schema\/person\/41d36b5474b623392fa613e97e2363fa","name":"Jeremy Soland","url":"https:\/\/transportjournal.com\/fr\/author\/jeremy\/"}]}},"_links":{"self":[{"href":"https:\/\/transportjournal.com\/fr\/wp-json\/wp\/v2\/posts\/73134","targetHints":{"allow":["GET"]}}],"collection":[{"href":"https:\/\/transportjournal.com\/fr\/wp-json\/wp\/v2\/posts"}],"about":[{"href":"https:\/\/transportjournal.com\/fr\/wp-json\/wp\/v2\/types\/post"}],"author":[{"embeddable":true,"href":"https:\/\/transportjournal.com\/fr\/wp-json\/wp\/v2\/users\/10"}],"replies":[{"embeddable":true,"href":"https:\/\/transportjournal.com\/fr\/wp-json\/wp\/v2\/comments?post=73134"}],"version-history":[{"count":0,"href":"https:\/\/transportjournal.com\/fr\/wp-json\/wp\/v2\/posts\/73134\/revisions"}],"wp:featuredmedia":[{"embeddable":true,"href":"https:\/\/transportjournal.com\/fr\/wp-json\/wp\/v2\/media\/73132"}],"wp:attachment":[{"href":"https:\/\/transportjournal.com\/fr\/wp-json\/wp\/v2\/media?parent=73134"}],"wp:term":[{"taxonomy":"category","embeddable":true,"href":"https:\/\/transportjournal.com\/fr\/wp-json\/wp\/v2\/categories?post=73134"},{"taxonomy":"post_tag","embeddable":true,"href":"https:\/\/transportjournal.com\/fr\/wp-json\/wp\/v2\/tags?post=73134"}],"curies":[{"name":"wp","href":"https:\/\/api.w.org\/{rel}","templated":true}]}}