{"id":73074,"date":"2026-01-14T10:21:13","date_gmt":"2026-01-14T10:21:13","guid":{"rendered":"https:\/\/transportjournal.com\/2026\/01\/14\/kinaxis-nomme-razat-gaurav-au-poste-de-pdg\/"},"modified":"2026-01-14T10:21:13","modified_gmt":"2026-01-14T10:21:13","slug":"kinaxis-nomme-razat-gaurav-au-poste-de-pdg","status":"publish","type":"post","link":"https:\/\/transportjournal.com\/fr\/2026\/01\/14\/kinaxis-nomme-razat-gaurav-au-poste-de-pdg\/","title":{"rendered":"Kinaxis nomme Razat Gaurav au poste de PDG"},"content":{"rendered":"<p>Kinaxis a nomm\u00e9 Razat Gaurav en tant que nouveau PDG, qui a officiellement pris ses fonctions le 12 janvier 2026. Gaurav apporte plus de 25 ans d&#8217;exp\u00e9rience dans le domaine des solutions de cha\u00eene d&#8217;approvisionnement et a occup\u00e9 divers postes de direction, notamment en tant que PDG de Planview et LLamasoft. Sa nomination a \u00e9t\u00e9 annonc\u00e9e par Bob Courteau, le PDG par int\u00e9rim et pr\u00e9sident du conseil d&#8217;administration de Kinaxis. Courteau a soulign\u00e9 que Gaurav poss\u00e8de les qualifications id\u00e9ales pour ce r\u00f4le en raison de son exp\u00e9rience approfondie et de ses succ\u00e8s dans la promotion d&#8217;une croissance ax\u00e9e sur l&#8217;innovation.<\/p>\n<h3>Exp\u00e9rience et vision pour l&#8217;avenir<\/h3>\n<p>Gaurav s&#8217;est fait un nom dans l&#8217;industrie en construisant et en d\u00e9veloppant des organisations mondiales sur des march\u00e9s en forte croissance. Pendant son temps chez Planview, il a dirig\u00e9 la transformation de l&#8217;entreprise en mati\u00e8re d&#8217;intelligence artificielle (IA) et a d\u00e9velopp\u00e9 une plateforme reposant sur des architectures de donn\u00e9es modernes et des fonctionnalit\u00e9s d&#8217;IA. Cela a permis \u00e0 Planview de plus que doubler ses revenus tout en maintenant des marges op\u00e9rationnelles \u00e9lev\u00e9es.<\/p>\n<p>Dans son nouveau r\u00f4le chez Kinaxis, Gaurav a exprim\u00e9 son enthousiasme \u00e0 revenir dans le domaine des cha\u00eenes d&#8217;approvisionnement. Il consid\u00e8re Kinaxis comme \u00e9tant dans une position unique pour red\u00e9finir l&#8217;avenir des cha\u00eenes d&#8217;approvisionnement intelligentes. Gaurav pr\u00e9voit de faire avancer la prochaine g\u00e9n\u00e9ration de prise de d\u00e9cision et d&#8217;orchestration de cha\u00eene d&#8217;approvisionnement soutenues par l&#8217;IA, notamment en exploitant la plateforme Maestro. Il a soulign\u00e9 qu&#8217;il souhaite \u00e9tablir des normes d&#8217;innovation et construire des partenariats durables pour cr\u00e9er de la valeur pour les employ\u00e9s, les clients et les actionnaires.<\/p>\n<p>La nomination de Gaurav s&#8217;inscrit dans une strat\u00e9gie plus large de Kinaxis visant \u00e0 cr\u00e9er une valeur \u00e0 long terme pour toutes les parties prenantes. En plus de Gaurav, d&#8217;autres postes cl\u00e9s, tels que celui de pr\u00e9sident pour le commerce mondial, ont \u00e9t\u00e9 pourvus par Mark Morgan, afin de renforcer l&#8217;\u00e9quipe de direction et de favoriser une croissance durable.<\/p>\n<p>Bob Courteau retournera \u00e0 son r\u00f4le de pr\u00e9sident non ex\u00e9cutif du conseil d&#8217;administration apr\u00e8s sa p\u00e9riode de transition en tant que PDG par int\u00e9rim. Angel Mendez continuera \u00e0 agir en tant que directeur ind\u00e9pendant principal.<\/p>\n<p>Kinaxis est reconnu pour son orchestration moderne de la cha\u00eene d&#8217;approvisionnement et aide les entreprises \u00e0 g\u00e9rer efficacement des cha\u00eenes d&#8217;approvisionnement mondiales complexes. La plateforme soutenue par l&#8217;IA, Maestro, offre transparence et agilit\u00e9 tout au long de la cha\u00eene d&#8217;approvisionnement, de la planification strat\u00e9gique jusqu&#8217;\u00e0 la derni\u00e8re \u00e9tape de la livraison.<\/p>\n<p>&nbsp;<\/p>\n<p><a href=\"https:\/\/www.kinaxis.com\/\" target=\"_blank\" rel=\"noopener noreferrer\">www.kinaxis.com<\/a><\/p>\n<p>&nbsp;<\/p>\n","protected":false},"excerpt":{"rendered":"<p>Kinaxis a nomm\u00e9 Razat Gaurav comme nouveau PDG, qui a pris ses fonctions le 12 janvier 2026 pour promouvoir des solutions innovantes en mati\u00e8re de cha\u00eene d&rsquo;approvisionnement.<\/p>\n","protected":false},"author":12,"featured_media":73072,"comment_status":"open","ping_status":"open","sticky":false,"template":"","format":"standard","meta":{"_acf_changed":false,"footnotes":""},"categories":[1586,1579,1585],"tags":[5395,5396,5397,5398,5399,5400,5401,2995,5402,2211,2212,1889,2123,5403,5404,5405,2125,5406,5407,5408,3561,5409,5410,5411,2133,1831,5412,5413,5414,5415,5416,3015,5417,5418,5419,5420,3602,5421,5422,2148,5423,2237,5424,5425,5426,5427,5428,5429,5430,3029,2242,2839,1837,5431,5432],"class_list":["post-73074","post","type-post","status-publish","format-standard","has-post-thumbnail","hentry","category-asie-pacifique","category-personnes-et-entreprises","category-regions","tag-architectures-de-donnees-modernes","tag-artificial-intelligence","tag-betriebsmargen","tag-ceo-appointment","tag-ceo-ernennung","tag-creation-de-valeur","tag-croissance-axee-sur-linnovation","tag-croissance-durable","tag-deutsch-kinaxis","tag-digital-transformation","tag-digitale-transformation","tag-fachkraeftemangel","tag-gestion-de-la-chaine-dapprovisionnement","tag-gestion-des-parties-prenantes","tag-global-organizations","tag-globale-organisationen","tag-industrie-du-transport","tag-innovation-driven-growth","tag-innovationsgetriebenes-wachstum","tag-intelligence-artificielle","tag-kuenstliche-intelligenz","tag-lieferkettenloesungen","tag-lieferkettenmanagement-english-kinaxis","tag-lieferkettenorchestrierung","tag-logistics-service-providers","tag-logistikdienstleister","tag-maestro-platform","tag-maestro-plattform","tag-marges-operationnelles","tag-modern-data-architectures","tag-moderne-datenarchitekturen","tag-nachhaltiges-wachstum","tag-nomination-ceo","tag-operating-margins","tag-orchestration-de-chaine-dapprovisionnement","tag-organisations-mondiales","tag-penurie-de-competences","tag-planification-strategique","tag-plateforme-maestro","tag-prestataires-de-services-logistiques","tag-razat-gaurav","tag-skills-shortage","tag-solutions-de-chaine-dapprovisionnement","tag-stakeholder-management","tag-strategic-planning","tag-strategische-planung","tag-supply-chain-management-francais-kinaxis","tag-supply-chain-orchestration","tag-supply-chain-solutions","tag-sustainable-growth","tag-transformation-numerique","tag-transportation-industry","tag-transportwirtschaft","tag-value-creation","tag-wertschoepfung"],"acf":[],"yoast_head":"<!-- This site is optimized with the Yoast SEO plugin v27.3 - https:\/\/yoast.com\/product\/yoast-seo-wordpress\/ -->\n<title>Kinaxis nomme Razat Gaurav au poste de PDG - ITJ | International Transport Journal.<\/title>\n<meta name=\"robots\" content=\"index, follow, max-snippet:-1, max-image-preview:large, max-video-preview:-1\" \/>\n<link rel=\"canonical\" href=\"https:\/\/transportjournal.com\/fr\/2026\/01\/14\/kinaxis-nomme-razat-gaurav-au-poste-de-pdg\/\" \/>\n<meta property=\"og:locale\" content=\"fr_FR\" \/>\n<meta property=\"og:type\" content=\"article\" \/>\n<meta property=\"og:title\" content=\"Kinaxis nomme Razat Gaurav au poste de PDG - ITJ | International Transport Journal.\" \/>\n<meta property=\"og:description\" content=\"Kinaxis a nomm\u00e9 Razat Gaurav comme nouveau PDG, qui a pris ses fonctions le 12 janvier 2026 pour promouvoir des solutions innovantes en mati\u00e8re de cha\u00eene d&#039;approvisionnement.\" \/>\n<meta property=\"og:url\" content=\"https:\/\/transportjournal.com\/fr\/2026\/01\/14\/kinaxis-nomme-razat-gaurav-au-poste-de-pdg\/\" \/>\n<meta property=\"og:site_name\" content=\"ITJ | International Transport Journal\" \/>\n<meta property=\"article:published_time\" content=\"2026-01-14T10:21:13+00:00\" \/>\n<meta property=\"og:image\" content=\"https:\/\/transportjournal.com\/wp-content\/uploads\/sites\/2\/2026\/01\/Kinaxis-Razat_Gaurav_Headshot-aspect-ratio-1400-788.jpg\" \/>\n\t<meta property=\"og:image:width\" content=\"384\" \/>\n\t<meta property=\"og:image:height\" content=\"216\" \/>\n\t<meta property=\"og:image:type\" content=\"image\/jpeg\" \/>\n<meta name=\"author\" content=\"Andreas Haug\" \/>\n<meta name=\"twitter:card\" content=\"summary_large_image\" \/>\n<meta name=\"twitter:label1\" content=\"\u00c9crit par\" \/>\n\t<meta name=\"twitter:data1\" content=\"Andreas Haug\" \/>\n\t<meta name=\"twitter:label2\" content=\"Dur\u00e9e de lecture estim\u00e9e\" \/>\n\t<meta name=\"twitter:data2\" content=\"2 minutes\" \/>\n<script type=\"application\/ld+json\" class=\"yoast-schema-graph\">{\"@context\":\"https:\\\/\\\/schema.org\",\"@graph\":[{\"@type\":\"Article\",\"@id\":\"https:\\\/\\\/transportjournal.com\\\/fr\\\/2026\\\/01\\\/14\\\/kinaxis-nomme-razat-gaurav-au-poste-de-pdg\\\/#article\",\"isPartOf\":{\"@id\":\"https:\\\/\\\/transportjournal.com\\\/fr\\\/2026\\\/01\\\/14\\\/kinaxis-nomme-razat-gaurav-au-poste-de-pdg\\\/\"},\"author\":{\"name\":\"Andreas Haug\",\"@id\":\"https:\\\/\\\/transportjournal.com\\\/fr\\\/#\\\/schema\\\/person\\\/cf538b3157f15afd7589245a4b3dbd25\"},\"headline\":\"Kinaxis nomme Razat Gaurav au poste de PDG\",\"datePublished\":\"2026-01-14T10:21:13+00:00\",\"mainEntityOfPage\":{\"@id\":\"https:\\\/\\\/transportjournal.com\\\/fr\\\/2026\\\/01\\\/14\\\/kinaxis-nomme-razat-gaurav-au-poste-de-pdg\\\/\"},\"wordCount\":489,\"commentCount\":0,\"publisher\":{\"@id\":\"https:\\\/\\\/transportjournal.com\\\/fr\\\/#organization\"},\"image\":{\"@id\":\"https:\\\/\\\/transportjournal.com\\\/fr\\\/2026\\\/01\\\/14\\\/kinaxis-nomme-razat-gaurav-au-poste-de-pdg\\\/#primaryimage\"},\"thumbnailUrl\":\"https:\\\/\\\/transportjournal.com\\\/wp-content\\\/uploads\\\/sites\\\/2\\\/2026\\\/01\\\/Kinaxis-Razat_Gaurav_Headshot-aspect-ratio-1400-788.jpg\",\"keywords\":[\"architectures de donn\u00e9es modernes\",\"artificial intelligence\",\"Betriebsmargen\",\"CEO appointment\",\"CEO Ernennung\",\"cr\u00e9ation de valeur\",\"croissance ax\u00e9e sur l'innovation\",\"croissance durable\",\"Deutsch Kinaxis\",\"digital transformation\",\"digitale Transformation\",\"Fachkr\u00e4ftemangel\",\"gestion de la cha\u00eene d'approvisionnement\",\"gestion des parties prenantes\",\"global organizations\",\"globale Organisationen\",\"industrie du transport\",\"innovation-driven growth\",\"Innovationsgetriebenes Wachstum\",\"intelligence artificielle\",\"K\u00fcnstliche Intelligenz\",\"Lieferkettenl\u00f6sungen\",\"Lieferkettenmanagement English Kinaxis\",\"Lieferkettenorchestrierung\",\"logistics service providers\",\"Logistikdienstleister\",\"Maestro platform\",\"Maestro-Plattform\",\"marges op\u00e9rationnelles\",\"modern data architectures\",\"moderne Datenarchitekturen\",\"nachhaltiges Wachstum\",\"nomination CEO\",\"operating margins\",\"orchestration de cha\u00eene d'approvisionnement\",\"organisations mondiales\",\"p\u00e9nurie de comp\u00e9tences\",\"planification strat\u00e9gique\",\"plateforme Maestro\",\"prestataires de services logistiques\",\"Razat Gaurav\",\"skills shortage\",\"solutions de cha\u00eene d'approvisionnement\",\"Stakeholder-Management\",\"strategic planning\",\"strategische Planung\",\"supply chain management Fran\u00e7ais Kinaxis\",\"supply chain orchestration\",\"supply chain solutions\",\"sustainable growth\",\"transformation num\u00e9rique\",\"transportation industry\",\"Transportwirtschaft\",\"value creation\",\"Wertsch\u00f6pfung\"],\"articleSection\":[\"Asie\\\/Pacifique\",\"Personnes et entreprises\",\"R\u00e9gions\"],\"inLanguage\":\"fr-FR\",\"potentialAction\":[{\"@type\":\"CommentAction\",\"name\":\"Comment\",\"target\":[\"https:\\\/\\\/transportjournal.com\\\/fr\\\/2026\\\/01\\\/14\\\/kinaxis-nomme-razat-gaurav-au-poste-de-pdg\\\/#respond\"]}]},{\"@type\":\"WebPage\",\"@id\":\"https:\\\/\\\/transportjournal.com\\\/fr\\\/2026\\\/01\\\/14\\\/kinaxis-nomme-razat-gaurav-au-poste-de-pdg\\\/\",\"url\":\"https:\\\/\\\/transportjournal.com\\\/fr\\\/2026\\\/01\\\/14\\\/kinaxis-nomme-razat-gaurav-au-poste-de-pdg\\\/\",\"name\":\"Kinaxis nomme Razat Gaurav au poste de PDG - ITJ | International Transport Journal.\",\"isPartOf\":{\"@id\":\"https:\\\/\\\/transportjournal.com\\\/fr\\\/#website\"},\"primaryImageOfPage\":{\"@id\":\"https:\\\/\\\/transportjournal.com\\\/fr\\\/2026\\\/01\\\/14\\\/kinaxis-nomme-razat-gaurav-au-poste-de-pdg\\\/#primaryimage\"},\"image\":{\"@id\":\"https:\\\/\\\/transportjournal.com\\\/fr\\\/2026\\\/01\\\/14\\\/kinaxis-nomme-razat-gaurav-au-poste-de-pdg\\\/#primaryimage\"},\"thumbnailUrl\":\"https:\\\/\\\/transportjournal.com\\\/wp-content\\\/uploads\\\/sites\\\/2\\\/2026\\\/01\\\/Kinaxis-Razat_Gaurav_Headshot-aspect-ratio-1400-788.jpg\",\"datePublished\":\"2026-01-14T10:21:13+00:00\",\"breadcrumb\":{\"@id\":\"https:\\\/\\\/transportjournal.com\\\/fr\\\/2026\\\/01\\\/14\\\/kinaxis-nomme-razat-gaurav-au-poste-de-pdg\\\/#breadcrumb\"},\"inLanguage\":\"fr-FR\",\"potentialAction\":[{\"@type\":\"ReadAction\",\"target\":[\"https:\\\/\\\/transportjournal.com\\\/fr\\\/2026\\\/01\\\/14\\\/kinaxis-nomme-razat-gaurav-au-poste-de-pdg\\\/\"]}]},{\"@type\":\"ImageObject\",\"inLanguage\":\"fr-FR\",\"@id\":\"https:\\\/\\\/transportjournal.com\\\/fr\\\/2026\\\/01\\\/14\\\/kinaxis-nomme-razat-gaurav-au-poste-de-pdg\\\/#primaryimage\",\"url\":\"https:\\\/\\\/transportjournal.com\\\/wp-content\\\/uploads\\\/sites\\\/2\\\/2026\\\/01\\\/Kinaxis-Razat_Gaurav_Headshot-aspect-ratio-1400-788.jpg\",\"contentUrl\":\"https:\\\/\\\/transportjournal.com\\\/wp-content\\\/uploads\\\/sites\\\/2\\\/2026\\\/01\\\/Kinaxis-Razat_Gaurav_Headshot-aspect-ratio-1400-788.jpg\",\"width\":384,\"height\":216},{\"@type\":\"BreadcrumbList\",\"@id\":\"https:\\\/\\\/transportjournal.com\\\/fr\\\/2026\\\/01\\\/14\\\/kinaxis-nomme-razat-gaurav-au-poste-de-pdg\\\/#breadcrumb\",\"itemListElement\":[{\"@type\":\"ListItem\",\"position\":1,\"name\":\"Startseite\",\"item\":\"https:\\\/\\\/transportjournal.com\\\/fr\\\/\"},{\"@type\":\"ListItem\",\"position\":2,\"name\":\"Kinaxis nomme Razat Gaurav au poste de PDG\"}]},{\"@type\":\"WebSite\",\"@id\":\"https:\\\/\\\/transportjournal.com\\\/fr\\\/#website\",\"url\":\"https:\\\/\\\/transportjournal.com\\\/fr\\\/\",\"name\":\"ITJ | International Transport Journal\",\"description\":\"Restez inform\u00e9 des derni\u00e8res nouvelles mondiales dans les secteurs du transport, de la logistique et de la cha\u00eene d'approvisionnement. Transport Journal fournit des informations d'experts, des analyses et des mises \u00e0 jour sur le transport maritime, l'aviation, l'intermodalit\u00e9 et l'exp\u00e9dition. \",\"publisher\":{\"@id\":\"https:\\\/\\\/transportjournal.com\\\/fr\\\/#organization\"},\"potentialAction\":[{\"@type\":\"SearchAction\",\"target\":{\"@type\":\"EntryPoint\",\"urlTemplate\":\"https:\\\/\\\/transportjournal.com\\\/fr\\\/?s={search_term_string}\"},\"query-input\":{\"@type\":\"PropertyValueSpecification\",\"valueRequired\":true,\"valueName\":\"search_term_string\"}}],\"inLanguage\":\"fr-FR\"},{\"@type\":\"Organization\",\"@id\":\"https:\\\/\\\/transportjournal.com\\\/fr\\\/#organization\",\"name\":\"Groupe Logismedia AG\",\"alternateName\":\"Logismedia Group AG\",\"url\":\"https:\\\/\\\/transportjournal.com\\\/fr\\\/\",\"logo\":{\"@type\":\"ImageObject\",\"inLanguage\":\"fr-FR\",\"@id\":\"https:\\\/\\\/transportjournal.com\\\/fr\\\/#\\\/schema\\\/logo\\\/image\\\/\",\"url\":\"https:\\\/\\\/transportjournal.com\\\/wp-content\\\/uploads\\\/sites\\\/2\\\/2025\\\/09\\\/Logo_ITJ.png\",\"contentUrl\":\"https:\\\/\\\/transportjournal.com\\\/wp-content\\\/uploads\\\/sites\\\/2\\\/2025\\\/09\\\/Logo_ITJ.png\",\"width\":799,\"height\":326,\"caption\":\"Groupe Logismedia AG\"},\"image\":{\"@id\":\"https:\\\/\\\/transportjournal.com\\\/fr\\\/#\\\/schema\\\/logo\\\/image\\\/\"},\"sameAs\":[\"https:\\\/\\\/www.linkedin.com\\\/company\\\/56456496\\\/admin\\\/dashboard\\\/\",\"https:\\\/\\\/www.instagram.com\\\/logismediagroup\\\/\",\"https:\\\/\\\/www.youtube.com\\\/@LogiamediaGroupAG\"]},{\"@type\":\"Person\",\"@id\":\"https:\\\/\\\/transportjournal.com\\\/fr\\\/#\\\/schema\\\/person\\\/cf538b3157f15afd7589245a4b3dbd25\",\"name\":\"Andreas Haug\",\"url\":\"https:\\\/\\\/transportjournal.com\\\/fr\\\/author\\\/andreas\\\/\"}]}<\/script>\n<!-- \/ Yoast SEO plugin. -->","yoast_head_json":{"title":"Kinaxis nomme Razat Gaurav au poste de PDG - ITJ | International Transport Journal.","robots":{"index":"index","follow":"follow","max-snippet":"max-snippet:-1","max-image-preview":"max-image-preview:large","max-video-preview":"max-video-preview:-1"},"canonical":"https:\/\/transportjournal.com\/fr\/2026\/01\/14\/kinaxis-nomme-razat-gaurav-au-poste-de-pdg\/","og_locale":"fr_FR","og_type":"article","og_title":"Kinaxis nomme Razat Gaurav au poste de PDG - ITJ | International Transport Journal.","og_description":"Kinaxis a nomm\u00e9 Razat Gaurav comme nouveau PDG, qui a pris ses fonctions le 12 janvier 2026 pour promouvoir des solutions innovantes en mati\u00e8re de cha\u00eene d'approvisionnement.","og_url":"https:\/\/transportjournal.com\/fr\/2026\/01\/14\/kinaxis-nomme-razat-gaurav-au-poste-de-pdg\/","og_site_name":"ITJ | International Transport Journal","article_published_time":"2026-01-14T10:21:13+00:00","og_image":[{"width":384,"height":216,"url":"https:\/\/transportjournal.com\/wp-content\/uploads\/sites\/2\/2026\/01\/Kinaxis-Razat_Gaurav_Headshot-aspect-ratio-1400-788.jpg","type":"image\/jpeg"}],"author":"Andreas Haug","twitter_card":"summary_large_image","twitter_misc":{"\u00c9crit par":"Andreas Haug","Dur\u00e9e de lecture estim\u00e9e":"2 minutes"},"schema":{"@context":"https:\/\/schema.org","@graph":[{"@type":"Article","@id":"https:\/\/transportjournal.com\/fr\/2026\/01\/14\/kinaxis-nomme-razat-gaurav-au-poste-de-pdg\/#article","isPartOf":{"@id":"https:\/\/transportjournal.com\/fr\/2026\/01\/14\/kinaxis-nomme-razat-gaurav-au-poste-de-pdg\/"},"author":{"name":"Andreas Haug","@id":"https:\/\/transportjournal.com\/fr\/#\/schema\/person\/cf538b3157f15afd7589245a4b3dbd25"},"headline":"Kinaxis nomme Razat Gaurav au poste de PDG","datePublished":"2026-01-14T10:21:13+00:00","mainEntityOfPage":{"@id":"https:\/\/transportjournal.com\/fr\/2026\/01\/14\/kinaxis-nomme-razat-gaurav-au-poste-de-pdg\/"},"wordCount":489,"commentCount":0,"publisher":{"@id":"https:\/\/transportjournal.com\/fr\/#organization"},"image":{"@id":"https:\/\/transportjournal.com\/fr\/2026\/01\/14\/kinaxis-nomme-razat-gaurav-au-poste-de-pdg\/#primaryimage"},"thumbnailUrl":"https:\/\/transportjournal.com\/wp-content\/uploads\/sites\/2\/2026\/01\/Kinaxis-Razat_Gaurav_Headshot-aspect-ratio-1400-788.jpg","keywords":["architectures de donn\u00e9es modernes","artificial intelligence","Betriebsmargen","CEO appointment","CEO Ernennung","cr\u00e9ation de valeur","croissance ax\u00e9e sur l'innovation","croissance durable","Deutsch Kinaxis","digital transformation","digitale Transformation","Fachkr\u00e4ftemangel","gestion de la cha\u00eene d'approvisionnement","gestion des parties prenantes","global organizations","globale Organisationen","industrie du transport","innovation-driven growth","Innovationsgetriebenes Wachstum","intelligence artificielle","K\u00fcnstliche Intelligenz","Lieferkettenl\u00f6sungen","Lieferkettenmanagement English Kinaxis","Lieferkettenorchestrierung","logistics service providers","Logistikdienstleister","Maestro platform","Maestro-Plattform","marges op\u00e9rationnelles","modern data architectures","moderne Datenarchitekturen","nachhaltiges Wachstum","nomination CEO","operating margins","orchestration de cha\u00eene d'approvisionnement","organisations mondiales","p\u00e9nurie de comp\u00e9tences","planification strat\u00e9gique","plateforme Maestro","prestataires de services logistiques","Razat Gaurav","skills shortage","solutions de cha\u00eene d'approvisionnement","Stakeholder-Management","strategic planning","strategische Planung","supply chain management Fran\u00e7ais Kinaxis","supply chain orchestration","supply chain solutions","sustainable growth","transformation num\u00e9rique","transportation industry","Transportwirtschaft","value creation","Wertsch\u00f6pfung"],"articleSection":["Asie\/Pacifique","Personnes et entreprises","R\u00e9gions"],"inLanguage":"fr-FR","potentialAction":[{"@type":"CommentAction","name":"Comment","target":["https:\/\/transportjournal.com\/fr\/2026\/01\/14\/kinaxis-nomme-razat-gaurav-au-poste-de-pdg\/#respond"]}]},{"@type":"WebPage","@id":"https:\/\/transportjournal.com\/fr\/2026\/01\/14\/kinaxis-nomme-razat-gaurav-au-poste-de-pdg\/","url":"https:\/\/transportjournal.com\/fr\/2026\/01\/14\/kinaxis-nomme-razat-gaurav-au-poste-de-pdg\/","name":"Kinaxis nomme Razat Gaurav au poste de PDG - ITJ | International Transport Journal.","isPartOf":{"@id":"https:\/\/transportjournal.com\/fr\/#website"},"primaryImageOfPage":{"@id":"https:\/\/transportjournal.com\/fr\/2026\/01\/14\/kinaxis-nomme-razat-gaurav-au-poste-de-pdg\/#primaryimage"},"image":{"@id":"https:\/\/transportjournal.com\/fr\/2026\/01\/14\/kinaxis-nomme-razat-gaurav-au-poste-de-pdg\/#primaryimage"},"thumbnailUrl":"https:\/\/transportjournal.com\/wp-content\/uploads\/sites\/2\/2026\/01\/Kinaxis-Razat_Gaurav_Headshot-aspect-ratio-1400-788.jpg","datePublished":"2026-01-14T10:21:13+00:00","breadcrumb":{"@id":"https:\/\/transportjournal.com\/fr\/2026\/01\/14\/kinaxis-nomme-razat-gaurav-au-poste-de-pdg\/#breadcrumb"},"inLanguage":"fr-FR","potentialAction":[{"@type":"ReadAction","target":["https:\/\/transportjournal.com\/fr\/2026\/01\/14\/kinaxis-nomme-razat-gaurav-au-poste-de-pdg\/"]}]},{"@type":"ImageObject","inLanguage":"fr-FR","@id":"https:\/\/transportjournal.com\/fr\/2026\/01\/14\/kinaxis-nomme-razat-gaurav-au-poste-de-pdg\/#primaryimage","url":"https:\/\/transportjournal.com\/wp-content\/uploads\/sites\/2\/2026\/01\/Kinaxis-Razat_Gaurav_Headshot-aspect-ratio-1400-788.jpg","contentUrl":"https:\/\/transportjournal.com\/wp-content\/uploads\/sites\/2\/2026\/01\/Kinaxis-Razat_Gaurav_Headshot-aspect-ratio-1400-788.jpg","width":384,"height":216},{"@type":"BreadcrumbList","@id":"https:\/\/transportjournal.com\/fr\/2026\/01\/14\/kinaxis-nomme-razat-gaurav-au-poste-de-pdg\/#breadcrumb","itemListElement":[{"@type":"ListItem","position":1,"name":"Startseite","item":"https:\/\/transportjournal.com\/fr\/"},{"@type":"ListItem","position":2,"name":"Kinaxis nomme Razat Gaurav au poste de PDG"}]},{"@type":"WebSite","@id":"https:\/\/transportjournal.com\/fr\/#website","url":"https:\/\/transportjournal.com\/fr\/","name":"ITJ | International Transport Journal","description":"Restez inform\u00e9 des derni\u00e8res nouvelles mondiales dans les secteurs du transport, de la logistique et de la cha\u00eene d'approvisionnement. Transport Journal fournit des informations d'experts, des analyses et des mises \u00e0 jour sur le transport maritime, l'aviation, l'intermodalit\u00e9 et l'exp\u00e9dition. ","publisher":{"@id":"https:\/\/transportjournal.com\/fr\/#organization"},"potentialAction":[{"@type":"SearchAction","target":{"@type":"EntryPoint","urlTemplate":"https:\/\/transportjournal.com\/fr\/?s={search_term_string}"},"query-input":{"@type":"PropertyValueSpecification","valueRequired":true,"valueName":"search_term_string"}}],"inLanguage":"fr-FR"},{"@type":"Organization","@id":"https:\/\/transportjournal.com\/fr\/#organization","name":"Groupe Logismedia AG","alternateName":"Logismedia Group AG","url":"https:\/\/transportjournal.com\/fr\/","logo":{"@type":"ImageObject","inLanguage":"fr-FR","@id":"https:\/\/transportjournal.com\/fr\/#\/schema\/logo\/image\/","url":"https:\/\/transportjournal.com\/wp-content\/uploads\/sites\/2\/2025\/09\/Logo_ITJ.png","contentUrl":"https:\/\/transportjournal.com\/wp-content\/uploads\/sites\/2\/2025\/09\/Logo_ITJ.png","width":799,"height":326,"caption":"Groupe Logismedia AG"},"image":{"@id":"https:\/\/transportjournal.com\/fr\/#\/schema\/logo\/image\/"},"sameAs":["https:\/\/www.linkedin.com\/company\/56456496\/admin\/dashboard\/","https:\/\/www.instagram.com\/logismediagroup\/","https:\/\/www.youtube.com\/@LogiamediaGroupAG"]},{"@type":"Person","@id":"https:\/\/transportjournal.com\/fr\/#\/schema\/person\/cf538b3157f15afd7589245a4b3dbd25","name":"Andreas Haug","url":"https:\/\/transportjournal.com\/fr\/author\/andreas\/"}]}},"_links":{"self":[{"href":"https:\/\/transportjournal.com\/fr\/wp-json\/wp\/v2\/posts\/73074","targetHints":{"allow":["GET"]}}],"collection":[{"href":"https:\/\/transportjournal.com\/fr\/wp-json\/wp\/v2\/posts"}],"about":[{"href":"https:\/\/transportjournal.com\/fr\/wp-json\/wp\/v2\/types\/post"}],"author":[{"embeddable":true,"href":"https:\/\/transportjournal.com\/fr\/wp-json\/wp\/v2\/users\/12"}],"replies":[{"embeddable":true,"href":"https:\/\/transportjournal.com\/fr\/wp-json\/wp\/v2\/comments?post=73074"}],"version-history":[{"count":0,"href":"https:\/\/transportjournal.com\/fr\/wp-json\/wp\/v2\/posts\/73074\/revisions"}],"wp:featuredmedia":[{"embeddable":true,"href":"https:\/\/transportjournal.com\/fr\/wp-json\/wp\/v2\/media\/73072"}],"wp:attachment":[{"href":"https:\/\/transportjournal.com\/fr\/wp-json\/wp\/v2\/media?parent=73074"}],"wp:term":[{"taxonomy":"category","embeddable":true,"href":"https:\/\/transportjournal.com\/fr\/wp-json\/wp\/v2\/categories?post=73074"},{"taxonomy":"post_tag","embeddable":true,"href":"https:\/\/transportjournal.com\/fr\/wp-json\/wp\/v2\/tags?post=73074"}],"curies":[{"name":"wp","href":"https:\/\/api.w.org\/{rel}","templated":true}]}}