{"id":72996,"date":"2026-01-14T07:58:27","date_gmt":"2026-01-14T07:58:27","guid":{"rendered":"https:\/\/transportjournal.com\/2026\/01\/14\/roxana-santoyo-nouvelle-directrice-de-seaport-manatee\/"},"modified":"2026-01-14T11:36:35","modified_gmt":"2026-01-14T10:36:35","slug":"roxana-santoyo-nouvelle-directrice-de-seaport-manatee","status":"publish","type":"post","link":"https:\/\/transportjournal.com\/fr\/2026\/01\/14\/roxana-santoyo-nouvelle-directrice-de-seaport-manatee\/","title":{"rendered":"Roxana Santoyo nouvelle directrice de SeaPort Manatee"},"content":{"rendered":"<p>Roxana Santoyo a \u00e9t\u00e9 nomm\u00e9e directrice du d\u00e9veloppement commercial de SeaPort Manatee ainsi que directrice du International Trade Hub au m\u00eame emplacement. Elle a pris ses nouvelles fonctions le 29 d\u00e9cembre. Dans ce r\u00f4le, Santoyo dirige les activit\u00e9s de d\u00e9veloppement commercial pour le port dynamique du sud-ouest de la Floride tout en dirigeant le seul centre de commerce international situ\u00e9 dans un port de Floride.<\/p>\n<p>Carlos Buqueras, le directeur g\u00e9n\u00e9ral de SeaPort Manatee, a comment\u00e9 la promotion de Santoyo : \u00ab Roxana est depuis pr\u00e8s d&#8217;une d\u00e9cennie une force motrice derri\u00e8re le succ\u00e8s du centre commercial, qui promeut le commerce mondial, notamment par le biais de bureaux \u00e0 l&#8217;\u00e9tranger au Chili, en Colombie et en Espagne. Nous sommes impatients qu&#8217;elle utilise son expertise approfondie pour rechercher des opportunit\u00e9s commerciales pour le port dans son ensemble tout en poursuivant la mission du centre commercial. \u00bb<\/p>\n<p>Santoyo, n\u00e9e \u00e0 Cuba et parlant \u00e0 la fois anglais et espagnol, a rejoint le centre commercial en 2017 en tant que coordinatrice des initiatives internationales et a \u00e9t\u00e9 promue manager en 2021. Elle poss\u00e8de un double dipl\u00f4me de premier cycle avec distinction en gestion des risques et en finances de l&#8217;University of South Florida Sarasota-Manatee Campus et est membre du conseil consultatif ex\u00e9cutif du Muma College of Business de cette universit\u00e9.<\/p>\n<h3>Importance strat\u00e9gique de SeaPort Manatee<\/h3>\n<p>SeaPort Manatee est situ\u00e9 dans le sud-ouest de la Floride \u00e0 l&#8217;entr\u00e9e de la baie de Tampa et sert de centre commercial mondial dynamique. Le port constitue un point d&#8217;acc\u00e8s important pour les march\u00e9s en croissance du sud et du centre de la Floride et offre des connexions pratiques aux transports ferroviaires et routiers, y compris le corridor tr\u00e8s fr\u00e9quent\u00e9 de l&#8217;Interstate 4 entre Tampa et Orlando.<\/p>\n<p>En tant que port en eau profonde le plus proche des \u00c9tats-Unis du canal de Panama \u00e9largi, SeaPort Manatee dispose de dix postes d&#8217;amarrage pour grands navires. Le port r\u00e9pond aux diverses exigences des clients dans les domaines des conteneurs, des cargaisons liquides et s\u00e8ches, des marchandises en vrac, des charges lourdes, des projets et des marchandises g\u00e9n\u00e9rales. SeaPort Manatee g\u00e9n\u00e8re chaque ann\u00e9e des impacts \u00e9conomiques de pr\u00e8s de 7,3 milliards de dollars et cr\u00e9e plus de 42 000 emplois directs et indirects, le tout sans soutien des imp\u00f4ts fonciers locaux.<\/p>\n<p>&nbsp;<\/p>\n<p><a href=\"https:\/\/www.seaportmanatee.com\/\" target=\"_blank\" rel=\"noopener noreferrer\">www.seaportmanatee.com<\/a><\/p>\n<p>&nbsp;<\/p>\n","protected":false},"excerpt":{"rendered":"<p>Roxana Santoyo a \u00e9t\u00e9 nomm\u00e9e directrice du d\u00e9veloppement commercial et du International Trade Hub chez SeaPort Manatee et a pris ses fonctions le 29 d\u00e9cembre.<\/p>\n","protected":false},"author":12,"featured_media":72994,"comment_status":"open","ping_status":"open","sticky":false,"template":"","format":"standard","meta":{"_acf_changed":false,"footnotes":""},"categories":[1590,1579],"tags":[5125,5126,5127,5128,5129,3704,3705,5130,5131,5132,5133,5134,5135,5136,5137,5138,5139,5140,5141,5142,5143,5144,5145,5146,5147,2044,5148,5149,5150,2622,1800,5151,5152,5153,5154,5155,5156,5157,5158,5159,5160,5161,5162,5163,2641,5164,5165,5166,5167,5168,2735,5169,5170,5171],"class_list":["post-72996","post","type-post","status-publish","format-standard","has-post-thumbnail","hentry","category-ameriques","category-personnes-et-entreprises","tag-business-development-port","tag-cargaison-de-projet-portuaire","tag-centre-commercial-sud-de-la-floride","tag-commerce-mondial","tag-connexions-de-transport-tampa","tag-container-transport","tag-containertransport","tag-corridor-de-tampa-bay","tag-deep-water-port-usa","tag-deutsch-roxana-santoyo","tag-developpement-commercial-portuaire","tag-developpement-des-infrastructures-portuaires","tag-economic-impact-port","tag-fachkraeftemangel-transport","tag-fret-ferroviaire-floride","tag-geschaeftsentwicklung-hafen","tag-global-trade","tag-globaler-handel","tag-handelsstrategien-suedflorida-english-roxana-santoyo","tag-handelszentrum-suedflorida","tag-impact-economique-port","tag-infrastructure-development-port","tag-infrastrukturentwicklung-hafen","tag-international-trade-hub","tag-international-trade-relations","tag-internationale-handelsbeziehungen","tag-labor-shortage-transport","tag-logistics-providers-florida","tag-logistikdienstleister-florida","tag-logistique-durable","tag-nachhaltige-logistik","tag-penurie-de-main-doeuvre-transport","tag-port-du-sud-ouest-de-la-floride","tag-port-en-eau-profonde-usa","tag-prestataires-logistiques-floride","tag-project-cargo-port","tag-projektladung-hafen","tag-rail-freight-florida","tag-relations-commerciales-internationales","tag-schienengueterverkehr-florida","tag-seaport-manatee","tag-southwest-florida-port","tag-strategies-commerciales-sud-de-la-floride","tag-suedwestflorida-hafen","tag-sustainable-logistics","tag-tampa-bay-corridor","tag-tampa-bay-korridor","tag-tiefwasserhafen-usa","tag-trade-center-south-florida","tag-trade-strategies-south-florida-francais-roxana-santoyo","tag-transport-de-conteneurs","tag-transportation-connections-tampa","tag-verkehrsanbindung-tampa","tag-wirtschaftliche-auswirkungen-hafen"],"acf":[],"yoast_head":"<!-- This site is optimized with the Yoast SEO plugin v27.3 - https:\/\/yoast.com\/product\/yoast-seo-wordpress\/ -->\n<title>Roxana Santoyo nouvelle directrice de SeaPort Manatee - ITJ | International Transport Journal.<\/title>\n<meta name=\"robots\" content=\"index, follow, max-snippet:-1, max-image-preview:large, max-video-preview:-1\" \/>\n<link rel=\"canonical\" href=\"https:\/\/transportjournal.com\/fr\/2026\/01\/14\/roxana-santoyo-nouvelle-directrice-de-seaport-manatee\/\" \/>\n<meta property=\"og:locale\" content=\"fr_FR\" \/>\n<meta property=\"og:type\" content=\"article\" \/>\n<meta property=\"og:title\" content=\"Roxana Santoyo nouvelle directrice de SeaPort Manatee - ITJ | International Transport Journal.\" \/>\n<meta property=\"og:description\" content=\"Roxana Santoyo a \u00e9t\u00e9 nomm\u00e9e directrice du d\u00e9veloppement commercial et du International Trade Hub chez SeaPort Manatee et a pris ses fonctions le 29 d\u00e9cembre.\" \/>\n<meta property=\"og:url\" content=\"https:\/\/transportjournal.com\/fr\/2026\/01\/14\/roxana-santoyo-nouvelle-directrice-de-seaport-manatee\/\" \/>\n<meta property=\"og:site_name\" content=\"ITJ | International Transport Journal\" \/>\n<meta property=\"article:published_time\" content=\"2026-01-14T07:58:27+00:00\" \/>\n<meta property=\"article:modified_time\" content=\"2026-01-14T10:36:35+00:00\" \/>\n<meta property=\"og:image\" content=\"https:\/\/transportjournal.com\/wp-content\/uploads\/sites\/2\/2026\/01\/manatee-santoyo-1-aspect-ratio-1400-788.jpeg\" \/>\n\t<meta property=\"og:image:width\" content=\"990\" \/>\n\t<meta property=\"og:image:height\" content=\"557\" \/>\n\t<meta property=\"og:image:type\" content=\"image\/jpeg\" \/>\n<meta name=\"author\" content=\"Andreas Haug\" \/>\n<meta name=\"twitter:card\" content=\"summary_large_image\" \/>\n<meta name=\"twitter:label1\" content=\"\u00c9crit par\" \/>\n\t<meta name=\"twitter:data1\" content=\"Andreas Haug\" \/>\n\t<meta name=\"twitter:label2\" content=\"Dur\u00e9e de lecture estim\u00e9e\" \/>\n\t<meta name=\"twitter:data2\" content=\"2 minutes\" \/>\n<script type=\"application\/ld+json\" class=\"yoast-schema-graph\">{\"@context\":\"https:\\\/\\\/schema.org\",\"@graph\":[{\"@type\":\"Article\",\"@id\":\"https:\\\/\\\/transportjournal.com\\\/fr\\\/2026\\\/01\\\/14\\\/roxana-santoyo-nouvelle-directrice-de-seaport-manatee\\\/#article\",\"isPartOf\":{\"@id\":\"https:\\\/\\\/transportjournal.com\\\/fr\\\/2026\\\/01\\\/14\\\/roxana-santoyo-nouvelle-directrice-de-seaport-manatee\\\/\"},\"author\":{\"name\":\"Andreas Haug\",\"@id\":\"https:\\\/\\\/transportjournal.com\\\/fr\\\/#\\\/schema\\\/person\\\/cf538b3157f15afd7589245a4b3dbd25\"},\"headline\":\"Roxana Santoyo nouvelle directrice de SeaPort Manatee\",\"datePublished\":\"2026-01-14T07:58:27+00:00\",\"dateModified\":\"2026-01-14T10:36:35+00:00\",\"mainEntityOfPage\":{\"@id\":\"https:\\\/\\\/transportjournal.com\\\/fr\\\/2026\\\/01\\\/14\\\/roxana-santoyo-nouvelle-directrice-de-seaport-manatee\\\/\"},\"wordCount\":419,\"commentCount\":0,\"publisher\":{\"@id\":\"https:\\\/\\\/transportjournal.com\\\/fr\\\/#organization\"},\"image\":{\"@id\":\"https:\\\/\\\/transportjournal.com\\\/fr\\\/2026\\\/01\\\/14\\\/roxana-santoyo-nouvelle-directrice-de-seaport-manatee\\\/#primaryimage\"},\"thumbnailUrl\":\"https:\\\/\\\/transportjournal.com\\\/wp-content\\\/uploads\\\/sites\\\/2\\\/2026\\\/01\\\/manatee-santoyo-1-aspect-ratio-1400-788.jpeg\",\"keywords\":[\"business development port\",\"cargaison de projet portuaire\",\"centre commercial sud de la Floride\",\"commerce mondial\",\"connexions de transport Tampa\",\"container transport\",\"Containertransport\",\"corridor de Tampa Bay\",\"deep-water port USA\",\"Deutsch Roxana Santoyo\",\"d\u00e9veloppement commercial portuaire\",\"d\u00e9veloppement des infrastructures portuaires\",\"economic impact port\",\"Fachkr\u00e4ftemangel Transport\",\"fret ferroviaire Floride\",\"Gesch\u00e4ftsentwicklung Hafen\",\"global trade\",\"globaler Handel\",\"Handelsstrategien S\u00fcdflorida English Roxana Santoyo\",\"Handelszentrum S\u00fcdflorida\",\"impact \u00e9conomique port\",\"infrastructure development port\",\"Infrastrukturentwicklung Hafen\",\"International Trade Hub\",\"international trade relations\",\"internationale Handelsbeziehungen\",\"labor shortage transport\",\"logistics providers Florida\",\"Logistikdienstleister Florida\",\"logistique durable\",\"nachhaltige Logistik\",\"p\u00e9nurie de main-d'\u0153uvre transport\",\"port du sud-ouest de la Floride\",\"port en eau profonde USA\",\"prestataires logistiques Floride\",\"project cargo port\",\"Projektladung Hafen\",\"rail freight Florida\",\"relations commerciales internationales\",\"Schieneng\u00fcterverkehr Florida\",\"SeaPort Manatee\",\"Southwest Florida port\",\"strat\u00e9gies commerciales sud de la Floride\",\"S\u00fcdwestflorida Hafen\",\"sustainable logistics\",\"Tampa Bay corridor\",\"Tampa Bay Korridor\",\"Tiefwasserhafen USA\",\"trade center South Florida\",\"trade strategies South Florida Fran\u00e7ais Roxana Santoyo\",\"transport de conteneurs\",\"transportation connections Tampa\",\"Verkehrsanbindung Tampa\",\"wirtschaftliche Auswirkungen Hafen\"],\"articleSection\":[\"Am\u00e9riques\",\"Personnes et entreprises\"],\"inLanguage\":\"fr-FR\",\"potentialAction\":[{\"@type\":\"CommentAction\",\"name\":\"Comment\",\"target\":[\"https:\\\/\\\/transportjournal.com\\\/fr\\\/2026\\\/01\\\/14\\\/roxana-santoyo-nouvelle-directrice-de-seaport-manatee\\\/#respond\"]}]},{\"@type\":\"WebPage\",\"@id\":\"https:\\\/\\\/transportjournal.com\\\/fr\\\/2026\\\/01\\\/14\\\/roxana-santoyo-nouvelle-directrice-de-seaport-manatee\\\/\",\"url\":\"https:\\\/\\\/transportjournal.com\\\/fr\\\/2026\\\/01\\\/14\\\/roxana-santoyo-nouvelle-directrice-de-seaport-manatee\\\/\",\"name\":\"Roxana Santoyo nouvelle directrice de SeaPort Manatee - ITJ | International Transport Journal.\",\"isPartOf\":{\"@id\":\"https:\\\/\\\/transportjournal.com\\\/fr\\\/#website\"},\"primaryImageOfPage\":{\"@id\":\"https:\\\/\\\/transportjournal.com\\\/fr\\\/2026\\\/01\\\/14\\\/roxana-santoyo-nouvelle-directrice-de-seaport-manatee\\\/#primaryimage\"},\"image\":{\"@id\":\"https:\\\/\\\/transportjournal.com\\\/fr\\\/2026\\\/01\\\/14\\\/roxana-santoyo-nouvelle-directrice-de-seaport-manatee\\\/#primaryimage\"},\"thumbnailUrl\":\"https:\\\/\\\/transportjournal.com\\\/wp-content\\\/uploads\\\/sites\\\/2\\\/2026\\\/01\\\/manatee-santoyo-1-aspect-ratio-1400-788.jpeg\",\"datePublished\":\"2026-01-14T07:58:27+00:00\",\"dateModified\":\"2026-01-14T10:36:35+00:00\",\"breadcrumb\":{\"@id\":\"https:\\\/\\\/transportjournal.com\\\/fr\\\/2026\\\/01\\\/14\\\/roxana-santoyo-nouvelle-directrice-de-seaport-manatee\\\/#breadcrumb\"},\"inLanguage\":\"fr-FR\",\"potentialAction\":[{\"@type\":\"ReadAction\",\"target\":[\"https:\\\/\\\/transportjournal.com\\\/fr\\\/2026\\\/01\\\/14\\\/roxana-santoyo-nouvelle-directrice-de-seaport-manatee\\\/\"]}]},{\"@type\":\"ImageObject\",\"inLanguage\":\"fr-FR\",\"@id\":\"https:\\\/\\\/transportjournal.com\\\/fr\\\/2026\\\/01\\\/14\\\/roxana-santoyo-nouvelle-directrice-de-seaport-manatee\\\/#primaryimage\",\"url\":\"https:\\\/\\\/transportjournal.com\\\/wp-content\\\/uploads\\\/sites\\\/2\\\/2026\\\/01\\\/manatee-santoyo-1-aspect-ratio-1400-788.jpeg\",\"contentUrl\":\"https:\\\/\\\/transportjournal.com\\\/wp-content\\\/uploads\\\/sites\\\/2\\\/2026\\\/01\\\/manatee-santoyo-1-aspect-ratio-1400-788.jpeg\",\"width\":990,\"height\":557},{\"@type\":\"BreadcrumbList\",\"@id\":\"https:\\\/\\\/transportjournal.com\\\/fr\\\/2026\\\/01\\\/14\\\/roxana-santoyo-nouvelle-directrice-de-seaport-manatee\\\/#breadcrumb\",\"itemListElement\":[{\"@type\":\"ListItem\",\"position\":1,\"name\":\"Startseite\",\"item\":\"https:\\\/\\\/transportjournal.com\\\/fr\\\/\"},{\"@type\":\"ListItem\",\"position\":2,\"name\":\"Roxana Santoyo nouvelle directrice de SeaPort Manatee\"}]},{\"@type\":\"WebSite\",\"@id\":\"https:\\\/\\\/transportjournal.com\\\/fr\\\/#website\",\"url\":\"https:\\\/\\\/transportjournal.com\\\/fr\\\/\",\"name\":\"ITJ | International Transport Journal\",\"description\":\"Restez inform\u00e9 des derni\u00e8res nouvelles mondiales dans les secteurs du transport, de la logistique et de la cha\u00eene d'approvisionnement. Transport Journal fournit des informations d'experts, des analyses et des mises \u00e0 jour sur le transport maritime, l'aviation, l'intermodalit\u00e9 et l'exp\u00e9dition. \",\"publisher\":{\"@id\":\"https:\\\/\\\/transportjournal.com\\\/fr\\\/#organization\"},\"potentialAction\":[{\"@type\":\"SearchAction\",\"target\":{\"@type\":\"EntryPoint\",\"urlTemplate\":\"https:\\\/\\\/transportjournal.com\\\/fr\\\/?s={search_term_string}\"},\"query-input\":{\"@type\":\"PropertyValueSpecification\",\"valueRequired\":true,\"valueName\":\"search_term_string\"}}],\"inLanguage\":\"fr-FR\"},{\"@type\":\"Organization\",\"@id\":\"https:\\\/\\\/transportjournal.com\\\/fr\\\/#organization\",\"name\":\"Groupe Logismedia AG\",\"alternateName\":\"Logismedia Group AG\",\"url\":\"https:\\\/\\\/transportjournal.com\\\/fr\\\/\",\"logo\":{\"@type\":\"ImageObject\",\"inLanguage\":\"fr-FR\",\"@id\":\"https:\\\/\\\/transportjournal.com\\\/fr\\\/#\\\/schema\\\/logo\\\/image\\\/\",\"url\":\"https:\\\/\\\/transportjournal.com\\\/wp-content\\\/uploads\\\/sites\\\/2\\\/2025\\\/09\\\/Logo_ITJ.png\",\"contentUrl\":\"https:\\\/\\\/transportjournal.com\\\/wp-content\\\/uploads\\\/sites\\\/2\\\/2025\\\/09\\\/Logo_ITJ.png\",\"width\":799,\"height\":326,\"caption\":\"Groupe Logismedia AG\"},\"image\":{\"@id\":\"https:\\\/\\\/transportjournal.com\\\/fr\\\/#\\\/schema\\\/logo\\\/image\\\/\"},\"sameAs\":[\"https:\\\/\\\/www.linkedin.com\\\/company\\\/56456496\\\/admin\\\/dashboard\\\/\",\"https:\\\/\\\/www.instagram.com\\\/logismediagroup\\\/\",\"https:\\\/\\\/www.youtube.com\\\/@LogiamediaGroupAG\"]},{\"@type\":\"Person\",\"@id\":\"https:\\\/\\\/transportjournal.com\\\/fr\\\/#\\\/schema\\\/person\\\/cf538b3157f15afd7589245a4b3dbd25\",\"name\":\"Andreas Haug\",\"url\":\"https:\\\/\\\/transportjournal.com\\\/fr\\\/author\\\/andreas\\\/\"}]}<\/script>\n<!-- \/ Yoast SEO plugin. -->","yoast_head_json":{"title":"Roxana Santoyo nouvelle directrice de SeaPort Manatee - ITJ | International Transport Journal.","robots":{"index":"index","follow":"follow","max-snippet":"max-snippet:-1","max-image-preview":"max-image-preview:large","max-video-preview":"max-video-preview:-1"},"canonical":"https:\/\/transportjournal.com\/fr\/2026\/01\/14\/roxana-santoyo-nouvelle-directrice-de-seaport-manatee\/","og_locale":"fr_FR","og_type":"article","og_title":"Roxana Santoyo nouvelle directrice de SeaPort Manatee - ITJ | International Transport Journal.","og_description":"Roxana Santoyo a \u00e9t\u00e9 nomm\u00e9e directrice du d\u00e9veloppement commercial et du International Trade Hub chez SeaPort Manatee et a pris ses fonctions le 29 d\u00e9cembre.","og_url":"https:\/\/transportjournal.com\/fr\/2026\/01\/14\/roxana-santoyo-nouvelle-directrice-de-seaport-manatee\/","og_site_name":"ITJ | International Transport Journal","article_published_time":"2026-01-14T07:58:27+00:00","article_modified_time":"2026-01-14T10:36:35+00:00","og_image":[{"width":990,"height":557,"url":"https:\/\/transportjournal.com\/wp-content\/uploads\/sites\/2\/2026\/01\/manatee-santoyo-1-aspect-ratio-1400-788.jpeg","type":"image\/jpeg"}],"author":"Andreas Haug","twitter_card":"summary_large_image","twitter_misc":{"\u00c9crit par":"Andreas Haug","Dur\u00e9e de lecture estim\u00e9e":"2 minutes"},"schema":{"@context":"https:\/\/schema.org","@graph":[{"@type":"Article","@id":"https:\/\/transportjournal.com\/fr\/2026\/01\/14\/roxana-santoyo-nouvelle-directrice-de-seaport-manatee\/#article","isPartOf":{"@id":"https:\/\/transportjournal.com\/fr\/2026\/01\/14\/roxana-santoyo-nouvelle-directrice-de-seaport-manatee\/"},"author":{"name":"Andreas Haug","@id":"https:\/\/transportjournal.com\/fr\/#\/schema\/person\/cf538b3157f15afd7589245a4b3dbd25"},"headline":"Roxana Santoyo nouvelle directrice de SeaPort Manatee","datePublished":"2026-01-14T07:58:27+00:00","dateModified":"2026-01-14T10:36:35+00:00","mainEntityOfPage":{"@id":"https:\/\/transportjournal.com\/fr\/2026\/01\/14\/roxana-santoyo-nouvelle-directrice-de-seaport-manatee\/"},"wordCount":419,"commentCount":0,"publisher":{"@id":"https:\/\/transportjournal.com\/fr\/#organization"},"image":{"@id":"https:\/\/transportjournal.com\/fr\/2026\/01\/14\/roxana-santoyo-nouvelle-directrice-de-seaport-manatee\/#primaryimage"},"thumbnailUrl":"https:\/\/transportjournal.com\/wp-content\/uploads\/sites\/2\/2026\/01\/manatee-santoyo-1-aspect-ratio-1400-788.jpeg","keywords":["business development port","cargaison de projet portuaire","centre commercial sud de la Floride","commerce mondial","connexions de transport Tampa","container transport","Containertransport","corridor de Tampa Bay","deep-water port USA","Deutsch Roxana Santoyo","d\u00e9veloppement commercial portuaire","d\u00e9veloppement des infrastructures portuaires","economic impact port","Fachkr\u00e4ftemangel Transport","fret ferroviaire Floride","Gesch\u00e4ftsentwicklung Hafen","global trade","globaler Handel","Handelsstrategien S\u00fcdflorida English Roxana Santoyo","Handelszentrum S\u00fcdflorida","impact \u00e9conomique port","infrastructure development port","Infrastrukturentwicklung Hafen","International Trade Hub","international trade relations","internationale Handelsbeziehungen","labor shortage transport","logistics providers Florida","Logistikdienstleister Florida","logistique durable","nachhaltige Logistik","p\u00e9nurie de main-d'\u0153uvre transport","port du sud-ouest de la Floride","port en eau profonde USA","prestataires logistiques Floride","project cargo port","Projektladung Hafen","rail freight Florida","relations commerciales internationales","Schieneng\u00fcterverkehr Florida","SeaPort Manatee","Southwest Florida port","strat\u00e9gies commerciales sud de la Floride","S\u00fcdwestflorida Hafen","sustainable logistics","Tampa Bay corridor","Tampa Bay Korridor","Tiefwasserhafen USA","trade center South Florida","trade strategies South Florida Fran\u00e7ais Roxana Santoyo","transport de conteneurs","transportation connections Tampa","Verkehrsanbindung Tampa","wirtschaftliche Auswirkungen Hafen"],"articleSection":["Am\u00e9riques","Personnes et entreprises"],"inLanguage":"fr-FR","potentialAction":[{"@type":"CommentAction","name":"Comment","target":["https:\/\/transportjournal.com\/fr\/2026\/01\/14\/roxana-santoyo-nouvelle-directrice-de-seaport-manatee\/#respond"]}]},{"@type":"WebPage","@id":"https:\/\/transportjournal.com\/fr\/2026\/01\/14\/roxana-santoyo-nouvelle-directrice-de-seaport-manatee\/","url":"https:\/\/transportjournal.com\/fr\/2026\/01\/14\/roxana-santoyo-nouvelle-directrice-de-seaport-manatee\/","name":"Roxana Santoyo nouvelle directrice de SeaPort Manatee - ITJ | International Transport Journal.","isPartOf":{"@id":"https:\/\/transportjournal.com\/fr\/#website"},"primaryImageOfPage":{"@id":"https:\/\/transportjournal.com\/fr\/2026\/01\/14\/roxana-santoyo-nouvelle-directrice-de-seaport-manatee\/#primaryimage"},"image":{"@id":"https:\/\/transportjournal.com\/fr\/2026\/01\/14\/roxana-santoyo-nouvelle-directrice-de-seaport-manatee\/#primaryimage"},"thumbnailUrl":"https:\/\/transportjournal.com\/wp-content\/uploads\/sites\/2\/2026\/01\/manatee-santoyo-1-aspect-ratio-1400-788.jpeg","datePublished":"2026-01-14T07:58:27+00:00","dateModified":"2026-01-14T10:36:35+00:00","breadcrumb":{"@id":"https:\/\/transportjournal.com\/fr\/2026\/01\/14\/roxana-santoyo-nouvelle-directrice-de-seaport-manatee\/#breadcrumb"},"inLanguage":"fr-FR","potentialAction":[{"@type":"ReadAction","target":["https:\/\/transportjournal.com\/fr\/2026\/01\/14\/roxana-santoyo-nouvelle-directrice-de-seaport-manatee\/"]}]},{"@type":"ImageObject","inLanguage":"fr-FR","@id":"https:\/\/transportjournal.com\/fr\/2026\/01\/14\/roxana-santoyo-nouvelle-directrice-de-seaport-manatee\/#primaryimage","url":"https:\/\/transportjournal.com\/wp-content\/uploads\/sites\/2\/2026\/01\/manatee-santoyo-1-aspect-ratio-1400-788.jpeg","contentUrl":"https:\/\/transportjournal.com\/wp-content\/uploads\/sites\/2\/2026\/01\/manatee-santoyo-1-aspect-ratio-1400-788.jpeg","width":990,"height":557},{"@type":"BreadcrumbList","@id":"https:\/\/transportjournal.com\/fr\/2026\/01\/14\/roxana-santoyo-nouvelle-directrice-de-seaport-manatee\/#breadcrumb","itemListElement":[{"@type":"ListItem","position":1,"name":"Startseite","item":"https:\/\/transportjournal.com\/fr\/"},{"@type":"ListItem","position":2,"name":"Roxana Santoyo nouvelle directrice de SeaPort Manatee"}]},{"@type":"WebSite","@id":"https:\/\/transportjournal.com\/fr\/#website","url":"https:\/\/transportjournal.com\/fr\/","name":"ITJ | International Transport Journal","description":"Restez inform\u00e9 des derni\u00e8res nouvelles mondiales dans les secteurs du transport, de la logistique et de la cha\u00eene d'approvisionnement. Transport Journal fournit des informations d'experts, des analyses et des mises \u00e0 jour sur le transport maritime, l'aviation, l'intermodalit\u00e9 et l'exp\u00e9dition. ","publisher":{"@id":"https:\/\/transportjournal.com\/fr\/#organization"},"potentialAction":[{"@type":"SearchAction","target":{"@type":"EntryPoint","urlTemplate":"https:\/\/transportjournal.com\/fr\/?s={search_term_string}"},"query-input":{"@type":"PropertyValueSpecification","valueRequired":true,"valueName":"search_term_string"}}],"inLanguage":"fr-FR"},{"@type":"Organization","@id":"https:\/\/transportjournal.com\/fr\/#organization","name":"Groupe Logismedia AG","alternateName":"Logismedia Group AG","url":"https:\/\/transportjournal.com\/fr\/","logo":{"@type":"ImageObject","inLanguage":"fr-FR","@id":"https:\/\/transportjournal.com\/fr\/#\/schema\/logo\/image\/","url":"https:\/\/transportjournal.com\/wp-content\/uploads\/sites\/2\/2025\/09\/Logo_ITJ.png","contentUrl":"https:\/\/transportjournal.com\/wp-content\/uploads\/sites\/2\/2025\/09\/Logo_ITJ.png","width":799,"height":326,"caption":"Groupe Logismedia AG"},"image":{"@id":"https:\/\/transportjournal.com\/fr\/#\/schema\/logo\/image\/"},"sameAs":["https:\/\/www.linkedin.com\/company\/56456496\/admin\/dashboard\/","https:\/\/www.instagram.com\/logismediagroup\/","https:\/\/www.youtube.com\/@LogiamediaGroupAG"]},{"@type":"Person","@id":"https:\/\/transportjournal.com\/fr\/#\/schema\/person\/cf538b3157f15afd7589245a4b3dbd25","name":"Andreas Haug","url":"https:\/\/transportjournal.com\/fr\/author\/andreas\/"}]}},"_links":{"self":[{"href":"https:\/\/transportjournal.com\/fr\/wp-json\/wp\/v2\/posts\/72996","targetHints":{"allow":["GET"]}}],"collection":[{"href":"https:\/\/transportjournal.com\/fr\/wp-json\/wp\/v2\/posts"}],"about":[{"href":"https:\/\/transportjournal.com\/fr\/wp-json\/wp\/v2\/types\/post"}],"author":[{"embeddable":true,"href":"https:\/\/transportjournal.com\/fr\/wp-json\/wp\/v2\/users\/12"}],"replies":[{"embeddable":true,"href":"https:\/\/transportjournal.com\/fr\/wp-json\/wp\/v2\/comments?post=72996"}],"version-history":[{"count":1,"href":"https:\/\/transportjournal.com\/fr\/wp-json\/wp\/v2\/posts\/72996\/revisions"}],"predecessor-version":[{"id":73081,"href":"https:\/\/transportjournal.com\/fr\/wp-json\/wp\/v2\/posts\/72996\/revisions\/73081"}],"wp:featuredmedia":[{"embeddable":true,"href":"https:\/\/transportjournal.com\/fr\/wp-json\/wp\/v2\/media\/72994"}],"wp:attachment":[{"href":"https:\/\/transportjournal.com\/fr\/wp-json\/wp\/v2\/media?parent=72996"}],"wp:term":[{"taxonomy":"category","embeddable":true,"href":"https:\/\/transportjournal.com\/fr\/wp-json\/wp\/v2\/categories?post=72996"},{"taxonomy":"post_tag","embeddable":true,"href":"https:\/\/transportjournal.com\/fr\/wp-json\/wp\/v2\/tags?post=72996"}],"curies":[{"name":"wp","href":"https:\/\/api.w.org\/{rel}","templated":true}]}}