{"id":87712,"date":"2026-05-01T15:18:27","date_gmt":"2026-05-01T15:18:27","guid":{"rendered":"https:\/\/transportjournal.com\/2026\/05\/01\/el-canciller-federal-friedrich-merz-visita-akkermann-transporte\/"},"modified":"2026-05-01T15:18:27","modified_gmt":"2026-05-01T15:18:27","slug":"el-canciller-federal-friedrich-merz-visita-akkermann-transporte","status":"publish","type":"post","link":"https:\/\/transportjournal.com\/es\/2026\/05\/01\/el-canciller-federal-friedrich-merz-visita-akkermann-transporte\/","title":{"rendered":"El canciller federal Friedrich Merz visita Akkermann Transporte"},"content":{"rendered":"<p>El canciller federal Friedrich Merz visit\u00f3 el 29 de abril de 2026 la empresa Akkermann Transporte GmbH en Moormerland, en Frisia Oriental, para informarse sobre los desaf\u00edos del transporte de mercanc\u00edas por carretera en el sector medio. Lo acompa\u00f1aron la secretaria de Estado parlamentaria Gitta Connemann y representantes de la Asociaci\u00f3n Federal de Transporte de Mercanc\u00edas, Log\u00edstica y Eliminaci\u00f3n (BGL) e.V., entre ellos el miembro del consejo de supervisi\u00f3n Klaus Akkermann y el portavoz del consejo, el Prof. Dr. Dirk Engelhardt.<\/p>\n<h3>Desaf\u00edos para las empresas medianas<\/h3>\n<p>La visita se llev\u00f3 a cabo en un contexto en el que la industria enfrenta una presi\u00f3n considerable. El aumento de costos, la escasez de conductores, las barreras burocr\u00e1ticas y las distorsiones de la competencia internacional afectan a las empresas. En particular, las peque\u00f1as empresas, que representan alrededor del 80 por ciento del sector y emplean a menos de 20 trabajadores, dependen de condiciones marco fiables para garantizar la seguridad del suministro en Alemania. El Prof. Dr. Dirk Engelhardt enfatiz\u00f3: &#8222;La situaci\u00f3n en el sector del transporte mediano es extremadamente tensa. Nuestras empresas necesitan ahora fiabilidad pol\u00edtica para poder invertir, formar y participar activamente en la transformaci\u00f3n.&#8220;<\/p>\n<h3>Demandas al gobierno federal<\/h3>\n<p>Durante el intercambio, se formularon tres preocupaciones centrales al gobierno federal. El BGL se\u00f1al\u00f3 que el descuento temporal en el impuesto sobre la energ\u00eda es un paso importante, pero no representa una soluci\u00f3n permanente. Para asegurar la liquidez y reducir las desventajas competitivas, es necesaria una desgravaci\u00f3n integral. Una de las preocupaciones centrales es la eliminaci\u00f3n de la doble carga de CO\u2082. Las empresas que ya est\u00e1n gravadas por el componente de CO\u2082 de la tarifa de peaje de camiones no deber\u00edan ser gravadas adicionalmente por un recargo de CO\u2082 sobre el combustible.<\/p>\n<p>Adem\u00e1s, el BGL exige un fortalecimiento de la armonizaci\u00f3n de peajes. El programa &#8222;Protecci\u00f3n del medio ambiente y seguridad&#8220; deber\u00eda ampliarse para incluir aspectos como la digitalizaci\u00f3n y la resiliencia del transporte de mercanc\u00edas por carretera, y la financiaci\u00f3n deber\u00eda aumentar de 450 a 900 millones de euros. Otro punto es el cierre del ciclo de financiaci\u00f3n de la carretera, donde los ingresos de la tarifa de peaje de camiones deber\u00edan destinarse espec\u00edficamente a proyectos de infraestructura como puentes, aparcamientos para camiones y el mantenimiento de carreteras.<\/p>\n<h3>Di\u00e1logo entre pol\u00edtica y econom\u00eda<\/h3>\n<p>El BGL aboga por un di\u00e1logo continuo entre la pol\u00edtica, la econom\u00eda y el sector. La visita a Moormerland subraya la necesidad de no solo hablar sobre las empresas medianas, sino de comunicarse activamente con las empresas que asumen diariamente la responsabilidad por sus empleados, clientes e inversiones. Klaus Akkermann expres\u00f3 el deseo de que del intercambio con el canciller federal sigan pasos concretos: &#8222;El progreso se produce donde la pol\u00edtica, la econom\u00eda y la sociedad asumen conjuntamente la responsabilidad.&#8220;<\/p>\n<p><a href=\"http:\/\/www.bgl-ev.de\" target=\"_blank\" rel=\"noopener noreferrer\">www.bgl-ev.de<\/a><\/p>\n","protected":false},"excerpt":{"rendered":"<p>El canciller federal Friedrich Merz visit\u00f3 el 29 de abril de 2026 la empresa Akkermann Transporte GmbH para informarse sobre los desaf\u00edos del transporte de mercanc\u00edas por carretera en las empresas medianas.<\/p>\n","protected":false},"author":7,"featured_media":87709,"comment_status":"open","ping_status":"","sticky":false,"template":"","format":"standard","meta":{"_acf_changed":false,"footnotes":""},"categories":[9092,1611,1605],"tags":[44535,44536,44537,44538,44539,44540,44541,44542,28747,44543,44544,44545,44546,3089,3090,44547,44548,44549,2122,44550,44551,44552,10645,44553,44554,44555,44556,44557,44558,44559,44560,44561,44562,2145,44563,44564,44565,44566,44567,44568,44569,44570,18619,44571,44572,10012,18620,44573,44574,13813,18622,8592,44575,44576],"class_list":["post-87712","post","type-post","status-publish","format-standard","has-post-thumbnail","hentry","category-deutschland","category-europa","category-expedicion-y-logistica","tag-akkermann-transporte-gmbh","tag-bgl-e-v","tag-bridge-construction-infrastructure","tag-brueckenbau-infrastruktur","tag-challenges-in-transport-sector","tag-co2-double-burden","tag-co2-doppelbelastung","tag-construction-de-ponts-infrastructure","tag-defis-du-secteur-du-transport","tag-deutsch-bundeskanzler-friedrich-merz","tag-dialog-politik-wirtschaft-english-chancellor-friedrich-merz","tag-dialogue-politics-economy-francais-chancelier-friedrich-merz","tag-dialogue-politique-economie","tag-digitalisierung-im-gueterverkehr","tag-digitization-in-freight-transport","tag-double-imposition-co2","tag-energiesteuerrabatt-transport","tag-energy-tax-rebate-transport","tag-fachkraeftemangel-logistik","tag-fiabilite-politique-pme","tag-harmonisation-des-peages","tag-herausforderungen-im-transportgewerbe","tag-industrie-du-transport-allemagne","tag-infrastructure-projects-road-network","tag-infrastrukturprojekte-strassennetz","tag-liquiditaetssicherung-logistik","tag-liquidity-security-logistics","tag-lkw-maut-einnahmen","tag-logistique-pme","tag-mautharmonisierung","tag-medium-sized-logistics","tag-mittelstand-logistik","tag-numerisation-du-transport-de-marchandises","tag-penurie-de-main-doeuvre-logistique","tag-political-reliability-medium-sized-businesses","tag-politische-verlaesslichkeit-mittelstand","tag-projets-dinfrastructure-reseau-routier","tag-reduction-de-la-taxe-energetique-transport","tag-resilience-du-transport-routier","tag-resilience-road-transport","tag-resilienz-strassentransport","tag-revenus-de-peage-de-camion","tag-road-freight-transport","tag-securite-dapprovisionnement-allemagne","tag-securite-de-liquidite-logistique","tag-skilled-labor-shortage-logistics","tag-strassengueterverkehr","tag-supply-security-germany","tag-toll-harmonization","tag-transport-industry-germany","tag-transport-routier-de-marchandises","tag-transportwirtschaft-deutschland","tag-truck-toll-revenues","tag-versorgungssicherheit-deutschland"],"acf":[],"yoast_head":"<!-- This site is optimized with the Yoast SEO plugin v27.3 - https:\/\/yoast.com\/product\/yoast-seo-wordpress\/ -->\n<title>El canciller federal Friedrich Merz visita Akkermann Transporte - ITJ | International Transport Journal<\/title>\n<meta name=\"robots\" content=\"index, follow, max-snippet:-1, max-image-preview:large, max-video-preview:-1\" \/>\n<link rel=\"canonical\" href=\"https:\/\/transportjournal.com\/es\/2026\/05\/01\/el-canciller-federal-friedrich-merz-visita-akkermann-transporte\/\" \/>\n<meta property=\"og:locale\" content=\"es_ES\" \/>\n<meta property=\"og:type\" content=\"article\" \/>\n<meta property=\"og:title\" content=\"El canciller federal Friedrich Merz visita Akkermann Transporte - ITJ | International Transport Journal\" \/>\n<meta property=\"og:description\" content=\"El canciller federal Friedrich Merz visit\u00f3 el 29 de abril de 2026 la empresa Akkermann Transporte GmbH para informarse sobre los desaf\u00edos del transporte de mercanc\u00edas por carretera en las empresas medianas.\" \/>\n<meta property=\"og:url\" content=\"https:\/\/transportjournal.com\/es\/2026\/05\/01\/el-canciller-federal-friedrich-merz-visita-akkermann-transporte\/\" \/>\n<meta property=\"og:site_name\" content=\"ITJ | International Transport Journal\" \/>\n<meta property=\"article:published_time\" content=\"2026-05-01T15:18:27+00:00\" \/>\n<meta property=\"og:image\" content=\"https:\/\/transportjournal.com\/wp-content\/uploads\/sites\/2\/2026\/05\/BGL_1.5.26-aspect-ratio-1400-788.jpg\" \/>\n\t<meta property=\"og:image:width\" content=\"1920\" \/>\n\t<meta property=\"og:image:height\" content=\"1081\" \/>\n\t<meta property=\"og:image:type\" content=\"image\/jpeg\" \/>\n<meta name=\"author\" content=\"Andreas M\u00fcller\" \/>\n<meta name=\"twitter:card\" content=\"summary_large_image\" \/>\n<meta name=\"twitter:label1\" content=\"Escrito por\" \/>\n\t<meta name=\"twitter:data1\" content=\"Andreas M\u00fcller\" \/>\n\t<meta name=\"twitter:label2\" content=\"Tiempo de lectura\" \/>\n\t<meta name=\"twitter:data2\" content=\"3 minuto\" \/>\n<script type=\"application\/ld+json\" class=\"yoast-schema-graph\">{\"@context\":\"https:\\\/\\\/schema.org\",\"@graph\":[{\"@type\":\"Article\",\"@id\":\"https:\\\/\\\/transportjournal.com\\\/es\\\/2026\\\/05\\\/01\\\/el-canciller-federal-friedrich-merz-visita-akkermann-transporte\\\/#article\",\"isPartOf\":{\"@id\":\"https:\\\/\\\/transportjournal.com\\\/es\\\/2026\\\/05\\\/01\\\/el-canciller-federal-friedrich-merz-visita-akkermann-transporte\\\/\"},\"author\":{\"name\":\"Andreas M\u00fcller\",\"@id\":\"https:\\\/\\\/transportjournal.com\\\/es\\\/#\\\/schema\\\/person\\\/7b1593b33567ba798d300c8a1b0b85b1\"},\"headline\":\"El canciller federal Friedrich Merz visita Akkermann Transporte\",\"datePublished\":\"2026-05-01T15:18:27+00:00\",\"mainEntityOfPage\":{\"@id\":\"https:\\\/\\\/transportjournal.com\\\/es\\\/2026\\\/05\\\/01\\\/el-canciller-federal-friedrich-merz-visita-akkermann-transporte\\\/\"},\"wordCount\":509,\"commentCount\":0,\"publisher\":{\"@id\":\"https:\\\/\\\/transportjournal.com\\\/es\\\/#organization\"},\"image\":{\"@id\":\"https:\\\/\\\/transportjournal.com\\\/es\\\/2026\\\/05\\\/01\\\/el-canciller-federal-friedrich-merz-visita-akkermann-transporte\\\/#primaryimage\"},\"thumbnailUrl\":\"https:\\\/\\\/transportjournal.com\\\/wp-content\\\/uploads\\\/sites\\\/2\\\/2026\\\/05\\\/BGL_1.5.26-aspect-ratio-1400-788.jpg\",\"keywords\":[\"Akkermann Transporte GmbH\",\"BGL e.V.\",\"bridge construction infrastructure\",\"Br\u00fcckenbau Infrastruktur\",\"challenges in transport sector\",\"CO2 double burden\",\"CO2-Doppelbelastung\",\"construction de ponts infrastructure\",\"d\u00e9fis du secteur du transport\",\"Deutsch Bundeskanzler Friedrich Merz\",\"Dialog Politik Wirtschaft English Chancellor Friedrich Merz\",\"dialogue politics economy Fran\u00e7ais Chancelier Friedrich Merz\",\"dialogue politique \u00e9conomie\",\"Digitalisierung im G\u00fcterverkehr\",\"digitization in freight transport\",\"double imposition CO2\",\"Energiesteuerrabatt Transport\",\"energy tax rebate transport\",\"Fachkr\u00e4ftemangel Logistik\",\"fiabilit\u00e9 politique PME\",\"harmonisation des p\u00e9ages\",\"Herausforderungen im Transportgewerbe\",\"industrie du transport Allemagne\",\"infrastructure projects road network\",\"Infrastrukturprojekte Stra\u00dfennetz\",\"Liquidit\u00e4tssicherung Logistik\",\"liquidity security logistics\",\"Lkw-Maut Einnahmen\",\"logistique PME\",\"Mautharmonisierung\",\"medium-sized logistics\",\"Mittelstand Logistik\",\"num\u00e9risation du transport de marchandises\",\"p\u00e9nurie de main-d'\u0153uvre logistique\",\"political reliability medium-sized businesses\",\"politische Verl\u00e4sslichkeit Mittelstand\",\"projets d'infrastructure r\u00e9seau routier\",\"r\u00e9duction de la taxe \u00e9nerg\u00e9tique transport\",\"r\u00e9silience du transport routier\",\"resilience road transport\",\"Resilienz Stra\u00dfentransport\",\"revenus de p\u00e9age de camion\",\"road freight transport\",\"s\u00e9curit\u00e9 d'approvisionnement Allemagne\",\"s\u00e9curit\u00e9 de liquidit\u00e9 logistique\",\"skilled labor shortage logistics\",\"Stra\u00dfeng\u00fcterverkehr\",\"supply security Germany\",\"toll harmonization\",\"transport industry Germany\",\"transport routier de marchandises\",\"Transportwirtschaft Deutschland\",\"truck toll revenues\",\"Versorgungssicherheit Deutschland\"],\"articleSection\":[\"Deutschland\",\"Europa\",\"Transporte de mercanc\u00edas y log\u00edstica\"],\"inLanguage\":\"es\",\"potentialAction\":[{\"@type\":\"CommentAction\",\"name\":\"Comment\",\"target\":[\"https:\\\/\\\/transportjournal.com\\\/es\\\/2026\\\/05\\\/01\\\/el-canciller-federal-friedrich-merz-visita-akkermann-transporte\\\/#respond\"]}]},{\"@type\":\"WebPage\",\"@id\":\"https:\\\/\\\/transportjournal.com\\\/es\\\/2026\\\/05\\\/01\\\/el-canciller-federal-friedrich-merz-visita-akkermann-transporte\\\/\",\"url\":\"https:\\\/\\\/transportjournal.com\\\/es\\\/2026\\\/05\\\/01\\\/el-canciller-federal-friedrich-merz-visita-akkermann-transporte\\\/\",\"name\":\"El canciller federal Friedrich Merz visita Akkermann Transporte - ITJ | International Transport Journal\",\"isPartOf\":{\"@id\":\"https:\\\/\\\/transportjournal.com\\\/es\\\/#website\"},\"primaryImageOfPage\":{\"@id\":\"https:\\\/\\\/transportjournal.com\\\/es\\\/2026\\\/05\\\/01\\\/el-canciller-federal-friedrich-merz-visita-akkermann-transporte\\\/#primaryimage\"},\"image\":{\"@id\":\"https:\\\/\\\/transportjournal.com\\\/es\\\/2026\\\/05\\\/01\\\/el-canciller-federal-friedrich-merz-visita-akkermann-transporte\\\/#primaryimage\"},\"thumbnailUrl\":\"https:\\\/\\\/transportjournal.com\\\/wp-content\\\/uploads\\\/sites\\\/2\\\/2026\\\/05\\\/BGL_1.5.26-aspect-ratio-1400-788.jpg\",\"datePublished\":\"2026-05-01T15:18:27+00:00\",\"breadcrumb\":{\"@id\":\"https:\\\/\\\/transportjournal.com\\\/es\\\/2026\\\/05\\\/01\\\/el-canciller-federal-friedrich-merz-visita-akkermann-transporte\\\/#breadcrumb\"},\"inLanguage\":\"es\",\"potentialAction\":[{\"@type\":\"ReadAction\",\"target\":[\"https:\\\/\\\/transportjournal.com\\\/es\\\/2026\\\/05\\\/01\\\/el-canciller-federal-friedrich-merz-visita-akkermann-transporte\\\/\"]}]},{\"@type\":\"ImageObject\",\"inLanguage\":\"es\",\"@id\":\"https:\\\/\\\/transportjournal.com\\\/es\\\/2026\\\/05\\\/01\\\/el-canciller-federal-friedrich-merz-visita-akkermann-transporte\\\/#primaryimage\",\"url\":\"https:\\\/\\\/transportjournal.com\\\/wp-content\\\/uploads\\\/sites\\\/2\\\/2026\\\/05\\\/BGL_1.5.26-aspect-ratio-1400-788.jpg\",\"contentUrl\":\"https:\\\/\\\/transportjournal.com\\\/wp-content\\\/uploads\\\/sites\\\/2\\\/2026\\\/05\\\/BGL_1.5.26-aspect-ratio-1400-788.jpg\",\"width\":1920,\"height\":1081},{\"@type\":\"BreadcrumbList\",\"@id\":\"https:\\\/\\\/transportjournal.com\\\/es\\\/2026\\\/05\\\/01\\\/el-canciller-federal-friedrich-merz-visita-akkermann-transporte\\\/#breadcrumb\",\"itemListElement\":[{\"@type\":\"ListItem\",\"position\":1,\"name\":\"Startseite\",\"item\":\"https:\\\/\\\/transportjournal.com\\\/es\\\/\"},{\"@type\":\"ListItem\",\"position\":2,\"name\":\"El canciller federal Friedrich Merz visita Akkermann Transporte\"}]},{\"@type\":\"WebSite\",\"@id\":\"https:\\\/\\\/transportjournal.com\\\/es\\\/#website\",\"url\":\"https:\\\/\\\/transportjournal.com\\\/es\\\/\",\"name\":\"ITJ | International Transport Journal\",\"description\":\"Stay informed with the latest global news from the transport, logistics, and supply chain industries. Transport Journal delivers expert insights, analysis, and updates across shipping, aviation, intermodal, and forwarding.\",\"publisher\":{\"@id\":\"https:\\\/\\\/transportjournal.com\\\/es\\\/#organization\"},\"potentialAction\":[{\"@type\":\"SearchAction\",\"target\":{\"@type\":\"EntryPoint\",\"urlTemplate\":\"https:\\\/\\\/transportjournal.com\\\/es\\\/?s={search_term_string}\"},\"query-input\":{\"@type\":\"PropertyValueSpecification\",\"valueRequired\":true,\"valueName\":\"search_term_string\"}}],\"inLanguage\":\"es\"},{\"@type\":\"Organization\",\"@id\":\"https:\\\/\\\/transportjournal.com\\\/es\\\/#organization\",\"name\":\"Grupo Logismedia AG\",\"alternateName\":\"Logismedia Group AG\",\"url\":\"https:\\\/\\\/transportjournal.com\\\/es\\\/\",\"logo\":{\"@type\":\"ImageObject\",\"inLanguage\":\"es\",\"@id\":\"https:\\\/\\\/transportjournal.com\\\/es\\\/#\\\/schema\\\/logo\\\/image\\\/\",\"url\":\"https:\\\/\\\/transportjournal.com\\\/wp-content\\\/uploads\\\/sites\\\/2\\\/2025\\\/09\\\/Logo_ITJ.png\",\"contentUrl\":\"https:\\\/\\\/transportjournal.com\\\/wp-content\\\/uploads\\\/sites\\\/2\\\/2025\\\/09\\\/Logo_ITJ.png\",\"width\":799,\"height\":326,\"caption\":\"Grupo Logismedia AG\"},\"image\":{\"@id\":\"https:\\\/\\\/transportjournal.com\\\/es\\\/#\\\/schema\\\/logo\\\/image\\\/\"},\"sameAs\":[\"https:\\\/\\\/www.linkedin.com\\\/company\\\/56456496\\\/admin\\\/dashboard\\\/\",\"https:\\\/\\\/www.instagram.com\\\/logismediagroup\\\/\",\"https:\\\/\\\/www.youtube.com\\\/@LogiamediaGroupAG\"]},{\"@type\":\"Person\",\"@id\":\"https:\\\/\\\/transportjournal.com\\\/es\\\/#\\\/schema\\\/person\\\/7b1593b33567ba798d300c8a1b0b85b1\",\"name\":\"Andreas M\u00fcller\",\"url\":\"https:\\\/\\\/transportjournal.com\\\/es\\\/author\\\/logismedia\\\/\"}]}<\/script>\n<!-- \/ Yoast SEO plugin. -->","yoast_head_json":{"title":"El canciller federal Friedrich Merz visita Akkermann Transporte - ITJ | International Transport Journal","robots":{"index":"index","follow":"follow","max-snippet":"max-snippet:-1","max-image-preview":"max-image-preview:large","max-video-preview":"max-video-preview:-1"},"canonical":"https:\/\/transportjournal.com\/es\/2026\/05\/01\/el-canciller-federal-friedrich-merz-visita-akkermann-transporte\/","og_locale":"es_ES","og_type":"article","og_title":"El canciller federal Friedrich Merz visita Akkermann Transporte - ITJ | International Transport Journal","og_description":"El canciller federal Friedrich Merz visit\u00f3 el 29 de abril de 2026 la empresa Akkermann Transporte GmbH para informarse sobre los desaf\u00edos del transporte de mercanc\u00edas por carretera en las empresas medianas.","og_url":"https:\/\/transportjournal.com\/es\/2026\/05\/01\/el-canciller-federal-friedrich-merz-visita-akkermann-transporte\/","og_site_name":"ITJ | International Transport Journal","article_published_time":"2026-05-01T15:18:27+00:00","og_image":[{"width":1920,"height":1081,"url":"https:\/\/transportjournal.com\/wp-content\/uploads\/sites\/2\/2026\/05\/BGL_1.5.26-aspect-ratio-1400-788.jpg","type":"image\/jpeg"}],"author":"Andreas M\u00fcller","twitter_card":"summary_large_image","twitter_misc":{"Escrito por":"Andreas M\u00fcller","Tiempo de lectura":"3 minuto"},"schema":{"@context":"https:\/\/schema.org","@graph":[{"@type":"Article","@id":"https:\/\/transportjournal.com\/es\/2026\/05\/01\/el-canciller-federal-friedrich-merz-visita-akkermann-transporte\/#article","isPartOf":{"@id":"https:\/\/transportjournal.com\/es\/2026\/05\/01\/el-canciller-federal-friedrich-merz-visita-akkermann-transporte\/"},"author":{"name":"Andreas M\u00fcller","@id":"https:\/\/transportjournal.com\/es\/#\/schema\/person\/7b1593b33567ba798d300c8a1b0b85b1"},"headline":"El canciller federal Friedrich Merz visita Akkermann Transporte","datePublished":"2026-05-01T15:18:27+00:00","mainEntityOfPage":{"@id":"https:\/\/transportjournal.com\/es\/2026\/05\/01\/el-canciller-federal-friedrich-merz-visita-akkermann-transporte\/"},"wordCount":509,"commentCount":0,"publisher":{"@id":"https:\/\/transportjournal.com\/es\/#organization"},"image":{"@id":"https:\/\/transportjournal.com\/es\/2026\/05\/01\/el-canciller-federal-friedrich-merz-visita-akkermann-transporte\/#primaryimage"},"thumbnailUrl":"https:\/\/transportjournal.com\/wp-content\/uploads\/sites\/2\/2026\/05\/BGL_1.5.26-aspect-ratio-1400-788.jpg","keywords":["Akkermann Transporte GmbH","BGL e.V.","bridge construction infrastructure","Br\u00fcckenbau Infrastruktur","challenges in transport sector","CO2 double burden","CO2-Doppelbelastung","construction de ponts infrastructure","d\u00e9fis du secteur du transport","Deutsch Bundeskanzler Friedrich Merz","Dialog Politik Wirtschaft English Chancellor Friedrich Merz","dialogue politics economy Fran\u00e7ais Chancelier Friedrich Merz","dialogue politique \u00e9conomie","Digitalisierung im G\u00fcterverkehr","digitization in freight transport","double imposition CO2","Energiesteuerrabatt Transport","energy tax rebate transport","Fachkr\u00e4ftemangel Logistik","fiabilit\u00e9 politique PME","harmonisation des p\u00e9ages","Herausforderungen im Transportgewerbe","industrie du transport Allemagne","infrastructure projects road network","Infrastrukturprojekte Stra\u00dfennetz","Liquidit\u00e4tssicherung Logistik","liquidity security logistics","Lkw-Maut Einnahmen","logistique PME","Mautharmonisierung","medium-sized logistics","Mittelstand Logistik","num\u00e9risation du transport de marchandises","p\u00e9nurie de main-d'\u0153uvre logistique","political reliability medium-sized businesses","politische Verl\u00e4sslichkeit Mittelstand","projets d'infrastructure r\u00e9seau routier","r\u00e9duction de la taxe \u00e9nerg\u00e9tique transport","r\u00e9silience du transport routier","resilience road transport","Resilienz Stra\u00dfentransport","revenus de p\u00e9age de camion","road freight transport","s\u00e9curit\u00e9 d'approvisionnement Allemagne","s\u00e9curit\u00e9 de liquidit\u00e9 logistique","skilled labor shortage logistics","Stra\u00dfeng\u00fcterverkehr","supply security Germany","toll harmonization","transport industry Germany","transport routier de marchandises","Transportwirtschaft Deutschland","truck toll revenues","Versorgungssicherheit Deutschland"],"articleSection":["Deutschland","Europa","Transporte de mercanc\u00edas y log\u00edstica"],"inLanguage":"es","potentialAction":[{"@type":"CommentAction","name":"Comment","target":["https:\/\/transportjournal.com\/es\/2026\/05\/01\/el-canciller-federal-friedrich-merz-visita-akkermann-transporte\/#respond"]}]},{"@type":"WebPage","@id":"https:\/\/transportjournal.com\/es\/2026\/05\/01\/el-canciller-federal-friedrich-merz-visita-akkermann-transporte\/","url":"https:\/\/transportjournal.com\/es\/2026\/05\/01\/el-canciller-federal-friedrich-merz-visita-akkermann-transporte\/","name":"El canciller federal Friedrich Merz visita Akkermann Transporte - ITJ | International Transport Journal","isPartOf":{"@id":"https:\/\/transportjournal.com\/es\/#website"},"primaryImageOfPage":{"@id":"https:\/\/transportjournal.com\/es\/2026\/05\/01\/el-canciller-federal-friedrich-merz-visita-akkermann-transporte\/#primaryimage"},"image":{"@id":"https:\/\/transportjournal.com\/es\/2026\/05\/01\/el-canciller-federal-friedrich-merz-visita-akkermann-transporte\/#primaryimage"},"thumbnailUrl":"https:\/\/transportjournal.com\/wp-content\/uploads\/sites\/2\/2026\/05\/BGL_1.5.26-aspect-ratio-1400-788.jpg","datePublished":"2026-05-01T15:18:27+00:00","breadcrumb":{"@id":"https:\/\/transportjournal.com\/es\/2026\/05\/01\/el-canciller-federal-friedrich-merz-visita-akkermann-transporte\/#breadcrumb"},"inLanguage":"es","potentialAction":[{"@type":"ReadAction","target":["https:\/\/transportjournal.com\/es\/2026\/05\/01\/el-canciller-federal-friedrich-merz-visita-akkermann-transporte\/"]}]},{"@type":"ImageObject","inLanguage":"es","@id":"https:\/\/transportjournal.com\/es\/2026\/05\/01\/el-canciller-federal-friedrich-merz-visita-akkermann-transporte\/#primaryimage","url":"https:\/\/transportjournal.com\/wp-content\/uploads\/sites\/2\/2026\/05\/BGL_1.5.26-aspect-ratio-1400-788.jpg","contentUrl":"https:\/\/transportjournal.com\/wp-content\/uploads\/sites\/2\/2026\/05\/BGL_1.5.26-aspect-ratio-1400-788.jpg","width":1920,"height":1081},{"@type":"BreadcrumbList","@id":"https:\/\/transportjournal.com\/es\/2026\/05\/01\/el-canciller-federal-friedrich-merz-visita-akkermann-transporte\/#breadcrumb","itemListElement":[{"@type":"ListItem","position":1,"name":"Startseite","item":"https:\/\/transportjournal.com\/es\/"},{"@type":"ListItem","position":2,"name":"El canciller federal Friedrich Merz visita Akkermann Transporte"}]},{"@type":"WebSite","@id":"https:\/\/transportjournal.com\/es\/#website","url":"https:\/\/transportjournal.com\/es\/","name":"ITJ | International Transport Journal","description":"Stay informed with the latest global news from the transport, logistics, and supply chain industries. Transport Journal delivers expert insights, analysis, and updates across shipping, aviation, intermodal, and forwarding.","publisher":{"@id":"https:\/\/transportjournal.com\/es\/#organization"},"potentialAction":[{"@type":"SearchAction","target":{"@type":"EntryPoint","urlTemplate":"https:\/\/transportjournal.com\/es\/?s={search_term_string}"},"query-input":{"@type":"PropertyValueSpecification","valueRequired":true,"valueName":"search_term_string"}}],"inLanguage":"es"},{"@type":"Organization","@id":"https:\/\/transportjournal.com\/es\/#organization","name":"Grupo Logismedia AG","alternateName":"Logismedia Group AG","url":"https:\/\/transportjournal.com\/es\/","logo":{"@type":"ImageObject","inLanguage":"es","@id":"https:\/\/transportjournal.com\/es\/#\/schema\/logo\/image\/","url":"https:\/\/transportjournal.com\/wp-content\/uploads\/sites\/2\/2025\/09\/Logo_ITJ.png","contentUrl":"https:\/\/transportjournal.com\/wp-content\/uploads\/sites\/2\/2025\/09\/Logo_ITJ.png","width":799,"height":326,"caption":"Grupo Logismedia AG"},"image":{"@id":"https:\/\/transportjournal.com\/es\/#\/schema\/logo\/image\/"},"sameAs":["https:\/\/www.linkedin.com\/company\/56456496\/admin\/dashboard\/","https:\/\/www.instagram.com\/logismediagroup\/","https:\/\/www.youtube.com\/@LogiamediaGroupAG"]},{"@type":"Person","@id":"https:\/\/transportjournal.com\/es\/#\/schema\/person\/7b1593b33567ba798d300c8a1b0b85b1","name":"Andreas M\u00fcller","url":"https:\/\/transportjournal.com\/es\/author\/logismedia\/"}]}},"_links":{"self":[{"href":"https:\/\/transportjournal.com\/es\/wp-json\/wp\/v2\/posts\/87712","targetHints":{"allow":["GET"]}}],"collection":[{"href":"https:\/\/transportjournal.com\/es\/wp-json\/wp\/v2\/posts"}],"about":[{"href":"https:\/\/transportjournal.com\/es\/wp-json\/wp\/v2\/types\/post"}],"author":[{"embeddable":true,"href":"https:\/\/transportjournal.com\/es\/wp-json\/wp\/v2\/users\/7"}],"replies":[{"embeddable":true,"href":"https:\/\/transportjournal.com\/es\/wp-json\/wp\/v2\/comments?post=87712"}],"version-history":[{"count":0,"href":"https:\/\/transportjournal.com\/es\/wp-json\/wp\/v2\/posts\/87712\/revisions"}],"wp:featuredmedia":[{"embeddable":true,"href":"https:\/\/transportjournal.com\/es\/wp-json\/wp\/v2\/media\/87709"}],"wp:attachment":[{"href":"https:\/\/transportjournal.com\/es\/wp-json\/wp\/v2\/media?parent=87712"}],"wp:term":[{"taxonomy":"category","embeddable":true,"href":"https:\/\/transportjournal.com\/es\/wp-json\/wp\/v2\/categories?post=87712"},{"taxonomy":"post_tag","embeddable":true,"href":"https:\/\/transportjournal.com\/es\/wp-json\/wp\/v2\/tags?post=87712"}],"curies":[{"name":"wp","href":"https:\/\/api.w.org\/{rel}","templated":true}]}}