{"id":87652,"date":"2026-04-30T10:41:53","date_gmt":"2026-04-30T10:41:53","guid":{"rendered":"https:\/\/transportjournal.com\/2026\/04\/30\/harbor-logistics-nombra-a-auslund-como-ceo\/"},"modified":"2026-04-30T10:41:53","modified_gmt":"2026-04-30T10:41:53","slug":"harbor-logistics-nombra-a-auslund-como-ceo","status":"publish","type":"post","link":"https:\/\/transportjournal.com\/es\/2026\/04\/30\/harbor-logistics-nombra-a-auslund-como-ceo\/","title":{"rendered":"Harbor Logistics nombra a Auslund como CEO"},"content":{"rendered":"<p>Harbor Logistics ha nombrado a Scott Auslund como nuevo Director Ejecutivo. La decisi\u00f3n de la empresa estadounidense con sede en Charleston, Carolina del Sur, entrar\u00e1 en vigor el 4 de mayo de 2026. Auslund aporta m\u00e1s de 15 a\u00f1os de experiencia en la industria del transporte y la log\u00edstica, y se ha destacado en el pasado por escalar operaciones y crear valor.<\/p>\n<h3>Experiencia y orientaci\u00f3n estrat\u00e9gica<\/h3>\n<p>Aulsund, que anteriormente fue COO en loop.com, lider\u00f3 all\u00ed la integraci\u00f3n de dos adquisiciones y desarroll\u00f3 con \u00e9xito la empresa. Antes, fue CEO del servicio de carga basado en tecnolog\u00eda Data2Logistics, donde estableci\u00f3 una cultura empresarial centrada en el cliente. Tambi\u00e9n en GR Holdings, una empresa con una flota pesada, llev\u00f3 a cabo una transformaci\u00f3n hacia un proveedor de log\u00edstica diversificado 3PL\/4PL. Su carrera incluye adem\u00e1s etapas en Mariner, Covenant Logistics, Transplace y UPS, donde se centr\u00f3 en la escalabilidad estrat\u00e9gica de las empresas.<\/p>\n<p>Marc Kramer, presidente de la junta de Harbor Logistics, se pronunci\u00f3 sobre el nombramiento de Auslund: \u201cEstamos encantados de dar la bienvenida a Scott en un momento tan decisivo para nosotros. Su profundidad operativa y experiencia espec\u00edfica en la industria lo hacen especialmente adecuado para llevar a Harbor a la siguiente fase.\u201d<\/p>\n<p>El nuevo CEO enfatiz\u00f3 las oportunidades que tiene por delante: \u201cLa empresa ha construido una plataforma diferenciada en un mercado atractivo y en crecimiento. Estoy emocionado de trabajar con el equipo para acelerar el crecimiento y seguir creando valor para nuestros clientes y partes interesadas.\u201d<\/p>\n<h3>Transici\u00f3n de liderazgo<\/h3>\n<p>Aulsund sucede a Kevin Shuba, quien ha liderado a Harbor en una fase decisiva del crecimiento de la empresa. Shuba trajo m\u00e1s de 30 a\u00f1os de experiencia en la industria del transporte y la log\u00edstica y desempe\u00f1\u00f3 un papel central en la integraci\u00f3n y expansi\u00f3n de la empresa en los mercados del sureste de EE. UU. Allison Kingsley, fundadora y socia de NOVA Infrastructure, el propietario de Harbor, reconoci\u00f3 la contribuci\u00f3n de Shuba: \u201cKevin lleg\u00f3 en un momento crucial para Harbor y proporcion\u00f3 el liderazgo requerido.\u201d<\/p>\n<p>Harbor Logistics planea seguir invirtiendo en su presencia en la regi\u00f3n de Charleston y en el sureste en general. Entre las inversiones recientes se encuentra la apertura de un almac\u00e9n de 57,000 m\u00b2 en el condado de Dorchester, as\u00ed como el inicio de la construcci\u00f3n de una instalaci\u00f3n de transbordo para soja en el condado de Berkeley. La empresa planea ocupar m\u00e1s puestos de liderazgo en las pr\u00f3ximas semanas.<\/p>\n<p>&nbsp;<\/p>\n<p><a href=\"https:\/\/harborlogistics.com\/\" target=\"_blank\" rel=\"noopener noreferrer\">www.harborlogistics.com<\/a><\/p>\n<p>&nbsp;<\/p>\n","protected":false},"excerpt":{"rendered":"<p>Harbor Logistics ha nombrado a Scott Auslund como nuevo CEO para dirigir y desarrollar estrat\u00e9gicamente la empresa en su fase de crecimiento.<\/p>\n","protected":false},"author":12,"featured_media":87649,"comment_status":"open","ping_status":"","sticky":false,"template":"","format":"standard","meta":{"_acf_changed":false,"footnotes":""},"categories":[1614,1607,1603,1605],"tags":[44180,44181,44182,5283,20317,44183,20318,44184,3353,32288,4232,44185,44186,17452,23427,44187,2123,44188,44189,44190,44191,44192,44193,44194,44195,20812,3872,44196,2133,44197,1831,44198,44199,11546,3379,4257,44200,2145,2148,1916,44201,44202,9650,2106,3535,3536,3537,44203,44204,11551,2591,44205],"class_list":["post-87652","post","type-post","status-publish","format-standard","has-post-thumbnail","hentry","category-america","category-navegacion-y-puertos","category-personas-y-empresas","category-expedicion-y-logistica","tag-3pl-dienstleister","tag-3pl-providers","tag-analyse-de-marche-secteur-du-transport","tag-betriebsablaeufe-optimieren","tag-business-growth","tag-ceo-transport","tag-croissance-des-entreprises","tag-deutsch-harbor-logistics","tag-digitalisierung-logistik","tag-durabilite-du-transport","tag-efficacite-operationnelle","tag-fachkraeftemangel-logistik-english-harbor-logistics","tag-fournisseurs-3pl","tag-frachtservices","tag-freight-services","tag-fuehrungskraefte-logistik","tag-gestion-de-la-chaine-dapprovisionnement","tag-infrastructure-southeast-usa","tag-infrastructure-sud-est-des-etats-unis","tag-infrastruktur-suedosten-usa","tag-installations-de-transbordement","tag-investissements-charleston","tag-investitionen-charleston","tag-investments-charleston","tag-leadership-en-logistique","tag-leadership-in-logistics","tag-logistics-digitalization","tag-logistics-industry-charleston","tag-logistics-service-providers","tag-logistikbranche-charleston","tag-logistikdienstleister","tag-market-analysis-transportation-industry","tag-marktanalyse-transportwirtschaft","tag-nachhaltigkeit-transport","tag-numerisation-logistique","tag-operational-efficiency","tag-pdg-transport","tag-penurie-de-main-doeuvre-logistique","tag-prestataires-de-services-logistiques","tag-schienengueterverkehr","tag-scott-auslund","tag-secteur-logistique-charleston","tag-services-de-fret","tag-supply-chain-management","tag-technologie-dans-la-logistique","tag-technologie-in-der-logistik","tag-technology-in-logistics","tag-transladeeinrichtungen","tag-transloading-facilities","tag-transport-sustainability","tag-unternehmenswachstum","tag-workforce-shortage-logistics-francais-harbor-logistics"],"acf":[],"yoast_head":"<!-- This site is optimized with the Yoast SEO plugin v27.3 - https:\/\/yoast.com\/product\/yoast-seo-wordpress\/ -->\n<title>Harbor Logistics nombra a Auslund como CEO - ITJ | International Transport Journal<\/title>\n<meta name=\"robots\" content=\"index, follow, max-snippet:-1, max-image-preview:large, max-video-preview:-1\" \/>\n<link rel=\"canonical\" href=\"https:\/\/transportjournal.com\/es\/2026\/04\/30\/harbor-logistics-nombra-a-auslund-como-ceo\/\" \/>\n<meta property=\"og:locale\" content=\"es_ES\" \/>\n<meta property=\"og:type\" content=\"article\" \/>\n<meta property=\"og:title\" content=\"Harbor Logistics nombra a Auslund como CEO - ITJ | International Transport Journal\" \/>\n<meta property=\"og:description\" content=\"Harbor Logistics ha nombrado a Scott Auslund como nuevo CEO para dirigir y desarrollar estrat\u00e9gicamente la empresa en su fase de crecimiento.\" \/>\n<meta property=\"og:url\" content=\"https:\/\/transportjournal.com\/es\/2026\/04\/30\/harbor-logistics-nombra-a-auslund-como-ceo\/\" \/>\n<meta property=\"og:site_name\" content=\"ITJ | International Transport Journal\" \/>\n<meta property=\"article:published_time\" content=\"2026-04-30T10:41:53+00:00\" \/>\n<meta property=\"og:image\" content=\"https:\/\/transportjournal.com\/wp-content\/uploads\/sites\/2\/2026\/04\/Harbor_Logistics_Scott_Auslund-aspect-ratio-1400-788.jpg\" \/>\n\t<meta property=\"og:image:width\" content=\"528\" \/>\n\t<meta property=\"og:image:height\" content=\"298\" \/>\n\t<meta property=\"og:image:type\" content=\"image\/jpeg\" \/>\n<meta name=\"author\" content=\"Andreas Haug\" \/>\n<meta name=\"twitter:card\" content=\"summary_large_image\" \/>\n<meta name=\"twitter:label1\" content=\"Escrito por\" \/>\n\t<meta name=\"twitter:data1\" content=\"Andreas Haug\" \/>\n\t<meta name=\"twitter:label2\" content=\"Tiempo de lectura\" \/>\n\t<meta name=\"twitter:data2\" content=\"2 minuto\" \/>\n<script type=\"application\/ld+json\" class=\"yoast-schema-graph\">{\"@context\":\"https:\\\/\\\/schema.org\",\"@graph\":[{\"@type\":\"Article\",\"@id\":\"https:\\\/\\\/transportjournal.com\\\/es\\\/2026\\\/04\\\/30\\\/harbor-logistics-nombra-a-auslund-como-ceo\\\/#article\",\"isPartOf\":{\"@id\":\"https:\\\/\\\/transportjournal.com\\\/es\\\/2026\\\/04\\\/30\\\/harbor-logistics-nombra-a-auslund-como-ceo\\\/\"},\"author\":{\"name\":\"Andreas Haug\",\"@id\":\"https:\\\/\\\/transportjournal.com\\\/es\\\/#\\\/schema\\\/person\\\/cf538b3157f15afd7589245a4b3dbd25\"},\"headline\":\"Harbor Logistics nombra a Auslund como CEO\",\"datePublished\":\"2026-04-30T10:41:53+00:00\",\"mainEntityOfPage\":{\"@id\":\"https:\\\/\\\/transportjournal.com\\\/es\\\/2026\\\/04\\\/30\\\/harbor-logistics-nombra-a-auslund-como-ceo\\\/\"},\"wordCount\":442,\"commentCount\":0,\"publisher\":{\"@id\":\"https:\\\/\\\/transportjournal.com\\\/es\\\/#organization\"},\"image\":{\"@id\":\"https:\\\/\\\/transportjournal.com\\\/es\\\/2026\\\/04\\\/30\\\/harbor-logistics-nombra-a-auslund-como-ceo\\\/#primaryimage\"},\"thumbnailUrl\":\"https:\\\/\\\/transportjournal.com\\\/wp-content\\\/uploads\\\/sites\\\/2\\\/2026\\\/04\\\/Harbor_Logistics_Scott_Auslund-aspect-ratio-1400-788.jpg\",\"keywords\":[\"3PL Dienstleister\",\"3PL providers\",\"analyse de march\u00e9 secteur du transport\",\"Betriebsabl\u00e4ufe optimieren\",\"business growth\",\"CEO Transport\",\"croissance des entreprises\",\"Deutsch Harbor Logistics\",\"Digitalisierung Logistik\",\"durabilit\u00e9 du transport\",\"efficacit\u00e9 op\u00e9rationnelle\",\"Fachkr\u00e4ftemangel Logistik English Harbor Logistics\",\"fournisseurs 3PL\",\"Frachtservices\",\"freight services\",\"F\u00fchrungskr\u00e4fte Logistik\",\"gestion de la cha\u00eene d'approvisionnement\",\"infrastructure Southeast USA\",\"infrastructure sud-est des \u00c9tats-Unis\",\"Infrastruktur S\u00fcdosten USA\",\"installations de transbordement\",\"investissements Charleston\",\"Investitionen Charleston\",\"investments Charleston\",\"leadership en logistique\",\"leadership in logistics\",\"logistics digitalization\",\"logistics industry Charleston\",\"logistics service providers\",\"Logistikbranche Charleston\",\"Logistikdienstleister\",\"market analysis transportation industry\",\"Marktanalyse Transportwirtschaft\",\"Nachhaltigkeit Transport\",\"num\u00e9risation logistique\",\"operational efficiency\",\"PDG transport\",\"p\u00e9nurie de main-d'\u0153uvre logistique\",\"prestataires de services logistiques\",\"Schieneng\u00fcterverkehr\",\"Scott Auslund\",\"secteur logistique Charleston\",\"services de fret\",\"Supply Chain Management\",\"technologie dans la logistique\",\"Technologie in der Logistik\",\"technology in logistics\",\"Transladeeinrichtungen\",\"transloading facilities\",\"transport sustainability\",\"Unternehmenswachstum\",\"workforce shortage logistics Fran\u00e7ais Harbor Logistics\"],\"articleSection\":[\"Am\u00e9rica\",\"Navegaci\u00f3n y puertos\",\"Personas y empresas\",\"Transporte de mercanc\u00edas y log\u00edstica\"],\"inLanguage\":\"es\",\"potentialAction\":[{\"@type\":\"CommentAction\",\"name\":\"Comment\",\"target\":[\"https:\\\/\\\/transportjournal.com\\\/es\\\/2026\\\/04\\\/30\\\/harbor-logistics-nombra-a-auslund-como-ceo\\\/#respond\"]}]},{\"@type\":\"WebPage\",\"@id\":\"https:\\\/\\\/transportjournal.com\\\/es\\\/2026\\\/04\\\/30\\\/harbor-logistics-nombra-a-auslund-como-ceo\\\/\",\"url\":\"https:\\\/\\\/transportjournal.com\\\/es\\\/2026\\\/04\\\/30\\\/harbor-logistics-nombra-a-auslund-como-ceo\\\/\",\"name\":\"Harbor Logistics nombra a Auslund como CEO - ITJ | International Transport Journal\",\"isPartOf\":{\"@id\":\"https:\\\/\\\/transportjournal.com\\\/es\\\/#website\"},\"primaryImageOfPage\":{\"@id\":\"https:\\\/\\\/transportjournal.com\\\/es\\\/2026\\\/04\\\/30\\\/harbor-logistics-nombra-a-auslund-como-ceo\\\/#primaryimage\"},\"image\":{\"@id\":\"https:\\\/\\\/transportjournal.com\\\/es\\\/2026\\\/04\\\/30\\\/harbor-logistics-nombra-a-auslund-como-ceo\\\/#primaryimage\"},\"thumbnailUrl\":\"https:\\\/\\\/transportjournal.com\\\/wp-content\\\/uploads\\\/sites\\\/2\\\/2026\\\/04\\\/Harbor_Logistics_Scott_Auslund-aspect-ratio-1400-788.jpg\",\"datePublished\":\"2026-04-30T10:41:53+00:00\",\"breadcrumb\":{\"@id\":\"https:\\\/\\\/transportjournal.com\\\/es\\\/2026\\\/04\\\/30\\\/harbor-logistics-nombra-a-auslund-como-ceo\\\/#breadcrumb\"},\"inLanguage\":\"es\",\"potentialAction\":[{\"@type\":\"ReadAction\",\"target\":[\"https:\\\/\\\/transportjournal.com\\\/es\\\/2026\\\/04\\\/30\\\/harbor-logistics-nombra-a-auslund-como-ceo\\\/\"]}]},{\"@type\":\"ImageObject\",\"inLanguage\":\"es\",\"@id\":\"https:\\\/\\\/transportjournal.com\\\/es\\\/2026\\\/04\\\/30\\\/harbor-logistics-nombra-a-auslund-como-ceo\\\/#primaryimage\",\"url\":\"https:\\\/\\\/transportjournal.com\\\/wp-content\\\/uploads\\\/sites\\\/2\\\/2026\\\/04\\\/Harbor_Logistics_Scott_Auslund-aspect-ratio-1400-788.jpg\",\"contentUrl\":\"https:\\\/\\\/transportjournal.com\\\/wp-content\\\/uploads\\\/sites\\\/2\\\/2026\\\/04\\\/Harbor_Logistics_Scott_Auslund-aspect-ratio-1400-788.jpg\",\"width\":528,\"height\":298},{\"@type\":\"BreadcrumbList\",\"@id\":\"https:\\\/\\\/transportjournal.com\\\/es\\\/2026\\\/04\\\/30\\\/harbor-logistics-nombra-a-auslund-como-ceo\\\/#breadcrumb\",\"itemListElement\":[{\"@type\":\"ListItem\",\"position\":1,\"name\":\"Startseite\",\"item\":\"https:\\\/\\\/transportjournal.com\\\/es\\\/\"},{\"@type\":\"ListItem\",\"position\":2,\"name\":\"Harbor Logistics nombra a Auslund como CEO\"}]},{\"@type\":\"WebSite\",\"@id\":\"https:\\\/\\\/transportjournal.com\\\/es\\\/#website\",\"url\":\"https:\\\/\\\/transportjournal.com\\\/es\\\/\",\"name\":\"ITJ | International Transport Journal\",\"description\":\"Stay informed with the latest global news from the transport, logistics, and supply chain industries. Transport Journal delivers expert insights, analysis, and updates across shipping, aviation, intermodal, and forwarding.\",\"publisher\":{\"@id\":\"https:\\\/\\\/transportjournal.com\\\/es\\\/#organization\"},\"potentialAction\":[{\"@type\":\"SearchAction\",\"target\":{\"@type\":\"EntryPoint\",\"urlTemplate\":\"https:\\\/\\\/transportjournal.com\\\/es\\\/?s={search_term_string}\"},\"query-input\":{\"@type\":\"PropertyValueSpecification\",\"valueRequired\":true,\"valueName\":\"search_term_string\"}}],\"inLanguage\":\"es\"},{\"@type\":\"Organization\",\"@id\":\"https:\\\/\\\/transportjournal.com\\\/es\\\/#organization\",\"name\":\"Grupo Logismedia AG\",\"alternateName\":\"Logismedia Group AG\",\"url\":\"https:\\\/\\\/transportjournal.com\\\/es\\\/\",\"logo\":{\"@type\":\"ImageObject\",\"inLanguage\":\"es\",\"@id\":\"https:\\\/\\\/transportjournal.com\\\/es\\\/#\\\/schema\\\/logo\\\/image\\\/\",\"url\":\"https:\\\/\\\/transportjournal.com\\\/wp-content\\\/uploads\\\/sites\\\/2\\\/2025\\\/09\\\/Logo_ITJ.png\",\"contentUrl\":\"https:\\\/\\\/transportjournal.com\\\/wp-content\\\/uploads\\\/sites\\\/2\\\/2025\\\/09\\\/Logo_ITJ.png\",\"width\":799,\"height\":326,\"caption\":\"Grupo Logismedia AG\"},\"image\":{\"@id\":\"https:\\\/\\\/transportjournal.com\\\/es\\\/#\\\/schema\\\/logo\\\/image\\\/\"},\"sameAs\":[\"https:\\\/\\\/www.linkedin.com\\\/company\\\/56456496\\\/admin\\\/dashboard\\\/\",\"https:\\\/\\\/www.instagram.com\\\/logismediagroup\\\/\",\"https:\\\/\\\/www.youtube.com\\\/@LogiamediaGroupAG\"]},{\"@type\":\"Person\",\"@id\":\"https:\\\/\\\/transportjournal.com\\\/es\\\/#\\\/schema\\\/person\\\/cf538b3157f15afd7589245a4b3dbd25\",\"name\":\"Andreas Haug\",\"url\":\"https:\\\/\\\/transportjournal.com\\\/es\\\/author\\\/andreas\\\/\"}]}<\/script>\n<!-- \/ Yoast SEO plugin. -->","yoast_head_json":{"title":"Harbor Logistics nombra a Auslund como CEO - ITJ | International Transport Journal","robots":{"index":"index","follow":"follow","max-snippet":"max-snippet:-1","max-image-preview":"max-image-preview:large","max-video-preview":"max-video-preview:-1"},"canonical":"https:\/\/transportjournal.com\/es\/2026\/04\/30\/harbor-logistics-nombra-a-auslund-como-ceo\/","og_locale":"es_ES","og_type":"article","og_title":"Harbor Logistics nombra a Auslund como CEO - ITJ | International Transport Journal","og_description":"Harbor Logistics ha nombrado a Scott Auslund como nuevo CEO para dirigir y desarrollar estrat\u00e9gicamente la empresa en su fase de crecimiento.","og_url":"https:\/\/transportjournal.com\/es\/2026\/04\/30\/harbor-logistics-nombra-a-auslund-como-ceo\/","og_site_name":"ITJ | International Transport Journal","article_published_time":"2026-04-30T10:41:53+00:00","og_image":[{"width":528,"height":298,"url":"https:\/\/transportjournal.com\/wp-content\/uploads\/sites\/2\/2026\/04\/Harbor_Logistics_Scott_Auslund-aspect-ratio-1400-788.jpg","type":"image\/jpeg"}],"author":"Andreas Haug","twitter_card":"summary_large_image","twitter_misc":{"Escrito por":"Andreas Haug","Tiempo de lectura":"2 minuto"},"schema":{"@context":"https:\/\/schema.org","@graph":[{"@type":"Article","@id":"https:\/\/transportjournal.com\/es\/2026\/04\/30\/harbor-logistics-nombra-a-auslund-como-ceo\/#article","isPartOf":{"@id":"https:\/\/transportjournal.com\/es\/2026\/04\/30\/harbor-logistics-nombra-a-auslund-como-ceo\/"},"author":{"name":"Andreas Haug","@id":"https:\/\/transportjournal.com\/es\/#\/schema\/person\/cf538b3157f15afd7589245a4b3dbd25"},"headline":"Harbor Logistics nombra a Auslund como CEO","datePublished":"2026-04-30T10:41:53+00:00","mainEntityOfPage":{"@id":"https:\/\/transportjournal.com\/es\/2026\/04\/30\/harbor-logistics-nombra-a-auslund-como-ceo\/"},"wordCount":442,"commentCount":0,"publisher":{"@id":"https:\/\/transportjournal.com\/es\/#organization"},"image":{"@id":"https:\/\/transportjournal.com\/es\/2026\/04\/30\/harbor-logistics-nombra-a-auslund-como-ceo\/#primaryimage"},"thumbnailUrl":"https:\/\/transportjournal.com\/wp-content\/uploads\/sites\/2\/2026\/04\/Harbor_Logistics_Scott_Auslund-aspect-ratio-1400-788.jpg","keywords":["3PL Dienstleister","3PL providers","analyse de march\u00e9 secteur du transport","Betriebsabl\u00e4ufe optimieren","business growth","CEO Transport","croissance des entreprises","Deutsch Harbor Logistics","Digitalisierung Logistik","durabilit\u00e9 du transport","efficacit\u00e9 op\u00e9rationnelle","Fachkr\u00e4ftemangel Logistik English Harbor Logistics","fournisseurs 3PL","Frachtservices","freight services","F\u00fchrungskr\u00e4fte Logistik","gestion de la cha\u00eene d'approvisionnement","infrastructure Southeast USA","infrastructure sud-est des \u00c9tats-Unis","Infrastruktur S\u00fcdosten USA","installations de transbordement","investissements Charleston","Investitionen Charleston","investments Charleston","leadership en logistique","leadership in logistics","logistics digitalization","logistics industry Charleston","logistics service providers","Logistikbranche Charleston","Logistikdienstleister","market analysis transportation industry","Marktanalyse Transportwirtschaft","Nachhaltigkeit Transport","num\u00e9risation logistique","operational efficiency","PDG transport","p\u00e9nurie de main-d'\u0153uvre logistique","prestataires de services logistiques","Schieneng\u00fcterverkehr","Scott Auslund","secteur logistique Charleston","services de fret","Supply Chain Management","technologie dans la logistique","Technologie in der Logistik","technology in logistics","Transladeeinrichtungen","transloading facilities","transport sustainability","Unternehmenswachstum","workforce shortage logistics Fran\u00e7ais Harbor Logistics"],"articleSection":["Am\u00e9rica","Navegaci\u00f3n y puertos","Personas y empresas","Transporte de mercanc\u00edas y log\u00edstica"],"inLanguage":"es","potentialAction":[{"@type":"CommentAction","name":"Comment","target":["https:\/\/transportjournal.com\/es\/2026\/04\/30\/harbor-logistics-nombra-a-auslund-como-ceo\/#respond"]}]},{"@type":"WebPage","@id":"https:\/\/transportjournal.com\/es\/2026\/04\/30\/harbor-logistics-nombra-a-auslund-como-ceo\/","url":"https:\/\/transportjournal.com\/es\/2026\/04\/30\/harbor-logistics-nombra-a-auslund-como-ceo\/","name":"Harbor Logistics nombra a Auslund como CEO - ITJ | International Transport Journal","isPartOf":{"@id":"https:\/\/transportjournal.com\/es\/#website"},"primaryImageOfPage":{"@id":"https:\/\/transportjournal.com\/es\/2026\/04\/30\/harbor-logistics-nombra-a-auslund-como-ceo\/#primaryimage"},"image":{"@id":"https:\/\/transportjournal.com\/es\/2026\/04\/30\/harbor-logistics-nombra-a-auslund-como-ceo\/#primaryimage"},"thumbnailUrl":"https:\/\/transportjournal.com\/wp-content\/uploads\/sites\/2\/2026\/04\/Harbor_Logistics_Scott_Auslund-aspect-ratio-1400-788.jpg","datePublished":"2026-04-30T10:41:53+00:00","breadcrumb":{"@id":"https:\/\/transportjournal.com\/es\/2026\/04\/30\/harbor-logistics-nombra-a-auslund-como-ceo\/#breadcrumb"},"inLanguage":"es","potentialAction":[{"@type":"ReadAction","target":["https:\/\/transportjournal.com\/es\/2026\/04\/30\/harbor-logistics-nombra-a-auslund-como-ceo\/"]}]},{"@type":"ImageObject","inLanguage":"es","@id":"https:\/\/transportjournal.com\/es\/2026\/04\/30\/harbor-logistics-nombra-a-auslund-como-ceo\/#primaryimage","url":"https:\/\/transportjournal.com\/wp-content\/uploads\/sites\/2\/2026\/04\/Harbor_Logistics_Scott_Auslund-aspect-ratio-1400-788.jpg","contentUrl":"https:\/\/transportjournal.com\/wp-content\/uploads\/sites\/2\/2026\/04\/Harbor_Logistics_Scott_Auslund-aspect-ratio-1400-788.jpg","width":528,"height":298},{"@type":"BreadcrumbList","@id":"https:\/\/transportjournal.com\/es\/2026\/04\/30\/harbor-logistics-nombra-a-auslund-como-ceo\/#breadcrumb","itemListElement":[{"@type":"ListItem","position":1,"name":"Startseite","item":"https:\/\/transportjournal.com\/es\/"},{"@type":"ListItem","position":2,"name":"Harbor Logistics nombra a Auslund como CEO"}]},{"@type":"WebSite","@id":"https:\/\/transportjournal.com\/es\/#website","url":"https:\/\/transportjournal.com\/es\/","name":"ITJ | International Transport Journal","description":"Stay informed with the latest global news from the transport, logistics, and supply chain industries. Transport Journal delivers expert insights, analysis, and updates across shipping, aviation, intermodal, and forwarding.","publisher":{"@id":"https:\/\/transportjournal.com\/es\/#organization"},"potentialAction":[{"@type":"SearchAction","target":{"@type":"EntryPoint","urlTemplate":"https:\/\/transportjournal.com\/es\/?s={search_term_string}"},"query-input":{"@type":"PropertyValueSpecification","valueRequired":true,"valueName":"search_term_string"}}],"inLanguage":"es"},{"@type":"Organization","@id":"https:\/\/transportjournal.com\/es\/#organization","name":"Grupo Logismedia AG","alternateName":"Logismedia Group AG","url":"https:\/\/transportjournal.com\/es\/","logo":{"@type":"ImageObject","inLanguage":"es","@id":"https:\/\/transportjournal.com\/es\/#\/schema\/logo\/image\/","url":"https:\/\/transportjournal.com\/wp-content\/uploads\/sites\/2\/2025\/09\/Logo_ITJ.png","contentUrl":"https:\/\/transportjournal.com\/wp-content\/uploads\/sites\/2\/2025\/09\/Logo_ITJ.png","width":799,"height":326,"caption":"Grupo Logismedia AG"},"image":{"@id":"https:\/\/transportjournal.com\/es\/#\/schema\/logo\/image\/"},"sameAs":["https:\/\/www.linkedin.com\/company\/56456496\/admin\/dashboard\/","https:\/\/www.instagram.com\/logismediagroup\/","https:\/\/www.youtube.com\/@LogiamediaGroupAG"]},{"@type":"Person","@id":"https:\/\/transportjournal.com\/es\/#\/schema\/person\/cf538b3157f15afd7589245a4b3dbd25","name":"Andreas Haug","url":"https:\/\/transportjournal.com\/es\/author\/andreas\/"}]}},"_links":{"self":[{"href":"https:\/\/transportjournal.com\/es\/wp-json\/wp\/v2\/posts\/87652","targetHints":{"allow":["GET"]}}],"collection":[{"href":"https:\/\/transportjournal.com\/es\/wp-json\/wp\/v2\/posts"}],"about":[{"href":"https:\/\/transportjournal.com\/es\/wp-json\/wp\/v2\/types\/post"}],"author":[{"embeddable":true,"href":"https:\/\/transportjournal.com\/es\/wp-json\/wp\/v2\/users\/12"}],"replies":[{"embeddable":true,"href":"https:\/\/transportjournal.com\/es\/wp-json\/wp\/v2\/comments?post=87652"}],"version-history":[{"count":0,"href":"https:\/\/transportjournal.com\/es\/wp-json\/wp\/v2\/posts\/87652\/revisions"}],"wp:featuredmedia":[{"embeddable":true,"href":"https:\/\/transportjournal.com\/es\/wp-json\/wp\/v2\/media\/87649"}],"wp:attachment":[{"href":"https:\/\/transportjournal.com\/es\/wp-json\/wp\/v2\/media?parent=87652"}],"wp:term":[{"taxonomy":"category","embeddable":true,"href":"https:\/\/transportjournal.com\/es\/wp-json\/wp\/v2\/categories?post=87652"},{"taxonomy":"post_tag","embeddable":true,"href":"https:\/\/transportjournal.com\/es\/wp-json\/wp\/v2\/tags?post=87652"}],"curies":[{"name":"wp","href":"https:\/\/api.w.org\/{rel}","templated":true}]}}