{"id":87637,"date":"2026-04-30T10:32:33","date_gmt":"2026-04-30T10:32:33","guid":{"rendered":"https:\/\/transportjournal.com\/2026\/04\/30\/la-coalicion-protesta-contra-la-fusion-ferroviaria-en-ee-uu\/"},"modified":"2026-04-30T12:45:02","modified_gmt":"2026-04-30T10:45:02","slug":"la-coalicion-protesta-contra-la-fusion-ferroviaria-en-ee-uu","status":"publish","type":"post","link":"https:\/\/transportjournal.com\/es\/2026\/04\/30\/la-coalicion-protesta-contra-la-fusion-ferroviaria-en-ee-uu\/","title":{"rendered":"La coalici\u00f3n protesta contra la fusi\u00f3n ferroviaria en EE. UU."},"content":{"rendered":"<p>Una nueva coalici\u00f3n se ha formado para protestar contra la fusi\u00f3n planificada de las compa\u00f1\u00edas ferroviarias Union Pacific y Norfolk Southern. La &#8222;Stop the Rail Merger Coalition&#8220; re\u00fane a varios actores de la econom\u00eda estadounidense que expresan preocupaciones sobre los efectos de esta fusi\u00f3n. Si se lleva a cabo la fusi\u00f3n, crear\u00eda el ferrocarril consolidado m\u00e1s grande en la historia de los Estados Unidos y transferir\u00eda a una sola empresa el control de casi la mitad de todo el tr\u00e1fico ferroviario en el pa\u00eds, como ha informado recientemente BNSF.<\/p>\n<p>La coalici\u00f3n, que incluye al American Chemistry Council, la American Farm Bureau Federation, la Teamsters Rail Conference y varios operadores ferroviarios como BNSF Railway y CPKC Railway, advierte sobre las posibles consecuencias negativas de la fusi\u00f3n. Seg\u00fan los miembros, la competencia en el sector ferroviario podr\u00eda verse significativamente restringida, lo que llevar\u00eda a un aumento de los costos para los fabricantes, agricultores y consumidores estadounidenses.<\/p>\n<p><a href=\"https:\/\/www.bnsf.com\/\" target=\"_blank\" rel=\"noopener noreferrer\">www.bnsf.com<\/a><\/p>\n","protected":false},"excerpt":{"rendered":"<p>Una nueva coalici\u00f3n, la \u00abStop the Rail Merger Coalition\u00bb, protesta contra la fusi\u00f3n de Union Pacific y Norfolk Southern y exige un examen exhaustivo de los impactos.<\/p>\n","protected":false},"author":10,"featured_media":87634,"comment_status":"open","ping_status":"","sticky":false,"template":"","format":"standard","meta":{"_acf_changed":false,"footnotes":""},"categories":[1614,1604],"tags":[44156,44157,44158,22034,44159,44160,44161,6154,37607,44162,6158,3353,3354,41877,15537,44163,44164,44165,32639,44166,44167,44168,44169,4165,44170,44171,3787,2381,44172,11546,1914,3379,15295,3796,44173,32659,44174,44175,44176,41898,44177,37643,37644,6187,15558,44178,44179],"class_list":["post-87637","post","type-post","status-publish","format-standard","has-post-thumbnail","hentry","category-america","category-intermodal-carretera","tag-agriculture-americaine","tag-american-agriculture","tag-amerikanische-landwirtschaft","tag-bnsf-railway","tag-chemical-industry-usa","tag-chemieindustrie-usa","tag-competition-rail-sector","tag-concurrence-secteur-ferroviaire","tag-couts-de-transport-usa","tag-cpkc-railway","tag-deutsch-eisenbahnfusion","tag-digitalisierung-logistik","tag-digitalization-logistics","tag-durabilite-transport","tag-economie-americaine","tag-eisenbahngesellschaften","tag-eisenbahninfrastruktur-english-rail-merger","tag-eisenbahnverkehr-usa","tag-entreprises-ferroviaires","tag-fachkraeftemangel-eisenbahn","tag-fusion-auswirkungen","tag-implications-de-fusion","tag-industrie-chimique-usa","tag-infrastructure-ferroviaire","tag-infrastruktur-eisenbahn","tag-labor-shortage-rail","tag-logistics-providers-usa","tag-logistikdienstleister-usa","tag-merger-implications","tag-nachhaltigkeit-transport","tag-norfolk-southern","tag-numerisation-logistique","tag-penurie-de-main-doeuvre-ferroviaire","tag-prestataires-logistiques-usa","tag-rail-transport-usa","tag-railway-companies","tag-railway-infrastructure","tag-railway-infrastructure-francais-fusion-ferroviaire","tag-stop-the-rail-merger-coalition","tag-sustainability-transport","tag-transport-ferroviaire-usa","tag-transportation-costs-usa","tag-transportkosten-usa","tag-union-pacific","tag-us-economy","tag-us-wirtschaft","tag-wettbewerb-eisenbahnsektor"],"acf":[],"yoast_head":"<!-- This site is optimized with the Yoast SEO plugin v27.3 - https:\/\/yoast.com\/product\/yoast-seo-wordpress\/ -->\n<title>La coalici\u00f3n protesta contra la fusi\u00f3n ferroviaria en EE. UU. - ITJ | International Transport Journal<\/title>\n<meta name=\"robots\" content=\"index, follow, max-snippet:-1, max-image-preview:large, max-video-preview:-1\" \/>\n<link rel=\"canonical\" href=\"https:\/\/transportjournal.com\/es\/2026\/04\/30\/la-coalicion-protesta-contra-la-fusion-ferroviaria-en-ee-uu\/\" \/>\n<meta property=\"og:locale\" content=\"es_ES\" \/>\n<meta property=\"og:type\" content=\"article\" \/>\n<meta property=\"og:title\" content=\"La coalici\u00f3n protesta contra la fusi\u00f3n ferroviaria en EE. UU. - ITJ | International Transport Journal\" \/>\n<meta property=\"og:description\" content=\"Una nueva coalici\u00f3n, la &quot;Stop the Rail Merger Coalition&quot;, protesta contra la fusi\u00f3n de Union Pacific y Norfolk Southern y exige un examen exhaustivo de los impactos.\" \/>\n<meta property=\"og:url\" content=\"https:\/\/transportjournal.com\/es\/2026\/04\/30\/la-coalicion-protesta-contra-la-fusion-ferroviaria-en-ee-uu\/\" \/>\n<meta property=\"og:site_name\" content=\"ITJ | International Transport Journal\" \/>\n<meta property=\"article:published_time\" content=\"2026-04-30T10:32:33+00:00\" \/>\n<meta property=\"article:modified_time\" content=\"2026-04-30T10:45:02+00:00\" \/>\n<meta property=\"og:image\" content=\"https:\/\/transportjournal.com\/wp-content\/uploads\/sites\/2\/2026\/04\/AdobeStock_134980528-2-scaled-aspect-ratio-1400-788-1-scaled-1.jpeg\" \/>\n\t<meta property=\"og:image:width\" content=\"2560\" \/>\n\t<meta property=\"og:image:height\" content=\"1440\" \/>\n\t<meta property=\"og:image:type\" content=\"image\/jpeg\" \/>\n<meta name=\"author\" content=\"Jeremy Soland\" \/>\n<meta name=\"twitter:card\" content=\"summary_large_image\" \/>\n<meta name=\"twitter:label1\" content=\"Escrito por\" \/>\n\t<meta name=\"twitter:data1\" content=\"Jeremy Soland\" \/>\n\t<meta name=\"twitter:label2\" content=\"Tiempo de lectura\" \/>\n\t<meta name=\"twitter:data2\" content=\"1 minuto\" \/>\n<script type=\"application\/ld+json\" class=\"yoast-schema-graph\">{\"@context\":\"https:\\\/\\\/schema.org\",\"@graph\":[{\"@type\":\"Article\",\"@id\":\"https:\\\/\\\/transportjournal.com\\\/es\\\/2026\\\/04\\\/30\\\/la-coalicion-protesta-contra-la-fusion-ferroviaria-en-ee-uu\\\/#article\",\"isPartOf\":{\"@id\":\"https:\\\/\\\/transportjournal.com\\\/es\\\/2026\\\/04\\\/30\\\/la-coalicion-protesta-contra-la-fusion-ferroviaria-en-ee-uu\\\/\"},\"author\":{\"name\":\"Jeremy Soland\",\"@id\":\"https:\\\/\\\/transportjournal.com\\\/es\\\/#\\\/schema\\\/person\\\/41d36b5474b623392fa613e97e2363fa\"},\"headline\":\"La coalici\u00f3n protesta contra la fusi\u00f3n ferroviaria en EE. UU.\",\"datePublished\":\"2026-04-30T10:32:33+00:00\",\"dateModified\":\"2026-04-30T10:45:02+00:00\",\"mainEntityOfPage\":{\"@id\":\"https:\\\/\\\/transportjournal.com\\\/es\\\/2026\\\/04\\\/30\\\/la-coalicion-protesta-contra-la-fusion-ferroviaria-en-ee-uu\\\/\"},\"wordCount\":186,\"commentCount\":0,\"publisher\":{\"@id\":\"https:\\\/\\\/transportjournal.com\\\/es\\\/#organization\"},\"image\":{\"@id\":\"https:\\\/\\\/transportjournal.com\\\/es\\\/2026\\\/04\\\/30\\\/la-coalicion-protesta-contra-la-fusion-ferroviaria-en-ee-uu\\\/#primaryimage\"},\"thumbnailUrl\":\"https:\\\/\\\/transportjournal.com\\\/wp-content\\\/uploads\\\/sites\\\/2\\\/2026\\\/04\\\/AdobeStock_134980528-2-scaled-aspect-ratio-1400-788-1-scaled-1.jpeg\",\"keywords\":[\"agriculture am\u00e9ricaine\",\"American agriculture\",\"amerikanische Landwirtschaft\",\"BNSF Railway\",\"chemical industry USA\",\"Chemieindustrie USA\",\"competition rail sector\",\"concurrence secteur ferroviaire\",\"co\u00fbts de transport USA\",\"CPKC Railway\",\"Deutsch Eisenbahnfusion\",\"Digitalisierung Logistik\",\"digitalization logistics\",\"durabilit\u00e9 transport\",\"\u00e9conomie am\u00e9ricaine\",\"Eisenbahngesellschaften\",\"Eisenbahninfrastruktur English rail merger\",\"Eisenbahnverkehr USA\",\"entreprises ferroviaires\",\"Fachkr\u00e4ftemangel Eisenbahn\",\"Fusion Auswirkungen\",\"implications de fusion\",\"industrie chimique USA\",\"infrastructure ferroviaire\",\"Infrastruktur Eisenbahn\",\"labor shortage rail\",\"logistics providers USA\",\"Logistikdienstleister USA\",\"merger implications\",\"Nachhaltigkeit Transport\",\"Norfolk Southern\",\"num\u00e9risation logistique\",\"p\u00e9nurie de main-d'\u0153uvre ferroviaire\",\"prestataires logistiques USA\",\"rail transport USA\",\"railway companies\",\"railway infrastructure\",\"railway infrastructure Fran\u00e7ais fusion ferroviaire\",\"Stop the Rail Merger Coalition\",\"sustainability transport\",\"transport ferroviaire USA\",\"transportation costs USA\",\"Transportkosten USA\",\"Union Pacific\",\"US economy\",\"US-Wirtschaft\",\"Wettbewerb Eisenbahnsektor\"],\"articleSection\":[\"Am\u00e9rica\",\"Intermodal \\\/ Carretera\"],\"inLanguage\":\"es\",\"potentialAction\":[{\"@type\":\"CommentAction\",\"name\":\"Comment\",\"target\":[\"https:\\\/\\\/transportjournal.com\\\/es\\\/2026\\\/04\\\/30\\\/la-coalicion-protesta-contra-la-fusion-ferroviaria-en-ee-uu\\\/#respond\"]}]},{\"@type\":\"WebPage\",\"@id\":\"https:\\\/\\\/transportjournal.com\\\/es\\\/2026\\\/04\\\/30\\\/la-coalicion-protesta-contra-la-fusion-ferroviaria-en-ee-uu\\\/\",\"url\":\"https:\\\/\\\/transportjournal.com\\\/es\\\/2026\\\/04\\\/30\\\/la-coalicion-protesta-contra-la-fusion-ferroviaria-en-ee-uu\\\/\",\"name\":\"La coalici\u00f3n protesta contra la fusi\u00f3n ferroviaria en EE. UU. - ITJ | International Transport Journal\",\"isPartOf\":{\"@id\":\"https:\\\/\\\/transportjournal.com\\\/es\\\/#website\"},\"primaryImageOfPage\":{\"@id\":\"https:\\\/\\\/transportjournal.com\\\/es\\\/2026\\\/04\\\/30\\\/la-coalicion-protesta-contra-la-fusion-ferroviaria-en-ee-uu\\\/#primaryimage\"},\"image\":{\"@id\":\"https:\\\/\\\/transportjournal.com\\\/es\\\/2026\\\/04\\\/30\\\/la-coalicion-protesta-contra-la-fusion-ferroviaria-en-ee-uu\\\/#primaryimage\"},\"thumbnailUrl\":\"https:\\\/\\\/transportjournal.com\\\/wp-content\\\/uploads\\\/sites\\\/2\\\/2026\\\/04\\\/AdobeStock_134980528-2-scaled-aspect-ratio-1400-788-1-scaled-1.jpeg\",\"datePublished\":\"2026-04-30T10:32:33+00:00\",\"dateModified\":\"2026-04-30T10:45:02+00:00\",\"breadcrumb\":{\"@id\":\"https:\\\/\\\/transportjournal.com\\\/es\\\/2026\\\/04\\\/30\\\/la-coalicion-protesta-contra-la-fusion-ferroviaria-en-ee-uu\\\/#breadcrumb\"},\"inLanguage\":\"es\",\"potentialAction\":[{\"@type\":\"ReadAction\",\"target\":[\"https:\\\/\\\/transportjournal.com\\\/es\\\/2026\\\/04\\\/30\\\/la-coalicion-protesta-contra-la-fusion-ferroviaria-en-ee-uu\\\/\"]}]},{\"@type\":\"ImageObject\",\"inLanguage\":\"es\",\"@id\":\"https:\\\/\\\/transportjournal.com\\\/es\\\/2026\\\/04\\\/30\\\/la-coalicion-protesta-contra-la-fusion-ferroviaria-en-ee-uu\\\/#primaryimage\",\"url\":\"https:\\\/\\\/transportjournal.com\\\/wp-content\\\/uploads\\\/sites\\\/2\\\/2026\\\/04\\\/AdobeStock_134980528-2-scaled-aspect-ratio-1400-788-1-scaled-1.jpeg\",\"contentUrl\":\"https:\\\/\\\/transportjournal.com\\\/wp-content\\\/uploads\\\/sites\\\/2\\\/2026\\\/04\\\/AdobeStock_134980528-2-scaled-aspect-ratio-1400-788-1-scaled-1.jpeg\",\"width\":2560,\"height\":1440},{\"@type\":\"BreadcrumbList\",\"@id\":\"https:\\\/\\\/transportjournal.com\\\/es\\\/2026\\\/04\\\/30\\\/la-coalicion-protesta-contra-la-fusion-ferroviaria-en-ee-uu\\\/#breadcrumb\",\"itemListElement\":[{\"@type\":\"ListItem\",\"position\":1,\"name\":\"Startseite\",\"item\":\"https:\\\/\\\/transportjournal.com\\\/es\\\/\"},{\"@type\":\"ListItem\",\"position\":2,\"name\":\"La coalici\u00f3n protesta contra la fusi\u00f3n ferroviaria en EE. UU.\"}]},{\"@type\":\"WebSite\",\"@id\":\"https:\\\/\\\/transportjournal.com\\\/es\\\/#website\",\"url\":\"https:\\\/\\\/transportjournal.com\\\/es\\\/\",\"name\":\"ITJ | International Transport Journal\",\"description\":\"Stay informed with the latest global news from the transport, logistics, and supply chain industries. Transport Journal delivers expert insights, analysis, and updates across shipping, aviation, intermodal, and forwarding.\",\"publisher\":{\"@id\":\"https:\\\/\\\/transportjournal.com\\\/es\\\/#organization\"},\"potentialAction\":[{\"@type\":\"SearchAction\",\"target\":{\"@type\":\"EntryPoint\",\"urlTemplate\":\"https:\\\/\\\/transportjournal.com\\\/es\\\/?s={search_term_string}\"},\"query-input\":{\"@type\":\"PropertyValueSpecification\",\"valueRequired\":true,\"valueName\":\"search_term_string\"}}],\"inLanguage\":\"es\"},{\"@type\":\"Organization\",\"@id\":\"https:\\\/\\\/transportjournal.com\\\/es\\\/#organization\",\"name\":\"Grupo Logismedia AG\",\"alternateName\":\"Logismedia Group AG\",\"url\":\"https:\\\/\\\/transportjournal.com\\\/es\\\/\",\"logo\":{\"@type\":\"ImageObject\",\"inLanguage\":\"es\",\"@id\":\"https:\\\/\\\/transportjournal.com\\\/es\\\/#\\\/schema\\\/logo\\\/image\\\/\",\"url\":\"https:\\\/\\\/transportjournal.com\\\/wp-content\\\/uploads\\\/sites\\\/2\\\/2025\\\/09\\\/Logo_ITJ.png\",\"contentUrl\":\"https:\\\/\\\/transportjournal.com\\\/wp-content\\\/uploads\\\/sites\\\/2\\\/2025\\\/09\\\/Logo_ITJ.png\",\"width\":799,\"height\":326,\"caption\":\"Grupo Logismedia AG\"},\"image\":{\"@id\":\"https:\\\/\\\/transportjournal.com\\\/es\\\/#\\\/schema\\\/logo\\\/image\\\/\"},\"sameAs\":[\"https:\\\/\\\/www.linkedin.com\\\/company\\\/56456496\\\/admin\\\/dashboard\\\/\",\"https:\\\/\\\/www.instagram.com\\\/logismediagroup\\\/\",\"https:\\\/\\\/www.youtube.com\\\/@LogiamediaGroupAG\"]},{\"@type\":\"Person\",\"@id\":\"https:\\\/\\\/transportjournal.com\\\/es\\\/#\\\/schema\\\/person\\\/41d36b5474b623392fa613e97e2363fa\",\"name\":\"Jeremy Soland\",\"url\":\"https:\\\/\\\/transportjournal.com\\\/es\\\/author\\\/jeremy\\\/\"}]}<\/script>\n<!-- \/ Yoast SEO plugin. -->","yoast_head_json":{"title":"La coalici\u00f3n protesta contra la fusi\u00f3n ferroviaria en EE. UU. - ITJ | International Transport Journal","robots":{"index":"index","follow":"follow","max-snippet":"max-snippet:-1","max-image-preview":"max-image-preview:large","max-video-preview":"max-video-preview:-1"},"canonical":"https:\/\/transportjournal.com\/es\/2026\/04\/30\/la-coalicion-protesta-contra-la-fusion-ferroviaria-en-ee-uu\/","og_locale":"es_ES","og_type":"article","og_title":"La coalici\u00f3n protesta contra la fusi\u00f3n ferroviaria en EE. UU. - ITJ | International Transport Journal","og_description":"Una nueva coalici\u00f3n, la \"Stop the Rail Merger Coalition\", protesta contra la fusi\u00f3n de Union Pacific y Norfolk Southern y exige un examen exhaustivo de los impactos.","og_url":"https:\/\/transportjournal.com\/es\/2026\/04\/30\/la-coalicion-protesta-contra-la-fusion-ferroviaria-en-ee-uu\/","og_site_name":"ITJ | International Transport Journal","article_published_time":"2026-04-30T10:32:33+00:00","article_modified_time":"2026-04-30T10:45:02+00:00","og_image":[{"width":2560,"height":1440,"url":"https:\/\/transportjournal.com\/wp-content\/uploads\/sites\/2\/2026\/04\/AdobeStock_134980528-2-scaled-aspect-ratio-1400-788-1-scaled-1.jpeg","type":"image\/jpeg"}],"author":"Jeremy Soland","twitter_card":"summary_large_image","twitter_misc":{"Escrito por":"Jeremy Soland","Tiempo de lectura":"1 minuto"},"schema":{"@context":"https:\/\/schema.org","@graph":[{"@type":"Article","@id":"https:\/\/transportjournal.com\/es\/2026\/04\/30\/la-coalicion-protesta-contra-la-fusion-ferroviaria-en-ee-uu\/#article","isPartOf":{"@id":"https:\/\/transportjournal.com\/es\/2026\/04\/30\/la-coalicion-protesta-contra-la-fusion-ferroviaria-en-ee-uu\/"},"author":{"name":"Jeremy Soland","@id":"https:\/\/transportjournal.com\/es\/#\/schema\/person\/41d36b5474b623392fa613e97e2363fa"},"headline":"La coalici\u00f3n protesta contra la fusi\u00f3n ferroviaria en EE. UU.","datePublished":"2026-04-30T10:32:33+00:00","dateModified":"2026-04-30T10:45:02+00:00","mainEntityOfPage":{"@id":"https:\/\/transportjournal.com\/es\/2026\/04\/30\/la-coalicion-protesta-contra-la-fusion-ferroviaria-en-ee-uu\/"},"wordCount":186,"commentCount":0,"publisher":{"@id":"https:\/\/transportjournal.com\/es\/#organization"},"image":{"@id":"https:\/\/transportjournal.com\/es\/2026\/04\/30\/la-coalicion-protesta-contra-la-fusion-ferroviaria-en-ee-uu\/#primaryimage"},"thumbnailUrl":"https:\/\/transportjournal.com\/wp-content\/uploads\/sites\/2\/2026\/04\/AdobeStock_134980528-2-scaled-aspect-ratio-1400-788-1-scaled-1.jpeg","keywords":["agriculture am\u00e9ricaine","American agriculture","amerikanische Landwirtschaft","BNSF Railway","chemical industry USA","Chemieindustrie USA","competition rail sector","concurrence secteur ferroviaire","co\u00fbts de transport USA","CPKC Railway","Deutsch Eisenbahnfusion","Digitalisierung Logistik","digitalization logistics","durabilit\u00e9 transport","\u00e9conomie am\u00e9ricaine","Eisenbahngesellschaften","Eisenbahninfrastruktur English rail merger","Eisenbahnverkehr USA","entreprises ferroviaires","Fachkr\u00e4ftemangel Eisenbahn","Fusion Auswirkungen","implications de fusion","industrie chimique USA","infrastructure ferroviaire","Infrastruktur Eisenbahn","labor shortage rail","logistics providers USA","Logistikdienstleister USA","merger implications","Nachhaltigkeit Transport","Norfolk Southern","num\u00e9risation logistique","p\u00e9nurie de main-d'\u0153uvre ferroviaire","prestataires logistiques USA","rail transport USA","railway companies","railway infrastructure","railway infrastructure Fran\u00e7ais fusion ferroviaire","Stop the Rail Merger Coalition","sustainability transport","transport ferroviaire USA","transportation costs USA","Transportkosten USA","Union Pacific","US economy","US-Wirtschaft","Wettbewerb Eisenbahnsektor"],"articleSection":["Am\u00e9rica","Intermodal \/ Carretera"],"inLanguage":"es","potentialAction":[{"@type":"CommentAction","name":"Comment","target":["https:\/\/transportjournal.com\/es\/2026\/04\/30\/la-coalicion-protesta-contra-la-fusion-ferroviaria-en-ee-uu\/#respond"]}]},{"@type":"WebPage","@id":"https:\/\/transportjournal.com\/es\/2026\/04\/30\/la-coalicion-protesta-contra-la-fusion-ferroviaria-en-ee-uu\/","url":"https:\/\/transportjournal.com\/es\/2026\/04\/30\/la-coalicion-protesta-contra-la-fusion-ferroviaria-en-ee-uu\/","name":"La coalici\u00f3n protesta contra la fusi\u00f3n ferroviaria en EE. UU. - ITJ | International Transport Journal","isPartOf":{"@id":"https:\/\/transportjournal.com\/es\/#website"},"primaryImageOfPage":{"@id":"https:\/\/transportjournal.com\/es\/2026\/04\/30\/la-coalicion-protesta-contra-la-fusion-ferroviaria-en-ee-uu\/#primaryimage"},"image":{"@id":"https:\/\/transportjournal.com\/es\/2026\/04\/30\/la-coalicion-protesta-contra-la-fusion-ferroviaria-en-ee-uu\/#primaryimage"},"thumbnailUrl":"https:\/\/transportjournal.com\/wp-content\/uploads\/sites\/2\/2026\/04\/AdobeStock_134980528-2-scaled-aspect-ratio-1400-788-1-scaled-1.jpeg","datePublished":"2026-04-30T10:32:33+00:00","dateModified":"2026-04-30T10:45:02+00:00","breadcrumb":{"@id":"https:\/\/transportjournal.com\/es\/2026\/04\/30\/la-coalicion-protesta-contra-la-fusion-ferroviaria-en-ee-uu\/#breadcrumb"},"inLanguage":"es","potentialAction":[{"@type":"ReadAction","target":["https:\/\/transportjournal.com\/es\/2026\/04\/30\/la-coalicion-protesta-contra-la-fusion-ferroviaria-en-ee-uu\/"]}]},{"@type":"ImageObject","inLanguage":"es","@id":"https:\/\/transportjournal.com\/es\/2026\/04\/30\/la-coalicion-protesta-contra-la-fusion-ferroviaria-en-ee-uu\/#primaryimage","url":"https:\/\/transportjournal.com\/wp-content\/uploads\/sites\/2\/2026\/04\/AdobeStock_134980528-2-scaled-aspect-ratio-1400-788-1-scaled-1.jpeg","contentUrl":"https:\/\/transportjournal.com\/wp-content\/uploads\/sites\/2\/2026\/04\/AdobeStock_134980528-2-scaled-aspect-ratio-1400-788-1-scaled-1.jpeg","width":2560,"height":1440},{"@type":"BreadcrumbList","@id":"https:\/\/transportjournal.com\/es\/2026\/04\/30\/la-coalicion-protesta-contra-la-fusion-ferroviaria-en-ee-uu\/#breadcrumb","itemListElement":[{"@type":"ListItem","position":1,"name":"Startseite","item":"https:\/\/transportjournal.com\/es\/"},{"@type":"ListItem","position":2,"name":"La coalici\u00f3n protesta contra la fusi\u00f3n ferroviaria en EE. UU."}]},{"@type":"WebSite","@id":"https:\/\/transportjournal.com\/es\/#website","url":"https:\/\/transportjournal.com\/es\/","name":"ITJ | International Transport Journal","description":"Stay informed with the latest global news from the transport, logistics, and supply chain industries. Transport Journal delivers expert insights, analysis, and updates across shipping, aviation, intermodal, and forwarding.","publisher":{"@id":"https:\/\/transportjournal.com\/es\/#organization"},"potentialAction":[{"@type":"SearchAction","target":{"@type":"EntryPoint","urlTemplate":"https:\/\/transportjournal.com\/es\/?s={search_term_string}"},"query-input":{"@type":"PropertyValueSpecification","valueRequired":true,"valueName":"search_term_string"}}],"inLanguage":"es"},{"@type":"Organization","@id":"https:\/\/transportjournal.com\/es\/#organization","name":"Grupo Logismedia AG","alternateName":"Logismedia Group AG","url":"https:\/\/transportjournal.com\/es\/","logo":{"@type":"ImageObject","inLanguage":"es","@id":"https:\/\/transportjournal.com\/es\/#\/schema\/logo\/image\/","url":"https:\/\/transportjournal.com\/wp-content\/uploads\/sites\/2\/2025\/09\/Logo_ITJ.png","contentUrl":"https:\/\/transportjournal.com\/wp-content\/uploads\/sites\/2\/2025\/09\/Logo_ITJ.png","width":799,"height":326,"caption":"Grupo Logismedia AG"},"image":{"@id":"https:\/\/transportjournal.com\/es\/#\/schema\/logo\/image\/"},"sameAs":["https:\/\/www.linkedin.com\/company\/56456496\/admin\/dashboard\/","https:\/\/www.instagram.com\/logismediagroup\/","https:\/\/www.youtube.com\/@LogiamediaGroupAG"]},{"@type":"Person","@id":"https:\/\/transportjournal.com\/es\/#\/schema\/person\/41d36b5474b623392fa613e97e2363fa","name":"Jeremy Soland","url":"https:\/\/transportjournal.com\/es\/author\/jeremy\/"}]}},"_links":{"self":[{"href":"https:\/\/transportjournal.com\/es\/wp-json\/wp\/v2\/posts\/87637","targetHints":{"allow":["GET"]}}],"collection":[{"href":"https:\/\/transportjournal.com\/es\/wp-json\/wp\/v2\/posts"}],"about":[{"href":"https:\/\/transportjournal.com\/es\/wp-json\/wp\/v2\/types\/post"}],"author":[{"embeddable":true,"href":"https:\/\/transportjournal.com\/es\/wp-json\/wp\/v2\/users\/10"}],"replies":[{"embeddable":true,"href":"https:\/\/transportjournal.com\/es\/wp-json\/wp\/v2\/comments?post=87637"}],"version-history":[{"count":1,"href":"https:\/\/transportjournal.com\/es\/wp-json\/wp\/v2\/posts\/87637\/revisions"}],"predecessor-version":[{"id":87644,"href":"https:\/\/transportjournal.com\/es\/wp-json\/wp\/v2\/posts\/87637\/revisions\/87644"}],"wp:featuredmedia":[{"embeddable":true,"href":"https:\/\/transportjournal.com\/es\/wp-json\/wp\/v2\/media\/87634"}],"wp:attachment":[{"href":"https:\/\/transportjournal.com\/es\/wp-json\/wp\/v2\/media?parent=87637"}],"wp:term":[{"taxonomy":"category","embeddable":true,"href":"https:\/\/transportjournal.com\/es\/wp-json\/wp\/v2\/categories?post=87637"},{"taxonomy":"post_tag","embeddable":true,"href":"https:\/\/transportjournal.com\/es\/wp-json\/wp\/v2\/tags?post=87637"}],"curies":[{"name":"wp","href":"https:\/\/api.w.org\/{rel}","templated":true}]}}