{"id":87456,"date":"2026-04-30T08:13:33","date_gmt":"2026-04-30T08:13:33","guid":{"rendered":"https:\/\/transportjournal.com\/2026\/04\/30\/el-mercado-de-carga-aerea-global-cae-un-48\/"},"modified":"2026-04-30T10:34:26","modified_gmt":"2026-04-30T08:34:26","slug":"el-mercado-de-carga-aerea-global-cae-un-48","status":"publish","type":"post","link":"https:\/\/transportjournal.com\/es\/2026\/04\/30\/el-mercado-de-carga-aerea-global-cae-un-48\/","title":{"rendered":"Catastr\u00f3fico marzo de carga a\u00e9rea en el Golfo"},"content":{"rendered":"<p>La demanda global en el mercado de carga a\u00e9rea disminuy\u00f3 un 4,8% en marzo de 2026 en comparaci\u00f3n con el a\u00f1o anterior. Este desarrollo se atribuye a un entorno operativo desafiante, caracterizado por tensiones geopol\u00edticas en Oriente Medio y efectos estacionales. Mientras que \u00c1frica mostr\u00f3 el mejor rendimiento con un aumento del 7%, Oriente Medio experiment\u00f3 una dr\u00e1stica ca\u00edda del 54,3%.<\/p>\n<h3>Flujos de carga internacionales bajo presi\u00f3n<\/h3>\n<p>El tr\u00e1fico internacional de carga a\u00e9rea cay\u00f3 un 5,5% en comparaci\u00f3n anual. Las aerol\u00edneas de Oriente Medio se vieron especialmente afectadas, con una disminuci\u00f3n del 54,2%, lo que se debe a un deterioro en la conectividad de los hubs y la fiabilidad de la red. La capacidad total de la industria disminuy\u00f3 un 4,7%, lo que est\u00e1 en l\u00ednea con la disminuci\u00f3n de la demanda. El factor de carga de mercanc\u00edas se mantuvo estable en un 47,9%.<\/p>\n<p>La volatilidad en los mercados energ\u00e9ticos tambi\u00e9n fue significativa. El precio del Brent aument\u00f3 un 43,1% en comparaci\u00f3n anual, mientras que el precio del queroseno subi\u00f3 un 106,6%, alcanzando el nivel m\u00e1s alto en m\u00e1s de 23 a\u00f1os. Estos desarrollos llevaron a un aumento de las tarifas de carga del 18,9% en un entorno de precios inflacionarios.<\/p>\n<h3>Diferencias regionales en el rendimiento de carga<\/h3>\n<p>El rendimiento regional en el mercado de carga a\u00e9rea fue desigual. Mientras que \u00c1frica, Asia-Pac\u00edfico, Europa y Am\u00e9rica Latina y el Caribe registraron tasas de crecimiento moderadas, estas no pudieron compensar las dr\u00e1sticas ca\u00eddas en Oriente Medio. Las aerol\u00edneas africanas lograron el crecimiento m\u00e1s fuerte, apoyadas por el tr\u00e1fico de desv\u00edo. En Europa (+2,2%) y Am\u00e9rica Latina (+1,8%) hubo incrementos menores, mientras que Am\u00e9rica del Norte (-1,1%) cedi\u00f3 ligeramente, lo que indica una din\u00e1mica transatl\u00e1ntica m\u00e1s d\u00e9bil.<\/p>\n<p>La situaci\u00f3n en Oriente Medio represent\u00f3 el mayor obst\u00e1culo para el rendimiento de la industria. La ca\u00edda del 54,3% en el CTK (toneladas-kil\u00f3metro de carga) ilustra el grave impacto del conflicto en la conectividad de los hubs y la ocupaci\u00f3n de los aviones.<\/p>\n<h3>Tendencias internacionales y an\u00e1lisis de rutas<\/h3>\n<p>Las demandas internacionales de carga mostraron una clara desigualdad geogr\u00e1fica. Mientras que los mercados en \u00c1frica y Asia-Pac\u00edfico (+5,5%) crecieron, las aerol\u00edneas en Oriente Medio sufrieron la mayor ca\u00edda. El an\u00e1lisis de rutas revel\u00f3 que la conexi\u00f3n Europa-Asia, con un aumento del 14,2%, mostr\u00f3 el mejor rendimiento, mientras que las rutas comerciales conectadas al Golfo estaban bajo fuerte presi\u00f3n.<\/p>\n<p>La demanda de aviones de carga result\u00f3 ser m\u00e1s resistente que la demanda de carga de pasajeros, que disminuy\u00f3 un 12,1%. Esto muestra que los aviones de carga se beneficiaron de la flexibilidad operativa y capturaron flujos de desv\u00edo en corredores largos, especialmente en el comercio asi\u00e1tico.<\/p>\n<h3>Perspectivas y condiciones econ\u00f3micas<\/h3>\n<p>Los precios del queroseno aumentaron significativamente en marzo, lo que afect\u00f3 considerablemente la rentabilidad en el sector de carga a\u00e9rea. Los \u00edndices de fabricaci\u00f3n global muestran que la actividad industrial sigue en la zona de expansi\u00f3n, aunque la din\u00e1mica se est\u00e1 desacelerando en comparaci\u00f3n con los meses anteriores. A pesar de estos desaf\u00edos, la industria de carga a\u00e9rea se mantiene sobre una base macroecon\u00f3mica estable, aunque la din\u00e1mica de crecimiento disminuye desde los picos de a\u00f1os anteriores.<\/p>\n<p>&nbsp;<\/p>\n<p><a href=\"https:\/\/www.iata.org\/\" target=\"_blank\" rel=\"noopener noreferrer\">www.iata.org<\/a><\/p>\n<p>&nbsp;<\/p>\n","protected":false},"excerpt":{"rendered":"<p>La demanda global en el mercado de carga a\u00e9rea disminuy\u00f3 un 4,8% en marzo de 2026, mientras que \u00c1frica registr\u00f3 un crecimiento del 7% y el Medio Oriente experiment\u00f3 una fuerte ca\u00edda.<\/p>\n","protected":false},"author":12,"featured_media":87453,"comment_status":"open","ping_status":"","sticky":false,"template":"","format":"standard","meta":{"_acf_changed":false,"footnotes":""},"categories":[1613,1614,1610,1606,1611,1612],"tags":[33608,33609,4939,2648,13739,5507,4279,13671,22495,22496,21947,43885,22499,2211,2212,21956,43886,43887,2032,1778,43888,21766,4288,43889,7110,2655,5225,5226,43890,43891,2125,3682,43892,43893,43894,43895,22511,22512,2133,1831,1962,13768,4132,4134,4135,43896,2148,22524,43897,43898,7124,2295,43899,23307,2242,2155,1837,21980],"class_list":["post-87456","post","type-post","status-publish","format-standard","has-post-thumbnail","hentry","category-africa","category-america","category-asia-pacifico","category-carga-aerea","category-europa","category-oriente-medio","tag-africa","tag-afrika","tag-afrique","tag-air-freight","tag-air-freight-traffic","tag-avions-cargo","tag-capacite-de-fret","tag-cargo-planes","tag-cargo-tonne-kilometer","tag-cargo-tonne-kilometers","tag-conditions-economiques","tag-connectivite-des-hubs","tag-deutsch-luftfrachtmarkt","tag-digital-transformation","tag-digitale-transformation","tag-economic-conditions","tag-effets-saisonniers","tag-flux-de-fret-international","tag-frachtflugzeuge","tag-frachtkapazitaet","tag-frachtleistung","tag-frachtraten","tag-freight-capacity","tag-freight-performance","tag-freight-rates","tag-fret-aerien","tag-geopolitical-tensions","tag-geopolitische-spannungen","tag-hub-connectivity","tag-hub-konnektivitaet","tag-industrie-du-transport","tag-infrastructure","tag-infrastructure-francais-marche-de-la-fret-aerien","tag-infrastruktur-english-air-freight-market","tag-international-freight-flows","tag-internationale-frachtstroeme","tag-jet-fuel-prices","tag-kerosinpreise","tag-logistics-service-providers","tag-logistikdienstleister","tag-luftfracht","tag-luftfrachtverkehr","tag-middle-east","tag-moyen-orient","tag-naher-osten","tag-performance-de-fret","tag-prestataires-de-services-logistiques","tag-prix-du-kerosene","tag-saisonale-effekte","tag-seasonal-effects","tag-tarifs-de-fret","tag-tensions-geopolitiques","tag-tonne-kilometre-de-fret","tag-trafic-de-fret-aerien","tag-transformation-numerique","tag-transport-industry","tag-transportwirtschaft","tag-wirtschaftliche-rahmenbedingungen"],"acf":[],"yoast_head":"<!-- This site is optimized with the Yoast SEO plugin v27.3 - https:\/\/yoast.com\/product\/yoast-seo-wordpress\/ -->\n<title>El mercado de carga a\u00e9rea global cae un 4,8% - ITJ | International Transport Journal<\/title>\n<meta name=\"robots\" content=\"index, follow, max-snippet:-1, max-image-preview:large, max-video-preview:-1\" \/>\n<link rel=\"canonical\" href=\"https:\/\/transportjournal.com\/es\/2026\/04\/30\/el-mercado-de-carga-aerea-global-cae-un-48\/\" \/>\n<meta property=\"og:locale\" content=\"es_ES\" \/>\n<meta property=\"og:type\" content=\"article\" \/>\n<meta property=\"og:title\" content=\"El mercado de carga a\u00e9rea global cae un 4,8% - ITJ | International Transport Journal\" \/>\n<meta property=\"og:description\" content=\"La demanda global en el mercado de carga a\u00e9rea disminuy\u00f3 un 4,8% en marzo de 2026, mientras que \u00c1frica registr\u00f3 un crecimiento del 7% y el Medio Oriente experiment\u00f3 una fuerte ca\u00edda.\" \/>\n<meta property=\"og:url\" content=\"https:\/\/transportjournal.com\/es\/2026\/04\/30\/el-mercado-de-carga-aerea-global-cae-un-48\/\" \/>\n<meta property=\"og:site_name\" content=\"ITJ | International Transport Journal\" \/>\n<meta property=\"article:published_time\" content=\"2026-04-30T08:13:33+00:00\" \/>\n<meta property=\"article:modified_time\" content=\"2026-04-30T08:34:26+00:00\" \/>\n<meta property=\"og:image\" content=\"https:\/\/transportjournal.com\/wp-content\/uploads\/sites\/2\/2026\/04\/Screenshot-2026-04-30-102513-aspect-ratio-1400-788.png\" \/>\n\t<meta property=\"og:image:width\" content=\"405\" \/>\n\t<meta property=\"og:image:height\" content=\"228\" \/>\n\t<meta property=\"og:image:type\" content=\"image\/png\" \/>\n<meta name=\"author\" content=\"Andreas Haug\" \/>\n<meta name=\"twitter:card\" content=\"summary_large_image\" \/>\n<meta name=\"twitter:label1\" content=\"Escrito por\" \/>\n\t<meta name=\"twitter:data1\" content=\"Andreas Haug\" \/>\n\t<meta name=\"twitter:label2\" content=\"Tiempo de lectura\" \/>\n\t<meta name=\"twitter:data2\" content=\"3 minuto\" \/>\n<script type=\"application\/ld+json\" class=\"yoast-schema-graph\">{\"@context\":\"https:\\\/\\\/schema.org\",\"@graph\":[{\"@type\":\"Article\",\"@id\":\"https:\\\/\\\/transportjournal.com\\\/es\\\/2026\\\/04\\\/30\\\/el-mercado-de-carga-aerea-global-cae-un-48\\\/#article\",\"isPartOf\":{\"@id\":\"https:\\\/\\\/transportjournal.com\\\/es\\\/2026\\\/04\\\/30\\\/el-mercado-de-carga-aerea-global-cae-un-48\\\/\"},\"author\":{\"name\":\"Andreas Haug\",\"@id\":\"https:\\\/\\\/transportjournal.com\\\/es\\\/#\\\/schema\\\/person\\\/cf538b3157f15afd7589245a4b3dbd25\"},\"headline\":\"Catastr\u00f3fico marzo de carga a\u00e9rea en el Golfo\",\"datePublished\":\"2026-04-30T08:13:33+00:00\",\"dateModified\":\"2026-04-30T08:34:26+00:00\",\"mainEntityOfPage\":{\"@id\":\"https:\\\/\\\/transportjournal.com\\\/es\\\/2026\\\/04\\\/30\\\/el-mercado-de-carga-aerea-global-cae-un-48\\\/\"},\"wordCount\":581,\"commentCount\":0,\"publisher\":{\"@id\":\"https:\\\/\\\/transportjournal.com\\\/es\\\/#organization\"},\"image\":{\"@id\":\"https:\\\/\\\/transportjournal.com\\\/es\\\/2026\\\/04\\\/30\\\/el-mercado-de-carga-aerea-global-cae-un-48\\\/#primaryimage\"},\"thumbnailUrl\":\"https:\\\/\\\/transportjournal.com\\\/wp-content\\\/uploads\\\/sites\\\/2\\\/2026\\\/04\\\/Screenshot-2026-04-30-102513-aspect-ratio-1400-788.png\",\"keywords\":[\"Africa\",\"Afrika\",\"Afrique\",\"air freight\",\"air freight traffic\",\"avions cargo\",\"capacit\u00e9 de fret\",\"cargo planes\",\"Cargo Tonne-Kilometer\",\"cargo tonne-kilometers\",\"conditions \u00e9conomiques\",\"connectivit\u00e9 des hubs\",\"Deutsch Luftfrachtmarkt\",\"digital transformation\",\"digitale Transformation\",\"economic conditions\",\"effets saisonniers\",\"flux de fret international\",\"Frachtflugzeuge\",\"Frachtkapazit\u00e4t\",\"Frachtleistung\",\"Frachtraten\",\"freight capacity\",\"freight performance\",\"freight rates\",\"fret a\u00e9rien\",\"geopolitical tensions\",\"geopolitische Spannungen\",\"hub connectivity\",\"Hub-Konnektivit\u00e4t\",\"industrie du transport\",\"infrastructure\",\"infrastructure Fran\u00e7ais march\u00e9 de la fret a\u00e9rien\",\"Infrastruktur English air freight market\",\"international freight flows\",\"internationale Frachtstr\u00f6me\",\"jet fuel prices\",\"Kerosinpreise\",\"logistics service providers\",\"Logistikdienstleister\",\"Luftfracht\",\"Luftfrachtverkehr\",\"Middle East\",\"Moyen-Orient\",\"Naher Osten\",\"performance de fret\",\"prestataires de services logistiques\",\"prix du k\u00e9ros\u00e8ne\",\"saisonale Effekte\",\"seasonal effects\",\"tarifs de fret\",\"tensions g\u00e9opolitiques\",\"tonne-kilom\u00e8tre de fret\",\"trafic de fret a\u00e9rien\",\"transformation num\u00e9rique\",\"transport industry\",\"Transportwirtschaft\",\"wirtschaftliche Rahmenbedingungen\"],\"articleSection\":[\"\u00c1frica\",\"Am\u00e9rica\",\"Asia\\\/Pac\u00edfico\",\"Carga a\u00e9rea\",\"Europa\",\"Oriente Medio\"],\"inLanguage\":\"es\",\"potentialAction\":[{\"@type\":\"CommentAction\",\"name\":\"Comment\",\"target\":[\"https:\\\/\\\/transportjournal.com\\\/es\\\/2026\\\/04\\\/30\\\/el-mercado-de-carga-aerea-global-cae-un-48\\\/#respond\"]}]},{\"@type\":\"WebPage\",\"@id\":\"https:\\\/\\\/transportjournal.com\\\/es\\\/2026\\\/04\\\/30\\\/el-mercado-de-carga-aerea-global-cae-un-48\\\/\",\"url\":\"https:\\\/\\\/transportjournal.com\\\/es\\\/2026\\\/04\\\/30\\\/el-mercado-de-carga-aerea-global-cae-un-48\\\/\",\"name\":\"El mercado de carga a\u00e9rea global cae un 4,8% - ITJ | International Transport Journal\",\"isPartOf\":{\"@id\":\"https:\\\/\\\/transportjournal.com\\\/es\\\/#website\"},\"primaryImageOfPage\":{\"@id\":\"https:\\\/\\\/transportjournal.com\\\/es\\\/2026\\\/04\\\/30\\\/el-mercado-de-carga-aerea-global-cae-un-48\\\/#primaryimage\"},\"image\":{\"@id\":\"https:\\\/\\\/transportjournal.com\\\/es\\\/2026\\\/04\\\/30\\\/el-mercado-de-carga-aerea-global-cae-un-48\\\/#primaryimage\"},\"thumbnailUrl\":\"https:\\\/\\\/transportjournal.com\\\/wp-content\\\/uploads\\\/sites\\\/2\\\/2026\\\/04\\\/Screenshot-2026-04-30-102513-aspect-ratio-1400-788.png\",\"datePublished\":\"2026-04-30T08:13:33+00:00\",\"dateModified\":\"2026-04-30T08:34:26+00:00\",\"breadcrumb\":{\"@id\":\"https:\\\/\\\/transportjournal.com\\\/es\\\/2026\\\/04\\\/30\\\/el-mercado-de-carga-aerea-global-cae-un-48\\\/#breadcrumb\"},\"inLanguage\":\"es\",\"potentialAction\":[{\"@type\":\"ReadAction\",\"target\":[\"https:\\\/\\\/transportjournal.com\\\/es\\\/2026\\\/04\\\/30\\\/el-mercado-de-carga-aerea-global-cae-un-48\\\/\"]}]},{\"@type\":\"ImageObject\",\"inLanguage\":\"es\",\"@id\":\"https:\\\/\\\/transportjournal.com\\\/es\\\/2026\\\/04\\\/30\\\/el-mercado-de-carga-aerea-global-cae-un-48\\\/#primaryimage\",\"url\":\"https:\\\/\\\/transportjournal.com\\\/wp-content\\\/uploads\\\/sites\\\/2\\\/2026\\\/04\\\/Screenshot-2026-04-30-102513-aspect-ratio-1400-788.png\",\"contentUrl\":\"https:\\\/\\\/transportjournal.com\\\/wp-content\\\/uploads\\\/sites\\\/2\\\/2026\\\/04\\\/Screenshot-2026-04-30-102513-aspect-ratio-1400-788.png\",\"width\":405,\"height\":228},{\"@type\":\"BreadcrumbList\",\"@id\":\"https:\\\/\\\/transportjournal.com\\\/es\\\/2026\\\/04\\\/30\\\/el-mercado-de-carga-aerea-global-cae-un-48\\\/#breadcrumb\",\"itemListElement\":[{\"@type\":\"ListItem\",\"position\":1,\"name\":\"Startseite\",\"item\":\"https:\\\/\\\/transportjournal.com\\\/es\\\/\"},{\"@type\":\"ListItem\",\"position\":2,\"name\":\"El mercado de carga a\u00e9rea global cae un 4,8%\"}]},{\"@type\":\"WebSite\",\"@id\":\"https:\\\/\\\/transportjournal.com\\\/es\\\/#website\",\"url\":\"https:\\\/\\\/transportjournal.com\\\/es\\\/\",\"name\":\"ITJ | International Transport Journal\",\"description\":\"Stay informed with the latest global news from the transport, logistics, and supply chain industries. Transport Journal delivers expert insights, analysis, and updates across shipping, aviation, intermodal, and forwarding.\",\"publisher\":{\"@id\":\"https:\\\/\\\/transportjournal.com\\\/es\\\/#organization\"},\"potentialAction\":[{\"@type\":\"SearchAction\",\"target\":{\"@type\":\"EntryPoint\",\"urlTemplate\":\"https:\\\/\\\/transportjournal.com\\\/es\\\/?s={search_term_string}\"},\"query-input\":{\"@type\":\"PropertyValueSpecification\",\"valueRequired\":true,\"valueName\":\"search_term_string\"}}],\"inLanguage\":\"es\"},{\"@type\":\"Organization\",\"@id\":\"https:\\\/\\\/transportjournal.com\\\/es\\\/#organization\",\"name\":\"Grupo Logismedia AG\",\"alternateName\":\"Logismedia Group AG\",\"url\":\"https:\\\/\\\/transportjournal.com\\\/es\\\/\",\"logo\":{\"@type\":\"ImageObject\",\"inLanguage\":\"es\",\"@id\":\"https:\\\/\\\/transportjournal.com\\\/es\\\/#\\\/schema\\\/logo\\\/image\\\/\",\"url\":\"https:\\\/\\\/transportjournal.com\\\/wp-content\\\/uploads\\\/sites\\\/2\\\/2025\\\/09\\\/Logo_ITJ.png\",\"contentUrl\":\"https:\\\/\\\/transportjournal.com\\\/wp-content\\\/uploads\\\/sites\\\/2\\\/2025\\\/09\\\/Logo_ITJ.png\",\"width\":799,\"height\":326,\"caption\":\"Grupo Logismedia AG\"},\"image\":{\"@id\":\"https:\\\/\\\/transportjournal.com\\\/es\\\/#\\\/schema\\\/logo\\\/image\\\/\"},\"sameAs\":[\"https:\\\/\\\/www.linkedin.com\\\/company\\\/56456496\\\/admin\\\/dashboard\\\/\",\"https:\\\/\\\/www.instagram.com\\\/logismediagroup\\\/\",\"https:\\\/\\\/www.youtube.com\\\/@LogiamediaGroupAG\"]},{\"@type\":\"Person\",\"@id\":\"https:\\\/\\\/transportjournal.com\\\/es\\\/#\\\/schema\\\/person\\\/cf538b3157f15afd7589245a4b3dbd25\",\"name\":\"Andreas Haug\",\"url\":\"https:\\\/\\\/transportjournal.com\\\/es\\\/author\\\/andreas\\\/\"}]}<\/script>\n<!-- \/ Yoast SEO plugin. -->","yoast_head_json":{"title":"El mercado de carga a\u00e9rea global cae un 4,8% - ITJ | International Transport Journal","robots":{"index":"index","follow":"follow","max-snippet":"max-snippet:-1","max-image-preview":"max-image-preview:large","max-video-preview":"max-video-preview:-1"},"canonical":"https:\/\/transportjournal.com\/es\/2026\/04\/30\/el-mercado-de-carga-aerea-global-cae-un-48\/","og_locale":"es_ES","og_type":"article","og_title":"El mercado de carga a\u00e9rea global cae un 4,8% - ITJ | International Transport Journal","og_description":"La demanda global en el mercado de carga a\u00e9rea disminuy\u00f3 un 4,8% en marzo de 2026, mientras que \u00c1frica registr\u00f3 un crecimiento del 7% y el Medio Oriente experiment\u00f3 una fuerte ca\u00edda.","og_url":"https:\/\/transportjournal.com\/es\/2026\/04\/30\/el-mercado-de-carga-aerea-global-cae-un-48\/","og_site_name":"ITJ | International Transport Journal","article_published_time":"2026-04-30T08:13:33+00:00","article_modified_time":"2026-04-30T08:34:26+00:00","og_image":[{"width":405,"height":228,"url":"https:\/\/transportjournal.com\/wp-content\/uploads\/sites\/2\/2026\/04\/Screenshot-2026-04-30-102513-aspect-ratio-1400-788.png","type":"image\/png"}],"author":"Andreas Haug","twitter_card":"summary_large_image","twitter_misc":{"Escrito por":"Andreas Haug","Tiempo de lectura":"3 minuto"},"schema":{"@context":"https:\/\/schema.org","@graph":[{"@type":"Article","@id":"https:\/\/transportjournal.com\/es\/2026\/04\/30\/el-mercado-de-carga-aerea-global-cae-un-48\/#article","isPartOf":{"@id":"https:\/\/transportjournal.com\/es\/2026\/04\/30\/el-mercado-de-carga-aerea-global-cae-un-48\/"},"author":{"name":"Andreas Haug","@id":"https:\/\/transportjournal.com\/es\/#\/schema\/person\/cf538b3157f15afd7589245a4b3dbd25"},"headline":"Catastr\u00f3fico marzo de carga a\u00e9rea en el Golfo","datePublished":"2026-04-30T08:13:33+00:00","dateModified":"2026-04-30T08:34:26+00:00","mainEntityOfPage":{"@id":"https:\/\/transportjournal.com\/es\/2026\/04\/30\/el-mercado-de-carga-aerea-global-cae-un-48\/"},"wordCount":581,"commentCount":0,"publisher":{"@id":"https:\/\/transportjournal.com\/es\/#organization"},"image":{"@id":"https:\/\/transportjournal.com\/es\/2026\/04\/30\/el-mercado-de-carga-aerea-global-cae-un-48\/#primaryimage"},"thumbnailUrl":"https:\/\/transportjournal.com\/wp-content\/uploads\/sites\/2\/2026\/04\/Screenshot-2026-04-30-102513-aspect-ratio-1400-788.png","keywords":["Africa","Afrika","Afrique","air freight","air freight traffic","avions cargo","capacit\u00e9 de fret","cargo planes","Cargo Tonne-Kilometer","cargo tonne-kilometers","conditions \u00e9conomiques","connectivit\u00e9 des hubs","Deutsch Luftfrachtmarkt","digital transformation","digitale Transformation","economic conditions","effets saisonniers","flux de fret international","Frachtflugzeuge","Frachtkapazit\u00e4t","Frachtleistung","Frachtraten","freight capacity","freight performance","freight rates","fret a\u00e9rien","geopolitical tensions","geopolitische Spannungen","hub connectivity","Hub-Konnektivit\u00e4t","industrie du transport","infrastructure","infrastructure Fran\u00e7ais march\u00e9 de la fret a\u00e9rien","Infrastruktur English air freight market","international freight flows","internationale Frachtstr\u00f6me","jet fuel prices","Kerosinpreise","logistics service providers","Logistikdienstleister","Luftfracht","Luftfrachtverkehr","Middle East","Moyen-Orient","Naher Osten","performance de fret","prestataires de services logistiques","prix du k\u00e9ros\u00e8ne","saisonale Effekte","seasonal effects","tarifs de fret","tensions g\u00e9opolitiques","tonne-kilom\u00e8tre de fret","trafic de fret a\u00e9rien","transformation num\u00e9rique","transport industry","Transportwirtschaft","wirtschaftliche Rahmenbedingungen"],"articleSection":["\u00c1frica","Am\u00e9rica","Asia\/Pac\u00edfico","Carga a\u00e9rea","Europa","Oriente Medio"],"inLanguage":"es","potentialAction":[{"@type":"CommentAction","name":"Comment","target":["https:\/\/transportjournal.com\/es\/2026\/04\/30\/el-mercado-de-carga-aerea-global-cae-un-48\/#respond"]}]},{"@type":"WebPage","@id":"https:\/\/transportjournal.com\/es\/2026\/04\/30\/el-mercado-de-carga-aerea-global-cae-un-48\/","url":"https:\/\/transportjournal.com\/es\/2026\/04\/30\/el-mercado-de-carga-aerea-global-cae-un-48\/","name":"El mercado de carga a\u00e9rea global cae un 4,8% - ITJ | International Transport Journal","isPartOf":{"@id":"https:\/\/transportjournal.com\/es\/#website"},"primaryImageOfPage":{"@id":"https:\/\/transportjournal.com\/es\/2026\/04\/30\/el-mercado-de-carga-aerea-global-cae-un-48\/#primaryimage"},"image":{"@id":"https:\/\/transportjournal.com\/es\/2026\/04\/30\/el-mercado-de-carga-aerea-global-cae-un-48\/#primaryimage"},"thumbnailUrl":"https:\/\/transportjournal.com\/wp-content\/uploads\/sites\/2\/2026\/04\/Screenshot-2026-04-30-102513-aspect-ratio-1400-788.png","datePublished":"2026-04-30T08:13:33+00:00","dateModified":"2026-04-30T08:34:26+00:00","breadcrumb":{"@id":"https:\/\/transportjournal.com\/es\/2026\/04\/30\/el-mercado-de-carga-aerea-global-cae-un-48\/#breadcrumb"},"inLanguage":"es","potentialAction":[{"@type":"ReadAction","target":["https:\/\/transportjournal.com\/es\/2026\/04\/30\/el-mercado-de-carga-aerea-global-cae-un-48\/"]}]},{"@type":"ImageObject","inLanguage":"es","@id":"https:\/\/transportjournal.com\/es\/2026\/04\/30\/el-mercado-de-carga-aerea-global-cae-un-48\/#primaryimage","url":"https:\/\/transportjournal.com\/wp-content\/uploads\/sites\/2\/2026\/04\/Screenshot-2026-04-30-102513-aspect-ratio-1400-788.png","contentUrl":"https:\/\/transportjournal.com\/wp-content\/uploads\/sites\/2\/2026\/04\/Screenshot-2026-04-30-102513-aspect-ratio-1400-788.png","width":405,"height":228},{"@type":"BreadcrumbList","@id":"https:\/\/transportjournal.com\/es\/2026\/04\/30\/el-mercado-de-carga-aerea-global-cae-un-48\/#breadcrumb","itemListElement":[{"@type":"ListItem","position":1,"name":"Startseite","item":"https:\/\/transportjournal.com\/es\/"},{"@type":"ListItem","position":2,"name":"El mercado de carga a\u00e9rea global cae un 4,8%"}]},{"@type":"WebSite","@id":"https:\/\/transportjournal.com\/es\/#website","url":"https:\/\/transportjournal.com\/es\/","name":"ITJ | International Transport Journal","description":"Stay informed with the latest global news from the transport, logistics, and supply chain industries. Transport Journal delivers expert insights, analysis, and updates across shipping, aviation, intermodal, and forwarding.","publisher":{"@id":"https:\/\/transportjournal.com\/es\/#organization"},"potentialAction":[{"@type":"SearchAction","target":{"@type":"EntryPoint","urlTemplate":"https:\/\/transportjournal.com\/es\/?s={search_term_string}"},"query-input":{"@type":"PropertyValueSpecification","valueRequired":true,"valueName":"search_term_string"}}],"inLanguage":"es"},{"@type":"Organization","@id":"https:\/\/transportjournal.com\/es\/#organization","name":"Grupo Logismedia AG","alternateName":"Logismedia Group AG","url":"https:\/\/transportjournal.com\/es\/","logo":{"@type":"ImageObject","inLanguage":"es","@id":"https:\/\/transportjournal.com\/es\/#\/schema\/logo\/image\/","url":"https:\/\/transportjournal.com\/wp-content\/uploads\/sites\/2\/2025\/09\/Logo_ITJ.png","contentUrl":"https:\/\/transportjournal.com\/wp-content\/uploads\/sites\/2\/2025\/09\/Logo_ITJ.png","width":799,"height":326,"caption":"Grupo Logismedia AG"},"image":{"@id":"https:\/\/transportjournal.com\/es\/#\/schema\/logo\/image\/"},"sameAs":["https:\/\/www.linkedin.com\/company\/56456496\/admin\/dashboard\/","https:\/\/www.instagram.com\/logismediagroup\/","https:\/\/www.youtube.com\/@LogiamediaGroupAG"]},{"@type":"Person","@id":"https:\/\/transportjournal.com\/es\/#\/schema\/person\/cf538b3157f15afd7589245a4b3dbd25","name":"Andreas Haug","url":"https:\/\/transportjournal.com\/es\/author\/andreas\/"}]}},"_links":{"self":[{"href":"https:\/\/transportjournal.com\/es\/wp-json\/wp\/v2\/posts\/87456","targetHints":{"allow":["GET"]}}],"collection":[{"href":"https:\/\/transportjournal.com\/es\/wp-json\/wp\/v2\/posts"}],"about":[{"href":"https:\/\/transportjournal.com\/es\/wp-json\/wp\/v2\/types\/post"}],"author":[{"embeddable":true,"href":"https:\/\/transportjournal.com\/es\/wp-json\/wp\/v2\/users\/12"}],"replies":[{"embeddable":true,"href":"https:\/\/transportjournal.com\/es\/wp-json\/wp\/v2\/comments?post=87456"}],"version-history":[{"count":2,"href":"https:\/\/transportjournal.com\/es\/wp-json\/wp\/v2\/posts\/87456\/revisions"}],"predecessor-version":[{"id":87470,"href":"https:\/\/transportjournal.com\/es\/wp-json\/wp\/v2\/posts\/87456\/revisions\/87470"}],"wp:featuredmedia":[{"embeddable":true,"href":"https:\/\/transportjournal.com\/es\/wp-json\/wp\/v2\/media\/87453"}],"wp:attachment":[{"href":"https:\/\/transportjournal.com\/es\/wp-json\/wp\/v2\/media?parent=87456"}],"wp:term":[{"taxonomy":"category","embeddable":true,"href":"https:\/\/transportjournal.com\/es\/wp-json\/wp\/v2\/categories?post=87456"},{"taxonomy":"post_tag","embeddable":true,"href":"https:\/\/transportjournal.com\/es\/wp-json\/wp\/v2\/tags?post=87456"}],"curies":[{"name":"wp","href":"https:\/\/api.w.org\/{rel}","templated":true}]}}