{"id":87448,"date":"2026-04-30T08:03:31","date_gmt":"2026-04-30T08:03:31","guid":{"rendered":"https:\/\/transportjournal.com\/2026\/04\/30\/wiese-y-saf-desarrollan-concepto-de-vehiculo-forestal\/"},"modified":"2026-04-30T08:03:31","modified_gmt":"2026-04-30T08:03:31","slug":"wiese-y-saf-desarrollan-concepto-de-vehiculo-forestal","status":"publish","type":"post","link":"https:\/\/transportjournal.com\/es\/2026\/04\/30\/wiese-y-saf-desarrollan-concepto-de-vehiculo-forestal\/","title":{"rendered":"WIESE y SAF desarrollan concepto de veh\u00edculo forestal"},"content":{"rendered":"<p>WIESE Fahrzeugbau ha desarrollado en cooperaci\u00f3n con SAF-HOLLAND un nuevo concepto de veh\u00edculo para el uso forestal. El enfoque est\u00e1 en un volquete de dos ejes, que est\u00e1 equipado con dos ejes de remolque de SAF con direcci\u00f3n forzada. Esta construcci\u00f3n tiene como objetivo mejorar la maniobrabilidad en caminos forestales estrechos. El desarrollo se llev\u00f3 a cabo en colaboraci\u00f3n con el empresario forestal austriaco Johannes Suntinger, seg\u00fan informa SAF Holland.<\/p>\n<p>Los requisitos que el transporte de astillas de madera del bosque impone a los veh\u00edculos fueron el punto de partida para el desarrollo de este veh\u00edculo especial. La combinaci\u00f3n de los ejes de direcci\u00f3n forzada de SAF y el sistema de direcci\u00f3n electrohidr\u00e1ulico VSE Advanced Steering deber\u00eda, seg\u00fan el fabricante, permitir una mejor capacidad de maniobra. Adem\u00e1s, se busca no solo reducir el desgaste de los neum\u00e1ticos, sino tambi\u00e9n aumentar la rentabilidad en el uso. El veh\u00edculo tambi\u00e9n est\u00e1 equipado con un contenedor de volquete de 50 m\u00b3.<\/p>\n<p><a href=\"https:\/\/safholland.com\/\" target=\"_blank\" rel=\"noopener noreferrer\">www.safholland.com<\/a><\/p>\n","protected":false},"excerpt":{"rendered":"<p>WIESE Fahrzeugbau y SAF-HOLLAND han desarrollado conjuntamente un volquete de dos ejes para uso forestal, que tiene como objetivo mejorar la maniobrabilidad en caminos forestales estrechos.<\/p>\n","protected":false},"author":10,"featured_media":87445,"comment_status":"open","ping_status":"","sticky":false,"template":"","format":"standard","meta":{"_acf_changed":false,"footnotes":""},"categories":[1611,1604],"tags":[],"class_list":["post-87448","post","type-post","status-publish","format-standard","has-post-thumbnail","hentry","category-europa","category-intermodal-carretera"],"acf":[],"yoast_head":"<!-- This site is optimized with the Yoast SEO plugin v27.3 - https:\/\/yoast.com\/product\/yoast-seo-wordpress\/ -->\n<title>WIESE y SAF desarrollan concepto de veh\u00edculo forestal - ITJ | International Transport Journal<\/title>\n<meta name=\"robots\" content=\"index, follow, max-snippet:-1, max-image-preview:large, max-video-preview:-1\" \/>\n<link rel=\"canonical\" href=\"https:\/\/transportjournal.com\/es\/2026\/04\/30\/wiese-y-saf-desarrollan-concepto-de-vehiculo-forestal\/\" \/>\n<meta property=\"og:locale\" content=\"es_ES\" \/>\n<meta property=\"og:type\" content=\"article\" \/>\n<meta property=\"og:title\" content=\"WIESE y SAF desarrollan concepto de veh\u00edculo forestal - ITJ | International Transport Journal\" \/>\n<meta property=\"og:description\" content=\"WIESE Fahrzeugbau y SAF-HOLLAND han desarrollado conjuntamente un volquete de dos ejes para uso forestal, que tiene como objetivo mejorar la maniobrabilidad en caminos forestales estrechos.\" \/>\n<meta property=\"og:url\" content=\"https:\/\/transportjournal.com\/es\/2026\/04\/30\/wiese-y-saf-desarrollan-concepto-de-vehiculo-forestal\/\" \/>\n<meta property=\"og:site_name\" content=\"ITJ | International Transport Journal\" \/>\n<meta property=\"article:published_time\" content=\"2026-04-30T08:03:31+00:00\" \/>\n<meta property=\"og:image\" content=\"https:\/\/transportjournal.com\/wp-content\/uploads\/sites\/2\/2026\/04\/SAF-HOLLAND_Referenz_WIESE_3-aspect-ratio-1400-788.jpg\" \/>\n\t<meta property=\"og:image:width\" content=\"2318\" \/>\n\t<meta property=\"og:image:height\" content=\"1305\" \/>\n\t<meta property=\"og:image:type\" content=\"image\/jpeg\" \/>\n<meta name=\"author\" content=\"Jeremy Soland\" \/>\n<meta name=\"twitter:card\" content=\"summary_large_image\" \/>\n<meta name=\"twitter:label1\" content=\"Escrito por\" \/>\n\t<meta name=\"twitter:data1\" content=\"Jeremy Soland\" \/>\n\t<meta name=\"twitter:label2\" content=\"Tiempo de lectura\" \/>\n\t<meta name=\"twitter:data2\" content=\"1 minuto\" \/>\n<script type=\"application\/ld+json\" class=\"yoast-schema-graph\">{\"@context\":\"https:\\\/\\\/schema.org\",\"@graph\":[{\"@type\":\"Article\",\"@id\":\"https:\\\/\\\/transportjournal.com\\\/es\\\/2026\\\/04\\\/30\\\/wiese-y-saf-desarrollan-concepto-de-vehiculo-forestal\\\/#article\",\"isPartOf\":{\"@id\":\"https:\\\/\\\/transportjournal.com\\\/es\\\/2026\\\/04\\\/30\\\/wiese-y-saf-desarrollan-concepto-de-vehiculo-forestal\\\/\"},\"author\":{\"name\":\"Jeremy Soland\",\"@id\":\"https:\\\/\\\/transportjournal.com\\\/es\\\/#\\\/schema\\\/person\\\/41d36b5474b623392fa613e97e2363fa\"},\"headline\":\"WIESE y SAF desarrollan concepto de veh\u00edculo forestal\",\"datePublished\":\"2026-04-30T08:03:31+00:00\",\"mainEntityOfPage\":{\"@id\":\"https:\\\/\\\/transportjournal.com\\\/es\\\/2026\\\/04\\\/30\\\/wiese-y-saf-desarrollan-concepto-de-vehiculo-forestal\\\/\"},\"wordCount\":188,\"commentCount\":0,\"publisher\":{\"@id\":\"https:\\\/\\\/transportjournal.com\\\/es\\\/#organization\"},\"image\":{\"@id\":\"https:\\\/\\\/transportjournal.com\\\/es\\\/2026\\\/04\\\/30\\\/wiese-y-saf-desarrollan-concepto-de-vehiculo-forestal\\\/#primaryimage\"},\"thumbnailUrl\":\"https:\\\/\\\/transportjournal.com\\\/wp-content\\\/uploads\\\/sites\\\/2\\\/2026\\\/04\\\/SAF-HOLLAND_Referenz_WIESE_3-aspect-ratio-1400-788.jpg\",\"articleSection\":[\"Europa\",\"Intermodal \\\/ Carretera\"],\"inLanguage\":\"es\",\"potentialAction\":[{\"@type\":\"CommentAction\",\"name\":\"Comment\",\"target\":[\"https:\\\/\\\/transportjournal.com\\\/es\\\/2026\\\/04\\\/30\\\/wiese-y-saf-desarrollan-concepto-de-vehiculo-forestal\\\/#respond\"]}]},{\"@type\":\"WebPage\",\"@id\":\"https:\\\/\\\/transportjournal.com\\\/es\\\/2026\\\/04\\\/30\\\/wiese-y-saf-desarrollan-concepto-de-vehiculo-forestal\\\/\",\"url\":\"https:\\\/\\\/transportjournal.com\\\/es\\\/2026\\\/04\\\/30\\\/wiese-y-saf-desarrollan-concepto-de-vehiculo-forestal\\\/\",\"name\":\"WIESE y SAF desarrollan concepto de veh\u00edculo forestal - ITJ | International Transport Journal\",\"isPartOf\":{\"@id\":\"https:\\\/\\\/transportjournal.com\\\/es\\\/#website\"},\"primaryImageOfPage\":{\"@id\":\"https:\\\/\\\/transportjournal.com\\\/es\\\/2026\\\/04\\\/30\\\/wiese-y-saf-desarrollan-concepto-de-vehiculo-forestal\\\/#primaryimage\"},\"image\":{\"@id\":\"https:\\\/\\\/transportjournal.com\\\/es\\\/2026\\\/04\\\/30\\\/wiese-y-saf-desarrollan-concepto-de-vehiculo-forestal\\\/#primaryimage\"},\"thumbnailUrl\":\"https:\\\/\\\/transportjournal.com\\\/wp-content\\\/uploads\\\/sites\\\/2\\\/2026\\\/04\\\/SAF-HOLLAND_Referenz_WIESE_3-aspect-ratio-1400-788.jpg\",\"datePublished\":\"2026-04-30T08:03:31+00:00\",\"breadcrumb\":{\"@id\":\"https:\\\/\\\/transportjournal.com\\\/es\\\/2026\\\/04\\\/30\\\/wiese-y-saf-desarrollan-concepto-de-vehiculo-forestal\\\/#breadcrumb\"},\"inLanguage\":\"es\",\"potentialAction\":[{\"@type\":\"ReadAction\",\"target\":[\"https:\\\/\\\/transportjournal.com\\\/es\\\/2026\\\/04\\\/30\\\/wiese-y-saf-desarrollan-concepto-de-vehiculo-forestal\\\/\"]}]},{\"@type\":\"ImageObject\",\"inLanguage\":\"es\",\"@id\":\"https:\\\/\\\/transportjournal.com\\\/es\\\/2026\\\/04\\\/30\\\/wiese-y-saf-desarrollan-concepto-de-vehiculo-forestal\\\/#primaryimage\",\"url\":\"https:\\\/\\\/transportjournal.com\\\/wp-content\\\/uploads\\\/sites\\\/2\\\/2026\\\/04\\\/SAF-HOLLAND_Referenz_WIESE_3-aspect-ratio-1400-788.jpg\",\"contentUrl\":\"https:\\\/\\\/transportjournal.com\\\/wp-content\\\/uploads\\\/sites\\\/2\\\/2026\\\/04\\\/SAF-HOLLAND_Referenz_WIESE_3-aspect-ratio-1400-788.jpg\",\"width\":2318,\"height\":1305},{\"@type\":\"BreadcrumbList\",\"@id\":\"https:\\\/\\\/transportjournal.com\\\/es\\\/2026\\\/04\\\/30\\\/wiese-y-saf-desarrollan-concepto-de-vehiculo-forestal\\\/#breadcrumb\",\"itemListElement\":[{\"@type\":\"ListItem\",\"position\":1,\"name\":\"Startseite\",\"item\":\"https:\\\/\\\/transportjournal.com\\\/es\\\/\"},{\"@type\":\"ListItem\",\"position\":2,\"name\":\"WIESE y SAF desarrollan concepto de veh\u00edculo forestal\"}]},{\"@type\":\"WebSite\",\"@id\":\"https:\\\/\\\/transportjournal.com\\\/es\\\/#website\",\"url\":\"https:\\\/\\\/transportjournal.com\\\/es\\\/\",\"name\":\"ITJ | International Transport Journal\",\"description\":\"Stay informed with the latest global news from the transport, logistics, and supply chain industries. Transport Journal delivers expert insights, analysis, and updates across shipping, aviation, intermodal, and forwarding.\",\"publisher\":{\"@id\":\"https:\\\/\\\/transportjournal.com\\\/es\\\/#organization\"},\"potentialAction\":[{\"@type\":\"SearchAction\",\"target\":{\"@type\":\"EntryPoint\",\"urlTemplate\":\"https:\\\/\\\/transportjournal.com\\\/es\\\/?s={search_term_string}\"},\"query-input\":{\"@type\":\"PropertyValueSpecification\",\"valueRequired\":true,\"valueName\":\"search_term_string\"}}],\"inLanguage\":\"es\"},{\"@type\":\"Organization\",\"@id\":\"https:\\\/\\\/transportjournal.com\\\/es\\\/#organization\",\"name\":\"Grupo Logismedia AG\",\"alternateName\":\"Logismedia Group AG\",\"url\":\"https:\\\/\\\/transportjournal.com\\\/es\\\/\",\"logo\":{\"@type\":\"ImageObject\",\"inLanguage\":\"es\",\"@id\":\"https:\\\/\\\/transportjournal.com\\\/es\\\/#\\\/schema\\\/logo\\\/image\\\/\",\"url\":\"https:\\\/\\\/transportjournal.com\\\/wp-content\\\/uploads\\\/sites\\\/2\\\/2025\\\/09\\\/Logo_ITJ.png\",\"contentUrl\":\"https:\\\/\\\/transportjournal.com\\\/wp-content\\\/uploads\\\/sites\\\/2\\\/2025\\\/09\\\/Logo_ITJ.png\",\"width\":799,\"height\":326,\"caption\":\"Grupo Logismedia AG\"},\"image\":{\"@id\":\"https:\\\/\\\/transportjournal.com\\\/es\\\/#\\\/schema\\\/logo\\\/image\\\/\"},\"sameAs\":[\"https:\\\/\\\/www.linkedin.com\\\/company\\\/56456496\\\/admin\\\/dashboard\\\/\",\"https:\\\/\\\/www.instagram.com\\\/logismediagroup\\\/\",\"https:\\\/\\\/www.youtube.com\\\/@LogiamediaGroupAG\"]},{\"@type\":\"Person\",\"@id\":\"https:\\\/\\\/transportjournal.com\\\/es\\\/#\\\/schema\\\/person\\\/41d36b5474b623392fa613e97e2363fa\",\"name\":\"Jeremy Soland\",\"url\":\"https:\\\/\\\/transportjournal.com\\\/es\\\/author\\\/jeremy\\\/\"}]}<\/script>\n<!-- \/ Yoast SEO plugin. -->","yoast_head_json":{"title":"WIESE y SAF desarrollan concepto de veh\u00edculo forestal - ITJ | International Transport Journal","robots":{"index":"index","follow":"follow","max-snippet":"max-snippet:-1","max-image-preview":"max-image-preview:large","max-video-preview":"max-video-preview:-1"},"canonical":"https:\/\/transportjournal.com\/es\/2026\/04\/30\/wiese-y-saf-desarrollan-concepto-de-vehiculo-forestal\/","og_locale":"es_ES","og_type":"article","og_title":"WIESE y SAF desarrollan concepto de veh\u00edculo forestal - ITJ | International Transport Journal","og_description":"WIESE Fahrzeugbau y SAF-HOLLAND han desarrollado conjuntamente un volquete de dos ejes para uso forestal, que tiene como objetivo mejorar la maniobrabilidad en caminos forestales estrechos.","og_url":"https:\/\/transportjournal.com\/es\/2026\/04\/30\/wiese-y-saf-desarrollan-concepto-de-vehiculo-forestal\/","og_site_name":"ITJ | International Transport Journal","article_published_time":"2026-04-30T08:03:31+00:00","og_image":[{"width":2318,"height":1305,"url":"https:\/\/transportjournal.com\/wp-content\/uploads\/sites\/2\/2026\/04\/SAF-HOLLAND_Referenz_WIESE_3-aspect-ratio-1400-788.jpg","type":"image\/jpeg"}],"author":"Jeremy Soland","twitter_card":"summary_large_image","twitter_misc":{"Escrito por":"Jeremy Soland","Tiempo de lectura":"1 minuto"},"schema":{"@context":"https:\/\/schema.org","@graph":[{"@type":"Article","@id":"https:\/\/transportjournal.com\/es\/2026\/04\/30\/wiese-y-saf-desarrollan-concepto-de-vehiculo-forestal\/#article","isPartOf":{"@id":"https:\/\/transportjournal.com\/es\/2026\/04\/30\/wiese-y-saf-desarrollan-concepto-de-vehiculo-forestal\/"},"author":{"name":"Jeremy Soland","@id":"https:\/\/transportjournal.com\/es\/#\/schema\/person\/41d36b5474b623392fa613e97e2363fa"},"headline":"WIESE y SAF desarrollan concepto de veh\u00edculo forestal","datePublished":"2026-04-30T08:03:31+00:00","mainEntityOfPage":{"@id":"https:\/\/transportjournal.com\/es\/2026\/04\/30\/wiese-y-saf-desarrollan-concepto-de-vehiculo-forestal\/"},"wordCount":188,"commentCount":0,"publisher":{"@id":"https:\/\/transportjournal.com\/es\/#organization"},"image":{"@id":"https:\/\/transportjournal.com\/es\/2026\/04\/30\/wiese-y-saf-desarrollan-concepto-de-vehiculo-forestal\/#primaryimage"},"thumbnailUrl":"https:\/\/transportjournal.com\/wp-content\/uploads\/sites\/2\/2026\/04\/SAF-HOLLAND_Referenz_WIESE_3-aspect-ratio-1400-788.jpg","articleSection":["Europa","Intermodal \/ Carretera"],"inLanguage":"es","potentialAction":[{"@type":"CommentAction","name":"Comment","target":["https:\/\/transportjournal.com\/es\/2026\/04\/30\/wiese-y-saf-desarrollan-concepto-de-vehiculo-forestal\/#respond"]}]},{"@type":"WebPage","@id":"https:\/\/transportjournal.com\/es\/2026\/04\/30\/wiese-y-saf-desarrollan-concepto-de-vehiculo-forestal\/","url":"https:\/\/transportjournal.com\/es\/2026\/04\/30\/wiese-y-saf-desarrollan-concepto-de-vehiculo-forestal\/","name":"WIESE y SAF desarrollan concepto de veh\u00edculo forestal - ITJ | International Transport Journal","isPartOf":{"@id":"https:\/\/transportjournal.com\/es\/#website"},"primaryImageOfPage":{"@id":"https:\/\/transportjournal.com\/es\/2026\/04\/30\/wiese-y-saf-desarrollan-concepto-de-vehiculo-forestal\/#primaryimage"},"image":{"@id":"https:\/\/transportjournal.com\/es\/2026\/04\/30\/wiese-y-saf-desarrollan-concepto-de-vehiculo-forestal\/#primaryimage"},"thumbnailUrl":"https:\/\/transportjournal.com\/wp-content\/uploads\/sites\/2\/2026\/04\/SAF-HOLLAND_Referenz_WIESE_3-aspect-ratio-1400-788.jpg","datePublished":"2026-04-30T08:03:31+00:00","breadcrumb":{"@id":"https:\/\/transportjournal.com\/es\/2026\/04\/30\/wiese-y-saf-desarrollan-concepto-de-vehiculo-forestal\/#breadcrumb"},"inLanguage":"es","potentialAction":[{"@type":"ReadAction","target":["https:\/\/transportjournal.com\/es\/2026\/04\/30\/wiese-y-saf-desarrollan-concepto-de-vehiculo-forestal\/"]}]},{"@type":"ImageObject","inLanguage":"es","@id":"https:\/\/transportjournal.com\/es\/2026\/04\/30\/wiese-y-saf-desarrollan-concepto-de-vehiculo-forestal\/#primaryimage","url":"https:\/\/transportjournal.com\/wp-content\/uploads\/sites\/2\/2026\/04\/SAF-HOLLAND_Referenz_WIESE_3-aspect-ratio-1400-788.jpg","contentUrl":"https:\/\/transportjournal.com\/wp-content\/uploads\/sites\/2\/2026\/04\/SAF-HOLLAND_Referenz_WIESE_3-aspect-ratio-1400-788.jpg","width":2318,"height":1305},{"@type":"BreadcrumbList","@id":"https:\/\/transportjournal.com\/es\/2026\/04\/30\/wiese-y-saf-desarrollan-concepto-de-vehiculo-forestal\/#breadcrumb","itemListElement":[{"@type":"ListItem","position":1,"name":"Startseite","item":"https:\/\/transportjournal.com\/es\/"},{"@type":"ListItem","position":2,"name":"WIESE y SAF desarrollan concepto de veh\u00edculo forestal"}]},{"@type":"WebSite","@id":"https:\/\/transportjournal.com\/es\/#website","url":"https:\/\/transportjournal.com\/es\/","name":"ITJ | International Transport Journal","description":"Stay informed with the latest global news from the transport, logistics, and supply chain industries. Transport Journal delivers expert insights, analysis, and updates across shipping, aviation, intermodal, and forwarding.","publisher":{"@id":"https:\/\/transportjournal.com\/es\/#organization"},"potentialAction":[{"@type":"SearchAction","target":{"@type":"EntryPoint","urlTemplate":"https:\/\/transportjournal.com\/es\/?s={search_term_string}"},"query-input":{"@type":"PropertyValueSpecification","valueRequired":true,"valueName":"search_term_string"}}],"inLanguage":"es"},{"@type":"Organization","@id":"https:\/\/transportjournal.com\/es\/#organization","name":"Grupo Logismedia AG","alternateName":"Logismedia Group AG","url":"https:\/\/transportjournal.com\/es\/","logo":{"@type":"ImageObject","inLanguage":"es","@id":"https:\/\/transportjournal.com\/es\/#\/schema\/logo\/image\/","url":"https:\/\/transportjournal.com\/wp-content\/uploads\/sites\/2\/2025\/09\/Logo_ITJ.png","contentUrl":"https:\/\/transportjournal.com\/wp-content\/uploads\/sites\/2\/2025\/09\/Logo_ITJ.png","width":799,"height":326,"caption":"Grupo Logismedia AG"},"image":{"@id":"https:\/\/transportjournal.com\/es\/#\/schema\/logo\/image\/"},"sameAs":["https:\/\/www.linkedin.com\/company\/56456496\/admin\/dashboard\/","https:\/\/www.instagram.com\/logismediagroup\/","https:\/\/www.youtube.com\/@LogiamediaGroupAG"]},{"@type":"Person","@id":"https:\/\/transportjournal.com\/es\/#\/schema\/person\/41d36b5474b623392fa613e97e2363fa","name":"Jeremy Soland","url":"https:\/\/transportjournal.com\/es\/author\/jeremy\/"}]}},"_links":{"self":[{"href":"https:\/\/transportjournal.com\/es\/wp-json\/wp\/v2\/posts\/87448","targetHints":{"allow":["GET"]}}],"collection":[{"href":"https:\/\/transportjournal.com\/es\/wp-json\/wp\/v2\/posts"}],"about":[{"href":"https:\/\/transportjournal.com\/es\/wp-json\/wp\/v2\/types\/post"}],"author":[{"embeddable":true,"href":"https:\/\/transportjournal.com\/es\/wp-json\/wp\/v2\/users\/10"}],"replies":[{"embeddable":true,"href":"https:\/\/transportjournal.com\/es\/wp-json\/wp\/v2\/comments?post=87448"}],"version-history":[{"count":0,"href":"https:\/\/transportjournal.com\/es\/wp-json\/wp\/v2\/posts\/87448\/revisions"}],"wp:featuredmedia":[{"embeddable":true,"href":"https:\/\/transportjournal.com\/es\/wp-json\/wp\/v2\/media\/87445"}],"wp:attachment":[{"href":"https:\/\/transportjournal.com\/es\/wp-json\/wp\/v2\/media?parent=87448"}],"wp:term":[{"taxonomy":"category","embeddable":true,"href":"https:\/\/transportjournal.com\/es\/wp-json\/wp\/v2\/categories?post=87448"},{"taxonomy":"post_tag","embeddable":true,"href":"https:\/\/transportjournal.com\/es\/wp-json\/wp\/v2\/tags?post=87448"}],"curies":[{"name":"wp","href":"https:\/\/api.w.org\/{rel}","templated":true}]}}