{"id":87432,"date":"2026-04-30T07:19:34","date_gmt":"2026-04-30T07:19:34","guid":{"rendered":"https:\/\/transportjournal.com\/2026\/04\/30\/wfs-y-kuehnenagel-amplian-la-asociacion-en-frankfurt\/"},"modified":"2026-04-30T07:19:34","modified_gmt":"2026-04-30T07:19:34","slug":"wfs-y-kuehnenagel-amplian-la-asociacion-en-frankfurt","status":"publish","type":"post","link":"https:\/\/transportjournal.com\/es\/2026\/04\/30\/wfs-y-kuehnenagel-amplian-la-asociacion-en-frankfurt\/","title":{"rendered":"WFS y Kuehne+Nagel ampl\u00edan la asociaci\u00f3n en Frankfurt"},"content":{"rendered":"<p>Worldwide Flight Services (WFS), una empresa del grupo SATS, ha firmado un contrato con Kuehne+Nagel para ofrecer servicios de manipulaci\u00f3n de carga en el aeropuerto de Frankfurt. Este aeropuerto es considerado el mayor centro de carga a\u00e9rea en Europa. El acuerdo sigue a las inversiones de WFS en dos almacenes y dos edificios de oficinas en un terreno de 24,000 m\u00b2 dentro de Cargo City South del aeropuerto, que se pusieron en funcionamiento en diciembre. Las nuevas instalaciones est\u00e1n equipadas con sistemas para el manejo de ULD (Dispositivos de Carga Unitaria) as\u00ed como con esc\u00e1neres de volumen y dimensiones para acelerar el procesamiento de env\u00edos. Anualmente, se pueden manejar hasta 100,000 t de carga de importaci\u00f3n y exportaci\u00f3n para clientes que utilizan los servicios especializados de comercio electr\u00f3nico y manipulaci\u00f3n de carga (EFFH) de WFS.<\/p>\n<h3>Ampliaci\u00f3n de la asociaci\u00f3n en Frankfurt<\/h3>\n<p>Bert Selis, VP de Desarrollo de Negocios de Comercio Electr\u00f3nico y Manipulaci\u00f3n de Carga EMEAA, se pronunci\u00f3 sobre la asociaci\u00f3n: \u201cKuehne+Nagel es un socio importante y valioso para SATS y WFS. Estamos orgullosos de ampliar nuestra asociaci\u00f3n global en Frankfurt, lo que ha sido posible gracias a la introducci\u00f3n de nuestros servicios de comercio electr\u00f3nico y manipulaci\u00f3n de carga en nuestras nuevas instalaciones en el aeropuerto.\u201d Selis enfatiz\u00f3 que los servicios EFFH son centrales para la estrategia de crecimiento de SATS\/WFS y tienen como objetivo ofrecer ventajas operativas y de costos claras para los proveedores de log\u00edstica en crecimiento, lo que Kuehne+Nagel ha reconocido con este nuevo contrato.<\/p>\n<p>Martin Schaefer, SVP de Log\u00edstica A\u00e9rea en Alemania en Kuehne+Nagel, a\u00f1adi\u00f3: \u201cEstamos encantados de ampliar nuestra asociaci\u00f3n con WFS en Frankfurt. Frankfurt es un importante centro dentro de la red de carga a\u00e9rea de Kuehne+Nagel. Juntos podemos acelerar las importaciones y exportaciones al reducir los tiempos de manipulaci\u00f3n y procesamiento para optimizar los flujos de carga para nuestros clientes.\u201d<\/p>\n<p>En nombre de Kuehne+Nagel, WFS no solo se encarga de la manipulaci\u00f3n de entregas de importaci\u00f3n, sino tambi\u00e9n de la recopilaci\u00f3n de peso y dimensiones de las entregas de exportaci\u00f3n, as\u00ed como de la aseguraci\u00f3n y disponibilidad de las mercanc\u00edas para el transporte. Los servicios adicionales incluyen el etiquetado de carga, la consolidaci\u00f3n de HAWB (Gu\u00eda A\u00e9rea de Casa) en Master Air Waybill (MAWB), la construcci\u00f3n de ULDs y transportes especiales a las empresas de manipulaci\u00f3n en tierra y aerol\u00edneas para vuelos salientes. Adem\u00e1s de Frankfurt, la red de ubicaciones de servicio EFFH de WFS tambi\u00e9n incluye \u00c1msterdam, Bruselas, Copenhague, Dubl\u00edn, Lieja, Londres, Madrid, Estocolmo y doce aeropuertos en Francia, incluyendo Par\u00eds CDG.<\/p>\n<p>&nbsp;<\/p>\n<p><a href=\"https:\/\/www.wfs.aero\/\" target=\"_blank\" rel=\"noopener noreferrer\">www.wfs.aero<\/a><\/p>\n<p>&nbsp;<\/p>\n<p><a href=\"https:\/\/www.kuehne-nagel.com\/\" target=\"_blank\" rel=\"noopener noreferrer\">www.kuehne-nagel.com<\/a><\/p>\n<p>&nbsp;<\/p>\n","protected":false},"excerpt":{"rendered":"<p>Worldwide Flight Services ha firmado un contrato con Kuehne+Nagel para la manipulaci\u00f3n de carga en el aeropuerto de Frankfurt, con el fin de aumentar la eficiencia en el transporte a\u00e9reo de mercanc\u00edas.<\/p>\n","protected":false},"author":12,"featured_media":87429,"comment_status":"open","ping_status":"","sticky":false,"template":"","format":"standard","meta":{"_acf_changed":false,"footnotes":""},"categories":[1606,9092,1611,1605],"tags":[43812,43813,43814,43815,23637,43816,13633,2115,2116,5090,5091,43817,43818,43819,43820,43821,43822,43823,43824,43825,43826,43827,43828,2123,43829,43830,43831,43832,43833,10645,43834,12122,43835,43836,43837,5108,43838,43839,5112,3157,43840,43841,43842,43843,43844,5119,2106,5120,43845,13813,8592,43846,13598],"class_list":["post-87432","post","type-post","status-publish","format-standard","has-post-thumbnail","hentry","category-carga-aerea","category-deutschland","category-europa","category-expedicion-y-logistica","tag-abfertigungszeiten-optimieren","tag-accelerate-freight-flows-francais-wfs","tag-accelerer-les-flux-de-fret","tag-air-freight-hub-europe","tag-cargo-city-south","tag-consolidation-hawb-mawb","tag-deutsch-wfs","tag-digitalisierung-in-der-logistik","tag-digitalization-in-logistics","tag-e-commerce-logistics","tag-e-commerce-logistik","tag-etiquetage-de-fret","tag-flughafen-frankfurt-fracht","tag-frachtabfertigung-frankfurt","tag-frachtbeschriftung","tag-frachtlogistik-dienstleistungen","tag-frachtstroeme-beschleunigen-english-wfs","tag-frankfurt-airport-freight","tag-freight-handling-frankfurt","tag-freight-labeling","tag-freight-logistics-services","tag-fret-aeroport-francfort","tag-fret-import-export","tag-gestion-de-la-chaine-dapprovisionnement","tag-hawb-mawb-consolidation","tag-hawb-mawb-konsolidierung","tag-hub-de-fret-aerien-europe","tag-import-export-fracht","tag-import-export-freight","tag-industrie-du-transport-allemagne","tag-kuehnenagel-logistics-network","tag-kuehnenagel","tag-logistics-providers-frankfurt","tag-logistikdienstleister-frankfurt","tag-logistiknetzwerk-kuehnenagel","tag-logistique-e-commerce","tag-luftfracht-drehkreuz-europa","tag-manipulation-uld","tag-nachhaltige-logistikloesungen","tag-numerisation-dans-la-logistique","tag-optimiser-les-temps-de-traitement","tag-optimize-handling-times","tag-prestataires-logistiques-francfort","tag-reseau-logistique-kuehnenagel","tag-services-logistiques-de-fret","tag-solutions-logistiques-durables","tag-supply-chain-management","tag-sustainable-logistics-solutions","tag-traitement-de-fret-francfort","tag-transport-industry-germany","tag-transportwirtschaft-deutschland","tag-uld-handhabung","tag-uld-handling"],"acf":[],"yoast_head":"<!-- This site is optimized with the Yoast SEO plugin v27.3 - https:\/\/yoast.com\/product\/yoast-seo-wordpress\/ -->\n<title>WFS y Kuehne+Nagel ampl\u00edan la asociaci\u00f3n en Frankfurt - ITJ | International Transport Journal<\/title>\n<meta name=\"robots\" content=\"index, follow, max-snippet:-1, max-image-preview:large, max-video-preview:-1\" \/>\n<link rel=\"canonical\" href=\"https:\/\/transportjournal.com\/es\/2026\/04\/30\/wfs-y-kuehnenagel-amplian-la-asociacion-en-frankfurt\/\" \/>\n<meta property=\"og:locale\" content=\"es_ES\" \/>\n<meta property=\"og:type\" content=\"article\" \/>\n<meta property=\"og:title\" content=\"WFS y Kuehne+Nagel ampl\u00edan la asociaci\u00f3n en Frankfurt - ITJ | International Transport Journal\" \/>\n<meta property=\"og:description\" content=\"Worldwide Flight Services ha firmado un contrato con Kuehne+Nagel para la manipulaci\u00f3n de carga en el aeropuerto de Frankfurt, con el fin de aumentar la eficiencia en el transporte a\u00e9reo de mercanc\u00edas.\" \/>\n<meta property=\"og:url\" content=\"https:\/\/transportjournal.com\/es\/2026\/04\/30\/wfs-y-kuehnenagel-amplian-la-asociacion-en-frankfurt\/\" \/>\n<meta property=\"og:site_name\" content=\"ITJ | International Transport Journal\" \/>\n<meta property=\"article:published_time\" content=\"2026-04-30T07:19:34+00:00\" \/>\n<meta property=\"og:image\" content=\"https:\/\/transportjournal.com\/wp-content\/uploads\/sites\/2\/2026\/04\/WFS-PR-MXP-aspect-ratio-1400-788.png\" \/>\n\t<meta property=\"og:image:width\" content=\"1245\" \/>\n\t<meta property=\"og:image:height\" content=\"701\" \/>\n\t<meta property=\"og:image:type\" content=\"image\/png\" \/>\n<meta name=\"author\" content=\"Andreas Haug\" \/>\n<meta name=\"twitter:card\" content=\"summary_large_image\" \/>\n<meta name=\"twitter:label1\" content=\"Escrito por\" \/>\n\t<meta name=\"twitter:data1\" content=\"Andreas Haug\" \/>\n\t<meta name=\"twitter:label2\" content=\"Tiempo de lectura\" \/>\n\t<meta name=\"twitter:data2\" content=\"2 minuto\" \/>\n<script type=\"application\/ld+json\" class=\"yoast-schema-graph\">{\"@context\":\"https:\\\/\\\/schema.org\",\"@graph\":[{\"@type\":\"Article\",\"@id\":\"https:\\\/\\\/transportjournal.com\\\/es\\\/2026\\\/04\\\/30\\\/wfs-y-kuehnenagel-amplian-la-asociacion-en-frankfurt\\\/#article\",\"isPartOf\":{\"@id\":\"https:\\\/\\\/transportjournal.com\\\/es\\\/2026\\\/04\\\/30\\\/wfs-y-kuehnenagel-amplian-la-asociacion-en-frankfurt\\\/\"},\"author\":{\"name\":\"Andreas Haug\",\"@id\":\"https:\\\/\\\/transportjournal.com\\\/es\\\/#\\\/schema\\\/person\\\/cf538b3157f15afd7589245a4b3dbd25\"},\"headline\":\"WFS y Kuehne+Nagel ampl\u00edan la asociaci\u00f3n en Frankfurt\",\"datePublished\":\"2026-04-30T07:19:34+00:00\",\"mainEntityOfPage\":{\"@id\":\"https:\\\/\\\/transportjournal.com\\\/es\\\/2026\\\/04\\\/30\\\/wfs-y-kuehnenagel-amplian-la-asociacion-en-frankfurt\\\/\"},\"wordCount\":488,\"commentCount\":0,\"publisher\":{\"@id\":\"https:\\\/\\\/transportjournal.com\\\/es\\\/#organization\"},\"image\":{\"@id\":\"https:\\\/\\\/transportjournal.com\\\/es\\\/2026\\\/04\\\/30\\\/wfs-y-kuehnenagel-amplian-la-asociacion-en-frankfurt\\\/#primaryimage\"},\"thumbnailUrl\":\"https:\\\/\\\/transportjournal.com\\\/wp-content\\\/uploads\\\/sites\\\/2\\\/2026\\\/04\\\/WFS-PR-MXP-aspect-ratio-1400-788.png\",\"keywords\":[\"Abfertigungszeiten optimieren\",\"accelerate freight flows Fran\u00e7ais WFS\",\"acc\u00e9l\u00e9rer les flux de fret\",\"air freight hub Europe\",\"Cargo City South\",\"consolidation HAWB MAWB\",\"Deutsch WFS\",\"Digitalisierung in der Logistik\",\"digitalization in logistics\",\"e-commerce logistics\",\"E-Commerce Logistik\",\"\u00e9tiquetage de fret\",\"Flughafen Frankfurt Fracht\",\"Frachtabfertigung Frankfurt\",\"Frachtbeschriftung\",\"Frachtlogistik Dienstleistungen\",\"Frachtstr\u00f6me beschleunigen English WFS\",\"Frankfurt airport freight\",\"freight handling Frankfurt\",\"freight labeling\",\"freight logistics services\",\"fret a\u00e9roport Francfort\",\"fret import export\",\"gestion de la cha\u00eene d'approvisionnement\",\"HAWB MAWB consolidation\",\"HAWB MAWB Konsolidierung\",\"hub de fret a\u00e9rien Europe\",\"Import Export Fracht\",\"import export freight\",\"industrie du transport Allemagne\",\"Kuehne+Nagel logistics network\",\"K\u00fchne+Nagel\",\"logistics providers Frankfurt\",\"Logistikdienstleister Frankfurt\",\"Logistiknetzwerk Kuehne+Nagel\",\"logistique e-commerce\",\"Luftfracht-Drehkreuz Europa\",\"manipulation ULD\",\"nachhaltige Logistikl\u00f6sungen\",\"num\u00e9risation dans la logistique\",\"optimiser les temps de traitement\",\"optimize handling times\",\"prestataires logistiques Francfort\",\"r\u00e9seau logistique Kuehne+Nagel\",\"services logistiques de fret\",\"solutions logistiques durables\",\"Supply Chain Management\",\"sustainable logistics solutions\",\"traitement de fret Francfort\",\"transport industry Germany\",\"Transportwirtschaft Deutschland\",\"ULD Handhabung\",\"ULD Handling\"],\"articleSection\":[\"Carga a\u00e9rea\",\"Deutschland\",\"Europa\",\"Transporte de mercanc\u00edas y log\u00edstica\"],\"inLanguage\":\"es\",\"potentialAction\":[{\"@type\":\"CommentAction\",\"name\":\"Comment\",\"target\":[\"https:\\\/\\\/transportjournal.com\\\/es\\\/2026\\\/04\\\/30\\\/wfs-y-kuehnenagel-amplian-la-asociacion-en-frankfurt\\\/#respond\"]}]},{\"@type\":\"WebPage\",\"@id\":\"https:\\\/\\\/transportjournal.com\\\/es\\\/2026\\\/04\\\/30\\\/wfs-y-kuehnenagel-amplian-la-asociacion-en-frankfurt\\\/\",\"url\":\"https:\\\/\\\/transportjournal.com\\\/es\\\/2026\\\/04\\\/30\\\/wfs-y-kuehnenagel-amplian-la-asociacion-en-frankfurt\\\/\",\"name\":\"WFS y Kuehne+Nagel ampl\u00edan la asociaci\u00f3n en Frankfurt - ITJ | International Transport Journal\",\"isPartOf\":{\"@id\":\"https:\\\/\\\/transportjournal.com\\\/es\\\/#website\"},\"primaryImageOfPage\":{\"@id\":\"https:\\\/\\\/transportjournal.com\\\/es\\\/2026\\\/04\\\/30\\\/wfs-y-kuehnenagel-amplian-la-asociacion-en-frankfurt\\\/#primaryimage\"},\"image\":{\"@id\":\"https:\\\/\\\/transportjournal.com\\\/es\\\/2026\\\/04\\\/30\\\/wfs-y-kuehnenagel-amplian-la-asociacion-en-frankfurt\\\/#primaryimage\"},\"thumbnailUrl\":\"https:\\\/\\\/transportjournal.com\\\/wp-content\\\/uploads\\\/sites\\\/2\\\/2026\\\/04\\\/WFS-PR-MXP-aspect-ratio-1400-788.png\",\"datePublished\":\"2026-04-30T07:19:34+00:00\",\"breadcrumb\":{\"@id\":\"https:\\\/\\\/transportjournal.com\\\/es\\\/2026\\\/04\\\/30\\\/wfs-y-kuehnenagel-amplian-la-asociacion-en-frankfurt\\\/#breadcrumb\"},\"inLanguage\":\"es\",\"potentialAction\":[{\"@type\":\"ReadAction\",\"target\":[\"https:\\\/\\\/transportjournal.com\\\/es\\\/2026\\\/04\\\/30\\\/wfs-y-kuehnenagel-amplian-la-asociacion-en-frankfurt\\\/\"]}]},{\"@type\":\"ImageObject\",\"inLanguage\":\"es\",\"@id\":\"https:\\\/\\\/transportjournal.com\\\/es\\\/2026\\\/04\\\/30\\\/wfs-y-kuehnenagel-amplian-la-asociacion-en-frankfurt\\\/#primaryimage\",\"url\":\"https:\\\/\\\/transportjournal.com\\\/wp-content\\\/uploads\\\/sites\\\/2\\\/2026\\\/04\\\/WFS-PR-MXP-aspect-ratio-1400-788.png\",\"contentUrl\":\"https:\\\/\\\/transportjournal.com\\\/wp-content\\\/uploads\\\/sites\\\/2\\\/2026\\\/04\\\/WFS-PR-MXP-aspect-ratio-1400-788.png\",\"width\":1245,\"height\":701},{\"@type\":\"BreadcrumbList\",\"@id\":\"https:\\\/\\\/transportjournal.com\\\/es\\\/2026\\\/04\\\/30\\\/wfs-y-kuehnenagel-amplian-la-asociacion-en-frankfurt\\\/#breadcrumb\",\"itemListElement\":[{\"@type\":\"ListItem\",\"position\":1,\"name\":\"Startseite\",\"item\":\"https:\\\/\\\/transportjournal.com\\\/es\\\/\"},{\"@type\":\"ListItem\",\"position\":2,\"name\":\"WFS y Kuehne+Nagel ampl\u00edan la asociaci\u00f3n en Frankfurt\"}]},{\"@type\":\"WebSite\",\"@id\":\"https:\\\/\\\/transportjournal.com\\\/es\\\/#website\",\"url\":\"https:\\\/\\\/transportjournal.com\\\/es\\\/\",\"name\":\"ITJ | International Transport Journal\",\"description\":\"Stay informed with the latest global news from the transport, logistics, and supply chain industries. Transport Journal delivers expert insights, analysis, and updates across shipping, aviation, intermodal, and forwarding.\",\"publisher\":{\"@id\":\"https:\\\/\\\/transportjournal.com\\\/es\\\/#organization\"},\"potentialAction\":[{\"@type\":\"SearchAction\",\"target\":{\"@type\":\"EntryPoint\",\"urlTemplate\":\"https:\\\/\\\/transportjournal.com\\\/es\\\/?s={search_term_string}\"},\"query-input\":{\"@type\":\"PropertyValueSpecification\",\"valueRequired\":true,\"valueName\":\"search_term_string\"}}],\"inLanguage\":\"es\"},{\"@type\":\"Organization\",\"@id\":\"https:\\\/\\\/transportjournal.com\\\/es\\\/#organization\",\"name\":\"Grupo Logismedia AG\",\"alternateName\":\"Logismedia Group AG\",\"url\":\"https:\\\/\\\/transportjournal.com\\\/es\\\/\",\"logo\":{\"@type\":\"ImageObject\",\"inLanguage\":\"es\",\"@id\":\"https:\\\/\\\/transportjournal.com\\\/es\\\/#\\\/schema\\\/logo\\\/image\\\/\",\"url\":\"https:\\\/\\\/transportjournal.com\\\/wp-content\\\/uploads\\\/sites\\\/2\\\/2025\\\/09\\\/Logo_ITJ.png\",\"contentUrl\":\"https:\\\/\\\/transportjournal.com\\\/wp-content\\\/uploads\\\/sites\\\/2\\\/2025\\\/09\\\/Logo_ITJ.png\",\"width\":799,\"height\":326,\"caption\":\"Grupo Logismedia AG\"},\"image\":{\"@id\":\"https:\\\/\\\/transportjournal.com\\\/es\\\/#\\\/schema\\\/logo\\\/image\\\/\"},\"sameAs\":[\"https:\\\/\\\/www.linkedin.com\\\/company\\\/56456496\\\/admin\\\/dashboard\\\/\",\"https:\\\/\\\/www.instagram.com\\\/logismediagroup\\\/\",\"https:\\\/\\\/www.youtube.com\\\/@LogiamediaGroupAG\"]},{\"@type\":\"Person\",\"@id\":\"https:\\\/\\\/transportjournal.com\\\/es\\\/#\\\/schema\\\/person\\\/cf538b3157f15afd7589245a4b3dbd25\",\"name\":\"Andreas Haug\",\"url\":\"https:\\\/\\\/transportjournal.com\\\/es\\\/author\\\/andreas\\\/\"}]}<\/script>\n<!-- \/ Yoast SEO plugin. -->","yoast_head_json":{"title":"WFS y Kuehne+Nagel ampl\u00edan la asociaci\u00f3n en Frankfurt - ITJ | International Transport Journal","robots":{"index":"index","follow":"follow","max-snippet":"max-snippet:-1","max-image-preview":"max-image-preview:large","max-video-preview":"max-video-preview:-1"},"canonical":"https:\/\/transportjournal.com\/es\/2026\/04\/30\/wfs-y-kuehnenagel-amplian-la-asociacion-en-frankfurt\/","og_locale":"es_ES","og_type":"article","og_title":"WFS y Kuehne+Nagel ampl\u00edan la asociaci\u00f3n en Frankfurt - ITJ | International Transport Journal","og_description":"Worldwide Flight Services ha firmado un contrato con Kuehne+Nagel para la manipulaci\u00f3n de carga en el aeropuerto de Frankfurt, con el fin de aumentar la eficiencia en el transporte a\u00e9reo de mercanc\u00edas.","og_url":"https:\/\/transportjournal.com\/es\/2026\/04\/30\/wfs-y-kuehnenagel-amplian-la-asociacion-en-frankfurt\/","og_site_name":"ITJ | International Transport Journal","article_published_time":"2026-04-30T07:19:34+00:00","og_image":[{"width":1245,"height":701,"url":"https:\/\/transportjournal.com\/wp-content\/uploads\/sites\/2\/2026\/04\/WFS-PR-MXP-aspect-ratio-1400-788.png","type":"image\/png"}],"author":"Andreas Haug","twitter_card":"summary_large_image","twitter_misc":{"Escrito por":"Andreas Haug","Tiempo de lectura":"2 minuto"},"schema":{"@context":"https:\/\/schema.org","@graph":[{"@type":"Article","@id":"https:\/\/transportjournal.com\/es\/2026\/04\/30\/wfs-y-kuehnenagel-amplian-la-asociacion-en-frankfurt\/#article","isPartOf":{"@id":"https:\/\/transportjournal.com\/es\/2026\/04\/30\/wfs-y-kuehnenagel-amplian-la-asociacion-en-frankfurt\/"},"author":{"name":"Andreas Haug","@id":"https:\/\/transportjournal.com\/es\/#\/schema\/person\/cf538b3157f15afd7589245a4b3dbd25"},"headline":"WFS y Kuehne+Nagel ampl\u00edan la asociaci\u00f3n en Frankfurt","datePublished":"2026-04-30T07:19:34+00:00","mainEntityOfPage":{"@id":"https:\/\/transportjournal.com\/es\/2026\/04\/30\/wfs-y-kuehnenagel-amplian-la-asociacion-en-frankfurt\/"},"wordCount":488,"commentCount":0,"publisher":{"@id":"https:\/\/transportjournal.com\/es\/#organization"},"image":{"@id":"https:\/\/transportjournal.com\/es\/2026\/04\/30\/wfs-y-kuehnenagel-amplian-la-asociacion-en-frankfurt\/#primaryimage"},"thumbnailUrl":"https:\/\/transportjournal.com\/wp-content\/uploads\/sites\/2\/2026\/04\/WFS-PR-MXP-aspect-ratio-1400-788.png","keywords":["Abfertigungszeiten optimieren","accelerate freight flows Fran\u00e7ais WFS","acc\u00e9l\u00e9rer les flux de fret","air freight hub Europe","Cargo City South","consolidation HAWB MAWB","Deutsch WFS","Digitalisierung in der Logistik","digitalization in logistics","e-commerce logistics","E-Commerce Logistik","\u00e9tiquetage de fret","Flughafen Frankfurt Fracht","Frachtabfertigung Frankfurt","Frachtbeschriftung","Frachtlogistik Dienstleistungen","Frachtstr\u00f6me beschleunigen English WFS","Frankfurt airport freight","freight handling Frankfurt","freight labeling","freight logistics services","fret a\u00e9roport Francfort","fret import export","gestion de la cha\u00eene d'approvisionnement","HAWB MAWB consolidation","HAWB MAWB Konsolidierung","hub de fret a\u00e9rien Europe","Import Export Fracht","import export freight","industrie du transport Allemagne","Kuehne+Nagel logistics network","K\u00fchne+Nagel","logistics providers Frankfurt","Logistikdienstleister Frankfurt","Logistiknetzwerk Kuehne+Nagel","logistique e-commerce","Luftfracht-Drehkreuz Europa","manipulation ULD","nachhaltige Logistikl\u00f6sungen","num\u00e9risation dans la logistique","optimiser les temps de traitement","optimize handling times","prestataires logistiques Francfort","r\u00e9seau logistique Kuehne+Nagel","services logistiques de fret","solutions logistiques durables","Supply Chain Management","sustainable logistics solutions","traitement de fret Francfort","transport industry Germany","Transportwirtschaft Deutschland","ULD Handhabung","ULD Handling"],"articleSection":["Carga a\u00e9rea","Deutschland","Europa","Transporte de mercanc\u00edas y log\u00edstica"],"inLanguage":"es","potentialAction":[{"@type":"CommentAction","name":"Comment","target":["https:\/\/transportjournal.com\/es\/2026\/04\/30\/wfs-y-kuehnenagel-amplian-la-asociacion-en-frankfurt\/#respond"]}]},{"@type":"WebPage","@id":"https:\/\/transportjournal.com\/es\/2026\/04\/30\/wfs-y-kuehnenagel-amplian-la-asociacion-en-frankfurt\/","url":"https:\/\/transportjournal.com\/es\/2026\/04\/30\/wfs-y-kuehnenagel-amplian-la-asociacion-en-frankfurt\/","name":"WFS y Kuehne+Nagel ampl\u00edan la asociaci\u00f3n en Frankfurt - ITJ | International Transport Journal","isPartOf":{"@id":"https:\/\/transportjournal.com\/es\/#website"},"primaryImageOfPage":{"@id":"https:\/\/transportjournal.com\/es\/2026\/04\/30\/wfs-y-kuehnenagel-amplian-la-asociacion-en-frankfurt\/#primaryimage"},"image":{"@id":"https:\/\/transportjournal.com\/es\/2026\/04\/30\/wfs-y-kuehnenagel-amplian-la-asociacion-en-frankfurt\/#primaryimage"},"thumbnailUrl":"https:\/\/transportjournal.com\/wp-content\/uploads\/sites\/2\/2026\/04\/WFS-PR-MXP-aspect-ratio-1400-788.png","datePublished":"2026-04-30T07:19:34+00:00","breadcrumb":{"@id":"https:\/\/transportjournal.com\/es\/2026\/04\/30\/wfs-y-kuehnenagel-amplian-la-asociacion-en-frankfurt\/#breadcrumb"},"inLanguage":"es","potentialAction":[{"@type":"ReadAction","target":["https:\/\/transportjournal.com\/es\/2026\/04\/30\/wfs-y-kuehnenagel-amplian-la-asociacion-en-frankfurt\/"]}]},{"@type":"ImageObject","inLanguage":"es","@id":"https:\/\/transportjournal.com\/es\/2026\/04\/30\/wfs-y-kuehnenagel-amplian-la-asociacion-en-frankfurt\/#primaryimage","url":"https:\/\/transportjournal.com\/wp-content\/uploads\/sites\/2\/2026\/04\/WFS-PR-MXP-aspect-ratio-1400-788.png","contentUrl":"https:\/\/transportjournal.com\/wp-content\/uploads\/sites\/2\/2026\/04\/WFS-PR-MXP-aspect-ratio-1400-788.png","width":1245,"height":701},{"@type":"BreadcrumbList","@id":"https:\/\/transportjournal.com\/es\/2026\/04\/30\/wfs-y-kuehnenagel-amplian-la-asociacion-en-frankfurt\/#breadcrumb","itemListElement":[{"@type":"ListItem","position":1,"name":"Startseite","item":"https:\/\/transportjournal.com\/es\/"},{"@type":"ListItem","position":2,"name":"WFS y Kuehne+Nagel ampl\u00edan la asociaci\u00f3n en Frankfurt"}]},{"@type":"WebSite","@id":"https:\/\/transportjournal.com\/es\/#website","url":"https:\/\/transportjournal.com\/es\/","name":"ITJ | International Transport Journal","description":"Stay informed with the latest global news from the transport, logistics, and supply chain industries. Transport Journal delivers expert insights, analysis, and updates across shipping, aviation, intermodal, and forwarding.","publisher":{"@id":"https:\/\/transportjournal.com\/es\/#organization"},"potentialAction":[{"@type":"SearchAction","target":{"@type":"EntryPoint","urlTemplate":"https:\/\/transportjournal.com\/es\/?s={search_term_string}"},"query-input":{"@type":"PropertyValueSpecification","valueRequired":true,"valueName":"search_term_string"}}],"inLanguage":"es"},{"@type":"Organization","@id":"https:\/\/transportjournal.com\/es\/#organization","name":"Grupo Logismedia AG","alternateName":"Logismedia Group AG","url":"https:\/\/transportjournal.com\/es\/","logo":{"@type":"ImageObject","inLanguage":"es","@id":"https:\/\/transportjournal.com\/es\/#\/schema\/logo\/image\/","url":"https:\/\/transportjournal.com\/wp-content\/uploads\/sites\/2\/2025\/09\/Logo_ITJ.png","contentUrl":"https:\/\/transportjournal.com\/wp-content\/uploads\/sites\/2\/2025\/09\/Logo_ITJ.png","width":799,"height":326,"caption":"Grupo Logismedia AG"},"image":{"@id":"https:\/\/transportjournal.com\/es\/#\/schema\/logo\/image\/"},"sameAs":["https:\/\/www.linkedin.com\/company\/56456496\/admin\/dashboard\/","https:\/\/www.instagram.com\/logismediagroup\/","https:\/\/www.youtube.com\/@LogiamediaGroupAG"]},{"@type":"Person","@id":"https:\/\/transportjournal.com\/es\/#\/schema\/person\/cf538b3157f15afd7589245a4b3dbd25","name":"Andreas Haug","url":"https:\/\/transportjournal.com\/es\/author\/andreas\/"}]}},"_links":{"self":[{"href":"https:\/\/transportjournal.com\/es\/wp-json\/wp\/v2\/posts\/87432","targetHints":{"allow":["GET"]}}],"collection":[{"href":"https:\/\/transportjournal.com\/es\/wp-json\/wp\/v2\/posts"}],"about":[{"href":"https:\/\/transportjournal.com\/es\/wp-json\/wp\/v2\/types\/post"}],"author":[{"embeddable":true,"href":"https:\/\/transportjournal.com\/es\/wp-json\/wp\/v2\/users\/12"}],"replies":[{"embeddable":true,"href":"https:\/\/transportjournal.com\/es\/wp-json\/wp\/v2\/comments?post=87432"}],"version-history":[{"count":0,"href":"https:\/\/transportjournal.com\/es\/wp-json\/wp\/v2\/posts\/87432\/revisions"}],"wp:featuredmedia":[{"embeddable":true,"href":"https:\/\/transportjournal.com\/es\/wp-json\/wp\/v2\/media\/87429"}],"wp:attachment":[{"href":"https:\/\/transportjournal.com\/es\/wp-json\/wp\/v2\/media?parent=87432"}],"wp:term":[{"taxonomy":"category","embeddable":true,"href":"https:\/\/transportjournal.com\/es\/wp-json\/wp\/v2\/categories?post=87432"},{"taxonomy":"post_tag","embeddable":true,"href":"https:\/\/transportjournal.com\/es\/wp-json\/wp\/v2\/tags?post=87432"}],"curies":[{"name":"wp","href":"https:\/\/api.w.org\/{rel}","templated":true}]}}