{"id":87386,"date":"2026-04-29T15:28:43","date_gmt":"2026-04-29T15:28:43","guid":{"rendered":"https:\/\/transportjournal.com\/2026\/04\/29\/arnold-schwerlast-se-une-a-la-ahk-ucrania\/"},"modified":"2026-04-29T15:28:43","modified_gmt":"2026-04-29T15:28:43","slug":"arnold-schwerlast-se-une-a-la-ahk-ucrania","status":"publish","type":"post","link":"https:\/\/transportjournal.com\/es\/2026\/04\/29\/arnold-schwerlast-se-une-a-la-ahk-ucrania\/","title":{"rendered":"Arnold Schwerlast se une a la AHK Ucrania"},"content":{"rendered":"<p>Arnold Schwerlast GmbH de Rimpar cerca de W\u00fcrzburg se ha unido a la C\u00e1mara de Comercio e Industria Germano-Ucraniana (AHK Ucrania) para prepararse para la reconstrucci\u00f3n de Ucrania. La empresa, especializada en log\u00edstica de proyectos y transportes pesados, considera que su experiencia es crucial para afrontar los desaf\u00edos en el transporte de mercanc\u00edas a gran escala, especialmente en zonas de guerra.<\/p>\n<p>Oliver Arnold (centro), uno de los directores junto a Heike Fuchs y Volker Lenzing, enfatiza la importancia de una log\u00edstica de proyectos flexible y segura para la reconstrucci\u00f3n de Ucrania. Explica que la reconstrucci\u00f3n representa una de las mayores tareas econ\u00f3micas e infraestructurales de Europa en los pr\u00f3ximos a\u00f1os. La empresa desea actuar como socio para inversores, proveedores de energ\u00eda y entidades p\u00fablicas que quieran llevar a cabo proyectos en Ucrania.<\/p>\n<h3>Experiencia en Europa del Este<\/h3>\n<p>Arnold Schwerlast aporta una larga experiencia en la planificaci\u00f3n y ejecuci\u00f3n de transportes de proyectos internacionales en Europa del Este. El alcance de los servicios incluye an\u00e1lisis de viabilidad, gesti\u00f3n de permisos, planificaci\u00f3n de rutas, despacho aduanero y conceptos de transporte multimodal. En Ucrania, se demandar\u00e1n especialmente entregas para proyectos energ\u00e9ticos, sitios industriales y de producci\u00f3n, as\u00ed como para la construcci\u00f3n en altura. Estos proyectos requieren soluciones log\u00edsticas precisas que la empresa ha implementado con \u00e9xito durante a\u00f1os.<\/p>\n<p>\u201cEstamos listos para aportar nuestra experiencia, nuestra red y nuestra fortaleza operativa para apoyar de manera eficiente proyectos internacionales en Ucrania\u201d, dice Oliver Arnold. Destaca que la reconstrucci\u00f3n no comienza con la primera gr\u00faa de construcci\u00f3n, sino ya con cadenas de suministro funcionales. Las empresas que establezcan estructuras log\u00edsticas s\u00f3lidas desde el principio podr\u00e1n asegurar ventajas decisivas.<\/p>\n<h3>Membres\u00eda en la AHK Ucrania<\/h3>\n<p>La membres\u00eda en la C\u00e1mara de Comercio e Industria Germano-Ucraniana permite a Arnold Schwerlast desarrollar una comprensi\u00f3n s\u00f3lida de las condiciones econ\u00f3micas y las costumbres en Ucrania. La AHK Ucrania, fundada en 2016 en Kiev, apoya a las empresas en los negocios internacionales y cuenta actualmente con 62 miembros premium, entre ellos empresas de renombre como BMW y Siemens.<\/p>\n<p>La decisi\u00f3n de unirse a la AHK se tom\u00f3 durante el 8.\u00ba Foro Econ\u00f3mico Germano-Ucraniano en Berl\u00edn, donde estuvieron presentes altos funcionarios gubernamentales de ambos pa\u00edses. Oliver Arnold informa que la empresa fue contactada por Volodymyr Kravets, gerente de proyectos de la AHK, para apoyar su trabajo en las \u00e1reas de transporte y log\u00edstica.<\/p>\n<p>Arnold ve en la membres\u00eda ventajas como el branding en el espacio econ\u00f3mico germano-ucraniano y el acceso directo a tomadores de decisiones. El co-director Volker Lenzing ser\u00e1 el responsable principal del compromiso de la empresa con Ucrania.<\/p>\n<p>Sin embargo, el desarrollo futuro de la empresa depende en gran medida de la situaci\u00f3n en Ucrania y de la medida en que el pa\u00eds podr\u00e1 aceptar el apoyo de Alemania tras la guerra.<\/p>\n<p>&nbsp;<\/p>\n<p><a href=\"https:\/\/www.arnold-schwerlast.de\/\" target=\"_blank\" rel=\"noopener noreferrer\">www.arnold-schwerlast.de<\/a><\/p>\n<p>&nbsp;<\/p>\n","protected":false},"excerpt":{"rendered":"<p>Arnold Schwerlast GmbH se ha unido a la AHK Ucrania para aportar su experiencia en el transporte de proyectos para la reconstrucci\u00f3n de Ucrania.<\/p>\n","protected":false},"author":12,"featured_media":87383,"comment_status":"open","ping_status":"","sticky":false,"template":"","format":"standard","meta":{"_acf_changed":false,"footnotes":""},"categories":[9092,1611,1603,1605],"tags":[43679,43680,43681,43682,12662,43683,43684,4557,4753,4754,43685,43686,43687,7478,7480,43688,43689,43690,43691,43692,2125,43693,43694,43695,43696,12674,2133,1831,10929,43697,43698,43699,43700,43701,43702,14634,2148,10935,1991,43703,4583,7496,43704,14636,14924,12681,43705,43706,2155,1837,43707,43708,1850],"class_list":["post-87386","post","type-post","status-publish","format-standard","has-post-thumbnail","hentry","category-deutschland","category-europa","category-personas-y-empresas","category-expedicion-y-logistica","tag-adhesion-ahk","tag-ahk-membership-francais-transport-lourd","tag-ahk-ukraine","tag-arnold-schwerlast-gmbh","tag-chaines-dapprovisionnement","tag-concepts-de-transport-multimodal","tag-conditions-economiques-ukraine","tag-construction-projects","tag-customs-clearance","tag-dedouanement","tag-deutsch-schwerlast","tag-eastern-europe-logistics","tag-economic-conditions-ukraine","tag-energieprojekte","tag-energy-projects","tag-genehmigungsmanagement","tag-gestion-des-autorisations","tag-goods-transport-war-zones","tag-guetertransport-kriegsgebiete","tag-hochbau-projekte","tag-industrie-du-transport","tag-infrastructure-projects-ukraine","tag-infrastrukturprojekte-ukraine","tag-international-project-transport","tag-internationale-projekttransporte","tag-lieferketten","tag-logistics-service-providers","tag-logistikdienstleister","tag-logistique-de-projet","tag-logistique-en-europe-de-lest","tag-mitgliedschaft-ahk-english-heavy-transport","tag-multimodal-transport-concepts","tag-multimodale-transportkonzepte","tag-osteuropa-logistik","tag-permit-management","tag-planification-des-itineraires","tag-prestataires-de-services-logistiques","tag-project-logistics","tag-projektlogistik","tag-projets-dinfrastructure-ukraine","tag-projets-de-construction","tag-projets-energetiques","tag-reconstruction-ukraine","tag-route-planning","tag-routenplanung","tag-supply-chains","tag-transport-de-marchandises-zones-de-guerre","tag-transport-de-projet-international","tag-transport-industry","tag-transportwirtschaft","tag-wiederaufbau-ukraine","tag-wirtschaftliche-rahmenbedingungen-ukraine","tag-zollabwicklung"],"acf":[],"yoast_head":"<!-- This site is optimized with the Yoast SEO plugin v27.3 - https:\/\/yoast.com\/product\/yoast-seo-wordpress\/ -->\n<title>Arnold Schwerlast se une a la AHK Ucrania - ITJ | International Transport Journal<\/title>\n<meta name=\"robots\" content=\"index, follow, max-snippet:-1, max-image-preview:large, max-video-preview:-1\" \/>\n<link rel=\"canonical\" href=\"https:\/\/transportjournal.com\/es\/2026\/04\/29\/arnold-schwerlast-se-une-a-la-ahk-ucrania\/\" \/>\n<meta property=\"og:locale\" content=\"es_ES\" \/>\n<meta property=\"og:type\" content=\"article\" \/>\n<meta property=\"og:title\" content=\"Arnold Schwerlast se une a la AHK Ucrania - ITJ | International Transport Journal\" \/>\n<meta property=\"og:description\" content=\"Arnold Schwerlast GmbH se ha unido a la AHK Ucrania para aportar su experiencia en el transporte de proyectos para la reconstrucci\u00f3n de Ucrania.\" \/>\n<meta property=\"og:url\" content=\"https:\/\/transportjournal.com\/es\/2026\/04\/29\/arnold-schwerlast-se-une-a-la-ahk-ucrania\/\" \/>\n<meta property=\"og:site_name\" content=\"ITJ | International Transport Journal\" \/>\n<meta property=\"article:published_time\" content=\"2026-04-29T15:28:43+00:00\" \/>\n<meta property=\"og:image\" content=\"https:\/\/transportjournal.com\/wp-content\/uploads\/sites\/2\/2026\/04\/Arnold-Schwerlast-Foto-GF-2026-4-Sara-Mergler-scaled-aspect-ratio-1400-788-scaled-1.jpg\" \/>\n\t<meta property=\"og:image:width\" content=\"2560\" \/>\n\t<meta property=\"og:image:height\" content=\"1441\" \/>\n\t<meta property=\"og:image:type\" content=\"image\/jpeg\" \/>\n<meta name=\"author\" content=\"Andreas Haug\" \/>\n<meta name=\"twitter:card\" content=\"summary_large_image\" \/>\n<meta name=\"twitter:label1\" content=\"Escrito por\" \/>\n\t<meta name=\"twitter:data1\" content=\"Andreas Haug\" \/>\n\t<meta name=\"twitter:label2\" content=\"Tiempo de lectura\" \/>\n\t<meta name=\"twitter:data2\" content=\"3 minuto\" \/>\n<script type=\"application\/ld+json\" class=\"yoast-schema-graph\">{\"@context\":\"https:\\\/\\\/schema.org\",\"@graph\":[{\"@type\":\"Article\",\"@id\":\"https:\\\/\\\/transportjournal.com\\\/es\\\/2026\\\/04\\\/29\\\/arnold-schwerlast-se-une-a-la-ahk-ucrania\\\/#article\",\"isPartOf\":{\"@id\":\"https:\\\/\\\/transportjournal.com\\\/es\\\/2026\\\/04\\\/29\\\/arnold-schwerlast-se-une-a-la-ahk-ucrania\\\/\"},\"author\":{\"name\":\"Andreas Haug\",\"@id\":\"https:\\\/\\\/transportjournal.com\\\/es\\\/#\\\/schema\\\/person\\\/cf538b3157f15afd7589245a4b3dbd25\"},\"headline\":\"Arnold Schwerlast se une a la AHK Ucrania\",\"datePublished\":\"2026-04-29T15:28:43+00:00\",\"mainEntityOfPage\":{\"@id\":\"https:\\\/\\\/transportjournal.com\\\/es\\\/2026\\\/04\\\/29\\\/arnold-schwerlast-se-une-a-la-ahk-ucrania\\\/\"},\"wordCount\":517,\"commentCount\":0,\"publisher\":{\"@id\":\"https:\\\/\\\/transportjournal.com\\\/es\\\/#organization\"},\"image\":{\"@id\":\"https:\\\/\\\/transportjournal.com\\\/es\\\/2026\\\/04\\\/29\\\/arnold-schwerlast-se-une-a-la-ahk-ucrania\\\/#primaryimage\"},\"thumbnailUrl\":\"https:\\\/\\\/transportjournal.com\\\/wp-content\\\/uploads\\\/sites\\\/2\\\/2026\\\/04\\\/Arnold-Schwerlast-Foto-GF-2026-4-Sara-Mergler-scaled-aspect-ratio-1400-788-scaled-1.jpg\",\"keywords\":[\"adh\u00e9sion AHK\",\"AHK membership Fran\u00e7ais transport lourd\",\"AHK Ukraine\",\"Arnold Schwerlast GmbH\",\"cha\u00eenes d'approvisionnement\",\"concepts de transport multimodal\",\"conditions \u00e9conomiques Ukraine\",\"construction projects\",\"customs clearance\",\"d\u00e9douanement\",\"Deutsch Schwerlast\",\"Eastern Europe logistics\",\"economic conditions Ukraine\",\"Energieprojekte\",\"energy projects\",\"Genehmigungsmanagement\",\"gestion des autorisations\",\"goods transport war zones\",\"G\u00fctertransport Kriegsgebiete\",\"Hochbau Projekte\",\"industrie du transport\",\"infrastructure projects Ukraine\",\"Infrastrukturprojekte Ukraine\",\"international project transport\",\"internationale Projekttransporte\",\"Lieferketten\",\"logistics service providers\",\"Logistikdienstleister\",\"logistique de projet\",\"logistique en Europe de l'Est\",\"Mitgliedschaft AHK English heavy transport\",\"multimodal transport concepts\",\"multimodale Transportkonzepte\",\"Osteuropa Logistik\",\"permit management\",\"planification des itin\u00e9raires\",\"prestataires de services logistiques\",\"project logistics\",\"Projektlogistik\",\"projets d'infrastructure Ukraine\",\"projets de construction\",\"projets \u00e9nerg\u00e9tiques\",\"reconstruction Ukraine\",\"route planning\",\"Routenplanung\",\"supply chains\",\"transport de marchandises zones de guerre\",\"transport de projet international\",\"transport industry\",\"Transportwirtschaft\",\"Wiederaufbau Ukraine\",\"wirtschaftliche Rahmenbedingungen Ukraine\",\"Zollabwicklung\"],\"articleSection\":[\"Deutschland\",\"Europa\",\"Personas y empresas\",\"Transporte de mercanc\u00edas y log\u00edstica\"],\"inLanguage\":\"es\",\"potentialAction\":[{\"@type\":\"CommentAction\",\"name\":\"Comment\",\"target\":[\"https:\\\/\\\/transportjournal.com\\\/es\\\/2026\\\/04\\\/29\\\/arnold-schwerlast-se-une-a-la-ahk-ucrania\\\/#respond\"]}]},{\"@type\":\"WebPage\",\"@id\":\"https:\\\/\\\/transportjournal.com\\\/es\\\/2026\\\/04\\\/29\\\/arnold-schwerlast-se-une-a-la-ahk-ucrania\\\/\",\"url\":\"https:\\\/\\\/transportjournal.com\\\/es\\\/2026\\\/04\\\/29\\\/arnold-schwerlast-se-une-a-la-ahk-ucrania\\\/\",\"name\":\"Arnold Schwerlast se une a la AHK Ucrania - ITJ | International Transport Journal\",\"isPartOf\":{\"@id\":\"https:\\\/\\\/transportjournal.com\\\/es\\\/#website\"},\"primaryImageOfPage\":{\"@id\":\"https:\\\/\\\/transportjournal.com\\\/es\\\/2026\\\/04\\\/29\\\/arnold-schwerlast-se-une-a-la-ahk-ucrania\\\/#primaryimage\"},\"image\":{\"@id\":\"https:\\\/\\\/transportjournal.com\\\/es\\\/2026\\\/04\\\/29\\\/arnold-schwerlast-se-une-a-la-ahk-ucrania\\\/#primaryimage\"},\"thumbnailUrl\":\"https:\\\/\\\/transportjournal.com\\\/wp-content\\\/uploads\\\/sites\\\/2\\\/2026\\\/04\\\/Arnold-Schwerlast-Foto-GF-2026-4-Sara-Mergler-scaled-aspect-ratio-1400-788-scaled-1.jpg\",\"datePublished\":\"2026-04-29T15:28:43+00:00\",\"breadcrumb\":{\"@id\":\"https:\\\/\\\/transportjournal.com\\\/es\\\/2026\\\/04\\\/29\\\/arnold-schwerlast-se-une-a-la-ahk-ucrania\\\/#breadcrumb\"},\"inLanguage\":\"es\",\"potentialAction\":[{\"@type\":\"ReadAction\",\"target\":[\"https:\\\/\\\/transportjournal.com\\\/es\\\/2026\\\/04\\\/29\\\/arnold-schwerlast-se-une-a-la-ahk-ucrania\\\/\"]}]},{\"@type\":\"ImageObject\",\"inLanguage\":\"es\",\"@id\":\"https:\\\/\\\/transportjournal.com\\\/es\\\/2026\\\/04\\\/29\\\/arnold-schwerlast-se-une-a-la-ahk-ucrania\\\/#primaryimage\",\"url\":\"https:\\\/\\\/transportjournal.com\\\/wp-content\\\/uploads\\\/sites\\\/2\\\/2026\\\/04\\\/Arnold-Schwerlast-Foto-GF-2026-4-Sara-Mergler-scaled-aspect-ratio-1400-788-scaled-1.jpg\",\"contentUrl\":\"https:\\\/\\\/transportjournal.com\\\/wp-content\\\/uploads\\\/sites\\\/2\\\/2026\\\/04\\\/Arnold-Schwerlast-Foto-GF-2026-4-Sara-Mergler-scaled-aspect-ratio-1400-788-scaled-1.jpg\",\"width\":2560,\"height\":1441},{\"@type\":\"BreadcrumbList\",\"@id\":\"https:\\\/\\\/transportjournal.com\\\/es\\\/2026\\\/04\\\/29\\\/arnold-schwerlast-se-une-a-la-ahk-ucrania\\\/#breadcrumb\",\"itemListElement\":[{\"@type\":\"ListItem\",\"position\":1,\"name\":\"Startseite\",\"item\":\"https:\\\/\\\/transportjournal.com\\\/es\\\/\"},{\"@type\":\"ListItem\",\"position\":2,\"name\":\"Arnold Schwerlast se une a la AHK Ucrania\"}]},{\"@type\":\"WebSite\",\"@id\":\"https:\\\/\\\/transportjournal.com\\\/es\\\/#website\",\"url\":\"https:\\\/\\\/transportjournal.com\\\/es\\\/\",\"name\":\"ITJ | International Transport Journal\",\"description\":\"Stay informed with the latest global news from the transport, logistics, and supply chain industries. Transport Journal delivers expert insights, analysis, and updates across shipping, aviation, intermodal, and forwarding.\",\"publisher\":{\"@id\":\"https:\\\/\\\/transportjournal.com\\\/es\\\/#organization\"},\"potentialAction\":[{\"@type\":\"SearchAction\",\"target\":{\"@type\":\"EntryPoint\",\"urlTemplate\":\"https:\\\/\\\/transportjournal.com\\\/es\\\/?s={search_term_string}\"},\"query-input\":{\"@type\":\"PropertyValueSpecification\",\"valueRequired\":true,\"valueName\":\"search_term_string\"}}],\"inLanguage\":\"es\"},{\"@type\":\"Organization\",\"@id\":\"https:\\\/\\\/transportjournal.com\\\/es\\\/#organization\",\"name\":\"Grupo Logismedia AG\",\"alternateName\":\"Logismedia Group AG\",\"url\":\"https:\\\/\\\/transportjournal.com\\\/es\\\/\",\"logo\":{\"@type\":\"ImageObject\",\"inLanguage\":\"es\",\"@id\":\"https:\\\/\\\/transportjournal.com\\\/es\\\/#\\\/schema\\\/logo\\\/image\\\/\",\"url\":\"https:\\\/\\\/transportjournal.com\\\/wp-content\\\/uploads\\\/sites\\\/2\\\/2025\\\/09\\\/Logo_ITJ.png\",\"contentUrl\":\"https:\\\/\\\/transportjournal.com\\\/wp-content\\\/uploads\\\/sites\\\/2\\\/2025\\\/09\\\/Logo_ITJ.png\",\"width\":799,\"height\":326,\"caption\":\"Grupo Logismedia AG\"},\"image\":{\"@id\":\"https:\\\/\\\/transportjournal.com\\\/es\\\/#\\\/schema\\\/logo\\\/image\\\/\"},\"sameAs\":[\"https:\\\/\\\/www.linkedin.com\\\/company\\\/56456496\\\/admin\\\/dashboard\\\/\",\"https:\\\/\\\/www.instagram.com\\\/logismediagroup\\\/\",\"https:\\\/\\\/www.youtube.com\\\/@LogiamediaGroupAG\"]},{\"@type\":\"Person\",\"@id\":\"https:\\\/\\\/transportjournal.com\\\/es\\\/#\\\/schema\\\/person\\\/cf538b3157f15afd7589245a4b3dbd25\",\"name\":\"Andreas Haug\",\"url\":\"https:\\\/\\\/transportjournal.com\\\/es\\\/author\\\/andreas\\\/\"}]}<\/script>\n<!-- \/ Yoast SEO plugin. -->","yoast_head_json":{"title":"Arnold Schwerlast se une a la AHK Ucrania - ITJ | International Transport Journal","robots":{"index":"index","follow":"follow","max-snippet":"max-snippet:-1","max-image-preview":"max-image-preview:large","max-video-preview":"max-video-preview:-1"},"canonical":"https:\/\/transportjournal.com\/es\/2026\/04\/29\/arnold-schwerlast-se-une-a-la-ahk-ucrania\/","og_locale":"es_ES","og_type":"article","og_title":"Arnold Schwerlast se une a la AHK Ucrania - ITJ | International Transport Journal","og_description":"Arnold Schwerlast GmbH se ha unido a la AHK Ucrania para aportar su experiencia en el transporte de proyectos para la reconstrucci\u00f3n de Ucrania.","og_url":"https:\/\/transportjournal.com\/es\/2026\/04\/29\/arnold-schwerlast-se-une-a-la-ahk-ucrania\/","og_site_name":"ITJ | International Transport Journal","article_published_time":"2026-04-29T15:28:43+00:00","og_image":[{"width":2560,"height":1441,"url":"https:\/\/transportjournal.com\/wp-content\/uploads\/sites\/2\/2026\/04\/Arnold-Schwerlast-Foto-GF-2026-4-Sara-Mergler-scaled-aspect-ratio-1400-788-scaled-1.jpg","type":"image\/jpeg"}],"author":"Andreas Haug","twitter_card":"summary_large_image","twitter_misc":{"Escrito por":"Andreas Haug","Tiempo de lectura":"3 minuto"},"schema":{"@context":"https:\/\/schema.org","@graph":[{"@type":"Article","@id":"https:\/\/transportjournal.com\/es\/2026\/04\/29\/arnold-schwerlast-se-une-a-la-ahk-ucrania\/#article","isPartOf":{"@id":"https:\/\/transportjournal.com\/es\/2026\/04\/29\/arnold-schwerlast-se-une-a-la-ahk-ucrania\/"},"author":{"name":"Andreas Haug","@id":"https:\/\/transportjournal.com\/es\/#\/schema\/person\/cf538b3157f15afd7589245a4b3dbd25"},"headline":"Arnold Schwerlast se une a la AHK Ucrania","datePublished":"2026-04-29T15:28:43+00:00","mainEntityOfPage":{"@id":"https:\/\/transportjournal.com\/es\/2026\/04\/29\/arnold-schwerlast-se-une-a-la-ahk-ucrania\/"},"wordCount":517,"commentCount":0,"publisher":{"@id":"https:\/\/transportjournal.com\/es\/#organization"},"image":{"@id":"https:\/\/transportjournal.com\/es\/2026\/04\/29\/arnold-schwerlast-se-une-a-la-ahk-ucrania\/#primaryimage"},"thumbnailUrl":"https:\/\/transportjournal.com\/wp-content\/uploads\/sites\/2\/2026\/04\/Arnold-Schwerlast-Foto-GF-2026-4-Sara-Mergler-scaled-aspect-ratio-1400-788-scaled-1.jpg","keywords":["adh\u00e9sion AHK","AHK membership Fran\u00e7ais transport lourd","AHK Ukraine","Arnold Schwerlast GmbH","cha\u00eenes d'approvisionnement","concepts de transport multimodal","conditions \u00e9conomiques Ukraine","construction projects","customs clearance","d\u00e9douanement","Deutsch Schwerlast","Eastern Europe logistics","economic conditions Ukraine","Energieprojekte","energy projects","Genehmigungsmanagement","gestion des autorisations","goods transport war zones","G\u00fctertransport Kriegsgebiete","Hochbau Projekte","industrie du transport","infrastructure projects Ukraine","Infrastrukturprojekte Ukraine","international project transport","internationale Projekttransporte","Lieferketten","logistics service providers","Logistikdienstleister","logistique de projet","logistique en Europe de l'Est","Mitgliedschaft AHK English heavy transport","multimodal transport concepts","multimodale Transportkonzepte","Osteuropa Logistik","permit management","planification des itin\u00e9raires","prestataires de services logistiques","project logistics","Projektlogistik","projets d'infrastructure Ukraine","projets de construction","projets \u00e9nerg\u00e9tiques","reconstruction Ukraine","route planning","Routenplanung","supply chains","transport de marchandises zones de guerre","transport de projet international","transport industry","Transportwirtschaft","Wiederaufbau Ukraine","wirtschaftliche Rahmenbedingungen Ukraine","Zollabwicklung"],"articleSection":["Deutschland","Europa","Personas y empresas","Transporte de mercanc\u00edas y log\u00edstica"],"inLanguage":"es","potentialAction":[{"@type":"CommentAction","name":"Comment","target":["https:\/\/transportjournal.com\/es\/2026\/04\/29\/arnold-schwerlast-se-une-a-la-ahk-ucrania\/#respond"]}]},{"@type":"WebPage","@id":"https:\/\/transportjournal.com\/es\/2026\/04\/29\/arnold-schwerlast-se-une-a-la-ahk-ucrania\/","url":"https:\/\/transportjournal.com\/es\/2026\/04\/29\/arnold-schwerlast-se-une-a-la-ahk-ucrania\/","name":"Arnold Schwerlast se une a la AHK Ucrania - ITJ | International Transport Journal","isPartOf":{"@id":"https:\/\/transportjournal.com\/es\/#website"},"primaryImageOfPage":{"@id":"https:\/\/transportjournal.com\/es\/2026\/04\/29\/arnold-schwerlast-se-une-a-la-ahk-ucrania\/#primaryimage"},"image":{"@id":"https:\/\/transportjournal.com\/es\/2026\/04\/29\/arnold-schwerlast-se-une-a-la-ahk-ucrania\/#primaryimage"},"thumbnailUrl":"https:\/\/transportjournal.com\/wp-content\/uploads\/sites\/2\/2026\/04\/Arnold-Schwerlast-Foto-GF-2026-4-Sara-Mergler-scaled-aspect-ratio-1400-788-scaled-1.jpg","datePublished":"2026-04-29T15:28:43+00:00","breadcrumb":{"@id":"https:\/\/transportjournal.com\/es\/2026\/04\/29\/arnold-schwerlast-se-une-a-la-ahk-ucrania\/#breadcrumb"},"inLanguage":"es","potentialAction":[{"@type":"ReadAction","target":["https:\/\/transportjournal.com\/es\/2026\/04\/29\/arnold-schwerlast-se-une-a-la-ahk-ucrania\/"]}]},{"@type":"ImageObject","inLanguage":"es","@id":"https:\/\/transportjournal.com\/es\/2026\/04\/29\/arnold-schwerlast-se-une-a-la-ahk-ucrania\/#primaryimage","url":"https:\/\/transportjournal.com\/wp-content\/uploads\/sites\/2\/2026\/04\/Arnold-Schwerlast-Foto-GF-2026-4-Sara-Mergler-scaled-aspect-ratio-1400-788-scaled-1.jpg","contentUrl":"https:\/\/transportjournal.com\/wp-content\/uploads\/sites\/2\/2026\/04\/Arnold-Schwerlast-Foto-GF-2026-4-Sara-Mergler-scaled-aspect-ratio-1400-788-scaled-1.jpg","width":2560,"height":1441},{"@type":"BreadcrumbList","@id":"https:\/\/transportjournal.com\/es\/2026\/04\/29\/arnold-schwerlast-se-une-a-la-ahk-ucrania\/#breadcrumb","itemListElement":[{"@type":"ListItem","position":1,"name":"Startseite","item":"https:\/\/transportjournal.com\/es\/"},{"@type":"ListItem","position":2,"name":"Arnold Schwerlast se une a la AHK Ucrania"}]},{"@type":"WebSite","@id":"https:\/\/transportjournal.com\/es\/#website","url":"https:\/\/transportjournal.com\/es\/","name":"ITJ | International Transport Journal","description":"Stay informed with the latest global news from the transport, logistics, and supply chain industries. Transport Journal delivers expert insights, analysis, and updates across shipping, aviation, intermodal, and forwarding.","publisher":{"@id":"https:\/\/transportjournal.com\/es\/#organization"},"potentialAction":[{"@type":"SearchAction","target":{"@type":"EntryPoint","urlTemplate":"https:\/\/transportjournal.com\/es\/?s={search_term_string}"},"query-input":{"@type":"PropertyValueSpecification","valueRequired":true,"valueName":"search_term_string"}}],"inLanguage":"es"},{"@type":"Organization","@id":"https:\/\/transportjournal.com\/es\/#organization","name":"Grupo Logismedia AG","alternateName":"Logismedia Group AG","url":"https:\/\/transportjournal.com\/es\/","logo":{"@type":"ImageObject","inLanguage":"es","@id":"https:\/\/transportjournal.com\/es\/#\/schema\/logo\/image\/","url":"https:\/\/transportjournal.com\/wp-content\/uploads\/sites\/2\/2025\/09\/Logo_ITJ.png","contentUrl":"https:\/\/transportjournal.com\/wp-content\/uploads\/sites\/2\/2025\/09\/Logo_ITJ.png","width":799,"height":326,"caption":"Grupo Logismedia AG"},"image":{"@id":"https:\/\/transportjournal.com\/es\/#\/schema\/logo\/image\/"},"sameAs":["https:\/\/www.linkedin.com\/company\/56456496\/admin\/dashboard\/","https:\/\/www.instagram.com\/logismediagroup\/","https:\/\/www.youtube.com\/@LogiamediaGroupAG"]},{"@type":"Person","@id":"https:\/\/transportjournal.com\/es\/#\/schema\/person\/cf538b3157f15afd7589245a4b3dbd25","name":"Andreas Haug","url":"https:\/\/transportjournal.com\/es\/author\/andreas\/"}]}},"_links":{"self":[{"href":"https:\/\/transportjournal.com\/es\/wp-json\/wp\/v2\/posts\/87386","targetHints":{"allow":["GET"]}}],"collection":[{"href":"https:\/\/transportjournal.com\/es\/wp-json\/wp\/v2\/posts"}],"about":[{"href":"https:\/\/transportjournal.com\/es\/wp-json\/wp\/v2\/types\/post"}],"author":[{"embeddable":true,"href":"https:\/\/transportjournal.com\/es\/wp-json\/wp\/v2\/users\/12"}],"replies":[{"embeddable":true,"href":"https:\/\/transportjournal.com\/es\/wp-json\/wp\/v2\/comments?post=87386"}],"version-history":[{"count":0,"href":"https:\/\/transportjournal.com\/es\/wp-json\/wp\/v2\/posts\/87386\/revisions"}],"wp:featuredmedia":[{"embeddable":true,"href":"https:\/\/transportjournal.com\/es\/wp-json\/wp\/v2\/media\/87383"}],"wp:attachment":[{"href":"https:\/\/transportjournal.com\/es\/wp-json\/wp\/v2\/media?parent=87386"}],"wp:term":[{"taxonomy":"category","embeddable":true,"href":"https:\/\/transportjournal.com\/es\/wp-json\/wp\/v2\/categories?post=87386"},{"taxonomy":"post_tag","embeddable":true,"href":"https:\/\/transportjournal.com\/es\/wp-json\/wp\/v2\/tags?post=87386"}],"curies":[{"name":"wp","href":"https:\/\/api.w.org\/{rel}","templated":true}]}}