{"id":87288,"date":"2026-04-29T10:37:12","date_gmt":"2026-04-29T10:37:12","guid":{"rendered":"https:\/\/transportjournal.com\/2026\/04\/29\/los-primeros-ministros-discuten-la-infraestructura-fronteriza-entre-polonia-y-ucrania\/"},"modified":"2026-04-29T10:37:12","modified_gmt":"2026-04-29T10:37:12","slug":"los-primeros-ministros-discuten-la-infraestructura-fronteriza-entre-polonia-y-ucrania","status":"publish","type":"post","link":"https:\/\/transportjournal.com\/es\/2026\/04\/29\/los-primeros-ministros-discuten-la-infraestructura-fronteriza-entre-polonia-y-ucrania\/","title":{"rendered":"Los primeros ministros discuten la infraestructura fronteriza entre Polonia y Ucrania"},"content":{"rendered":"<p>Durante una visita de trabajo en Polonia, la primera ministra ucraniana Yuliia Svyrydenko se reuni\u00f3 con su hom\u00f3logo polaco Donald Tusk. El enfoque de las conversaciones fue la profundizaci\u00f3n de la cooperaci\u00f3n en las \u00e1reas de infraestructura fronteriza, log\u00edstica y transporte por carretera. La reuni\u00f3n tuvo lugar en Rzesz\u00f3w, una ciudad que se ha convertido en un importante centro log\u00edstico desde el inicio de la invasi\u00f3n en Ucrania, seg\u00fan informa el Ministerio de Desarrollo de Comunidades y Territorios de Ucrania.<\/p>\n<h3>Enfoque en infraestructura fronteriza<\/h3>\n<p>Un tema central de las negociaciones fue el desarrollo de la infraestructura fronteriza y la mejora de la eficiencia en los procedimientos de cruce de fronteras. Ambas partes discutieron en particular los preparativos para un acuerdo de control conjunto en los puntos de cruce fronterizo. Esto tiene como objetivo reducir los tiempos de cruce, aliviar la infraestructura y crear condiciones m\u00e1s predecibles para los proveedores.<\/p>\n<p>Otro punto de las conversaciones fue el registro de proveedores ucranianos en el sistema polaco SENT\/RMPD, donde se deben aclarar cuestiones t\u00e9cnicas. Esta medida es, seg\u00fan el Ministerio, crucial para garantizar el funcionamiento de las empresas de transporte ucranianas en el mercado de la UE y evitar retrasos adicionales.<\/p>\n<p><a href=\"https:\/\/mindev.gov.ua\/\" target=\"_blank\" rel=\"noopener noreferrer\">www.mindev.gov.ua<\/a><\/p>\n","protected":false},"excerpt":{"rendered":"<p>La primera ministra ucraniana Yuliia Svyrydenko y su hom\u00f3logo polaco Donald Tusk discutieron en Rzesz\u00f3w la mejora de la infraestructura fronteriza.<\/p>\n","protected":false},"author":10,"featured_media":87285,"comment_status":"open","ping_status":"","sticky":false,"template":"","format":"standard","meta":{"_acf_changed":false,"footnotes":""},"categories":[1611,1604],"tags":[43456,43457,5246,43458,3739,3353,3354,43459,43460,43461,43462,43463,43464,5136,43465,43466,43467,2858,3745,2075,5148,5256,43468,43469,43470,43471,43472,43473,43474,5112,3379,5151,43475,43476,43477,43478,43479,43480,43481,5119,43482,5120,43483,2889,43484,43485,2890,43486,43487,43488,43489],"class_list":["post-87288","post","type-post","status-publish","format-standard","has-post-thumbnail","hentry","category-europa","category-intermodal-carretera","tag-border-crossing-procedures","tag-border-crossings-poland-ukraine","tag-cooperation-logistique","tag-deutsch-grenzinfrastruktur","tag-developpement-des-infrastructures","tag-digitalisierung-logistik","tag-digitalization-logistics","tag-efficacite-controle-frontalier","tag-efficiency-border-control","tag-effizienz-grenzkontrolle","tag-entreprises-de-transport-ukrainiennes","tag-eu-market-transport-companies","tag-eu-markt-transportunternehmen","tag-fachkraeftemangel-transport","tag-grenzuebergaenge-polen-ukraine","tag-grenzuebertrittsverfahren","tag-hub-logistique-rzeszow","tag-industrie-du-transport-europe","tag-infrastructure-development","tag-infrastrukturentwicklung","tag-labor-shortage-transport","tag-logistics-cooperation","tag-logistics-poland-ukraine","tag-logistik-polen-ukraine","tag-logistique-pologne-ukraine","tag-marche-de-lue-entreprises-de-transport","tag-ministere-du-developpement","tag-ministerium-fuer-entwicklung","tag-ministry-of-development","tag-nachhaltige-logistikloesungen","tag-numerisation-logistique","tag-penurie-de-main-doeuvre-transport","tag-planification-des-transports-europe","tag-points-de-passage-pologne-ukraine","tag-procedures-de-passage-de-frontiere","tag-road-transport-poland","tag-rzeszow-logistics-hub","tag-rzeszow-logistikzentrum","tag-sent-rmpd-system","tag-solutions-logistiques-durables","tag-strassenverkehr-polen","tag-sustainable-logistics-solutions","tag-systeme-sent-rmpd","tag-transport-industry-europe","tag-transport-planning-europe-francais-infrastructure-frontaliere","tag-transport-routier-pologne","tag-transportwirtschaft-europa","tag-ukrainian-transport-companies","tag-ukrainische-transportunternehmen","tag-verkehrsplanung-europa-english-border-infrastructure","tag-zusammenarbeit-logistik"],"acf":[],"yoast_head":"<!-- This site is optimized with the Yoast SEO plugin v27.3 - https:\/\/yoast.com\/product\/yoast-seo-wordpress\/ -->\n<title>Los primeros ministros discuten la infraestructura fronteriza entre Polonia y Ucrania - ITJ | International Transport Journal<\/title>\n<meta name=\"robots\" content=\"index, follow, max-snippet:-1, max-image-preview:large, max-video-preview:-1\" \/>\n<link rel=\"canonical\" href=\"https:\/\/transportjournal.com\/es\/2026\/04\/29\/los-primeros-ministros-discuten-la-infraestructura-fronteriza-entre-polonia-y-ucrania\/\" \/>\n<meta property=\"og:locale\" content=\"es_ES\" \/>\n<meta property=\"og:type\" content=\"article\" \/>\n<meta property=\"og:title\" content=\"Los primeros ministros discuten la infraestructura fronteriza entre Polonia y Ucrania - ITJ | International Transport Journal\" \/>\n<meta property=\"og:description\" content=\"La primera ministra ucraniana Yuliia Svyrydenko y su hom\u00f3logo polaco Donald Tusk discutieron en Rzesz\u00f3w la mejora de la infraestructura fronteriza.\" \/>\n<meta property=\"og:url\" content=\"https:\/\/transportjournal.com\/es\/2026\/04\/29\/los-primeros-ministros-discuten-la-infraestructura-fronteriza-entre-polonia-y-ucrania\/\" \/>\n<meta property=\"og:site_name\" content=\"ITJ | International Transport Journal\" \/>\n<meta property=\"article:published_time\" content=\"2026-04-29T10:37:12+00:00\" \/>\n<meta property=\"og:image\" content=\"https:\/\/transportjournal.com\/wp-content\/uploads\/sites\/2\/2026\/04\/AdobeStock_550205599-scaled-aspect-ratio-1400-788-scaled-1.jpeg\" \/>\n\t<meta property=\"og:image:width\" content=\"2560\" \/>\n\t<meta property=\"og:image:height\" content=\"1441\" \/>\n\t<meta property=\"og:image:type\" content=\"image\/jpeg\" \/>\n<meta name=\"author\" content=\"Jeremy Soland\" \/>\n<meta name=\"twitter:card\" content=\"summary_large_image\" \/>\n<meta name=\"twitter:label1\" content=\"Escrito por\" \/>\n\t<meta name=\"twitter:data1\" content=\"Jeremy Soland\" \/>\n\t<meta name=\"twitter:label2\" content=\"Tiempo de lectura\" \/>\n\t<meta name=\"twitter:data2\" content=\"1 minuto\" \/>\n<script type=\"application\/ld+json\" class=\"yoast-schema-graph\">{\"@context\":\"https:\\\/\\\/schema.org\",\"@graph\":[{\"@type\":\"Article\",\"@id\":\"https:\\\/\\\/transportjournal.com\\\/es\\\/2026\\\/04\\\/29\\\/los-primeros-ministros-discuten-la-infraestructura-fronteriza-entre-polonia-y-ucrania\\\/#article\",\"isPartOf\":{\"@id\":\"https:\\\/\\\/transportjournal.com\\\/es\\\/2026\\\/04\\\/29\\\/los-primeros-ministros-discuten-la-infraestructura-fronteriza-entre-polonia-y-ucrania\\\/\"},\"author\":{\"name\":\"Jeremy Soland\",\"@id\":\"https:\\\/\\\/transportjournal.com\\\/es\\\/#\\\/schema\\\/person\\\/41d36b5474b623392fa613e97e2363fa\"},\"headline\":\"Los primeros ministros discuten la infraestructura fronteriza entre Polonia y Ucrania\",\"datePublished\":\"2026-04-29T10:37:12+00:00\",\"mainEntityOfPage\":{\"@id\":\"https:\\\/\\\/transportjournal.com\\\/es\\\/2026\\\/04\\\/29\\\/los-primeros-ministros-discuten-la-infraestructura-fronteriza-entre-polonia-y-ucrania\\\/\"},\"wordCount\":226,\"commentCount\":0,\"publisher\":{\"@id\":\"https:\\\/\\\/transportjournal.com\\\/es\\\/#organization\"},\"image\":{\"@id\":\"https:\\\/\\\/transportjournal.com\\\/es\\\/2026\\\/04\\\/29\\\/los-primeros-ministros-discuten-la-infraestructura-fronteriza-entre-polonia-y-ucrania\\\/#primaryimage\"},\"thumbnailUrl\":\"https:\\\/\\\/transportjournal.com\\\/wp-content\\\/uploads\\\/sites\\\/2\\\/2026\\\/04\\\/AdobeStock_550205599-scaled-aspect-ratio-1400-788-scaled-1.jpeg\",\"keywords\":[\"border crossing procedures\",\"border crossings Poland Ukraine\",\"coop\u00e9ration logistique\",\"Deutsch Grenzinfrastruktur\",\"d\u00e9veloppement des infrastructures\",\"Digitalisierung Logistik\",\"digitalization logistics\",\"efficacit\u00e9 contr\u00f4le frontalier\",\"efficiency border control\",\"Effizienz Grenzkontrolle\",\"entreprises de transport ukrainiennes\",\"EU market transport companies\",\"EU-Markt Transportunternehmen\",\"Fachkr\u00e4ftemangel Transport\",\"Grenz\u00fcberg\u00e4nge Polen Ukraine\",\"Grenz\u00fcbertrittsverfahren\",\"hub logistique Rzesz\u00f3w\",\"industrie du transport Europe\",\"infrastructure development\",\"Infrastrukturentwicklung\",\"labor shortage transport\",\"logistics cooperation\",\"logistics Poland Ukraine\",\"Logistik Polen Ukraine\",\"logistique Pologne Ukraine\",\"march\u00e9 de l'UE entreprises de transport\",\"minist\u00e8re du D\u00e9veloppement\",\"Ministerium f\u00fcr Entwicklung\",\"Ministry of Development\",\"nachhaltige Logistikl\u00f6sungen\",\"num\u00e9risation logistique\",\"p\u00e9nurie de main-d'\u0153uvre transport\",\"planification des transports Europe\",\"points de passage Pologne Ukraine\",\"proc\u00e9dures de passage de fronti\u00e8re\",\"road transport Poland\",\"Rzesz\u00f3w logistics hub\",\"Rzesz\u00f3w Logistikzentrum\",\"SENT\\\/RMPD-System\",\"solutions logistiques durables\",\"Stra\u00dfenverkehr Polen\",\"sustainable logistics solutions\",\"syst\u00e8me SENT\\\/RMPD\",\"transport industry Europe\",\"transport planning Europe Fran\u00e7ais Infrastructure frontali\u00e8re\",\"transport routier Pologne\",\"Transportwirtschaft Europa\",\"Ukrainian transport companies\",\"ukrainische Transportunternehmen\",\"Verkehrsplanung Europa English Border infrastructure\",\"Zusammenarbeit Logistik\"],\"articleSection\":[\"Europa\",\"Intermodal \\\/ Carretera\"],\"inLanguage\":\"es\",\"potentialAction\":[{\"@type\":\"CommentAction\",\"name\":\"Comment\",\"target\":[\"https:\\\/\\\/transportjournal.com\\\/es\\\/2026\\\/04\\\/29\\\/los-primeros-ministros-discuten-la-infraestructura-fronteriza-entre-polonia-y-ucrania\\\/#respond\"]}]},{\"@type\":\"WebPage\",\"@id\":\"https:\\\/\\\/transportjournal.com\\\/es\\\/2026\\\/04\\\/29\\\/los-primeros-ministros-discuten-la-infraestructura-fronteriza-entre-polonia-y-ucrania\\\/\",\"url\":\"https:\\\/\\\/transportjournal.com\\\/es\\\/2026\\\/04\\\/29\\\/los-primeros-ministros-discuten-la-infraestructura-fronteriza-entre-polonia-y-ucrania\\\/\",\"name\":\"Los primeros ministros discuten la infraestructura fronteriza entre Polonia y Ucrania - ITJ | International Transport Journal\",\"isPartOf\":{\"@id\":\"https:\\\/\\\/transportjournal.com\\\/es\\\/#website\"},\"primaryImageOfPage\":{\"@id\":\"https:\\\/\\\/transportjournal.com\\\/es\\\/2026\\\/04\\\/29\\\/los-primeros-ministros-discuten-la-infraestructura-fronteriza-entre-polonia-y-ucrania\\\/#primaryimage\"},\"image\":{\"@id\":\"https:\\\/\\\/transportjournal.com\\\/es\\\/2026\\\/04\\\/29\\\/los-primeros-ministros-discuten-la-infraestructura-fronteriza-entre-polonia-y-ucrania\\\/#primaryimage\"},\"thumbnailUrl\":\"https:\\\/\\\/transportjournal.com\\\/wp-content\\\/uploads\\\/sites\\\/2\\\/2026\\\/04\\\/AdobeStock_550205599-scaled-aspect-ratio-1400-788-scaled-1.jpeg\",\"datePublished\":\"2026-04-29T10:37:12+00:00\",\"breadcrumb\":{\"@id\":\"https:\\\/\\\/transportjournal.com\\\/es\\\/2026\\\/04\\\/29\\\/los-primeros-ministros-discuten-la-infraestructura-fronteriza-entre-polonia-y-ucrania\\\/#breadcrumb\"},\"inLanguage\":\"es\",\"potentialAction\":[{\"@type\":\"ReadAction\",\"target\":[\"https:\\\/\\\/transportjournal.com\\\/es\\\/2026\\\/04\\\/29\\\/los-primeros-ministros-discuten-la-infraestructura-fronteriza-entre-polonia-y-ucrania\\\/\"]}]},{\"@type\":\"ImageObject\",\"inLanguage\":\"es\",\"@id\":\"https:\\\/\\\/transportjournal.com\\\/es\\\/2026\\\/04\\\/29\\\/los-primeros-ministros-discuten-la-infraestructura-fronteriza-entre-polonia-y-ucrania\\\/#primaryimage\",\"url\":\"https:\\\/\\\/transportjournal.com\\\/wp-content\\\/uploads\\\/sites\\\/2\\\/2026\\\/04\\\/AdobeStock_550205599-scaled-aspect-ratio-1400-788-scaled-1.jpeg\",\"contentUrl\":\"https:\\\/\\\/transportjournal.com\\\/wp-content\\\/uploads\\\/sites\\\/2\\\/2026\\\/04\\\/AdobeStock_550205599-scaled-aspect-ratio-1400-788-scaled-1.jpeg\",\"width\":2560,\"height\":1441},{\"@type\":\"BreadcrumbList\",\"@id\":\"https:\\\/\\\/transportjournal.com\\\/es\\\/2026\\\/04\\\/29\\\/los-primeros-ministros-discuten-la-infraestructura-fronteriza-entre-polonia-y-ucrania\\\/#breadcrumb\",\"itemListElement\":[{\"@type\":\"ListItem\",\"position\":1,\"name\":\"Startseite\",\"item\":\"https:\\\/\\\/transportjournal.com\\\/es\\\/\"},{\"@type\":\"ListItem\",\"position\":2,\"name\":\"Los primeros ministros discuten la infraestructura fronteriza entre Polonia y Ucrania\"}]},{\"@type\":\"WebSite\",\"@id\":\"https:\\\/\\\/transportjournal.com\\\/es\\\/#website\",\"url\":\"https:\\\/\\\/transportjournal.com\\\/es\\\/\",\"name\":\"ITJ | International Transport Journal\",\"description\":\"Stay informed with the latest global news from the transport, logistics, and supply chain industries. Transport Journal delivers expert insights, analysis, and updates across shipping, aviation, intermodal, and forwarding.\",\"publisher\":{\"@id\":\"https:\\\/\\\/transportjournal.com\\\/es\\\/#organization\"},\"potentialAction\":[{\"@type\":\"SearchAction\",\"target\":{\"@type\":\"EntryPoint\",\"urlTemplate\":\"https:\\\/\\\/transportjournal.com\\\/es\\\/?s={search_term_string}\"},\"query-input\":{\"@type\":\"PropertyValueSpecification\",\"valueRequired\":true,\"valueName\":\"search_term_string\"}}],\"inLanguage\":\"es\"},{\"@type\":\"Organization\",\"@id\":\"https:\\\/\\\/transportjournal.com\\\/es\\\/#organization\",\"name\":\"Grupo Logismedia AG\",\"alternateName\":\"Logismedia Group AG\",\"url\":\"https:\\\/\\\/transportjournal.com\\\/es\\\/\",\"logo\":{\"@type\":\"ImageObject\",\"inLanguage\":\"es\",\"@id\":\"https:\\\/\\\/transportjournal.com\\\/es\\\/#\\\/schema\\\/logo\\\/image\\\/\",\"url\":\"https:\\\/\\\/transportjournal.com\\\/wp-content\\\/uploads\\\/sites\\\/2\\\/2025\\\/09\\\/Logo_ITJ.png\",\"contentUrl\":\"https:\\\/\\\/transportjournal.com\\\/wp-content\\\/uploads\\\/sites\\\/2\\\/2025\\\/09\\\/Logo_ITJ.png\",\"width\":799,\"height\":326,\"caption\":\"Grupo Logismedia AG\"},\"image\":{\"@id\":\"https:\\\/\\\/transportjournal.com\\\/es\\\/#\\\/schema\\\/logo\\\/image\\\/\"},\"sameAs\":[\"https:\\\/\\\/www.linkedin.com\\\/company\\\/56456496\\\/admin\\\/dashboard\\\/\",\"https:\\\/\\\/www.instagram.com\\\/logismediagroup\\\/\",\"https:\\\/\\\/www.youtube.com\\\/@LogiamediaGroupAG\"]},{\"@type\":\"Person\",\"@id\":\"https:\\\/\\\/transportjournal.com\\\/es\\\/#\\\/schema\\\/person\\\/41d36b5474b623392fa613e97e2363fa\",\"name\":\"Jeremy Soland\",\"url\":\"https:\\\/\\\/transportjournal.com\\\/es\\\/author\\\/jeremy\\\/\"}]}<\/script>\n<!-- \/ Yoast SEO plugin. -->","yoast_head_json":{"title":"Los primeros ministros discuten la infraestructura fronteriza entre Polonia y Ucrania - ITJ | International Transport Journal","robots":{"index":"index","follow":"follow","max-snippet":"max-snippet:-1","max-image-preview":"max-image-preview:large","max-video-preview":"max-video-preview:-1"},"canonical":"https:\/\/transportjournal.com\/es\/2026\/04\/29\/los-primeros-ministros-discuten-la-infraestructura-fronteriza-entre-polonia-y-ucrania\/","og_locale":"es_ES","og_type":"article","og_title":"Los primeros ministros discuten la infraestructura fronteriza entre Polonia y Ucrania - ITJ | International Transport Journal","og_description":"La primera ministra ucraniana Yuliia Svyrydenko y su hom\u00f3logo polaco Donald Tusk discutieron en Rzesz\u00f3w la mejora de la infraestructura fronteriza.","og_url":"https:\/\/transportjournal.com\/es\/2026\/04\/29\/los-primeros-ministros-discuten-la-infraestructura-fronteriza-entre-polonia-y-ucrania\/","og_site_name":"ITJ | International Transport Journal","article_published_time":"2026-04-29T10:37:12+00:00","og_image":[{"width":2560,"height":1441,"url":"https:\/\/transportjournal.com\/wp-content\/uploads\/sites\/2\/2026\/04\/AdobeStock_550205599-scaled-aspect-ratio-1400-788-scaled-1.jpeg","type":"image\/jpeg"}],"author":"Jeremy Soland","twitter_card":"summary_large_image","twitter_misc":{"Escrito por":"Jeremy Soland","Tiempo de lectura":"1 minuto"},"schema":{"@context":"https:\/\/schema.org","@graph":[{"@type":"Article","@id":"https:\/\/transportjournal.com\/es\/2026\/04\/29\/los-primeros-ministros-discuten-la-infraestructura-fronteriza-entre-polonia-y-ucrania\/#article","isPartOf":{"@id":"https:\/\/transportjournal.com\/es\/2026\/04\/29\/los-primeros-ministros-discuten-la-infraestructura-fronteriza-entre-polonia-y-ucrania\/"},"author":{"name":"Jeremy Soland","@id":"https:\/\/transportjournal.com\/es\/#\/schema\/person\/41d36b5474b623392fa613e97e2363fa"},"headline":"Los primeros ministros discuten la infraestructura fronteriza entre Polonia y Ucrania","datePublished":"2026-04-29T10:37:12+00:00","mainEntityOfPage":{"@id":"https:\/\/transportjournal.com\/es\/2026\/04\/29\/los-primeros-ministros-discuten-la-infraestructura-fronteriza-entre-polonia-y-ucrania\/"},"wordCount":226,"commentCount":0,"publisher":{"@id":"https:\/\/transportjournal.com\/es\/#organization"},"image":{"@id":"https:\/\/transportjournal.com\/es\/2026\/04\/29\/los-primeros-ministros-discuten-la-infraestructura-fronteriza-entre-polonia-y-ucrania\/#primaryimage"},"thumbnailUrl":"https:\/\/transportjournal.com\/wp-content\/uploads\/sites\/2\/2026\/04\/AdobeStock_550205599-scaled-aspect-ratio-1400-788-scaled-1.jpeg","keywords":["border crossing procedures","border crossings Poland Ukraine","coop\u00e9ration logistique","Deutsch Grenzinfrastruktur","d\u00e9veloppement des infrastructures","Digitalisierung Logistik","digitalization logistics","efficacit\u00e9 contr\u00f4le frontalier","efficiency border control","Effizienz Grenzkontrolle","entreprises de transport ukrainiennes","EU market transport companies","EU-Markt Transportunternehmen","Fachkr\u00e4ftemangel Transport","Grenz\u00fcberg\u00e4nge Polen Ukraine","Grenz\u00fcbertrittsverfahren","hub logistique Rzesz\u00f3w","industrie du transport Europe","infrastructure development","Infrastrukturentwicklung","labor shortage transport","logistics cooperation","logistics Poland Ukraine","Logistik Polen Ukraine","logistique Pologne Ukraine","march\u00e9 de l'UE entreprises de transport","minist\u00e8re du D\u00e9veloppement","Ministerium f\u00fcr Entwicklung","Ministry of Development","nachhaltige Logistikl\u00f6sungen","num\u00e9risation logistique","p\u00e9nurie de main-d'\u0153uvre transport","planification des transports Europe","points de passage Pologne Ukraine","proc\u00e9dures de passage de fronti\u00e8re","road transport Poland","Rzesz\u00f3w logistics hub","Rzesz\u00f3w Logistikzentrum","SENT\/RMPD-System","solutions logistiques durables","Stra\u00dfenverkehr Polen","sustainable logistics solutions","syst\u00e8me SENT\/RMPD","transport industry Europe","transport planning Europe Fran\u00e7ais Infrastructure frontali\u00e8re","transport routier Pologne","Transportwirtschaft Europa","Ukrainian transport companies","ukrainische Transportunternehmen","Verkehrsplanung Europa English Border infrastructure","Zusammenarbeit Logistik"],"articleSection":["Europa","Intermodal \/ Carretera"],"inLanguage":"es","potentialAction":[{"@type":"CommentAction","name":"Comment","target":["https:\/\/transportjournal.com\/es\/2026\/04\/29\/los-primeros-ministros-discuten-la-infraestructura-fronteriza-entre-polonia-y-ucrania\/#respond"]}]},{"@type":"WebPage","@id":"https:\/\/transportjournal.com\/es\/2026\/04\/29\/los-primeros-ministros-discuten-la-infraestructura-fronteriza-entre-polonia-y-ucrania\/","url":"https:\/\/transportjournal.com\/es\/2026\/04\/29\/los-primeros-ministros-discuten-la-infraestructura-fronteriza-entre-polonia-y-ucrania\/","name":"Los primeros ministros discuten la infraestructura fronteriza entre Polonia y Ucrania - ITJ | International Transport Journal","isPartOf":{"@id":"https:\/\/transportjournal.com\/es\/#website"},"primaryImageOfPage":{"@id":"https:\/\/transportjournal.com\/es\/2026\/04\/29\/los-primeros-ministros-discuten-la-infraestructura-fronteriza-entre-polonia-y-ucrania\/#primaryimage"},"image":{"@id":"https:\/\/transportjournal.com\/es\/2026\/04\/29\/los-primeros-ministros-discuten-la-infraestructura-fronteriza-entre-polonia-y-ucrania\/#primaryimage"},"thumbnailUrl":"https:\/\/transportjournal.com\/wp-content\/uploads\/sites\/2\/2026\/04\/AdobeStock_550205599-scaled-aspect-ratio-1400-788-scaled-1.jpeg","datePublished":"2026-04-29T10:37:12+00:00","breadcrumb":{"@id":"https:\/\/transportjournal.com\/es\/2026\/04\/29\/los-primeros-ministros-discuten-la-infraestructura-fronteriza-entre-polonia-y-ucrania\/#breadcrumb"},"inLanguage":"es","potentialAction":[{"@type":"ReadAction","target":["https:\/\/transportjournal.com\/es\/2026\/04\/29\/los-primeros-ministros-discuten-la-infraestructura-fronteriza-entre-polonia-y-ucrania\/"]}]},{"@type":"ImageObject","inLanguage":"es","@id":"https:\/\/transportjournal.com\/es\/2026\/04\/29\/los-primeros-ministros-discuten-la-infraestructura-fronteriza-entre-polonia-y-ucrania\/#primaryimage","url":"https:\/\/transportjournal.com\/wp-content\/uploads\/sites\/2\/2026\/04\/AdobeStock_550205599-scaled-aspect-ratio-1400-788-scaled-1.jpeg","contentUrl":"https:\/\/transportjournal.com\/wp-content\/uploads\/sites\/2\/2026\/04\/AdobeStock_550205599-scaled-aspect-ratio-1400-788-scaled-1.jpeg","width":2560,"height":1441},{"@type":"BreadcrumbList","@id":"https:\/\/transportjournal.com\/es\/2026\/04\/29\/los-primeros-ministros-discuten-la-infraestructura-fronteriza-entre-polonia-y-ucrania\/#breadcrumb","itemListElement":[{"@type":"ListItem","position":1,"name":"Startseite","item":"https:\/\/transportjournal.com\/es\/"},{"@type":"ListItem","position":2,"name":"Los primeros ministros discuten la infraestructura fronteriza entre Polonia y Ucrania"}]},{"@type":"WebSite","@id":"https:\/\/transportjournal.com\/es\/#website","url":"https:\/\/transportjournal.com\/es\/","name":"ITJ | International Transport Journal","description":"Stay informed with the latest global news from the transport, logistics, and supply chain industries. Transport Journal delivers expert insights, analysis, and updates across shipping, aviation, intermodal, and forwarding.","publisher":{"@id":"https:\/\/transportjournal.com\/es\/#organization"},"potentialAction":[{"@type":"SearchAction","target":{"@type":"EntryPoint","urlTemplate":"https:\/\/transportjournal.com\/es\/?s={search_term_string}"},"query-input":{"@type":"PropertyValueSpecification","valueRequired":true,"valueName":"search_term_string"}}],"inLanguage":"es"},{"@type":"Organization","@id":"https:\/\/transportjournal.com\/es\/#organization","name":"Grupo Logismedia AG","alternateName":"Logismedia Group AG","url":"https:\/\/transportjournal.com\/es\/","logo":{"@type":"ImageObject","inLanguage":"es","@id":"https:\/\/transportjournal.com\/es\/#\/schema\/logo\/image\/","url":"https:\/\/transportjournal.com\/wp-content\/uploads\/sites\/2\/2025\/09\/Logo_ITJ.png","contentUrl":"https:\/\/transportjournal.com\/wp-content\/uploads\/sites\/2\/2025\/09\/Logo_ITJ.png","width":799,"height":326,"caption":"Grupo Logismedia AG"},"image":{"@id":"https:\/\/transportjournal.com\/es\/#\/schema\/logo\/image\/"},"sameAs":["https:\/\/www.linkedin.com\/company\/56456496\/admin\/dashboard\/","https:\/\/www.instagram.com\/logismediagroup\/","https:\/\/www.youtube.com\/@LogiamediaGroupAG"]},{"@type":"Person","@id":"https:\/\/transportjournal.com\/es\/#\/schema\/person\/41d36b5474b623392fa613e97e2363fa","name":"Jeremy Soland","url":"https:\/\/transportjournal.com\/es\/author\/jeremy\/"}]}},"_links":{"self":[{"href":"https:\/\/transportjournal.com\/es\/wp-json\/wp\/v2\/posts\/87288","targetHints":{"allow":["GET"]}}],"collection":[{"href":"https:\/\/transportjournal.com\/es\/wp-json\/wp\/v2\/posts"}],"about":[{"href":"https:\/\/transportjournal.com\/es\/wp-json\/wp\/v2\/types\/post"}],"author":[{"embeddable":true,"href":"https:\/\/transportjournal.com\/es\/wp-json\/wp\/v2\/users\/10"}],"replies":[{"embeddable":true,"href":"https:\/\/transportjournal.com\/es\/wp-json\/wp\/v2\/comments?post=87288"}],"version-history":[{"count":0,"href":"https:\/\/transportjournal.com\/es\/wp-json\/wp\/v2\/posts\/87288\/revisions"}],"wp:featuredmedia":[{"embeddable":true,"href":"https:\/\/transportjournal.com\/es\/wp-json\/wp\/v2\/media\/87285"}],"wp:attachment":[{"href":"https:\/\/transportjournal.com\/es\/wp-json\/wp\/v2\/media?parent=87288"}],"wp:term":[{"taxonomy":"category","embeddable":true,"href":"https:\/\/transportjournal.com\/es\/wp-json\/wp\/v2\/categories?post=87288"},{"taxonomy":"post_tag","embeddable":true,"href":"https:\/\/transportjournal.com\/es\/wp-json\/wp\/v2\/tags?post=87288"}],"curies":[{"name":"wp","href":"https:\/\/api.w.org\/{rel}","templated":true}]}}