{"id":87280,"date":"2026-04-29T10:38:43","date_gmt":"2026-04-29T10:38:43","guid":{"rendered":"https:\/\/transportjournal.com\/2026\/04\/29\/fedex-presiona-por-el-regreso-del-trirreactor\/"},"modified":"2026-04-29T10:38:43","modified_gmt":"2026-04-29T10:38:43","slug":"fedex-presiona-por-el-regreso-del-trirreactor","status":"publish","type":"post","link":"https:\/\/transportjournal.com\/es\/2026\/04\/29\/fedex-presiona-por-el-regreso-del-trirreactor\/","title":{"rendered":"FedEx presiona por el regreso del trirreactor"},"content":{"rendered":"<p>FedEx ha anunciado que los cargueros McDonnell Douglas MD-11F volver\u00e1n al servicio activo a partir de mayo. Esto sigue a una pausa de seis meses impuesta tras el fatal accidente de un MD-11F de UPS en noviembre de 2025. La Administraci\u00f3n Federal de Aviaci\u00f3n (FAA) de EE. UU. emiti\u00f3 una directiva de emergencia que requer\u00eda una inspecci\u00f3n exhaustiva de la flota de MD-11F. FedEx ya hab\u00eda anunciado en enero que estaba colaborando con Boeing y la FAA para permitir el regreso de los aviones antes de que finalice el cuarto trimestre, que termina el 31 de mayo.<\/p>\n<p>La flota de FedEx consta de un total de 29 MD-11F, que actualmente est\u00e1n estacionados. La mayor\u00eda de estos cargueros tienen m\u00e1s de 30 a\u00f1os, siendo el modelo m\u00e1s antiguo de 36 a\u00f1os. La decisi\u00f3n de FedEx de reintegrar los MD-11F al servicio podr\u00eda sorprender a algunos en la industria, ya que la antig\u00fcedad de los aviones plantea preocupaciones. En contraste, UPS retir\u00f3 todos los MD-11F en el cuarto trimestre de 2025 y planea reemplazarlos con Boeing 767F.<\/p>\n<h3>Reactivaci\u00f3n tras inspecciones<\/h3>\n<p>La flota de MD-11F de FedEx fue temporalmente retirada de servicio tras el accidente de UPS, en el que murieron 15 personas. El accidente ocurri\u00f3 cuando el motor izquierdo se desprendi\u00f3 del ala durante el ascenso, lo que llev\u00f3 a una p\u00e9rdida de control del avi\u00f3n. La Junta Nacional de Seguridad en el Transporte (NTSB) ha se\u00f1alado en sus hallazgos preliminares una fractura por fatiga en el soporte del motor. Esta debilidad ya hab\u00eda sido mencionada en un memo de mantenimiento de Boeing en 2011.<\/p>\n<p>La FAA inicialmente aterriz\u00f3 los MD-11 tras el incidente, pero no descart\u00f3 una reautorizaci\u00f3n, siempre que se realicen las inspecciones y reparaciones necesarias. FedEx planea reintegrar gradualmente los MD-11F una vez que se completen las medidas necesarias.<\/p>\n<p>El impacto de la retirada de los MD-11F en la capacidad de carga global fue limitado, ya que estos aviones se utilizaban principalmente en rutas nacionales. Sin embargo, el regreso de los MD-11F podr\u00eda aumentar las capacidades de FedEx en el transporte de carga, mientras que otros operadores como Western Global Airlines tambi\u00e9n tienen MD-11F en su flota que actualmente no est\u00e1n en servicio.<\/p>\n<p>&nbsp;<\/p>\n<p><a href=\"https:\/\/www.fedex.com\/\" target=\"_blank\" rel=\"noopener noreferrer\">www.fedex.com<\/a><\/p>\n<p>&nbsp;<\/p>\n","protected":false},"excerpt":{"rendered":"<p>FedEx reintroducir\u00e1 los cargueros McDonnell Douglas MD-11F a partir de mayo tras exhaustivas inspecciones para aumentar la capacidad de carga.<\/p>\n","protected":false},"author":12,"featured_media":87277,"comment_status":"open","ping_status":"","sticky":false,"template":"","format":"standard","meta":{"_acf_changed":false,"footnotes":""},"categories":[1614,1606],"tags":[43431,2648,3447,5975,5976,5507,43432,43433,4279,3402,10678,43434,4755,43435,43436,43437,43438,43439,43440,43441,2032,1778,28016,4091,2655,4604,2125,43442,2821,1831,5996,1962,3472,3475,43443,43444,43445,43446,43447,43448,2829,43449,43450,4105,2839,1837,43451,43452,43453,43454,43455],"class_list":["post-87280","post","type-post","status-publish","format-standard","has-post-thumbnail","hentry","category-america","category-carga-aerea","tag-accident-investigation","tag-air-freight","tag-air-freight-market","tag-autorite-de-laviation","tag-aviation-authority","tag-avions-cargo","tag-boeing-767f","tag-boeing-maintenance-memo","tag-capacite-de-fret","tag-cargo-aircraft","tag-cargo-capacity","tag-defaillance-de-support-moteur","tag-deutsch-fedex","tag-domestic-routes","tag-engine-mount-failure","tag-enquete-sur-laccident","tag-faa-inspections","tag-faa-inspektionen","tag-fleet-management-francais-fedex","tag-flottenmanagement-english-fedex","tag-frachtflugzeuge","tag-frachtkapazitaet","tag-frachtverkehr","tag-freight-transport","tag-fret-aerien","tag-gestion-de-flotte","tag-industrie-du-transport","tag-inspections-faa","tag-logistics-providers","tag-logistikdienstleister","tag-luftfahrtbehoerde","tag-luftfracht","tag-luftfrachtmarkt","tag-marche-du-fret-aerien","tag-mcdonnell-douglas","tag-md-11f","tag-md-11f-reactivation","tag-memo-de-maintenance-boeing","tag-nationale-routen","tag-ntsb","tag-prestataires-logistiques","tag-reactivation-md-11f","tag-routes-nationales","tag-transport-de-fret","tag-transportation-industry","tag-transportwirtschaft","tag-triebwerksaufhaengung","tag-unfalluntersuchung","tag-ups-md-11f","tag-wartungsmemo-boeing","tag-wiederinbetriebnahme-md-11f"],"acf":[],"yoast_head":"<!-- This site is optimized with the Yoast SEO plugin v27.3 - https:\/\/yoast.com\/product\/yoast-seo-wordpress\/ -->\n<title>FedEx presiona por el regreso del trirreactor - ITJ | International Transport Journal<\/title>\n<meta name=\"robots\" content=\"index, follow, max-snippet:-1, max-image-preview:large, max-video-preview:-1\" \/>\n<link rel=\"canonical\" href=\"https:\/\/transportjournal.com\/es\/2026\/04\/29\/fedex-presiona-por-el-regreso-del-trirreactor\/\" \/>\n<meta property=\"og:locale\" content=\"es_ES\" \/>\n<meta property=\"og:type\" content=\"article\" \/>\n<meta property=\"og:title\" content=\"FedEx presiona por el regreso del trirreactor - ITJ | International Transport Journal\" \/>\n<meta property=\"og:description\" content=\"FedEx reintroducir\u00e1 los cargueros McDonnell Douglas MD-11F a partir de mayo tras exhaustivas inspecciones para aumentar la capacidad de carga.\" \/>\n<meta property=\"og:url\" content=\"https:\/\/transportjournal.com\/es\/2026\/04\/29\/fedex-presiona-por-el-regreso-del-trirreactor\/\" \/>\n<meta property=\"og:site_name\" content=\"ITJ | International Transport Journal\" \/>\n<meta property=\"article:published_time\" content=\"2026-04-29T10:38:43+00:00\" \/>\n<meta property=\"og:image\" content=\"https:\/\/transportjournal.com\/wp-content\/uploads\/sites\/2\/2026\/04\/Fedex-md-11f.webp\" \/>\n\t<meta property=\"og:image:width\" content=\"1000\" \/>\n\t<meta property=\"og:image:height\" content=\"563\" \/>\n\t<meta property=\"og:image:type\" content=\"image\/webp\" \/>\n<meta name=\"author\" content=\"Andreas Haug\" \/>\n<meta name=\"twitter:card\" content=\"summary_large_image\" \/>\n<meta name=\"twitter:label1\" content=\"Escrito por\" \/>\n\t<meta name=\"twitter:data1\" content=\"Andreas Haug\" \/>\n\t<meta name=\"twitter:label2\" content=\"Tiempo de lectura\" \/>\n\t<meta name=\"twitter:data2\" content=\"2 minuto\" \/>\n<script type=\"application\/ld+json\" class=\"yoast-schema-graph\">{\"@context\":\"https:\\\/\\\/schema.org\",\"@graph\":[{\"@type\":\"Article\",\"@id\":\"https:\\\/\\\/transportjournal.com\\\/es\\\/2026\\\/04\\\/29\\\/fedex-presiona-por-el-regreso-del-trirreactor\\\/#article\",\"isPartOf\":{\"@id\":\"https:\\\/\\\/transportjournal.com\\\/es\\\/2026\\\/04\\\/29\\\/fedex-presiona-por-el-regreso-del-trirreactor\\\/\"},\"author\":{\"name\":\"Andreas Haug\",\"@id\":\"https:\\\/\\\/transportjournal.com\\\/es\\\/#\\\/schema\\\/person\\\/cf538b3157f15afd7589245a4b3dbd25\"},\"headline\":\"FedEx presiona por el regreso del trirreactor\",\"datePublished\":\"2026-04-29T10:38:43+00:00\",\"mainEntityOfPage\":{\"@id\":\"https:\\\/\\\/transportjournal.com\\\/es\\\/2026\\\/04\\\/29\\\/fedex-presiona-por-el-regreso-del-trirreactor\\\/\"},\"wordCount\":403,\"commentCount\":0,\"publisher\":{\"@id\":\"https:\\\/\\\/transportjournal.com\\\/es\\\/#organization\"},\"image\":{\"@id\":\"https:\\\/\\\/transportjournal.com\\\/es\\\/2026\\\/04\\\/29\\\/fedex-presiona-por-el-regreso-del-trirreactor\\\/#primaryimage\"},\"thumbnailUrl\":\"https:\\\/\\\/transportjournal.com\\\/wp-content\\\/uploads\\\/sites\\\/2\\\/2026\\\/04\\\/Fedex-md-11f.webp\",\"keywords\":[\"accident investigation\",\"air freight\",\"air freight market\",\"autorit\u00e9 de l'aviation\",\"aviation authority\",\"avions cargo\",\"Boeing 767F\",\"Boeing maintenance memo\",\"capacit\u00e9 de fret\",\"cargo aircraft\",\"cargo capacity\",\"d\u00e9faillance de support moteur\",\"Deutsch FedEx\",\"domestic routes\",\"engine mount failure\",\"enqu\u00eate sur l'accident\",\"FAA inspections\",\"FAA Inspektionen\",\"fleet management Fran\u00e7ais FedEx\",\"Flottenmanagement English FedEx\",\"Frachtflugzeuge\",\"Frachtkapazit\u00e4t\",\"Frachtverkehr\",\"freight transport\",\"fret a\u00e9rien\",\"gestion de flotte\",\"industrie du transport\",\"inspections FAA\",\"logistics providers\",\"Logistikdienstleister\",\"Luftfahrtbeh\u00f6rde\",\"Luftfracht\",\"Luftfrachtmarkt\",\"march\u00e9 du fret a\u00e9rien\",\"McDonnell Douglas\",\"MD-11F\",\"MD-11F reactivation\",\"m\u00e9mo de maintenance Boeing\",\"nationale Routen\",\"NTSB\",\"prestataires logistiques\",\"r\u00e9activation MD-11F\",\"routes nationales\",\"transport de fret\",\"transportation industry\",\"Transportwirtschaft\",\"Triebwerksaufh\u00e4ngung\",\"Unfalluntersuchung\",\"UPS MD-11F\",\"Wartungsmemo Boeing\",\"Wiederinbetriebnahme MD-11F\"],\"articleSection\":[\"Am\u00e9rica\",\"Carga a\u00e9rea\"],\"inLanguage\":\"es\",\"potentialAction\":[{\"@type\":\"CommentAction\",\"name\":\"Comment\",\"target\":[\"https:\\\/\\\/transportjournal.com\\\/es\\\/2026\\\/04\\\/29\\\/fedex-presiona-por-el-regreso-del-trirreactor\\\/#respond\"]}]},{\"@type\":\"WebPage\",\"@id\":\"https:\\\/\\\/transportjournal.com\\\/es\\\/2026\\\/04\\\/29\\\/fedex-presiona-por-el-regreso-del-trirreactor\\\/\",\"url\":\"https:\\\/\\\/transportjournal.com\\\/es\\\/2026\\\/04\\\/29\\\/fedex-presiona-por-el-regreso-del-trirreactor\\\/\",\"name\":\"FedEx presiona por el regreso del trirreactor - ITJ | International Transport Journal\",\"isPartOf\":{\"@id\":\"https:\\\/\\\/transportjournal.com\\\/es\\\/#website\"},\"primaryImageOfPage\":{\"@id\":\"https:\\\/\\\/transportjournal.com\\\/es\\\/2026\\\/04\\\/29\\\/fedex-presiona-por-el-regreso-del-trirreactor\\\/#primaryimage\"},\"image\":{\"@id\":\"https:\\\/\\\/transportjournal.com\\\/es\\\/2026\\\/04\\\/29\\\/fedex-presiona-por-el-regreso-del-trirreactor\\\/#primaryimage\"},\"thumbnailUrl\":\"https:\\\/\\\/transportjournal.com\\\/wp-content\\\/uploads\\\/sites\\\/2\\\/2026\\\/04\\\/Fedex-md-11f.webp\",\"datePublished\":\"2026-04-29T10:38:43+00:00\",\"breadcrumb\":{\"@id\":\"https:\\\/\\\/transportjournal.com\\\/es\\\/2026\\\/04\\\/29\\\/fedex-presiona-por-el-regreso-del-trirreactor\\\/#breadcrumb\"},\"inLanguage\":\"es\",\"potentialAction\":[{\"@type\":\"ReadAction\",\"target\":[\"https:\\\/\\\/transportjournal.com\\\/es\\\/2026\\\/04\\\/29\\\/fedex-presiona-por-el-regreso-del-trirreactor\\\/\"]}]},{\"@type\":\"ImageObject\",\"inLanguage\":\"es\",\"@id\":\"https:\\\/\\\/transportjournal.com\\\/es\\\/2026\\\/04\\\/29\\\/fedex-presiona-por-el-regreso-del-trirreactor\\\/#primaryimage\",\"url\":\"https:\\\/\\\/transportjournal.com\\\/wp-content\\\/uploads\\\/sites\\\/2\\\/2026\\\/04\\\/Fedex-md-11f.webp\",\"contentUrl\":\"https:\\\/\\\/transportjournal.com\\\/wp-content\\\/uploads\\\/sites\\\/2\\\/2026\\\/04\\\/Fedex-md-11f.webp\",\"width\":1000,\"height\":563},{\"@type\":\"BreadcrumbList\",\"@id\":\"https:\\\/\\\/transportjournal.com\\\/es\\\/2026\\\/04\\\/29\\\/fedex-presiona-por-el-regreso-del-trirreactor\\\/#breadcrumb\",\"itemListElement\":[{\"@type\":\"ListItem\",\"position\":1,\"name\":\"Startseite\",\"item\":\"https:\\\/\\\/transportjournal.com\\\/es\\\/\"},{\"@type\":\"ListItem\",\"position\":2,\"name\":\"FedEx presiona por el regreso del trirreactor\"}]},{\"@type\":\"WebSite\",\"@id\":\"https:\\\/\\\/transportjournal.com\\\/es\\\/#website\",\"url\":\"https:\\\/\\\/transportjournal.com\\\/es\\\/\",\"name\":\"ITJ | International Transport Journal\",\"description\":\"Stay informed with the latest global news from the transport, logistics, and supply chain industries. Transport Journal delivers expert insights, analysis, and updates across shipping, aviation, intermodal, and forwarding.\",\"publisher\":{\"@id\":\"https:\\\/\\\/transportjournal.com\\\/es\\\/#organization\"},\"potentialAction\":[{\"@type\":\"SearchAction\",\"target\":{\"@type\":\"EntryPoint\",\"urlTemplate\":\"https:\\\/\\\/transportjournal.com\\\/es\\\/?s={search_term_string}\"},\"query-input\":{\"@type\":\"PropertyValueSpecification\",\"valueRequired\":true,\"valueName\":\"search_term_string\"}}],\"inLanguage\":\"es\"},{\"@type\":\"Organization\",\"@id\":\"https:\\\/\\\/transportjournal.com\\\/es\\\/#organization\",\"name\":\"Grupo Logismedia AG\",\"alternateName\":\"Logismedia Group AG\",\"url\":\"https:\\\/\\\/transportjournal.com\\\/es\\\/\",\"logo\":{\"@type\":\"ImageObject\",\"inLanguage\":\"es\",\"@id\":\"https:\\\/\\\/transportjournal.com\\\/es\\\/#\\\/schema\\\/logo\\\/image\\\/\",\"url\":\"https:\\\/\\\/transportjournal.com\\\/wp-content\\\/uploads\\\/sites\\\/2\\\/2025\\\/09\\\/Logo_ITJ.png\",\"contentUrl\":\"https:\\\/\\\/transportjournal.com\\\/wp-content\\\/uploads\\\/sites\\\/2\\\/2025\\\/09\\\/Logo_ITJ.png\",\"width\":799,\"height\":326,\"caption\":\"Grupo Logismedia AG\"},\"image\":{\"@id\":\"https:\\\/\\\/transportjournal.com\\\/es\\\/#\\\/schema\\\/logo\\\/image\\\/\"},\"sameAs\":[\"https:\\\/\\\/www.linkedin.com\\\/company\\\/56456496\\\/admin\\\/dashboard\\\/\",\"https:\\\/\\\/www.instagram.com\\\/logismediagroup\\\/\",\"https:\\\/\\\/www.youtube.com\\\/@LogiamediaGroupAG\"]},{\"@type\":\"Person\",\"@id\":\"https:\\\/\\\/transportjournal.com\\\/es\\\/#\\\/schema\\\/person\\\/cf538b3157f15afd7589245a4b3dbd25\",\"name\":\"Andreas Haug\",\"url\":\"https:\\\/\\\/transportjournal.com\\\/es\\\/author\\\/andreas\\\/\"}]}<\/script>\n<!-- \/ Yoast SEO plugin. -->","yoast_head_json":{"title":"FedEx presiona por el regreso del trirreactor - ITJ | International Transport Journal","robots":{"index":"index","follow":"follow","max-snippet":"max-snippet:-1","max-image-preview":"max-image-preview:large","max-video-preview":"max-video-preview:-1"},"canonical":"https:\/\/transportjournal.com\/es\/2026\/04\/29\/fedex-presiona-por-el-regreso-del-trirreactor\/","og_locale":"es_ES","og_type":"article","og_title":"FedEx presiona por el regreso del trirreactor - ITJ | International Transport Journal","og_description":"FedEx reintroducir\u00e1 los cargueros McDonnell Douglas MD-11F a partir de mayo tras exhaustivas inspecciones para aumentar la capacidad de carga.","og_url":"https:\/\/transportjournal.com\/es\/2026\/04\/29\/fedex-presiona-por-el-regreso-del-trirreactor\/","og_site_name":"ITJ | International Transport Journal","article_published_time":"2026-04-29T10:38:43+00:00","og_image":[{"width":1000,"height":563,"url":"https:\/\/transportjournal.com\/wp-content\/uploads\/sites\/2\/2026\/04\/Fedex-md-11f.webp","type":"image\/webp"}],"author":"Andreas Haug","twitter_card":"summary_large_image","twitter_misc":{"Escrito por":"Andreas Haug","Tiempo de lectura":"2 minuto"},"schema":{"@context":"https:\/\/schema.org","@graph":[{"@type":"Article","@id":"https:\/\/transportjournal.com\/es\/2026\/04\/29\/fedex-presiona-por-el-regreso-del-trirreactor\/#article","isPartOf":{"@id":"https:\/\/transportjournal.com\/es\/2026\/04\/29\/fedex-presiona-por-el-regreso-del-trirreactor\/"},"author":{"name":"Andreas Haug","@id":"https:\/\/transportjournal.com\/es\/#\/schema\/person\/cf538b3157f15afd7589245a4b3dbd25"},"headline":"FedEx presiona por el regreso del trirreactor","datePublished":"2026-04-29T10:38:43+00:00","mainEntityOfPage":{"@id":"https:\/\/transportjournal.com\/es\/2026\/04\/29\/fedex-presiona-por-el-regreso-del-trirreactor\/"},"wordCount":403,"commentCount":0,"publisher":{"@id":"https:\/\/transportjournal.com\/es\/#organization"},"image":{"@id":"https:\/\/transportjournal.com\/es\/2026\/04\/29\/fedex-presiona-por-el-regreso-del-trirreactor\/#primaryimage"},"thumbnailUrl":"https:\/\/transportjournal.com\/wp-content\/uploads\/sites\/2\/2026\/04\/Fedex-md-11f.webp","keywords":["accident investigation","air freight","air freight market","autorit\u00e9 de l'aviation","aviation authority","avions cargo","Boeing 767F","Boeing maintenance memo","capacit\u00e9 de fret","cargo aircraft","cargo capacity","d\u00e9faillance de support moteur","Deutsch FedEx","domestic routes","engine mount failure","enqu\u00eate sur l'accident","FAA inspections","FAA Inspektionen","fleet management Fran\u00e7ais FedEx","Flottenmanagement English FedEx","Frachtflugzeuge","Frachtkapazit\u00e4t","Frachtverkehr","freight transport","fret a\u00e9rien","gestion de flotte","industrie du transport","inspections FAA","logistics providers","Logistikdienstleister","Luftfahrtbeh\u00f6rde","Luftfracht","Luftfrachtmarkt","march\u00e9 du fret a\u00e9rien","McDonnell Douglas","MD-11F","MD-11F reactivation","m\u00e9mo de maintenance Boeing","nationale Routen","NTSB","prestataires logistiques","r\u00e9activation MD-11F","routes nationales","transport de fret","transportation industry","Transportwirtschaft","Triebwerksaufh\u00e4ngung","Unfalluntersuchung","UPS MD-11F","Wartungsmemo Boeing","Wiederinbetriebnahme MD-11F"],"articleSection":["Am\u00e9rica","Carga a\u00e9rea"],"inLanguage":"es","potentialAction":[{"@type":"CommentAction","name":"Comment","target":["https:\/\/transportjournal.com\/es\/2026\/04\/29\/fedex-presiona-por-el-regreso-del-trirreactor\/#respond"]}]},{"@type":"WebPage","@id":"https:\/\/transportjournal.com\/es\/2026\/04\/29\/fedex-presiona-por-el-regreso-del-trirreactor\/","url":"https:\/\/transportjournal.com\/es\/2026\/04\/29\/fedex-presiona-por-el-regreso-del-trirreactor\/","name":"FedEx presiona por el regreso del trirreactor - ITJ | International Transport Journal","isPartOf":{"@id":"https:\/\/transportjournal.com\/es\/#website"},"primaryImageOfPage":{"@id":"https:\/\/transportjournal.com\/es\/2026\/04\/29\/fedex-presiona-por-el-regreso-del-trirreactor\/#primaryimage"},"image":{"@id":"https:\/\/transportjournal.com\/es\/2026\/04\/29\/fedex-presiona-por-el-regreso-del-trirreactor\/#primaryimage"},"thumbnailUrl":"https:\/\/transportjournal.com\/wp-content\/uploads\/sites\/2\/2026\/04\/Fedex-md-11f.webp","datePublished":"2026-04-29T10:38:43+00:00","breadcrumb":{"@id":"https:\/\/transportjournal.com\/es\/2026\/04\/29\/fedex-presiona-por-el-regreso-del-trirreactor\/#breadcrumb"},"inLanguage":"es","potentialAction":[{"@type":"ReadAction","target":["https:\/\/transportjournal.com\/es\/2026\/04\/29\/fedex-presiona-por-el-regreso-del-trirreactor\/"]}]},{"@type":"ImageObject","inLanguage":"es","@id":"https:\/\/transportjournal.com\/es\/2026\/04\/29\/fedex-presiona-por-el-regreso-del-trirreactor\/#primaryimage","url":"https:\/\/transportjournal.com\/wp-content\/uploads\/sites\/2\/2026\/04\/Fedex-md-11f.webp","contentUrl":"https:\/\/transportjournal.com\/wp-content\/uploads\/sites\/2\/2026\/04\/Fedex-md-11f.webp","width":1000,"height":563},{"@type":"BreadcrumbList","@id":"https:\/\/transportjournal.com\/es\/2026\/04\/29\/fedex-presiona-por-el-regreso-del-trirreactor\/#breadcrumb","itemListElement":[{"@type":"ListItem","position":1,"name":"Startseite","item":"https:\/\/transportjournal.com\/es\/"},{"@type":"ListItem","position":2,"name":"FedEx presiona por el regreso del trirreactor"}]},{"@type":"WebSite","@id":"https:\/\/transportjournal.com\/es\/#website","url":"https:\/\/transportjournal.com\/es\/","name":"ITJ | International Transport Journal","description":"Stay informed with the latest global news from the transport, logistics, and supply chain industries. Transport Journal delivers expert insights, analysis, and updates across shipping, aviation, intermodal, and forwarding.","publisher":{"@id":"https:\/\/transportjournal.com\/es\/#organization"},"potentialAction":[{"@type":"SearchAction","target":{"@type":"EntryPoint","urlTemplate":"https:\/\/transportjournal.com\/es\/?s={search_term_string}"},"query-input":{"@type":"PropertyValueSpecification","valueRequired":true,"valueName":"search_term_string"}}],"inLanguage":"es"},{"@type":"Organization","@id":"https:\/\/transportjournal.com\/es\/#organization","name":"Grupo Logismedia AG","alternateName":"Logismedia Group AG","url":"https:\/\/transportjournal.com\/es\/","logo":{"@type":"ImageObject","inLanguage":"es","@id":"https:\/\/transportjournal.com\/es\/#\/schema\/logo\/image\/","url":"https:\/\/transportjournal.com\/wp-content\/uploads\/sites\/2\/2025\/09\/Logo_ITJ.png","contentUrl":"https:\/\/transportjournal.com\/wp-content\/uploads\/sites\/2\/2025\/09\/Logo_ITJ.png","width":799,"height":326,"caption":"Grupo Logismedia AG"},"image":{"@id":"https:\/\/transportjournal.com\/es\/#\/schema\/logo\/image\/"},"sameAs":["https:\/\/www.linkedin.com\/company\/56456496\/admin\/dashboard\/","https:\/\/www.instagram.com\/logismediagroup\/","https:\/\/www.youtube.com\/@LogiamediaGroupAG"]},{"@type":"Person","@id":"https:\/\/transportjournal.com\/es\/#\/schema\/person\/cf538b3157f15afd7589245a4b3dbd25","name":"Andreas Haug","url":"https:\/\/transportjournal.com\/es\/author\/andreas\/"}]}},"_links":{"self":[{"href":"https:\/\/transportjournal.com\/es\/wp-json\/wp\/v2\/posts\/87280","targetHints":{"allow":["GET"]}}],"collection":[{"href":"https:\/\/transportjournal.com\/es\/wp-json\/wp\/v2\/posts"}],"about":[{"href":"https:\/\/transportjournal.com\/es\/wp-json\/wp\/v2\/types\/post"}],"author":[{"embeddable":true,"href":"https:\/\/transportjournal.com\/es\/wp-json\/wp\/v2\/users\/12"}],"replies":[{"embeddable":true,"href":"https:\/\/transportjournal.com\/es\/wp-json\/wp\/v2\/comments?post=87280"}],"version-history":[{"count":0,"href":"https:\/\/transportjournal.com\/es\/wp-json\/wp\/v2\/posts\/87280\/revisions"}],"wp:featuredmedia":[{"embeddable":true,"href":"https:\/\/transportjournal.com\/es\/wp-json\/wp\/v2\/media\/87277"}],"wp:attachment":[{"href":"https:\/\/transportjournal.com\/es\/wp-json\/wp\/v2\/media?parent=87280"}],"wp:term":[{"taxonomy":"category","embeddable":true,"href":"https:\/\/transportjournal.com\/es\/wp-json\/wp\/v2\/categories?post=87280"},{"taxonomy":"post_tag","embeddable":true,"href":"https:\/\/transportjournal.com\/es\/wp-json\/wp\/v2\/tags?post=87280"}],"curies":[{"name":"wp","href":"https:\/\/api.w.org\/{rel}","templated":true}]}}