{"id":87154,"date":"2026-04-29T07:00:24","date_gmt":"2026-04-29T07:00:24","guid":{"rendered":"https:\/\/transportjournal.com\/2026\/04\/29\/inauguracion-del-pabellon-del-china-railway-express\/"},"modified":"2026-04-29T07:00:24","modified_gmt":"2026-04-29T07:00:24","slug":"inauguracion-del-pabellon-del-china-railway-express","status":"publish","type":"post","link":"https:\/\/transportjournal.com\/es\/2026\/04\/29\/inauguracion-del-pabellon-del-china-railway-express\/","title":{"rendered":"Inauguraci\u00f3n del \u00abPabell\u00f3n del China Railway Express\u00bb"},"content":{"rendered":"<p>Transport Logistic Shanghai 2026 inaugurar\u00e1 el nuevo &#8222;Pabell\u00f3n Conjunto del China Railway Express&#8220; junto con CRCT. Esta inauguraci\u00f3n es parte de una expansi\u00f3n del sector del transporte ferroviario y representa un elemento central de la feria de este a\u00f1o, seg\u00fan informan los organizadores. El evento tiene como objetivo atraer a operadores ferroviarios y actores log\u00edsticos transfronterizos de Eurasia, y ofrecer una plataforma para el transporte intermodal por ferrocarril, as\u00ed como para el China Railway Express.<\/p>\n<h3>Importancia creciente de la log\u00edstica ferroviaria<\/h3>\n<p>Ante las cambiantes cadenas de suministro globales, la demanda de transporte transfronterizo resistente y sostenible ha aumentado, seg\u00fan los organizadores. La log\u00edstica ferroviaria se ha establecido como una alternativa confiable al transporte mar\u00edtimo y a\u00e9reo. El China Railway Express, conocido como la moderna &#8222;caravana de camellos de acero&#8220;, conecta 128 ciudades chinas con 232 ciudades en 26 pa\u00edses europeos, as\u00ed como m\u00e1s de 100 ciudades en 11 pa\u00edses asi\u00e1ticos. Esta red ferroviaria se ha demostrado como la columna vertebral de la conectividad euroasi\u00e1tica.<\/p>\n<p><a href=\"https:\/\/www.transportlogistic-china.com\/\" target=\"_blank\" rel=\"noopener noreferrer\">www.transportlogistic-china.com<\/a><\/p>\n","protected":false},"excerpt":{"rendered":"<p>La Transport Logistic Shangh\u00e1i 2026 inaugurar\u00e1 el Pabell\u00f3n Conjunto del China Railway Express y busca resaltar la importancia de la log\u00edstica ferroviaria en el comercio internacional.<\/p>\n","protected":false},"author":10,"featured_media":87151,"comment_status":"open","ping_status":"","sticky":false,"template":"","format":"standard","meta":{"_acf_changed":false,"footnotes":""},"categories":[1610,1604,1605],"tags":[43184,43185,43186,43187,12662,43188,43189,2353,43190,3739,2115,4521,29929,29930,29931,43191,43192,43193,2366,2125,3745,2075,27518,27519,12674,2133,1831,2384,43194,1913,3157,22924,43195,43196,2148,2193,43197,1916,43198,43199,43200,12681,4341,43201,14534,4345,27531,2155,43202,1837],"class_list":["post-87154","post","type-post","status-publish","format-standard","has-post-thumbnail","hentry","category-asia-pacifico","category-intermodal-carretera","category-expedicion-y-logistica","tag-asian-countries","tag-asiatische-laender","tag-bahnbetreibende","tag-caravane-de-chameaux-en-acier","tag-chaines-dapprovisionnement","tag-china-railway-express","tag-crct","tag-cross-border-logistics","tag-deutsch-eisenbahnlogistik","tag-developpement-des-infrastructures","tag-digitalisierung-in-der-logistik","tag-digitization-in-logistics","tag-eurasia","tag-eurasie","tag-eurasien","tag-europaeische-laender","tag-european-countries","tag-foires-commerciales","tag-grenzueberschreitende-logistik","tag-industrie-du-transport","tag-infrastructure-development","tag-infrastrukturentwicklung","tag-intermodal-rail-transport","tag-intermodaler-schienenverkehr","tag-lieferketten","tag-logistics-service-providers","tag-logistikdienstleister","tag-logistique-transfrontaliere","tag-messeveranstaltungen-english-rail-logistics","tag-nachhaltiger-transport","tag-numerisation-dans-la-logistique","tag-operateurs-ferroviaires","tag-pays-asiatiques","tag-pays-europeens","tag-prestataires-de-services-logistiques","tag-rail-freight-transport","tag-rail-operators","tag-schienengueterverkehr","tag-shanghai","tag-stahlkamel-karawane","tag-steel-camel-caravan","tag-supply-chains","tag-sustainable-transport","tag-trade-fairs-francais-logistique-ferroviaire","tag-transport-de-fret-ferroviaire","tag-transport-durable","tag-transport-ferroviaire-intermodal","tag-transport-industry","tag-transport-logistic-shanghai","tag-transportwirtschaft"],"acf":[],"yoast_head":"<!-- This site is optimized with the Yoast SEO plugin v27.3 - https:\/\/yoast.com\/product\/yoast-seo-wordpress\/ -->\n<title>Inauguraci\u00f3n del &#8222;Pabell\u00f3n del China Railway Express&#8220; - ITJ | International Transport Journal<\/title>\n<meta name=\"robots\" content=\"index, follow, max-snippet:-1, max-image-preview:large, max-video-preview:-1\" \/>\n<link rel=\"canonical\" href=\"https:\/\/transportjournal.com\/es\/2026\/04\/29\/inauguracion-del-pabellon-del-china-railway-express\/\" \/>\n<meta property=\"og:locale\" content=\"es_ES\" \/>\n<meta property=\"og:type\" content=\"article\" \/>\n<meta property=\"og:title\" content=\"Inauguraci\u00f3n del &#8222;Pabell\u00f3n del China Railway Express&#8220; - ITJ | International Transport Journal\" \/>\n<meta property=\"og:description\" content=\"La Transport Logistic Shangh\u00e1i 2026 inaugurar\u00e1 el Pabell\u00f3n Conjunto del China Railway Express y busca resaltar la importancia de la log\u00edstica ferroviaria en el comercio internacional.\" \/>\n<meta property=\"og:url\" content=\"https:\/\/transportjournal.com\/es\/2026\/04\/29\/inauguracion-del-pabellon-del-china-railway-express\/\" \/>\n<meta property=\"og:site_name\" content=\"ITJ | International Transport Journal\" \/>\n<meta property=\"article:published_time\" content=\"2026-04-29T07:00:24+00:00\" \/>\n<meta property=\"og:image\" content=\"https:\/\/transportjournal.com\/wp-content\/uploads\/sites\/2\/2026\/04\/pics_1-Onsite-photos-of-transport-logistic-Shanghai-2024-aspect-ratio-1400-788.jpg\" \/>\n\t<meta property=\"og:image:width\" content=\"841\" \/>\n\t<meta property=\"og:image:height\" content=\"473\" \/>\n\t<meta property=\"og:image:type\" content=\"image\/jpeg\" \/>\n<meta name=\"author\" content=\"Jeremy Soland\" \/>\n<meta name=\"twitter:card\" content=\"summary_large_image\" \/>\n<meta name=\"twitter:label1\" content=\"Escrito por\" \/>\n\t<meta name=\"twitter:data1\" content=\"Jeremy Soland\" \/>\n\t<meta name=\"twitter:label2\" content=\"Tiempo de lectura\" \/>\n\t<meta name=\"twitter:data2\" content=\"1 minuto\" \/>\n<script type=\"application\/ld+json\" class=\"yoast-schema-graph\">{\"@context\":\"https:\\\/\\\/schema.org\",\"@graph\":[{\"@type\":\"Article\",\"@id\":\"https:\\\/\\\/transportjournal.com\\\/es\\\/2026\\\/04\\\/29\\\/inauguracion-del-pabellon-del-china-railway-express\\\/#article\",\"isPartOf\":{\"@id\":\"https:\\\/\\\/transportjournal.com\\\/es\\\/2026\\\/04\\\/29\\\/inauguracion-del-pabellon-del-china-railway-express\\\/\"},\"author\":{\"name\":\"Jeremy Soland\",\"@id\":\"https:\\\/\\\/transportjournal.com\\\/es\\\/#\\\/schema\\\/person\\\/41d36b5474b623392fa613e97e2363fa\"},\"headline\":\"Inauguraci\u00f3n del \u00abPabell\u00f3n del China Railway Express\u00bb\",\"datePublished\":\"2026-04-29T07:00:24+00:00\",\"mainEntityOfPage\":{\"@id\":\"https:\\\/\\\/transportjournal.com\\\/es\\\/2026\\\/04\\\/29\\\/inauguracion-del-pabellon-del-china-railway-express\\\/\"},\"wordCount\":186,\"commentCount\":0,\"publisher\":{\"@id\":\"https:\\\/\\\/transportjournal.com\\\/es\\\/#organization\"},\"image\":{\"@id\":\"https:\\\/\\\/transportjournal.com\\\/es\\\/2026\\\/04\\\/29\\\/inauguracion-del-pabellon-del-china-railway-express\\\/#primaryimage\"},\"thumbnailUrl\":\"https:\\\/\\\/transportjournal.com\\\/wp-content\\\/uploads\\\/sites\\\/2\\\/2026\\\/04\\\/pics_1-Onsite-photos-of-transport-logistic-Shanghai-2024-aspect-ratio-1400-788.jpg\",\"keywords\":[\"Asian countries\",\"asiatische L\u00e4nder\",\"Bahnbetreibende\",\"caravane de chameaux en acier\",\"cha\u00eenes d'approvisionnement\",\"China Railway Express\",\"CRCT\",\"cross-border logistics\",\"Deutsch Eisenbahnlogistik\",\"d\u00e9veloppement des infrastructures\",\"Digitalisierung in der Logistik\",\"digitization in logistics\",\"Eurasia\",\"Eurasie\",\"Eurasien\",\"europ\u00e4ische L\u00e4nder\",\"European countries\",\"foires commerciales\",\"grenz\u00fcberschreitende Logistik\",\"industrie du transport\",\"infrastructure development\",\"Infrastrukturentwicklung\",\"intermodal rail transport\",\"intermodaler Schienenverkehr\",\"Lieferketten\",\"logistics service providers\",\"Logistikdienstleister\",\"logistique transfrontali\u00e8re\",\"Messeveranstaltungen English rail logistics\",\"nachhaltiger Transport\",\"num\u00e9risation dans la logistique\",\"op\u00e9rateurs ferroviaires\",\"pays asiatiques\",\"pays europ\u00e9ens\",\"prestataires de services logistiques\",\"rail freight transport\",\"rail operators\",\"Schieneng\u00fcterverkehr\",\"Shanghai\",\"Stahlkamel-Karawane\",\"steel camel caravan\",\"supply chains\",\"sustainable transport\",\"trade fairs Fran\u00e7ais logistique ferroviaire\",\"transport de fret ferroviaire\",\"transport durable\",\"transport ferroviaire intermodal\",\"transport industry\",\"Transport Logistic Shanghai\",\"Transportwirtschaft\"],\"articleSection\":[\"Asia\\\/Pac\u00edfico\",\"Intermodal \\\/ Carretera\",\"Transporte de mercanc\u00edas y log\u00edstica\"],\"inLanguage\":\"es\",\"potentialAction\":[{\"@type\":\"CommentAction\",\"name\":\"Comment\",\"target\":[\"https:\\\/\\\/transportjournal.com\\\/es\\\/2026\\\/04\\\/29\\\/inauguracion-del-pabellon-del-china-railway-express\\\/#respond\"]}]},{\"@type\":\"WebPage\",\"@id\":\"https:\\\/\\\/transportjournal.com\\\/es\\\/2026\\\/04\\\/29\\\/inauguracion-del-pabellon-del-china-railway-express\\\/\",\"url\":\"https:\\\/\\\/transportjournal.com\\\/es\\\/2026\\\/04\\\/29\\\/inauguracion-del-pabellon-del-china-railway-express\\\/\",\"name\":\"Inauguraci\u00f3n del &#8222;Pabell\u00f3n del China Railway Express&#8220; - ITJ | International Transport Journal\",\"isPartOf\":{\"@id\":\"https:\\\/\\\/transportjournal.com\\\/es\\\/#website\"},\"primaryImageOfPage\":{\"@id\":\"https:\\\/\\\/transportjournal.com\\\/es\\\/2026\\\/04\\\/29\\\/inauguracion-del-pabellon-del-china-railway-express\\\/#primaryimage\"},\"image\":{\"@id\":\"https:\\\/\\\/transportjournal.com\\\/es\\\/2026\\\/04\\\/29\\\/inauguracion-del-pabellon-del-china-railway-express\\\/#primaryimage\"},\"thumbnailUrl\":\"https:\\\/\\\/transportjournal.com\\\/wp-content\\\/uploads\\\/sites\\\/2\\\/2026\\\/04\\\/pics_1-Onsite-photos-of-transport-logistic-Shanghai-2024-aspect-ratio-1400-788.jpg\",\"datePublished\":\"2026-04-29T07:00:24+00:00\",\"breadcrumb\":{\"@id\":\"https:\\\/\\\/transportjournal.com\\\/es\\\/2026\\\/04\\\/29\\\/inauguracion-del-pabellon-del-china-railway-express\\\/#breadcrumb\"},\"inLanguage\":\"es\",\"potentialAction\":[{\"@type\":\"ReadAction\",\"target\":[\"https:\\\/\\\/transportjournal.com\\\/es\\\/2026\\\/04\\\/29\\\/inauguracion-del-pabellon-del-china-railway-express\\\/\"]}]},{\"@type\":\"ImageObject\",\"inLanguage\":\"es\",\"@id\":\"https:\\\/\\\/transportjournal.com\\\/es\\\/2026\\\/04\\\/29\\\/inauguracion-del-pabellon-del-china-railway-express\\\/#primaryimage\",\"url\":\"https:\\\/\\\/transportjournal.com\\\/wp-content\\\/uploads\\\/sites\\\/2\\\/2026\\\/04\\\/pics_1-Onsite-photos-of-transport-logistic-Shanghai-2024-aspect-ratio-1400-788.jpg\",\"contentUrl\":\"https:\\\/\\\/transportjournal.com\\\/wp-content\\\/uploads\\\/sites\\\/2\\\/2026\\\/04\\\/pics_1-Onsite-photos-of-transport-logistic-Shanghai-2024-aspect-ratio-1400-788.jpg\",\"width\":841,\"height\":473},{\"@type\":\"BreadcrumbList\",\"@id\":\"https:\\\/\\\/transportjournal.com\\\/es\\\/2026\\\/04\\\/29\\\/inauguracion-del-pabellon-del-china-railway-express\\\/#breadcrumb\",\"itemListElement\":[{\"@type\":\"ListItem\",\"position\":1,\"name\":\"Startseite\",\"item\":\"https:\\\/\\\/transportjournal.com\\\/es\\\/\"},{\"@type\":\"ListItem\",\"position\":2,\"name\":\"Inauguraci\u00f3n del &#8220;Pabell\u00f3n del China Railway Express&#8221;\"}]},{\"@type\":\"WebSite\",\"@id\":\"https:\\\/\\\/transportjournal.com\\\/es\\\/#website\",\"url\":\"https:\\\/\\\/transportjournal.com\\\/es\\\/\",\"name\":\"ITJ | International Transport Journal\",\"description\":\"Stay informed with the latest global news from the transport, logistics, and supply chain industries. Transport Journal delivers expert insights, analysis, and updates across shipping, aviation, intermodal, and forwarding.\",\"publisher\":{\"@id\":\"https:\\\/\\\/transportjournal.com\\\/es\\\/#organization\"},\"potentialAction\":[{\"@type\":\"SearchAction\",\"target\":{\"@type\":\"EntryPoint\",\"urlTemplate\":\"https:\\\/\\\/transportjournal.com\\\/es\\\/?s={search_term_string}\"},\"query-input\":{\"@type\":\"PropertyValueSpecification\",\"valueRequired\":true,\"valueName\":\"search_term_string\"}}],\"inLanguage\":\"es\"},{\"@type\":\"Organization\",\"@id\":\"https:\\\/\\\/transportjournal.com\\\/es\\\/#organization\",\"name\":\"Grupo Logismedia AG\",\"alternateName\":\"Logismedia Group AG\",\"url\":\"https:\\\/\\\/transportjournal.com\\\/es\\\/\",\"logo\":{\"@type\":\"ImageObject\",\"inLanguage\":\"es\",\"@id\":\"https:\\\/\\\/transportjournal.com\\\/es\\\/#\\\/schema\\\/logo\\\/image\\\/\",\"url\":\"https:\\\/\\\/transportjournal.com\\\/wp-content\\\/uploads\\\/sites\\\/2\\\/2025\\\/09\\\/Logo_ITJ.png\",\"contentUrl\":\"https:\\\/\\\/transportjournal.com\\\/wp-content\\\/uploads\\\/sites\\\/2\\\/2025\\\/09\\\/Logo_ITJ.png\",\"width\":799,\"height\":326,\"caption\":\"Grupo Logismedia AG\"},\"image\":{\"@id\":\"https:\\\/\\\/transportjournal.com\\\/es\\\/#\\\/schema\\\/logo\\\/image\\\/\"},\"sameAs\":[\"https:\\\/\\\/www.linkedin.com\\\/company\\\/56456496\\\/admin\\\/dashboard\\\/\",\"https:\\\/\\\/www.instagram.com\\\/logismediagroup\\\/\",\"https:\\\/\\\/www.youtube.com\\\/@LogiamediaGroupAG\"]},{\"@type\":\"Person\",\"@id\":\"https:\\\/\\\/transportjournal.com\\\/es\\\/#\\\/schema\\\/person\\\/41d36b5474b623392fa613e97e2363fa\",\"name\":\"Jeremy Soland\",\"url\":\"https:\\\/\\\/transportjournal.com\\\/es\\\/author\\\/jeremy\\\/\"}]}<\/script>\n<!-- \/ Yoast SEO plugin. -->","yoast_head_json":{"title":"Inauguraci\u00f3n del &#8222;Pabell\u00f3n del China Railway Express&#8220; - ITJ | International Transport Journal","robots":{"index":"index","follow":"follow","max-snippet":"max-snippet:-1","max-image-preview":"max-image-preview:large","max-video-preview":"max-video-preview:-1"},"canonical":"https:\/\/transportjournal.com\/es\/2026\/04\/29\/inauguracion-del-pabellon-del-china-railway-express\/","og_locale":"es_ES","og_type":"article","og_title":"Inauguraci\u00f3n del &#8222;Pabell\u00f3n del China Railway Express&#8220; - ITJ | International Transport Journal","og_description":"La Transport Logistic Shangh\u00e1i 2026 inaugurar\u00e1 el Pabell\u00f3n Conjunto del China Railway Express y busca resaltar la importancia de la log\u00edstica ferroviaria en el comercio internacional.","og_url":"https:\/\/transportjournal.com\/es\/2026\/04\/29\/inauguracion-del-pabellon-del-china-railway-express\/","og_site_name":"ITJ | International Transport Journal","article_published_time":"2026-04-29T07:00:24+00:00","og_image":[{"width":841,"height":473,"url":"https:\/\/transportjournal.com\/wp-content\/uploads\/sites\/2\/2026\/04\/pics_1-Onsite-photos-of-transport-logistic-Shanghai-2024-aspect-ratio-1400-788.jpg","type":"image\/jpeg"}],"author":"Jeremy Soland","twitter_card":"summary_large_image","twitter_misc":{"Escrito por":"Jeremy Soland","Tiempo de lectura":"1 minuto"},"schema":{"@context":"https:\/\/schema.org","@graph":[{"@type":"Article","@id":"https:\/\/transportjournal.com\/es\/2026\/04\/29\/inauguracion-del-pabellon-del-china-railway-express\/#article","isPartOf":{"@id":"https:\/\/transportjournal.com\/es\/2026\/04\/29\/inauguracion-del-pabellon-del-china-railway-express\/"},"author":{"name":"Jeremy Soland","@id":"https:\/\/transportjournal.com\/es\/#\/schema\/person\/41d36b5474b623392fa613e97e2363fa"},"headline":"Inauguraci\u00f3n del \u00abPabell\u00f3n del China Railway Express\u00bb","datePublished":"2026-04-29T07:00:24+00:00","mainEntityOfPage":{"@id":"https:\/\/transportjournal.com\/es\/2026\/04\/29\/inauguracion-del-pabellon-del-china-railway-express\/"},"wordCount":186,"commentCount":0,"publisher":{"@id":"https:\/\/transportjournal.com\/es\/#organization"},"image":{"@id":"https:\/\/transportjournal.com\/es\/2026\/04\/29\/inauguracion-del-pabellon-del-china-railway-express\/#primaryimage"},"thumbnailUrl":"https:\/\/transportjournal.com\/wp-content\/uploads\/sites\/2\/2026\/04\/pics_1-Onsite-photos-of-transport-logistic-Shanghai-2024-aspect-ratio-1400-788.jpg","keywords":["Asian countries","asiatische L\u00e4nder","Bahnbetreibende","caravane de chameaux en acier","cha\u00eenes d'approvisionnement","China Railway Express","CRCT","cross-border logistics","Deutsch Eisenbahnlogistik","d\u00e9veloppement des infrastructures","Digitalisierung in der Logistik","digitization in logistics","Eurasia","Eurasie","Eurasien","europ\u00e4ische L\u00e4nder","European countries","foires commerciales","grenz\u00fcberschreitende Logistik","industrie du transport","infrastructure development","Infrastrukturentwicklung","intermodal rail transport","intermodaler Schienenverkehr","Lieferketten","logistics service providers","Logistikdienstleister","logistique transfrontali\u00e8re","Messeveranstaltungen English rail logistics","nachhaltiger Transport","num\u00e9risation dans la logistique","op\u00e9rateurs ferroviaires","pays asiatiques","pays europ\u00e9ens","prestataires de services logistiques","rail freight transport","rail operators","Schieneng\u00fcterverkehr","Shanghai","Stahlkamel-Karawane","steel camel caravan","supply chains","sustainable transport","trade fairs Fran\u00e7ais logistique ferroviaire","transport de fret ferroviaire","transport durable","transport ferroviaire intermodal","transport industry","Transport Logistic Shanghai","Transportwirtschaft"],"articleSection":["Asia\/Pac\u00edfico","Intermodal \/ Carretera","Transporte de mercanc\u00edas y log\u00edstica"],"inLanguage":"es","potentialAction":[{"@type":"CommentAction","name":"Comment","target":["https:\/\/transportjournal.com\/es\/2026\/04\/29\/inauguracion-del-pabellon-del-china-railway-express\/#respond"]}]},{"@type":"WebPage","@id":"https:\/\/transportjournal.com\/es\/2026\/04\/29\/inauguracion-del-pabellon-del-china-railway-express\/","url":"https:\/\/transportjournal.com\/es\/2026\/04\/29\/inauguracion-del-pabellon-del-china-railway-express\/","name":"Inauguraci\u00f3n del &#8222;Pabell\u00f3n del China Railway Express&#8220; - ITJ | International Transport Journal","isPartOf":{"@id":"https:\/\/transportjournal.com\/es\/#website"},"primaryImageOfPage":{"@id":"https:\/\/transportjournal.com\/es\/2026\/04\/29\/inauguracion-del-pabellon-del-china-railway-express\/#primaryimage"},"image":{"@id":"https:\/\/transportjournal.com\/es\/2026\/04\/29\/inauguracion-del-pabellon-del-china-railway-express\/#primaryimage"},"thumbnailUrl":"https:\/\/transportjournal.com\/wp-content\/uploads\/sites\/2\/2026\/04\/pics_1-Onsite-photos-of-transport-logistic-Shanghai-2024-aspect-ratio-1400-788.jpg","datePublished":"2026-04-29T07:00:24+00:00","breadcrumb":{"@id":"https:\/\/transportjournal.com\/es\/2026\/04\/29\/inauguracion-del-pabellon-del-china-railway-express\/#breadcrumb"},"inLanguage":"es","potentialAction":[{"@type":"ReadAction","target":["https:\/\/transportjournal.com\/es\/2026\/04\/29\/inauguracion-del-pabellon-del-china-railway-express\/"]}]},{"@type":"ImageObject","inLanguage":"es","@id":"https:\/\/transportjournal.com\/es\/2026\/04\/29\/inauguracion-del-pabellon-del-china-railway-express\/#primaryimage","url":"https:\/\/transportjournal.com\/wp-content\/uploads\/sites\/2\/2026\/04\/pics_1-Onsite-photos-of-transport-logistic-Shanghai-2024-aspect-ratio-1400-788.jpg","contentUrl":"https:\/\/transportjournal.com\/wp-content\/uploads\/sites\/2\/2026\/04\/pics_1-Onsite-photos-of-transport-logistic-Shanghai-2024-aspect-ratio-1400-788.jpg","width":841,"height":473},{"@type":"BreadcrumbList","@id":"https:\/\/transportjournal.com\/es\/2026\/04\/29\/inauguracion-del-pabellon-del-china-railway-express\/#breadcrumb","itemListElement":[{"@type":"ListItem","position":1,"name":"Startseite","item":"https:\/\/transportjournal.com\/es\/"},{"@type":"ListItem","position":2,"name":"Inauguraci\u00f3n del &#8220;Pabell\u00f3n del China Railway Express&#8221;"}]},{"@type":"WebSite","@id":"https:\/\/transportjournal.com\/es\/#website","url":"https:\/\/transportjournal.com\/es\/","name":"ITJ | International Transport Journal","description":"Stay informed with the latest global news from the transport, logistics, and supply chain industries. Transport Journal delivers expert insights, analysis, and updates across shipping, aviation, intermodal, and forwarding.","publisher":{"@id":"https:\/\/transportjournal.com\/es\/#organization"},"potentialAction":[{"@type":"SearchAction","target":{"@type":"EntryPoint","urlTemplate":"https:\/\/transportjournal.com\/es\/?s={search_term_string}"},"query-input":{"@type":"PropertyValueSpecification","valueRequired":true,"valueName":"search_term_string"}}],"inLanguage":"es"},{"@type":"Organization","@id":"https:\/\/transportjournal.com\/es\/#organization","name":"Grupo Logismedia AG","alternateName":"Logismedia Group AG","url":"https:\/\/transportjournal.com\/es\/","logo":{"@type":"ImageObject","inLanguage":"es","@id":"https:\/\/transportjournal.com\/es\/#\/schema\/logo\/image\/","url":"https:\/\/transportjournal.com\/wp-content\/uploads\/sites\/2\/2025\/09\/Logo_ITJ.png","contentUrl":"https:\/\/transportjournal.com\/wp-content\/uploads\/sites\/2\/2025\/09\/Logo_ITJ.png","width":799,"height":326,"caption":"Grupo Logismedia AG"},"image":{"@id":"https:\/\/transportjournal.com\/es\/#\/schema\/logo\/image\/"},"sameAs":["https:\/\/www.linkedin.com\/company\/56456496\/admin\/dashboard\/","https:\/\/www.instagram.com\/logismediagroup\/","https:\/\/www.youtube.com\/@LogiamediaGroupAG"]},{"@type":"Person","@id":"https:\/\/transportjournal.com\/es\/#\/schema\/person\/41d36b5474b623392fa613e97e2363fa","name":"Jeremy Soland","url":"https:\/\/transportjournal.com\/es\/author\/jeremy\/"}]}},"_links":{"self":[{"href":"https:\/\/transportjournal.com\/es\/wp-json\/wp\/v2\/posts\/87154","targetHints":{"allow":["GET"]}}],"collection":[{"href":"https:\/\/transportjournal.com\/es\/wp-json\/wp\/v2\/posts"}],"about":[{"href":"https:\/\/transportjournal.com\/es\/wp-json\/wp\/v2\/types\/post"}],"author":[{"embeddable":true,"href":"https:\/\/transportjournal.com\/es\/wp-json\/wp\/v2\/users\/10"}],"replies":[{"embeddable":true,"href":"https:\/\/transportjournal.com\/es\/wp-json\/wp\/v2\/comments?post=87154"}],"version-history":[{"count":0,"href":"https:\/\/transportjournal.com\/es\/wp-json\/wp\/v2\/posts\/87154\/revisions"}],"wp:featuredmedia":[{"embeddable":true,"href":"https:\/\/transportjournal.com\/es\/wp-json\/wp\/v2\/media\/87151"}],"wp:attachment":[{"href":"https:\/\/transportjournal.com\/es\/wp-json\/wp\/v2\/media?parent=87154"}],"wp:term":[{"taxonomy":"category","embeddable":true,"href":"https:\/\/transportjournal.com\/es\/wp-json\/wp\/v2\/categories?post=87154"},{"taxonomy":"post_tag","embeddable":true,"href":"https:\/\/transportjournal.com\/es\/wp-json\/wp\/v2\/tags?post=87154"}],"curies":[{"name":"wp","href":"https:\/\/api.w.org\/{rel}","templated":true}]}}