{"id":86991,"date":"2026-04-28T10:02:02","date_gmt":"2026-04-28T10:02:02","guid":{"rendered":"https:\/\/transportjournal.com\/2026\/04\/28\/id-logistics-abre-un-nuevo-centro-logistico\/"},"modified":"2026-04-28T10:02:02","modified_gmt":"2026-04-28T10:02:02","slug":"id-logistics-abre-un-nuevo-centro-logistico","status":"publish","type":"post","link":"https:\/\/transportjournal.com\/es\/2026\/04\/28\/id-logistics-abre-un-nuevo-centro-logistico\/","title":{"rendered":"ID Logistics abre un nuevo centro log\u00edstico"},"content":{"rendered":"<p>Para el negocio de la log\u00edstica de contratos se observa una tendencia hacia vol\u00famenes y estructuras m\u00e1s grandes en el comercio electr\u00f3nico. En este contexto, ID Logistics Germany ha anunciado un importante contrato con un cliente l\u00edder en comercio electr\u00f3nico. El contrato a largo plazo incluye la operaci\u00f3n de un centro log\u00edstico central con una superficie de 72,800 m\u00b2 en el \u00e1rea metropolitana de Aachen, que servir\u00e1 exclusivamente para el suministro de centros de cumplimiento y distribuci\u00f3n.<\/p>\n<h3>Puesta en marcha en varias fases<\/h3>\n<p>La puesta en marcha de la propiedad existente est\u00e1 programada para el tercer trimestre de este a\u00f1o y se llevar\u00e1 a cabo de manera gradual en cuatro etapas. A partir del segundo trimestre de 2027, el centro log\u00edstico estar\u00e1 en pleno funcionamiento con aproximadamente 300 empleados. En su punto m\u00e1ximo, se manejar\u00e1n hasta 50,000 paquetes diariamente, as\u00ed como entradas y salidas de mercanc\u00edas.<\/p>\n<p>Robin Otto, CEO de ID Logistics Germany, explica la importancia del proyecto: &#8222;La magnitud del centro log\u00edstico es excepcional para el segmento de comercio electr\u00f3nico y se relaciona con nuestro r\u00e1pido desarrollo de crecimiento del a\u00f1o pasado. Con esta inversi\u00f3n, tambi\u00e9n demostramos c\u00f3mo se pueden implementar de manera sostenible conceptos log\u00edsticos orientados al futuro en propiedades existentes. As\u00ed aseguramos una operaci\u00f3n duradera y creamos nuevos puestos de trabajo en una industria en expansi\u00f3n.&#8220;<\/p>\n<p>Para el concepto de intralog\u00edstica, ID Logistics Germany ha presupuestado un total de 15 millones de EUR. Esto permitir\u00e1 crear condiciones \u00f3ptimas para el manejo preciso de millones de paquetes en el almac\u00e9n de estanter\u00edas altas con una altura de 11.5 m y 55 muelles de carga. Se planea la adquisici\u00f3n de estanter\u00edas de pasillo estrecho, as\u00ed como carretillas elevadoras a medida y tecnolog\u00eda de transporte complementaria.<\/p>\n<h3>Profesionales y puestos de trabajo en la regi\u00f3n<\/h3>\n<p>Otro criterio de selecci\u00f3n para la ubicaci\u00f3n fue el buen acceso a personal calificado en la regi\u00f3n densamente poblada. En los pr\u00f3ximos meses, ID Logistics crear\u00e1 alrededor de 300 puestos de trabajo que abarcar\u00e1n diversas funciones en las \u00e1reas de TI, operaciones (como conductores de carretillas elevadoras y preparaci\u00f3n de pedidos) as\u00ed como posiciones de personal y gesti\u00f3n (liderazgo de equipo y de turno).<\/p>\n<p>Tim Kr\u00e4mer, alcalde de la ciudad de Alsdorf, da la bienvenida a la instalaci\u00f3n de ID Logistics: &#8222;Damos una c\u00e1lida bienvenida al innovador y creciente proveedor de servicios log\u00edsticos. La empresa aporta su know-how log\u00edstico a nuestra regi\u00f3n y asegura nuevos puestos de trabajo en una industria orientada al futuro. Esto fortalece nuestro espacio econ\u00f3mico en un segmento de alto valor a\u00f1adido, caracterizado por una alta demanda de personal y un uso moderno de la tecnolog\u00eda.&#8220;<\/p>\n<p>El arrendador del centro log\u00edstico es Logicor, un propietario, gestor y desarrollador de propiedades log\u00edsticas en Europa. Janica Gerecke, directora general y responsable de Alemania en Logicor, se expresa positivamente sobre la colaboraci\u00f3n: &#8222;Con ID Logistics, ganamos un inquilino que aprovecha al m\u00e1ximo las cualidades estrat\u00e9gicas de la ubicaci\u00f3n. Esperamos una asociaci\u00f3n a largo plazo y estamos orgullosos de establecer con este objeto la base para el crecimiento y nuevos puestos de trabajo en la regi\u00f3n.&#8220;<\/p>\n<p>Geogr\u00e1ficamente, ID Logistics Germany con la nueva ubicaci\u00f3n abarca la regi\u00f3n en el tri\u00e1ngulo fronterizo entre Alemania, B\u00e9lgica y los Pa\u00edses Bajos para su log\u00edstica de contratos. Esto complementa la fuerte presencia en la cuenca del Ruhr y ofrece condiciones ideales para cadenas de suministro internacionales.<\/p>\n<p>El nuevo centro log\u00edstico es parte de la estrategia de ID Logistics de operar cada vez m\u00e1s grandes propiedades para la cadena de suministro de comercio electr\u00f3nico, que requieren una alta demanda de personal y un fuerte uso de tecnolog\u00eda. Esto se respalda con dos proyectos de 2025: en el parque log\u00edstico Diemelstadt en el norte de Hesse, la empresa ha puesto en marcha un centro de cumplimiento de 68,000 m\u00b2, mientras que en el parque Mittelweser en el \u00e1rea metropolitana de Hannover, se han ampliado las capacidades de comercio electr\u00f3nico a 77,000 m\u00b2.<\/p>\n","protected":false},"excerpt":{"rendered":"<p>ID Logistics Alemania ha firmado un contrato a largo plazo para un centro log\u00edstico de 72.800 m\u00b2 en el \u00e1rea metropolitana de Aquisgr\u00e1n, para satisfacer la demanda de comercio electr\u00f3nico.<\/p>\n","protected":false},"author":7,"featured_media":86988,"comment_status":"open","ping_status":"","sticky":false,"template":"","format":"standard","meta":{"_acf_changed":false,"footnotes":""},"categories":[9092,1605],"tags":[42853,27917,42854,42855,42856,10067,2115,2116,5090,5091,42857,22235,2122,27923,42858,2123,22237,15474,4570,12828,24530,42859,2373,42860,42861,30857,4571,42862,2133,42863,2379,42864,1831,3371,22439,42865,42866,2382,42867,42868,5108,13919,42869,42870,42871,42872,3157,42873,2145,2148,42874,42875,12840,42876,2106,42877,2397],"class_list":["post-86991","post","type-post","status-publish","format-standard","has-post-thumbnail","hentry","category-deutschland","category-expedicion-y-logistica","tag-betriebsablaeufe-in-der-logistik","tag-centre-de-fulfillment","tag-centre-logistique-aix-la-chapelle","tag-concepts-logistiques-durables","tag-contract-logistics-germany","tag-deutsch-id-logistics","tag-digitalisierung-in-der-logistik","tag-digitalization-in-logistics","tag-e-commerce-logistics","tag-e-commerce-logistik","tag-emplois-logistiques-aix-la-chapelle","tag-entrepot-a-grande-hauteur","tag-fachkraeftemangel-logistik","tag-fulfillment-center","tag-fulfillment-zentrum","tag-gestion-de-la-chaine-dapprovisionnement","tag-high-bay-warehouse","tag-hochregallager","tag-immobilier-logistique","tag-intralogistics-solutions","tag-intralogistik-loesungen","tag-kontraktlogistik-deutschland","tag-labor-shortage-logistics","tag-logistics-center-aachen","tag-logistics-jobs-aachen","tag-logistics-market-germany","tag-logistics-real-estate","tag-logistics-region-tri-border-area","tag-logistics-service-providers","tag-logistics-strategy-e-commerce-francais-id-logistics","tag-logistics-technology","tag-logistik-jobs-aachen","tag-logistikdienstleister","tag-logistikimmobilien","tag-logistikmarkt-deutschland","tag-logistikregion-dreilaendereck","tag-logistikstrategie-e-commerce-english-id-logistics","tag-logistiktechnologie","tag-logistikzentrum-aachen","tag-logistique-contractuelle-allemagne","tag-logistique-e-commerce","tag-marche-logistique-allemagne","tag-nachhaltige-logistikkonzepte","tag-neue-arbeitsplaetze-logistik","tag-new-jobs-logistics","tag-nouveaux-emplois-logistique","tag-numerisation-dans-la-logistique","tag-operational-processes-in-logistics","tag-penurie-de-main-doeuvre-logistique","tag-prestataires-de-services-logistiques","tag-processus-operationnels-en-logistique","tag-region-logistique-triangle-des-frontieres","tag-solutions-dintralogistique","tag-strategie-logistique-e-commerce","tag-supply-chain-management","tag-sustainable-logistics-concepts","tag-technologie-logistique"],"acf":[],"yoast_head":"<!-- This site is optimized with the Yoast SEO plugin v27.3 - https:\/\/yoast.com\/product\/yoast-seo-wordpress\/ -->\n<title>ID Logistics abre un nuevo centro log\u00edstico - ITJ | International Transport Journal<\/title>\n<meta name=\"robots\" content=\"index, follow, max-snippet:-1, max-image-preview:large, max-video-preview:-1\" \/>\n<link rel=\"canonical\" href=\"https:\/\/transportjournal.com\/es\/2026\/04\/28\/id-logistics-abre-un-nuevo-centro-logistico\/\" \/>\n<meta property=\"og:locale\" content=\"es_ES\" \/>\n<meta property=\"og:type\" content=\"article\" \/>\n<meta property=\"og:title\" content=\"ID Logistics abre un nuevo centro log\u00edstico - ITJ | International Transport Journal\" \/>\n<meta property=\"og:description\" content=\"ID Logistics Alemania ha firmado un contrato a largo plazo para un centro log\u00edstico de 72.800 m\u00b2 en el \u00e1rea metropolitana de Aquisgr\u00e1n, para satisfacer la demanda de comercio electr\u00f3nico.\" \/>\n<meta property=\"og:url\" content=\"https:\/\/transportjournal.com\/es\/2026\/04\/28\/id-logistics-abre-un-nuevo-centro-logistico\/\" \/>\n<meta property=\"og:site_name\" content=\"ITJ | International Transport Journal\" \/>\n<meta property=\"article:published_time\" content=\"2026-04-28T10:02:02+00:00\" \/>\n<meta property=\"og:image\" content=\"https:\/\/transportjournal.com\/wp-content\/uploads\/sites\/2\/2026\/04\/DSC1471-1-scaled-1-aspect-ratio-1400-788.jpg\" \/>\n\t<meta property=\"og:image:width\" content=\"2560\" \/>\n\t<meta property=\"og:image:height\" content=\"1441\" \/>\n\t<meta property=\"og:image:type\" content=\"image\/jpeg\" \/>\n<meta name=\"author\" content=\"Andreas M\u00fcller\" \/>\n<meta name=\"twitter:card\" content=\"summary_large_image\" \/>\n<meta name=\"twitter:label1\" content=\"Escrito por\" \/>\n\t<meta name=\"twitter:data1\" content=\"Andreas M\u00fcller\" \/>\n\t<meta name=\"twitter:label2\" content=\"Tiempo de lectura\" \/>\n\t<meta name=\"twitter:data2\" content=\"4 minuto\" \/>\n<script type=\"application\/ld+json\" class=\"yoast-schema-graph\">{\"@context\":\"https:\\\/\\\/schema.org\",\"@graph\":[{\"@type\":\"Article\",\"@id\":\"https:\\\/\\\/transportjournal.com\\\/es\\\/2026\\\/04\\\/28\\\/id-logistics-abre-un-nuevo-centro-logistico\\\/#article\",\"isPartOf\":{\"@id\":\"https:\\\/\\\/transportjournal.com\\\/es\\\/2026\\\/04\\\/28\\\/id-logistics-abre-un-nuevo-centro-logistico\\\/\"},\"author\":{\"name\":\"Andreas M\u00fcller\",\"@id\":\"https:\\\/\\\/transportjournal.com\\\/es\\\/#\\\/schema\\\/person\\\/7b1593b33567ba798d300c8a1b0b85b1\"},\"headline\":\"ID Logistics abre un nuevo centro log\u00edstico\",\"datePublished\":\"2026-04-28T10:02:02+00:00\",\"mainEntityOfPage\":{\"@id\":\"https:\\\/\\\/transportjournal.com\\\/es\\\/2026\\\/04\\\/28\\\/id-logistics-abre-un-nuevo-centro-logistico\\\/\"},\"wordCount\":715,\"commentCount\":0,\"publisher\":{\"@id\":\"https:\\\/\\\/transportjournal.com\\\/es\\\/#organization\"},\"image\":{\"@id\":\"https:\\\/\\\/transportjournal.com\\\/es\\\/2026\\\/04\\\/28\\\/id-logistics-abre-un-nuevo-centro-logistico\\\/#primaryimage\"},\"thumbnailUrl\":\"https:\\\/\\\/transportjournal.com\\\/wp-content\\\/uploads\\\/sites\\\/2\\\/2026\\\/04\\\/DSC1471-1-scaled-1-aspect-ratio-1400-788.jpg\",\"keywords\":[\"Betriebsabl\u00e4ufe in der Logistik\",\"centre de fulfillment\",\"centre logistique Aix-la-Chapelle\",\"concepts logistiques durables\",\"contract logistics Germany\",\"Deutsch ID Logistics\",\"Digitalisierung in der Logistik\",\"digitalization in logistics\",\"e-commerce logistics\",\"E-Commerce Logistik\",\"emplois logistiques Aix-la-Chapelle\",\"entrep\u00f4t \u00e0 grande hauteur\",\"Fachkr\u00e4ftemangel Logistik\",\"Fulfillment Center\",\"Fulfillment-Zentrum\",\"gestion de la cha\u00eene d'approvisionnement\",\"high-bay warehouse\",\"Hochregallager\",\"immobilier logistique\",\"intralogistics solutions\",\"Intralogistik L\u00f6sungen\",\"Kontraktlogistik Deutschland\",\"labor shortage logistics\",\"logistics center Aachen\",\"logistics jobs Aachen\",\"logistics market Germany\",\"logistics real estate\",\"logistics region tri-border area\",\"logistics service providers\",\"logistics strategy e-commerce Fran\u00e7ais ID Logistics\",\"logistics technology\",\"Logistik Jobs Aachen\",\"Logistikdienstleister\",\"Logistikimmobilien\",\"Logistikmarkt Deutschland\",\"Logistikregion Dreil\u00e4ndereck\",\"Logistikstrategie E-Commerce English ID Logistics\",\"Logistiktechnologie\",\"Logistikzentrum Aachen\",\"logistique contractuelle Allemagne\",\"logistique e-commerce\",\"march\u00e9 logistique Allemagne\",\"nachhaltige Logistikkonzepte\",\"neue Arbeitspl\u00e4tze Logistik\",\"new jobs logistics\",\"nouveaux emplois logistique\",\"num\u00e9risation dans la logistique\",\"operational processes in logistics\",\"p\u00e9nurie de main-d'\u0153uvre logistique\",\"prestataires de services logistiques\",\"processus op\u00e9rationnels en logistique\",\"r\u00e9gion logistique triangle des fronti\u00e8res\",\"solutions d'intralogistique\",\"strat\u00e9gie logistique e-commerce\",\"Supply Chain Management\",\"sustainable logistics concepts\",\"technologie logistique\"],\"articleSection\":[\"Deutschland\",\"Transporte de mercanc\u00edas y log\u00edstica\"],\"inLanguage\":\"es\",\"potentialAction\":[{\"@type\":\"CommentAction\",\"name\":\"Comment\",\"target\":[\"https:\\\/\\\/transportjournal.com\\\/es\\\/2026\\\/04\\\/28\\\/id-logistics-abre-un-nuevo-centro-logistico\\\/#respond\"]}]},{\"@type\":\"WebPage\",\"@id\":\"https:\\\/\\\/transportjournal.com\\\/es\\\/2026\\\/04\\\/28\\\/id-logistics-abre-un-nuevo-centro-logistico\\\/\",\"url\":\"https:\\\/\\\/transportjournal.com\\\/es\\\/2026\\\/04\\\/28\\\/id-logistics-abre-un-nuevo-centro-logistico\\\/\",\"name\":\"ID Logistics abre un nuevo centro log\u00edstico - ITJ | International Transport Journal\",\"isPartOf\":{\"@id\":\"https:\\\/\\\/transportjournal.com\\\/es\\\/#website\"},\"primaryImageOfPage\":{\"@id\":\"https:\\\/\\\/transportjournal.com\\\/es\\\/2026\\\/04\\\/28\\\/id-logistics-abre-un-nuevo-centro-logistico\\\/#primaryimage\"},\"image\":{\"@id\":\"https:\\\/\\\/transportjournal.com\\\/es\\\/2026\\\/04\\\/28\\\/id-logistics-abre-un-nuevo-centro-logistico\\\/#primaryimage\"},\"thumbnailUrl\":\"https:\\\/\\\/transportjournal.com\\\/wp-content\\\/uploads\\\/sites\\\/2\\\/2026\\\/04\\\/DSC1471-1-scaled-1-aspect-ratio-1400-788.jpg\",\"datePublished\":\"2026-04-28T10:02:02+00:00\",\"breadcrumb\":{\"@id\":\"https:\\\/\\\/transportjournal.com\\\/es\\\/2026\\\/04\\\/28\\\/id-logistics-abre-un-nuevo-centro-logistico\\\/#breadcrumb\"},\"inLanguage\":\"es\",\"potentialAction\":[{\"@type\":\"ReadAction\",\"target\":[\"https:\\\/\\\/transportjournal.com\\\/es\\\/2026\\\/04\\\/28\\\/id-logistics-abre-un-nuevo-centro-logistico\\\/\"]}]},{\"@type\":\"ImageObject\",\"inLanguage\":\"es\",\"@id\":\"https:\\\/\\\/transportjournal.com\\\/es\\\/2026\\\/04\\\/28\\\/id-logistics-abre-un-nuevo-centro-logistico\\\/#primaryimage\",\"url\":\"https:\\\/\\\/transportjournal.com\\\/wp-content\\\/uploads\\\/sites\\\/2\\\/2026\\\/04\\\/DSC1471-1-scaled-1-aspect-ratio-1400-788.jpg\",\"contentUrl\":\"https:\\\/\\\/transportjournal.com\\\/wp-content\\\/uploads\\\/sites\\\/2\\\/2026\\\/04\\\/DSC1471-1-scaled-1-aspect-ratio-1400-788.jpg\",\"width\":2560,\"height\":1441},{\"@type\":\"BreadcrumbList\",\"@id\":\"https:\\\/\\\/transportjournal.com\\\/es\\\/2026\\\/04\\\/28\\\/id-logistics-abre-un-nuevo-centro-logistico\\\/#breadcrumb\",\"itemListElement\":[{\"@type\":\"ListItem\",\"position\":1,\"name\":\"Startseite\",\"item\":\"https:\\\/\\\/transportjournal.com\\\/es\\\/\"},{\"@type\":\"ListItem\",\"position\":2,\"name\":\"ID Logistics abre un nuevo centro log\u00edstico\"}]},{\"@type\":\"WebSite\",\"@id\":\"https:\\\/\\\/transportjournal.com\\\/es\\\/#website\",\"url\":\"https:\\\/\\\/transportjournal.com\\\/es\\\/\",\"name\":\"ITJ | International Transport Journal\",\"description\":\"Stay informed with the latest global news from the transport, logistics, and supply chain industries. Transport Journal delivers expert insights, analysis, and updates across shipping, aviation, intermodal, and forwarding.\",\"publisher\":{\"@id\":\"https:\\\/\\\/transportjournal.com\\\/es\\\/#organization\"},\"potentialAction\":[{\"@type\":\"SearchAction\",\"target\":{\"@type\":\"EntryPoint\",\"urlTemplate\":\"https:\\\/\\\/transportjournal.com\\\/es\\\/?s={search_term_string}\"},\"query-input\":{\"@type\":\"PropertyValueSpecification\",\"valueRequired\":true,\"valueName\":\"search_term_string\"}}],\"inLanguage\":\"es\"},{\"@type\":\"Organization\",\"@id\":\"https:\\\/\\\/transportjournal.com\\\/es\\\/#organization\",\"name\":\"Grupo Logismedia AG\",\"alternateName\":\"Logismedia Group AG\",\"url\":\"https:\\\/\\\/transportjournal.com\\\/es\\\/\",\"logo\":{\"@type\":\"ImageObject\",\"inLanguage\":\"es\",\"@id\":\"https:\\\/\\\/transportjournal.com\\\/es\\\/#\\\/schema\\\/logo\\\/image\\\/\",\"url\":\"https:\\\/\\\/transportjournal.com\\\/wp-content\\\/uploads\\\/sites\\\/2\\\/2025\\\/09\\\/Logo_ITJ.png\",\"contentUrl\":\"https:\\\/\\\/transportjournal.com\\\/wp-content\\\/uploads\\\/sites\\\/2\\\/2025\\\/09\\\/Logo_ITJ.png\",\"width\":799,\"height\":326,\"caption\":\"Grupo Logismedia AG\"},\"image\":{\"@id\":\"https:\\\/\\\/transportjournal.com\\\/es\\\/#\\\/schema\\\/logo\\\/image\\\/\"},\"sameAs\":[\"https:\\\/\\\/www.linkedin.com\\\/company\\\/56456496\\\/admin\\\/dashboard\\\/\",\"https:\\\/\\\/www.instagram.com\\\/logismediagroup\\\/\",\"https:\\\/\\\/www.youtube.com\\\/@LogiamediaGroupAG\"]},{\"@type\":\"Person\",\"@id\":\"https:\\\/\\\/transportjournal.com\\\/es\\\/#\\\/schema\\\/person\\\/7b1593b33567ba798d300c8a1b0b85b1\",\"name\":\"Andreas M\u00fcller\",\"url\":\"https:\\\/\\\/transportjournal.com\\\/es\\\/author\\\/logismedia\\\/\"}]}<\/script>\n<!-- \/ Yoast SEO plugin. -->","yoast_head_json":{"title":"ID Logistics abre un nuevo centro log\u00edstico - ITJ | International Transport Journal","robots":{"index":"index","follow":"follow","max-snippet":"max-snippet:-1","max-image-preview":"max-image-preview:large","max-video-preview":"max-video-preview:-1"},"canonical":"https:\/\/transportjournal.com\/es\/2026\/04\/28\/id-logistics-abre-un-nuevo-centro-logistico\/","og_locale":"es_ES","og_type":"article","og_title":"ID Logistics abre un nuevo centro log\u00edstico - ITJ | International Transport Journal","og_description":"ID Logistics Alemania ha firmado un contrato a largo plazo para un centro log\u00edstico de 72.800 m\u00b2 en el \u00e1rea metropolitana de Aquisgr\u00e1n, para satisfacer la demanda de comercio electr\u00f3nico.","og_url":"https:\/\/transportjournal.com\/es\/2026\/04\/28\/id-logistics-abre-un-nuevo-centro-logistico\/","og_site_name":"ITJ | International Transport Journal","article_published_time":"2026-04-28T10:02:02+00:00","og_image":[{"width":2560,"height":1441,"url":"https:\/\/transportjournal.com\/wp-content\/uploads\/sites\/2\/2026\/04\/DSC1471-1-scaled-1-aspect-ratio-1400-788.jpg","type":"image\/jpeg"}],"author":"Andreas M\u00fcller","twitter_card":"summary_large_image","twitter_misc":{"Escrito por":"Andreas M\u00fcller","Tiempo de lectura":"4 minuto"},"schema":{"@context":"https:\/\/schema.org","@graph":[{"@type":"Article","@id":"https:\/\/transportjournal.com\/es\/2026\/04\/28\/id-logistics-abre-un-nuevo-centro-logistico\/#article","isPartOf":{"@id":"https:\/\/transportjournal.com\/es\/2026\/04\/28\/id-logistics-abre-un-nuevo-centro-logistico\/"},"author":{"name":"Andreas M\u00fcller","@id":"https:\/\/transportjournal.com\/es\/#\/schema\/person\/7b1593b33567ba798d300c8a1b0b85b1"},"headline":"ID Logistics abre un nuevo centro log\u00edstico","datePublished":"2026-04-28T10:02:02+00:00","mainEntityOfPage":{"@id":"https:\/\/transportjournal.com\/es\/2026\/04\/28\/id-logistics-abre-un-nuevo-centro-logistico\/"},"wordCount":715,"commentCount":0,"publisher":{"@id":"https:\/\/transportjournal.com\/es\/#organization"},"image":{"@id":"https:\/\/transportjournal.com\/es\/2026\/04\/28\/id-logistics-abre-un-nuevo-centro-logistico\/#primaryimage"},"thumbnailUrl":"https:\/\/transportjournal.com\/wp-content\/uploads\/sites\/2\/2026\/04\/DSC1471-1-scaled-1-aspect-ratio-1400-788.jpg","keywords":["Betriebsabl\u00e4ufe in der Logistik","centre de fulfillment","centre logistique Aix-la-Chapelle","concepts logistiques durables","contract logistics Germany","Deutsch ID Logistics","Digitalisierung in der Logistik","digitalization in logistics","e-commerce logistics","E-Commerce Logistik","emplois logistiques Aix-la-Chapelle","entrep\u00f4t \u00e0 grande hauteur","Fachkr\u00e4ftemangel Logistik","Fulfillment Center","Fulfillment-Zentrum","gestion de la cha\u00eene d'approvisionnement","high-bay warehouse","Hochregallager","immobilier logistique","intralogistics solutions","Intralogistik L\u00f6sungen","Kontraktlogistik Deutschland","labor shortage logistics","logistics center Aachen","logistics jobs Aachen","logistics market Germany","logistics real estate","logistics region tri-border area","logistics service providers","logistics strategy e-commerce Fran\u00e7ais ID Logistics","logistics technology","Logistik Jobs Aachen","Logistikdienstleister","Logistikimmobilien","Logistikmarkt Deutschland","Logistikregion Dreil\u00e4ndereck","Logistikstrategie E-Commerce English ID Logistics","Logistiktechnologie","Logistikzentrum Aachen","logistique contractuelle Allemagne","logistique e-commerce","march\u00e9 logistique Allemagne","nachhaltige Logistikkonzepte","neue Arbeitspl\u00e4tze Logistik","new jobs logistics","nouveaux emplois logistique","num\u00e9risation dans la logistique","operational processes in logistics","p\u00e9nurie de main-d'\u0153uvre logistique","prestataires de services logistiques","processus op\u00e9rationnels en logistique","r\u00e9gion logistique triangle des fronti\u00e8res","solutions d'intralogistique","strat\u00e9gie logistique e-commerce","Supply Chain Management","sustainable logistics concepts","technologie logistique"],"articleSection":["Deutschland","Transporte de mercanc\u00edas y log\u00edstica"],"inLanguage":"es","potentialAction":[{"@type":"CommentAction","name":"Comment","target":["https:\/\/transportjournal.com\/es\/2026\/04\/28\/id-logistics-abre-un-nuevo-centro-logistico\/#respond"]}]},{"@type":"WebPage","@id":"https:\/\/transportjournal.com\/es\/2026\/04\/28\/id-logistics-abre-un-nuevo-centro-logistico\/","url":"https:\/\/transportjournal.com\/es\/2026\/04\/28\/id-logistics-abre-un-nuevo-centro-logistico\/","name":"ID Logistics abre un nuevo centro log\u00edstico - ITJ | International Transport Journal","isPartOf":{"@id":"https:\/\/transportjournal.com\/es\/#website"},"primaryImageOfPage":{"@id":"https:\/\/transportjournal.com\/es\/2026\/04\/28\/id-logistics-abre-un-nuevo-centro-logistico\/#primaryimage"},"image":{"@id":"https:\/\/transportjournal.com\/es\/2026\/04\/28\/id-logistics-abre-un-nuevo-centro-logistico\/#primaryimage"},"thumbnailUrl":"https:\/\/transportjournal.com\/wp-content\/uploads\/sites\/2\/2026\/04\/DSC1471-1-scaled-1-aspect-ratio-1400-788.jpg","datePublished":"2026-04-28T10:02:02+00:00","breadcrumb":{"@id":"https:\/\/transportjournal.com\/es\/2026\/04\/28\/id-logistics-abre-un-nuevo-centro-logistico\/#breadcrumb"},"inLanguage":"es","potentialAction":[{"@type":"ReadAction","target":["https:\/\/transportjournal.com\/es\/2026\/04\/28\/id-logistics-abre-un-nuevo-centro-logistico\/"]}]},{"@type":"ImageObject","inLanguage":"es","@id":"https:\/\/transportjournal.com\/es\/2026\/04\/28\/id-logistics-abre-un-nuevo-centro-logistico\/#primaryimage","url":"https:\/\/transportjournal.com\/wp-content\/uploads\/sites\/2\/2026\/04\/DSC1471-1-scaled-1-aspect-ratio-1400-788.jpg","contentUrl":"https:\/\/transportjournal.com\/wp-content\/uploads\/sites\/2\/2026\/04\/DSC1471-1-scaled-1-aspect-ratio-1400-788.jpg","width":2560,"height":1441},{"@type":"BreadcrumbList","@id":"https:\/\/transportjournal.com\/es\/2026\/04\/28\/id-logistics-abre-un-nuevo-centro-logistico\/#breadcrumb","itemListElement":[{"@type":"ListItem","position":1,"name":"Startseite","item":"https:\/\/transportjournal.com\/es\/"},{"@type":"ListItem","position":2,"name":"ID Logistics abre un nuevo centro log\u00edstico"}]},{"@type":"WebSite","@id":"https:\/\/transportjournal.com\/es\/#website","url":"https:\/\/transportjournal.com\/es\/","name":"ITJ | International Transport Journal","description":"Stay informed with the latest global news from the transport, logistics, and supply chain industries. Transport Journal delivers expert insights, analysis, and updates across shipping, aviation, intermodal, and forwarding.","publisher":{"@id":"https:\/\/transportjournal.com\/es\/#organization"},"potentialAction":[{"@type":"SearchAction","target":{"@type":"EntryPoint","urlTemplate":"https:\/\/transportjournal.com\/es\/?s={search_term_string}"},"query-input":{"@type":"PropertyValueSpecification","valueRequired":true,"valueName":"search_term_string"}}],"inLanguage":"es"},{"@type":"Organization","@id":"https:\/\/transportjournal.com\/es\/#organization","name":"Grupo Logismedia AG","alternateName":"Logismedia Group AG","url":"https:\/\/transportjournal.com\/es\/","logo":{"@type":"ImageObject","inLanguage":"es","@id":"https:\/\/transportjournal.com\/es\/#\/schema\/logo\/image\/","url":"https:\/\/transportjournal.com\/wp-content\/uploads\/sites\/2\/2025\/09\/Logo_ITJ.png","contentUrl":"https:\/\/transportjournal.com\/wp-content\/uploads\/sites\/2\/2025\/09\/Logo_ITJ.png","width":799,"height":326,"caption":"Grupo Logismedia AG"},"image":{"@id":"https:\/\/transportjournal.com\/es\/#\/schema\/logo\/image\/"},"sameAs":["https:\/\/www.linkedin.com\/company\/56456496\/admin\/dashboard\/","https:\/\/www.instagram.com\/logismediagroup\/","https:\/\/www.youtube.com\/@LogiamediaGroupAG"]},{"@type":"Person","@id":"https:\/\/transportjournal.com\/es\/#\/schema\/person\/7b1593b33567ba798d300c8a1b0b85b1","name":"Andreas M\u00fcller","url":"https:\/\/transportjournal.com\/es\/author\/logismedia\/"}]}},"_links":{"self":[{"href":"https:\/\/transportjournal.com\/es\/wp-json\/wp\/v2\/posts\/86991","targetHints":{"allow":["GET"]}}],"collection":[{"href":"https:\/\/transportjournal.com\/es\/wp-json\/wp\/v2\/posts"}],"about":[{"href":"https:\/\/transportjournal.com\/es\/wp-json\/wp\/v2\/types\/post"}],"author":[{"embeddable":true,"href":"https:\/\/transportjournal.com\/es\/wp-json\/wp\/v2\/users\/7"}],"replies":[{"embeddable":true,"href":"https:\/\/transportjournal.com\/es\/wp-json\/wp\/v2\/comments?post=86991"}],"version-history":[{"count":0,"href":"https:\/\/transportjournal.com\/es\/wp-json\/wp\/v2\/posts\/86991\/revisions"}],"wp:featuredmedia":[{"embeddable":true,"href":"https:\/\/transportjournal.com\/es\/wp-json\/wp\/v2\/media\/86988"}],"wp:attachment":[{"href":"https:\/\/transportjournal.com\/es\/wp-json\/wp\/v2\/media?parent=86991"}],"wp:term":[{"taxonomy":"category","embeddable":true,"href":"https:\/\/transportjournal.com\/es\/wp-json\/wp\/v2\/categories?post=86991"},{"taxonomy":"post_tag","embeddable":true,"href":"https:\/\/transportjournal.com\/es\/wp-json\/wp\/v2\/tags?post=86991"}],"curies":[{"name":"wp","href":"https:\/\/api.w.org\/{rel}","templated":true}]}}