{"id":86938,"date":"2026-04-28T09:05:00","date_gmt":"2026-04-28T09:05:00","guid":{"rendered":"https:\/\/transportjournal.com\/2026\/04\/28\/mark-gower-sera-director-de-operaciones-aeroportuarias-globales\/"},"modified":"2026-04-28T11:16:45","modified_gmt":"2026-04-28T09:16:45","slug":"mark-gower-sera-director-de-operaciones-aeroportuarias-globales","status":"publish","type":"post","link":"https:\/\/transportjournal.com\/es\/2026\/04\/28\/mark-gower-sera-director-de-operaciones-aeroportuarias-globales\/","title":{"rendered":"Mark Gower ser\u00e1 Director de Operaciones Aeroportuarias Globales"},"content":{"rendered":"<p>Aurrigo, una empresa de \u00e1mbito internacional especializada en software aut\u00f3nomo, veh\u00edculos totalmente aut\u00f3nomos y plataformas rob\u00f3ticas m\u00f3viles, ha nombrado a Mark Gower como Director de Operaciones Aeroportuarias Globales. Esta nueva posici\u00f3n tiene como objetivo apoyar la pr\u00f3xima fase de crecimiento de la empresa, ya que Aurrigo International planea pasar de pruebas a implementaciones comerciales de sus soluciones de veh\u00edculos aut\u00f3nomos en aeropuertos, seg\u00fan informa la empresa.<\/p>\n<p>Mark Gower aporta m\u00e1s de 25 a\u00f1os de experiencia en la gesti\u00f3n de operaciones a\u00e9reas. Recientemente, fue director general de Gatwick Ground Services, una filial de British Airways. En este papel, particip\u00f3 en el aumento del n\u00famero de empleados de la empresa de 340 a m\u00e1s de 1,200.<\/p>\n<p>Aurrigo International ha declarado que ya ha puesto en marcha varias implementaciones de sus tecnolog\u00edas y est\u00e1 trabajando para fortalecer la entrega de extremo a extremo. La empresa tiene como objetivo desarrollar un modelo operativo global estandarizado.<\/p>\n<p><a href=\"https:\/\/aurrigo.com\/\" target=\"_blank\" rel=\"noopener noreferrer\">www.aurrigo.com<\/a><\/p>\n","protected":false},"excerpt":{"rendered":"<p>Aurrigo International ha nombrado a Mark Gower Director de Operaciones Aeroportuarias Globales para impulsar la implementaci\u00f3n de soluciones de veh\u00edculos aut\u00f3nomos en aeropuertos.<\/p>\n","protected":false},"author":10,"featured_media":86935,"comment_status":"open","ping_status":"","sticky":false,"template":"","format":"standard","meta":{"_acf_changed":false,"footnotes":""},"categories":[1611,1603],"tags":[7129,5504,10539,10542,3397,4941,42740,42741,42742,22639,2211,2212,42743,42744,6097,1889,5515,1957,42745,42746,2123,42747,42748,42749,3418,6101,6102,42750,42751,2133,1831,7149,3423,42752,42753,30777,30778,42754,7492,5528,3602,2148,30788,2237,2106,7500,14828,42755,7502,42756,2242,10582,42757],"class_list":["post-86938","post","type-post","status-publish","format-standard","has-post-thumbnail","hentry","category-europa","category-personas-y-empresas","tag-airport-logistics","tag-airport-operations","tag-autonome-fahrzeuge","tag-autonomous-vehicles","tag-aviation-industry","tag-aviation-management","tag-commercial-deployments","tag-croissance-du-transport-aerien","tag-deploiements-commerciaux","tag-deutsch-aurrigo","tag-digital-transformation","tag-digitale-transformation","tag-end-to-end-delivery","tag-end-to-end-bereitstellung","tag-expansion-internationale","tag-fachkraeftemangel","tag-flughafenbetrieb","tag-flughafenlogistik","tag-gatwick-ground-services","tag-gestion-de-laviation","tag-gestion-de-la-chaine-dapprovisionnement","tag-global-operating-model","tag-globales-betriebsmodell","tag-growth-in-air-transport","tag-industrie-aeronautique","tag-international-expansion","tag-internationale-expansion","tag-kommerzielle-einsaetze","tag-livraison-de-bout-en-bout","tag-logistics-service-providers","tag-logistikdienstleister","tag-logistique-aeroportuaire","tag-luftfahrtindustrie","tag-luftfahrtoperationen","tag-mark-gower","tag-mobile-robotics","tag-mobile-robotik","tag-modele-operationnel-mondial","tag-nachhaltige-technologien","tag-operations-aeroportuaires","tag-penurie-de-competences","tag-prestataires-de-services-logistiques","tag-robotique-mobile","tag-skills-shortage","tag-supply-chain-management","tag-sustainable-technologies","tag-technologie-dans-le-transport","tag-technologie-im-transport-english-aurrigo","tag-technologies-durables","tag-technology-in-transportation-francais-aurrigo","tag-transformation-numerique","tag-vehicules-autonomes","tag-wachstum-im-luftverkehr"],"acf":[],"yoast_head":"<!-- This site is optimized with the Yoast SEO plugin v27.3 - https:\/\/yoast.com\/product\/yoast-seo-wordpress\/ -->\n<title>Mark Gower ser\u00e1 Director de Operaciones Aeroportuarias Globales - ITJ | International Transport Journal<\/title>\n<meta name=\"robots\" content=\"index, follow, max-snippet:-1, max-image-preview:large, max-video-preview:-1\" \/>\n<link rel=\"canonical\" href=\"https:\/\/transportjournal.com\/es\/2026\/04\/28\/mark-gower-sera-director-de-operaciones-aeroportuarias-globales\/\" \/>\n<meta property=\"og:locale\" content=\"es_ES\" \/>\n<meta property=\"og:type\" content=\"article\" \/>\n<meta property=\"og:title\" content=\"Mark Gower ser\u00e1 Director de Operaciones Aeroportuarias Globales - ITJ | International Transport Journal\" \/>\n<meta property=\"og:description\" content=\"Aurrigo International ha nombrado a Mark Gower Director de Operaciones Aeroportuarias Globales para impulsar la implementaci\u00f3n de soluciones de veh\u00edculos aut\u00f3nomos en aeropuertos.\" \/>\n<meta property=\"og:url\" content=\"https:\/\/transportjournal.com\/es\/2026\/04\/28\/mark-gower-sera-director-de-operaciones-aeroportuarias-globales\/\" \/>\n<meta property=\"og:site_name\" content=\"ITJ | International Transport Journal\" \/>\n<meta property=\"article:published_time\" content=\"2026-04-28T09:05:00+00:00\" \/>\n<meta property=\"article:modified_time\" content=\"2026-04-28T09:16:45+00:00\" \/>\n<meta property=\"og:image\" content=\"https:\/\/transportjournal.com\/wp-content\/uploads\/sites\/2\/2026\/04\/Mark-Gower-L-aspect-ratio-1400-788.jpg\" \/>\n\t<meta property=\"og:image:width\" content=\"1654\" \/>\n\t<meta property=\"og:image:height\" content=\"931\" \/>\n\t<meta property=\"og:image:type\" content=\"image\/jpeg\" \/>\n<meta name=\"author\" content=\"Jeremy Soland\" \/>\n<meta name=\"twitter:card\" content=\"summary_large_image\" \/>\n<meta name=\"twitter:label1\" content=\"Escrito por\" \/>\n\t<meta name=\"twitter:data1\" content=\"Jeremy Soland\" \/>\n\t<meta name=\"twitter:label2\" content=\"Tiempo de lectura\" \/>\n\t<meta name=\"twitter:data2\" content=\"1 minuto\" \/>\n<script type=\"application\/ld+json\" class=\"yoast-schema-graph\">{\"@context\":\"https:\\\/\\\/schema.org\",\"@graph\":[{\"@type\":\"Article\",\"@id\":\"https:\\\/\\\/transportjournal.com\\\/es\\\/2026\\\/04\\\/28\\\/mark-gower-sera-director-de-operaciones-aeroportuarias-globales\\\/#article\",\"isPartOf\":{\"@id\":\"https:\\\/\\\/transportjournal.com\\\/es\\\/2026\\\/04\\\/28\\\/mark-gower-sera-director-de-operaciones-aeroportuarias-globales\\\/\"},\"author\":{\"name\":\"Jeremy Soland\",\"@id\":\"https:\\\/\\\/transportjournal.com\\\/es\\\/#\\\/schema\\\/person\\\/41d36b5474b623392fa613e97e2363fa\"},\"headline\":\"Mark Gower ser\u00e1 Director de Operaciones Aeroportuarias Globales\",\"datePublished\":\"2026-04-28T09:05:00+00:00\",\"dateModified\":\"2026-04-28T09:16:45+00:00\",\"mainEntityOfPage\":{\"@id\":\"https:\\\/\\\/transportjournal.com\\\/es\\\/2026\\\/04\\\/28\\\/mark-gower-sera-director-de-operaciones-aeroportuarias-globales\\\/\"},\"wordCount\":176,\"commentCount\":0,\"publisher\":{\"@id\":\"https:\\\/\\\/transportjournal.com\\\/es\\\/#organization\"},\"image\":{\"@id\":\"https:\\\/\\\/transportjournal.com\\\/es\\\/2026\\\/04\\\/28\\\/mark-gower-sera-director-de-operaciones-aeroportuarias-globales\\\/#primaryimage\"},\"thumbnailUrl\":\"https:\\\/\\\/transportjournal.com\\\/wp-content\\\/uploads\\\/sites\\\/2\\\/2026\\\/04\\\/Mark-Gower-L-aspect-ratio-1400-788.jpg\",\"keywords\":[\"airport logistics\",\"airport operations\",\"autonome Fahrzeuge\",\"autonomous vehicles\",\"aviation industry\",\"aviation management\",\"commercial deployments\",\"croissance du transport a\u00e9rien\",\"d\u00e9ploiements commerciaux\",\"Deutsch Aurrigo\",\"digital transformation\",\"digitale Transformation\",\"end-to-end delivery\",\"End-to-End-Bereitstellung\",\"expansion internationale\",\"Fachkr\u00e4ftemangel\",\"Flughafenbetrieb\",\"Flughafenlogistik\",\"Gatwick Ground Services\",\"gestion de l'aviation\",\"gestion de la cha\u00eene d'approvisionnement\",\"global operating model\",\"globales Betriebsmodell\",\"growth in air transport\",\"industrie a\u00e9ronautique\",\"international expansion\",\"internationale Expansion\",\"kommerzielle Eins\u00e4tze\",\"livraison de bout en bout\",\"logistics service providers\",\"Logistikdienstleister\",\"logistique a\u00e9roportuaire\",\"Luftfahrtindustrie\",\"Luftfahrtoperationen\",\"Mark Gower\",\"mobile robotics\",\"mobile Robotik\",\"mod\u00e8le op\u00e9rationnel mondial\",\"nachhaltige Technologien\",\"op\u00e9rations a\u00e9roportuaires\",\"p\u00e9nurie de comp\u00e9tences\",\"prestataires de services logistiques\",\"robotique mobile\",\"skills shortage\",\"Supply Chain Management\",\"sustainable technologies\",\"technologie dans le transport\",\"Technologie im Transport English Aurrigo\",\"technologies durables\",\"technology in transportation Fran\u00e7ais Aurrigo\",\"transformation num\u00e9rique\",\"v\u00e9hicules autonomes\",\"Wachstum im Luftverkehr\"],\"articleSection\":[\"Europa\",\"Personas y empresas\"],\"inLanguage\":\"es\",\"potentialAction\":[{\"@type\":\"CommentAction\",\"name\":\"Comment\",\"target\":[\"https:\\\/\\\/transportjournal.com\\\/es\\\/2026\\\/04\\\/28\\\/mark-gower-sera-director-de-operaciones-aeroportuarias-globales\\\/#respond\"]}]},{\"@type\":\"WebPage\",\"@id\":\"https:\\\/\\\/transportjournal.com\\\/es\\\/2026\\\/04\\\/28\\\/mark-gower-sera-director-de-operaciones-aeroportuarias-globales\\\/\",\"url\":\"https:\\\/\\\/transportjournal.com\\\/es\\\/2026\\\/04\\\/28\\\/mark-gower-sera-director-de-operaciones-aeroportuarias-globales\\\/\",\"name\":\"Mark Gower ser\u00e1 Director de Operaciones Aeroportuarias Globales - ITJ | International Transport Journal\",\"isPartOf\":{\"@id\":\"https:\\\/\\\/transportjournal.com\\\/es\\\/#website\"},\"primaryImageOfPage\":{\"@id\":\"https:\\\/\\\/transportjournal.com\\\/es\\\/2026\\\/04\\\/28\\\/mark-gower-sera-director-de-operaciones-aeroportuarias-globales\\\/#primaryimage\"},\"image\":{\"@id\":\"https:\\\/\\\/transportjournal.com\\\/es\\\/2026\\\/04\\\/28\\\/mark-gower-sera-director-de-operaciones-aeroportuarias-globales\\\/#primaryimage\"},\"thumbnailUrl\":\"https:\\\/\\\/transportjournal.com\\\/wp-content\\\/uploads\\\/sites\\\/2\\\/2026\\\/04\\\/Mark-Gower-L-aspect-ratio-1400-788.jpg\",\"datePublished\":\"2026-04-28T09:05:00+00:00\",\"dateModified\":\"2026-04-28T09:16:45+00:00\",\"breadcrumb\":{\"@id\":\"https:\\\/\\\/transportjournal.com\\\/es\\\/2026\\\/04\\\/28\\\/mark-gower-sera-director-de-operaciones-aeroportuarias-globales\\\/#breadcrumb\"},\"inLanguage\":\"es\",\"potentialAction\":[{\"@type\":\"ReadAction\",\"target\":[\"https:\\\/\\\/transportjournal.com\\\/es\\\/2026\\\/04\\\/28\\\/mark-gower-sera-director-de-operaciones-aeroportuarias-globales\\\/\"]}]},{\"@type\":\"ImageObject\",\"inLanguage\":\"es\",\"@id\":\"https:\\\/\\\/transportjournal.com\\\/es\\\/2026\\\/04\\\/28\\\/mark-gower-sera-director-de-operaciones-aeroportuarias-globales\\\/#primaryimage\",\"url\":\"https:\\\/\\\/transportjournal.com\\\/wp-content\\\/uploads\\\/sites\\\/2\\\/2026\\\/04\\\/Mark-Gower-L-aspect-ratio-1400-788.jpg\",\"contentUrl\":\"https:\\\/\\\/transportjournal.com\\\/wp-content\\\/uploads\\\/sites\\\/2\\\/2026\\\/04\\\/Mark-Gower-L-aspect-ratio-1400-788.jpg\",\"width\":1654,\"height\":931},{\"@type\":\"BreadcrumbList\",\"@id\":\"https:\\\/\\\/transportjournal.com\\\/es\\\/2026\\\/04\\\/28\\\/mark-gower-sera-director-de-operaciones-aeroportuarias-globales\\\/#breadcrumb\",\"itemListElement\":[{\"@type\":\"ListItem\",\"position\":1,\"name\":\"Startseite\",\"item\":\"https:\\\/\\\/transportjournal.com\\\/es\\\/\"},{\"@type\":\"ListItem\",\"position\":2,\"name\":\"Mark Gower ser\u00e1 Director de Operaciones Aeroportuarias Globales\"}]},{\"@type\":\"WebSite\",\"@id\":\"https:\\\/\\\/transportjournal.com\\\/es\\\/#website\",\"url\":\"https:\\\/\\\/transportjournal.com\\\/es\\\/\",\"name\":\"ITJ | International Transport Journal\",\"description\":\"Stay informed with the latest global news from the transport, logistics, and supply chain industries. Transport Journal delivers expert insights, analysis, and updates across shipping, aviation, intermodal, and forwarding.\",\"publisher\":{\"@id\":\"https:\\\/\\\/transportjournal.com\\\/es\\\/#organization\"},\"potentialAction\":[{\"@type\":\"SearchAction\",\"target\":{\"@type\":\"EntryPoint\",\"urlTemplate\":\"https:\\\/\\\/transportjournal.com\\\/es\\\/?s={search_term_string}\"},\"query-input\":{\"@type\":\"PropertyValueSpecification\",\"valueRequired\":true,\"valueName\":\"search_term_string\"}}],\"inLanguage\":\"es\"},{\"@type\":\"Organization\",\"@id\":\"https:\\\/\\\/transportjournal.com\\\/es\\\/#organization\",\"name\":\"Grupo Logismedia AG\",\"alternateName\":\"Logismedia Group AG\",\"url\":\"https:\\\/\\\/transportjournal.com\\\/es\\\/\",\"logo\":{\"@type\":\"ImageObject\",\"inLanguage\":\"es\",\"@id\":\"https:\\\/\\\/transportjournal.com\\\/es\\\/#\\\/schema\\\/logo\\\/image\\\/\",\"url\":\"https:\\\/\\\/transportjournal.com\\\/wp-content\\\/uploads\\\/sites\\\/2\\\/2025\\\/09\\\/Logo_ITJ.png\",\"contentUrl\":\"https:\\\/\\\/transportjournal.com\\\/wp-content\\\/uploads\\\/sites\\\/2\\\/2025\\\/09\\\/Logo_ITJ.png\",\"width\":799,\"height\":326,\"caption\":\"Grupo Logismedia AG\"},\"image\":{\"@id\":\"https:\\\/\\\/transportjournal.com\\\/es\\\/#\\\/schema\\\/logo\\\/image\\\/\"},\"sameAs\":[\"https:\\\/\\\/www.linkedin.com\\\/company\\\/56456496\\\/admin\\\/dashboard\\\/\",\"https:\\\/\\\/www.instagram.com\\\/logismediagroup\\\/\",\"https:\\\/\\\/www.youtube.com\\\/@LogiamediaGroupAG\"]},{\"@type\":\"Person\",\"@id\":\"https:\\\/\\\/transportjournal.com\\\/es\\\/#\\\/schema\\\/person\\\/41d36b5474b623392fa613e97e2363fa\",\"name\":\"Jeremy Soland\",\"url\":\"https:\\\/\\\/transportjournal.com\\\/es\\\/author\\\/jeremy\\\/\"}]}<\/script>\n<!-- \/ Yoast SEO plugin. -->","yoast_head_json":{"title":"Mark Gower ser\u00e1 Director de Operaciones Aeroportuarias Globales - ITJ | International Transport Journal","robots":{"index":"index","follow":"follow","max-snippet":"max-snippet:-1","max-image-preview":"max-image-preview:large","max-video-preview":"max-video-preview:-1"},"canonical":"https:\/\/transportjournal.com\/es\/2026\/04\/28\/mark-gower-sera-director-de-operaciones-aeroportuarias-globales\/","og_locale":"es_ES","og_type":"article","og_title":"Mark Gower ser\u00e1 Director de Operaciones Aeroportuarias Globales - ITJ | International Transport Journal","og_description":"Aurrigo International ha nombrado a Mark Gower Director de Operaciones Aeroportuarias Globales para impulsar la implementaci\u00f3n de soluciones de veh\u00edculos aut\u00f3nomos en aeropuertos.","og_url":"https:\/\/transportjournal.com\/es\/2026\/04\/28\/mark-gower-sera-director-de-operaciones-aeroportuarias-globales\/","og_site_name":"ITJ | International Transport Journal","article_published_time":"2026-04-28T09:05:00+00:00","article_modified_time":"2026-04-28T09:16:45+00:00","og_image":[{"width":1654,"height":931,"url":"https:\/\/transportjournal.com\/wp-content\/uploads\/sites\/2\/2026\/04\/Mark-Gower-L-aspect-ratio-1400-788.jpg","type":"image\/jpeg"}],"author":"Jeremy Soland","twitter_card":"summary_large_image","twitter_misc":{"Escrito por":"Jeremy Soland","Tiempo de lectura":"1 minuto"},"schema":{"@context":"https:\/\/schema.org","@graph":[{"@type":"Article","@id":"https:\/\/transportjournal.com\/es\/2026\/04\/28\/mark-gower-sera-director-de-operaciones-aeroportuarias-globales\/#article","isPartOf":{"@id":"https:\/\/transportjournal.com\/es\/2026\/04\/28\/mark-gower-sera-director-de-operaciones-aeroportuarias-globales\/"},"author":{"name":"Jeremy Soland","@id":"https:\/\/transportjournal.com\/es\/#\/schema\/person\/41d36b5474b623392fa613e97e2363fa"},"headline":"Mark Gower ser\u00e1 Director de Operaciones Aeroportuarias Globales","datePublished":"2026-04-28T09:05:00+00:00","dateModified":"2026-04-28T09:16:45+00:00","mainEntityOfPage":{"@id":"https:\/\/transportjournal.com\/es\/2026\/04\/28\/mark-gower-sera-director-de-operaciones-aeroportuarias-globales\/"},"wordCount":176,"commentCount":0,"publisher":{"@id":"https:\/\/transportjournal.com\/es\/#organization"},"image":{"@id":"https:\/\/transportjournal.com\/es\/2026\/04\/28\/mark-gower-sera-director-de-operaciones-aeroportuarias-globales\/#primaryimage"},"thumbnailUrl":"https:\/\/transportjournal.com\/wp-content\/uploads\/sites\/2\/2026\/04\/Mark-Gower-L-aspect-ratio-1400-788.jpg","keywords":["airport logistics","airport operations","autonome Fahrzeuge","autonomous vehicles","aviation industry","aviation management","commercial deployments","croissance du transport a\u00e9rien","d\u00e9ploiements commerciaux","Deutsch Aurrigo","digital transformation","digitale Transformation","end-to-end delivery","End-to-End-Bereitstellung","expansion internationale","Fachkr\u00e4ftemangel","Flughafenbetrieb","Flughafenlogistik","Gatwick Ground Services","gestion de l'aviation","gestion de la cha\u00eene d'approvisionnement","global operating model","globales Betriebsmodell","growth in air transport","industrie a\u00e9ronautique","international expansion","internationale Expansion","kommerzielle Eins\u00e4tze","livraison de bout en bout","logistics service providers","Logistikdienstleister","logistique a\u00e9roportuaire","Luftfahrtindustrie","Luftfahrtoperationen","Mark Gower","mobile robotics","mobile Robotik","mod\u00e8le op\u00e9rationnel mondial","nachhaltige Technologien","op\u00e9rations a\u00e9roportuaires","p\u00e9nurie de comp\u00e9tences","prestataires de services logistiques","robotique mobile","skills shortage","Supply Chain Management","sustainable technologies","technologie dans le transport","Technologie im Transport English Aurrigo","technologies durables","technology in transportation Fran\u00e7ais Aurrigo","transformation num\u00e9rique","v\u00e9hicules autonomes","Wachstum im Luftverkehr"],"articleSection":["Europa","Personas y empresas"],"inLanguage":"es","potentialAction":[{"@type":"CommentAction","name":"Comment","target":["https:\/\/transportjournal.com\/es\/2026\/04\/28\/mark-gower-sera-director-de-operaciones-aeroportuarias-globales\/#respond"]}]},{"@type":"WebPage","@id":"https:\/\/transportjournal.com\/es\/2026\/04\/28\/mark-gower-sera-director-de-operaciones-aeroportuarias-globales\/","url":"https:\/\/transportjournal.com\/es\/2026\/04\/28\/mark-gower-sera-director-de-operaciones-aeroportuarias-globales\/","name":"Mark Gower ser\u00e1 Director de Operaciones Aeroportuarias Globales - ITJ | International Transport Journal","isPartOf":{"@id":"https:\/\/transportjournal.com\/es\/#website"},"primaryImageOfPage":{"@id":"https:\/\/transportjournal.com\/es\/2026\/04\/28\/mark-gower-sera-director-de-operaciones-aeroportuarias-globales\/#primaryimage"},"image":{"@id":"https:\/\/transportjournal.com\/es\/2026\/04\/28\/mark-gower-sera-director-de-operaciones-aeroportuarias-globales\/#primaryimage"},"thumbnailUrl":"https:\/\/transportjournal.com\/wp-content\/uploads\/sites\/2\/2026\/04\/Mark-Gower-L-aspect-ratio-1400-788.jpg","datePublished":"2026-04-28T09:05:00+00:00","dateModified":"2026-04-28T09:16:45+00:00","breadcrumb":{"@id":"https:\/\/transportjournal.com\/es\/2026\/04\/28\/mark-gower-sera-director-de-operaciones-aeroportuarias-globales\/#breadcrumb"},"inLanguage":"es","potentialAction":[{"@type":"ReadAction","target":["https:\/\/transportjournal.com\/es\/2026\/04\/28\/mark-gower-sera-director-de-operaciones-aeroportuarias-globales\/"]}]},{"@type":"ImageObject","inLanguage":"es","@id":"https:\/\/transportjournal.com\/es\/2026\/04\/28\/mark-gower-sera-director-de-operaciones-aeroportuarias-globales\/#primaryimage","url":"https:\/\/transportjournal.com\/wp-content\/uploads\/sites\/2\/2026\/04\/Mark-Gower-L-aspect-ratio-1400-788.jpg","contentUrl":"https:\/\/transportjournal.com\/wp-content\/uploads\/sites\/2\/2026\/04\/Mark-Gower-L-aspect-ratio-1400-788.jpg","width":1654,"height":931},{"@type":"BreadcrumbList","@id":"https:\/\/transportjournal.com\/es\/2026\/04\/28\/mark-gower-sera-director-de-operaciones-aeroportuarias-globales\/#breadcrumb","itemListElement":[{"@type":"ListItem","position":1,"name":"Startseite","item":"https:\/\/transportjournal.com\/es\/"},{"@type":"ListItem","position":2,"name":"Mark Gower ser\u00e1 Director de Operaciones Aeroportuarias Globales"}]},{"@type":"WebSite","@id":"https:\/\/transportjournal.com\/es\/#website","url":"https:\/\/transportjournal.com\/es\/","name":"ITJ | International Transport Journal","description":"Stay informed with the latest global news from the transport, logistics, and supply chain industries. Transport Journal delivers expert insights, analysis, and updates across shipping, aviation, intermodal, and forwarding.","publisher":{"@id":"https:\/\/transportjournal.com\/es\/#organization"},"potentialAction":[{"@type":"SearchAction","target":{"@type":"EntryPoint","urlTemplate":"https:\/\/transportjournal.com\/es\/?s={search_term_string}"},"query-input":{"@type":"PropertyValueSpecification","valueRequired":true,"valueName":"search_term_string"}}],"inLanguage":"es"},{"@type":"Organization","@id":"https:\/\/transportjournal.com\/es\/#organization","name":"Grupo Logismedia AG","alternateName":"Logismedia Group AG","url":"https:\/\/transportjournal.com\/es\/","logo":{"@type":"ImageObject","inLanguage":"es","@id":"https:\/\/transportjournal.com\/es\/#\/schema\/logo\/image\/","url":"https:\/\/transportjournal.com\/wp-content\/uploads\/sites\/2\/2025\/09\/Logo_ITJ.png","contentUrl":"https:\/\/transportjournal.com\/wp-content\/uploads\/sites\/2\/2025\/09\/Logo_ITJ.png","width":799,"height":326,"caption":"Grupo Logismedia AG"},"image":{"@id":"https:\/\/transportjournal.com\/es\/#\/schema\/logo\/image\/"},"sameAs":["https:\/\/www.linkedin.com\/company\/56456496\/admin\/dashboard\/","https:\/\/www.instagram.com\/logismediagroup\/","https:\/\/www.youtube.com\/@LogiamediaGroupAG"]},{"@type":"Person","@id":"https:\/\/transportjournal.com\/es\/#\/schema\/person\/41d36b5474b623392fa613e97e2363fa","name":"Jeremy Soland","url":"https:\/\/transportjournal.com\/es\/author\/jeremy\/"}]}},"_links":{"self":[{"href":"https:\/\/transportjournal.com\/es\/wp-json\/wp\/v2\/posts\/86938","targetHints":{"allow":["GET"]}}],"collection":[{"href":"https:\/\/transportjournal.com\/es\/wp-json\/wp\/v2\/posts"}],"about":[{"href":"https:\/\/transportjournal.com\/es\/wp-json\/wp\/v2\/types\/post"}],"author":[{"embeddable":true,"href":"https:\/\/transportjournal.com\/es\/wp-json\/wp\/v2\/users\/10"}],"replies":[{"embeddable":true,"href":"https:\/\/transportjournal.com\/es\/wp-json\/wp\/v2\/comments?post=86938"}],"version-history":[{"count":1,"href":"https:\/\/transportjournal.com\/es\/wp-json\/wp\/v2\/posts\/86938\/revisions"}],"predecessor-version":[{"id":86945,"href":"https:\/\/transportjournal.com\/es\/wp-json\/wp\/v2\/posts\/86938\/revisions\/86945"}],"wp:featuredmedia":[{"embeddable":true,"href":"https:\/\/transportjournal.com\/es\/wp-json\/wp\/v2\/media\/86935"}],"wp:attachment":[{"href":"https:\/\/transportjournal.com\/es\/wp-json\/wp\/v2\/media?parent=86938"}],"wp:term":[{"taxonomy":"category","embeddable":true,"href":"https:\/\/transportjournal.com\/es\/wp-json\/wp\/v2\/categories?post=86938"},{"taxonomy":"post_tag","embeddable":true,"href":"https:\/\/transportjournal.com\/es\/wp-json\/wp\/v2\/tags?post=86938"}],"curies":[{"name":"wp","href":"https:\/\/api.w.org\/{rel}","templated":true}]}}