{"id":86819,"date":"2026-04-27T11:14:00","date_gmt":"2026-04-27T11:14:00","guid":{"rendered":"https:\/\/transportjournal.com\/2026\/04\/27\/geis-gruppe-alcanza-ingresos-record-en-2025\/"},"modified":"2026-04-27T13:35:41","modified_gmt":"2026-04-27T11:35:41","slug":"geis-gruppe-alcanza-ingresos-record-en-2025","status":"publish","type":"post","link":"https:\/\/transportjournal.com\/es\/2026\/04\/27\/geis-gruppe-alcanza-ingresos-record-en-2025\/","title":{"rendered":"Geis Gruppe alcanza ingresos r\u00e9cord en 2025"},"content":{"rendered":"<p>La Grupo Geis ha logrado un crecimiento de ingresos del 8,8 por ciento en el a\u00f1o fiscal 2025, alcanzando los 2,12 mil millones de euros, lo que representa un nuevo r\u00e9cord en la historia de la empresa. A pesar de las desafiantes condiciones del mercado, que incluyen una econom\u00eda moderada y una alta presi\u00f3n de precios, el grupo familiar ha podido expandir a\u00fan m\u00e1s su posici\u00f3n en el mercado. Esto se ha visto respaldado por cuatro adquisiciones, as\u00ed como por avances en integraci\u00f3n, internacionalizaci\u00f3n y digitalizaci\u00f3n.<\/p>\n<p>Los socios gerentes Hans-Wolfgang Geis y Jochen Geis enfatizan: &#8222;2025 estuvo nuevamente marcado por una econom\u00eda moderada, alta presi\u00f3n de precios y condiciones de mercado en general desafiantes. Nos complace a\u00fan m\u00e1s haber mantenido una buena posici\u00f3n y haber ampliado nuestra cuota de mercado.&#8220; Un enfoque central se centr\u00f3 en una mayor interconexi\u00f3n internacional dentro del grupo, as\u00ed como en la integraci\u00f3n de las empresas adquiridas.<\/p>\n<h3>Adquisiciones estrat\u00e9gicas y crecimiento del personal<\/h3>\n<p>La Grupo Geis ha ampliado su presencia en mercados clave mediante la adquisici\u00f3n del Grupo Gras, de las ubicaciones de G\u00f6ttingen de la empresa de transporte Kr\u00fcger, Agotrans y de la Agencia ZZ Stoll en Tirol. Estas compras est\u00e1n destinadas a fortalecer la posici\u00f3n estrat\u00e9gica de la empresa a largo plazo. A finales de 2025, la Grupo Geis empleaba a aproximadamente 10,000 personas en m\u00e1s de 200 ubicaciones en 14 pa\u00edses europeos, lo que representa un aumento de alrededor de 650 empleados en comparaci\u00f3n con el a\u00f1o anterior.<\/p>\n<p>En el \u00e1rea de Servicios por Carretera, se logr\u00f3 un ingreso de 1,46 mil millones de euros, lo que equivale a un aumento del 13,6 por ciento. En Alemania, el crecimiento debido a adquisiciones fue del 26 por ciento. Mientras que los mercados de carga fraccionada continuaron siendo tensos, las \u00e1reas de LTL (Less Than Truckload) y FTL (Full Truckload) se mantuvieron estables. Un enfoque central se centr\u00f3 en la integraci\u00f3n de las nuevas ubicaciones, que se espera que se complete en gran medida para finales de 2026. Adem\u00e1s, la Grupo Geis est\u00e1 impulsando la automatizaci\u00f3n en el \u00e1rea de LTL y FTL a trav\u00e9s de procesos impulsados por inteligencia artificial.<\/p>\n<h3>Estabilidad en el \u00e1rea de Servicios Log\u00edsticos<\/h3>\n<p>El \u00e1rea de Servicios Log\u00edsticos se mantuvo estable con un ingreso de 406 millones de euros, manteni\u00e9ndose al nivel del a\u00f1o anterior. Se registraron desarrollos especialmente positivos en Alemania, Chequia y Eslovaquia. Geis opera actualmente m\u00e1s de 100 ubicaciones y proyectos de log\u00edstica por contrato en toda Europa. Las perspectivas para 2026 son optimistas, ya que se han ganado importantes nuevos clientes en Alemania y Austria. Adem\u00e1s, el grupo empresarial ve un potencial de crecimiento adicional en Europa del Este.<\/p>\n<p>En el \u00e1rea de Servicios A\u00e9reos y Mar\u00edtimos, se logr\u00f3 un ingreso de 181 millones de euros, lo que representa una disminuci\u00f3n del 2,3 por ciento en comparaci\u00f3n con el a\u00f1o anterior. La principal causa de esta disminuci\u00f3n son las tarifas de carga a\u00e9rea y mar\u00edtima en descenso. Sin embargo, el \u00e1rea se ha reestructurado estrat\u00e9gicamente y se ha consolidado bajo una direcci\u00f3n central. Klaus Hrazdira, COO de Quehenberger Logistics, ha estado a cargo del negocio europeo desde abril de 2025. La adhesi\u00f3n a la red internacional WACO deber\u00eda proporcionar un impulso adicional.<\/p>\n<h3>Colaboraci\u00f3n internacional y temas futuros<\/h3>\n<p>Quehenberger Logistics, cuyos n\u00fameros est\u00e1n incluidos en los valores del grupo, pudo registrar un aumento de ingresos del 1,3 por ciento en 2025, alcanzando los 641 millones de euros. En particular, los transportes por carretera se desarrollaron de manera estable. La colaboraci\u00f3n internacional entre Geis y Quehenberger se ha intensificado, especialmente en las \u00e1reas de venta cruzada e internacionalizaci\u00f3n. La creaci\u00f3n de una gesti\u00f3n de cuentas corporativas internacionales en Geis deber\u00eda proporcionar un impulso adicional.<\/p>\n<p>La Grupo Geis tambi\u00e9n ha puesto un alto enfoque en TI y sostenibilidad en 2025. Las inversiones espec\u00edficas en la infraestructura de TI han aumentado la seguridad y estabilidad de los sistemas. La seguridad de TI sigue siendo un enfoque estrat\u00e9gico para minimizar riesgos de manera temprana. La implementaci\u00f3n de la estrategia clim\u00e1tica ha llevado a una reducci\u00f3n significativa de las emisiones de CO\u2082, apoyada por el uso de 8,1 millones de litros de HVO. Adem\u00e1s, Geis ha invertido en soluciones propias de energ\u00eda y movilidad el\u00e9ctrica, incluyendo grandes bater\u00edas de almacenamiento y \u00e1reas de fotovoltaica.<\/p>\n<h3>Perspectivas para 2026<\/h3>\n<p>Para el a\u00f1o 2026, los socios gerentes Hans-Wolfgang Geis y Jochen Geis planean continuar trasladando la estrategia conjunta a las operaciones y expandir la venta cruzada. La organizaci\u00f3n se desarrollar\u00e1 de manera espec\u00edfica para interconectar m\u00e1s estrechamente a las empresas Geis y Quehenberger a nivel internacional. En este proceso, se enfocar\u00e1n en la optimizaci\u00f3n de procesos, as\u00ed como en inversiones en digitalizaci\u00f3n e inteligencia artificial para crear estructuras uniformes y eficientes.<\/p>\n<p><a href=\"http:\/\/www.geis-group.de\" target=\"_blank\" rel=\"noopener noreferrer\">www.geis-group.de<\/a><\/p>\n","protected":false},"excerpt":{"rendered":"<p>La Geis Gruppe logr\u00f3 en 2025 un crecimiento de ingresos del 8,8 por ciento hasta 2,12 mil millones de euros y planea para 2026 m\u00e1s inversiones estrat\u00e9gicas en digitalizaci\u00f3n y colaboraci\u00f3n internacional.<\/p>\n","protected":false},"author":7,"featured_media":86816,"comment_status":"open","ping_status":"","sticky":false,"template":"","format":"standard","meta":{"_acf_changed":false,"footnotes":""},"categories":[9092,1611,1728,1605],"tags":[42539,42540,42541,14965,14966,14967,3855,13145,42542,16015,42543,42544,42545,3738,2115,4521,2166,42546,42547,2700,42548,16023,16024,42549,42550,42551,6478,42552,2133,1831,42553,42554,3750,42555,42556,13157,13158,42557,2139,3157,3756,3757,2720,2148,42558,2193,36471,32198,4098,10076,1916,42559,42560,42561,2154,3125,42562,10078],"class_list":["post-86819","post","type-post","status-publish","format-standard","has-post-thumbnail","hentry","category-deutschland","category-europa","category-informes-financieros-anuales","category-expedicion-y-logistica","tag-acquisitions-dans-lindustrie-du-transport","tag-acquisitions-in-the-transport-industry","tag-akquisitionen-in-der-transportwirtschaft","tag-automation-in-logistics","tag-automatisation-dans-la-logistique","tag-automatisierung-in-der-logistik","tag-co-emissionen-reduzieren","tag-conditions-du-marche-2025","tag-contract-logistics-in-europe","tag-cooperation-internationale","tag-croissance-des-revenus-2025","tag-cross-selling-strategien","tag-cross-selling-strategies","tag-deutsch-geis-gruppe","tag-digitalisierung-in-der-logistik","tag-digitization-in-logistics","tag-durabilite-dans-la-logistique","tag-energie-und-e-mobilitaetsloesungen","tag-energy-and-e-mobility-solutions","tag-fachkraeftemangel-in-der-logistik","tag-infrastructure-informatique-dans-la-logistique","tag-international-cooperation","tag-internationale-zusammenarbeit","tag-it-infrastructure-in-logistics","tag-it-infrastruktur-in-der-logistik","tag-kontraktlogistik-in-europa","tag-labor-shortage-in-logistics","tag-logistics-projects-in-germany","tag-logistics-service-providers","tag-logistikdienstleister","tag-logistikprojekte-in-deutschland","tag-logistique-contractuelle-en-europe","tag-logistique-de-colis","tag-ltl-and-ftl-transport","tag-ltl-und-ftl-transport","tag-market-conditions-2025","tag-marktbedingungen-2025","tag-marktposition-staerken-english-geis-group","tag-nachhaltigkeit-in-der-logistik","tag-numerisation-dans-la-logistique","tag-paketlogistik","tag-parcel-logistics","tag-penurie-de-main-doeuvre-dans-la-logistique","tag-prestataires-de-services-logistiques","tag-projets-logistiques-en-allemagne","tag-rail-freight-transport","tag-reducing-co2-emissions","tag-reduction-des-emissions-de-co","tag-renforcement-de-la-position-sur-le-marche","tag-revenue-growth-2025","tag-schienengueterverkehr","tag-solutions-energetiques-et-de-mobilite-electrique","tag-strategies-de-vente-croisee","tag-strengthening-market-position-francais-groupe-geis","tag-sustainability-in-logistics","tag-transport-ferroviaire-de-marchandises","tag-transport-ltl-et-ftl","tag-umsatzwachstum-2025"],"acf":[],"yoast_head":"<!-- This site is optimized with the Yoast SEO plugin v27.3 - https:\/\/yoast.com\/product\/yoast-seo-wordpress\/ -->\n<title>Geis Gruppe alcanza ingresos r\u00e9cord en 2025 - ITJ | International Transport Journal<\/title>\n<meta name=\"robots\" content=\"index, follow, max-snippet:-1, max-image-preview:large, max-video-preview:-1\" \/>\n<link rel=\"canonical\" href=\"https:\/\/transportjournal.com\/es\/2026\/04\/27\/geis-gruppe-alcanza-ingresos-record-en-2025\/\" \/>\n<meta property=\"og:locale\" content=\"es_ES\" \/>\n<meta property=\"og:type\" content=\"article\" \/>\n<meta property=\"og:title\" content=\"Geis Gruppe alcanza ingresos r\u00e9cord en 2025 - ITJ | International Transport Journal\" \/>\n<meta property=\"og:description\" content=\"La Geis Gruppe logr\u00f3 en 2025 un crecimiento de ingresos del 8,8 por ciento hasta 2,12 mil millones de euros y planea para 2026 m\u00e1s inversiones estrat\u00e9gicas en digitalizaci\u00f3n y colaboraci\u00f3n internacional.\" \/>\n<meta property=\"og:url\" content=\"https:\/\/transportjournal.com\/es\/2026\/04\/27\/geis-gruppe-alcanza-ingresos-record-en-2025\/\" \/>\n<meta property=\"og:site_name\" content=\"ITJ | International Transport Journal\" \/>\n<meta property=\"article:published_time\" content=\"2026-04-27T11:14:00+00:00\" \/>\n<meta property=\"article:modified_time\" content=\"2026-04-27T11:35:41+00:00\" \/>\n<meta property=\"og:image\" content=\"https:\/\/transportjournal.com\/wp-content\/uploads\/sites\/2\/2026\/04\/Geis-Gruppe_27.4.26-scaled-aspect-ratio-1400-788-scaled-1.jpg\" \/>\n\t<meta property=\"og:image:width\" content=\"2560\" \/>\n\t<meta property=\"og:image:height\" content=\"1441\" \/>\n\t<meta property=\"og:image:type\" content=\"image\/jpeg\" \/>\n<meta name=\"author\" content=\"Andreas M\u00fcller\" \/>\n<meta name=\"twitter:card\" content=\"summary_large_image\" \/>\n<meta name=\"twitter:label1\" content=\"Escrito por\" \/>\n\t<meta name=\"twitter:data1\" content=\"Andreas M\u00fcller\" \/>\n\t<meta name=\"twitter:label2\" content=\"Tiempo de lectura\" \/>\n\t<meta name=\"twitter:data2\" content=\"4 minuto\" \/>\n<script type=\"application\/ld+json\" class=\"yoast-schema-graph\">{\"@context\":\"https:\\\/\\\/schema.org\",\"@graph\":[{\"@type\":\"Article\",\"@id\":\"https:\\\/\\\/transportjournal.com\\\/es\\\/2026\\\/04\\\/27\\\/geis-gruppe-alcanza-ingresos-record-en-2025\\\/#article\",\"isPartOf\":{\"@id\":\"https:\\\/\\\/transportjournal.com\\\/es\\\/2026\\\/04\\\/27\\\/geis-gruppe-alcanza-ingresos-record-en-2025\\\/\"},\"author\":{\"name\":\"Andreas M\u00fcller\",\"@id\":\"https:\\\/\\\/transportjournal.com\\\/es\\\/#\\\/schema\\\/person\\\/7b1593b33567ba798d300c8a1b0b85b1\"},\"headline\":\"Geis Gruppe alcanza ingresos r\u00e9cord en 2025\",\"datePublished\":\"2026-04-27T11:14:00+00:00\",\"dateModified\":\"2026-04-27T11:35:41+00:00\",\"mainEntityOfPage\":{\"@id\":\"https:\\\/\\\/transportjournal.com\\\/es\\\/2026\\\/04\\\/27\\\/geis-gruppe-alcanza-ingresos-record-en-2025\\\/\"},\"wordCount\":847,\"commentCount\":0,\"publisher\":{\"@id\":\"https:\\\/\\\/transportjournal.com\\\/es\\\/#organization\"},\"image\":{\"@id\":\"https:\\\/\\\/transportjournal.com\\\/es\\\/2026\\\/04\\\/27\\\/geis-gruppe-alcanza-ingresos-record-en-2025\\\/#primaryimage\"},\"thumbnailUrl\":\"https:\\\/\\\/transportjournal.com\\\/wp-content\\\/uploads\\\/sites\\\/2\\\/2026\\\/04\\\/Geis-Gruppe_27.4.26-scaled-aspect-ratio-1400-788-scaled-1.jpg\",\"keywords\":[\"acquisitions dans l'industrie du transport\",\"acquisitions in the transport industry\",\"Akquisitionen in der Transportwirtschaft\",\"automation in logistics\",\"automatisation dans la logistique\",\"Automatisierung in der Logistik\",\"CO\u2082-Emissionen reduzieren\",\"conditions du march\u00e9 2025\",\"contract logistics in Europe\",\"coop\u00e9ration internationale\",\"croissance des revenus 2025\",\"Cross-Selling Strategien\",\"cross-selling strategies\",\"Deutsch Geis Gruppe\",\"Digitalisierung in der Logistik\",\"digitization in logistics\",\"durabilit\u00e9 dans la logistique\",\"Energie- und E-Mobilit\u00e4tsl\u00f6sungen\",\"energy and e-mobility solutions\",\"Fachkr\u00e4ftemangel in der Logistik\",\"infrastructure informatique dans la logistique\",\"international cooperation\",\"internationale Zusammenarbeit\",\"IT infrastructure in logistics\",\"IT-Infrastruktur in der Logistik\",\"Kontraktlogistik in Europa\",\"labor shortage in logistics\",\"logistics projects in Germany\",\"logistics service providers\",\"Logistikdienstleister\",\"Logistikprojekte in Deutschland\",\"logistique contractuelle en Europe\",\"logistique de colis\",\"LTL and FTL transport\",\"LTL und FTL Transport\",\"market conditions 2025\",\"Marktbedingungen 2025\",\"Marktposition st\u00e4rken English Geis Group\",\"Nachhaltigkeit in der Logistik\",\"num\u00e9risation dans la logistique\",\"Paketlogistik\",\"parcel logistics\",\"p\u00e9nurie de main-d'\u0153uvre dans la logistique\",\"prestataires de services logistiques\",\"projets logistiques en Allemagne\",\"rail freight transport\",\"reducing CO2 emissions\",\"r\u00e9duction des \u00e9missions de CO\u2082\",\"renforcement de la position sur le march\u00e9\",\"revenue growth 2025\",\"Schieneng\u00fcterverkehr\",\"solutions \u00e9nerg\u00e9tiques et de mobilit\u00e9 \u00e9lectrique\",\"strat\u00e9gies de vente crois\u00e9e\",\"strengthening market position Fran\u00e7ais Groupe Geis\",\"sustainability in logistics\",\"transport ferroviaire de marchandises\",\"transport LTL et FTL\",\"Umsatzwachstum 2025\"],\"articleSection\":[\"Deutschland\",\"Europa\",\"Informes financieros\\\/anuales\",\"Transporte de mercanc\u00edas y log\u00edstica\"],\"inLanguage\":\"es\",\"potentialAction\":[{\"@type\":\"CommentAction\",\"name\":\"Comment\",\"target\":[\"https:\\\/\\\/transportjournal.com\\\/es\\\/2026\\\/04\\\/27\\\/geis-gruppe-alcanza-ingresos-record-en-2025\\\/#respond\"]}]},{\"@type\":\"WebPage\",\"@id\":\"https:\\\/\\\/transportjournal.com\\\/es\\\/2026\\\/04\\\/27\\\/geis-gruppe-alcanza-ingresos-record-en-2025\\\/\",\"url\":\"https:\\\/\\\/transportjournal.com\\\/es\\\/2026\\\/04\\\/27\\\/geis-gruppe-alcanza-ingresos-record-en-2025\\\/\",\"name\":\"Geis Gruppe alcanza ingresos r\u00e9cord en 2025 - ITJ | International Transport Journal\",\"isPartOf\":{\"@id\":\"https:\\\/\\\/transportjournal.com\\\/es\\\/#website\"},\"primaryImageOfPage\":{\"@id\":\"https:\\\/\\\/transportjournal.com\\\/es\\\/2026\\\/04\\\/27\\\/geis-gruppe-alcanza-ingresos-record-en-2025\\\/#primaryimage\"},\"image\":{\"@id\":\"https:\\\/\\\/transportjournal.com\\\/es\\\/2026\\\/04\\\/27\\\/geis-gruppe-alcanza-ingresos-record-en-2025\\\/#primaryimage\"},\"thumbnailUrl\":\"https:\\\/\\\/transportjournal.com\\\/wp-content\\\/uploads\\\/sites\\\/2\\\/2026\\\/04\\\/Geis-Gruppe_27.4.26-scaled-aspect-ratio-1400-788-scaled-1.jpg\",\"datePublished\":\"2026-04-27T11:14:00+00:00\",\"dateModified\":\"2026-04-27T11:35:41+00:00\",\"breadcrumb\":{\"@id\":\"https:\\\/\\\/transportjournal.com\\\/es\\\/2026\\\/04\\\/27\\\/geis-gruppe-alcanza-ingresos-record-en-2025\\\/#breadcrumb\"},\"inLanguage\":\"es\",\"potentialAction\":[{\"@type\":\"ReadAction\",\"target\":[\"https:\\\/\\\/transportjournal.com\\\/es\\\/2026\\\/04\\\/27\\\/geis-gruppe-alcanza-ingresos-record-en-2025\\\/\"]}]},{\"@type\":\"ImageObject\",\"inLanguage\":\"es\",\"@id\":\"https:\\\/\\\/transportjournal.com\\\/es\\\/2026\\\/04\\\/27\\\/geis-gruppe-alcanza-ingresos-record-en-2025\\\/#primaryimage\",\"url\":\"https:\\\/\\\/transportjournal.com\\\/wp-content\\\/uploads\\\/sites\\\/2\\\/2026\\\/04\\\/Geis-Gruppe_27.4.26-scaled-aspect-ratio-1400-788-scaled-1.jpg\",\"contentUrl\":\"https:\\\/\\\/transportjournal.com\\\/wp-content\\\/uploads\\\/sites\\\/2\\\/2026\\\/04\\\/Geis-Gruppe_27.4.26-scaled-aspect-ratio-1400-788-scaled-1.jpg\",\"width\":2560,\"height\":1441},{\"@type\":\"BreadcrumbList\",\"@id\":\"https:\\\/\\\/transportjournal.com\\\/es\\\/2026\\\/04\\\/27\\\/geis-gruppe-alcanza-ingresos-record-en-2025\\\/#breadcrumb\",\"itemListElement\":[{\"@type\":\"ListItem\",\"position\":1,\"name\":\"Startseite\",\"item\":\"https:\\\/\\\/transportjournal.com\\\/es\\\/\"},{\"@type\":\"ListItem\",\"position\":2,\"name\":\"Geis Gruppe alcanza ingresos r\u00e9cord en 2025\"}]},{\"@type\":\"WebSite\",\"@id\":\"https:\\\/\\\/transportjournal.com\\\/es\\\/#website\",\"url\":\"https:\\\/\\\/transportjournal.com\\\/es\\\/\",\"name\":\"ITJ | International Transport Journal\",\"description\":\"Stay informed with the latest global news from the transport, logistics, and supply chain industries. Transport Journal delivers expert insights, analysis, and updates across shipping, aviation, intermodal, and forwarding.\",\"publisher\":{\"@id\":\"https:\\\/\\\/transportjournal.com\\\/es\\\/#organization\"},\"potentialAction\":[{\"@type\":\"SearchAction\",\"target\":{\"@type\":\"EntryPoint\",\"urlTemplate\":\"https:\\\/\\\/transportjournal.com\\\/es\\\/?s={search_term_string}\"},\"query-input\":{\"@type\":\"PropertyValueSpecification\",\"valueRequired\":true,\"valueName\":\"search_term_string\"}}],\"inLanguage\":\"es\"},{\"@type\":\"Organization\",\"@id\":\"https:\\\/\\\/transportjournal.com\\\/es\\\/#organization\",\"name\":\"Grupo Logismedia AG\",\"alternateName\":\"Logismedia Group AG\",\"url\":\"https:\\\/\\\/transportjournal.com\\\/es\\\/\",\"logo\":{\"@type\":\"ImageObject\",\"inLanguage\":\"es\",\"@id\":\"https:\\\/\\\/transportjournal.com\\\/es\\\/#\\\/schema\\\/logo\\\/image\\\/\",\"url\":\"https:\\\/\\\/transportjournal.com\\\/wp-content\\\/uploads\\\/sites\\\/2\\\/2025\\\/09\\\/Logo_ITJ.png\",\"contentUrl\":\"https:\\\/\\\/transportjournal.com\\\/wp-content\\\/uploads\\\/sites\\\/2\\\/2025\\\/09\\\/Logo_ITJ.png\",\"width\":799,\"height\":326,\"caption\":\"Grupo Logismedia AG\"},\"image\":{\"@id\":\"https:\\\/\\\/transportjournal.com\\\/es\\\/#\\\/schema\\\/logo\\\/image\\\/\"},\"sameAs\":[\"https:\\\/\\\/www.linkedin.com\\\/company\\\/56456496\\\/admin\\\/dashboard\\\/\",\"https:\\\/\\\/www.instagram.com\\\/logismediagroup\\\/\",\"https:\\\/\\\/www.youtube.com\\\/@LogiamediaGroupAG\"]},{\"@type\":\"Person\",\"@id\":\"https:\\\/\\\/transportjournal.com\\\/es\\\/#\\\/schema\\\/person\\\/7b1593b33567ba798d300c8a1b0b85b1\",\"name\":\"Andreas M\u00fcller\",\"url\":\"https:\\\/\\\/transportjournal.com\\\/es\\\/author\\\/logismedia\\\/\"}]}<\/script>\n<!-- \/ Yoast SEO plugin. -->","yoast_head_json":{"title":"Geis Gruppe alcanza ingresos r\u00e9cord en 2025 - ITJ | International Transport Journal","robots":{"index":"index","follow":"follow","max-snippet":"max-snippet:-1","max-image-preview":"max-image-preview:large","max-video-preview":"max-video-preview:-1"},"canonical":"https:\/\/transportjournal.com\/es\/2026\/04\/27\/geis-gruppe-alcanza-ingresos-record-en-2025\/","og_locale":"es_ES","og_type":"article","og_title":"Geis Gruppe alcanza ingresos r\u00e9cord en 2025 - ITJ | International Transport Journal","og_description":"La Geis Gruppe logr\u00f3 en 2025 un crecimiento de ingresos del 8,8 por ciento hasta 2,12 mil millones de euros y planea para 2026 m\u00e1s inversiones estrat\u00e9gicas en digitalizaci\u00f3n y colaboraci\u00f3n internacional.","og_url":"https:\/\/transportjournal.com\/es\/2026\/04\/27\/geis-gruppe-alcanza-ingresos-record-en-2025\/","og_site_name":"ITJ | International Transport Journal","article_published_time":"2026-04-27T11:14:00+00:00","article_modified_time":"2026-04-27T11:35:41+00:00","og_image":[{"width":2560,"height":1441,"url":"https:\/\/transportjournal.com\/wp-content\/uploads\/sites\/2\/2026\/04\/Geis-Gruppe_27.4.26-scaled-aspect-ratio-1400-788-scaled-1.jpg","type":"image\/jpeg"}],"author":"Andreas M\u00fcller","twitter_card":"summary_large_image","twitter_misc":{"Escrito por":"Andreas M\u00fcller","Tiempo de lectura":"4 minuto"},"schema":{"@context":"https:\/\/schema.org","@graph":[{"@type":"Article","@id":"https:\/\/transportjournal.com\/es\/2026\/04\/27\/geis-gruppe-alcanza-ingresos-record-en-2025\/#article","isPartOf":{"@id":"https:\/\/transportjournal.com\/es\/2026\/04\/27\/geis-gruppe-alcanza-ingresos-record-en-2025\/"},"author":{"name":"Andreas M\u00fcller","@id":"https:\/\/transportjournal.com\/es\/#\/schema\/person\/7b1593b33567ba798d300c8a1b0b85b1"},"headline":"Geis Gruppe alcanza ingresos r\u00e9cord en 2025","datePublished":"2026-04-27T11:14:00+00:00","dateModified":"2026-04-27T11:35:41+00:00","mainEntityOfPage":{"@id":"https:\/\/transportjournal.com\/es\/2026\/04\/27\/geis-gruppe-alcanza-ingresos-record-en-2025\/"},"wordCount":847,"commentCount":0,"publisher":{"@id":"https:\/\/transportjournal.com\/es\/#organization"},"image":{"@id":"https:\/\/transportjournal.com\/es\/2026\/04\/27\/geis-gruppe-alcanza-ingresos-record-en-2025\/#primaryimage"},"thumbnailUrl":"https:\/\/transportjournal.com\/wp-content\/uploads\/sites\/2\/2026\/04\/Geis-Gruppe_27.4.26-scaled-aspect-ratio-1400-788-scaled-1.jpg","keywords":["acquisitions dans l'industrie du transport","acquisitions in the transport industry","Akquisitionen in der Transportwirtschaft","automation in logistics","automatisation dans la logistique","Automatisierung in der Logistik","CO\u2082-Emissionen reduzieren","conditions du march\u00e9 2025","contract logistics in Europe","coop\u00e9ration internationale","croissance des revenus 2025","Cross-Selling Strategien","cross-selling strategies","Deutsch Geis Gruppe","Digitalisierung in der Logistik","digitization in logistics","durabilit\u00e9 dans la logistique","Energie- und E-Mobilit\u00e4tsl\u00f6sungen","energy and e-mobility solutions","Fachkr\u00e4ftemangel in der Logistik","infrastructure informatique dans la logistique","international cooperation","internationale Zusammenarbeit","IT infrastructure in logistics","IT-Infrastruktur in der Logistik","Kontraktlogistik in Europa","labor shortage in logistics","logistics projects in Germany","logistics service providers","Logistikdienstleister","Logistikprojekte in Deutschland","logistique contractuelle en Europe","logistique de colis","LTL and FTL transport","LTL und FTL Transport","market conditions 2025","Marktbedingungen 2025","Marktposition st\u00e4rken English Geis Group","Nachhaltigkeit in der Logistik","num\u00e9risation dans la logistique","Paketlogistik","parcel logistics","p\u00e9nurie de main-d'\u0153uvre dans la logistique","prestataires de services logistiques","projets logistiques en Allemagne","rail freight transport","reducing CO2 emissions","r\u00e9duction des \u00e9missions de CO\u2082","renforcement de la position sur le march\u00e9","revenue growth 2025","Schieneng\u00fcterverkehr","solutions \u00e9nerg\u00e9tiques et de mobilit\u00e9 \u00e9lectrique","strat\u00e9gies de vente crois\u00e9e","strengthening market position Fran\u00e7ais Groupe Geis","sustainability in logistics","transport ferroviaire de marchandises","transport LTL et FTL","Umsatzwachstum 2025"],"articleSection":["Deutschland","Europa","Informes financieros\/anuales","Transporte de mercanc\u00edas y log\u00edstica"],"inLanguage":"es","potentialAction":[{"@type":"CommentAction","name":"Comment","target":["https:\/\/transportjournal.com\/es\/2026\/04\/27\/geis-gruppe-alcanza-ingresos-record-en-2025\/#respond"]}]},{"@type":"WebPage","@id":"https:\/\/transportjournal.com\/es\/2026\/04\/27\/geis-gruppe-alcanza-ingresos-record-en-2025\/","url":"https:\/\/transportjournal.com\/es\/2026\/04\/27\/geis-gruppe-alcanza-ingresos-record-en-2025\/","name":"Geis Gruppe alcanza ingresos r\u00e9cord en 2025 - ITJ | International Transport Journal","isPartOf":{"@id":"https:\/\/transportjournal.com\/es\/#website"},"primaryImageOfPage":{"@id":"https:\/\/transportjournal.com\/es\/2026\/04\/27\/geis-gruppe-alcanza-ingresos-record-en-2025\/#primaryimage"},"image":{"@id":"https:\/\/transportjournal.com\/es\/2026\/04\/27\/geis-gruppe-alcanza-ingresos-record-en-2025\/#primaryimage"},"thumbnailUrl":"https:\/\/transportjournal.com\/wp-content\/uploads\/sites\/2\/2026\/04\/Geis-Gruppe_27.4.26-scaled-aspect-ratio-1400-788-scaled-1.jpg","datePublished":"2026-04-27T11:14:00+00:00","dateModified":"2026-04-27T11:35:41+00:00","breadcrumb":{"@id":"https:\/\/transportjournal.com\/es\/2026\/04\/27\/geis-gruppe-alcanza-ingresos-record-en-2025\/#breadcrumb"},"inLanguage":"es","potentialAction":[{"@type":"ReadAction","target":["https:\/\/transportjournal.com\/es\/2026\/04\/27\/geis-gruppe-alcanza-ingresos-record-en-2025\/"]}]},{"@type":"ImageObject","inLanguage":"es","@id":"https:\/\/transportjournal.com\/es\/2026\/04\/27\/geis-gruppe-alcanza-ingresos-record-en-2025\/#primaryimage","url":"https:\/\/transportjournal.com\/wp-content\/uploads\/sites\/2\/2026\/04\/Geis-Gruppe_27.4.26-scaled-aspect-ratio-1400-788-scaled-1.jpg","contentUrl":"https:\/\/transportjournal.com\/wp-content\/uploads\/sites\/2\/2026\/04\/Geis-Gruppe_27.4.26-scaled-aspect-ratio-1400-788-scaled-1.jpg","width":2560,"height":1441},{"@type":"BreadcrumbList","@id":"https:\/\/transportjournal.com\/es\/2026\/04\/27\/geis-gruppe-alcanza-ingresos-record-en-2025\/#breadcrumb","itemListElement":[{"@type":"ListItem","position":1,"name":"Startseite","item":"https:\/\/transportjournal.com\/es\/"},{"@type":"ListItem","position":2,"name":"Geis Gruppe alcanza ingresos r\u00e9cord en 2025"}]},{"@type":"WebSite","@id":"https:\/\/transportjournal.com\/es\/#website","url":"https:\/\/transportjournal.com\/es\/","name":"ITJ | International Transport Journal","description":"Stay informed with the latest global news from the transport, logistics, and supply chain industries. Transport Journal delivers expert insights, analysis, and updates across shipping, aviation, intermodal, and forwarding.","publisher":{"@id":"https:\/\/transportjournal.com\/es\/#organization"},"potentialAction":[{"@type":"SearchAction","target":{"@type":"EntryPoint","urlTemplate":"https:\/\/transportjournal.com\/es\/?s={search_term_string}"},"query-input":{"@type":"PropertyValueSpecification","valueRequired":true,"valueName":"search_term_string"}}],"inLanguage":"es"},{"@type":"Organization","@id":"https:\/\/transportjournal.com\/es\/#organization","name":"Grupo Logismedia AG","alternateName":"Logismedia Group AG","url":"https:\/\/transportjournal.com\/es\/","logo":{"@type":"ImageObject","inLanguage":"es","@id":"https:\/\/transportjournal.com\/es\/#\/schema\/logo\/image\/","url":"https:\/\/transportjournal.com\/wp-content\/uploads\/sites\/2\/2025\/09\/Logo_ITJ.png","contentUrl":"https:\/\/transportjournal.com\/wp-content\/uploads\/sites\/2\/2025\/09\/Logo_ITJ.png","width":799,"height":326,"caption":"Grupo Logismedia AG"},"image":{"@id":"https:\/\/transportjournal.com\/es\/#\/schema\/logo\/image\/"},"sameAs":["https:\/\/www.linkedin.com\/company\/56456496\/admin\/dashboard\/","https:\/\/www.instagram.com\/logismediagroup\/","https:\/\/www.youtube.com\/@LogiamediaGroupAG"]},{"@type":"Person","@id":"https:\/\/transportjournal.com\/es\/#\/schema\/person\/7b1593b33567ba798d300c8a1b0b85b1","name":"Andreas M\u00fcller","url":"https:\/\/transportjournal.com\/es\/author\/logismedia\/"}]}},"_links":{"self":[{"href":"https:\/\/transportjournal.com\/es\/wp-json\/wp\/v2\/posts\/86819","targetHints":{"allow":["GET"]}}],"collection":[{"href":"https:\/\/transportjournal.com\/es\/wp-json\/wp\/v2\/posts"}],"about":[{"href":"https:\/\/transportjournal.com\/es\/wp-json\/wp\/v2\/types\/post"}],"author":[{"embeddable":true,"href":"https:\/\/transportjournal.com\/es\/wp-json\/wp\/v2\/users\/7"}],"replies":[{"embeddable":true,"href":"https:\/\/transportjournal.com\/es\/wp-json\/wp\/v2\/comments?post=86819"}],"version-history":[{"count":2,"href":"https:\/\/transportjournal.com\/es\/wp-json\/wp\/v2\/posts\/86819\/revisions"}],"predecessor-version":[{"id":86833,"href":"https:\/\/transportjournal.com\/es\/wp-json\/wp\/v2\/posts\/86819\/revisions\/86833"}],"wp:featuredmedia":[{"embeddable":true,"href":"https:\/\/transportjournal.com\/es\/wp-json\/wp\/v2\/media\/86816"}],"wp:attachment":[{"href":"https:\/\/transportjournal.com\/es\/wp-json\/wp\/v2\/media?parent=86819"}],"wp:term":[{"taxonomy":"category","embeddable":true,"href":"https:\/\/transportjournal.com\/es\/wp-json\/wp\/v2\/categories?post=86819"},{"taxonomy":"post_tag","embeddable":true,"href":"https:\/\/transportjournal.com\/es\/wp-json\/wp\/v2\/tags?post=86819"}],"curies":[{"name":"wp","href":"https:\/\/api.w.org\/{rel}","templated":true}]}}