{"id":86648,"date":"2026-04-27T07:30:34","date_gmt":"2026-04-27T07:30:34","guid":{"rendered":"https:\/\/transportjournal.com\/2026\/04\/27\/siemens-se-une-a-la-alianza-futuro-neumaticos\/"},"modified":"2026-04-27T07:30:34","modified_gmt":"2026-04-27T07:30:34","slug":"siemens-se-une-a-la-alianza-futuro-neumaticos","status":"publish","type":"post","link":"https:\/\/transportjournal.com\/es\/2026\/04\/27\/siemens-se-une-a-la-alianza-futuro-neumaticos\/","title":{"rendered":"SIEMENS se une a la Alianza Futuro Neum\u00e1ticos"},"content":{"rendered":"<p>La Alianza Futuro Neum\u00e1ticos (AZuR) ha establecido una asociaci\u00f3n con SIEMENS AG para la transformaci\u00f3n digital en la industria de neum\u00e1ticos y reciclaje. El grupo tecnol\u00f3gico, que opera en el \u00e1mbito de Digital Industries, se unir\u00e1 a la alianza a partir de abril de 2026. Este paso es considerado por la asociaci\u00f3n como un signo de promoci\u00f3n de una econom\u00eda circular sostenible de neum\u00e1ticos, seg\u00fan informa. SIEMENS aportar\u00e1 su experiencia en los campos de automatizaci\u00f3n y digitalizaci\u00f3n a la red europea.<\/p>\n<h3>Enfoque en el ciclo de vida de los neum\u00e1ticos<\/h3>\n<p>La asociaci\u00f3n tiene como objetivo acelerar el desarrollo de una cadena de valor sostenible para neum\u00e1ticos. Seg\u00fan la asociaci\u00f3n, SIEMENS sigue un enfoque que abarca todo el ciclo de vida de los neum\u00e1ticos. Un enfoque particular se centra en el segmento de fin de vida, donde SIEMENS planea expandir a\u00fan m\u00e1s su ecosistema. SIEMENS colabora estrechamente con diversos actores de la cadena de valor en el marco de su membres\u00eda, incluidos proveedores de materias primas, fabricantes de maquinaria y productores.<\/p>\n<p><a href=\"https:\/\/azur-netzwerk.de\/\" target=\"_blank\" rel=\"noopener noreferrer\">www.azur-netzwerk.de<\/a><\/p>\n","protected":false},"excerpt":{"rendered":"<p>La Alianza Futuro Neum\u00e1ticos ha ganado a SIEMENS como socio para impulsar la transformaci\u00f3n digital y una cadena de valor de neum\u00e1ticos sostenible.<\/p>\n","protected":false},"author":10,"featured_media":86645,"comment_status":"open","ping_status":"","sticky":false,"template":"","format":"standard","meta":{"_acf_changed":false,"footnotes":""},"categories":[9092,1611,1604],"tags":[42211,42212,42213,42214,42215,42216,42217,42218,42219,42220,42221,42222,42223,42224,42225,42226,42227,2700,42228,42229,42230,42231,42232,42233,42234,42235,42236,42237,42238,7492,42239,42240,2479,42241,42242,42243,42244,42245,42246,42247,42248,42249,42250,2731,7500,42251,42252,7502,42253,42254,42255,42256,42257],"class_list":["post-86648","post","type-post","status-publish","format-standard","has-post-thumbnail","hentry","category-deutschland","category-europa","category-intermodal-carretera","tag-automation-in-tire-industry","tag-automatisation-dans-lindustrie-du-pneu","tag-automatisierung-in-der-reifenindustrie","tag-chaine-de-valeur-pneus","tag-cycle-de-vie-des-pneus","tag-deutsch-allianz-zukunft-reifen","tag-digital-transformation-tires","tag-digitale-transformation-reifen","tag-digitalisierung-in-der-reifenbranche","tag-digitization-in-tire-sector","tag-economie-circulaire-pneus-durable","tag-end-of-life-tires","tag-end-of-life-reifen","tag-entreprise-technologique-europe","tag-europaeisches-netzwerk-reifen","tag-european-tire-network","tag-fabricants-de-machines-industrie-pneumatique","tag-fachkraeftemangel-in-der-logistik","tag-fournisseurs-de-matieres-premieres-pneus","tag-industrie-du-recyclage-allemagne","tag-infrastructure-industrie-pneumatique","tag-infrastructure-tire-industry","tag-infrastruktur-reifenindustrie","tag-innovation-partnerships-tires-francais-allianz-zukunft-reifen","tag-innovationspartnerschaften-reifen-english-allianz-zukunft-reifen","tag-lebenszyklus-von-reifen","tag-machinery-manufacturers-tire-industry","tag-maschinenbauer-reifenindustrie","tag-nachhaltige-reifen-kreislaufwirtschaft","tag-nachhaltige-technologien","tag-numerisation-secteur-pneumatique","tag-partenariats-dinnovation-pneus","tag-penurie-de-competences-logistique","tag-pneus-en-fin-de-vie","tag-production-de-pneus","tag-raw-material-suppliers-tires","tag-recycling-industry-germany","tag-recyclingbranche-deutschland","tag-reifen-wertschoepfungskette","tag-reifenproduktion","tag-reseau-europeen-pneus","tag-rohstofflieferanten-reifen","tag-siemens-ag","tag-skills-shortage-in-logistics","tag-sustainable-technologies","tag-sustainable-tire-circular-economy","tag-technologiekonzern-europa","tag-technologies-durables","tag-technology-company-europe","tag-tire-lifecycle","tag-tire-production","tag-tire-value-chain","tag-transformation-numerique-pneus"],"acf":[],"yoast_head":"<!-- This site is optimized with the Yoast SEO plugin v27.3 - https:\/\/yoast.com\/product\/yoast-seo-wordpress\/ -->\n<title>SIEMENS se une a la Alianza Futuro Neum\u00e1ticos - ITJ | International Transport Journal<\/title>\n<meta name=\"robots\" content=\"index, follow, max-snippet:-1, max-image-preview:large, max-video-preview:-1\" \/>\n<link rel=\"canonical\" href=\"https:\/\/transportjournal.com\/es\/2026\/04\/27\/siemens-se-une-a-la-alianza-futuro-neumaticos\/\" \/>\n<meta property=\"og:locale\" content=\"es_ES\" \/>\n<meta property=\"og:type\" content=\"article\" \/>\n<meta property=\"og:title\" content=\"SIEMENS se une a la Alianza Futuro Neum\u00e1ticos - ITJ | International Transport Journal\" \/>\n<meta property=\"og:description\" content=\"La Alianza Futuro Neum\u00e1ticos ha ganado a SIEMENS como socio para impulsar la transformaci\u00f3n digital y una cadena de valor de neum\u00e1ticos sostenible.\" \/>\n<meta property=\"og:url\" content=\"https:\/\/transportjournal.com\/es\/2026\/04\/27\/siemens-se-une-a-la-alianza-futuro-neumaticos\/\" \/>\n<meta property=\"og:site_name\" content=\"ITJ | International Transport Journal\" \/>\n<meta property=\"article:published_time\" content=\"2026-04-27T07:30:34+00:00\" \/>\n<meta property=\"og:image\" content=\"https:\/\/transportjournal.com\/wp-content\/uploads\/sites\/2\/2026\/04\/azur-pm-9-26-3.jpg\" \/>\n\t<meta property=\"og:image:width\" content=\"1920\" \/>\n\t<meta property=\"og:image:height\" content=\"1080\" \/>\n\t<meta property=\"og:image:type\" content=\"image\/jpeg\" \/>\n<meta name=\"author\" content=\"Jeremy Soland\" \/>\n<meta name=\"twitter:card\" content=\"summary_large_image\" \/>\n<meta name=\"twitter:label1\" content=\"Escrito por\" \/>\n\t<meta name=\"twitter:data1\" content=\"Jeremy Soland\" \/>\n\t<meta name=\"twitter:label2\" content=\"Tiempo de lectura\" \/>\n\t<meta name=\"twitter:data2\" content=\"1 minuto\" \/>\n<script type=\"application\/ld+json\" class=\"yoast-schema-graph\">{\"@context\":\"https:\\\/\\\/schema.org\",\"@graph\":[{\"@type\":\"Article\",\"@id\":\"https:\\\/\\\/transportjournal.com\\\/es\\\/2026\\\/04\\\/27\\\/siemens-se-une-a-la-alianza-futuro-neumaticos\\\/#article\",\"isPartOf\":{\"@id\":\"https:\\\/\\\/transportjournal.com\\\/es\\\/2026\\\/04\\\/27\\\/siemens-se-une-a-la-alianza-futuro-neumaticos\\\/\"},\"author\":{\"name\":\"Jeremy Soland\",\"@id\":\"https:\\\/\\\/transportjournal.com\\\/es\\\/#\\\/schema\\\/person\\\/41d36b5474b623392fa613e97e2363fa\"},\"headline\":\"SIEMENS se une a la Alianza Futuro Neum\u00e1ticos\",\"datePublished\":\"2026-04-27T07:30:34+00:00\",\"mainEntityOfPage\":{\"@id\":\"https:\\\/\\\/transportjournal.com\\\/es\\\/2026\\\/04\\\/27\\\/siemens-se-une-a-la-alianza-futuro-neumaticos\\\/\"},\"wordCount\":202,\"commentCount\":0,\"publisher\":{\"@id\":\"https:\\\/\\\/transportjournal.com\\\/es\\\/#organization\"},\"image\":{\"@id\":\"https:\\\/\\\/transportjournal.com\\\/es\\\/2026\\\/04\\\/27\\\/siemens-se-une-a-la-alianza-futuro-neumaticos\\\/#primaryimage\"},\"thumbnailUrl\":\"https:\\\/\\\/transportjournal.com\\\/wp-content\\\/uploads\\\/sites\\\/2\\\/2026\\\/04\\\/azur-pm-9-26-3.jpg\",\"keywords\":[\"automation in tire industry\",\"automatisation dans l'industrie du pneu\",\"Automatisierung in der Reifenindustrie\",\"cha\u00eene de valeur pneus\",\"cycle de vie des pneus\",\"Deutsch Allianz Zukunft Reifen\",\"digital transformation tires\",\"digitale Transformation Reifen\",\"Digitalisierung in der Reifenbranche\",\"digitization in tire sector\",\"\u00e9conomie circulaire pneus durable\",\"end-of-life tires\",\"End-of-Life-Reifen\",\"entreprise technologique Europe\",\"europ\u00e4isches Netzwerk Reifen\",\"European tire network\",\"fabricants de machines industrie pneumatique\",\"Fachkr\u00e4ftemangel in der Logistik\",\"fournisseurs de mati\u00e8res premi\u00e8res pneus\",\"industrie du recyclage Allemagne\",\"infrastructure industrie pneumatique\",\"infrastructure tire industry\",\"Infrastruktur Reifenindustrie\",\"innovation partnerships tires Fran\u00e7ais Allianz Zukunft Reifen\",\"Innovationspartnerschaften Reifen English Allianz Zukunft Reifen\",\"Lebenszyklus von Reifen\",\"machinery manufacturers tire industry\",\"Maschinenbauer Reifenindustrie\",\"nachhaltige Reifen-Kreislaufwirtschaft\",\"nachhaltige Technologien\",\"num\u00e9risation secteur pneumatique\",\"partenariats d'innovation pneus\",\"p\u00e9nurie de comp\u00e9tences logistique\",\"pneus en fin de vie\",\"production de pneus\",\"raw material suppliers tires\",\"recycling industry Germany\",\"Recyclingbranche Deutschland\",\"Reifen-Wertsch\u00f6pfungskette\",\"Reifenproduktion\",\"r\u00e9seau europ\u00e9en pneus\",\"Rohstofflieferanten Reifen\",\"SIEMENS AG\",\"skills shortage in logistics\",\"sustainable technologies\",\"sustainable tire circular economy\",\"Technologiekonzern Europa\",\"technologies durables\",\"technology company Europe\",\"tire lifecycle\",\"tire production\",\"tire value chain\",\"transformation num\u00e9rique pneus\"],\"articleSection\":[\"Deutschland\",\"Europa\",\"Intermodal \\\/ Carretera\"],\"inLanguage\":\"es\",\"potentialAction\":[{\"@type\":\"CommentAction\",\"name\":\"Comment\",\"target\":[\"https:\\\/\\\/transportjournal.com\\\/es\\\/2026\\\/04\\\/27\\\/siemens-se-une-a-la-alianza-futuro-neumaticos\\\/#respond\"]}]},{\"@type\":\"WebPage\",\"@id\":\"https:\\\/\\\/transportjournal.com\\\/es\\\/2026\\\/04\\\/27\\\/siemens-se-une-a-la-alianza-futuro-neumaticos\\\/\",\"url\":\"https:\\\/\\\/transportjournal.com\\\/es\\\/2026\\\/04\\\/27\\\/siemens-se-une-a-la-alianza-futuro-neumaticos\\\/\",\"name\":\"SIEMENS se une a la Alianza Futuro Neum\u00e1ticos - ITJ | International Transport Journal\",\"isPartOf\":{\"@id\":\"https:\\\/\\\/transportjournal.com\\\/es\\\/#website\"},\"primaryImageOfPage\":{\"@id\":\"https:\\\/\\\/transportjournal.com\\\/es\\\/2026\\\/04\\\/27\\\/siemens-se-une-a-la-alianza-futuro-neumaticos\\\/#primaryimage\"},\"image\":{\"@id\":\"https:\\\/\\\/transportjournal.com\\\/es\\\/2026\\\/04\\\/27\\\/siemens-se-une-a-la-alianza-futuro-neumaticos\\\/#primaryimage\"},\"thumbnailUrl\":\"https:\\\/\\\/transportjournal.com\\\/wp-content\\\/uploads\\\/sites\\\/2\\\/2026\\\/04\\\/azur-pm-9-26-3.jpg\",\"datePublished\":\"2026-04-27T07:30:34+00:00\",\"breadcrumb\":{\"@id\":\"https:\\\/\\\/transportjournal.com\\\/es\\\/2026\\\/04\\\/27\\\/siemens-se-une-a-la-alianza-futuro-neumaticos\\\/#breadcrumb\"},\"inLanguage\":\"es\",\"potentialAction\":[{\"@type\":\"ReadAction\",\"target\":[\"https:\\\/\\\/transportjournal.com\\\/es\\\/2026\\\/04\\\/27\\\/siemens-se-une-a-la-alianza-futuro-neumaticos\\\/\"]}]},{\"@type\":\"ImageObject\",\"inLanguage\":\"es\",\"@id\":\"https:\\\/\\\/transportjournal.com\\\/es\\\/2026\\\/04\\\/27\\\/siemens-se-une-a-la-alianza-futuro-neumaticos\\\/#primaryimage\",\"url\":\"https:\\\/\\\/transportjournal.com\\\/wp-content\\\/uploads\\\/sites\\\/2\\\/2026\\\/04\\\/azur-pm-9-26-3.jpg\",\"contentUrl\":\"https:\\\/\\\/transportjournal.com\\\/wp-content\\\/uploads\\\/sites\\\/2\\\/2026\\\/04\\\/azur-pm-9-26-3.jpg\",\"width\":1920,\"height\":1080},{\"@type\":\"BreadcrumbList\",\"@id\":\"https:\\\/\\\/transportjournal.com\\\/es\\\/2026\\\/04\\\/27\\\/siemens-se-une-a-la-alianza-futuro-neumaticos\\\/#breadcrumb\",\"itemListElement\":[{\"@type\":\"ListItem\",\"position\":1,\"name\":\"Startseite\",\"item\":\"https:\\\/\\\/transportjournal.com\\\/es\\\/\"},{\"@type\":\"ListItem\",\"position\":2,\"name\":\"SIEMENS se une a la Alianza Futuro Neum\u00e1ticos\"}]},{\"@type\":\"WebSite\",\"@id\":\"https:\\\/\\\/transportjournal.com\\\/es\\\/#website\",\"url\":\"https:\\\/\\\/transportjournal.com\\\/es\\\/\",\"name\":\"ITJ | International Transport Journal\",\"description\":\"Stay informed with the latest global news from the transport, logistics, and supply chain industries. Transport Journal delivers expert insights, analysis, and updates across shipping, aviation, intermodal, and forwarding.\",\"publisher\":{\"@id\":\"https:\\\/\\\/transportjournal.com\\\/es\\\/#organization\"},\"potentialAction\":[{\"@type\":\"SearchAction\",\"target\":{\"@type\":\"EntryPoint\",\"urlTemplate\":\"https:\\\/\\\/transportjournal.com\\\/es\\\/?s={search_term_string}\"},\"query-input\":{\"@type\":\"PropertyValueSpecification\",\"valueRequired\":true,\"valueName\":\"search_term_string\"}}],\"inLanguage\":\"es\"},{\"@type\":\"Organization\",\"@id\":\"https:\\\/\\\/transportjournal.com\\\/es\\\/#organization\",\"name\":\"Grupo Logismedia AG\",\"alternateName\":\"Logismedia Group AG\",\"url\":\"https:\\\/\\\/transportjournal.com\\\/es\\\/\",\"logo\":{\"@type\":\"ImageObject\",\"inLanguage\":\"es\",\"@id\":\"https:\\\/\\\/transportjournal.com\\\/es\\\/#\\\/schema\\\/logo\\\/image\\\/\",\"url\":\"https:\\\/\\\/transportjournal.com\\\/wp-content\\\/uploads\\\/sites\\\/2\\\/2025\\\/09\\\/Logo_ITJ.png\",\"contentUrl\":\"https:\\\/\\\/transportjournal.com\\\/wp-content\\\/uploads\\\/sites\\\/2\\\/2025\\\/09\\\/Logo_ITJ.png\",\"width\":799,\"height\":326,\"caption\":\"Grupo Logismedia AG\"},\"image\":{\"@id\":\"https:\\\/\\\/transportjournal.com\\\/es\\\/#\\\/schema\\\/logo\\\/image\\\/\"},\"sameAs\":[\"https:\\\/\\\/www.linkedin.com\\\/company\\\/56456496\\\/admin\\\/dashboard\\\/\",\"https:\\\/\\\/www.instagram.com\\\/logismediagroup\\\/\",\"https:\\\/\\\/www.youtube.com\\\/@LogiamediaGroupAG\"]},{\"@type\":\"Person\",\"@id\":\"https:\\\/\\\/transportjournal.com\\\/es\\\/#\\\/schema\\\/person\\\/41d36b5474b623392fa613e97e2363fa\",\"name\":\"Jeremy Soland\",\"url\":\"https:\\\/\\\/transportjournal.com\\\/es\\\/author\\\/jeremy\\\/\"}]}<\/script>\n<!-- \/ Yoast SEO plugin. -->","yoast_head_json":{"title":"SIEMENS se une a la Alianza Futuro Neum\u00e1ticos - ITJ | International Transport Journal","robots":{"index":"index","follow":"follow","max-snippet":"max-snippet:-1","max-image-preview":"max-image-preview:large","max-video-preview":"max-video-preview:-1"},"canonical":"https:\/\/transportjournal.com\/es\/2026\/04\/27\/siemens-se-une-a-la-alianza-futuro-neumaticos\/","og_locale":"es_ES","og_type":"article","og_title":"SIEMENS se une a la Alianza Futuro Neum\u00e1ticos - ITJ | International Transport Journal","og_description":"La Alianza Futuro Neum\u00e1ticos ha ganado a SIEMENS como socio para impulsar la transformaci\u00f3n digital y una cadena de valor de neum\u00e1ticos sostenible.","og_url":"https:\/\/transportjournal.com\/es\/2026\/04\/27\/siemens-se-une-a-la-alianza-futuro-neumaticos\/","og_site_name":"ITJ | International Transport Journal","article_published_time":"2026-04-27T07:30:34+00:00","og_image":[{"width":1920,"height":1080,"url":"https:\/\/transportjournal.com\/wp-content\/uploads\/sites\/2\/2026\/04\/azur-pm-9-26-3.jpg","type":"image\/jpeg"}],"author":"Jeremy Soland","twitter_card":"summary_large_image","twitter_misc":{"Escrito por":"Jeremy Soland","Tiempo de lectura":"1 minuto"},"schema":{"@context":"https:\/\/schema.org","@graph":[{"@type":"Article","@id":"https:\/\/transportjournal.com\/es\/2026\/04\/27\/siemens-se-une-a-la-alianza-futuro-neumaticos\/#article","isPartOf":{"@id":"https:\/\/transportjournal.com\/es\/2026\/04\/27\/siemens-se-une-a-la-alianza-futuro-neumaticos\/"},"author":{"name":"Jeremy Soland","@id":"https:\/\/transportjournal.com\/es\/#\/schema\/person\/41d36b5474b623392fa613e97e2363fa"},"headline":"SIEMENS se une a la Alianza Futuro Neum\u00e1ticos","datePublished":"2026-04-27T07:30:34+00:00","mainEntityOfPage":{"@id":"https:\/\/transportjournal.com\/es\/2026\/04\/27\/siemens-se-une-a-la-alianza-futuro-neumaticos\/"},"wordCount":202,"commentCount":0,"publisher":{"@id":"https:\/\/transportjournal.com\/es\/#organization"},"image":{"@id":"https:\/\/transportjournal.com\/es\/2026\/04\/27\/siemens-se-une-a-la-alianza-futuro-neumaticos\/#primaryimage"},"thumbnailUrl":"https:\/\/transportjournal.com\/wp-content\/uploads\/sites\/2\/2026\/04\/azur-pm-9-26-3.jpg","keywords":["automation in tire industry","automatisation dans l'industrie du pneu","Automatisierung in der Reifenindustrie","cha\u00eene de valeur pneus","cycle de vie des pneus","Deutsch Allianz Zukunft Reifen","digital transformation tires","digitale Transformation Reifen","Digitalisierung in der Reifenbranche","digitization in tire sector","\u00e9conomie circulaire pneus durable","end-of-life tires","End-of-Life-Reifen","entreprise technologique Europe","europ\u00e4isches Netzwerk Reifen","European tire network","fabricants de machines industrie pneumatique","Fachkr\u00e4ftemangel in der Logistik","fournisseurs de mati\u00e8res premi\u00e8res pneus","industrie du recyclage Allemagne","infrastructure industrie pneumatique","infrastructure tire industry","Infrastruktur Reifenindustrie","innovation partnerships tires Fran\u00e7ais Allianz Zukunft Reifen","Innovationspartnerschaften Reifen English Allianz Zukunft Reifen","Lebenszyklus von Reifen","machinery manufacturers tire industry","Maschinenbauer Reifenindustrie","nachhaltige Reifen-Kreislaufwirtschaft","nachhaltige Technologien","num\u00e9risation secteur pneumatique","partenariats d'innovation pneus","p\u00e9nurie de comp\u00e9tences logistique","pneus en fin de vie","production de pneus","raw material suppliers tires","recycling industry Germany","Recyclingbranche Deutschland","Reifen-Wertsch\u00f6pfungskette","Reifenproduktion","r\u00e9seau europ\u00e9en pneus","Rohstofflieferanten Reifen","SIEMENS AG","skills shortage in logistics","sustainable technologies","sustainable tire circular economy","Technologiekonzern Europa","technologies durables","technology company Europe","tire lifecycle","tire production","tire value chain","transformation num\u00e9rique pneus"],"articleSection":["Deutschland","Europa","Intermodal \/ Carretera"],"inLanguage":"es","potentialAction":[{"@type":"CommentAction","name":"Comment","target":["https:\/\/transportjournal.com\/es\/2026\/04\/27\/siemens-se-une-a-la-alianza-futuro-neumaticos\/#respond"]}]},{"@type":"WebPage","@id":"https:\/\/transportjournal.com\/es\/2026\/04\/27\/siemens-se-une-a-la-alianza-futuro-neumaticos\/","url":"https:\/\/transportjournal.com\/es\/2026\/04\/27\/siemens-se-une-a-la-alianza-futuro-neumaticos\/","name":"SIEMENS se une a la Alianza Futuro Neum\u00e1ticos - ITJ | International Transport Journal","isPartOf":{"@id":"https:\/\/transportjournal.com\/es\/#website"},"primaryImageOfPage":{"@id":"https:\/\/transportjournal.com\/es\/2026\/04\/27\/siemens-se-une-a-la-alianza-futuro-neumaticos\/#primaryimage"},"image":{"@id":"https:\/\/transportjournal.com\/es\/2026\/04\/27\/siemens-se-une-a-la-alianza-futuro-neumaticos\/#primaryimage"},"thumbnailUrl":"https:\/\/transportjournal.com\/wp-content\/uploads\/sites\/2\/2026\/04\/azur-pm-9-26-3.jpg","datePublished":"2026-04-27T07:30:34+00:00","breadcrumb":{"@id":"https:\/\/transportjournal.com\/es\/2026\/04\/27\/siemens-se-une-a-la-alianza-futuro-neumaticos\/#breadcrumb"},"inLanguage":"es","potentialAction":[{"@type":"ReadAction","target":["https:\/\/transportjournal.com\/es\/2026\/04\/27\/siemens-se-une-a-la-alianza-futuro-neumaticos\/"]}]},{"@type":"ImageObject","inLanguage":"es","@id":"https:\/\/transportjournal.com\/es\/2026\/04\/27\/siemens-se-une-a-la-alianza-futuro-neumaticos\/#primaryimage","url":"https:\/\/transportjournal.com\/wp-content\/uploads\/sites\/2\/2026\/04\/azur-pm-9-26-3.jpg","contentUrl":"https:\/\/transportjournal.com\/wp-content\/uploads\/sites\/2\/2026\/04\/azur-pm-9-26-3.jpg","width":1920,"height":1080},{"@type":"BreadcrumbList","@id":"https:\/\/transportjournal.com\/es\/2026\/04\/27\/siemens-se-une-a-la-alianza-futuro-neumaticos\/#breadcrumb","itemListElement":[{"@type":"ListItem","position":1,"name":"Startseite","item":"https:\/\/transportjournal.com\/es\/"},{"@type":"ListItem","position":2,"name":"SIEMENS se une a la Alianza Futuro Neum\u00e1ticos"}]},{"@type":"WebSite","@id":"https:\/\/transportjournal.com\/es\/#website","url":"https:\/\/transportjournal.com\/es\/","name":"ITJ | International Transport Journal","description":"Stay informed with the latest global news from the transport, logistics, and supply chain industries. Transport Journal delivers expert insights, analysis, and updates across shipping, aviation, intermodal, and forwarding.","publisher":{"@id":"https:\/\/transportjournal.com\/es\/#organization"},"potentialAction":[{"@type":"SearchAction","target":{"@type":"EntryPoint","urlTemplate":"https:\/\/transportjournal.com\/es\/?s={search_term_string}"},"query-input":{"@type":"PropertyValueSpecification","valueRequired":true,"valueName":"search_term_string"}}],"inLanguage":"es"},{"@type":"Organization","@id":"https:\/\/transportjournal.com\/es\/#organization","name":"Grupo Logismedia AG","alternateName":"Logismedia Group AG","url":"https:\/\/transportjournal.com\/es\/","logo":{"@type":"ImageObject","inLanguage":"es","@id":"https:\/\/transportjournal.com\/es\/#\/schema\/logo\/image\/","url":"https:\/\/transportjournal.com\/wp-content\/uploads\/sites\/2\/2025\/09\/Logo_ITJ.png","contentUrl":"https:\/\/transportjournal.com\/wp-content\/uploads\/sites\/2\/2025\/09\/Logo_ITJ.png","width":799,"height":326,"caption":"Grupo Logismedia AG"},"image":{"@id":"https:\/\/transportjournal.com\/es\/#\/schema\/logo\/image\/"},"sameAs":["https:\/\/www.linkedin.com\/company\/56456496\/admin\/dashboard\/","https:\/\/www.instagram.com\/logismediagroup\/","https:\/\/www.youtube.com\/@LogiamediaGroupAG"]},{"@type":"Person","@id":"https:\/\/transportjournal.com\/es\/#\/schema\/person\/41d36b5474b623392fa613e97e2363fa","name":"Jeremy Soland","url":"https:\/\/transportjournal.com\/es\/author\/jeremy\/"}]}},"_links":{"self":[{"href":"https:\/\/transportjournal.com\/es\/wp-json\/wp\/v2\/posts\/86648","targetHints":{"allow":["GET"]}}],"collection":[{"href":"https:\/\/transportjournal.com\/es\/wp-json\/wp\/v2\/posts"}],"about":[{"href":"https:\/\/transportjournal.com\/es\/wp-json\/wp\/v2\/types\/post"}],"author":[{"embeddable":true,"href":"https:\/\/transportjournal.com\/es\/wp-json\/wp\/v2\/users\/10"}],"replies":[{"embeddable":true,"href":"https:\/\/transportjournal.com\/es\/wp-json\/wp\/v2\/comments?post=86648"}],"version-history":[{"count":0,"href":"https:\/\/transportjournal.com\/es\/wp-json\/wp\/v2\/posts\/86648\/revisions"}],"wp:featuredmedia":[{"embeddable":true,"href":"https:\/\/transportjournal.com\/es\/wp-json\/wp\/v2\/media\/86645"}],"wp:attachment":[{"href":"https:\/\/transportjournal.com\/es\/wp-json\/wp\/v2\/media?parent=86648"}],"wp:term":[{"taxonomy":"category","embeddable":true,"href":"https:\/\/transportjournal.com\/es\/wp-json\/wp\/v2\/categories?post=86648"},{"taxonomy":"post_tag","embeddable":true,"href":"https:\/\/transportjournal.com\/es\/wp-json\/wp\/v2\/tags?post=86648"}],"curies":[{"name":"wp","href":"https:\/\/api.w.org\/{rel}","templated":true}]}}