{"id":80867,"date":"2026-03-16T09:35:10","date_gmt":"2026-03-16T09:35:10","guid":{"rendered":"https:\/\/transportjournal.com\/2026\/03\/16\/john-lauer-de-matson-se-jubila-en-julio\/"},"modified":"2026-03-16T09:35:10","modified_gmt":"2026-03-16T09:35:10","slug":"john-lauer-de-matson-se-jubila-en-julio","status":"publish","type":"post","link":"https:\/\/transportjournal.com\/es\/2026\/03\/16\/john-lauer-de-matson-se-jubila-en-julio\/","title":{"rendered":"John Lauer de Matson se jubila en julio"},"content":{"rendered":"<p>Matson, Inc. ha anunciado que John Lauer (izquierda), Vicepresidente Ejecutivo y Director Comercial, se retirar\u00e1 el 1 de julio de 2026. Lauer ha dirigido las actividades de ventas, marketing, precios y servicio al cliente de la empresa durante los \u00faltimos 19 a\u00f1os. Durante este tiempo, ha contribuido significativamente al desarrollo de los procesos comerciales.<\/p>\n<p>Chris Scott (derecha), el actual Vicepresidente Senior de Servicios Transpac\u00edficos y Precios Corporativos, suceder\u00e1 a Lauer como EVP y CCO tras su retiro. Matt Cox, Presidente y CEO de Matson, elogi\u00f3 el estilo de liderazgo de Lauer y destac\u00f3 su influencia en el desarrollo de la empresa. &#8222;John es un modelo de liderazgo en Matson. Encarna valores como el trabajo en equipo, el respeto mutuo y la integridad&#8220;, dijo Cox.<\/p>\n<p>Lauer ha consolidado la posici\u00f3n de Matson como un proveedor l\u00edder en los mercados clave de la empresa y ha impulsado el crecimiento internacional. Esto incluye la expansi\u00f3n de los servicios acelerados entre China y la costa oeste de EE. UU., as\u00ed como la introducci\u00f3n de servicios de la empresa en nuevos mercados en Asia. Adem\u00e1s, ha promovido iniciativas tecnol\u00f3gicas para desarrollar nuevas herramientas de gesti\u00f3n que mejoren la toma de decisiones estrat\u00e9gicas.<\/p>\n<p>Cox tambi\u00e9n se pronunci\u00f3 sobre la planificaci\u00f3n de la sucesi\u00f3n y enfatiz\u00f3 que Scott, debido a su experiencia de 34 a\u00f1os en la industria, est\u00e1 bien preparado para el nuevo rol. Scott comenz\u00f3 su carrera en 1992 en el \u00e1rea de transporte y log\u00edstica y se uni\u00f3 a Matson en 1995 como representante de servicio al cliente. Ha ocupado varios puestos de liderazgo en la empresa y fue ascendido a SVP de servicios transpac\u00edficos en febrero de 2021.<\/p>\n<p>En esta posici\u00f3n, le seguir\u00e1 Tony Crisafulli, el actual director de comercio en el \u00e1rea de Servicios Transpac\u00edficos. Se uni\u00f3 a Matson el a\u00f1o pasado y en su nuevo rol liderar\u00e1 las actividades comerciales para los servicios de China de la empresa y reportar\u00e1 a Scott.<\/p>\n<p>Matson fue fundada en 1882 y es un proveedor de servicios de transporte mar\u00edtimo y log\u00edstica. La empresa ofrece servicios de transporte mar\u00edtimo de carga esenciales para Haw\u00e1i, Alaska y Guam, as\u00ed como otras econom\u00edas insulares en Micronesia. Matson tambi\u00e9n opera servicios acelerados de China a Long Beach, California, y ofrece servicios de exportaci\u00f3n internacional de Alaska a Asia.<\/p>\n<p>&nbsp;<\/p>\n<p><a href=\"https:\/\/www.matson.com\/\" target=\"_blank\" rel=\"noopener noreferrer\">www.matson.com<\/a><\/p>\n<p>&nbsp;<\/p>\n","protected":false},"excerpt":{"rendered":"<p>Matson, Inc. anunci\u00f3 que John Lauer se jubilar\u00e1 el 1 de julio de 2026 y que Chris Scott lo suceder\u00e1 como EVP y CCO.<\/p>\n","protected":false},"author":12,"featured_media":80864,"comment_status":"open","ping_status":"","sticky":false,"template":"","format":"standard","meta":{"_acf_changed":false,"footnotes":""},"categories":[1614,1607,1603],"tags":[27187,27188,27189,22040,27190,3353,3354,5136,27191,2123,27192,3776,27193,2279,2280,27194,27195,27196,27197,2821,27198,27199,1831,2282,5054,27200,27201,27202,27203,27204,27205,27206,3379,27207,27208,27209,27210,27211,27212,2829,27213,27214,27215,27216,27217,27218,15629,27219,2106,27220,27221,27222,27223,27224,5698,3808,27225],"class_list":["post-80867","post","type-post","status-publish","format-standard","has-post-thumbnail","hentry","category-america","category-navegacion-y-puertos","category-personas-y-empresas","tag-corporate-development-matson","tag-customer-service-matson","tag-depart-lauer","tag-deutsch-matson","tag-developpement-dentreprise-matson","tag-digitalisierung-logistik","tag-digitalization-logistics","tag-fachkraeftemangel-transport","tag-freight-transport-hawaii","tag-gestion-de-la-chaine-dapprovisionnement","tag-hafenbetrieb-kalifornien","tag-industrie-du-transport-usa","tag-initiatives-technologiques-logistique","tag-international-logistics","tag-internationale-logistik","tag-kundenservice-matson","tag-lauer-retirement","tag-lauer-ruhestand","tag-leadership-matson","tag-logistics-providers","tag-logistics-sector-asia","tag-logistikbranche-asien","tag-logistikdienstleister","tag-logistique-internationale","tag-logistique-maritime","tag-maritime-logistics-francais-matson","tag-maritime-logistik-english-matson","tag-market-share-matson","tag-marktanteil-matson","tag-matson-fuehrung","tag-matson-leadership","tag-nachfolgeplanung-matson","tag-numerisation-logistique","tag-ocean-transportation-services","tag-operations-portuaires-californie","tag-part-de-marche-matson","tag-penurie-de-competences-transport","tag-planification-de-la-succession-matson","tag-port-operations-california","tag-prestataires-logistiques","tag-secteur-logistique-asie","tag-seefrachttransport-hawaii","tag-seetransport-dienstleistungen","tag-service-client-matson","tag-services-de-transport-maritime","tag-services-transpacifiques","tag-skills-shortage-transport","tag-succession-planning-matson","tag-supply-chain-management","tag-technological-initiatives-logistics","tag-technologische-initiativen-logistik","tag-transpacific-services","tag-transpazifische-dienste","tag-transport-de-fret-hawaii","tag-transportation-industry-usa","tag-transportwirtschaft-usa","tag-unternehmensentwicklung-matson"],"acf":[],"yoast_head":"<!-- This site is optimized with the Yoast SEO plugin v27.3 - https:\/\/yoast.com\/product\/yoast-seo-wordpress\/ -->\n<title>John Lauer de Matson se jubila en julio - ITJ | International Transport Journal<\/title>\n<meta name=\"robots\" content=\"index, follow, max-snippet:-1, max-image-preview:large, max-video-preview:-1\" \/>\n<link rel=\"canonical\" href=\"https:\/\/transportjournal.com\/es\/2026\/03\/16\/john-lauer-de-matson-se-jubila-en-julio\/\" \/>\n<meta property=\"og:locale\" content=\"es_ES\" \/>\n<meta property=\"og:type\" content=\"article\" \/>\n<meta property=\"og:title\" content=\"John Lauer de Matson se jubila en julio - ITJ | International Transport Journal\" \/>\n<meta property=\"og:description\" content=\"Matson, Inc. anunci\u00f3 que John Lauer se jubilar\u00e1 el 1 de julio de 2026 y que Chris Scott lo suceder\u00e1 como EVP y CCO.\" \/>\n<meta property=\"og:url\" content=\"https:\/\/transportjournal.com\/es\/2026\/03\/16\/john-lauer-de-matson-se-jubila-en-julio\/\" \/>\n<meta property=\"og:site_name\" content=\"ITJ | International Transport Journal\" \/>\n<meta property=\"article:published_time\" content=\"2026-03-16T09:35:10+00:00\" \/>\n<meta property=\"og:image\" content=\"https:\/\/transportjournal.com\/wp-content\/uploads\/sites\/2\/2026\/03\/Matson_Inc___Lauer_Retirement-aspect-ratio-1400-788.jpg\" \/>\n\t<meta property=\"og:image:width\" content=\"510\" \/>\n\t<meta property=\"og:image:height\" content=\"287\" \/>\n\t<meta property=\"og:image:type\" content=\"image\/jpeg\" \/>\n<meta name=\"author\" content=\"Andreas Haug\" \/>\n<meta name=\"twitter:card\" content=\"summary_large_image\" \/>\n<meta name=\"twitter:label1\" content=\"Escrito por\" \/>\n\t<meta name=\"twitter:data1\" content=\"Andreas Haug\" \/>\n\t<meta name=\"twitter:label2\" content=\"Tiempo de lectura\" \/>\n\t<meta name=\"twitter:data2\" content=\"2 minuto\" \/>\n<script type=\"application\/ld+json\" class=\"yoast-schema-graph\">{\"@context\":\"https:\\\/\\\/schema.org\",\"@graph\":[{\"@type\":\"Article\",\"@id\":\"https:\\\/\\\/transportjournal.com\\\/es\\\/2026\\\/03\\\/16\\\/john-lauer-de-matson-se-jubila-en-julio\\\/#article\",\"isPartOf\":{\"@id\":\"https:\\\/\\\/transportjournal.com\\\/es\\\/2026\\\/03\\\/16\\\/john-lauer-de-matson-se-jubila-en-julio\\\/\"},\"author\":{\"name\":\"Andreas Haug\",\"@id\":\"https:\\\/\\\/transportjournal.com\\\/es\\\/#\\\/schema\\\/person\\\/cf538b3157f15afd7589245a4b3dbd25\"},\"headline\":\"John Lauer de Matson se jubila en julio\",\"datePublished\":\"2026-03-16T09:35:10+00:00\",\"mainEntityOfPage\":{\"@id\":\"https:\\\/\\\/transportjournal.com\\\/es\\\/2026\\\/03\\\/16\\\/john-lauer-de-matson-se-jubila-en-julio\\\/\"},\"wordCount\":411,\"commentCount\":0,\"publisher\":{\"@id\":\"https:\\\/\\\/transportjournal.com\\\/es\\\/#organization\"},\"image\":{\"@id\":\"https:\\\/\\\/transportjournal.com\\\/es\\\/2026\\\/03\\\/16\\\/john-lauer-de-matson-se-jubila-en-julio\\\/#primaryimage\"},\"thumbnailUrl\":\"https:\\\/\\\/transportjournal.com\\\/wp-content\\\/uploads\\\/sites\\\/2\\\/2026\\\/03\\\/Matson_Inc___Lauer_Retirement-aspect-ratio-1400-788.jpg\",\"keywords\":[\"corporate development Matson\",\"customer service Matson\",\"d\u00e9part Lauer\",\"Deutsch Matson\",\"d\u00e9veloppement d'entreprise Matson\",\"Digitalisierung Logistik\",\"digitalization logistics\",\"Fachkr\u00e4ftemangel Transport\",\"freight transport Hawaii\",\"gestion de la cha\u00eene d'approvisionnement\",\"Hafenbetrieb Kalifornien\",\"industrie du transport USA\",\"initiatives technologiques logistique\",\"international logistics\",\"internationale Logistik\",\"Kundenservice Matson\",\"Lauer retirement\",\"Lauer Ruhestand\",\"leadership Matson\",\"logistics providers\",\"logistics sector Asia\",\"Logistikbranche Asien\",\"Logistikdienstleister\",\"logistique internationale\",\"logistique maritime\",\"maritime logistics Fran\u00e7ais Matson\",\"maritime Logistik English Matson\",\"market share Matson\",\"Marktanteil Matson\",\"Matson F\u00fchrung\",\"Matson leadership\",\"Nachfolgeplanung Matson\",\"num\u00e9risation logistique\",\"ocean transportation services\",\"op\u00e9rations portuaires Californie\",\"part de march\u00e9 Matson\",\"p\u00e9nurie de comp\u00e9tences transport\",\"planification de la succession Matson\",\"port operations California\",\"prestataires logistiques\",\"secteur logistique Asie\",\"Seefrachttransport Hawaii\",\"Seetransport Dienstleistungen\",\"service client Matson\",\"services de transport maritime\",\"services transpacifiques\",\"skills shortage transport\",\"succession planning Matson\",\"Supply Chain Management\",\"technological initiatives logistics\",\"technologische Initiativen Logistik\",\"Transpacific services\",\"Transpazifische Dienste\",\"transport de fret Hawaii\",\"transportation industry USA\",\"Transportwirtschaft USA\",\"Unternehmensentwicklung Matson\"],\"articleSection\":[\"Am\u00e9rica\",\"Navegaci\u00f3n y puertos\",\"Personas y empresas\"],\"inLanguage\":\"es\",\"potentialAction\":[{\"@type\":\"CommentAction\",\"name\":\"Comment\",\"target\":[\"https:\\\/\\\/transportjournal.com\\\/es\\\/2026\\\/03\\\/16\\\/john-lauer-de-matson-se-jubila-en-julio\\\/#respond\"]}]},{\"@type\":\"WebPage\",\"@id\":\"https:\\\/\\\/transportjournal.com\\\/es\\\/2026\\\/03\\\/16\\\/john-lauer-de-matson-se-jubila-en-julio\\\/\",\"url\":\"https:\\\/\\\/transportjournal.com\\\/es\\\/2026\\\/03\\\/16\\\/john-lauer-de-matson-se-jubila-en-julio\\\/\",\"name\":\"John Lauer de Matson se jubila en julio - ITJ | International Transport Journal\",\"isPartOf\":{\"@id\":\"https:\\\/\\\/transportjournal.com\\\/es\\\/#website\"},\"primaryImageOfPage\":{\"@id\":\"https:\\\/\\\/transportjournal.com\\\/es\\\/2026\\\/03\\\/16\\\/john-lauer-de-matson-se-jubila-en-julio\\\/#primaryimage\"},\"image\":{\"@id\":\"https:\\\/\\\/transportjournal.com\\\/es\\\/2026\\\/03\\\/16\\\/john-lauer-de-matson-se-jubila-en-julio\\\/#primaryimage\"},\"thumbnailUrl\":\"https:\\\/\\\/transportjournal.com\\\/wp-content\\\/uploads\\\/sites\\\/2\\\/2026\\\/03\\\/Matson_Inc___Lauer_Retirement-aspect-ratio-1400-788.jpg\",\"datePublished\":\"2026-03-16T09:35:10+00:00\",\"breadcrumb\":{\"@id\":\"https:\\\/\\\/transportjournal.com\\\/es\\\/2026\\\/03\\\/16\\\/john-lauer-de-matson-se-jubila-en-julio\\\/#breadcrumb\"},\"inLanguage\":\"es\",\"potentialAction\":[{\"@type\":\"ReadAction\",\"target\":[\"https:\\\/\\\/transportjournal.com\\\/es\\\/2026\\\/03\\\/16\\\/john-lauer-de-matson-se-jubila-en-julio\\\/\"]}]},{\"@type\":\"ImageObject\",\"inLanguage\":\"es\",\"@id\":\"https:\\\/\\\/transportjournal.com\\\/es\\\/2026\\\/03\\\/16\\\/john-lauer-de-matson-se-jubila-en-julio\\\/#primaryimage\",\"url\":\"https:\\\/\\\/transportjournal.com\\\/wp-content\\\/uploads\\\/sites\\\/2\\\/2026\\\/03\\\/Matson_Inc___Lauer_Retirement-aspect-ratio-1400-788.jpg\",\"contentUrl\":\"https:\\\/\\\/transportjournal.com\\\/wp-content\\\/uploads\\\/sites\\\/2\\\/2026\\\/03\\\/Matson_Inc___Lauer_Retirement-aspect-ratio-1400-788.jpg\",\"width\":510,\"height\":287},{\"@type\":\"BreadcrumbList\",\"@id\":\"https:\\\/\\\/transportjournal.com\\\/es\\\/2026\\\/03\\\/16\\\/john-lauer-de-matson-se-jubila-en-julio\\\/#breadcrumb\",\"itemListElement\":[{\"@type\":\"ListItem\",\"position\":1,\"name\":\"Startseite\",\"item\":\"https:\\\/\\\/transportjournal.com\\\/es\\\/\"},{\"@type\":\"ListItem\",\"position\":2,\"name\":\"John Lauer de Matson se jubila en julio\"}]},{\"@type\":\"WebSite\",\"@id\":\"https:\\\/\\\/transportjournal.com\\\/es\\\/#website\",\"url\":\"https:\\\/\\\/transportjournal.com\\\/es\\\/\",\"name\":\"ITJ | International Transport Journal\",\"description\":\"Stay informed with the latest global news from the transport, logistics, and supply chain industries. Transport Journal delivers expert insights, analysis, and updates across shipping, aviation, intermodal, and forwarding.\",\"publisher\":{\"@id\":\"https:\\\/\\\/transportjournal.com\\\/es\\\/#organization\"},\"potentialAction\":[{\"@type\":\"SearchAction\",\"target\":{\"@type\":\"EntryPoint\",\"urlTemplate\":\"https:\\\/\\\/transportjournal.com\\\/es\\\/?s={search_term_string}\"},\"query-input\":{\"@type\":\"PropertyValueSpecification\",\"valueRequired\":true,\"valueName\":\"search_term_string\"}}],\"inLanguage\":\"es\"},{\"@type\":\"Organization\",\"@id\":\"https:\\\/\\\/transportjournal.com\\\/es\\\/#organization\",\"name\":\"Grupo Logismedia AG\",\"alternateName\":\"Logismedia Group AG\",\"url\":\"https:\\\/\\\/transportjournal.com\\\/es\\\/\",\"logo\":{\"@type\":\"ImageObject\",\"inLanguage\":\"es\",\"@id\":\"https:\\\/\\\/transportjournal.com\\\/es\\\/#\\\/schema\\\/logo\\\/image\\\/\",\"url\":\"https:\\\/\\\/transportjournal.com\\\/wp-content\\\/uploads\\\/sites\\\/2\\\/2025\\\/09\\\/Logo_ITJ.png\",\"contentUrl\":\"https:\\\/\\\/transportjournal.com\\\/wp-content\\\/uploads\\\/sites\\\/2\\\/2025\\\/09\\\/Logo_ITJ.png\",\"width\":799,\"height\":326,\"caption\":\"Grupo Logismedia AG\"},\"image\":{\"@id\":\"https:\\\/\\\/transportjournal.com\\\/es\\\/#\\\/schema\\\/logo\\\/image\\\/\"},\"sameAs\":[\"https:\\\/\\\/www.linkedin.com\\\/company\\\/56456496\\\/admin\\\/dashboard\\\/\",\"https:\\\/\\\/www.instagram.com\\\/logismediagroup\\\/\",\"https:\\\/\\\/www.youtube.com\\\/@LogiamediaGroupAG\"]},{\"@type\":\"Person\",\"@id\":\"https:\\\/\\\/transportjournal.com\\\/es\\\/#\\\/schema\\\/person\\\/cf538b3157f15afd7589245a4b3dbd25\",\"name\":\"Andreas Haug\",\"url\":\"https:\\\/\\\/transportjournal.com\\\/es\\\/author\\\/andreas\\\/\"}]}<\/script>\n<!-- \/ Yoast SEO plugin. -->","yoast_head_json":{"title":"John Lauer de Matson se jubila en julio - ITJ | International Transport Journal","robots":{"index":"index","follow":"follow","max-snippet":"max-snippet:-1","max-image-preview":"max-image-preview:large","max-video-preview":"max-video-preview:-1"},"canonical":"https:\/\/transportjournal.com\/es\/2026\/03\/16\/john-lauer-de-matson-se-jubila-en-julio\/","og_locale":"es_ES","og_type":"article","og_title":"John Lauer de Matson se jubila en julio - ITJ | International Transport Journal","og_description":"Matson, Inc. anunci\u00f3 que John Lauer se jubilar\u00e1 el 1 de julio de 2026 y que Chris Scott lo suceder\u00e1 como EVP y CCO.","og_url":"https:\/\/transportjournal.com\/es\/2026\/03\/16\/john-lauer-de-matson-se-jubila-en-julio\/","og_site_name":"ITJ | International Transport Journal","article_published_time":"2026-03-16T09:35:10+00:00","og_image":[{"width":510,"height":287,"url":"https:\/\/transportjournal.com\/wp-content\/uploads\/sites\/2\/2026\/03\/Matson_Inc___Lauer_Retirement-aspect-ratio-1400-788.jpg","type":"image\/jpeg"}],"author":"Andreas Haug","twitter_card":"summary_large_image","twitter_misc":{"Escrito por":"Andreas Haug","Tiempo de lectura":"2 minuto"},"schema":{"@context":"https:\/\/schema.org","@graph":[{"@type":"Article","@id":"https:\/\/transportjournal.com\/es\/2026\/03\/16\/john-lauer-de-matson-se-jubila-en-julio\/#article","isPartOf":{"@id":"https:\/\/transportjournal.com\/es\/2026\/03\/16\/john-lauer-de-matson-se-jubila-en-julio\/"},"author":{"name":"Andreas Haug","@id":"https:\/\/transportjournal.com\/es\/#\/schema\/person\/cf538b3157f15afd7589245a4b3dbd25"},"headline":"John Lauer de Matson se jubila en julio","datePublished":"2026-03-16T09:35:10+00:00","mainEntityOfPage":{"@id":"https:\/\/transportjournal.com\/es\/2026\/03\/16\/john-lauer-de-matson-se-jubila-en-julio\/"},"wordCount":411,"commentCount":0,"publisher":{"@id":"https:\/\/transportjournal.com\/es\/#organization"},"image":{"@id":"https:\/\/transportjournal.com\/es\/2026\/03\/16\/john-lauer-de-matson-se-jubila-en-julio\/#primaryimage"},"thumbnailUrl":"https:\/\/transportjournal.com\/wp-content\/uploads\/sites\/2\/2026\/03\/Matson_Inc___Lauer_Retirement-aspect-ratio-1400-788.jpg","keywords":["corporate development Matson","customer service Matson","d\u00e9part Lauer","Deutsch Matson","d\u00e9veloppement d'entreprise Matson","Digitalisierung Logistik","digitalization logistics","Fachkr\u00e4ftemangel Transport","freight transport Hawaii","gestion de la cha\u00eene d'approvisionnement","Hafenbetrieb Kalifornien","industrie du transport USA","initiatives technologiques logistique","international logistics","internationale Logistik","Kundenservice Matson","Lauer retirement","Lauer Ruhestand","leadership Matson","logistics providers","logistics sector Asia","Logistikbranche Asien","Logistikdienstleister","logistique internationale","logistique maritime","maritime logistics Fran\u00e7ais Matson","maritime Logistik English Matson","market share Matson","Marktanteil Matson","Matson F\u00fchrung","Matson leadership","Nachfolgeplanung Matson","num\u00e9risation logistique","ocean transportation services","op\u00e9rations portuaires Californie","part de march\u00e9 Matson","p\u00e9nurie de comp\u00e9tences transport","planification de la succession Matson","port operations California","prestataires logistiques","secteur logistique Asie","Seefrachttransport Hawaii","Seetransport Dienstleistungen","service client Matson","services de transport maritime","services transpacifiques","skills shortage transport","succession planning Matson","Supply Chain Management","technological initiatives logistics","technologische Initiativen Logistik","Transpacific services","Transpazifische Dienste","transport de fret Hawaii","transportation industry USA","Transportwirtschaft USA","Unternehmensentwicklung Matson"],"articleSection":["Am\u00e9rica","Navegaci\u00f3n y puertos","Personas y empresas"],"inLanguage":"es","potentialAction":[{"@type":"CommentAction","name":"Comment","target":["https:\/\/transportjournal.com\/es\/2026\/03\/16\/john-lauer-de-matson-se-jubila-en-julio\/#respond"]}]},{"@type":"WebPage","@id":"https:\/\/transportjournal.com\/es\/2026\/03\/16\/john-lauer-de-matson-se-jubila-en-julio\/","url":"https:\/\/transportjournal.com\/es\/2026\/03\/16\/john-lauer-de-matson-se-jubila-en-julio\/","name":"John Lauer de Matson se jubila en julio - ITJ | International Transport Journal","isPartOf":{"@id":"https:\/\/transportjournal.com\/es\/#website"},"primaryImageOfPage":{"@id":"https:\/\/transportjournal.com\/es\/2026\/03\/16\/john-lauer-de-matson-se-jubila-en-julio\/#primaryimage"},"image":{"@id":"https:\/\/transportjournal.com\/es\/2026\/03\/16\/john-lauer-de-matson-se-jubila-en-julio\/#primaryimage"},"thumbnailUrl":"https:\/\/transportjournal.com\/wp-content\/uploads\/sites\/2\/2026\/03\/Matson_Inc___Lauer_Retirement-aspect-ratio-1400-788.jpg","datePublished":"2026-03-16T09:35:10+00:00","breadcrumb":{"@id":"https:\/\/transportjournal.com\/es\/2026\/03\/16\/john-lauer-de-matson-se-jubila-en-julio\/#breadcrumb"},"inLanguage":"es","potentialAction":[{"@type":"ReadAction","target":["https:\/\/transportjournal.com\/es\/2026\/03\/16\/john-lauer-de-matson-se-jubila-en-julio\/"]}]},{"@type":"ImageObject","inLanguage":"es","@id":"https:\/\/transportjournal.com\/es\/2026\/03\/16\/john-lauer-de-matson-se-jubila-en-julio\/#primaryimage","url":"https:\/\/transportjournal.com\/wp-content\/uploads\/sites\/2\/2026\/03\/Matson_Inc___Lauer_Retirement-aspect-ratio-1400-788.jpg","contentUrl":"https:\/\/transportjournal.com\/wp-content\/uploads\/sites\/2\/2026\/03\/Matson_Inc___Lauer_Retirement-aspect-ratio-1400-788.jpg","width":510,"height":287},{"@type":"BreadcrumbList","@id":"https:\/\/transportjournal.com\/es\/2026\/03\/16\/john-lauer-de-matson-se-jubila-en-julio\/#breadcrumb","itemListElement":[{"@type":"ListItem","position":1,"name":"Startseite","item":"https:\/\/transportjournal.com\/es\/"},{"@type":"ListItem","position":2,"name":"John Lauer de Matson se jubila en julio"}]},{"@type":"WebSite","@id":"https:\/\/transportjournal.com\/es\/#website","url":"https:\/\/transportjournal.com\/es\/","name":"ITJ | International Transport Journal","description":"Stay informed with the latest global news from the transport, logistics, and supply chain industries. Transport Journal delivers expert insights, analysis, and updates across shipping, aviation, intermodal, and forwarding.","publisher":{"@id":"https:\/\/transportjournal.com\/es\/#organization"},"potentialAction":[{"@type":"SearchAction","target":{"@type":"EntryPoint","urlTemplate":"https:\/\/transportjournal.com\/es\/?s={search_term_string}"},"query-input":{"@type":"PropertyValueSpecification","valueRequired":true,"valueName":"search_term_string"}}],"inLanguage":"es"},{"@type":"Organization","@id":"https:\/\/transportjournal.com\/es\/#organization","name":"Grupo Logismedia AG","alternateName":"Logismedia Group AG","url":"https:\/\/transportjournal.com\/es\/","logo":{"@type":"ImageObject","inLanguage":"es","@id":"https:\/\/transportjournal.com\/es\/#\/schema\/logo\/image\/","url":"https:\/\/transportjournal.com\/wp-content\/uploads\/sites\/2\/2025\/09\/Logo_ITJ.png","contentUrl":"https:\/\/transportjournal.com\/wp-content\/uploads\/sites\/2\/2025\/09\/Logo_ITJ.png","width":799,"height":326,"caption":"Grupo Logismedia AG"},"image":{"@id":"https:\/\/transportjournal.com\/es\/#\/schema\/logo\/image\/"},"sameAs":["https:\/\/www.linkedin.com\/company\/56456496\/admin\/dashboard\/","https:\/\/www.instagram.com\/logismediagroup\/","https:\/\/www.youtube.com\/@LogiamediaGroupAG"]},{"@type":"Person","@id":"https:\/\/transportjournal.com\/es\/#\/schema\/person\/cf538b3157f15afd7589245a4b3dbd25","name":"Andreas Haug","url":"https:\/\/transportjournal.com\/es\/author\/andreas\/"}]}},"_links":{"self":[{"href":"https:\/\/transportjournal.com\/es\/wp-json\/wp\/v2\/posts\/80867","targetHints":{"allow":["GET"]}}],"collection":[{"href":"https:\/\/transportjournal.com\/es\/wp-json\/wp\/v2\/posts"}],"about":[{"href":"https:\/\/transportjournal.com\/es\/wp-json\/wp\/v2\/types\/post"}],"author":[{"embeddable":true,"href":"https:\/\/transportjournal.com\/es\/wp-json\/wp\/v2\/users\/12"}],"replies":[{"embeddable":true,"href":"https:\/\/transportjournal.com\/es\/wp-json\/wp\/v2\/comments?post=80867"}],"version-history":[{"count":0,"href":"https:\/\/transportjournal.com\/es\/wp-json\/wp\/v2\/posts\/80867\/revisions"}],"wp:featuredmedia":[{"embeddable":true,"href":"https:\/\/transportjournal.com\/es\/wp-json\/wp\/v2\/media\/80864"}],"wp:attachment":[{"href":"https:\/\/transportjournal.com\/es\/wp-json\/wp\/v2\/media?parent=80867"}],"wp:term":[{"taxonomy":"category","embeddable":true,"href":"https:\/\/transportjournal.com\/es\/wp-json\/wp\/v2\/categories?post=80867"},{"taxonomy":"post_tag","embeddable":true,"href":"https:\/\/transportjournal.com\/es\/wp-json\/wp\/v2\/tags?post=80867"}],"curies":[{"name":"wp","href":"https:\/\/api.w.org\/{rel}","templated":true}]}}