{"id":80852,"date":"2026-03-13T14:42:08","date_gmt":"2026-03-13T14:42:08","guid":{"rendered":"https:\/\/transportjournal.com\/2026\/03\/13\/cooperacion-entre-maersk-y-east-west-intermodal\/"},"modified":"2026-03-13T16:15:10","modified_gmt":"2026-03-13T15:15:10","slug":"cooperacion-entre-maersk-y-east-west-intermodal","status":"publish","type":"post","link":"https:\/\/transportjournal.com\/es\/2026\/03\/13\/cooperacion-entre-maersk-y-east-west-intermodal\/","title":{"rendered":"Cooperaci\u00f3n entre Maersk y East-West Intermodal"},"content":{"rendered":"<p>La log\u00edstica intermodal en el este de Hungr\u00eda se fortalece a trav\u00e9s de una nueva cooperaci\u00f3n entre East-West Intermodal Logistics Plc. (EWG) y AP Moller \u2013 Maersk, como ha informado recientemente el portal de noticias Port Technology International. En una ceremonia en la terminal intermodal de EWG en F\u00e9nyeslitke, representantes de ambas empresas firmaron un acuerdo a largo plazo para la introducci\u00f3n de servicios de dep\u00f3sito de contenedores y de puerto seco.<\/p>\n<h3>Establecimiento de una operaci\u00f3n de puerto seco<\/h3>\n<p>Con este acuerdo, Maersk planea establecer una operaci\u00f3n de puerto seco en la terminal. El concepto, seg\u00fan el art\u00edculo, prev\u00e9 trasladar ciertas funciones de los puertos mar\u00edtimos a la terminal interior. De este modo, la instalaci\u00f3n se convertir\u00e1 en una parte de la red log\u00edstica de Maersk.<\/p>\n<p>Los preparativos para el proyecto comenzaron en 2025. En los meses previos a la firma del acuerdo, se llevaron a cabo, seg\u00fan Port Technology International, planificaciones operativas y evaluaciones de riesgos para garantizar la implementaci\u00f3n del puerto seco.<\/p>\n<p><a href=\"https:\/\/www.maersk.com\/\" target=\"_blank\" rel=\"noopener noreferrer\">www.maersk.com<\/a><\/p>\n","protected":false},"excerpt":{"rendered":"<p>La cooperaci\u00f3n entre East-West Intermodal Logistics Plc. y AP Moller \u2013 Maersk tiene como objetivo fortalecer la log\u00edstica intermodal en el este de Hungr\u00eda mediante el establecimiento de un funcionamiento de puerto seco.<\/p>\n","protected":false},"author":10,"featured_media":80849,"comment_status":"open","ping_status":"","sticky":false,"template":"","format":"standard","meta":{"_acf_changed":false,"footnotes":""},"categories":[1611,1605],"tags":[27163,27164,2207,27165,27166,27167,4019,2695,2696,27168,27169,5443,27170,27171,21401,1889,27172,2909,27173,3682,3683,27174,2912,2914,27175,3330,2133,1831,3335,2919,27176,5454,2717,27177,2925,27178,27179,3602,27180,2929,27181,2148,3345,27182,21421,3295,27183,2237,1857,5460,27184,2839,1837,27185,27186],"class_list":["post-80852","post","type-post","status-publish","format-standard","has-post-thumbnail","hentry","category-europa","category-expedicion-y-logistica","tag-accord-a-long-terme","tag-binnenterminal","tag-chaine-dapprovisionnement","tag-container-depot","tag-containerdepot","tag-depot-de-conteneurs","tag-deutsch-maersk","tag-digitalisierung","tag-digitalization","tag-dry-port","tag-dry-port-services-francais-maersk","tag-durabilite","tag-east-west-intermodal","tag-eastern-hungary","tag-evaluations-des-risques","tag-fachkraeftemangel","tag-fenyeslitke","tag-hafenbetrieb","tag-hongrie-orientale","tag-infrastructure","tag-infrastruktur","tag-inland-terminal","tag-intermodal-logistics","tag-intermodale-logistik","tag-langfristige-vereinbarung","tag-logistics-network","tag-logistics-service-providers","tag-logistikdienstleister","tag-logistiknetzwerk","tag-logistique-intermodale","tag-long-term-agreement","tag-nachhaltigkeit","tag-numerisation","tag-operational-planning","tag-operations-portuaires","tag-operative-planungen","tag-ostungarn","tag-penurie-de-competences","tag-planification-operationnelle","tag-port-operations","tag-port-sec","tag-prestataires-de-services-logistiques","tag-reseau-logistique","tag-risikobewertungen","tag-risk-assessments","tag-secteur-du-transport","tag-services-de-port-sec","tag-skills-shortage","tag-supply-chain","tag-sustainability","tag-terminal-interieur","tag-transportation-industry","tag-transportwirtschaft","tag-trockenhafen","tag-trockenhafendienstleistungen-english-maersk"],"acf":[],"yoast_head":"<!-- This site is optimized with the Yoast SEO plugin v27.3 - https:\/\/yoast.com\/product\/yoast-seo-wordpress\/ -->\n<title>Cooperaci\u00f3n entre Maersk y East-West Intermodal - ITJ | International Transport Journal<\/title>\n<meta name=\"robots\" content=\"index, follow, max-snippet:-1, max-image-preview:large, max-video-preview:-1\" \/>\n<link rel=\"canonical\" href=\"https:\/\/transportjournal.com\/es\/2026\/03\/13\/cooperacion-entre-maersk-y-east-west-intermodal\/\" \/>\n<meta property=\"og:locale\" content=\"es_ES\" \/>\n<meta property=\"og:type\" content=\"article\" \/>\n<meta property=\"og:title\" content=\"Cooperaci\u00f3n entre Maersk y East-West Intermodal - ITJ | International Transport Journal\" \/>\n<meta property=\"og:description\" content=\"La cooperaci\u00f3n entre East-West Intermodal Logistics Plc. y AP Moller \u2013 Maersk tiene como objetivo fortalecer la log\u00edstica intermodal en el este de Hungr\u00eda mediante el establecimiento de un funcionamiento de puerto seco.\" \/>\n<meta property=\"og:url\" content=\"https:\/\/transportjournal.com\/es\/2026\/03\/13\/cooperacion-entre-maersk-y-east-west-intermodal\/\" \/>\n<meta property=\"og:site_name\" content=\"ITJ | International Transport Journal\" \/>\n<meta property=\"article:published_time\" content=\"2026-03-13T14:42:08+00:00\" \/>\n<meta property=\"article:modified_time\" content=\"2026-03-13T15:15:10+00:00\" \/>\n<meta property=\"og:image\" content=\"https:\/\/transportjournal.com\/wp-content\/uploads\/sites\/2\/2026\/03\/AdobeStock_196131517-1-scaled-aspect-ratio-1400-788.jpeg\" \/>\n\t<meta property=\"og:image:width\" content=\"1802\" \/>\n\t<meta property=\"og:image:height\" content=\"1014\" \/>\n\t<meta property=\"og:image:type\" content=\"image\/jpeg\" \/>\n<meta name=\"author\" content=\"Jeremy Soland\" \/>\n<meta name=\"twitter:card\" content=\"summary_large_image\" \/>\n<meta name=\"twitter:label1\" content=\"Escrito por\" \/>\n\t<meta name=\"twitter:data1\" content=\"Jeremy Soland\" \/>\n\t<meta name=\"twitter:label2\" content=\"Tiempo de lectura\" \/>\n\t<meta name=\"twitter:data2\" content=\"1 minuto\" \/>\n<script type=\"application\/ld+json\" class=\"yoast-schema-graph\">{\"@context\":\"https:\\\/\\\/schema.org\",\"@graph\":[{\"@type\":\"Article\",\"@id\":\"https:\\\/\\\/transportjournal.com\\\/es\\\/2026\\\/03\\\/13\\\/cooperacion-entre-maersk-y-east-west-intermodal\\\/#article\",\"isPartOf\":{\"@id\":\"https:\\\/\\\/transportjournal.com\\\/es\\\/2026\\\/03\\\/13\\\/cooperacion-entre-maersk-y-east-west-intermodal\\\/\"},\"author\":{\"name\":\"Jeremy Soland\",\"@id\":\"https:\\\/\\\/transportjournal.com\\\/es\\\/#\\\/schema\\\/person\\\/41d36b5474b623392fa613e97e2363fa\"},\"headline\":\"Cooperaci\u00f3n entre Maersk y East-West Intermodal\",\"datePublished\":\"2026-03-13T14:42:08+00:00\",\"dateModified\":\"2026-03-13T15:15:10+00:00\",\"mainEntityOfPage\":{\"@id\":\"https:\\\/\\\/transportjournal.com\\\/es\\\/2026\\\/03\\\/13\\\/cooperacion-entre-maersk-y-east-west-intermodal\\\/\"},\"wordCount\":188,\"commentCount\":0,\"publisher\":{\"@id\":\"https:\\\/\\\/transportjournal.com\\\/es\\\/#organization\"},\"image\":{\"@id\":\"https:\\\/\\\/transportjournal.com\\\/es\\\/2026\\\/03\\\/13\\\/cooperacion-entre-maersk-y-east-west-intermodal\\\/#primaryimage\"},\"thumbnailUrl\":\"https:\\\/\\\/transportjournal.com\\\/wp-content\\\/uploads\\\/sites\\\/2\\\/2026\\\/03\\\/AdobeStock_196131517-1-scaled-aspect-ratio-1400-788.jpeg\",\"keywords\":[\"accord \u00e0 long terme\",\"Binnenterminal\",\"cha\u00eene d'approvisionnement\",\"container depot\",\"Containerdepot\",\"d\u00e9p\u00f4t de conteneurs\",\"Deutsch Maersk\",\"Digitalisierung\",\"digitalization\",\"dry port\",\"dry port services Fran\u00e7ais Maersk\",\"durabilit\u00e9\",\"East-West Intermodal\",\"Eastern Hungary\",\"\u00e9valuations des risques\",\"Fachkr\u00e4ftemangel\",\"F\u00e9nyeslitke\",\"Hafenbetrieb\",\"Hongrie orientale\",\"infrastructure\",\"Infrastruktur\",\"inland terminal\",\"intermodal logistics\",\"intermodale Logistik\",\"langfristige Vereinbarung\",\"logistics network\",\"logistics service providers\",\"Logistikdienstleister\",\"Logistiknetzwerk\",\"logistique intermodale\",\"long-term agreement\",\"Nachhaltigkeit\",\"num\u00e9risation\",\"operational planning\",\"op\u00e9rations portuaires\",\"operative Planungen\",\"Ostungarn\",\"p\u00e9nurie de comp\u00e9tences\",\"planification op\u00e9rationnelle\",\"port operations\",\"port sec\",\"prestataires de services logistiques\",\"r\u00e9seau logistique\",\"Risikobewertungen\",\"risk assessments\",\"secteur du transport\",\"services de port sec\",\"skills shortage\",\"Supply Chain\",\"sustainability\",\"terminal int\u00e9rieur\",\"transportation industry\",\"Transportwirtschaft\",\"Trockenhafen\",\"Trockenhafendienstleistungen English Maersk\"],\"articleSection\":[\"Europa\",\"Transporte de mercanc\u00edas y log\u00edstica\"],\"inLanguage\":\"es\",\"potentialAction\":[{\"@type\":\"CommentAction\",\"name\":\"Comment\",\"target\":[\"https:\\\/\\\/transportjournal.com\\\/es\\\/2026\\\/03\\\/13\\\/cooperacion-entre-maersk-y-east-west-intermodal\\\/#respond\"]}]},{\"@type\":\"WebPage\",\"@id\":\"https:\\\/\\\/transportjournal.com\\\/es\\\/2026\\\/03\\\/13\\\/cooperacion-entre-maersk-y-east-west-intermodal\\\/\",\"url\":\"https:\\\/\\\/transportjournal.com\\\/es\\\/2026\\\/03\\\/13\\\/cooperacion-entre-maersk-y-east-west-intermodal\\\/\",\"name\":\"Cooperaci\u00f3n entre Maersk y East-West Intermodal - ITJ | International Transport Journal\",\"isPartOf\":{\"@id\":\"https:\\\/\\\/transportjournal.com\\\/es\\\/#website\"},\"primaryImageOfPage\":{\"@id\":\"https:\\\/\\\/transportjournal.com\\\/es\\\/2026\\\/03\\\/13\\\/cooperacion-entre-maersk-y-east-west-intermodal\\\/#primaryimage\"},\"image\":{\"@id\":\"https:\\\/\\\/transportjournal.com\\\/es\\\/2026\\\/03\\\/13\\\/cooperacion-entre-maersk-y-east-west-intermodal\\\/#primaryimage\"},\"thumbnailUrl\":\"https:\\\/\\\/transportjournal.com\\\/wp-content\\\/uploads\\\/sites\\\/2\\\/2026\\\/03\\\/AdobeStock_196131517-1-scaled-aspect-ratio-1400-788.jpeg\",\"datePublished\":\"2026-03-13T14:42:08+00:00\",\"dateModified\":\"2026-03-13T15:15:10+00:00\",\"breadcrumb\":{\"@id\":\"https:\\\/\\\/transportjournal.com\\\/es\\\/2026\\\/03\\\/13\\\/cooperacion-entre-maersk-y-east-west-intermodal\\\/#breadcrumb\"},\"inLanguage\":\"es\",\"potentialAction\":[{\"@type\":\"ReadAction\",\"target\":[\"https:\\\/\\\/transportjournal.com\\\/es\\\/2026\\\/03\\\/13\\\/cooperacion-entre-maersk-y-east-west-intermodal\\\/\"]}]},{\"@type\":\"ImageObject\",\"inLanguage\":\"es\",\"@id\":\"https:\\\/\\\/transportjournal.com\\\/es\\\/2026\\\/03\\\/13\\\/cooperacion-entre-maersk-y-east-west-intermodal\\\/#primaryimage\",\"url\":\"https:\\\/\\\/transportjournal.com\\\/wp-content\\\/uploads\\\/sites\\\/2\\\/2026\\\/03\\\/AdobeStock_196131517-1-scaled-aspect-ratio-1400-788.jpeg\",\"contentUrl\":\"https:\\\/\\\/transportjournal.com\\\/wp-content\\\/uploads\\\/sites\\\/2\\\/2026\\\/03\\\/AdobeStock_196131517-1-scaled-aspect-ratio-1400-788.jpeg\",\"width\":1802,\"height\":1014},{\"@type\":\"BreadcrumbList\",\"@id\":\"https:\\\/\\\/transportjournal.com\\\/es\\\/2026\\\/03\\\/13\\\/cooperacion-entre-maersk-y-east-west-intermodal\\\/#breadcrumb\",\"itemListElement\":[{\"@type\":\"ListItem\",\"position\":1,\"name\":\"Startseite\",\"item\":\"https:\\\/\\\/transportjournal.com\\\/es\\\/\"},{\"@type\":\"ListItem\",\"position\":2,\"name\":\"Cooperaci\u00f3n entre Maersk y East-West Intermodal\"}]},{\"@type\":\"WebSite\",\"@id\":\"https:\\\/\\\/transportjournal.com\\\/es\\\/#website\",\"url\":\"https:\\\/\\\/transportjournal.com\\\/es\\\/\",\"name\":\"ITJ | International Transport Journal\",\"description\":\"Stay informed with the latest global news from the transport, logistics, and supply chain industries. Transport Journal delivers expert insights, analysis, and updates across shipping, aviation, intermodal, and forwarding.\",\"publisher\":{\"@id\":\"https:\\\/\\\/transportjournal.com\\\/es\\\/#organization\"},\"potentialAction\":[{\"@type\":\"SearchAction\",\"target\":{\"@type\":\"EntryPoint\",\"urlTemplate\":\"https:\\\/\\\/transportjournal.com\\\/es\\\/?s={search_term_string}\"},\"query-input\":{\"@type\":\"PropertyValueSpecification\",\"valueRequired\":true,\"valueName\":\"search_term_string\"}}],\"inLanguage\":\"es\"},{\"@type\":\"Organization\",\"@id\":\"https:\\\/\\\/transportjournal.com\\\/es\\\/#organization\",\"name\":\"Grupo Logismedia AG\",\"alternateName\":\"Logismedia Group AG\",\"url\":\"https:\\\/\\\/transportjournal.com\\\/es\\\/\",\"logo\":{\"@type\":\"ImageObject\",\"inLanguage\":\"es\",\"@id\":\"https:\\\/\\\/transportjournal.com\\\/es\\\/#\\\/schema\\\/logo\\\/image\\\/\",\"url\":\"https:\\\/\\\/transportjournal.com\\\/wp-content\\\/uploads\\\/sites\\\/2\\\/2025\\\/09\\\/Logo_ITJ.png\",\"contentUrl\":\"https:\\\/\\\/transportjournal.com\\\/wp-content\\\/uploads\\\/sites\\\/2\\\/2025\\\/09\\\/Logo_ITJ.png\",\"width\":799,\"height\":326,\"caption\":\"Grupo Logismedia AG\"},\"image\":{\"@id\":\"https:\\\/\\\/transportjournal.com\\\/es\\\/#\\\/schema\\\/logo\\\/image\\\/\"},\"sameAs\":[\"https:\\\/\\\/www.linkedin.com\\\/company\\\/56456496\\\/admin\\\/dashboard\\\/\",\"https:\\\/\\\/www.instagram.com\\\/logismediagroup\\\/\",\"https:\\\/\\\/www.youtube.com\\\/@LogiamediaGroupAG\"]},{\"@type\":\"Person\",\"@id\":\"https:\\\/\\\/transportjournal.com\\\/es\\\/#\\\/schema\\\/person\\\/41d36b5474b623392fa613e97e2363fa\",\"name\":\"Jeremy Soland\",\"url\":\"https:\\\/\\\/transportjournal.com\\\/es\\\/author\\\/jeremy\\\/\"}]}<\/script>\n<!-- \/ Yoast SEO plugin. -->","yoast_head_json":{"title":"Cooperaci\u00f3n entre Maersk y East-West Intermodal - ITJ | International Transport Journal","robots":{"index":"index","follow":"follow","max-snippet":"max-snippet:-1","max-image-preview":"max-image-preview:large","max-video-preview":"max-video-preview:-1"},"canonical":"https:\/\/transportjournal.com\/es\/2026\/03\/13\/cooperacion-entre-maersk-y-east-west-intermodal\/","og_locale":"es_ES","og_type":"article","og_title":"Cooperaci\u00f3n entre Maersk y East-West Intermodal - ITJ | International Transport Journal","og_description":"La cooperaci\u00f3n entre East-West Intermodal Logistics Plc. y AP Moller \u2013 Maersk tiene como objetivo fortalecer la log\u00edstica intermodal en el este de Hungr\u00eda mediante el establecimiento de un funcionamiento de puerto seco.","og_url":"https:\/\/transportjournal.com\/es\/2026\/03\/13\/cooperacion-entre-maersk-y-east-west-intermodal\/","og_site_name":"ITJ | International Transport Journal","article_published_time":"2026-03-13T14:42:08+00:00","article_modified_time":"2026-03-13T15:15:10+00:00","og_image":[{"width":1802,"height":1014,"url":"https:\/\/transportjournal.com\/wp-content\/uploads\/sites\/2\/2026\/03\/AdobeStock_196131517-1-scaled-aspect-ratio-1400-788.jpeg","type":"image\/jpeg"}],"author":"Jeremy Soland","twitter_card":"summary_large_image","twitter_misc":{"Escrito por":"Jeremy Soland","Tiempo de lectura":"1 minuto"},"schema":{"@context":"https:\/\/schema.org","@graph":[{"@type":"Article","@id":"https:\/\/transportjournal.com\/es\/2026\/03\/13\/cooperacion-entre-maersk-y-east-west-intermodal\/#article","isPartOf":{"@id":"https:\/\/transportjournal.com\/es\/2026\/03\/13\/cooperacion-entre-maersk-y-east-west-intermodal\/"},"author":{"name":"Jeremy Soland","@id":"https:\/\/transportjournal.com\/es\/#\/schema\/person\/41d36b5474b623392fa613e97e2363fa"},"headline":"Cooperaci\u00f3n entre Maersk y East-West Intermodal","datePublished":"2026-03-13T14:42:08+00:00","dateModified":"2026-03-13T15:15:10+00:00","mainEntityOfPage":{"@id":"https:\/\/transportjournal.com\/es\/2026\/03\/13\/cooperacion-entre-maersk-y-east-west-intermodal\/"},"wordCount":188,"commentCount":0,"publisher":{"@id":"https:\/\/transportjournal.com\/es\/#organization"},"image":{"@id":"https:\/\/transportjournal.com\/es\/2026\/03\/13\/cooperacion-entre-maersk-y-east-west-intermodal\/#primaryimage"},"thumbnailUrl":"https:\/\/transportjournal.com\/wp-content\/uploads\/sites\/2\/2026\/03\/AdobeStock_196131517-1-scaled-aspect-ratio-1400-788.jpeg","keywords":["accord \u00e0 long terme","Binnenterminal","cha\u00eene d'approvisionnement","container depot","Containerdepot","d\u00e9p\u00f4t de conteneurs","Deutsch Maersk","Digitalisierung","digitalization","dry port","dry port services Fran\u00e7ais Maersk","durabilit\u00e9","East-West Intermodal","Eastern Hungary","\u00e9valuations des risques","Fachkr\u00e4ftemangel","F\u00e9nyeslitke","Hafenbetrieb","Hongrie orientale","infrastructure","Infrastruktur","inland terminal","intermodal logistics","intermodale Logistik","langfristige Vereinbarung","logistics network","logistics service providers","Logistikdienstleister","Logistiknetzwerk","logistique intermodale","long-term agreement","Nachhaltigkeit","num\u00e9risation","operational planning","op\u00e9rations portuaires","operative Planungen","Ostungarn","p\u00e9nurie de comp\u00e9tences","planification op\u00e9rationnelle","port operations","port sec","prestataires de services logistiques","r\u00e9seau logistique","Risikobewertungen","risk assessments","secteur du transport","services de port sec","skills shortage","Supply Chain","sustainability","terminal int\u00e9rieur","transportation industry","Transportwirtschaft","Trockenhafen","Trockenhafendienstleistungen English Maersk"],"articleSection":["Europa","Transporte de mercanc\u00edas y log\u00edstica"],"inLanguage":"es","potentialAction":[{"@type":"CommentAction","name":"Comment","target":["https:\/\/transportjournal.com\/es\/2026\/03\/13\/cooperacion-entre-maersk-y-east-west-intermodal\/#respond"]}]},{"@type":"WebPage","@id":"https:\/\/transportjournal.com\/es\/2026\/03\/13\/cooperacion-entre-maersk-y-east-west-intermodal\/","url":"https:\/\/transportjournal.com\/es\/2026\/03\/13\/cooperacion-entre-maersk-y-east-west-intermodal\/","name":"Cooperaci\u00f3n entre Maersk y East-West Intermodal - ITJ | International Transport Journal","isPartOf":{"@id":"https:\/\/transportjournal.com\/es\/#website"},"primaryImageOfPage":{"@id":"https:\/\/transportjournal.com\/es\/2026\/03\/13\/cooperacion-entre-maersk-y-east-west-intermodal\/#primaryimage"},"image":{"@id":"https:\/\/transportjournal.com\/es\/2026\/03\/13\/cooperacion-entre-maersk-y-east-west-intermodal\/#primaryimage"},"thumbnailUrl":"https:\/\/transportjournal.com\/wp-content\/uploads\/sites\/2\/2026\/03\/AdobeStock_196131517-1-scaled-aspect-ratio-1400-788.jpeg","datePublished":"2026-03-13T14:42:08+00:00","dateModified":"2026-03-13T15:15:10+00:00","breadcrumb":{"@id":"https:\/\/transportjournal.com\/es\/2026\/03\/13\/cooperacion-entre-maersk-y-east-west-intermodal\/#breadcrumb"},"inLanguage":"es","potentialAction":[{"@type":"ReadAction","target":["https:\/\/transportjournal.com\/es\/2026\/03\/13\/cooperacion-entre-maersk-y-east-west-intermodal\/"]}]},{"@type":"ImageObject","inLanguage":"es","@id":"https:\/\/transportjournal.com\/es\/2026\/03\/13\/cooperacion-entre-maersk-y-east-west-intermodal\/#primaryimage","url":"https:\/\/transportjournal.com\/wp-content\/uploads\/sites\/2\/2026\/03\/AdobeStock_196131517-1-scaled-aspect-ratio-1400-788.jpeg","contentUrl":"https:\/\/transportjournal.com\/wp-content\/uploads\/sites\/2\/2026\/03\/AdobeStock_196131517-1-scaled-aspect-ratio-1400-788.jpeg","width":1802,"height":1014},{"@type":"BreadcrumbList","@id":"https:\/\/transportjournal.com\/es\/2026\/03\/13\/cooperacion-entre-maersk-y-east-west-intermodal\/#breadcrumb","itemListElement":[{"@type":"ListItem","position":1,"name":"Startseite","item":"https:\/\/transportjournal.com\/es\/"},{"@type":"ListItem","position":2,"name":"Cooperaci\u00f3n entre Maersk y East-West Intermodal"}]},{"@type":"WebSite","@id":"https:\/\/transportjournal.com\/es\/#website","url":"https:\/\/transportjournal.com\/es\/","name":"ITJ | International Transport Journal","description":"Stay informed with the latest global news from the transport, logistics, and supply chain industries. Transport Journal delivers expert insights, analysis, and updates across shipping, aviation, intermodal, and forwarding.","publisher":{"@id":"https:\/\/transportjournal.com\/es\/#organization"},"potentialAction":[{"@type":"SearchAction","target":{"@type":"EntryPoint","urlTemplate":"https:\/\/transportjournal.com\/es\/?s={search_term_string}"},"query-input":{"@type":"PropertyValueSpecification","valueRequired":true,"valueName":"search_term_string"}}],"inLanguage":"es"},{"@type":"Organization","@id":"https:\/\/transportjournal.com\/es\/#organization","name":"Grupo Logismedia AG","alternateName":"Logismedia Group AG","url":"https:\/\/transportjournal.com\/es\/","logo":{"@type":"ImageObject","inLanguage":"es","@id":"https:\/\/transportjournal.com\/es\/#\/schema\/logo\/image\/","url":"https:\/\/transportjournal.com\/wp-content\/uploads\/sites\/2\/2025\/09\/Logo_ITJ.png","contentUrl":"https:\/\/transportjournal.com\/wp-content\/uploads\/sites\/2\/2025\/09\/Logo_ITJ.png","width":799,"height":326,"caption":"Grupo Logismedia AG"},"image":{"@id":"https:\/\/transportjournal.com\/es\/#\/schema\/logo\/image\/"},"sameAs":["https:\/\/www.linkedin.com\/company\/56456496\/admin\/dashboard\/","https:\/\/www.instagram.com\/logismediagroup\/","https:\/\/www.youtube.com\/@LogiamediaGroupAG"]},{"@type":"Person","@id":"https:\/\/transportjournal.com\/es\/#\/schema\/person\/41d36b5474b623392fa613e97e2363fa","name":"Jeremy Soland","url":"https:\/\/transportjournal.com\/es\/author\/jeremy\/"}]}},"_links":{"self":[{"href":"https:\/\/transportjournal.com\/es\/wp-json\/wp\/v2\/posts\/80852","targetHints":{"allow":["GET"]}}],"collection":[{"href":"https:\/\/transportjournal.com\/es\/wp-json\/wp\/v2\/posts"}],"about":[{"href":"https:\/\/transportjournal.com\/es\/wp-json\/wp\/v2\/types\/post"}],"author":[{"embeddable":true,"href":"https:\/\/transportjournal.com\/es\/wp-json\/wp\/v2\/users\/10"}],"replies":[{"embeddable":true,"href":"https:\/\/transportjournal.com\/es\/wp-json\/wp\/v2\/comments?post=80852"}],"version-history":[{"count":1,"href":"https:\/\/transportjournal.com\/es\/wp-json\/wp\/v2\/posts\/80852\/revisions"}],"predecessor-version":[{"id":80859,"href":"https:\/\/transportjournal.com\/es\/wp-json\/wp\/v2\/posts\/80852\/revisions\/80859"}],"wp:featuredmedia":[{"embeddable":true,"href":"https:\/\/transportjournal.com\/es\/wp-json\/wp\/v2\/media\/80849"}],"wp:attachment":[{"href":"https:\/\/transportjournal.com\/es\/wp-json\/wp\/v2\/media?parent=80852"}],"wp:term":[{"taxonomy":"category","embeddable":true,"href":"https:\/\/transportjournal.com\/es\/wp-json\/wp\/v2\/categories?post=80852"},{"taxonomy":"post_tag","embeddable":true,"href":"https:\/\/transportjournal.com\/es\/wp-json\/wp\/v2\/tags?post=80852"}],"curies":[{"name":"wp","href":"https:\/\/api.w.org\/{rel}","templated":true}]}}