{"id":80806,"date":"2026-03-13T12:44:12","date_gmt":"2026-03-13T12:44:12","guid":{"rendered":"https:\/\/transportjournal.com\/2026\/03\/13\/la-actividad-de-pedidos-de-vehiculos-comerciales-en-ee-uu-aumenta\/"},"modified":"2026-03-13T12:44:12","modified_gmt":"2026-03-13T12:44:12","slug":"la-actividad-de-pedidos-de-vehiculos-comerciales-en-ee-uu-aumenta","status":"publish","type":"post","link":"https:\/\/transportjournal.com\/es\/2026\/03\/13\/la-actividad-de-pedidos-de-vehiculos-comerciales-en-ee-uu-aumenta\/","title":{"rendered":"La actividad de pedidos de veh\u00edculos comerciales en EE. UU. aumenta"},"content":{"rendered":"<p>La actividad de pedidos en el sector de veh\u00edculos comerciales pesados muestra signos de recuperaci\u00f3n, lo que indica un creciente optimismo para el a\u00f1o 2026, seg\u00fan ACT Research. Seg\u00fan la \u00faltima publicaci\u00f3n del North American Commercial Vehicle OUTLOOK, la situaci\u00f3n de pedidos para la clase 8 mejor\u00f3 en enero de 2026. Los pedidos alcanzaron las 30,800 unidades, lo que representa un aumento del 20 % en comparaci\u00f3n con el a\u00f1o anterior. Para febrero, se reportaron pedidos preliminares de 46,200 unidades, lo que representa un aumento del 156 % en comparaci\u00f3n anual.<\/p>\n<h3>Causas del aumento de pedidos<\/h3>\n<p>Ken Vieth, presidente y analista senior de ACT, atribuye el aumento de pedidos a varios factores. Destaca que el aumento de las tarifas de flete spot ha fortalecido la confianza de las flotas bien financiadas. Estas flotas esperar\u00edan una mejora en las condiciones del mercado en 2026, lo que se considera un factor decisivo para la creciente actividad de pedidos. Vieth se\u00f1ala que la recuperaci\u00f3n se debe principalmente a factores de oferta y no a una demanda incrementada. Esto se debe a los efectos de una reducci\u00f3n de capacidad que ha durado m\u00e1s de tres a\u00f1os.<\/p>\n<p>Adem\u00e1s, Vieth resalta la importancia de la aclaraci\u00f3n de la American Trucking Associations respecto a la regulaci\u00f3n de NOx de la EPA. Este anuncio ha fortalecido la confianza en el mercado y ha contribuido a la reactivaci\u00f3n de las actividades de pedidos.<\/p>\n<p><a href=\"https:\/\/www.actresearch.net\/\" target=\"_blank\" rel=\"noopener noreferrer\">www.actresearch.net<\/a><\/p>\n","protected":false},"excerpt":{"rendered":"<p>La actividad de pedidos en el sector de veh\u00edculos comerciales pesados se est\u00e1 recuperando, lo que indica condiciones de mercado optimistas y un aumento en las inversiones en tecnolog\u00eda.<\/p>\n","protected":false},"author":10,"featured_media":80803,"comment_status":"open","ping_status":"","sticky":false,"template":"","format":"standard","meta":{"_acf_changed":false,"footnotes":""},"categories":[1614,1604],"tags":[1921,27057,27058,15209,27059,27060,27061,27062,17794,27063,27064,27065,27066,27067,27068,27069,27070,27071,27072,4598,4601,27073,4604,17800,15219,3776,4606,27074,3787,2381,27075,27076,27077,27078,27079,27080,27081,27082,27083,27084,3796,27085,27086,27087,27088,1930,27089,27090,27091,27092,5698,27093,3808,27094],"class_list":["post-80806","post","type-post","status-publish","format-standard","has-post-thumbnail","hentry","category-america","category-intermodal-carretera","tag-act-research","tag-activite-de-commande-vehicules-utilitaires","tag-american-trucking-associations","tag-automotive-industry","tag-bestellaktivitaet-nutzfahrzeuge","tag-bestellungen-nutzfahrzeuge","tag-bestellzahlen-februar-2026","tag-bestellzahlen-januar-2026","tag-camions-lourds","tag-capacity-reduction","tag-chiffres-de-commandes-fevrier-2026","tag-chiffres-de-commandes-janvier-2026","tag-commandes-de-vehicules","tag-conditions-du-marche-2026","tag-confiance-des-flottes","tag-deutsch-nutzfahrzeuge","tag-erholung-nutzfahrzeugmarkt","tag-fahrzeugindustrie","tag-fleet-confidence","tag-fleet-management","tag-flottenmanagement","tag-flottenvertrauen","tag-gestion-de-flotte","tag-heavy-duty-trucks","tag-industrie-automobile","tag-industrie-du-transport-usa","tag-infrastructure-de-transport","tag-kapazitaetsabbau","tag-logistics-providers-usa","tag-logistikdienstleister-usa","tag-market-conditions-2026","tag-market-optimism","tag-marktbedingungen-2026","tag-marktoptimismus","tag-nox-regulation","tag-nox-regelung","tag-optimisme-du-marche","tag-order-activity-commercial-vehicles","tag-order-numbers-february-2026","tag-order-numbers-january-2026","tag-prestataires-logistiques-usa","tag-recovery-commercial-vehicle-market","tag-reduction-de-capacite","tag-reglementation-nox","tag-reprise-du-marche-des-vehicules-utilitaires","tag-schwere-nutzfahrzeuge","tag-spot-freight-rates","tag-spotfrachttarife","tag-tarifs-de-fret-spot","tag-transport-infrastructure-francais-vehicules-utilitaires","tag-transportation-industry-usa","tag-transportinfrastruktur-english-commercial-vehicles","tag-transportwirtschaft-usa","tag-vehicle-orders"],"acf":[],"yoast_head":"<!-- This site is optimized with the Yoast SEO plugin v27.3 - https:\/\/yoast.com\/product\/yoast-seo-wordpress\/ -->\n<title>La actividad de pedidos de veh\u00edculos comerciales en EE. UU. aumenta - ITJ | International Transport Journal<\/title>\n<meta name=\"robots\" content=\"index, follow, max-snippet:-1, max-image-preview:large, max-video-preview:-1\" \/>\n<link rel=\"canonical\" href=\"https:\/\/transportjournal.com\/es\/2026\/03\/13\/la-actividad-de-pedidos-de-vehiculos-comerciales-en-ee-uu-aumenta\/\" \/>\n<meta property=\"og:locale\" content=\"es_ES\" \/>\n<meta property=\"og:type\" content=\"article\" \/>\n<meta property=\"og:title\" content=\"La actividad de pedidos de veh\u00edculos comerciales en EE. UU. aumenta - ITJ | International Transport Journal\" \/>\n<meta property=\"og:description\" content=\"La actividad de pedidos en el sector de veh\u00edculos comerciales pesados se est\u00e1 recuperando, lo que indica condiciones de mercado optimistas y un aumento en las inversiones en tecnolog\u00eda.\" \/>\n<meta property=\"og:url\" content=\"https:\/\/transportjournal.com\/es\/2026\/03\/13\/la-actividad-de-pedidos-de-vehiculos-comerciales-en-ee-uu-aumenta\/\" \/>\n<meta property=\"og:site_name\" content=\"ITJ | International Transport Journal\" \/>\n<meta property=\"article:published_time\" content=\"2026-03-13T12:44:12+00:00\" \/>\n<meta property=\"og:image\" content=\"https:\/\/transportjournal.com\/wp-content\/uploads\/sites\/2\/2026\/03\/AdobeStock_70565024-3-scaled-aspect-ratio-1400-788-scaled-1.jpeg\" \/>\n\t<meta property=\"og:image:width\" content=\"2560\" \/>\n\t<meta property=\"og:image:height\" content=\"1441\" \/>\n\t<meta property=\"og:image:type\" content=\"image\/jpeg\" \/>\n<meta name=\"author\" content=\"Jeremy Soland\" \/>\n<meta name=\"twitter:card\" content=\"summary_large_image\" \/>\n<meta name=\"twitter:label1\" content=\"Escrito por\" \/>\n\t<meta name=\"twitter:data1\" content=\"Jeremy Soland\" \/>\n\t<meta name=\"twitter:label2\" content=\"Tiempo de lectura\" \/>\n\t<meta name=\"twitter:data2\" content=\"1 minuto\" \/>\n<script type=\"application\/ld+json\" class=\"yoast-schema-graph\">{\"@context\":\"https:\\\/\\\/schema.org\",\"@graph\":[{\"@type\":\"Article\",\"@id\":\"https:\\\/\\\/transportjournal.com\\\/es\\\/2026\\\/03\\\/13\\\/la-actividad-de-pedidos-de-vehiculos-comerciales-en-ee-uu-aumenta\\\/#article\",\"isPartOf\":{\"@id\":\"https:\\\/\\\/transportjournal.com\\\/es\\\/2026\\\/03\\\/13\\\/la-actividad-de-pedidos-de-vehiculos-comerciales-en-ee-uu-aumenta\\\/\"},\"author\":{\"name\":\"Jeremy Soland\",\"@id\":\"https:\\\/\\\/transportjournal.com\\\/es\\\/#\\\/schema\\\/person\\\/41d36b5474b623392fa613e97e2363fa\"},\"headline\":\"La actividad de pedidos de veh\u00edculos comerciales en EE. UU. aumenta\",\"datePublished\":\"2026-03-13T12:44:12+00:00\",\"mainEntityOfPage\":{\"@id\":\"https:\\\/\\\/transportjournal.com\\\/es\\\/2026\\\/03\\\/13\\\/la-actividad-de-pedidos-de-vehiculos-comerciales-en-ee-uu-aumenta\\\/\"},\"wordCount\":259,\"commentCount\":0,\"publisher\":{\"@id\":\"https:\\\/\\\/transportjournal.com\\\/es\\\/#organization\"},\"image\":{\"@id\":\"https:\\\/\\\/transportjournal.com\\\/es\\\/2026\\\/03\\\/13\\\/la-actividad-de-pedidos-de-vehiculos-comerciales-en-ee-uu-aumenta\\\/#primaryimage\"},\"thumbnailUrl\":\"https:\\\/\\\/transportjournal.com\\\/wp-content\\\/uploads\\\/sites\\\/2\\\/2026\\\/03\\\/AdobeStock_70565024-3-scaled-aspect-ratio-1400-788-scaled-1.jpeg\",\"keywords\":[\"ACT Research\",\"activit\u00e9 de commande v\u00e9hicules utilitaires\",\"American Trucking Associations\",\"automotive industry\",\"Bestellaktivit\u00e4t Nutzfahrzeuge\",\"Bestellungen Nutzfahrzeuge\",\"Bestellzahlen Februar 2026\",\"Bestellzahlen Januar 2026\",\"camions lourds\",\"capacity reduction\",\"chiffres de commandes f\u00e9vrier 2026\",\"chiffres de commandes janvier 2026\",\"commandes de v\u00e9hicules\",\"conditions du march\u00e9 2026\",\"confiance des flottes\",\"Deutsch Nutzfahrzeuge\",\"Erholung Nutzfahrzeugmarkt\",\"Fahrzeugindustrie\",\"fleet confidence\",\"fleet management\",\"Flottenmanagement\",\"Flottenvertrauen\",\"gestion de flotte\",\"heavy-duty trucks\",\"industrie automobile\",\"industrie du transport USA\",\"infrastructure de transport\",\"Kapazit\u00e4tsabbau\",\"logistics providers USA\",\"Logistikdienstleister USA\",\"market conditions 2026\",\"market optimism\",\"Marktbedingungen 2026\",\"Marktoptimismus\",\"NOx regulation\",\"NOx-Regelung\",\"optimisme du march\u00e9\",\"order activity commercial vehicles\",\"order numbers February 2026\",\"order numbers January 2026\",\"prestataires logistiques USA\",\"recovery commercial vehicle market\",\"r\u00e9duction de capacit\u00e9\",\"r\u00e9glementation NOx\",\"reprise du march\u00e9 des v\u00e9hicules utilitaires\",\"schwere Nutzfahrzeuge\",\"spot freight rates\",\"Spotfrachttarife\",\"tarifs de fret spot\",\"transport infrastructure Fran\u00e7ais v\u00e9hicules utilitaires\",\"transportation industry USA\",\"Transportinfrastruktur English commercial vehicles\",\"Transportwirtschaft USA\",\"vehicle orders\"],\"articleSection\":[\"Am\u00e9rica\",\"Intermodal \\\/ Carretera\"],\"inLanguage\":\"es\",\"potentialAction\":[{\"@type\":\"CommentAction\",\"name\":\"Comment\",\"target\":[\"https:\\\/\\\/transportjournal.com\\\/es\\\/2026\\\/03\\\/13\\\/la-actividad-de-pedidos-de-vehiculos-comerciales-en-ee-uu-aumenta\\\/#respond\"]}]},{\"@type\":\"WebPage\",\"@id\":\"https:\\\/\\\/transportjournal.com\\\/es\\\/2026\\\/03\\\/13\\\/la-actividad-de-pedidos-de-vehiculos-comerciales-en-ee-uu-aumenta\\\/\",\"url\":\"https:\\\/\\\/transportjournal.com\\\/es\\\/2026\\\/03\\\/13\\\/la-actividad-de-pedidos-de-vehiculos-comerciales-en-ee-uu-aumenta\\\/\",\"name\":\"La actividad de pedidos de veh\u00edculos comerciales en EE. UU. aumenta - ITJ | International Transport Journal\",\"isPartOf\":{\"@id\":\"https:\\\/\\\/transportjournal.com\\\/es\\\/#website\"},\"primaryImageOfPage\":{\"@id\":\"https:\\\/\\\/transportjournal.com\\\/es\\\/2026\\\/03\\\/13\\\/la-actividad-de-pedidos-de-vehiculos-comerciales-en-ee-uu-aumenta\\\/#primaryimage\"},\"image\":{\"@id\":\"https:\\\/\\\/transportjournal.com\\\/es\\\/2026\\\/03\\\/13\\\/la-actividad-de-pedidos-de-vehiculos-comerciales-en-ee-uu-aumenta\\\/#primaryimage\"},\"thumbnailUrl\":\"https:\\\/\\\/transportjournal.com\\\/wp-content\\\/uploads\\\/sites\\\/2\\\/2026\\\/03\\\/AdobeStock_70565024-3-scaled-aspect-ratio-1400-788-scaled-1.jpeg\",\"datePublished\":\"2026-03-13T12:44:12+00:00\",\"breadcrumb\":{\"@id\":\"https:\\\/\\\/transportjournal.com\\\/es\\\/2026\\\/03\\\/13\\\/la-actividad-de-pedidos-de-vehiculos-comerciales-en-ee-uu-aumenta\\\/#breadcrumb\"},\"inLanguage\":\"es\",\"potentialAction\":[{\"@type\":\"ReadAction\",\"target\":[\"https:\\\/\\\/transportjournal.com\\\/es\\\/2026\\\/03\\\/13\\\/la-actividad-de-pedidos-de-vehiculos-comerciales-en-ee-uu-aumenta\\\/\"]}]},{\"@type\":\"ImageObject\",\"inLanguage\":\"es\",\"@id\":\"https:\\\/\\\/transportjournal.com\\\/es\\\/2026\\\/03\\\/13\\\/la-actividad-de-pedidos-de-vehiculos-comerciales-en-ee-uu-aumenta\\\/#primaryimage\",\"url\":\"https:\\\/\\\/transportjournal.com\\\/wp-content\\\/uploads\\\/sites\\\/2\\\/2026\\\/03\\\/AdobeStock_70565024-3-scaled-aspect-ratio-1400-788-scaled-1.jpeg\",\"contentUrl\":\"https:\\\/\\\/transportjournal.com\\\/wp-content\\\/uploads\\\/sites\\\/2\\\/2026\\\/03\\\/AdobeStock_70565024-3-scaled-aspect-ratio-1400-788-scaled-1.jpeg\",\"width\":2560,\"height\":1441},{\"@type\":\"BreadcrumbList\",\"@id\":\"https:\\\/\\\/transportjournal.com\\\/es\\\/2026\\\/03\\\/13\\\/la-actividad-de-pedidos-de-vehiculos-comerciales-en-ee-uu-aumenta\\\/#breadcrumb\",\"itemListElement\":[{\"@type\":\"ListItem\",\"position\":1,\"name\":\"Startseite\",\"item\":\"https:\\\/\\\/transportjournal.com\\\/es\\\/\"},{\"@type\":\"ListItem\",\"position\":2,\"name\":\"La actividad de pedidos de veh\u00edculos comerciales en EE. UU. aumenta\"}]},{\"@type\":\"WebSite\",\"@id\":\"https:\\\/\\\/transportjournal.com\\\/es\\\/#website\",\"url\":\"https:\\\/\\\/transportjournal.com\\\/es\\\/\",\"name\":\"ITJ | International Transport Journal\",\"description\":\"Stay informed with the latest global news from the transport, logistics, and supply chain industries. Transport Journal delivers expert insights, analysis, and updates across shipping, aviation, intermodal, and forwarding.\",\"publisher\":{\"@id\":\"https:\\\/\\\/transportjournal.com\\\/es\\\/#organization\"},\"potentialAction\":[{\"@type\":\"SearchAction\",\"target\":{\"@type\":\"EntryPoint\",\"urlTemplate\":\"https:\\\/\\\/transportjournal.com\\\/es\\\/?s={search_term_string}\"},\"query-input\":{\"@type\":\"PropertyValueSpecification\",\"valueRequired\":true,\"valueName\":\"search_term_string\"}}],\"inLanguage\":\"es\"},{\"@type\":\"Organization\",\"@id\":\"https:\\\/\\\/transportjournal.com\\\/es\\\/#organization\",\"name\":\"Grupo Logismedia AG\",\"alternateName\":\"Logismedia Group AG\",\"url\":\"https:\\\/\\\/transportjournal.com\\\/es\\\/\",\"logo\":{\"@type\":\"ImageObject\",\"inLanguage\":\"es\",\"@id\":\"https:\\\/\\\/transportjournal.com\\\/es\\\/#\\\/schema\\\/logo\\\/image\\\/\",\"url\":\"https:\\\/\\\/transportjournal.com\\\/wp-content\\\/uploads\\\/sites\\\/2\\\/2025\\\/09\\\/Logo_ITJ.png\",\"contentUrl\":\"https:\\\/\\\/transportjournal.com\\\/wp-content\\\/uploads\\\/sites\\\/2\\\/2025\\\/09\\\/Logo_ITJ.png\",\"width\":799,\"height\":326,\"caption\":\"Grupo Logismedia AG\"},\"image\":{\"@id\":\"https:\\\/\\\/transportjournal.com\\\/es\\\/#\\\/schema\\\/logo\\\/image\\\/\"},\"sameAs\":[\"https:\\\/\\\/www.linkedin.com\\\/company\\\/56456496\\\/admin\\\/dashboard\\\/\",\"https:\\\/\\\/www.instagram.com\\\/logismediagroup\\\/\",\"https:\\\/\\\/www.youtube.com\\\/@LogiamediaGroupAG\"]},{\"@type\":\"Person\",\"@id\":\"https:\\\/\\\/transportjournal.com\\\/es\\\/#\\\/schema\\\/person\\\/41d36b5474b623392fa613e97e2363fa\",\"name\":\"Jeremy Soland\",\"url\":\"https:\\\/\\\/transportjournal.com\\\/es\\\/author\\\/jeremy\\\/\"}]}<\/script>\n<!-- \/ Yoast SEO plugin. -->","yoast_head_json":{"title":"La actividad de pedidos de veh\u00edculos comerciales en EE. UU. aumenta - ITJ | International Transport Journal","robots":{"index":"index","follow":"follow","max-snippet":"max-snippet:-1","max-image-preview":"max-image-preview:large","max-video-preview":"max-video-preview:-1"},"canonical":"https:\/\/transportjournal.com\/es\/2026\/03\/13\/la-actividad-de-pedidos-de-vehiculos-comerciales-en-ee-uu-aumenta\/","og_locale":"es_ES","og_type":"article","og_title":"La actividad de pedidos de veh\u00edculos comerciales en EE. UU. aumenta - ITJ | International Transport Journal","og_description":"La actividad de pedidos en el sector de veh\u00edculos comerciales pesados se est\u00e1 recuperando, lo que indica condiciones de mercado optimistas y un aumento en las inversiones en tecnolog\u00eda.","og_url":"https:\/\/transportjournal.com\/es\/2026\/03\/13\/la-actividad-de-pedidos-de-vehiculos-comerciales-en-ee-uu-aumenta\/","og_site_name":"ITJ | International Transport Journal","article_published_time":"2026-03-13T12:44:12+00:00","og_image":[{"width":2560,"height":1441,"url":"https:\/\/transportjournal.com\/wp-content\/uploads\/sites\/2\/2026\/03\/AdobeStock_70565024-3-scaled-aspect-ratio-1400-788-scaled-1.jpeg","type":"image\/jpeg"}],"author":"Jeremy Soland","twitter_card":"summary_large_image","twitter_misc":{"Escrito por":"Jeremy Soland","Tiempo de lectura":"1 minuto"},"schema":{"@context":"https:\/\/schema.org","@graph":[{"@type":"Article","@id":"https:\/\/transportjournal.com\/es\/2026\/03\/13\/la-actividad-de-pedidos-de-vehiculos-comerciales-en-ee-uu-aumenta\/#article","isPartOf":{"@id":"https:\/\/transportjournal.com\/es\/2026\/03\/13\/la-actividad-de-pedidos-de-vehiculos-comerciales-en-ee-uu-aumenta\/"},"author":{"name":"Jeremy Soland","@id":"https:\/\/transportjournal.com\/es\/#\/schema\/person\/41d36b5474b623392fa613e97e2363fa"},"headline":"La actividad de pedidos de veh\u00edculos comerciales en EE. UU. aumenta","datePublished":"2026-03-13T12:44:12+00:00","mainEntityOfPage":{"@id":"https:\/\/transportjournal.com\/es\/2026\/03\/13\/la-actividad-de-pedidos-de-vehiculos-comerciales-en-ee-uu-aumenta\/"},"wordCount":259,"commentCount":0,"publisher":{"@id":"https:\/\/transportjournal.com\/es\/#organization"},"image":{"@id":"https:\/\/transportjournal.com\/es\/2026\/03\/13\/la-actividad-de-pedidos-de-vehiculos-comerciales-en-ee-uu-aumenta\/#primaryimage"},"thumbnailUrl":"https:\/\/transportjournal.com\/wp-content\/uploads\/sites\/2\/2026\/03\/AdobeStock_70565024-3-scaled-aspect-ratio-1400-788-scaled-1.jpeg","keywords":["ACT Research","activit\u00e9 de commande v\u00e9hicules utilitaires","American Trucking Associations","automotive industry","Bestellaktivit\u00e4t Nutzfahrzeuge","Bestellungen Nutzfahrzeuge","Bestellzahlen Februar 2026","Bestellzahlen Januar 2026","camions lourds","capacity reduction","chiffres de commandes f\u00e9vrier 2026","chiffres de commandes janvier 2026","commandes de v\u00e9hicules","conditions du march\u00e9 2026","confiance des flottes","Deutsch Nutzfahrzeuge","Erholung Nutzfahrzeugmarkt","Fahrzeugindustrie","fleet confidence","fleet management","Flottenmanagement","Flottenvertrauen","gestion de flotte","heavy-duty trucks","industrie automobile","industrie du transport USA","infrastructure de transport","Kapazit\u00e4tsabbau","logistics providers USA","Logistikdienstleister USA","market conditions 2026","market optimism","Marktbedingungen 2026","Marktoptimismus","NOx regulation","NOx-Regelung","optimisme du march\u00e9","order activity commercial vehicles","order numbers February 2026","order numbers January 2026","prestataires logistiques USA","recovery commercial vehicle market","r\u00e9duction de capacit\u00e9","r\u00e9glementation NOx","reprise du march\u00e9 des v\u00e9hicules utilitaires","schwere Nutzfahrzeuge","spot freight rates","Spotfrachttarife","tarifs de fret spot","transport infrastructure Fran\u00e7ais v\u00e9hicules utilitaires","transportation industry USA","Transportinfrastruktur English commercial vehicles","Transportwirtschaft USA","vehicle orders"],"articleSection":["Am\u00e9rica","Intermodal \/ Carretera"],"inLanguage":"es","potentialAction":[{"@type":"CommentAction","name":"Comment","target":["https:\/\/transportjournal.com\/es\/2026\/03\/13\/la-actividad-de-pedidos-de-vehiculos-comerciales-en-ee-uu-aumenta\/#respond"]}]},{"@type":"WebPage","@id":"https:\/\/transportjournal.com\/es\/2026\/03\/13\/la-actividad-de-pedidos-de-vehiculos-comerciales-en-ee-uu-aumenta\/","url":"https:\/\/transportjournal.com\/es\/2026\/03\/13\/la-actividad-de-pedidos-de-vehiculos-comerciales-en-ee-uu-aumenta\/","name":"La actividad de pedidos de veh\u00edculos comerciales en EE. UU. aumenta - ITJ | International Transport Journal","isPartOf":{"@id":"https:\/\/transportjournal.com\/es\/#website"},"primaryImageOfPage":{"@id":"https:\/\/transportjournal.com\/es\/2026\/03\/13\/la-actividad-de-pedidos-de-vehiculos-comerciales-en-ee-uu-aumenta\/#primaryimage"},"image":{"@id":"https:\/\/transportjournal.com\/es\/2026\/03\/13\/la-actividad-de-pedidos-de-vehiculos-comerciales-en-ee-uu-aumenta\/#primaryimage"},"thumbnailUrl":"https:\/\/transportjournal.com\/wp-content\/uploads\/sites\/2\/2026\/03\/AdobeStock_70565024-3-scaled-aspect-ratio-1400-788-scaled-1.jpeg","datePublished":"2026-03-13T12:44:12+00:00","breadcrumb":{"@id":"https:\/\/transportjournal.com\/es\/2026\/03\/13\/la-actividad-de-pedidos-de-vehiculos-comerciales-en-ee-uu-aumenta\/#breadcrumb"},"inLanguage":"es","potentialAction":[{"@type":"ReadAction","target":["https:\/\/transportjournal.com\/es\/2026\/03\/13\/la-actividad-de-pedidos-de-vehiculos-comerciales-en-ee-uu-aumenta\/"]}]},{"@type":"ImageObject","inLanguage":"es","@id":"https:\/\/transportjournal.com\/es\/2026\/03\/13\/la-actividad-de-pedidos-de-vehiculos-comerciales-en-ee-uu-aumenta\/#primaryimage","url":"https:\/\/transportjournal.com\/wp-content\/uploads\/sites\/2\/2026\/03\/AdobeStock_70565024-3-scaled-aspect-ratio-1400-788-scaled-1.jpeg","contentUrl":"https:\/\/transportjournal.com\/wp-content\/uploads\/sites\/2\/2026\/03\/AdobeStock_70565024-3-scaled-aspect-ratio-1400-788-scaled-1.jpeg","width":2560,"height":1441},{"@type":"BreadcrumbList","@id":"https:\/\/transportjournal.com\/es\/2026\/03\/13\/la-actividad-de-pedidos-de-vehiculos-comerciales-en-ee-uu-aumenta\/#breadcrumb","itemListElement":[{"@type":"ListItem","position":1,"name":"Startseite","item":"https:\/\/transportjournal.com\/es\/"},{"@type":"ListItem","position":2,"name":"La actividad de pedidos de veh\u00edculos comerciales en EE. UU. aumenta"}]},{"@type":"WebSite","@id":"https:\/\/transportjournal.com\/es\/#website","url":"https:\/\/transportjournal.com\/es\/","name":"ITJ | International Transport Journal","description":"Stay informed with the latest global news from the transport, logistics, and supply chain industries. Transport Journal delivers expert insights, analysis, and updates across shipping, aviation, intermodal, and forwarding.","publisher":{"@id":"https:\/\/transportjournal.com\/es\/#organization"},"potentialAction":[{"@type":"SearchAction","target":{"@type":"EntryPoint","urlTemplate":"https:\/\/transportjournal.com\/es\/?s={search_term_string}"},"query-input":{"@type":"PropertyValueSpecification","valueRequired":true,"valueName":"search_term_string"}}],"inLanguage":"es"},{"@type":"Organization","@id":"https:\/\/transportjournal.com\/es\/#organization","name":"Grupo Logismedia AG","alternateName":"Logismedia Group AG","url":"https:\/\/transportjournal.com\/es\/","logo":{"@type":"ImageObject","inLanguage":"es","@id":"https:\/\/transportjournal.com\/es\/#\/schema\/logo\/image\/","url":"https:\/\/transportjournal.com\/wp-content\/uploads\/sites\/2\/2025\/09\/Logo_ITJ.png","contentUrl":"https:\/\/transportjournal.com\/wp-content\/uploads\/sites\/2\/2025\/09\/Logo_ITJ.png","width":799,"height":326,"caption":"Grupo Logismedia AG"},"image":{"@id":"https:\/\/transportjournal.com\/es\/#\/schema\/logo\/image\/"},"sameAs":["https:\/\/www.linkedin.com\/company\/56456496\/admin\/dashboard\/","https:\/\/www.instagram.com\/logismediagroup\/","https:\/\/www.youtube.com\/@LogiamediaGroupAG"]},{"@type":"Person","@id":"https:\/\/transportjournal.com\/es\/#\/schema\/person\/41d36b5474b623392fa613e97e2363fa","name":"Jeremy Soland","url":"https:\/\/transportjournal.com\/es\/author\/jeremy\/"}]}},"_links":{"self":[{"href":"https:\/\/transportjournal.com\/es\/wp-json\/wp\/v2\/posts\/80806","targetHints":{"allow":["GET"]}}],"collection":[{"href":"https:\/\/transportjournal.com\/es\/wp-json\/wp\/v2\/posts"}],"about":[{"href":"https:\/\/transportjournal.com\/es\/wp-json\/wp\/v2\/types\/post"}],"author":[{"embeddable":true,"href":"https:\/\/transportjournal.com\/es\/wp-json\/wp\/v2\/users\/10"}],"replies":[{"embeddable":true,"href":"https:\/\/transportjournal.com\/es\/wp-json\/wp\/v2\/comments?post=80806"}],"version-history":[{"count":0,"href":"https:\/\/transportjournal.com\/es\/wp-json\/wp\/v2\/posts\/80806\/revisions"}],"wp:featuredmedia":[{"embeddable":true,"href":"https:\/\/transportjournal.com\/es\/wp-json\/wp\/v2\/media\/80803"}],"wp:attachment":[{"href":"https:\/\/transportjournal.com\/es\/wp-json\/wp\/v2\/media?parent=80806"}],"wp:term":[{"taxonomy":"category","embeddable":true,"href":"https:\/\/transportjournal.com\/es\/wp-json\/wp\/v2\/categories?post=80806"},{"taxonomy":"post_tag","embeddable":true,"href":"https:\/\/transportjournal.com\/es\/wp-json\/wp\/v2\/tags?post=80806"}],"curies":[{"name":"wp","href":"https:\/\/api.w.org\/{rel}","templated":true}]}}