{"id":80767,"date":"2026-03-13T11:02:19","date_gmt":"2026-03-13T11:02:19","guid":{"rendered":"https:\/\/transportjournal.com\/2026\/03\/13\/logistec-adquiere-logistics-park-dubuque\/"},"modified":"2026-03-13T11:02:19","modified_gmt":"2026-03-13T11:02:19","slug":"logistec-adquiere-logistics-park-dubuque","status":"publish","type":"post","link":"https:\/\/transportjournal.com\/es\/2026\/03\/13\/logistec-adquiere-logistics-park-dubuque\/","title":{"rendered":"Logistec adquiere Logistics Park Dubuque"},"content":{"rendered":"<p>Logistec ha anunciado la adquisici\u00f3n del Logistics Park Dubuque (LPD) de Travero para expandir su red de v\u00edas navegables interiores en los EE. UU. y crear nuevas conexiones de mercado. La ubicaci\u00f3n se encuentra en East Dubuque, Illinois, a orillas del Alto Mississippi y ofrece una variedad de servicios.<\/p>\n<p>La adquisici\u00f3n de LPD permite a Logistec ampliar su alcance hacia el coraz\u00f3n industrial y agr\u00edcola de los EE. UU. La empresa, con sede en Montreal, ofrece servicios especializados para el manejo de granel, carga general y contenedores, as\u00ed como soluciones log\u00edsticas, incluyendo transporte y almacenamiento, en su red norteamericana de 63 puertos y 86 terminales. El CEO Sean Pierce enfatiza que la conexi\u00f3n de la terminal con la red existente mejora la eficiencia y el acceso a mercados emergentes para los clientes en la regi\u00f3n del Medio Oeste.<\/p>\n<p>LPD es una terminal multimodal de 100 ha que se especializa en el manejo, almacenamiento y carga de granel y carga general. La ubicaci\u00f3n ofrece acceso directo al transporte ferroviario a trav\u00e9s de CN Rail, as\u00ed como navegaci\u00f3n interior en el Alto Mississippi. Los clientes de LPD incluyen a destacados fabricantes estadounidenses en los sectores de agricultura, acero, manufactura y energ\u00eda.<\/p>\n<p>Lisha Coffey, presidenta de Travero, destaca la importancia de la terminal para las cadenas de suministro regionales y la comunidad. &#8222;LPD tiene un s\u00f3lido historial y un equipo comprometido. Estamos orgullosos del papel que la instalaci\u00f3n ha desempe\u00f1ado en el apoyo a nuestros clientes&#8220;, explica Coffey. Ella enfatiza que la transferencia a Logistec es una decisi\u00f3n estrat\u00e9gica, ya que la empresa tiene la experiencia necesaria para operar y expandir terminales log\u00edsticos.<\/p>\n<p>Esta adquisici\u00f3n sigue a un reciente acuerdo de Logistec para la adquisici\u00f3n del terminal IPA en Altamira, M\u00e9xico.<\/p>\n<p>&nbsp;<\/p>\n<p><a href=\"https:\/\/www.logistec.com\/\" target=\"_blank\" rel=\"noopener noreferrer\">www.logistec.com<\/a><\/p>\n<p>&nbsp;<\/p>\n<p><a href=\"https:\/\/www.travero.com\/\" target=\"_blank\" rel=\"noopener noreferrer\">www.travero.com<\/a><\/p>\n<p>&nbsp;<\/p>\n","protected":false},"excerpt":{"rendered":"<p>Logistec ha adquirido el Logistics Park Dubuque para expandir su red en EE. UU. y aumentar la eficiencia para los clientes en la regi\u00f3n del Medio Oeste.<\/p>\n","protected":false},"author":12,"featured_media":80764,"comment_status":"open","ping_status":"","sticky":false,"template":"","format":"standard","meta":{"_acf_changed":false,"footnotes":""},"categories":[1614,1604,1607,1605],"tags":[26921,26922,26923,26924,26925,26926,26927,11555,26928,26263,3739,2115,2116,26929,2122,26930,26931,3745,2075,26932,26933,2373,26934,26935,26936,26937,16399,26938,26939,26940,26941,26942,26943,26944,26945,26946,3157,2145,26947,26948,11585,11586,26949,26950,26951,5119,26952,26953,26954,26955,18446,26956,18447,26957,26958,26287,26959,26960,26961],"class_list":["post-80767","post","type-post","status-publish","format-standard","has-post-thumbnail","hentry","category-america","category-intermodal-carretera","category-navegacion-y-puertos","category-expedicion-y-logistica","tag-acquisition-lpd","tag-agriculture-logistics","tag-akquisition-lpd","tag-binnenschifffahrt-oberer-mississippi","tag-binnenwasserstrassen-usa","tag-breakbulk-loading","tag-bulk-handling-services","tag-chaines-dapprovisionnement-regionales","tag-chargement-de-marchandises","tag-deutsch-logistec","tag-developpement-des-infrastructures","tag-digitalisierung-in-der-logistik","tag-digitalization-in-logistics","tag-expansion-de-terminal","tag-fachkraeftemangel-logistik","tag-industrial-markets-usa","tag-industrielle-maerkte-usa","tag-infrastructure-development","tag-infrastrukturentwicklung","tag-inland-shipping-upper-mississippi","tag-inland-waterways-usa","tag-labor-shortage-logistics","tag-landwirtschaft-logistik","tag-logistics-park-dubuque","tag-logistics-service-providers-north-america","tag-logistikdienstleister-nordamerika","tag-logistique-agricole","tag-logistique-region-midwest","tag-lpd-acquisition","tag-marches-industriels-usa","tag-midwest-region-logistics","tag-midwest-region-logistik","tag-multimodal-terminal","tag-multimodaler-terminal","tag-nachhaltige-logistikloesungen-english-logistec","tag-navigation-interieure-mississippi-superieur","tag-numerisation-dans-la-logistique","tag-penurie-de-main-doeuvre-logistique","tag-prestataires-de-services-logistiques-amerique-du-nord","tag-rail-transport-cn-rail","tag-regional-supply-chains","tag-regionale-lieferketten","tag-schienenverkehr-cn-rail","tag-schuettgut-handhabung","tag-services-de-manutention-en-vrac","tag-solutions-logistiques-durables","tag-stahlindustrie-transport","tag-steel-industry-transport","tag-stueckgut-verladung","tag-sustainable-logistics-solutions-francais-logistec","tag-terminal-expansion","tag-terminal-multimodal","tag-terminalerweiterung","tag-transport-et-stockage","tag-transport-ferroviaire-cn-rail","tag-transport-industrie-de-lacier","tag-transport-und-lagerung","tag-transportation-and-storage","tag-voies-navigables-interieures-usa"],"acf":[],"yoast_head":"<!-- This site is optimized with the Yoast SEO plugin v27.3 - https:\/\/yoast.com\/product\/yoast-seo-wordpress\/ -->\n<title>Logistec adquiere Logistics Park Dubuque - ITJ | International Transport Journal<\/title>\n<meta name=\"robots\" content=\"index, follow, max-snippet:-1, max-image-preview:large, max-video-preview:-1\" \/>\n<link rel=\"canonical\" href=\"https:\/\/transportjournal.com\/es\/2026\/03\/13\/logistec-adquiere-logistics-park-dubuque\/\" \/>\n<meta property=\"og:locale\" content=\"es_ES\" \/>\n<meta property=\"og:type\" content=\"article\" \/>\n<meta property=\"og:title\" content=\"Logistec adquiere Logistics Park Dubuque - ITJ | International Transport Journal\" \/>\n<meta property=\"og:description\" content=\"Logistec ha adquirido el Logistics Park Dubuque para expandir su red en EE. UU. y aumentar la eficiencia para los clientes en la regi\u00f3n del Medio Oeste.\" \/>\n<meta property=\"og:url\" content=\"https:\/\/transportjournal.com\/es\/2026\/03\/13\/logistec-adquiere-logistics-park-dubuque\/\" \/>\n<meta property=\"og:site_name\" content=\"ITJ | International Transport Journal\" \/>\n<meta property=\"article:published_time\" content=\"2026-03-13T11:02:19+00:00\" \/>\n<meta property=\"og:image\" content=\"https:\/\/transportjournal.com\/wp-content\/uploads\/sites\/2\/2026\/03\/Logistec-lpd-aerial-20240623-3179-980x551-1.jpg\" \/>\n\t<meta property=\"og:image:width\" content=\"980\" \/>\n\t<meta property=\"og:image:height\" content=\"551\" \/>\n\t<meta property=\"og:image:type\" content=\"image\/jpeg\" \/>\n<meta name=\"author\" content=\"Andreas Haug\" \/>\n<meta name=\"twitter:card\" content=\"summary_large_image\" \/>\n<meta name=\"twitter:label1\" content=\"Escrito por\" \/>\n\t<meta name=\"twitter:data1\" content=\"Andreas Haug\" \/>\n\t<meta name=\"twitter:label2\" content=\"Tiempo de lectura\" \/>\n\t<meta name=\"twitter:data2\" content=\"2 minuto\" \/>\n<script type=\"application\/ld+json\" class=\"yoast-schema-graph\">{\"@context\":\"https:\\\/\\\/schema.org\",\"@graph\":[{\"@type\":\"Article\",\"@id\":\"https:\\\/\\\/transportjournal.com\\\/es\\\/2026\\\/03\\\/13\\\/logistec-adquiere-logistics-park-dubuque\\\/#article\",\"isPartOf\":{\"@id\":\"https:\\\/\\\/transportjournal.com\\\/es\\\/2026\\\/03\\\/13\\\/logistec-adquiere-logistics-park-dubuque\\\/\"},\"author\":{\"name\":\"Andreas Haug\",\"@id\":\"https:\\\/\\\/transportjournal.com\\\/es\\\/#\\\/schema\\\/person\\\/cf538b3157f15afd7589245a4b3dbd25\"},\"headline\":\"Logistec adquiere Logistics Park Dubuque\",\"datePublished\":\"2026-03-13T11:02:19+00:00\",\"mainEntityOfPage\":{\"@id\":\"https:\\\/\\\/transportjournal.com\\\/es\\\/2026\\\/03\\\/13\\\/logistec-adquiere-logistics-park-dubuque\\\/\"},\"wordCount\":321,\"commentCount\":0,\"publisher\":{\"@id\":\"https:\\\/\\\/transportjournal.com\\\/es\\\/#organization\"},\"image\":{\"@id\":\"https:\\\/\\\/transportjournal.com\\\/es\\\/2026\\\/03\\\/13\\\/logistec-adquiere-logistics-park-dubuque\\\/#primaryimage\"},\"thumbnailUrl\":\"https:\\\/\\\/transportjournal.com\\\/wp-content\\\/uploads\\\/sites\\\/2\\\/2026\\\/03\\\/Logistec-lpd-aerial-20240623-3179-980x551-1.jpg\",\"keywords\":[\"acquisition LPD\",\"agriculture logistics\",\"Akquisition LPD\",\"Binnenschifffahrt Oberer Mississippi\",\"Binnenwasserstra\u00dfen USA\",\"breakbulk loading\",\"bulk handling services\",\"cha\u00eenes d'approvisionnement r\u00e9gionales\",\"chargement de marchandises\",\"Deutsch LOGISTEC\",\"d\u00e9veloppement des infrastructures\",\"Digitalisierung in der Logistik\",\"digitalization in logistics\",\"expansion de terminal\",\"Fachkr\u00e4ftemangel Logistik\",\"industrial markets USA\",\"industrielle M\u00e4rkte USA\",\"infrastructure development\",\"Infrastrukturentwicklung\",\"inland shipping Upper Mississippi\",\"inland waterways USA\",\"labor shortage logistics\",\"Landwirtschaft Logistik\",\"Logistics Park Dubuque\",\"logistics service providers North America\",\"Logistikdienstleister Nordamerika\",\"logistique agricole\",\"logistique r\u00e9gion Midwest\",\"LPD acquisition\",\"march\u00e9s industriels USA\",\"Midwest region logistics\",\"Midwest-Region Logistik\",\"multimodal terminal\",\"multimodaler Terminal\",\"nachhaltige Logistikl\u00f6sungen English LOGISTEC\",\"navigation int\u00e9rieure Mississippi sup\u00e9rieur\",\"num\u00e9risation dans la logistique\",\"p\u00e9nurie de main-d'\u0153uvre logistique\",\"prestataires de services logistiques Am\u00e9rique du Nord\",\"rail transport CN Rail\",\"regional supply chains\",\"regionale Lieferketten\",\"Schienenverkehr CN Rail\",\"Sch\u00fcttgut Handhabung\",\"services de manutention en vrac\",\"solutions logistiques durables\",\"Stahlindustrie Transport\",\"steel industry transport\",\"St\u00fcckgut Verladung\",\"sustainable logistics solutions Fran\u00e7ais LOGISTEC\",\"terminal expansion\",\"terminal multimodal\",\"Terminalerweiterung\",\"transport et stockage\",\"transport ferroviaire CN Rail\",\"transport industrie de l'acier\",\"Transport und Lagerung\",\"transportation and storage\",\"voies navigables int\u00e9rieures USA\"],\"articleSection\":[\"Am\u00e9rica\",\"Intermodal \\\/ Carretera\",\"Navegaci\u00f3n y puertos\",\"Transporte de mercanc\u00edas y log\u00edstica\"],\"inLanguage\":\"es\",\"potentialAction\":[{\"@type\":\"CommentAction\",\"name\":\"Comment\",\"target\":[\"https:\\\/\\\/transportjournal.com\\\/es\\\/2026\\\/03\\\/13\\\/logistec-adquiere-logistics-park-dubuque\\\/#respond\"]}]},{\"@type\":\"WebPage\",\"@id\":\"https:\\\/\\\/transportjournal.com\\\/es\\\/2026\\\/03\\\/13\\\/logistec-adquiere-logistics-park-dubuque\\\/\",\"url\":\"https:\\\/\\\/transportjournal.com\\\/es\\\/2026\\\/03\\\/13\\\/logistec-adquiere-logistics-park-dubuque\\\/\",\"name\":\"Logistec adquiere Logistics Park Dubuque - ITJ | International Transport Journal\",\"isPartOf\":{\"@id\":\"https:\\\/\\\/transportjournal.com\\\/es\\\/#website\"},\"primaryImageOfPage\":{\"@id\":\"https:\\\/\\\/transportjournal.com\\\/es\\\/2026\\\/03\\\/13\\\/logistec-adquiere-logistics-park-dubuque\\\/#primaryimage\"},\"image\":{\"@id\":\"https:\\\/\\\/transportjournal.com\\\/es\\\/2026\\\/03\\\/13\\\/logistec-adquiere-logistics-park-dubuque\\\/#primaryimage\"},\"thumbnailUrl\":\"https:\\\/\\\/transportjournal.com\\\/wp-content\\\/uploads\\\/sites\\\/2\\\/2026\\\/03\\\/Logistec-lpd-aerial-20240623-3179-980x551-1.jpg\",\"datePublished\":\"2026-03-13T11:02:19+00:00\",\"breadcrumb\":{\"@id\":\"https:\\\/\\\/transportjournal.com\\\/es\\\/2026\\\/03\\\/13\\\/logistec-adquiere-logistics-park-dubuque\\\/#breadcrumb\"},\"inLanguage\":\"es\",\"potentialAction\":[{\"@type\":\"ReadAction\",\"target\":[\"https:\\\/\\\/transportjournal.com\\\/es\\\/2026\\\/03\\\/13\\\/logistec-adquiere-logistics-park-dubuque\\\/\"]}]},{\"@type\":\"ImageObject\",\"inLanguage\":\"es\",\"@id\":\"https:\\\/\\\/transportjournal.com\\\/es\\\/2026\\\/03\\\/13\\\/logistec-adquiere-logistics-park-dubuque\\\/#primaryimage\",\"url\":\"https:\\\/\\\/transportjournal.com\\\/wp-content\\\/uploads\\\/sites\\\/2\\\/2026\\\/03\\\/Logistec-lpd-aerial-20240623-3179-980x551-1.jpg\",\"contentUrl\":\"https:\\\/\\\/transportjournal.com\\\/wp-content\\\/uploads\\\/sites\\\/2\\\/2026\\\/03\\\/Logistec-lpd-aerial-20240623-3179-980x551-1.jpg\",\"width\":980,\"height\":551},{\"@type\":\"BreadcrumbList\",\"@id\":\"https:\\\/\\\/transportjournal.com\\\/es\\\/2026\\\/03\\\/13\\\/logistec-adquiere-logistics-park-dubuque\\\/#breadcrumb\",\"itemListElement\":[{\"@type\":\"ListItem\",\"position\":1,\"name\":\"Startseite\",\"item\":\"https:\\\/\\\/transportjournal.com\\\/es\\\/\"},{\"@type\":\"ListItem\",\"position\":2,\"name\":\"Logistec adquiere Logistics Park Dubuque\"}]},{\"@type\":\"WebSite\",\"@id\":\"https:\\\/\\\/transportjournal.com\\\/es\\\/#website\",\"url\":\"https:\\\/\\\/transportjournal.com\\\/es\\\/\",\"name\":\"ITJ | International Transport Journal\",\"description\":\"Stay informed with the latest global news from the transport, logistics, and supply chain industries. Transport Journal delivers expert insights, analysis, and updates across shipping, aviation, intermodal, and forwarding.\",\"publisher\":{\"@id\":\"https:\\\/\\\/transportjournal.com\\\/es\\\/#organization\"},\"potentialAction\":[{\"@type\":\"SearchAction\",\"target\":{\"@type\":\"EntryPoint\",\"urlTemplate\":\"https:\\\/\\\/transportjournal.com\\\/es\\\/?s={search_term_string}\"},\"query-input\":{\"@type\":\"PropertyValueSpecification\",\"valueRequired\":true,\"valueName\":\"search_term_string\"}}],\"inLanguage\":\"es\"},{\"@type\":\"Organization\",\"@id\":\"https:\\\/\\\/transportjournal.com\\\/es\\\/#organization\",\"name\":\"Grupo Logismedia AG\",\"alternateName\":\"Logismedia Group AG\",\"url\":\"https:\\\/\\\/transportjournal.com\\\/es\\\/\",\"logo\":{\"@type\":\"ImageObject\",\"inLanguage\":\"es\",\"@id\":\"https:\\\/\\\/transportjournal.com\\\/es\\\/#\\\/schema\\\/logo\\\/image\\\/\",\"url\":\"https:\\\/\\\/transportjournal.com\\\/wp-content\\\/uploads\\\/sites\\\/2\\\/2025\\\/09\\\/Logo_ITJ.png\",\"contentUrl\":\"https:\\\/\\\/transportjournal.com\\\/wp-content\\\/uploads\\\/sites\\\/2\\\/2025\\\/09\\\/Logo_ITJ.png\",\"width\":799,\"height\":326,\"caption\":\"Grupo Logismedia AG\"},\"image\":{\"@id\":\"https:\\\/\\\/transportjournal.com\\\/es\\\/#\\\/schema\\\/logo\\\/image\\\/\"},\"sameAs\":[\"https:\\\/\\\/www.linkedin.com\\\/company\\\/56456496\\\/admin\\\/dashboard\\\/\",\"https:\\\/\\\/www.instagram.com\\\/logismediagroup\\\/\",\"https:\\\/\\\/www.youtube.com\\\/@LogiamediaGroupAG\"]},{\"@type\":\"Person\",\"@id\":\"https:\\\/\\\/transportjournal.com\\\/es\\\/#\\\/schema\\\/person\\\/cf538b3157f15afd7589245a4b3dbd25\",\"name\":\"Andreas Haug\",\"url\":\"https:\\\/\\\/transportjournal.com\\\/es\\\/author\\\/andreas\\\/\"}]}<\/script>\n<!-- \/ Yoast SEO plugin. -->","yoast_head_json":{"title":"Logistec adquiere Logistics Park Dubuque - ITJ | International Transport Journal","robots":{"index":"index","follow":"follow","max-snippet":"max-snippet:-1","max-image-preview":"max-image-preview:large","max-video-preview":"max-video-preview:-1"},"canonical":"https:\/\/transportjournal.com\/es\/2026\/03\/13\/logistec-adquiere-logistics-park-dubuque\/","og_locale":"es_ES","og_type":"article","og_title":"Logistec adquiere Logistics Park Dubuque - ITJ | International Transport Journal","og_description":"Logistec ha adquirido el Logistics Park Dubuque para expandir su red en EE. UU. y aumentar la eficiencia para los clientes en la regi\u00f3n del Medio Oeste.","og_url":"https:\/\/transportjournal.com\/es\/2026\/03\/13\/logistec-adquiere-logistics-park-dubuque\/","og_site_name":"ITJ | International Transport Journal","article_published_time":"2026-03-13T11:02:19+00:00","og_image":[{"width":980,"height":551,"url":"https:\/\/transportjournal.com\/wp-content\/uploads\/sites\/2\/2026\/03\/Logistec-lpd-aerial-20240623-3179-980x551-1.jpg","type":"image\/jpeg"}],"author":"Andreas Haug","twitter_card":"summary_large_image","twitter_misc":{"Escrito por":"Andreas Haug","Tiempo de lectura":"2 minuto"},"schema":{"@context":"https:\/\/schema.org","@graph":[{"@type":"Article","@id":"https:\/\/transportjournal.com\/es\/2026\/03\/13\/logistec-adquiere-logistics-park-dubuque\/#article","isPartOf":{"@id":"https:\/\/transportjournal.com\/es\/2026\/03\/13\/logistec-adquiere-logistics-park-dubuque\/"},"author":{"name":"Andreas Haug","@id":"https:\/\/transportjournal.com\/es\/#\/schema\/person\/cf538b3157f15afd7589245a4b3dbd25"},"headline":"Logistec adquiere Logistics Park Dubuque","datePublished":"2026-03-13T11:02:19+00:00","mainEntityOfPage":{"@id":"https:\/\/transportjournal.com\/es\/2026\/03\/13\/logistec-adquiere-logistics-park-dubuque\/"},"wordCount":321,"commentCount":0,"publisher":{"@id":"https:\/\/transportjournal.com\/es\/#organization"},"image":{"@id":"https:\/\/transportjournal.com\/es\/2026\/03\/13\/logistec-adquiere-logistics-park-dubuque\/#primaryimage"},"thumbnailUrl":"https:\/\/transportjournal.com\/wp-content\/uploads\/sites\/2\/2026\/03\/Logistec-lpd-aerial-20240623-3179-980x551-1.jpg","keywords":["acquisition LPD","agriculture logistics","Akquisition LPD","Binnenschifffahrt Oberer Mississippi","Binnenwasserstra\u00dfen USA","breakbulk loading","bulk handling services","cha\u00eenes d'approvisionnement r\u00e9gionales","chargement de marchandises","Deutsch LOGISTEC","d\u00e9veloppement des infrastructures","Digitalisierung in der Logistik","digitalization in logistics","expansion de terminal","Fachkr\u00e4ftemangel Logistik","industrial markets USA","industrielle M\u00e4rkte USA","infrastructure development","Infrastrukturentwicklung","inland shipping Upper Mississippi","inland waterways USA","labor shortage logistics","Landwirtschaft Logistik","Logistics Park Dubuque","logistics service providers North America","Logistikdienstleister Nordamerika","logistique agricole","logistique r\u00e9gion Midwest","LPD acquisition","march\u00e9s industriels USA","Midwest region logistics","Midwest-Region Logistik","multimodal terminal","multimodaler Terminal","nachhaltige Logistikl\u00f6sungen English LOGISTEC","navigation int\u00e9rieure Mississippi sup\u00e9rieur","num\u00e9risation dans la logistique","p\u00e9nurie de main-d'\u0153uvre logistique","prestataires de services logistiques Am\u00e9rique du Nord","rail transport CN Rail","regional supply chains","regionale Lieferketten","Schienenverkehr CN Rail","Sch\u00fcttgut Handhabung","services de manutention en vrac","solutions logistiques durables","Stahlindustrie Transport","steel industry transport","St\u00fcckgut Verladung","sustainable logistics solutions Fran\u00e7ais LOGISTEC","terminal expansion","terminal multimodal","Terminalerweiterung","transport et stockage","transport ferroviaire CN Rail","transport industrie de l'acier","Transport und Lagerung","transportation and storage","voies navigables int\u00e9rieures USA"],"articleSection":["Am\u00e9rica","Intermodal \/ Carretera","Navegaci\u00f3n y puertos","Transporte de mercanc\u00edas y log\u00edstica"],"inLanguage":"es","potentialAction":[{"@type":"CommentAction","name":"Comment","target":["https:\/\/transportjournal.com\/es\/2026\/03\/13\/logistec-adquiere-logistics-park-dubuque\/#respond"]}]},{"@type":"WebPage","@id":"https:\/\/transportjournal.com\/es\/2026\/03\/13\/logistec-adquiere-logistics-park-dubuque\/","url":"https:\/\/transportjournal.com\/es\/2026\/03\/13\/logistec-adquiere-logistics-park-dubuque\/","name":"Logistec adquiere Logistics Park Dubuque - ITJ | International Transport Journal","isPartOf":{"@id":"https:\/\/transportjournal.com\/es\/#website"},"primaryImageOfPage":{"@id":"https:\/\/transportjournal.com\/es\/2026\/03\/13\/logistec-adquiere-logistics-park-dubuque\/#primaryimage"},"image":{"@id":"https:\/\/transportjournal.com\/es\/2026\/03\/13\/logistec-adquiere-logistics-park-dubuque\/#primaryimage"},"thumbnailUrl":"https:\/\/transportjournal.com\/wp-content\/uploads\/sites\/2\/2026\/03\/Logistec-lpd-aerial-20240623-3179-980x551-1.jpg","datePublished":"2026-03-13T11:02:19+00:00","breadcrumb":{"@id":"https:\/\/transportjournal.com\/es\/2026\/03\/13\/logistec-adquiere-logistics-park-dubuque\/#breadcrumb"},"inLanguage":"es","potentialAction":[{"@type":"ReadAction","target":["https:\/\/transportjournal.com\/es\/2026\/03\/13\/logistec-adquiere-logistics-park-dubuque\/"]}]},{"@type":"ImageObject","inLanguage":"es","@id":"https:\/\/transportjournal.com\/es\/2026\/03\/13\/logistec-adquiere-logistics-park-dubuque\/#primaryimage","url":"https:\/\/transportjournal.com\/wp-content\/uploads\/sites\/2\/2026\/03\/Logistec-lpd-aerial-20240623-3179-980x551-1.jpg","contentUrl":"https:\/\/transportjournal.com\/wp-content\/uploads\/sites\/2\/2026\/03\/Logistec-lpd-aerial-20240623-3179-980x551-1.jpg","width":980,"height":551},{"@type":"BreadcrumbList","@id":"https:\/\/transportjournal.com\/es\/2026\/03\/13\/logistec-adquiere-logistics-park-dubuque\/#breadcrumb","itemListElement":[{"@type":"ListItem","position":1,"name":"Startseite","item":"https:\/\/transportjournal.com\/es\/"},{"@type":"ListItem","position":2,"name":"Logistec adquiere Logistics Park Dubuque"}]},{"@type":"WebSite","@id":"https:\/\/transportjournal.com\/es\/#website","url":"https:\/\/transportjournal.com\/es\/","name":"ITJ | International Transport Journal","description":"Stay informed with the latest global news from the transport, logistics, and supply chain industries. Transport Journal delivers expert insights, analysis, and updates across shipping, aviation, intermodal, and forwarding.","publisher":{"@id":"https:\/\/transportjournal.com\/es\/#organization"},"potentialAction":[{"@type":"SearchAction","target":{"@type":"EntryPoint","urlTemplate":"https:\/\/transportjournal.com\/es\/?s={search_term_string}"},"query-input":{"@type":"PropertyValueSpecification","valueRequired":true,"valueName":"search_term_string"}}],"inLanguage":"es"},{"@type":"Organization","@id":"https:\/\/transportjournal.com\/es\/#organization","name":"Grupo Logismedia AG","alternateName":"Logismedia Group AG","url":"https:\/\/transportjournal.com\/es\/","logo":{"@type":"ImageObject","inLanguage":"es","@id":"https:\/\/transportjournal.com\/es\/#\/schema\/logo\/image\/","url":"https:\/\/transportjournal.com\/wp-content\/uploads\/sites\/2\/2025\/09\/Logo_ITJ.png","contentUrl":"https:\/\/transportjournal.com\/wp-content\/uploads\/sites\/2\/2025\/09\/Logo_ITJ.png","width":799,"height":326,"caption":"Grupo Logismedia AG"},"image":{"@id":"https:\/\/transportjournal.com\/es\/#\/schema\/logo\/image\/"},"sameAs":["https:\/\/www.linkedin.com\/company\/56456496\/admin\/dashboard\/","https:\/\/www.instagram.com\/logismediagroup\/","https:\/\/www.youtube.com\/@LogiamediaGroupAG"]},{"@type":"Person","@id":"https:\/\/transportjournal.com\/es\/#\/schema\/person\/cf538b3157f15afd7589245a4b3dbd25","name":"Andreas Haug","url":"https:\/\/transportjournal.com\/es\/author\/andreas\/"}]}},"_links":{"self":[{"href":"https:\/\/transportjournal.com\/es\/wp-json\/wp\/v2\/posts\/80767","targetHints":{"allow":["GET"]}}],"collection":[{"href":"https:\/\/transportjournal.com\/es\/wp-json\/wp\/v2\/posts"}],"about":[{"href":"https:\/\/transportjournal.com\/es\/wp-json\/wp\/v2\/types\/post"}],"author":[{"embeddable":true,"href":"https:\/\/transportjournal.com\/es\/wp-json\/wp\/v2\/users\/12"}],"replies":[{"embeddable":true,"href":"https:\/\/transportjournal.com\/es\/wp-json\/wp\/v2\/comments?post=80767"}],"version-history":[{"count":0,"href":"https:\/\/transportjournal.com\/es\/wp-json\/wp\/v2\/posts\/80767\/revisions"}],"wp:featuredmedia":[{"embeddable":true,"href":"https:\/\/transportjournal.com\/es\/wp-json\/wp\/v2\/media\/80764"}],"wp:attachment":[{"href":"https:\/\/transportjournal.com\/es\/wp-json\/wp\/v2\/media?parent=80767"}],"wp:term":[{"taxonomy":"category","embeddable":true,"href":"https:\/\/transportjournal.com\/es\/wp-json\/wp\/v2\/categories?post=80767"},{"taxonomy":"post_tag","embeddable":true,"href":"https:\/\/transportjournal.com\/es\/wp-json\/wp\/v2\/tags?post=80767"}],"curies":[{"name":"wp","href":"https:\/\/api.w.org\/{rel}","templated":true}]}}