{"id":80751,"date":"2026-03-13T10:36:09","date_gmt":"2026-03-13T10:36:09","guid":{"rendered":"https:\/\/transportjournal.com\/2026\/03\/13\/almacen-regional-para-piezas-de-repuesto-de-proveedor-de-energia\/"},"modified":"2026-03-13T10:36:09","modified_gmt":"2026-03-13T10:36:09","slug":"almacen-regional-para-piezas-de-repuesto-de-proveedor-de-energia","status":"publish","type":"post","link":"https:\/\/transportjournal.com\/es\/2026\/03\/13\/almacen-regional-para-piezas-de-repuesto-de-proveedor-de-energia\/","title":{"rendered":"Almac\u00e9n regional para piezas de repuesto de proveedor de energ\u00eda"},"content":{"rendered":"<p>La Mainova AG ha anunciado la construcci\u00f3n de un nuevo almac\u00e9n regional en el este de Fr\u00e1ncfort, con el objetivo de centralizar la log\u00edstica de repuestos que anteriormente estaba descentralizada. El objetivo de esta medida es aumentar la disponibilidad de repuestos para la infraestructura t\u00e9cnica y simplificar los procesos log\u00edsticos. El nuevo almac\u00e9n regional ser\u00e1 realizado por Jungheinrich. Ambas empresas ya hab\u00edan colaborado con \u00e9xito en los \u00faltimos a\u00f1os, siendo Jungheinrich la encargada de implementar dos proyectos de almac\u00e9n m\u00e1s peque\u00f1os para Mainova en 2022. Se espera que el nuevo almac\u00e9n regional entre en funcionamiento en marzo de 2027.<\/p>\n<h3>Estructura de almac\u00e9n eficiente para repuestos<\/h3>\n<p>Este incluye un almac\u00e9n de pasillos estrechos con aproximadamente 6,200 espacios para paletas y una altura de hasta 17.1 m. Esta soluci\u00f3n de almacenamiento est\u00e1 dise\u00f1ada espec\u00edficamente para el proveedor de energ\u00eda, que suministra electricidad, gas, calefacci\u00f3n y agua a m\u00e1s de un mill\u00f3n de personas. Para los procesos de almacenamiento y extracci\u00f3n se utilizar\u00e1n dos carretillas elevadoras de tres ruedas Jungheinrich EKX 516, que operan de manera econ\u00f3mica incluso a grandes alturas de elevaci\u00f3n gracias a su alta precisi\u00f3n de posicionamiento y tecnolog\u00eda de propulsi\u00f3n eficiente en energ\u00eda.<\/p>\n<p>El almac\u00e9n de paletas se complementar\u00e1 con un almac\u00e9n de peque\u00f1as piezas con una altura de almacenamiento de 7.5 m. Un total de once m\u00f3dulos de elevaci\u00f3n vertical de Jungheinrich garantizar\u00e1n una preparaci\u00f3n compacta y tiempos de acceso cortos, lo que es crucial para la r\u00e1pida provisi\u00f3n de repuestos, especialmente con una alta variedad de art\u00edculos.<\/p>\n<p>Adem\u00e1s, se integrar\u00e1 un almac\u00e9n de pasillos anchos en el nuevo complejo de naves. La manipulaci\u00f3n se realizar\u00e1 mediante un carretilla elevadora de contrapeso el\u00e9ctrico EFG 425k. En una secci\u00f3n del edificio de 10 m de altura, se instalar\u00e1 tambi\u00e9n un sistema de estanter\u00edas de paletas de doble profundidad, que ser\u00e1 operado con el EFG utilizando horquillas telesc\u00f3picas.<\/p>\n<p>Para el almacenamiento de materiales largos, se instalar\u00e1 tanto en el nuevo edificio como en un edificio existente adyacente un estante de brazo voladizo. Mientras que el estante de brazo voladizo en el nuevo edificio tambi\u00e9n ser\u00e1 atendido por el EFG 425k, Jungheinrich, como contratista general, proporcionar\u00e1 un veh\u00edculo especial de Hubtex para la manipulaci\u00f3n de los estantes de brazo voladizo en el edificio existente, integrando as\u00ed este \u00e1rea sin problemas en el concepto general.<\/p>\n<p>Tambi\u00e9n se establecer\u00e1 un \u00e1rea separada para el almacenamiento de materiales peligrosos en el nuevo edificio, donde se almacenar\u00e1n materiales como aceites y pinturas. En total, se equipar\u00e1n tres secciones de naves interconectadas con alturas de 25, 10 y 5 m, as\u00ed como un edificio existente adicional con tecnolog\u00eda de almacenamiento. Las secciones de las naves est\u00e1n dise\u00f1adas para garantizar un flujo continuo de materiales sin interrupciones estructurales.<\/p>\n<p>Leonid Feldman, gerente de proyecto e ingeniero de construcci\u00f3n en Mainova AG, explica: &#8222;Con el nuevo almac\u00e9n regional, aumentamos significativamente la eficiencia y la fiabilidad del suministro de nuestra log\u00edstica de repuestos, aprovechando al m\u00e1ximo el terreno disponible.&#8220;<\/p>\n<p>&nbsp;<\/p>\n<p><a href=\"https:\/\/www.jungheinrich.com\/\" target=\"_blank\" rel=\"noopener noreferrer\">www.jungheinrich.com<\/a><\/p>\n<p>&nbsp;<\/p>\n<p><a href=\"https:\/\/www.mainova.de\/\" target=\"_blank\" rel=\"noopener noreferrer\">www.mainova.de<\/a><\/p>\n<p>&nbsp;<\/p>\n","protected":false},"excerpt":{"rendered":"<p>Mainova AG planea la construcci\u00f3n de un nuevo almac\u00e9n regional en Frankfurt para centralizar la log\u00edstica de piezas de repuesto y aumentar la disponibilidad y eficiencia.<\/p>\n","protected":false},"author":12,"featured_media":80748,"comment_status":"open","ping_status":"","sticky":false,"template":"","format":"standard","meta":{"_acf_changed":false,"footnotes":""},"categories":[9092,1611,1608,1605],"tags":[26856,26857,26858,26859,26860,26861,26862,26863,26864,26865,26866,26867,26868,26869,26870,5727,26871,26872,26873,26874,26875,26876,26877,15481,26878,11601,26879,9714,26880,2131,8486,8487,2136,26881,26882,26883,26884,8495,15487,26885,26886,26887,26888,15489,26889,26890,26891,26892,26893,26894,26895,26896,5750,26897],"class_list":["post-80751","post","type-post","status-publish","format-standard","has-post-thumbnail","hentry","category-deutschland","category-europa","category-intralogistica","category-expedicion-y-logistica","tag-approvisionnement-en-pieces-de-rechange","tag-bauingenieur-english-regional-warehouse","tag-civil-engineer-francais-entrepot-regional","tag-deutsch-regionallager","tag-efficient-storage-solution","tag-effiziente-lagerloesung","tag-energieversorger","tag-energy-supplier","tag-ersatzteilversorgung","tag-eu-weites-ausschreibungsverfahren","tag-eu-wide-tendering-process","tag-exigences-de-stockage","tag-fiabilite-dapprovisionnement","tag-fournisseur-denergie","tag-gefahrstofflager","tag-gestion-dentrepot","tag-hazardous-materials-storage","tag-hubtechnik","tag-infrastructure-technique","tag-ingenieur-civil","tag-integrated-system","tag-integriertes-system","tag-jungheinrich","tag-kleinteilelager","tag-lageranforderungen","tag-lagerlogistik","tag-lagerstruktur","tag-lagerverwaltung","tag-lifting-technology","tag-logistics","tag-logistics-processes","tag-logistikprozesse","tag-logistique","tag-mainova-ag","tag-palettenlager","tag-pallet-storage","tag-procedure-dappel-doffres-a-lechelle-de-lue","tag-processus-logistiques","tag-small-parts-storage","tag-solution-de-stockage-efficace","tag-spare-parts-supply","tag-stockage-de-matieres-dangereuses","tag-stockage-de-palettes","tag-stockage-de-petites-pieces","tag-storage-requirements","tag-structure-dentrepot","tag-supply-reliability","tag-systeme-integre","tag-technical-infrastructure","tag-technische-infrastruktur","tag-technologie-de-levage","tag-versorgungszuverlaessigkeit","tag-warehouse-management","tag-warehouse-structure"],"acf":[],"yoast_head":"<!-- This site is optimized with the Yoast SEO plugin v27.3 - https:\/\/yoast.com\/product\/yoast-seo-wordpress\/ -->\n<title>Almac\u00e9n regional para piezas de repuesto de proveedor de energ\u00eda - ITJ | International Transport Journal<\/title>\n<meta name=\"robots\" content=\"index, follow, max-snippet:-1, max-image-preview:large, max-video-preview:-1\" \/>\n<link rel=\"canonical\" href=\"https:\/\/transportjournal.com\/es\/2026\/03\/13\/almacen-regional-para-piezas-de-repuesto-de-proveedor-de-energia\/\" \/>\n<meta property=\"og:locale\" content=\"es_ES\" \/>\n<meta property=\"og:type\" content=\"article\" \/>\n<meta property=\"og:title\" content=\"Almac\u00e9n regional para piezas de repuesto de proveedor de energ\u00eda - ITJ | International Transport Journal\" \/>\n<meta property=\"og:description\" content=\"Mainova AG planea la construcci\u00f3n de un nuevo almac\u00e9n regional en Frankfurt para centralizar la log\u00edstica de piezas de repuesto y aumentar la disponibilidad y eficiencia.\" \/>\n<meta property=\"og:url\" content=\"https:\/\/transportjournal.com\/es\/2026\/03\/13\/almacen-regional-para-piezas-de-repuesto-de-proveedor-de-energia\/\" \/>\n<meta property=\"og:site_name\" content=\"ITJ | International Transport Journal\" \/>\n<meta property=\"article:published_time\" content=\"2026-03-13T10:36:09+00:00\" \/>\n<meta property=\"og:image\" content=\"https:\/\/transportjournal.com\/wp-content\/uploads\/sites\/2\/2026\/03\/Jungheinrich-picture-mainova-aspect-ratio-1400-788.jpg\" \/>\n\t<meta property=\"og:image:width\" content=\"1422\" \/>\n\t<meta property=\"og:image:height\" content=\"800\" \/>\n\t<meta property=\"og:image:type\" content=\"image\/jpeg\" \/>\n<meta name=\"author\" content=\"Andreas Haug\" \/>\n<meta name=\"twitter:card\" content=\"summary_large_image\" \/>\n<meta name=\"twitter:label1\" content=\"Escrito por\" \/>\n\t<meta name=\"twitter:data1\" content=\"Andreas Haug\" \/>\n\t<meta name=\"twitter:label2\" content=\"Tiempo de lectura\" \/>\n\t<meta name=\"twitter:data2\" content=\"3 minuto\" \/>\n<script type=\"application\/ld+json\" class=\"yoast-schema-graph\">{\"@context\":\"https:\\\/\\\/schema.org\",\"@graph\":[{\"@type\":\"Article\",\"@id\":\"https:\\\/\\\/transportjournal.com\\\/es\\\/2026\\\/03\\\/13\\\/almacen-regional-para-piezas-de-repuesto-de-proveedor-de-energia\\\/#article\",\"isPartOf\":{\"@id\":\"https:\\\/\\\/transportjournal.com\\\/es\\\/2026\\\/03\\\/13\\\/almacen-regional-para-piezas-de-repuesto-de-proveedor-de-energia\\\/\"},\"author\":{\"name\":\"Andreas Haug\",\"@id\":\"https:\\\/\\\/transportjournal.com\\\/es\\\/#\\\/schema\\\/person\\\/cf538b3157f15afd7589245a4b3dbd25\"},\"headline\":\"Almac\u00e9n regional para piezas de repuesto de proveedor de energ\u00eda\",\"datePublished\":\"2026-03-13T10:36:09+00:00\",\"mainEntityOfPage\":{\"@id\":\"https:\\\/\\\/transportjournal.com\\\/es\\\/2026\\\/03\\\/13\\\/almacen-regional-para-piezas-de-repuesto-de-proveedor-de-energia\\\/\"},\"wordCount\":561,\"commentCount\":0,\"publisher\":{\"@id\":\"https:\\\/\\\/transportjournal.com\\\/es\\\/#organization\"},\"image\":{\"@id\":\"https:\\\/\\\/transportjournal.com\\\/es\\\/2026\\\/03\\\/13\\\/almacen-regional-para-piezas-de-repuesto-de-proveedor-de-energia\\\/#primaryimage\"},\"thumbnailUrl\":\"https:\\\/\\\/transportjournal.com\\\/wp-content\\\/uploads\\\/sites\\\/2\\\/2026\\\/03\\\/Jungheinrich-picture-mainova-aspect-ratio-1400-788.jpg\",\"keywords\":[\"approvisionnement en pi\u00e8ces de rechange\",\"Bauingenieur English Regional warehouse\",\"civil engineer Fran\u00e7ais Entrep\u00f4t r\u00e9gional\",\"Deutsch Regionallager\",\"efficient storage solution\",\"effiziente Lagerl\u00f6sung\",\"Energieversorger\",\"energy supplier\",\"Ersatzteilversorgung\",\"EU-weites Ausschreibungsverfahren\",\"EU-wide tendering process\",\"exigences de stockage\",\"fiabilit\u00e9 d'approvisionnement\",\"fournisseur d'\u00e9nergie\",\"Gefahrstofflager\",\"gestion d'entrep\u00f4t\",\"hazardous materials storage\",\"Hubtechnik\",\"infrastructure technique\",\"ing\u00e9nieur civil\",\"integrated system\",\"integriertes System\",\"Jungheinrich\",\"Kleinteilelager\",\"Lageranforderungen\",\"Lagerlogistik\",\"Lagerstruktur\",\"Lagerverwaltung\",\"lifting technology\",\"logistics\",\"logistics processes\",\"Logistikprozesse\",\"logistique\",\"Mainova AG\",\"Palettenlager\",\"pallet storage\",\"proc\u00e9dure d'appel d'offres \u00e0 l'\u00e9chelle de l'UE\",\"processus logistiques\",\"small parts storage\",\"solution de stockage efficace\",\"spare parts supply\",\"stockage de mati\u00e8res dangereuses\",\"stockage de palettes\",\"stockage de petites pi\u00e8ces\",\"storage requirements\",\"structure d'entrep\u00f4t\",\"supply reliability\",\"syst\u00e8me int\u00e9gr\u00e9\",\"technical infrastructure\",\"technische Infrastruktur\",\"technologie de levage\",\"Versorgungszuverl\u00e4ssigkeit\",\"warehouse management\",\"warehouse structure\"],\"articleSection\":[\"Deutschland\",\"Europa\",\"Intralog\u00edstica\",\"Transporte de mercanc\u00edas y log\u00edstica\"],\"inLanguage\":\"es\",\"potentialAction\":[{\"@type\":\"CommentAction\",\"name\":\"Comment\",\"target\":[\"https:\\\/\\\/transportjournal.com\\\/es\\\/2026\\\/03\\\/13\\\/almacen-regional-para-piezas-de-repuesto-de-proveedor-de-energia\\\/#respond\"]}]},{\"@type\":\"WebPage\",\"@id\":\"https:\\\/\\\/transportjournal.com\\\/es\\\/2026\\\/03\\\/13\\\/almacen-regional-para-piezas-de-repuesto-de-proveedor-de-energia\\\/\",\"url\":\"https:\\\/\\\/transportjournal.com\\\/es\\\/2026\\\/03\\\/13\\\/almacen-regional-para-piezas-de-repuesto-de-proveedor-de-energia\\\/\",\"name\":\"Almac\u00e9n regional para piezas de repuesto de proveedor de energ\u00eda - ITJ | International Transport Journal\",\"isPartOf\":{\"@id\":\"https:\\\/\\\/transportjournal.com\\\/es\\\/#website\"},\"primaryImageOfPage\":{\"@id\":\"https:\\\/\\\/transportjournal.com\\\/es\\\/2026\\\/03\\\/13\\\/almacen-regional-para-piezas-de-repuesto-de-proveedor-de-energia\\\/#primaryimage\"},\"image\":{\"@id\":\"https:\\\/\\\/transportjournal.com\\\/es\\\/2026\\\/03\\\/13\\\/almacen-regional-para-piezas-de-repuesto-de-proveedor-de-energia\\\/#primaryimage\"},\"thumbnailUrl\":\"https:\\\/\\\/transportjournal.com\\\/wp-content\\\/uploads\\\/sites\\\/2\\\/2026\\\/03\\\/Jungheinrich-picture-mainova-aspect-ratio-1400-788.jpg\",\"datePublished\":\"2026-03-13T10:36:09+00:00\",\"breadcrumb\":{\"@id\":\"https:\\\/\\\/transportjournal.com\\\/es\\\/2026\\\/03\\\/13\\\/almacen-regional-para-piezas-de-repuesto-de-proveedor-de-energia\\\/#breadcrumb\"},\"inLanguage\":\"es\",\"potentialAction\":[{\"@type\":\"ReadAction\",\"target\":[\"https:\\\/\\\/transportjournal.com\\\/es\\\/2026\\\/03\\\/13\\\/almacen-regional-para-piezas-de-repuesto-de-proveedor-de-energia\\\/\"]}]},{\"@type\":\"ImageObject\",\"inLanguage\":\"es\",\"@id\":\"https:\\\/\\\/transportjournal.com\\\/es\\\/2026\\\/03\\\/13\\\/almacen-regional-para-piezas-de-repuesto-de-proveedor-de-energia\\\/#primaryimage\",\"url\":\"https:\\\/\\\/transportjournal.com\\\/wp-content\\\/uploads\\\/sites\\\/2\\\/2026\\\/03\\\/Jungheinrich-picture-mainova-aspect-ratio-1400-788.jpg\",\"contentUrl\":\"https:\\\/\\\/transportjournal.com\\\/wp-content\\\/uploads\\\/sites\\\/2\\\/2026\\\/03\\\/Jungheinrich-picture-mainova-aspect-ratio-1400-788.jpg\",\"width\":1422,\"height\":800},{\"@type\":\"BreadcrumbList\",\"@id\":\"https:\\\/\\\/transportjournal.com\\\/es\\\/2026\\\/03\\\/13\\\/almacen-regional-para-piezas-de-repuesto-de-proveedor-de-energia\\\/#breadcrumb\",\"itemListElement\":[{\"@type\":\"ListItem\",\"position\":1,\"name\":\"Startseite\",\"item\":\"https:\\\/\\\/transportjournal.com\\\/es\\\/\"},{\"@type\":\"ListItem\",\"position\":2,\"name\":\"Almac\u00e9n regional para piezas de repuesto de proveedor de energ\u00eda\"}]},{\"@type\":\"WebSite\",\"@id\":\"https:\\\/\\\/transportjournal.com\\\/es\\\/#website\",\"url\":\"https:\\\/\\\/transportjournal.com\\\/es\\\/\",\"name\":\"ITJ | International Transport Journal\",\"description\":\"Stay informed with the latest global news from the transport, logistics, and supply chain industries. Transport Journal delivers expert insights, analysis, and updates across shipping, aviation, intermodal, and forwarding.\",\"publisher\":{\"@id\":\"https:\\\/\\\/transportjournal.com\\\/es\\\/#organization\"},\"potentialAction\":[{\"@type\":\"SearchAction\",\"target\":{\"@type\":\"EntryPoint\",\"urlTemplate\":\"https:\\\/\\\/transportjournal.com\\\/es\\\/?s={search_term_string}\"},\"query-input\":{\"@type\":\"PropertyValueSpecification\",\"valueRequired\":true,\"valueName\":\"search_term_string\"}}],\"inLanguage\":\"es\"},{\"@type\":\"Organization\",\"@id\":\"https:\\\/\\\/transportjournal.com\\\/es\\\/#organization\",\"name\":\"Grupo Logismedia AG\",\"alternateName\":\"Logismedia Group AG\",\"url\":\"https:\\\/\\\/transportjournal.com\\\/es\\\/\",\"logo\":{\"@type\":\"ImageObject\",\"inLanguage\":\"es\",\"@id\":\"https:\\\/\\\/transportjournal.com\\\/es\\\/#\\\/schema\\\/logo\\\/image\\\/\",\"url\":\"https:\\\/\\\/transportjournal.com\\\/wp-content\\\/uploads\\\/sites\\\/2\\\/2025\\\/09\\\/Logo_ITJ.png\",\"contentUrl\":\"https:\\\/\\\/transportjournal.com\\\/wp-content\\\/uploads\\\/sites\\\/2\\\/2025\\\/09\\\/Logo_ITJ.png\",\"width\":799,\"height\":326,\"caption\":\"Grupo Logismedia AG\"},\"image\":{\"@id\":\"https:\\\/\\\/transportjournal.com\\\/es\\\/#\\\/schema\\\/logo\\\/image\\\/\"},\"sameAs\":[\"https:\\\/\\\/www.linkedin.com\\\/company\\\/56456496\\\/admin\\\/dashboard\\\/\",\"https:\\\/\\\/www.instagram.com\\\/logismediagroup\\\/\",\"https:\\\/\\\/www.youtube.com\\\/@LogiamediaGroupAG\"]},{\"@type\":\"Person\",\"@id\":\"https:\\\/\\\/transportjournal.com\\\/es\\\/#\\\/schema\\\/person\\\/cf538b3157f15afd7589245a4b3dbd25\",\"name\":\"Andreas Haug\",\"url\":\"https:\\\/\\\/transportjournal.com\\\/es\\\/author\\\/andreas\\\/\"}]}<\/script>\n<!-- \/ Yoast SEO plugin. -->","yoast_head_json":{"title":"Almac\u00e9n regional para piezas de repuesto de proveedor de energ\u00eda - ITJ | International Transport Journal","robots":{"index":"index","follow":"follow","max-snippet":"max-snippet:-1","max-image-preview":"max-image-preview:large","max-video-preview":"max-video-preview:-1"},"canonical":"https:\/\/transportjournal.com\/es\/2026\/03\/13\/almacen-regional-para-piezas-de-repuesto-de-proveedor-de-energia\/","og_locale":"es_ES","og_type":"article","og_title":"Almac\u00e9n regional para piezas de repuesto de proveedor de energ\u00eda - ITJ | International Transport Journal","og_description":"Mainova AG planea la construcci\u00f3n de un nuevo almac\u00e9n regional en Frankfurt para centralizar la log\u00edstica de piezas de repuesto y aumentar la disponibilidad y eficiencia.","og_url":"https:\/\/transportjournal.com\/es\/2026\/03\/13\/almacen-regional-para-piezas-de-repuesto-de-proveedor-de-energia\/","og_site_name":"ITJ | International Transport Journal","article_published_time":"2026-03-13T10:36:09+00:00","og_image":[{"width":1422,"height":800,"url":"https:\/\/transportjournal.com\/wp-content\/uploads\/sites\/2\/2026\/03\/Jungheinrich-picture-mainova-aspect-ratio-1400-788.jpg","type":"image\/jpeg"}],"author":"Andreas Haug","twitter_card":"summary_large_image","twitter_misc":{"Escrito por":"Andreas Haug","Tiempo de lectura":"3 minuto"},"schema":{"@context":"https:\/\/schema.org","@graph":[{"@type":"Article","@id":"https:\/\/transportjournal.com\/es\/2026\/03\/13\/almacen-regional-para-piezas-de-repuesto-de-proveedor-de-energia\/#article","isPartOf":{"@id":"https:\/\/transportjournal.com\/es\/2026\/03\/13\/almacen-regional-para-piezas-de-repuesto-de-proveedor-de-energia\/"},"author":{"name":"Andreas Haug","@id":"https:\/\/transportjournal.com\/es\/#\/schema\/person\/cf538b3157f15afd7589245a4b3dbd25"},"headline":"Almac\u00e9n regional para piezas de repuesto de proveedor de energ\u00eda","datePublished":"2026-03-13T10:36:09+00:00","mainEntityOfPage":{"@id":"https:\/\/transportjournal.com\/es\/2026\/03\/13\/almacen-regional-para-piezas-de-repuesto-de-proveedor-de-energia\/"},"wordCount":561,"commentCount":0,"publisher":{"@id":"https:\/\/transportjournal.com\/es\/#organization"},"image":{"@id":"https:\/\/transportjournal.com\/es\/2026\/03\/13\/almacen-regional-para-piezas-de-repuesto-de-proveedor-de-energia\/#primaryimage"},"thumbnailUrl":"https:\/\/transportjournal.com\/wp-content\/uploads\/sites\/2\/2026\/03\/Jungheinrich-picture-mainova-aspect-ratio-1400-788.jpg","keywords":["approvisionnement en pi\u00e8ces de rechange","Bauingenieur English Regional warehouse","civil engineer Fran\u00e7ais Entrep\u00f4t r\u00e9gional","Deutsch Regionallager","efficient storage solution","effiziente Lagerl\u00f6sung","Energieversorger","energy supplier","Ersatzteilversorgung","EU-weites Ausschreibungsverfahren","EU-wide tendering process","exigences de stockage","fiabilit\u00e9 d'approvisionnement","fournisseur d'\u00e9nergie","Gefahrstofflager","gestion d'entrep\u00f4t","hazardous materials storage","Hubtechnik","infrastructure technique","ing\u00e9nieur civil","integrated system","integriertes System","Jungheinrich","Kleinteilelager","Lageranforderungen","Lagerlogistik","Lagerstruktur","Lagerverwaltung","lifting technology","logistics","logistics processes","Logistikprozesse","logistique","Mainova AG","Palettenlager","pallet storage","proc\u00e9dure d'appel d'offres \u00e0 l'\u00e9chelle de l'UE","processus logistiques","small parts storage","solution de stockage efficace","spare parts supply","stockage de mati\u00e8res dangereuses","stockage de palettes","stockage de petites pi\u00e8ces","storage requirements","structure d'entrep\u00f4t","supply reliability","syst\u00e8me int\u00e9gr\u00e9","technical infrastructure","technische Infrastruktur","technologie de levage","Versorgungszuverl\u00e4ssigkeit","warehouse management","warehouse structure"],"articleSection":["Deutschland","Europa","Intralog\u00edstica","Transporte de mercanc\u00edas y log\u00edstica"],"inLanguage":"es","potentialAction":[{"@type":"CommentAction","name":"Comment","target":["https:\/\/transportjournal.com\/es\/2026\/03\/13\/almacen-regional-para-piezas-de-repuesto-de-proveedor-de-energia\/#respond"]}]},{"@type":"WebPage","@id":"https:\/\/transportjournal.com\/es\/2026\/03\/13\/almacen-regional-para-piezas-de-repuesto-de-proveedor-de-energia\/","url":"https:\/\/transportjournal.com\/es\/2026\/03\/13\/almacen-regional-para-piezas-de-repuesto-de-proveedor-de-energia\/","name":"Almac\u00e9n regional para piezas de repuesto de proveedor de energ\u00eda - ITJ | International Transport Journal","isPartOf":{"@id":"https:\/\/transportjournal.com\/es\/#website"},"primaryImageOfPage":{"@id":"https:\/\/transportjournal.com\/es\/2026\/03\/13\/almacen-regional-para-piezas-de-repuesto-de-proveedor-de-energia\/#primaryimage"},"image":{"@id":"https:\/\/transportjournal.com\/es\/2026\/03\/13\/almacen-regional-para-piezas-de-repuesto-de-proveedor-de-energia\/#primaryimage"},"thumbnailUrl":"https:\/\/transportjournal.com\/wp-content\/uploads\/sites\/2\/2026\/03\/Jungheinrich-picture-mainova-aspect-ratio-1400-788.jpg","datePublished":"2026-03-13T10:36:09+00:00","breadcrumb":{"@id":"https:\/\/transportjournal.com\/es\/2026\/03\/13\/almacen-regional-para-piezas-de-repuesto-de-proveedor-de-energia\/#breadcrumb"},"inLanguage":"es","potentialAction":[{"@type":"ReadAction","target":["https:\/\/transportjournal.com\/es\/2026\/03\/13\/almacen-regional-para-piezas-de-repuesto-de-proveedor-de-energia\/"]}]},{"@type":"ImageObject","inLanguage":"es","@id":"https:\/\/transportjournal.com\/es\/2026\/03\/13\/almacen-regional-para-piezas-de-repuesto-de-proveedor-de-energia\/#primaryimage","url":"https:\/\/transportjournal.com\/wp-content\/uploads\/sites\/2\/2026\/03\/Jungheinrich-picture-mainova-aspect-ratio-1400-788.jpg","contentUrl":"https:\/\/transportjournal.com\/wp-content\/uploads\/sites\/2\/2026\/03\/Jungheinrich-picture-mainova-aspect-ratio-1400-788.jpg","width":1422,"height":800},{"@type":"BreadcrumbList","@id":"https:\/\/transportjournal.com\/es\/2026\/03\/13\/almacen-regional-para-piezas-de-repuesto-de-proveedor-de-energia\/#breadcrumb","itemListElement":[{"@type":"ListItem","position":1,"name":"Startseite","item":"https:\/\/transportjournal.com\/es\/"},{"@type":"ListItem","position":2,"name":"Almac\u00e9n regional para piezas de repuesto de proveedor de energ\u00eda"}]},{"@type":"WebSite","@id":"https:\/\/transportjournal.com\/es\/#website","url":"https:\/\/transportjournal.com\/es\/","name":"ITJ | International Transport Journal","description":"Stay informed with the latest global news from the transport, logistics, and supply chain industries. Transport Journal delivers expert insights, analysis, and updates across shipping, aviation, intermodal, and forwarding.","publisher":{"@id":"https:\/\/transportjournal.com\/es\/#organization"},"potentialAction":[{"@type":"SearchAction","target":{"@type":"EntryPoint","urlTemplate":"https:\/\/transportjournal.com\/es\/?s={search_term_string}"},"query-input":{"@type":"PropertyValueSpecification","valueRequired":true,"valueName":"search_term_string"}}],"inLanguage":"es"},{"@type":"Organization","@id":"https:\/\/transportjournal.com\/es\/#organization","name":"Grupo Logismedia AG","alternateName":"Logismedia Group AG","url":"https:\/\/transportjournal.com\/es\/","logo":{"@type":"ImageObject","inLanguage":"es","@id":"https:\/\/transportjournal.com\/es\/#\/schema\/logo\/image\/","url":"https:\/\/transportjournal.com\/wp-content\/uploads\/sites\/2\/2025\/09\/Logo_ITJ.png","contentUrl":"https:\/\/transportjournal.com\/wp-content\/uploads\/sites\/2\/2025\/09\/Logo_ITJ.png","width":799,"height":326,"caption":"Grupo Logismedia AG"},"image":{"@id":"https:\/\/transportjournal.com\/es\/#\/schema\/logo\/image\/"},"sameAs":["https:\/\/www.linkedin.com\/company\/56456496\/admin\/dashboard\/","https:\/\/www.instagram.com\/logismediagroup\/","https:\/\/www.youtube.com\/@LogiamediaGroupAG"]},{"@type":"Person","@id":"https:\/\/transportjournal.com\/es\/#\/schema\/person\/cf538b3157f15afd7589245a4b3dbd25","name":"Andreas Haug","url":"https:\/\/transportjournal.com\/es\/author\/andreas\/"}]}},"_links":{"self":[{"href":"https:\/\/transportjournal.com\/es\/wp-json\/wp\/v2\/posts\/80751","targetHints":{"allow":["GET"]}}],"collection":[{"href":"https:\/\/transportjournal.com\/es\/wp-json\/wp\/v2\/posts"}],"about":[{"href":"https:\/\/transportjournal.com\/es\/wp-json\/wp\/v2\/types\/post"}],"author":[{"embeddable":true,"href":"https:\/\/transportjournal.com\/es\/wp-json\/wp\/v2\/users\/12"}],"replies":[{"embeddable":true,"href":"https:\/\/transportjournal.com\/es\/wp-json\/wp\/v2\/comments?post=80751"}],"version-history":[{"count":0,"href":"https:\/\/transportjournal.com\/es\/wp-json\/wp\/v2\/posts\/80751\/revisions"}],"wp:featuredmedia":[{"embeddable":true,"href":"https:\/\/transportjournal.com\/es\/wp-json\/wp\/v2\/media\/80748"}],"wp:attachment":[{"href":"https:\/\/transportjournal.com\/es\/wp-json\/wp\/v2\/media?parent=80751"}],"wp:term":[{"taxonomy":"category","embeddable":true,"href":"https:\/\/transportjournal.com\/es\/wp-json\/wp\/v2\/categories?post=80751"},{"taxonomy":"post_tag","embeddable":true,"href":"https:\/\/transportjournal.com\/es\/wp-json\/wp\/v2\/tags?post=80751"}],"curies":[{"name":"wp","href":"https:\/\/api.w.org\/{rel}","templated":true}]}}