{"id":80743,"date":"2026-03-13T10:10:27","date_gmt":"2026-03-13T10:10:27","guid":{"rendered":"https:\/\/transportjournal.com\/2026\/03\/13\/mitsubishi-logisnext-americas-se-renombra\/"},"modified":"2026-03-13T10:10:27","modified_gmt":"2026-03-13T10:10:27","slug":"mitsubishi-logisnext-americas-se-renombra","status":"publish","type":"post","link":"https:\/\/transportjournal.com\/es\/2026\/03\/13\/mitsubishi-logisnext-americas-se-renombra\/","title":{"rendered":"Mitsubishi Logisnext Americas se renombra"},"content":{"rendered":"<p>Mitsubishi Logisnext Americas se renombrar\u00e1 como Logisnext Americas para impulsar una visi\u00f3n unificada para la manipulaci\u00f3n de materiales. Este cambio de nombre, que entrar\u00e1 en vigor el 30 de abril de 2026, es parte de una transformaci\u00f3n integral de la empresa, que se enmarca bajo el lema &#8222;Logisnext Vision 2035&#8220;. La reestructuraci\u00f3n busca fortalecer la orientaci\u00f3n global de la empresa y satisfacer las cambiantes necesidades de los clientes.<\/p>\n<p>En el marco de esta transici\u00f3n, Mitsubishi Logisnext Americas ha establecido una asociaci\u00f3n con Japan Industrial Partners (JIP) para apoyar el crecimiento sostenible y la creaci\u00f3n de valor a largo plazo. Berry Mansfield, presidente de Mitsubishi Logisnext Americas, enfatiza que el anuncio refleja el progreso de la empresa, pero que los valores fundamentales y la fiabilidad en los que los clientes han confiado durante d\u00e9cadas permanecer\u00e1n sin cambios.<\/p>\n<p>La l\u00ednea de productos existente de los montacargas Mitsubishi se comercializar\u00e1 bajo el nuevo nombre Logisnext Forklifts. Este cambio de nombre subraya la fiabilidad de los productos y el cumplimiento de los est\u00e1ndares de rendimiento globales. Adem\u00e1s, se ampliar\u00e1 la oferta de soluciones para satisfacer las demandas actuales de la manipulaci\u00f3n de materiales.<\/p>\n<p>La organizaci\u00f3n otorga gran importancia a la estabilidad y continuidad para sus distribuidores y clientes durante la transici\u00f3n. Todas las estructuras de apoyo y servicio existentes se mantendr\u00e1n para garantizar un funcionamiento sin problemas. Los clientes y socios pueden esperar una experiencia fluida, ya que Logisnext Americas continuar\u00e1 proporcionando los productos y servicios familiares.<\/p>\n<p>Mitsubishi Logisnext Americas cuenta con m\u00e1s de 100 a\u00f1os de experiencia en la manipulaci\u00f3n de materiales y ofrece soluciones tecnol\u00f3gicas que van desde la automatizaci\u00f3n hasta el soporte integral de flotas. La empresa tiene su sede en Houston, Texas, y comercializa productos bajo cinco marcas l\u00edderes, incluyendo montacargas Mitsubishi y productos de automatizaci\u00f3n Jungheinrich.<\/p>\n<p>&nbsp;<\/p>\n<p><a href=\"https:\/\/www.logisnextamericas.com\/\" target=\"_blank\" rel=\"noopener noreferrer\">www.logisnextamericas.com<\/a><\/p>\n<p>&nbsp;<\/p>\n","protected":false},"excerpt":{"rendered":"<p>Mitsubishi Logisnext Americas se renombrar\u00e1 el 30 de abril de 2026 para promover una visi\u00f3n unificada para la manipulaci\u00f3n de materiales bajo el lema \u00abLogisnext Vision 2035\u00bb.<\/p>\n","protected":false},"author":12,"featured_media":80740,"comment_status":"open","ping_status":"","sticky":false,"template":"","format":"standard","meta":{"_acf_changed":false,"footnotes":""},"categories":[1614,1608,1603],"tags":[3668,3669,3670,26831,4041,2995,8440,26832,2695,2696,1889,26833,26834,26835,6786,6788,26836,26837,26838,26839,2125,3682,3683,26840,8452,26841,26842,2133,1831,6792,6795,22399,3015,26843,2717,3602,2148,26844,26845,26846,26847,8462,2237,26848,26849,26850,26851,3029,26852,26853,26854,26855],"class_list":["post-80743","post","type-post","status-publish","format-standard","has-post-thumbnail","hentry","category-america","category-intralogistica","category-personas-y-empresas","tag-automation","tag-automatisation","tag-automatisierung","tag-changement-de-nom","tag-chariots-elevateurs","tag-croissance-durable","tag-customer-service","tag-deutsch-mitsubishi-logisnext","tag-digitalisierung","tag-digitalization","tag-fachkraeftemangel","tag-fiabilite","tag-fleet-support","tag-flottenunterstuetzung","tag-forklifts","tag-gabelstapler","tag-gamme-de-produits","tag-global-performance-standards","tag-globale-leistungsstandards","tag-houston-texas","tag-industrie-du-transport","tag-infrastructure","tag-infrastruktur","tag-japan-industrial-partners","tag-kundenservice","tag-logisnext-americas","tag-logisnext-vision-2035","tag-logistics-service-providers","tag-logistikdienstleister","tag-manutention-de-materiel","tag-material-handling","tag-materialhandhabung","tag-nachhaltiges-wachstum","tag-normes-de-performance-mondiales","tag-numerisation","tag-penurie-de-competences","tag-prestataires-de-services-logistiques","tag-product-line","tag-produktlinie","tag-rebranding","tag-reliability","tag-service-client","tag-skills-shortage","tag-stabilitaet","tag-stabilite","tag-stability","tag-support-de-flotte","tag-sustainable-growth","tag-transport-industry-francais-mitsubishi-logisnext","tag-transportwirtschaft-english-mitsubishi-logisnext","tag-umbenennung","tag-zuverlaessigkeit"],"acf":[],"yoast_head":"<!-- This site is optimized with the Yoast SEO plugin v27.3 - https:\/\/yoast.com\/product\/yoast-seo-wordpress\/ -->\n<title>Mitsubishi Logisnext Americas se renombra - ITJ | International Transport Journal<\/title>\n<meta name=\"robots\" content=\"index, follow, max-snippet:-1, max-image-preview:large, max-video-preview:-1\" \/>\n<link rel=\"canonical\" href=\"https:\/\/transportjournal.com\/es\/2026\/03\/13\/mitsubishi-logisnext-americas-se-renombra\/\" \/>\n<meta property=\"og:locale\" content=\"es_ES\" \/>\n<meta property=\"og:type\" content=\"article\" \/>\n<meta property=\"og:title\" content=\"Mitsubishi Logisnext Americas se renombra - ITJ | International Transport Journal\" \/>\n<meta property=\"og:description\" content=\"Mitsubishi Logisnext Americas se renombrar\u00e1 el 30 de abril de 2026 para promover una visi\u00f3n unificada para la manipulaci\u00f3n de materiales bajo el lema &quot;Logisnext Vision 2035&quot;.\" \/>\n<meta property=\"og:url\" content=\"https:\/\/transportjournal.com\/es\/2026\/03\/13\/mitsubishi-logisnext-americas-se-renombra\/\" \/>\n<meta property=\"og:site_name\" content=\"ITJ | International Transport Journal\" \/>\n<meta property=\"article:published_time\" content=\"2026-03-13T10:10:27+00:00\" \/>\n<meta property=\"og:image\" content=\"https:\/\/transportjournal.com\/wp-content\/uploads\/sites\/2\/2026\/03\/Logisnext-hbj172-1050x350-1-aspect-ratio-1400-788.webp\" \/>\n\t<meta property=\"og:image:width\" content=\"705\" \/>\n\t<meta property=\"og:image:height\" content=\"397\" \/>\n\t<meta property=\"og:image:type\" content=\"image\/webp\" \/>\n<meta name=\"author\" content=\"Andreas Haug\" \/>\n<meta name=\"twitter:card\" content=\"summary_large_image\" \/>\n<meta name=\"twitter:label1\" content=\"Escrito por\" \/>\n\t<meta name=\"twitter:data1\" content=\"Andreas Haug\" \/>\n\t<meta name=\"twitter:label2\" content=\"Tiempo de lectura\" \/>\n\t<meta name=\"twitter:data2\" content=\"2 minuto\" \/>\n<script type=\"application\/ld+json\" class=\"yoast-schema-graph\">{\"@context\":\"https:\\\/\\\/schema.org\",\"@graph\":[{\"@type\":\"Article\",\"@id\":\"https:\\\/\\\/transportjournal.com\\\/es\\\/2026\\\/03\\\/13\\\/mitsubishi-logisnext-americas-se-renombra\\\/#article\",\"isPartOf\":{\"@id\":\"https:\\\/\\\/transportjournal.com\\\/es\\\/2026\\\/03\\\/13\\\/mitsubishi-logisnext-americas-se-renombra\\\/\"},\"author\":{\"name\":\"Andreas Haug\",\"@id\":\"https:\\\/\\\/transportjournal.com\\\/es\\\/#\\\/schema\\\/person\\\/cf538b3157f15afd7589245a4b3dbd25\"},\"headline\":\"Mitsubishi Logisnext Americas se renombra\",\"datePublished\":\"2026-03-13T10:10:27+00:00\",\"mainEntityOfPage\":{\"@id\":\"https:\\\/\\\/transportjournal.com\\\/es\\\/2026\\\/03\\\/13\\\/mitsubishi-logisnext-americas-se-renombra\\\/\"},\"wordCount\":327,\"commentCount\":0,\"publisher\":{\"@id\":\"https:\\\/\\\/transportjournal.com\\\/es\\\/#organization\"},\"image\":{\"@id\":\"https:\\\/\\\/transportjournal.com\\\/es\\\/2026\\\/03\\\/13\\\/mitsubishi-logisnext-americas-se-renombra\\\/#primaryimage\"},\"thumbnailUrl\":\"https:\\\/\\\/transportjournal.com\\\/wp-content\\\/uploads\\\/sites\\\/2\\\/2026\\\/03\\\/Logisnext-hbj172-1050x350-1-aspect-ratio-1400-788.webp\",\"keywords\":[\"automation\",\"automatisation\",\"Automatisierung\",\"changement de nom\",\"chariots \u00e9l\u00e9vateurs\",\"croissance durable\",\"customer service\",\"Deutsch Mitsubishi Logisnext\",\"Digitalisierung\",\"digitalization\",\"Fachkr\u00e4ftemangel\",\"fiabilit\u00e9\",\"fleet support\",\"Flottenunterst\u00fctzung\",\"forklifts\",\"Gabelstapler\",\"gamme de produits\",\"global performance standards\",\"globale Leistungsstandards\",\"Houston Texas\",\"industrie du transport\",\"infrastructure\",\"Infrastruktur\",\"Japan Industrial Partners\",\"Kundenservice\",\"Logisnext Americas\",\"Logisnext Vision 2035\",\"logistics service providers\",\"Logistikdienstleister\",\"manutention de mat\u00e9riel\",\"material handling\",\"Materialhandhabung\",\"nachhaltiges Wachstum\",\"normes de performance mondiales\",\"num\u00e9risation\",\"p\u00e9nurie de comp\u00e9tences\",\"prestataires de services logistiques\",\"product line\",\"Produktlinie\",\"rebranding\",\"reliability\",\"service client\",\"skills shortage\",\"Stabilit\u00e4t\",\"stabilit\u00e9\",\"stability\",\"support de flotte\",\"sustainable growth\",\"transport industry Fran\u00e7ais Mitsubishi Logisnext\",\"Transportwirtschaft English Mitsubishi Logisnext\",\"Umbenennung\",\"Zuverl\u00e4ssigkeit\"],\"articleSection\":[\"Am\u00e9rica\",\"Intralog\u00edstica\",\"Personas y empresas\"],\"inLanguage\":\"es\",\"potentialAction\":[{\"@type\":\"CommentAction\",\"name\":\"Comment\",\"target\":[\"https:\\\/\\\/transportjournal.com\\\/es\\\/2026\\\/03\\\/13\\\/mitsubishi-logisnext-americas-se-renombra\\\/#respond\"]}]},{\"@type\":\"WebPage\",\"@id\":\"https:\\\/\\\/transportjournal.com\\\/es\\\/2026\\\/03\\\/13\\\/mitsubishi-logisnext-americas-se-renombra\\\/\",\"url\":\"https:\\\/\\\/transportjournal.com\\\/es\\\/2026\\\/03\\\/13\\\/mitsubishi-logisnext-americas-se-renombra\\\/\",\"name\":\"Mitsubishi Logisnext Americas se renombra - ITJ | International Transport Journal\",\"isPartOf\":{\"@id\":\"https:\\\/\\\/transportjournal.com\\\/es\\\/#website\"},\"primaryImageOfPage\":{\"@id\":\"https:\\\/\\\/transportjournal.com\\\/es\\\/2026\\\/03\\\/13\\\/mitsubishi-logisnext-americas-se-renombra\\\/#primaryimage\"},\"image\":{\"@id\":\"https:\\\/\\\/transportjournal.com\\\/es\\\/2026\\\/03\\\/13\\\/mitsubishi-logisnext-americas-se-renombra\\\/#primaryimage\"},\"thumbnailUrl\":\"https:\\\/\\\/transportjournal.com\\\/wp-content\\\/uploads\\\/sites\\\/2\\\/2026\\\/03\\\/Logisnext-hbj172-1050x350-1-aspect-ratio-1400-788.webp\",\"datePublished\":\"2026-03-13T10:10:27+00:00\",\"breadcrumb\":{\"@id\":\"https:\\\/\\\/transportjournal.com\\\/es\\\/2026\\\/03\\\/13\\\/mitsubishi-logisnext-americas-se-renombra\\\/#breadcrumb\"},\"inLanguage\":\"es\",\"potentialAction\":[{\"@type\":\"ReadAction\",\"target\":[\"https:\\\/\\\/transportjournal.com\\\/es\\\/2026\\\/03\\\/13\\\/mitsubishi-logisnext-americas-se-renombra\\\/\"]}]},{\"@type\":\"ImageObject\",\"inLanguage\":\"es\",\"@id\":\"https:\\\/\\\/transportjournal.com\\\/es\\\/2026\\\/03\\\/13\\\/mitsubishi-logisnext-americas-se-renombra\\\/#primaryimage\",\"url\":\"https:\\\/\\\/transportjournal.com\\\/wp-content\\\/uploads\\\/sites\\\/2\\\/2026\\\/03\\\/Logisnext-hbj172-1050x350-1-aspect-ratio-1400-788.webp\",\"contentUrl\":\"https:\\\/\\\/transportjournal.com\\\/wp-content\\\/uploads\\\/sites\\\/2\\\/2026\\\/03\\\/Logisnext-hbj172-1050x350-1-aspect-ratio-1400-788.webp\",\"width\":705,\"height\":397},{\"@type\":\"BreadcrumbList\",\"@id\":\"https:\\\/\\\/transportjournal.com\\\/es\\\/2026\\\/03\\\/13\\\/mitsubishi-logisnext-americas-se-renombra\\\/#breadcrumb\",\"itemListElement\":[{\"@type\":\"ListItem\",\"position\":1,\"name\":\"Startseite\",\"item\":\"https:\\\/\\\/transportjournal.com\\\/es\\\/\"},{\"@type\":\"ListItem\",\"position\":2,\"name\":\"Mitsubishi Logisnext Americas se renombra\"}]},{\"@type\":\"WebSite\",\"@id\":\"https:\\\/\\\/transportjournal.com\\\/es\\\/#website\",\"url\":\"https:\\\/\\\/transportjournal.com\\\/es\\\/\",\"name\":\"ITJ | International Transport Journal\",\"description\":\"Stay informed with the latest global news from the transport, logistics, and supply chain industries. Transport Journal delivers expert insights, analysis, and updates across shipping, aviation, intermodal, and forwarding.\",\"publisher\":{\"@id\":\"https:\\\/\\\/transportjournal.com\\\/es\\\/#organization\"},\"potentialAction\":[{\"@type\":\"SearchAction\",\"target\":{\"@type\":\"EntryPoint\",\"urlTemplate\":\"https:\\\/\\\/transportjournal.com\\\/es\\\/?s={search_term_string}\"},\"query-input\":{\"@type\":\"PropertyValueSpecification\",\"valueRequired\":true,\"valueName\":\"search_term_string\"}}],\"inLanguage\":\"es\"},{\"@type\":\"Organization\",\"@id\":\"https:\\\/\\\/transportjournal.com\\\/es\\\/#organization\",\"name\":\"Grupo Logismedia AG\",\"alternateName\":\"Logismedia Group AG\",\"url\":\"https:\\\/\\\/transportjournal.com\\\/es\\\/\",\"logo\":{\"@type\":\"ImageObject\",\"inLanguage\":\"es\",\"@id\":\"https:\\\/\\\/transportjournal.com\\\/es\\\/#\\\/schema\\\/logo\\\/image\\\/\",\"url\":\"https:\\\/\\\/transportjournal.com\\\/wp-content\\\/uploads\\\/sites\\\/2\\\/2025\\\/09\\\/Logo_ITJ.png\",\"contentUrl\":\"https:\\\/\\\/transportjournal.com\\\/wp-content\\\/uploads\\\/sites\\\/2\\\/2025\\\/09\\\/Logo_ITJ.png\",\"width\":799,\"height\":326,\"caption\":\"Grupo Logismedia AG\"},\"image\":{\"@id\":\"https:\\\/\\\/transportjournal.com\\\/es\\\/#\\\/schema\\\/logo\\\/image\\\/\"},\"sameAs\":[\"https:\\\/\\\/www.linkedin.com\\\/company\\\/56456496\\\/admin\\\/dashboard\\\/\",\"https:\\\/\\\/www.instagram.com\\\/logismediagroup\\\/\",\"https:\\\/\\\/www.youtube.com\\\/@LogiamediaGroupAG\"]},{\"@type\":\"Person\",\"@id\":\"https:\\\/\\\/transportjournal.com\\\/es\\\/#\\\/schema\\\/person\\\/cf538b3157f15afd7589245a4b3dbd25\",\"name\":\"Andreas Haug\",\"url\":\"https:\\\/\\\/transportjournal.com\\\/es\\\/author\\\/andreas\\\/\"}]}<\/script>\n<!-- \/ Yoast SEO plugin. -->","yoast_head_json":{"title":"Mitsubishi Logisnext Americas se renombra - ITJ | International Transport Journal","robots":{"index":"index","follow":"follow","max-snippet":"max-snippet:-1","max-image-preview":"max-image-preview:large","max-video-preview":"max-video-preview:-1"},"canonical":"https:\/\/transportjournal.com\/es\/2026\/03\/13\/mitsubishi-logisnext-americas-se-renombra\/","og_locale":"es_ES","og_type":"article","og_title":"Mitsubishi Logisnext Americas se renombra - ITJ | International Transport Journal","og_description":"Mitsubishi Logisnext Americas se renombrar\u00e1 el 30 de abril de 2026 para promover una visi\u00f3n unificada para la manipulaci\u00f3n de materiales bajo el lema \"Logisnext Vision 2035\".","og_url":"https:\/\/transportjournal.com\/es\/2026\/03\/13\/mitsubishi-logisnext-americas-se-renombra\/","og_site_name":"ITJ | International Transport Journal","article_published_time":"2026-03-13T10:10:27+00:00","og_image":[{"width":705,"height":397,"url":"https:\/\/transportjournal.com\/wp-content\/uploads\/sites\/2\/2026\/03\/Logisnext-hbj172-1050x350-1-aspect-ratio-1400-788.webp","type":"image\/webp"}],"author":"Andreas Haug","twitter_card":"summary_large_image","twitter_misc":{"Escrito por":"Andreas Haug","Tiempo de lectura":"2 minuto"},"schema":{"@context":"https:\/\/schema.org","@graph":[{"@type":"Article","@id":"https:\/\/transportjournal.com\/es\/2026\/03\/13\/mitsubishi-logisnext-americas-se-renombra\/#article","isPartOf":{"@id":"https:\/\/transportjournal.com\/es\/2026\/03\/13\/mitsubishi-logisnext-americas-se-renombra\/"},"author":{"name":"Andreas Haug","@id":"https:\/\/transportjournal.com\/es\/#\/schema\/person\/cf538b3157f15afd7589245a4b3dbd25"},"headline":"Mitsubishi Logisnext Americas se renombra","datePublished":"2026-03-13T10:10:27+00:00","mainEntityOfPage":{"@id":"https:\/\/transportjournal.com\/es\/2026\/03\/13\/mitsubishi-logisnext-americas-se-renombra\/"},"wordCount":327,"commentCount":0,"publisher":{"@id":"https:\/\/transportjournal.com\/es\/#organization"},"image":{"@id":"https:\/\/transportjournal.com\/es\/2026\/03\/13\/mitsubishi-logisnext-americas-se-renombra\/#primaryimage"},"thumbnailUrl":"https:\/\/transportjournal.com\/wp-content\/uploads\/sites\/2\/2026\/03\/Logisnext-hbj172-1050x350-1-aspect-ratio-1400-788.webp","keywords":["automation","automatisation","Automatisierung","changement de nom","chariots \u00e9l\u00e9vateurs","croissance durable","customer service","Deutsch Mitsubishi Logisnext","Digitalisierung","digitalization","Fachkr\u00e4ftemangel","fiabilit\u00e9","fleet support","Flottenunterst\u00fctzung","forklifts","Gabelstapler","gamme de produits","global performance standards","globale Leistungsstandards","Houston Texas","industrie du transport","infrastructure","Infrastruktur","Japan Industrial Partners","Kundenservice","Logisnext Americas","Logisnext Vision 2035","logistics service providers","Logistikdienstleister","manutention de mat\u00e9riel","material handling","Materialhandhabung","nachhaltiges Wachstum","normes de performance mondiales","num\u00e9risation","p\u00e9nurie de comp\u00e9tences","prestataires de services logistiques","product line","Produktlinie","rebranding","reliability","service client","skills shortage","Stabilit\u00e4t","stabilit\u00e9","stability","support de flotte","sustainable growth","transport industry Fran\u00e7ais Mitsubishi Logisnext","Transportwirtschaft English Mitsubishi Logisnext","Umbenennung","Zuverl\u00e4ssigkeit"],"articleSection":["Am\u00e9rica","Intralog\u00edstica","Personas y empresas"],"inLanguage":"es","potentialAction":[{"@type":"CommentAction","name":"Comment","target":["https:\/\/transportjournal.com\/es\/2026\/03\/13\/mitsubishi-logisnext-americas-se-renombra\/#respond"]}]},{"@type":"WebPage","@id":"https:\/\/transportjournal.com\/es\/2026\/03\/13\/mitsubishi-logisnext-americas-se-renombra\/","url":"https:\/\/transportjournal.com\/es\/2026\/03\/13\/mitsubishi-logisnext-americas-se-renombra\/","name":"Mitsubishi Logisnext Americas se renombra - ITJ | International Transport Journal","isPartOf":{"@id":"https:\/\/transportjournal.com\/es\/#website"},"primaryImageOfPage":{"@id":"https:\/\/transportjournal.com\/es\/2026\/03\/13\/mitsubishi-logisnext-americas-se-renombra\/#primaryimage"},"image":{"@id":"https:\/\/transportjournal.com\/es\/2026\/03\/13\/mitsubishi-logisnext-americas-se-renombra\/#primaryimage"},"thumbnailUrl":"https:\/\/transportjournal.com\/wp-content\/uploads\/sites\/2\/2026\/03\/Logisnext-hbj172-1050x350-1-aspect-ratio-1400-788.webp","datePublished":"2026-03-13T10:10:27+00:00","breadcrumb":{"@id":"https:\/\/transportjournal.com\/es\/2026\/03\/13\/mitsubishi-logisnext-americas-se-renombra\/#breadcrumb"},"inLanguage":"es","potentialAction":[{"@type":"ReadAction","target":["https:\/\/transportjournal.com\/es\/2026\/03\/13\/mitsubishi-logisnext-americas-se-renombra\/"]}]},{"@type":"ImageObject","inLanguage":"es","@id":"https:\/\/transportjournal.com\/es\/2026\/03\/13\/mitsubishi-logisnext-americas-se-renombra\/#primaryimage","url":"https:\/\/transportjournal.com\/wp-content\/uploads\/sites\/2\/2026\/03\/Logisnext-hbj172-1050x350-1-aspect-ratio-1400-788.webp","contentUrl":"https:\/\/transportjournal.com\/wp-content\/uploads\/sites\/2\/2026\/03\/Logisnext-hbj172-1050x350-1-aspect-ratio-1400-788.webp","width":705,"height":397},{"@type":"BreadcrumbList","@id":"https:\/\/transportjournal.com\/es\/2026\/03\/13\/mitsubishi-logisnext-americas-se-renombra\/#breadcrumb","itemListElement":[{"@type":"ListItem","position":1,"name":"Startseite","item":"https:\/\/transportjournal.com\/es\/"},{"@type":"ListItem","position":2,"name":"Mitsubishi Logisnext Americas se renombra"}]},{"@type":"WebSite","@id":"https:\/\/transportjournal.com\/es\/#website","url":"https:\/\/transportjournal.com\/es\/","name":"ITJ | International Transport Journal","description":"Stay informed with the latest global news from the transport, logistics, and supply chain industries. Transport Journal delivers expert insights, analysis, and updates across shipping, aviation, intermodal, and forwarding.","publisher":{"@id":"https:\/\/transportjournal.com\/es\/#organization"},"potentialAction":[{"@type":"SearchAction","target":{"@type":"EntryPoint","urlTemplate":"https:\/\/transportjournal.com\/es\/?s={search_term_string}"},"query-input":{"@type":"PropertyValueSpecification","valueRequired":true,"valueName":"search_term_string"}}],"inLanguage":"es"},{"@type":"Organization","@id":"https:\/\/transportjournal.com\/es\/#organization","name":"Grupo Logismedia AG","alternateName":"Logismedia Group AG","url":"https:\/\/transportjournal.com\/es\/","logo":{"@type":"ImageObject","inLanguage":"es","@id":"https:\/\/transportjournal.com\/es\/#\/schema\/logo\/image\/","url":"https:\/\/transportjournal.com\/wp-content\/uploads\/sites\/2\/2025\/09\/Logo_ITJ.png","contentUrl":"https:\/\/transportjournal.com\/wp-content\/uploads\/sites\/2\/2025\/09\/Logo_ITJ.png","width":799,"height":326,"caption":"Grupo Logismedia AG"},"image":{"@id":"https:\/\/transportjournal.com\/es\/#\/schema\/logo\/image\/"},"sameAs":["https:\/\/www.linkedin.com\/company\/56456496\/admin\/dashboard\/","https:\/\/www.instagram.com\/logismediagroup\/","https:\/\/www.youtube.com\/@LogiamediaGroupAG"]},{"@type":"Person","@id":"https:\/\/transportjournal.com\/es\/#\/schema\/person\/cf538b3157f15afd7589245a4b3dbd25","name":"Andreas Haug","url":"https:\/\/transportjournal.com\/es\/author\/andreas\/"}]}},"_links":{"self":[{"href":"https:\/\/transportjournal.com\/es\/wp-json\/wp\/v2\/posts\/80743","targetHints":{"allow":["GET"]}}],"collection":[{"href":"https:\/\/transportjournal.com\/es\/wp-json\/wp\/v2\/posts"}],"about":[{"href":"https:\/\/transportjournal.com\/es\/wp-json\/wp\/v2\/types\/post"}],"author":[{"embeddable":true,"href":"https:\/\/transportjournal.com\/es\/wp-json\/wp\/v2\/users\/12"}],"replies":[{"embeddable":true,"href":"https:\/\/transportjournal.com\/es\/wp-json\/wp\/v2\/comments?post=80743"}],"version-history":[{"count":0,"href":"https:\/\/transportjournal.com\/es\/wp-json\/wp\/v2\/posts\/80743\/revisions"}],"wp:featuredmedia":[{"embeddable":true,"href":"https:\/\/transportjournal.com\/es\/wp-json\/wp\/v2\/media\/80740"}],"wp:attachment":[{"href":"https:\/\/transportjournal.com\/es\/wp-json\/wp\/v2\/media?parent=80743"}],"wp:term":[{"taxonomy":"category","embeddable":true,"href":"https:\/\/transportjournal.com\/es\/wp-json\/wp\/v2\/categories?post=80743"},{"taxonomy":"post_tag","embeddable":true,"href":"https:\/\/transportjournal.com\/es\/wp-json\/wp\/v2\/tags?post=80743"}],"curies":[{"name":"wp","href":"https:\/\/api.w.org\/{rel}","templated":true}]}}