{"id":80680,"date":"2026-03-13T07:57:08","date_gmt":"2026-03-13T07:57:08","guid":{"rendered":"https:\/\/transportjournal.com\/2026\/03\/13\/efw-convierte-un-a330-para-apal\/"},"modified":"2026-03-13T11:05:33","modified_gmt":"2026-03-13T10:05:33","slug":"efw-convierte-un-a330-para-apal","status":"publish","type":"post","link":"https:\/\/transportjournal.com\/es\/2026\/03\/13\/efw-convierte-un-a330-para-apal\/","title":{"rendered":"EFW convierte un A330 para APAL"},"content":{"rendered":"<p>Las Elbe Flugzeugwerke (EFW) han firmado un contrato con el Asia Pacific Aviation Leasing Group (APAL) de Hong Kong para convertir un Airbus A330-300 de avi\u00f3n de pasajeros a avi\u00f3n de carga. La conversi\u00f3n del avi\u00f3n se llevar\u00e1 a cabo en el segundo trimestre de 2026 en uno de los sitios de conversi\u00f3n dentro de la red de EFW. La planificaci\u00f3n t\u00e9cnica y la certificaci\u00f3n del proyecto se realizar\u00e1n en la sede principal en Dresde.<\/p>\n<h3>Colaboraci\u00f3n para la modernizaci\u00f3n de la flota<\/h3>\n<p>Hong Wei Zhao, CEO de APAL, se expres\u00f3 positivamente sobre la colaboraci\u00f3n con EFW y destac\u00f3 la importancia de la experiencia de la empresa en la conversi\u00f3n de aviones de carga. Esta asociaci\u00f3n es crucial para la modernizaci\u00f3n de la flota de APAL y la adaptaci\u00f3n a las crecientes demandas del mercado de carga chino. Zhao explic\u00f3 que la empresa planea invertir recursos adicionales en este mercado para ofrecer a sus clientes soluciones de carga innovadoras.<\/p>\n<p>Jordi Boto, CEO de EFW, subray\u00f3 el papel del Airbus A330P2F en el segmento de aviones de carga medianos y destac\u00f3 el apoyo de APAL en la construcci\u00f3n de su flota de carga con esta soluci\u00f3n.<\/p>\n<p>EFW, una empresa conjunta de ST Engineering y Airbus, se especializa en la conversi\u00f3n de aviones de pasajeros a aviones de carga y cuenta con m\u00e1s de 20 a\u00f1os de experiencia en este campo. La empresa emplea a aproximadamente 2,000 personas y tiene m\u00e1s de 40 clientes de conversi\u00f3n en todo el mundo, incluidos importantes transportistas expr\u00e9s, as\u00ed como empresas de carga y log\u00edstica combinada.<\/p>\n<p>&nbsp;<\/p>\n<p><a href=\"http:\/\/www.apalg.com\/\" target=\"_blank\" rel=\"noopener noreferrer\">www.apalg.com<\/a><\/p>\n<p>&nbsp;<\/p>\n<p><a href=\"https:\/\/www.elbeflugzeugwerke.com\/\" target=\"_blank\" rel=\"noopener noreferrer\">www.elbeflugzeugwerke.com<\/a><\/p>\n<p>&nbsp;<\/p>\n","protected":false},"excerpt":{"rendered":"<p>El Elbe Flugzeugwerke ha firmado un contrato para la conversi\u00f3n de un Airbus A330-300 con el Asia Pacific Aviation Leasing Group para atender el mercado de carga.<\/p>\n","protected":false},"author":12,"featured_media":80677,"comment_status":"open","ping_status":"","sticky":false,"template":"","format":"standard","meta":{"_acf_changed":false,"footnotes":""},"categories":[1610,1606,9092,1611],"tags":[2252,26585,26586,26587,4373,3398,3402,9821,26588,26589,26590,26591,26592,16016,16017,26593,26594,26595,8938,2419,9827,2421,9831,3417,4286,7924,4289,26596,26597,26598,2277,2125,26599,26600,26601,4392,2634,26602,3427,6417,9575,26603,26604,8586,4304,26605,26606,26607,2448,2155,1837,26608,6423,26609],"class_list":["post-80680","post","type-post","status-publish","format-standard","has-post-thumbnail","hentry","category-asia-pacifico","category-carga-aerea","category-deutschland","category-europa","tag-air-freight-industry","tag-airbus-a330p2f","tag-aircraft-modification-certification","tag-apal","tag-aviation-technology","tag-avion-cargo","tag-cargo-aircraft","tag-cargo-fleet","tag-certification-de-modification-davion","tag-chinese-cargo-market","tag-coentreprise-st-engineering","tag-conversion-passager-en-fret","tag-deutsch-airbus-a330","tag-dresde","tag-dresden","tag-efw","tag-efw-modification-sites","tag-efw-technical-planning","tag-fachkraeftemangel-luftfahrt","tag-fleet-modernization","tag-flotte-de-fret","tag-flottenmodernisierung","tag-frachtflotte","tag-frachtflugzeug","tag-frachtloesungen","tag-frachtmarkt-china","tag-freight-solutions","tag-hong-kong","tag-hong-kong-francais-airbus-a330","tag-hongkong-english-airbus-a330","tag-industrie-du-fret-aerien","tag-industrie-du-transport","tag-innovative-frachtloesungen","tag-innovative-freight-solutions","tag-joint-venture-st-engineering","tag-luftfahrttechnik","tag-luftfrachtindustrie","tag-marche-du-fret-chinois","tag-modernisation-de-flotte","tag-passenger-to-freighter-conversion","tag-penurie-de-main-doeuvre-aeronautique","tag-planification-technique-efw","tag-sites-de-modification-efw","tag-skilled-labor-shortage-aviation","tag-solutions-de-fret","tag-solutions-de-fret-innovantes","tag-st-engineering-joint-venture","tag-technische-planung-efw","tag-technologie-aeronautique","tag-transport-industry","tag-transportwirtschaft","tag-umrueststandorte-efw","tag-umruestung-passagierflugzeug","tag-zertifizierung-flugzeugumbau"],"acf":[],"yoast_head":"<!-- This site is optimized with the Yoast SEO plugin v27.3 - https:\/\/yoast.com\/product\/yoast-seo-wordpress\/ -->\n<title>EFW convierte un A330 para APAL - ITJ | International Transport Journal<\/title>\n<meta name=\"robots\" content=\"index, follow, max-snippet:-1, max-image-preview:large, max-video-preview:-1\" \/>\n<link rel=\"canonical\" href=\"https:\/\/transportjournal.com\/es\/2026\/03\/13\/efw-convierte-un-a330-para-apal\/\" \/>\n<meta property=\"og:locale\" content=\"es_ES\" \/>\n<meta property=\"og:type\" content=\"article\" \/>\n<meta property=\"og:title\" content=\"EFW convierte un A330 para APAL - ITJ | International Transport Journal\" \/>\n<meta property=\"og:description\" content=\"El Elbe Flugzeugwerke ha firmado un contrato para la conversi\u00f3n de un Airbus A330-300 con el Asia Pacific Aviation Leasing Group para atender el mercado de carga.\" \/>\n<meta property=\"og:url\" content=\"https:\/\/transportjournal.com\/es\/2026\/03\/13\/efw-convierte-un-a330-para-apal\/\" \/>\n<meta property=\"og:site_name\" content=\"ITJ | International Transport Journal\" \/>\n<meta property=\"article:published_time\" content=\"2026-03-13T07:57:08+00:00\" \/>\n<meta property=\"article:modified_time\" content=\"2026-03-13T10:05:33+00:00\" \/>\n<meta property=\"og:image\" content=\"https:\/\/transportjournal.com\/wp-content\/uploads\/sites\/2\/2026\/03\/APAL-banner1-aspect-ratio-1400-788.jpg\" \/>\n\t<meta property=\"og:image:width\" content=\"959\" \/>\n\t<meta property=\"og:image:height\" content=\"540\" \/>\n\t<meta property=\"og:image:type\" content=\"image\/jpeg\" \/>\n<meta name=\"author\" content=\"Andreas Haug\" \/>\n<meta name=\"twitter:card\" content=\"summary_large_image\" \/>\n<meta name=\"twitter:label1\" content=\"Escrito por\" \/>\n\t<meta name=\"twitter:data1\" content=\"Andreas Haug\" \/>\n\t<meta name=\"twitter:label2\" content=\"Tiempo de lectura\" \/>\n\t<meta name=\"twitter:data2\" content=\"1 minuto\" \/>\n<script type=\"application\/ld+json\" class=\"yoast-schema-graph\">{\"@context\":\"https:\\\/\\\/schema.org\",\"@graph\":[{\"@type\":\"Article\",\"@id\":\"https:\\\/\\\/transportjournal.com\\\/es\\\/2026\\\/03\\\/13\\\/efw-convierte-un-a330-para-apal\\\/#article\",\"isPartOf\":{\"@id\":\"https:\\\/\\\/transportjournal.com\\\/es\\\/2026\\\/03\\\/13\\\/efw-convierte-un-a330-para-apal\\\/\"},\"author\":{\"name\":\"Andreas Haug\",\"@id\":\"https:\\\/\\\/transportjournal.com\\\/es\\\/#\\\/schema\\\/person\\\/cf538b3157f15afd7589245a4b3dbd25\"},\"headline\":\"EFW convierte un A330 para APAL\",\"datePublished\":\"2026-03-13T07:57:08+00:00\",\"dateModified\":\"2026-03-13T10:05:33+00:00\",\"mainEntityOfPage\":{\"@id\":\"https:\\\/\\\/transportjournal.com\\\/es\\\/2026\\\/03\\\/13\\\/efw-convierte-un-a330-para-apal\\\/\"},\"wordCount\":298,\"commentCount\":0,\"publisher\":{\"@id\":\"https:\\\/\\\/transportjournal.com\\\/es\\\/#organization\"},\"image\":{\"@id\":\"https:\\\/\\\/transportjournal.com\\\/es\\\/2026\\\/03\\\/13\\\/efw-convierte-un-a330-para-apal\\\/#primaryimage\"},\"thumbnailUrl\":\"https:\\\/\\\/transportjournal.com\\\/wp-content\\\/uploads\\\/sites\\\/2\\\/2026\\\/03\\\/APAL-banner1-aspect-ratio-1400-788.jpg\",\"keywords\":[\"air freight industry\",\"Airbus A330P2F\",\"aircraft modification certification\",\"APAL\",\"aviation technology\",\"avion cargo\",\"cargo aircraft\",\"cargo fleet\",\"certification de modification d'avion\",\"Chinese cargo market\",\"coentreprise ST Engineering\",\"conversion passager en fret\",\"Deutsch Airbus A330\",\"Dresde\",\"Dresden\",\"EFW\",\"EFW modification sites\",\"EFW technical planning\",\"Fachkr\u00e4ftemangel Luftfahrt\",\"fleet modernization\",\"flotte de fret\",\"Flottenmodernisierung\",\"Frachtflotte\",\"Frachtflugzeug\",\"Frachtl\u00f6sungen\",\"Frachtmarkt China\",\"freight solutions\",\"Hong Kong\",\"Hong Kong Fran\u00e7ais Airbus A330\",\"Hongkong English Airbus A330\",\"industrie du fret a\u00e9rien\",\"industrie du transport\",\"innovative Frachtl\u00f6sungen\",\"innovative freight solutions\",\"Joint Venture ST Engineering\",\"Luftfahrttechnik\",\"Luftfrachtindustrie\",\"march\u00e9 du fret chinois\",\"modernisation de flotte\",\"passenger-to-freighter conversion\",\"p\u00e9nurie de main-d'\u0153uvre a\u00e9ronautique\",\"planification technique EFW\",\"sites de modification EFW\",\"skilled labor shortage aviation\",\"solutions de fret\",\"solutions de fret innovantes\",\"ST Engineering joint venture\",\"technische Planung EFW\",\"technologie a\u00e9ronautique\",\"transport industry\",\"Transportwirtschaft\",\"Umr\u00fcststandorte EFW\",\"Umr\u00fcstung Passagierflugzeug\",\"Zertifizierung Flugzeugumbau\"],\"articleSection\":[\"Asia\\\/Pac\u00edfico\",\"Carga a\u00e9rea\",\"Deutschland\",\"Europa\"],\"inLanguage\":\"es\",\"potentialAction\":[{\"@type\":\"CommentAction\",\"name\":\"Comment\",\"target\":[\"https:\\\/\\\/transportjournal.com\\\/es\\\/2026\\\/03\\\/13\\\/efw-convierte-un-a330-para-apal\\\/#respond\"]}]},{\"@type\":\"WebPage\",\"@id\":\"https:\\\/\\\/transportjournal.com\\\/es\\\/2026\\\/03\\\/13\\\/efw-convierte-un-a330-para-apal\\\/\",\"url\":\"https:\\\/\\\/transportjournal.com\\\/es\\\/2026\\\/03\\\/13\\\/efw-convierte-un-a330-para-apal\\\/\",\"name\":\"EFW convierte un A330 para APAL - ITJ | International Transport Journal\",\"isPartOf\":{\"@id\":\"https:\\\/\\\/transportjournal.com\\\/es\\\/#website\"},\"primaryImageOfPage\":{\"@id\":\"https:\\\/\\\/transportjournal.com\\\/es\\\/2026\\\/03\\\/13\\\/efw-convierte-un-a330-para-apal\\\/#primaryimage\"},\"image\":{\"@id\":\"https:\\\/\\\/transportjournal.com\\\/es\\\/2026\\\/03\\\/13\\\/efw-convierte-un-a330-para-apal\\\/#primaryimage\"},\"thumbnailUrl\":\"https:\\\/\\\/transportjournal.com\\\/wp-content\\\/uploads\\\/sites\\\/2\\\/2026\\\/03\\\/APAL-banner1-aspect-ratio-1400-788.jpg\",\"datePublished\":\"2026-03-13T07:57:08+00:00\",\"dateModified\":\"2026-03-13T10:05:33+00:00\",\"breadcrumb\":{\"@id\":\"https:\\\/\\\/transportjournal.com\\\/es\\\/2026\\\/03\\\/13\\\/efw-convierte-un-a330-para-apal\\\/#breadcrumb\"},\"inLanguage\":\"es\",\"potentialAction\":[{\"@type\":\"ReadAction\",\"target\":[\"https:\\\/\\\/transportjournal.com\\\/es\\\/2026\\\/03\\\/13\\\/efw-convierte-un-a330-para-apal\\\/\"]}]},{\"@type\":\"ImageObject\",\"inLanguage\":\"es\",\"@id\":\"https:\\\/\\\/transportjournal.com\\\/es\\\/2026\\\/03\\\/13\\\/efw-convierte-un-a330-para-apal\\\/#primaryimage\",\"url\":\"https:\\\/\\\/transportjournal.com\\\/wp-content\\\/uploads\\\/sites\\\/2\\\/2026\\\/03\\\/APAL-banner1-aspect-ratio-1400-788.jpg\",\"contentUrl\":\"https:\\\/\\\/transportjournal.com\\\/wp-content\\\/uploads\\\/sites\\\/2\\\/2026\\\/03\\\/APAL-banner1-aspect-ratio-1400-788.jpg\",\"width\":959,\"height\":540},{\"@type\":\"BreadcrumbList\",\"@id\":\"https:\\\/\\\/transportjournal.com\\\/es\\\/2026\\\/03\\\/13\\\/efw-convierte-un-a330-para-apal\\\/#breadcrumb\",\"itemListElement\":[{\"@type\":\"ListItem\",\"position\":1,\"name\":\"Startseite\",\"item\":\"https:\\\/\\\/transportjournal.com\\\/es\\\/\"},{\"@type\":\"ListItem\",\"position\":2,\"name\":\"EFW convierte un A330 para APAL\"}]},{\"@type\":\"WebSite\",\"@id\":\"https:\\\/\\\/transportjournal.com\\\/es\\\/#website\",\"url\":\"https:\\\/\\\/transportjournal.com\\\/es\\\/\",\"name\":\"ITJ | International Transport Journal\",\"description\":\"Stay informed with the latest global news from the transport, logistics, and supply chain industries. Transport Journal delivers expert insights, analysis, and updates across shipping, aviation, intermodal, and forwarding.\",\"publisher\":{\"@id\":\"https:\\\/\\\/transportjournal.com\\\/es\\\/#organization\"},\"potentialAction\":[{\"@type\":\"SearchAction\",\"target\":{\"@type\":\"EntryPoint\",\"urlTemplate\":\"https:\\\/\\\/transportjournal.com\\\/es\\\/?s={search_term_string}\"},\"query-input\":{\"@type\":\"PropertyValueSpecification\",\"valueRequired\":true,\"valueName\":\"search_term_string\"}}],\"inLanguage\":\"es\"},{\"@type\":\"Organization\",\"@id\":\"https:\\\/\\\/transportjournal.com\\\/es\\\/#organization\",\"name\":\"Grupo Logismedia AG\",\"alternateName\":\"Logismedia Group AG\",\"url\":\"https:\\\/\\\/transportjournal.com\\\/es\\\/\",\"logo\":{\"@type\":\"ImageObject\",\"inLanguage\":\"es\",\"@id\":\"https:\\\/\\\/transportjournal.com\\\/es\\\/#\\\/schema\\\/logo\\\/image\\\/\",\"url\":\"https:\\\/\\\/transportjournal.com\\\/wp-content\\\/uploads\\\/sites\\\/2\\\/2025\\\/09\\\/Logo_ITJ.png\",\"contentUrl\":\"https:\\\/\\\/transportjournal.com\\\/wp-content\\\/uploads\\\/sites\\\/2\\\/2025\\\/09\\\/Logo_ITJ.png\",\"width\":799,\"height\":326,\"caption\":\"Grupo Logismedia AG\"},\"image\":{\"@id\":\"https:\\\/\\\/transportjournal.com\\\/es\\\/#\\\/schema\\\/logo\\\/image\\\/\"},\"sameAs\":[\"https:\\\/\\\/www.linkedin.com\\\/company\\\/56456496\\\/admin\\\/dashboard\\\/\",\"https:\\\/\\\/www.instagram.com\\\/logismediagroup\\\/\",\"https:\\\/\\\/www.youtube.com\\\/@LogiamediaGroupAG\"]},{\"@type\":\"Person\",\"@id\":\"https:\\\/\\\/transportjournal.com\\\/es\\\/#\\\/schema\\\/person\\\/cf538b3157f15afd7589245a4b3dbd25\",\"name\":\"Andreas Haug\",\"url\":\"https:\\\/\\\/transportjournal.com\\\/es\\\/author\\\/andreas\\\/\"}]}<\/script>\n<!-- \/ Yoast SEO plugin. -->","yoast_head_json":{"title":"EFW convierte un A330 para APAL - ITJ | International Transport Journal","robots":{"index":"index","follow":"follow","max-snippet":"max-snippet:-1","max-image-preview":"max-image-preview:large","max-video-preview":"max-video-preview:-1"},"canonical":"https:\/\/transportjournal.com\/es\/2026\/03\/13\/efw-convierte-un-a330-para-apal\/","og_locale":"es_ES","og_type":"article","og_title":"EFW convierte un A330 para APAL - ITJ | International Transport Journal","og_description":"El Elbe Flugzeugwerke ha firmado un contrato para la conversi\u00f3n de un Airbus A330-300 con el Asia Pacific Aviation Leasing Group para atender el mercado de carga.","og_url":"https:\/\/transportjournal.com\/es\/2026\/03\/13\/efw-convierte-un-a330-para-apal\/","og_site_name":"ITJ | International Transport Journal","article_published_time":"2026-03-13T07:57:08+00:00","article_modified_time":"2026-03-13T10:05:33+00:00","og_image":[{"width":959,"height":540,"url":"https:\/\/transportjournal.com\/wp-content\/uploads\/sites\/2\/2026\/03\/APAL-banner1-aspect-ratio-1400-788.jpg","type":"image\/jpeg"}],"author":"Andreas Haug","twitter_card":"summary_large_image","twitter_misc":{"Escrito por":"Andreas Haug","Tiempo de lectura":"1 minuto"},"schema":{"@context":"https:\/\/schema.org","@graph":[{"@type":"Article","@id":"https:\/\/transportjournal.com\/es\/2026\/03\/13\/efw-convierte-un-a330-para-apal\/#article","isPartOf":{"@id":"https:\/\/transportjournal.com\/es\/2026\/03\/13\/efw-convierte-un-a330-para-apal\/"},"author":{"name":"Andreas Haug","@id":"https:\/\/transportjournal.com\/es\/#\/schema\/person\/cf538b3157f15afd7589245a4b3dbd25"},"headline":"EFW convierte un A330 para APAL","datePublished":"2026-03-13T07:57:08+00:00","dateModified":"2026-03-13T10:05:33+00:00","mainEntityOfPage":{"@id":"https:\/\/transportjournal.com\/es\/2026\/03\/13\/efw-convierte-un-a330-para-apal\/"},"wordCount":298,"commentCount":0,"publisher":{"@id":"https:\/\/transportjournal.com\/es\/#organization"},"image":{"@id":"https:\/\/transportjournal.com\/es\/2026\/03\/13\/efw-convierte-un-a330-para-apal\/#primaryimage"},"thumbnailUrl":"https:\/\/transportjournal.com\/wp-content\/uploads\/sites\/2\/2026\/03\/APAL-banner1-aspect-ratio-1400-788.jpg","keywords":["air freight industry","Airbus A330P2F","aircraft modification certification","APAL","aviation technology","avion cargo","cargo aircraft","cargo fleet","certification de modification d'avion","Chinese cargo market","coentreprise ST Engineering","conversion passager en fret","Deutsch Airbus A330","Dresde","Dresden","EFW","EFW modification sites","EFW technical planning","Fachkr\u00e4ftemangel Luftfahrt","fleet modernization","flotte de fret","Flottenmodernisierung","Frachtflotte","Frachtflugzeug","Frachtl\u00f6sungen","Frachtmarkt China","freight solutions","Hong Kong","Hong Kong Fran\u00e7ais Airbus A330","Hongkong English Airbus A330","industrie du fret a\u00e9rien","industrie du transport","innovative Frachtl\u00f6sungen","innovative freight solutions","Joint Venture ST Engineering","Luftfahrttechnik","Luftfrachtindustrie","march\u00e9 du fret chinois","modernisation de flotte","passenger-to-freighter conversion","p\u00e9nurie de main-d'\u0153uvre a\u00e9ronautique","planification technique EFW","sites de modification EFW","skilled labor shortage aviation","solutions de fret","solutions de fret innovantes","ST Engineering joint venture","technische Planung EFW","technologie a\u00e9ronautique","transport industry","Transportwirtschaft","Umr\u00fcststandorte EFW","Umr\u00fcstung Passagierflugzeug","Zertifizierung Flugzeugumbau"],"articleSection":["Asia\/Pac\u00edfico","Carga a\u00e9rea","Deutschland","Europa"],"inLanguage":"es","potentialAction":[{"@type":"CommentAction","name":"Comment","target":["https:\/\/transportjournal.com\/es\/2026\/03\/13\/efw-convierte-un-a330-para-apal\/#respond"]}]},{"@type":"WebPage","@id":"https:\/\/transportjournal.com\/es\/2026\/03\/13\/efw-convierte-un-a330-para-apal\/","url":"https:\/\/transportjournal.com\/es\/2026\/03\/13\/efw-convierte-un-a330-para-apal\/","name":"EFW convierte un A330 para APAL - ITJ | International Transport Journal","isPartOf":{"@id":"https:\/\/transportjournal.com\/es\/#website"},"primaryImageOfPage":{"@id":"https:\/\/transportjournal.com\/es\/2026\/03\/13\/efw-convierte-un-a330-para-apal\/#primaryimage"},"image":{"@id":"https:\/\/transportjournal.com\/es\/2026\/03\/13\/efw-convierte-un-a330-para-apal\/#primaryimage"},"thumbnailUrl":"https:\/\/transportjournal.com\/wp-content\/uploads\/sites\/2\/2026\/03\/APAL-banner1-aspect-ratio-1400-788.jpg","datePublished":"2026-03-13T07:57:08+00:00","dateModified":"2026-03-13T10:05:33+00:00","breadcrumb":{"@id":"https:\/\/transportjournal.com\/es\/2026\/03\/13\/efw-convierte-un-a330-para-apal\/#breadcrumb"},"inLanguage":"es","potentialAction":[{"@type":"ReadAction","target":["https:\/\/transportjournal.com\/es\/2026\/03\/13\/efw-convierte-un-a330-para-apal\/"]}]},{"@type":"ImageObject","inLanguage":"es","@id":"https:\/\/transportjournal.com\/es\/2026\/03\/13\/efw-convierte-un-a330-para-apal\/#primaryimage","url":"https:\/\/transportjournal.com\/wp-content\/uploads\/sites\/2\/2026\/03\/APAL-banner1-aspect-ratio-1400-788.jpg","contentUrl":"https:\/\/transportjournal.com\/wp-content\/uploads\/sites\/2\/2026\/03\/APAL-banner1-aspect-ratio-1400-788.jpg","width":959,"height":540},{"@type":"BreadcrumbList","@id":"https:\/\/transportjournal.com\/es\/2026\/03\/13\/efw-convierte-un-a330-para-apal\/#breadcrumb","itemListElement":[{"@type":"ListItem","position":1,"name":"Startseite","item":"https:\/\/transportjournal.com\/es\/"},{"@type":"ListItem","position":2,"name":"EFW convierte un A330 para APAL"}]},{"@type":"WebSite","@id":"https:\/\/transportjournal.com\/es\/#website","url":"https:\/\/transportjournal.com\/es\/","name":"ITJ | International Transport Journal","description":"Stay informed with the latest global news from the transport, logistics, and supply chain industries. Transport Journal delivers expert insights, analysis, and updates across shipping, aviation, intermodal, and forwarding.","publisher":{"@id":"https:\/\/transportjournal.com\/es\/#organization"},"potentialAction":[{"@type":"SearchAction","target":{"@type":"EntryPoint","urlTemplate":"https:\/\/transportjournal.com\/es\/?s={search_term_string}"},"query-input":{"@type":"PropertyValueSpecification","valueRequired":true,"valueName":"search_term_string"}}],"inLanguage":"es"},{"@type":"Organization","@id":"https:\/\/transportjournal.com\/es\/#organization","name":"Grupo Logismedia AG","alternateName":"Logismedia Group AG","url":"https:\/\/transportjournal.com\/es\/","logo":{"@type":"ImageObject","inLanguage":"es","@id":"https:\/\/transportjournal.com\/es\/#\/schema\/logo\/image\/","url":"https:\/\/transportjournal.com\/wp-content\/uploads\/sites\/2\/2025\/09\/Logo_ITJ.png","contentUrl":"https:\/\/transportjournal.com\/wp-content\/uploads\/sites\/2\/2025\/09\/Logo_ITJ.png","width":799,"height":326,"caption":"Grupo Logismedia AG"},"image":{"@id":"https:\/\/transportjournal.com\/es\/#\/schema\/logo\/image\/"},"sameAs":["https:\/\/www.linkedin.com\/company\/56456496\/admin\/dashboard\/","https:\/\/www.instagram.com\/logismediagroup\/","https:\/\/www.youtube.com\/@LogiamediaGroupAG"]},{"@type":"Person","@id":"https:\/\/transportjournal.com\/es\/#\/schema\/person\/cf538b3157f15afd7589245a4b3dbd25","name":"Andreas Haug","url":"https:\/\/transportjournal.com\/es\/author\/andreas\/"}]}},"_links":{"self":[{"href":"https:\/\/transportjournal.com\/es\/wp-json\/wp\/v2\/posts\/80680","targetHints":{"allow":["GET"]}}],"collection":[{"href":"https:\/\/transportjournal.com\/es\/wp-json\/wp\/v2\/posts"}],"about":[{"href":"https:\/\/transportjournal.com\/es\/wp-json\/wp\/v2\/types\/post"}],"author":[{"embeddable":true,"href":"https:\/\/transportjournal.com\/es\/wp-json\/wp\/v2\/users\/12"}],"replies":[{"embeddable":true,"href":"https:\/\/transportjournal.com\/es\/wp-json\/wp\/v2\/comments?post=80680"}],"version-history":[{"count":1,"href":"https:\/\/transportjournal.com\/es\/wp-json\/wp\/v2\/posts\/80680\/revisions"}],"predecessor-version":[{"id":80719,"href":"https:\/\/transportjournal.com\/es\/wp-json\/wp\/v2\/posts\/80680\/revisions\/80719"}],"wp:featuredmedia":[{"embeddable":true,"href":"https:\/\/transportjournal.com\/es\/wp-json\/wp\/v2\/media\/80677"}],"wp:attachment":[{"href":"https:\/\/transportjournal.com\/es\/wp-json\/wp\/v2\/media?parent=80680"}],"wp:term":[{"taxonomy":"category","embeddable":true,"href":"https:\/\/transportjournal.com\/es\/wp-json\/wp\/v2\/categories?post=80680"},{"taxonomy":"post_tag","embeddable":true,"href":"https:\/\/transportjournal.com\/es\/wp-json\/wp\/v2\/tags?post=80680"}],"curies":[{"name":"wp","href":"https:\/\/api.w.org\/{rel}","templated":true}]}}