{"id":80664,"date":"2026-03-12T15:03:00","date_gmt":"2026-03-12T15:03:00","guid":{"rendered":"https:\/\/transportjournal.com\/2026\/03\/12\/transnatur-cambia-de-socio-en-la-zona-de-stuttgart\/"},"modified":"2026-03-12T15:03:00","modified_gmt":"2026-03-12T15:03:00","slug":"transnatur-cambia-de-socio-en-la-zona-de-stuttgart","status":"publish","type":"post","link":"https:\/\/transportjournal.com\/es\/2026\/03\/12\/transnatur-cambia-de-socio-en-la-zona-de-stuttgart\/","title":{"rendered":"Transnatur cambia de socio en la zona de Stuttgart"},"content":{"rendered":"<p>La Transnatur Group ha iniciado recientemente una nueva colaboraci\u00f3n con la empresa de transporte y log\u00edstica L. Wackler Wwe. Nachf. GmbH. La cooperaci\u00f3n abarca la zona de Stuttgart en el oeste de Alemania.<\/p>\n<p>Wackler fue fundada hace m\u00e1s de 100 a\u00f1os y hoy es dirigida en la quinta generaci\u00f3n por la familia empresaria. La sede principal de la empresa se encuentra en G\u00f6ppingen, a unos 50 km de Stuttgart. Wackler cuenta con aproximadamente 100,000 m<sup>2<\/sup> de espacio de almacenamiento y emplea a 270 trabajadores.<\/p>\n<p>Con la nueva colaboraci\u00f3n, la Transnatur Group busca asegurar y expandir sus operaciones existentes en esta regi\u00f3n altamente industrializada y econ\u00f3micamente din\u00e1mica. La regi\u00f3n de Stuttgart es un importante centro de la industria automotriz y tecnol\u00f3gica europea. Numerosas empresas del sector automotriz y de TI est\u00e1n ubicadas all\u00ed, lo que hace que una estructura log\u00edstica eficiente sea de particular importancia.<\/p>\n<p>El servicio diario de exportaci\u00f3n e importaci\u00f3n se mantendr\u00e1 con tiempos de tr\u00e1nsito \u00f3ptimos. La Transnatur Group est\u00e1 convencida de que la colaboraci\u00f3n permitir\u00e1 a ambas empresas asegurar un alto nivel de servicio y, al mismo tiempo, abrir nuevas oportunidades de negocio en la regi\u00f3n.<\/p>\n<p><a href=\"http:\/\/www.transnatur.com\" target=\"_blank\" rel=\"noopener noreferrer\">www.transnatur.com<\/a><\/p>\n<p><a href=\"https:\/\/www.wackler.de\" target=\"_blank\" rel=\"noopener noreferrer\">www.wackler.de<\/a><\/p>\n","protected":false},"excerpt":{"rendered":"<p>El Transnatur Group ha iniciado una cooperaci\u00f3n con la L. Wackler Wwe. Nachf. GmbH para optimizar y expandir los servicios log\u00edsticos en la zona de Stuttgart.<\/p>\n","protected":false},"author":14,"featured_media":80661,"comment_status":"open","ping_status":"","sticky":false,"template":"","format":"standard","meta":{"_acf_changed":false,"footnotes":""},"categories":[1611,1604,1605],"tags":[26511,26512,5246,26513,3353,3354,26514,26515,26516,26517,2122,26518,2123,26519,26520,3328,3994,26521,26522,26523,5256,4000,2821,26524,26525,1831,26526,3336,26527,3379,3339,3340,2479,26528,26529,26530,26531,26532,13807,26533,2339,26534,2106,26535,26536,26537,26538,26539,26540,26541,26542,26543,26544],"class_list":["post-80664","post","type-post","status-publish","format-standard","has-post-thumbnail","hentry","category-europa","category-intermodal-carretera","category-expedicion-y-logistica","tag-automobilindustrie-stuttgart","tag-automotive-industry-stuttgart","tag-cooperation-logistique","tag-deutsch-transnatur","tag-digitalisierung-logistik","tag-digitalization-logistics","tag-dynamique-economique-stuttgart","tag-economic-dynamics-stuttgart","tag-entreprises-de-logistique-allemagne","tag-espace-dentreposage-goeppingen","tag-fachkraeftemangel-logistik","tag-fournisseurs-de-logistique","tag-gestion-de-la-chaine-dapprovisionnement","tag-import-export-stuttgart","tag-industrie-automobile-stuttgart","tag-infrastructure-logistique","tag-infrastruktur-logistik","tag-kooperation-logistik","tag-lagerflaeche-goeppingen","tag-logistics-companies-germany","tag-logistics-cooperation","tag-logistics-infrastructure","tag-logistics-providers","tag-logistics-stuttgart","tag-logistik-stuttgart","tag-logistikdienstleister","tag-logistikunternehmen-deutschland","tag-logistique-de-colis-allemagne","tag-logistique-stuttgart","tag-numerisation-logistique","tag-paketlogistik-deutschland","tag-parcel-logistics-germany","tag-penurie-de-competences-logistique","tag-prestataires-de-services-de-transport-stuttgart","tag-rail-freight-stuttgart","tag-regional-logistics-solutions","tag-regionale-logistikloesungen","tag-schienengueterverkehr-stuttgart","tag-secteur-du-transport-allemagne","tag-secteur-technologique-stuttgart","tag-skills-shortage-logistics","tag-solutions-logistiques-regionales","tag-supply-chain-management","tag-technologiebranche-stuttgart","tag-technology-sector-stuttgart","tag-transport-ferroviaire-stuttgart","tag-transport-industry-germany-francais-transnatur","tag-transport-service-providers-stuttgart","tag-transportdienstleister-stuttgart","tag-transportwirtschaft-deutschland-english-transnatur","tag-wackler","tag-warehouse-space-goeppingen","tag-wirtschaftliche-dynamik-stuttgart"],"acf":[],"yoast_head":"<!-- This site is optimized with the Yoast SEO plugin v27.3 - https:\/\/yoast.com\/product\/yoast-seo-wordpress\/ -->\n<title>Transnatur cambia de socio en la zona de Stuttgart - ITJ | International Transport Journal<\/title>\n<meta name=\"robots\" content=\"index, follow, max-snippet:-1, max-image-preview:large, max-video-preview:-1\" \/>\n<link rel=\"canonical\" href=\"https:\/\/transportjournal.com\/es\/2026\/03\/12\/transnatur-cambia-de-socio-en-la-zona-de-stuttgart\/\" \/>\n<meta property=\"og:locale\" content=\"es_ES\" \/>\n<meta property=\"og:type\" content=\"article\" \/>\n<meta property=\"og:title\" content=\"Transnatur cambia de socio en la zona de Stuttgart - ITJ | International Transport Journal\" \/>\n<meta property=\"og:description\" content=\"El Transnatur Group ha iniciado una cooperaci\u00f3n con la L. Wackler Wwe. Nachf. GmbH para optimizar y expandir los servicios log\u00edsticos en la zona de Stuttgart.\" \/>\n<meta property=\"og:url\" content=\"https:\/\/transportjournal.com\/es\/2026\/03\/12\/transnatur-cambia-de-socio-en-la-zona-de-stuttgart\/\" \/>\n<meta property=\"og:site_name\" content=\"ITJ | International Transport Journal\" \/>\n<meta property=\"article:published_time\" content=\"2026-03-12T15:03:00+00:00\" \/>\n<meta property=\"og:image\" content=\"https:\/\/transportjournal.com\/wp-content\/uploads\/sites\/2\/2026\/03\/transnatur-expertos-aduanas-1024x576-1.jpeg\" \/>\n\t<meta property=\"og:image:width\" content=\"1024\" \/>\n\t<meta property=\"og:image:height\" content=\"576\" \/>\n\t<meta property=\"og:image:type\" content=\"image\/jpeg\" \/>\n<meta name=\"author\" content=\"Gyan Sharan\" \/>\n<meta name=\"twitter:card\" content=\"summary_large_image\" \/>\n<meta name=\"twitter:label1\" content=\"Escrito por\" \/>\n\t<meta name=\"twitter:data1\" content=\"Gyan Sharan\" \/>\n\t<meta name=\"twitter:label2\" content=\"Tiempo de lectura\" \/>\n\t<meta name=\"twitter:data2\" content=\"1 minuto\" \/>\n<script type=\"application\/ld+json\" class=\"yoast-schema-graph\">{\"@context\":\"https:\\\/\\\/schema.org\",\"@graph\":[{\"@type\":\"Article\",\"@id\":\"https:\\\/\\\/transportjournal.com\\\/es\\\/2026\\\/03\\\/12\\\/transnatur-cambia-de-socio-en-la-zona-de-stuttgart\\\/#article\",\"isPartOf\":{\"@id\":\"https:\\\/\\\/transportjournal.com\\\/es\\\/2026\\\/03\\\/12\\\/transnatur-cambia-de-socio-en-la-zona-de-stuttgart\\\/\"},\"author\":{\"name\":\"Gyan Sharan\",\"@id\":\"https:\\\/\\\/transportjournal.com\\\/es\\\/#\\\/schema\\\/person\\\/13a9fc605c753db60ef7750a229cd042\"},\"headline\":\"Transnatur cambia de socio en la zona de Stuttgart\",\"datePublished\":\"2026-03-12T15:03:00+00:00\",\"mainEntityOfPage\":{\"@id\":\"https:\\\/\\\/transportjournal.com\\\/es\\\/2026\\\/03\\\/12\\\/transnatur-cambia-de-socio-en-la-zona-de-stuttgart\\\/\"},\"wordCount\":220,\"commentCount\":0,\"publisher\":{\"@id\":\"https:\\\/\\\/transportjournal.com\\\/es\\\/#organization\"},\"image\":{\"@id\":\"https:\\\/\\\/transportjournal.com\\\/es\\\/2026\\\/03\\\/12\\\/transnatur-cambia-de-socio-en-la-zona-de-stuttgart\\\/#primaryimage\"},\"thumbnailUrl\":\"https:\\\/\\\/transportjournal.com\\\/wp-content\\\/uploads\\\/sites\\\/2\\\/2026\\\/03\\\/transnatur-expertos-aduanas-1024x576-1.jpeg\",\"keywords\":[\"Automobilindustrie Stuttgart\",\"automotive industry Stuttgart\",\"coop\u00e9ration logistique\",\"Deutsch Transnatur\",\"Digitalisierung Logistik\",\"digitalization logistics\",\"dynamique \u00e9conomique Stuttgart\",\"economic dynamics Stuttgart\",\"entreprises de logistique Allemagne\",\"espace d'entreposage G\u00f6ppingen\",\"Fachkr\u00e4ftemangel Logistik\",\"fournisseurs de logistique\",\"gestion de la cha\u00eene d'approvisionnement\",\"Import Export Stuttgart\",\"industrie automobile Stuttgart\",\"infrastructure logistique\",\"Infrastruktur Logistik\",\"Kooperation Logistik\",\"Lagerfl\u00e4che G\u00f6ppingen\",\"logistics companies Germany\",\"logistics cooperation\",\"logistics infrastructure\",\"logistics providers\",\"logistics Stuttgart\",\"Logistik Stuttgart\",\"Logistikdienstleister\",\"Logistikunternehmen Deutschland\",\"logistique de colis Allemagne\",\"logistique Stuttgart\",\"num\u00e9risation logistique\",\"Paketlogistik Deutschland\",\"parcel logistics Germany\",\"p\u00e9nurie de comp\u00e9tences logistique\",\"prestataires de services de transport Stuttgart\",\"rail freight Stuttgart\",\"regional logistics solutions\",\"regionale Logistikl\u00f6sungen\",\"Schieneng\u00fcterverkehr Stuttgart\",\"secteur du transport Allemagne\",\"secteur technologique Stuttgart\",\"skills shortage logistics\",\"solutions logistiques r\u00e9gionales\",\"Supply Chain Management\",\"Technologiebranche Stuttgart\",\"technology sector Stuttgart\",\"transport ferroviaire Stuttgart\",\"transport industry Germany Fran\u00e7ais Transnatur\",\"transport service providers Stuttgart\",\"Transportdienstleister Stuttgart\",\"Transportwirtschaft Deutschland English Transnatur\",\"Wackler\",\"warehouse space G\u00f6ppingen\",\"wirtschaftliche Dynamik Stuttgart\"],\"articleSection\":[\"Europa\",\"Intermodal \\\/ Carretera\",\"Transporte de mercanc\u00edas y log\u00edstica\"],\"inLanguage\":\"es\",\"potentialAction\":[{\"@type\":\"CommentAction\",\"name\":\"Comment\",\"target\":[\"https:\\\/\\\/transportjournal.com\\\/es\\\/2026\\\/03\\\/12\\\/transnatur-cambia-de-socio-en-la-zona-de-stuttgart\\\/#respond\"]}]},{\"@type\":\"WebPage\",\"@id\":\"https:\\\/\\\/transportjournal.com\\\/es\\\/2026\\\/03\\\/12\\\/transnatur-cambia-de-socio-en-la-zona-de-stuttgart\\\/\",\"url\":\"https:\\\/\\\/transportjournal.com\\\/es\\\/2026\\\/03\\\/12\\\/transnatur-cambia-de-socio-en-la-zona-de-stuttgart\\\/\",\"name\":\"Transnatur cambia de socio en la zona de Stuttgart - ITJ | International Transport Journal\",\"isPartOf\":{\"@id\":\"https:\\\/\\\/transportjournal.com\\\/es\\\/#website\"},\"primaryImageOfPage\":{\"@id\":\"https:\\\/\\\/transportjournal.com\\\/es\\\/2026\\\/03\\\/12\\\/transnatur-cambia-de-socio-en-la-zona-de-stuttgart\\\/#primaryimage\"},\"image\":{\"@id\":\"https:\\\/\\\/transportjournal.com\\\/es\\\/2026\\\/03\\\/12\\\/transnatur-cambia-de-socio-en-la-zona-de-stuttgart\\\/#primaryimage\"},\"thumbnailUrl\":\"https:\\\/\\\/transportjournal.com\\\/wp-content\\\/uploads\\\/sites\\\/2\\\/2026\\\/03\\\/transnatur-expertos-aduanas-1024x576-1.jpeg\",\"datePublished\":\"2026-03-12T15:03:00+00:00\",\"breadcrumb\":{\"@id\":\"https:\\\/\\\/transportjournal.com\\\/es\\\/2026\\\/03\\\/12\\\/transnatur-cambia-de-socio-en-la-zona-de-stuttgart\\\/#breadcrumb\"},\"inLanguage\":\"es\",\"potentialAction\":[{\"@type\":\"ReadAction\",\"target\":[\"https:\\\/\\\/transportjournal.com\\\/es\\\/2026\\\/03\\\/12\\\/transnatur-cambia-de-socio-en-la-zona-de-stuttgart\\\/\"]}]},{\"@type\":\"ImageObject\",\"inLanguage\":\"es\",\"@id\":\"https:\\\/\\\/transportjournal.com\\\/es\\\/2026\\\/03\\\/12\\\/transnatur-cambia-de-socio-en-la-zona-de-stuttgart\\\/#primaryimage\",\"url\":\"https:\\\/\\\/transportjournal.com\\\/wp-content\\\/uploads\\\/sites\\\/2\\\/2026\\\/03\\\/transnatur-expertos-aduanas-1024x576-1.jpeg\",\"contentUrl\":\"https:\\\/\\\/transportjournal.com\\\/wp-content\\\/uploads\\\/sites\\\/2\\\/2026\\\/03\\\/transnatur-expertos-aduanas-1024x576-1.jpeg\",\"width\":1024,\"height\":576},{\"@type\":\"BreadcrumbList\",\"@id\":\"https:\\\/\\\/transportjournal.com\\\/es\\\/2026\\\/03\\\/12\\\/transnatur-cambia-de-socio-en-la-zona-de-stuttgart\\\/#breadcrumb\",\"itemListElement\":[{\"@type\":\"ListItem\",\"position\":1,\"name\":\"Startseite\",\"item\":\"https:\\\/\\\/transportjournal.com\\\/es\\\/\"},{\"@type\":\"ListItem\",\"position\":2,\"name\":\"Transnatur cambia de socio en la zona de Stuttgart\"}]},{\"@type\":\"WebSite\",\"@id\":\"https:\\\/\\\/transportjournal.com\\\/es\\\/#website\",\"url\":\"https:\\\/\\\/transportjournal.com\\\/es\\\/\",\"name\":\"ITJ | International Transport Journal\",\"description\":\"Stay informed with the latest global news from the transport, logistics, and supply chain industries. Transport Journal delivers expert insights, analysis, and updates across shipping, aviation, intermodal, and forwarding.\",\"publisher\":{\"@id\":\"https:\\\/\\\/transportjournal.com\\\/es\\\/#organization\"},\"potentialAction\":[{\"@type\":\"SearchAction\",\"target\":{\"@type\":\"EntryPoint\",\"urlTemplate\":\"https:\\\/\\\/transportjournal.com\\\/es\\\/?s={search_term_string}\"},\"query-input\":{\"@type\":\"PropertyValueSpecification\",\"valueRequired\":true,\"valueName\":\"search_term_string\"}}],\"inLanguage\":\"es\"},{\"@type\":\"Organization\",\"@id\":\"https:\\\/\\\/transportjournal.com\\\/es\\\/#organization\",\"name\":\"Grupo Logismedia AG\",\"alternateName\":\"Logismedia Group AG\",\"url\":\"https:\\\/\\\/transportjournal.com\\\/es\\\/\",\"logo\":{\"@type\":\"ImageObject\",\"inLanguage\":\"es\",\"@id\":\"https:\\\/\\\/transportjournal.com\\\/es\\\/#\\\/schema\\\/logo\\\/image\\\/\",\"url\":\"https:\\\/\\\/transportjournal.com\\\/wp-content\\\/uploads\\\/sites\\\/2\\\/2025\\\/09\\\/Logo_ITJ.png\",\"contentUrl\":\"https:\\\/\\\/transportjournal.com\\\/wp-content\\\/uploads\\\/sites\\\/2\\\/2025\\\/09\\\/Logo_ITJ.png\",\"width\":799,\"height\":326,\"caption\":\"Grupo Logismedia AG\"},\"image\":{\"@id\":\"https:\\\/\\\/transportjournal.com\\\/es\\\/#\\\/schema\\\/logo\\\/image\\\/\"},\"sameAs\":[\"https:\\\/\\\/www.linkedin.com\\\/company\\\/56456496\\\/admin\\\/dashboard\\\/\",\"https:\\\/\\\/www.instagram.com\\\/logismediagroup\\\/\",\"https:\\\/\\\/www.youtube.com\\\/@LogiamediaGroupAG\"]},{\"@type\":\"Person\",\"@id\":\"https:\\\/\\\/transportjournal.com\\\/es\\\/#\\\/schema\\\/person\\\/13a9fc605c753db60ef7750a229cd042\",\"name\":\"Gyan Sharan\",\"url\":\"https:\\\/\\\/transportjournal.com\\\/es\\\/author\\\/gyan\\\/\"}]}<\/script>\n<!-- \/ Yoast SEO plugin. -->","yoast_head_json":{"title":"Transnatur cambia de socio en la zona de Stuttgart - ITJ | International Transport Journal","robots":{"index":"index","follow":"follow","max-snippet":"max-snippet:-1","max-image-preview":"max-image-preview:large","max-video-preview":"max-video-preview:-1"},"canonical":"https:\/\/transportjournal.com\/es\/2026\/03\/12\/transnatur-cambia-de-socio-en-la-zona-de-stuttgart\/","og_locale":"es_ES","og_type":"article","og_title":"Transnatur cambia de socio en la zona de Stuttgart - ITJ | International Transport Journal","og_description":"El Transnatur Group ha iniciado una cooperaci\u00f3n con la L. Wackler Wwe. Nachf. GmbH para optimizar y expandir los servicios log\u00edsticos en la zona de Stuttgart.","og_url":"https:\/\/transportjournal.com\/es\/2026\/03\/12\/transnatur-cambia-de-socio-en-la-zona-de-stuttgart\/","og_site_name":"ITJ | International Transport Journal","article_published_time":"2026-03-12T15:03:00+00:00","og_image":[{"width":1024,"height":576,"url":"https:\/\/transportjournal.com\/wp-content\/uploads\/sites\/2\/2026\/03\/transnatur-expertos-aduanas-1024x576-1.jpeg","type":"image\/jpeg"}],"author":"Gyan Sharan","twitter_card":"summary_large_image","twitter_misc":{"Escrito por":"Gyan Sharan","Tiempo de lectura":"1 minuto"},"schema":{"@context":"https:\/\/schema.org","@graph":[{"@type":"Article","@id":"https:\/\/transportjournal.com\/es\/2026\/03\/12\/transnatur-cambia-de-socio-en-la-zona-de-stuttgart\/#article","isPartOf":{"@id":"https:\/\/transportjournal.com\/es\/2026\/03\/12\/transnatur-cambia-de-socio-en-la-zona-de-stuttgart\/"},"author":{"name":"Gyan Sharan","@id":"https:\/\/transportjournal.com\/es\/#\/schema\/person\/13a9fc605c753db60ef7750a229cd042"},"headline":"Transnatur cambia de socio en la zona de Stuttgart","datePublished":"2026-03-12T15:03:00+00:00","mainEntityOfPage":{"@id":"https:\/\/transportjournal.com\/es\/2026\/03\/12\/transnatur-cambia-de-socio-en-la-zona-de-stuttgart\/"},"wordCount":220,"commentCount":0,"publisher":{"@id":"https:\/\/transportjournal.com\/es\/#organization"},"image":{"@id":"https:\/\/transportjournal.com\/es\/2026\/03\/12\/transnatur-cambia-de-socio-en-la-zona-de-stuttgart\/#primaryimage"},"thumbnailUrl":"https:\/\/transportjournal.com\/wp-content\/uploads\/sites\/2\/2026\/03\/transnatur-expertos-aduanas-1024x576-1.jpeg","keywords":["Automobilindustrie Stuttgart","automotive industry Stuttgart","coop\u00e9ration logistique","Deutsch Transnatur","Digitalisierung Logistik","digitalization logistics","dynamique \u00e9conomique Stuttgart","economic dynamics Stuttgart","entreprises de logistique Allemagne","espace d'entreposage G\u00f6ppingen","Fachkr\u00e4ftemangel Logistik","fournisseurs de logistique","gestion de la cha\u00eene d'approvisionnement","Import Export Stuttgart","industrie automobile Stuttgart","infrastructure logistique","Infrastruktur Logistik","Kooperation Logistik","Lagerfl\u00e4che G\u00f6ppingen","logistics companies Germany","logistics cooperation","logistics infrastructure","logistics providers","logistics Stuttgart","Logistik Stuttgart","Logistikdienstleister","Logistikunternehmen Deutschland","logistique de colis Allemagne","logistique Stuttgart","num\u00e9risation logistique","Paketlogistik Deutschland","parcel logistics Germany","p\u00e9nurie de comp\u00e9tences logistique","prestataires de services de transport Stuttgart","rail freight Stuttgart","regional logistics solutions","regionale Logistikl\u00f6sungen","Schieneng\u00fcterverkehr Stuttgart","secteur du transport Allemagne","secteur technologique Stuttgart","skills shortage logistics","solutions logistiques r\u00e9gionales","Supply Chain Management","Technologiebranche Stuttgart","technology sector Stuttgart","transport ferroviaire Stuttgart","transport industry Germany Fran\u00e7ais Transnatur","transport service providers Stuttgart","Transportdienstleister Stuttgart","Transportwirtschaft Deutschland English Transnatur","Wackler","warehouse space G\u00f6ppingen","wirtschaftliche Dynamik Stuttgart"],"articleSection":["Europa","Intermodal \/ Carretera","Transporte de mercanc\u00edas y log\u00edstica"],"inLanguage":"es","potentialAction":[{"@type":"CommentAction","name":"Comment","target":["https:\/\/transportjournal.com\/es\/2026\/03\/12\/transnatur-cambia-de-socio-en-la-zona-de-stuttgart\/#respond"]}]},{"@type":"WebPage","@id":"https:\/\/transportjournal.com\/es\/2026\/03\/12\/transnatur-cambia-de-socio-en-la-zona-de-stuttgart\/","url":"https:\/\/transportjournal.com\/es\/2026\/03\/12\/transnatur-cambia-de-socio-en-la-zona-de-stuttgart\/","name":"Transnatur cambia de socio en la zona de Stuttgart - ITJ | International Transport Journal","isPartOf":{"@id":"https:\/\/transportjournal.com\/es\/#website"},"primaryImageOfPage":{"@id":"https:\/\/transportjournal.com\/es\/2026\/03\/12\/transnatur-cambia-de-socio-en-la-zona-de-stuttgart\/#primaryimage"},"image":{"@id":"https:\/\/transportjournal.com\/es\/2026\/03\/12\/transnatur-cambia-de-socio-en-la-zona-de-stuttgart\/#primaryimage"},"thumbnailUrl":"https:\/\/transportjournal.com\/wp-content\/uploads\/sites\/2\/2026\/03\/transnatur-expertos-aduanas-1024x576-1.jpeg","datePublished":"2026-03-12T15:03:00+00:00","breadcrumb":{"@id":"https:\/\/transportjournal.com\/es\/2026\/03\/12\/transnatur-cambia-de-socio-en-la-zona-de-stuttgart\/#breadcrumb"},"inLanguage":"es","potentialAction":[{"@type":"ReadAction","target":["https:\/\/transportjournal.com\/es\/2026\/03\/12\/transnatur-cambia-de-socio-en-la-zona-de-stuttgart\/"]}]},{"@type":"ImageObject","inLanguage":"es","@id":"https:\/\/transportjournal.com\/es\/2026\/03\/12\/transnatur-cambia-de-socio-en-la-zona-de-stuttgart\/#primaryimage","url":"https:\/\/transportjournal.com\/wp-content\/uploads\/sites\/2\/2026\/03\/transnatur-expertos-aduanas-1024x576-1.jpeg","contentUrl":"https:\/\/transportjournal.com\/wp-content\/uploads\/sites\/2\/2026\/03\/transnatur-expertos-aduanas-1024x576-1.jpeg","width":1024,"height":576},{"@type":"BreadcrumbList","@id":"https:\/\/transportjournal.com\/es\/2026\/03\/12\/transnatur-cambia-de-socio-en-la-zona-de-stuttgart\/#breadcrumb","itemListElement":[{"@type":"ListItem","position":1,"name":"Startseite","item":"https:\/\/transportjournal.com\/es\/"},{"@type":"ListItem","position":2,"name":"Transnatur cambia de socio en la zona de Stuttgart"}]},{"@type":"WebSite","@id":"https:\/\/transportjournal.com\/es\/#website","url":"https:\/\/transportjournal.com\/es\/","name":"ITJ | International Transport Journal","description":"Stay informed with the latest global news from the transport, logistics, and supply chain industries. Transport Journal delivers expert insights, analysis, and updates across shipping, aviation, intermodal, and forwarding.","publisher":{"@id":"https:\/\/transportjournal.com\/es\/#organization"},"potentialAction":[{"@type":"SearchAction","target":{"@type":"EntryPoint","urlTemplate":"https:\/\/transportjournal.com\/es\/?s={search_term_string}"},"query-input":{"@type":"PropertyValueSpecification","valueRequired":true,"valueName":"search_term_string"}}],"inLanguage":"es"},{"@type":"Organization","@id":"https:\/\/transportjournal.com\/es\/#organization","name":"Grupo Logismedia AG","alternateName":"Logismedia Group AG","url":"https:\/\/transportjournal.com\/es\/","logo":{"@type":"ImageObject","inLanguage":"es","@id":"https:\/\/transportjournal.com\/es\/#\/schema\/logo\/image\/","url":"https:\/\/transportjournal.com\/wp-content\/uploads\/sites\/2\/2025\/09\/Logo_ITJ.png","contentUrl":"https:\/\/transportjournal.com\/wp-content\/uploads\/sites\/2\/2025\/09\/Logo_ITJ.png","width":799,"height":326,"caption":"Grupo Logismedia AG"},"image":{"@id":"https:\/\/transportjournal.com\/es\/#\/schema\/logo\/image\/"},"sameAs":["https:\/\/www.linkedin.com\/company\/56456496\/admin\/dashboard\/","https:\/\/www.instagram.com\/logismediagroup\/","https:\/\/www.youtube.com\/@LogiamediaGroupAG"]},{"@type":"Person","@id":"https:\/\/transportjournal.com\/es\/#\/schema\/person\/13a9fc605c753db60ef7750a229cd042","name":"Gyan Sharan","url":"https:\/\/transportjournal.com\/es\/author\/gyan\/"}]}},"_links":{"self":[{"href":"https:\/\/transportjournal.com\/es\/wp-json\/wp\/v2\/posts\/80664","targetHints":{"allow":["GET"]}}],"collection":[{"href":"https:\/\/transportjournal.com\/es\/wp-json\/wp\/v2\/posts"}],"about":[{"href":"https:\/\/transportjournal.com\/es\/wp-json\/wp\/v2\/types\/post"}],"author":[{"embeddable":true,"href":"https:\/\/transportjournal.com\/es\/wp-json\/wp\/v2\/users\/14"}],"replies":[{"embeddable":true,"href":"https:\/\/transportjournal.com\/es\/wp-json\/wp\/v2\/comments?post=80664"}],"version-history":[{"count":0,"href":"https:\/\/transportjournal.com\/es\/wp-json\/wp\/v2\/posts\/80664\/revisions"}],"wp:featuredmedia":[{"embeddable":true,"href":"https:\/\/transportjournal.com\/es\/wp-json\/wp\/v2\/media\/80661"}],"wp:attachment":[{"href":"https:\/\/transportjournal.com\/es\/wp-json\/wp\/v2\/media?parent=80664"}],"wp:term":[{"taxonomy":"category","embeddable":true,"href":"https:\/\/transportjournal.com\/es\/wp-json\/wp\/v2\/categories?post=80664"},{"taxonomy":"post_tag","embeddable":true,"href":"https:\/\/transportjournal.com\/es\/wp-json\/wp\/v2\/tags?post=80664"}],"curies":[{"name":"wp","href":"https:\/\/api.w.org\/{rel}","templated":true}]}}