{"id":80632,"date":"2026-03-12T11:47:26","date_gmt":"2026-03-12T11:47:26","guid":{"rendered":"https:\/\/transportjournal.com\/2026\/03\/12\/novelis-colabora-en-el-transporte-ferroviario-con-lineas\/"},"modified":"2026-03-12T11:47:26","modified_gmt":"2026-03-12T11:47:26","slug":"novelis-colabora-en-el-transporte-ferroviario-con-lineas","status":"publish","type":"post","link":"https:\/\/transportjournal.com\/es\/2026\/03\/12\/novelis-colabora-en-el-transporte-ferroviario-con-lineas\/","title":{"rendered":"Novelis colabora en el transporte ferroviario con LINEAS"},"content":{"rendered":"<p>Novelis ha firmado una asociaci\u00f3n estrat\u00e9gica con la empresa de transporte ferroviario LINEAS para gestionar el transporte de lingotes de aluminio, bobinas y chatarra por ferrocarril en Europa. El contrato prev\u00e9 que se utilicen m\u00e1s de 1.000 trenes de mercanc\u00edas anualmente para el transporte entre los diferentes sitios de Novelis en Europa, seg\u00fan informa Novelis.<\/p>\n<h3>Distribuci\u00f3n de material por ferrocarril<\/h3>\n<p>Seg\u00fan Roland Leder, Vicepresidente de la Cadena de Suministro de Novelis Europa, la colaboraci\u00f3n con LINEAS permite una reducci\u00f3n significativa de las emisiones de CO\u2082e. &#8222;El transporte por ferrocarril ahorra aproximadamente un 78 por ciento de las emisiones de CO\u2082e en comparaci\u00f3n con la carretera&#8220;, afirma Leder.<\/p>\n<p>La empresa indica que el ferrocarril desempe\u00f1a un papel central en la red log\u00edstica de Novelis, ya que representa el medio de transporte m\u00e1s importante para las entregas de material entre las plantas de producci\u00f3n en Europa, con una participaci\u00f3n del 95 por ciento. Los lingotes de aluminio especialmente largos, que pueden pesar hasta 25 toneladas, se transportan principalmente por ferrocarril. Esto se debe principalmente a las restricciones de peso para el transporte por cami\u00f3n. Los transportes comienzan en la planta de Novelis en Nachterstedt y se dirigen a la planta de la empresa conjunta &#8222;Alunorf&#8220; en Neuss.<\/p>\n<p>La ubicaci\u00f3n de G\u00f6ttingen act\u00faa, seg\u00fan Novelis, como un centro para la red log\u00edstica ferroviaria europea de la empresa. Aqu\u00ed se lleva a cabo la formaci\u00f3n de trenes, lo que debe garantizar una distribuci\u00f3n eficiente de material dentro de los sitios.<\/p>\n<p><a href=\"https:\/\/de.novelis.com\/\" target=\"_blank\" rel=\"noopener noreferrer\">www.de.novelis.com<\/a><\/p>\n","protected":false},"excerpt":{"rendered":"<p>Novelis ha establecido una asociaci\u00f3n con LINEAS para gestionar el transporte ferroviario de aluminio en Europa.<\/p>\n","protected":false},"author":10,"featured_media":80629,"comment_status":"open","ping_status":"","sticky":false,"template":"","format":"standard","meta":{"_acf_changed":false,"footnotes":""},"categories":[9092,1611,1604],"tags":[26358,26359,26360,26361,26362,26363,26364,2115,4521,26365,26366,26367,26368,26369,26370,26371,26372,2125,3682,3683,26373,2131,2133,2134,1831,2136,2622,26374,26375,1800,26376,26377,3157,3566,2148,2193,4264,26378,1916,26379,2641,26380,26381,26382,4345,3852,3125,2155,1837],"class_list":["post-80632","post","type-post","status-publish","format-standard","has-post-thumbnail","hentry","category-deutschland","category-europa","category-intermodal-carretera","tag-aluminiumtransport","tag-aluminum-transport","tag-alunorf","tag-bahntransport","tag-coe-emissions","tag-coe-emissionen","tag-deutsch-novelis","tag-digitalisierung-in-der-logistik","tag-digitization-in-logistics","tag-distribution-de-materiel-par-rail","tag-emissions-de-coe","tag-europaeisches-schienenlogistiknetz","tag-european-rail-logistics-network","tag-fachkraeftemangel-in-der-transportbranche","tag-freight-trains-in-europe","tag-goettingen","tag-gueterzuege-in-europa","tag-industrie-du-transport","tag-infrastructure","tag-infrastruktur","tag-lineas","tag-logistics","tag-logistics-service-providers","tag-logistik","tag-logistikdienstleister","tag-logistique","tag-logistique-durable","tag-material-distribution-by-rail","tag-materialverteilung-per-schiene","tag-nachhaltige-logistik","tag-nachhaltiger-transport-english-novelis","tag-nachterstedt","tag-numerisation-dans-la-logistique","tag-penurie-de-main-doeuvre-dans-le-secteur-du-transport","tag-prestataires-de-services-logistiques","tag-rail-freight-transport","tag-rail-transport","tag-reseau-logistique-ferroviaire-europeen","tag-schienengueterverkehr","tag-skills-shortage-in-the-transport-sector","tag-sustainable-logistics","tag-sustainable-transport-francais-novelis","tag-trains-de-marchandises-en-europe","tag-transport-daluminium","tag-transport-durable","tag-transport-ferroviaire","tag-transport-ferroviaire-de-marchandises","tag-transport-industry","tag-transportwirtschaft"],"acf":[],"yoast_head":"<!-- This site is optimized with the Yoast SEO plugin v27.3 - https:\/\/yoast.com\/product\/yoast-seo-wordpress\/ -->\n<title>Novelis colabora en el transporte ferroviario con LINEAS - ITJ | International Transport Journal<\/title>\n<meta name=\"robots\" content=\"index, follow, max-snippet:-1, max-image-preview:large, max-video-preview:-1\" \/>\n<link rel=\"canonical\" href=\"https:\/\/transportjournal.com\/es\/2026\/03\/12\/novelis-colabora-en-el-transporte-ferroviario-con-lineas\/\" \/>\n<meta property=\"og:locale\" content=\"es_ES\" \/>\n<meta property=\"og:type\" content=\"article\" \/>\n<meta property=\"og:title\" content=\"Novelis colabora en el transporte ferroviario con LINEAS - ITJ | International Transport Journal\" \/>\n<meta property=\"og:description\" content=\"Novelis ha establecido una asociaci\u00f3n con LINEAS para gestionar el transporte ferroviario de aluminio en Europa.\" \/>\n<meta property=\"og:url\" content=\"https:\/\/transportjournal.com\/es\/2026\/03\/12\/novelis-colabora-en-el-transporte-ferroviario-con-lineas\/\" \/>\n<meta property=\"og:site_name\" content=\"ITJ | International Transport Journal\" \/>\n<meta property=\"article:published_time\" content=\"2026-03-12T11:47:26+00:00\" \/>\n<meta property=\"og:image\" content=\"https:\/\/transportjournal.com\/wp-content\/uploads\/sites\/2\/2026\/03\/da2894f0-fde6-4444-aa61-2a4704833887-aspect-ratio-1400-788.jpg\" \/>\n\t<meta property=\"og:image:width\" content=\"1920\" \/>\n\t<meta property=\"og:image:height\" content=\"1081\" \/>\n\t<meta property=\"og:image:type\" content=\"image\/jpeg\" \/>\n<meta name=\"author\" content=\"Jeremy Soland\" \/>\n<meta name=\"twitter:card\" content=\"summary_large_image\" \/>\n<meta name=\"twitter:label1\" content=\"Escrito por\" \/>\n\t<meta name=\"twitter:data1\" content=\"Jeremy Soland\" \/>\n\t<meta name=\"twitter:label2\" content=\"Tiempo de lectura\" \/>\n\t<meta name=\"twitter:data2\" content=\"1 minuto\" \/>\n<script type=\"application\/ld+json\" class=\"yoast-schema-graph\">{\"@context\":\"https:\\\/\\\/schema.org\",\"@graph\":[{\"@type\":\"Article\",\"@id\":\"https:\\\/\\\/transportjournal.com\\\/es\\\/2026\\\/03\\\/12\\\/novelis-colabora-en-el-transporte-ferroviario-con-lineas\\\/#article\",\"isPartOf\":{\"@id\":\"https:\\\/\\\/transportjournal.com\\\/es\\\/2026\\\/03\\\/12\\\/novelis-colabora-en-el-transporte-ferroviario-con-lineas\\\/\"},\"author\":{\"name\":\"Jeremy Soland\",\"@id\":\"https:\\\/\\\/transportjournal.com\\\/es\\\/#\\\/schema\\\/person\\\/41d36b5474b623392fa613e97e2363fa\"},\"headline\":\"Novelis colabora en el transporte ferroviario con LINEAS\",\"datePublished\":\"2026-03-12T11:47:26+00:00\",\"mainEntityOfPage\":{\"@id\":\"https:\\\/\\\/transportjournal.com\\\/es\\\/2026\\\/03\\\/12\\\/novelis-colabora-en-el-transporte-ferroviario-con-lineas\\\/\"},\"wordCount\":279,\"commentCount\":0,\"publisher\":{\"@id\":\"https:\\\/\\\/transportjournal.com\\\/es\\\/#organization\"},\"image\":{\"@id\":\"https:\\\/\\\/transportjournal.com\\\/es\\\/2026\\\/03\\\/12\\\/novelis-colabora-en-el-transporte-ferroviario-con-lineas\\\/#primaryimage\"},\"thumbnailUrl\":\"https:\\\/\\\/transportjournal.com\\\/wp-content\\\/uploads\\\/sites\\\/2\\\/2026\\\/03\\\/da2894f0-fde6-4444-aa61-2a4704833887-aspect-ratio-1400-788.jpg\",\"keywords\":[\"Aluminiumtransport\",\"aluminum transport\",\"Alunorf\",\"Bahntransport\",\"CO\u2082e emissions\",\"CO\u2082e-Emissionen\",\"Deutsch Novelis\",\"Digitalisierung in der Logistik\",\"digitization in logistics\",\"distribution de mat\u00e9riel par rail\",\"\u00e9missions de CO\u2082e\",\"europ\u00e4isches Schienenlogistiknetz\",\"European rail logistics network\",\"Fachkr\u00e4ftemangel in der Transportbranche\",\"freight trains in Europe\",\"G\u00f6ttingen\",\"G\u00fcterz\u00fcge in Europa\",\"industrie du transport\",\"infrastructure\",\"Infrastruktur\",\"LINEAS\",\"logistics\",\"logistics service providers\",\"Logistik\",\"Logistikdienstleister\",\"logistique\",\"logistique durable\",\"material distribution by rail\",\"Materialverteilung per Schiene\",\"nachhaltige Logistik\",\"nachhaltiger Transport English Novelis\",\"Nachterstedt\",\"num\u00e9risation dans la logistique\",\"p\u00e9nurie de main-d'\u0153uvre dans le secteur du transport\",\"prestataires de services logistiques\",\"rail freight transport\",\"rail transport\",\"r\u00e9seau logistique ferroviaire europ\u00e9en\",\"Schieneng\u00fcterverkehr\",\"skills shortage in the transport sector\",\"sustainable logistics\",\"sustainable transport Fran\u00e7ais Novelis\",\"trains de marchandises en Europe\",\"transport d'aluminium\",\"transport durable\",\"transport ferroviaire\",\"transport ferroviaire de marchandises\",\"transport industry\",\"Transportwirtschaft\"],\"articleSection\":[\"Deutschland\",\"Europa\",\"Intermodal \\\/ Carretera\"],\"inLanguage\":\"es\",\"potentialAction\":[{\"@type\":\"CommentAction\",\"name\":\"Comment\",\"target\":[\"https:\\\/\\\/transportjournal.com\\\/es\\\/2026\\\/03\\\/12\\\/novelis-colabora-en-el-transporte-ferroviario-con-lineas\\\/#respond\"]}]},{\"@type\":\"WebPage\",\"@id\":\"https:\\\/\\\/transportjournal.com\\\/es\\\/2026\\\/03\\\/12\\\/novelis-colabora-en-el-transporte-ferroviario-con-lineas\\\/\",\"url\":\"https:\\\/\\\/transportjournal.com\\\/es\\\/2026\\\/03\\\/12\\\/novelis-colabora-en-el-transporte-ferroviario-con-lineas\\\/\",\"name\":\"Novelis colabora en el transporte ferroviario con LINEAS - ITJ | International Transport Journal\",\"isPartOf\":{\"@id\":\"https:\\\/\\\/transportjournal.com\\\/es\\\/#website\"},\"primaryImageOfPage\":{\"@id\":\"https:\\\/\\\/transportjournal.com\\\/es\\\/2026\\\/03\\\/12\\\/novelis-colabora-en-el-transporte-ferroviario-con-lineas\\\/#primaryimage\"},\"image\":{\"@id\":\"https:\\\/\\\/transportjournal.com\\\/es\\\/2026\\\/03\\\/12\\\/novelis-colabora-en-el-transporte-ferroviario-con-lineas\\\/#primaryimage\"},\"thumbnailUrl\":\"https:\\\/\\\/transportjournal.com\\\/wp-content\\\/uploads\\\/sites\\\/2\\\/2026\\\/03\\\/da2894f0-fde6-4444-aa61-2a4704833887-aspect-ratio-1400-788.jpg\",\"datePublished\":\"2026-03-12T11:47:26+00:00\",\"breadcrumb\":{\"@id\":\"https:\\\/\\\/transportjournal.com\\\/es\\\/2026\\\/03\\\/12\\\/novelis-colabora-en-el-transporte-ferroviario-con-lineas\\\/#breadcrumb\"},\"inLanguage\":\"es\",\"potentialAction\":[{\"@type\":\"ReadAction\",\"target\":[\"https:\\\/\\\/transportjournal.com\\\/es\\\/2026\\\/03\\\/12\\\/novelis-colabora-en-el-transporte-ferroviario-con-lineas\\\/\"]}]},{\"@type\":\"ImageObject\",\"inLanguage\":\"es\",\"@id\":\"https:\\\/\\\/transportjournal.com\\\/es\\\/2026\\\/03\\\/12\\\/novelis-colabora-en-el-transporte-ferroviario-con-lineas\\\/#primaryimage\",\"url\":\"https:\\\/\\\/transportjournal.com\\\/wp-content\\\/uploads\\\/sites\\\/2\\\/2026\\\/03\\\/da2894f0-fde6-4444-aa61-2a4704833887-aspect-ratio-1400-788.jpg\",\"contentUrl\":\"https:\\\/\\\/transportjournal.com\\\/wp-content\\\/uploads\\\/sites\\\/2\\\/2026\\\/03\\\/da2894f0-fde6-4444-aa61-2a4704833887-aspect-ratio-1400-788.jpg\",\"width\":1920,\"height\":1081},{\"@type\":\"BreadcrumbList\",\"@id\":\"https:\\\/\\\/transportjournal.com\\\/es\\\/2026\\\/03\\\/12\\\/novelis-colabora-en-el-transporte-ferroviario-con-lineas\\\/#breadcrumb\",\"itemListElement\":[{\"@type\":\"ListItem\",\"position\":1,\"name\":\"Startseite\",\"item\":\"https:\\\/\\\/transportjournal.com\\\/es\\\/\"},{\"@type\":\"ListItem\",\"position\":2,\"name\":\"Novelis colabora en el transporte ferroviario con LINEAS\"}]},{\"@type\":\"WebSite\",\"@id\":\"https:\\\/\\\/transportjournal.com\\\/es\\\/#website\",\"url\":\"https:\\\/\\\/transportjournal.com\\\/es\\\/\",\"name\":\"ITJ | International Transport Journal\",\"description\":\"Stay informed with the latest global news from the transport, logistics, and supply chain industries. Transport Journal delivers expert insights, analysis, and updates across shipping, aviation, intermodal, and forwarding.\",\"publisher\":{\"@id\":\"https:\\\/\\\/transportjournal.com\\\/es\\\/#organization\"},\"potentialAction\":[{\"@type\":\"SearchAction\",\"target\":{\"@type\":\"EntryPoint\",\"urlTemplate\":\"https:\\\/\\\/transportjournal.com\\\/es\\\/?s={search_term_string}\"},\"query-input\":{\"@type\":\"PropertyValueSpecification\",\"valueRequired\":true,\"valueName\":\"search_term_string\"}}],\"inLanguage\":\"es\"},{\"@type\":\"Organization\",\"@id\":\"https:\\\/\\\/transportjournal.com\\\/es\\\/#organization\",\"name\":\"Grupo Logismedia AG\",\"alternateName\":\"Logismedia Group AG\",\"url\":\"https:\\\/\\\/transportjournal.com\\\/es\\\/\",\"logo\":{\"@type\":\"ImageObject\",\"inLanguage\":\"es\",\"@id\":\"https:\\\/\\\/transportjournal.com\\\/es\\\/#\\\/schema\\\/logo\\\/image\\\/\",\"url\":\"https:\\\/\\\/transportjournal.com\\\/wp-content\\\/uploads\\\/sites\\\/2\\\/2025\\\/09\\\/Logo_ITJ.png\",\"contentUrl\":\"https:\\\/\\\/transportjournal.com\\\/wp-content\\\/uploads\\\/sites\\\/2\\\/2025\\\/09\\\/Logo_ITJ.png\",\"width\":799,\"height\":326,\"caption\":\"Grupo Logismedia AG\"},\"image\":{\"@id\":\"https:\\\/\\\/transportjournal.com\\\/es\\\/#\\\/schema\\\/logo\\\/image\\\/\"},\"sameAs\":[\"https:\\\/\\\/www.linkedin.com\\\/company\\\/56456496\\\/admin\\\/dashboard\\\/\",\"https:\\\/\\\/www.instagram.com\\\/logismediagroup\\\/\",\"https:\\\/\\\/www.youtube.com\\\/@LogiamediaGroupAG\"]},{\"@type\":\"Person\",\"@id\":\"https:\\\/\\\/transportjournal.com\\\/es\\\/#\\\/schema\\\/person\\\/41d36b5474b623392fa613e97e2363fa\",\"name\":\"Jeremy Soland\",\"url\":\"https:\\\/\\\/transportjournal.com\\\/es\\\/author\\\/jeremy\\\/\"}]}<\/script>\n<!-- \/ Yoast SEO plugin. -->","yoast_head_json":{"title":"Novelis colabora en el transporte ferroviario con LINEAS - ITJ | International Transport Journal","robots":{"index":"index","follow":"follow","max-snippet":"max-snippet:-1","max-image-preview":"max-image-preview:large","max-video-preview":"max-video-preview:-1"},"canonical":"https:\/\/transportjournal.com\/es\/2026\/03\/12\/novelis-colabora-en-el-transporte-ferroviario-con-lineas\/","og_locale":"es_ES","og_type":"article","og_title":"Novelis colabora en el transporte ferroviario con LINEAS - ITJ | International Transport Journal","og_description":"Novelis ha establecido una asociaci\u00f3n con LINEAS para gestionar el transporte ferroviario de aluminio en Europa.","og_url":"https:\/\/transportjournal.com\/es\/2026\/03\/12\/novelis-colabora-en-el-transporte-ferroviario-con-lineas\/","og_site_name":"ITJ | International Transport Journal","article_published_time":"2026-03-12T11:47:26+00:00","og_image":[{"width":1920,"height":1081,"url":"https:\/\/transportjournal.com\/wp-content\/uploads\/sites\/2\/2026\/03\/da2894f0-fde6-4444-aa61-2a4704833887-aspect-ratio-1400-788.jpg","type":"image\/jpeg"}],"author":"Jeremy Soland","twitter_card":"summary_large_image","twitter_misc":{"Escrito por":"Jeremy Soland","Tiempo de lectura":"1 minuto"},"schema":{"@context":"https:\/\/schema.org","@graph":[{"@type":"Article","@id":"https:\/\/transportjournal.com\/es\/2026\/03\/12\/novelis-colabora-en-el-transporte-ferroviario-con-lineas\/#article","isPartOf":{"@id":"https:\/\/transportjournal.com\/es\/2026\/03\/12\/novelis-colabora-en-el-transporte-ferroviario-con-lineas\/"},"author":{"name":"Jeremy Soland","@id":"https:\/\/transportjournal.com\/es\/#\/schema\/person\/41d36b5474b623392fa613e97e2363fa"},"headline":"Novelis colabora en el transporte ferroviario con LINEAS","datePublished":"2026-03-12T11:47:26+00:00","mainEntityOfPage":{"@id":"https:\/\/transportjournal.com\/es\/2026\/03\/12\/novelis-colabora-en-el-transporte-ferroviario-con-lineas\/"},"wordCount":279,"commentCount":0,"publisher":{"@id":"https:\/\/transportjournal.com\/es\/#organization"},"image":{"@id":"https:\/\/transportjournal.com\/es\/2026\/03\/12\/novelis-colabora-en-el-transporte-ferroviario-con-lineas\/#primaryimage"},"thumbnailUrl":"https:\/\/transportjournal.com\/wp-content\/uploads\/sites\/2\/2026\/03\/da2894f0-fde6-4444-aa61-2a4704833887-aspect-ratio-1400-788.jpg","keywords":["Aluminiumtransport","aluminum transport","Alunorf","Bahntransport","CO\u2082e emissions","CO\u2082e-Emissionen","Deutsch Novelis","Digitalisierung in der Logistik","digitization in logistics","distribution de mat\u00e9riel par rail","\u00e9missions de CO\u2082e","europ\u00e4isches Schienenlogistiknetz","European rail logistics network","Fachkr\u00e4ftemangel in der Transportbranche","freight trains in Europe","G\u00f6ttingen","G\u00fcterz\u00fcge in Europa","industrie du transport","infrastructure","Infrastruktur","LINEAS","logistics","logistics service providers","Logistik","Logistikdienstleister","logistique","logistique durable","material distribution by rail","Materialverteilung per Schiene","nachhaltige Logistik","nachhaltiger Transport English Novelis","Nachterstedt","num\u00e9risation dans la logistique","p\u00e9nurie de main-d'\u0153uvre dans le secteur du transport","prestataires de services logistiques","rail freight transport","rail transport","r\u00e9seau logistique ferroviaire europ\u00e9en","Schieneng\u00fcterverkehr","skills shortage in the transport sector","sustainable logistics","sustainable transport Fran\u00e7ais Novelis","trains de marchandises en Europe","transport d'aluminium","transport durable","transport ferroviaire","transport ferroviaire de marchandises","transport industry","Transportwirtschaft"],"articleSection":["Deutschland","Europa","Intermodal \/ Carretera"],"inLanguage":"es","potentialAction":[{"@type":"CommentAction","name":"Comment","target":["https:\/\/transportjournal.com\/es\/2026\/03\/12\/novelis-colabora-en-el-transporte-ferroviario-con-lineas\/#respond"]}]},{"@type":"WebPage","@id":"https:\/\/transportjournal.com\/es\/2026\/03\/12\/novelis-colabora-en-el-transporte-ferroviario-con-lineas\/","url":"https:\/\/transportjournal.com\/es\/2026\/03\/12\/novelis-colabora-en-el-transporte-ferroviario-con-lineas\/","name":"Novelis colabora en el transporte ferroviario con LINEAS - ITJ | International Transport Journal","isPartOf":{"@id":"https:\/\/transportjournal.com\/es\/#website"},"primaryImageOfPage":{"@id":"https:\/\/transportjournal.com\/es\/2026\/03\/12\/novelis-colabora-en-el-transporte-ferroviario-con-lineas\/#primaryimage"},"image":{"@id":"https:\/\/transportjournal.com\/es\/2026\/03\/12\/novelis-colabora-en-el-transporte-ferroviario-con-lineas\/#primaryimage"},"thumbnailUrl":"https:\/\/transportjournal.com\/wp-content\/uploads\/sites\/2\/2026\/03\/da2894f0-fde6-4444-aa61-2a4704833887-aspect-ratio-1400-788.jpg","datePublished":"2026-03-12T11:47:26+00:00","breadcrumb":{"@id":"https:\/\/transportjournal.com\/es\/2026\/03\/12\/novelis-colabora-en-el-transporte-ferroviario-con-lineas\/#breadcrumb"},"inLanguage":"es","potentialAction":[{"@type":"ReadAction","target":["https:\/\/transportjournal.com\/es\/2026\/03\/12\/novelis-colabora-en-el-transporte-ferroviario-con-lineas\/"]}]},{"@type":"ImageObject","inLanguage":"es","@id":"https:\/\/transportjournal.com\/es\/2026\/03\/12\/novelis-colabora-en-el-transporte-ferroviario-con-lineas\/#primaryimage","url":"https:\/\/transportjournal.com\/wp-content\/uploads\/sites\/2\/2026\/03\/da2894f0-fde6-4444-aa61-2a4704833887-aspect-ratio-1400-788.jpg","contentUrl":"https:\/\/transportjournal.com\/wp-content\/uploads\/sites\/2\/2026\/03\/da2894f0-fde6-4444-aa61-2a4704833887-aspect-ratio-1400-788.jpg","width":1920,"height":1081},{"@type":"BreadcrumbList","@id":"https:\/\/transportjournal.com\/es\/2026\/03\/12\/novelis-colabora-en-el-transporte-ferroviario-con-lineas\/#breadcrumb","itemListElement":[{"@type":"ListItem","position":1,"name":"Startseite","item":"https:\/\/transportjournal.com\/es\/"},{"@type":"ListItem","position":2,"name":"Novelis colabora en el transporte ferroviario con LINEAS"}]},{"@type":"WebSite","@id":"https:\/\/transportjournal.com\/es\/#website","url":"https:\/\/transportjournal.com\/es\/","name":"ITJ | International Transport Journal","description":"Stay informed with the latest global news from the transport, logistics, and supply chain industries. Transport Journal delivers expert insights, analysis, and updates across shipping, aviation, intermodal, and forwarding.","publisher":{"@id":"https:\/\/transportjournal.com\/es\/#organization"},"potentialAction":[{"@type":"SearchAction","target":{"@type":"EntryPoint","urlTemplate":"https:\/\/transportjournal.com\/es\/?s={search_term_string}"},"query-input":{"@type":"PropertyValueSpecification","valueRequired":true,"valueName":"search_term_string"}}],"inLanguage":"es"},{"@type":"Organization","@id":"https:\/\/transportjournal.com\/es\/#organization","name":"Grupo Logismedia AG","alternateName":"Logismedia Group AG","url":"https:\/\/transportjournal.com\/es\/","logo":{"@type":"ImageObject","inLanguage":"es","@id":"https:\/\/transportjournal.com\/es\/#\/schema\/logo\/image\/","url":"https:\/\/transportjournal.com\/wp-content\/uploads\/sites\/2\/2025\/09\/Logo_ITJ.png","contentUrl":"https:\/\/transportjournal.com\/wp-content\/uploads\/sites\/2\/2025\/09\/Logo_ITJ.png","width":799,"height":326,"caption":"Grupo Logismedia AG"},"image":{"@id":"https:\/\/transportjournal.com\/es\/#\/schema\/logo\/image\/"},"sameAs":["https:\/\/www.linkedin.com\/company\/56456496\/admin\/dashboard\/","https:\/\/www.instagram.com\/logismediagroup\/","https:\/\/www.youtube.com\/@LogiamediaGroupAG"]},{"@type":"Person","@id":"https:\/\/transportjournal.com\/es\/#\/schema\/person\/41d36b5474b623392fa613e97e2363fa","name":"Jeremy Soland","url":"https:\/\/transportjournal.com\/es\/author\/jeremy\/"}]}},"_links":{"self":[{"href":"https:\/\/transportjournal.com\/es\/wp-json\/wp\/v2\/posts\/80632","targetHints":{"allow":["GET"]}}],"collection":[{"href":"https:\/\/transportjournal.com\/es\/wp-json\/wp\/v2\/posts"}],"about":[{"href":"https:\/\/transportjournal.com\/es\/wp-json\/wp\/v2\/types\/post"}],"author":[{"embeddable":true,"href":"https:\/\/transportjournal.com\/es\/wp-json\/wp\/v2\/users\/10"}],"replies":[{"embeddable":true,"href":"https:\/\/transportjournal.com\/es\/wp-json\/wp\/v2\/comments?post=80632"}],"version-history":[{"count":0,"href":"https:\/\/transportjournal.com\/es\/wp-json\/wp\/v2\/posts\/80632\/revisions"}],"wp:featuredmedia":[{"embeddable":true,"href":"https:\/\/transportjournal.com\/es\/wp-json\/wp\/v2\/media\/80629"}],"wp:attachment":[{"href":"https:\/\/transportjournal.com\/es\/wp-json\/wp\/v2\/media?parent=80632"}],"wp:term":[{"taxonomy":"category","embeddable":true,"href":"https:\/\/transportjournal.com\/es\/wp-json\/wp\/v2\/categories?post=80632"},{"taxonomy":"post_tag","embeddable":true,"href":"https:\/\/transportjournal.com\/es\/wp-json\/wp\/v2\/tags?post=80632"}],"curies":[{"name":"wp","href":"https:\/\/api.w.org\/{rel}","templated":true}]}}