{"id":80538,"date":"2026-03-12T08:47:34","date_gmt":"2026-03-12T08:47:34","guid":{"rendered":"https:\/\/transportjournal.com\/2026\/03\/12\/frankfurt-y-changi-se-unen-a-cargo-iq\/"},"modified":"2026-03-12T10:07:53","modified_gmt":"2026-03-12T09:07:53","slug":"frankfurt-y-changi-se-unen-a-cargo-iq","status":"publish","type":"post","link":"https:\/\/transportjournal.com\/es\/2026\/03\/12\/frankfurt-y-changi-se-unen-a-cargo-iq\/","title":{"rendered":"Frankfurt y Changi se unen a Cargo iQ"},"content":{"rendered":"<p>Cargo iQ ha anunciado que el Aeropuerto de Frankfurt y el Aeropuerto de Singapur Changi han sido admitidos como nuevos miembros estrat\u00e9gicos del World Cargo Symposium de la Asociaci\u00f3n Internacional de Transporte A\u00e9reo en Lima, Per\u00fa. Marie Seco-K\u00f6ppen, directora general de Cargo iQ, explic\u00f3 que ambos aeropuertos trabajar\u00e1n junto con Cargo iQ en un plan de proyecto que definir\u00e1 requisitos y propuestas de valor.<\/p>\n<h3>Colaboraci\u00f3n para mejorar la cadena de suministro de carga a\u00e9rea<\/h3>\n<p>La membres\u00eda de ambos aeropuertos permitir\u00e1 a Cargo iQ obtener informaci\u00f3n sobre los procesos de los vuelos y la manipulaci\u00f3n de la carga. Una vez que se desarrolle una propuesta de valor formal, los aeropuertos &#8222;<span data-olk-copy-source=\"MessageBody\">ser\u00e1n un miembro ejecutable del marco de Cargo iQ&#8220;, informa la empresa<\/span>. Esto incluye la participaci\u00f3n en el Master Operating Plan (MOP) de Cargo iQ, as\u00ed como la adaptaci\u00f3n de definiciones de rendimiento. Estos pasos son, seg\u00fan Cargo iQ, parte de una estrategia continua que tiene como objetivo optimizar la cadena de suministro de carga a\u00e9rea a trav\u00e9s de propuestas de valor compartidas.<\/p>\n<p><a href=\"https:\/\/www.cargoiq.org\/\" target=\"_blank\" rel=\"noopener noreferrer\">www.cargoiq.org<\/a><\/p>\n","protected":false},"excerpt":{"rendered":"<p>Cargo iQ ha anunciado que los aeropuertos de Frankfurt y Singapore Changi se han unido como nuevos miembros.<\/p>\n","protected":false},"author":10,"featured_media":80535,"comment_status":"open","ping_status":"","sticky":false,"template":"","format":"standard","meta":{"_acf_changed":false,"footnotes":""},"categories":[1614,1610,1606,1611],"tags":[7127,8552,2648,26240,26241,25324,26242,8932,25328,7135,26243,3739,14237,14238,4951,26244,8573,8939,1958,8575,4091,2655,2952,2123,2277,3745,2075,2960,26245,2961,2133,1831,1962,26246,26247,26248,9447,26249,4962,26250,2826,26251,2148,26252,2834,2835,2106,4974,14263,4105,26253,26254,26255],"class_list":["post-80538","post","type-post","status-publish","format-standard","has-post-thumbnail","hentry","category-america","category-asia-pacifico","category-carga-aerea","category-europa","tag-aeroport-de-changi","tag-aeroport-de-francfort","tag-air-freight","tag-air-freight-industry-francais-cargo-iq","tag-air-freight-optimization","tag-air-freight-supply-chain","tag-association-internationale-du-transport-aerien","tag-cargo-handling","tag-chaine-dapprovisionnement-aerienne","tag-changi-airport","tag-deutsch-cargo-iq","tag-developpement-des-infrastructures","tag-digital-transformation-in-logistics","tag-digitale-transformation-in-der-logistik","tag-durabilite-dans-laviation","tag-flughafen-changi","tag-flughafen-frankfurt","tag-frachtabfertigung","tag-frachttransport","tag-frankfurt-airport","tag-freight-transport","tag-fret-aerien","tag-fret-aerien-international","tag-gestion-de-la-chaine-dapprovisionnement","tag-industrie-du-fret-aerien","tag-infrastructure-development","tag-infrastrukturentwicklung","tag-international-air-freight","tag-international-air-transport-association","tag-internationale-luftfracht","tag-logistics-service-providers","tag-logistikdienstleister","tag-luftfracht","tag-luftfracht-lieferkette","tag-luftfrachtindustrie-english-cargo-iq","tag-luftfrachtoptimierung","tag-manutention-de-fret","tag-master-operating-plan","tag-nachhaltigkeit-in-der-luftfahrt","tag-optimisation-du-fret-aerien","tag-partenariats-strategiques","tag-plan-operationnel-maitre","tag-prestataires-de-services-logistiques","tag-propositions-de-valeur-en-logistique","tag-strategic-partnerships","tag-strategische-partnerschaften","tag-supply-chain-management","tag-sustainability-in-aviation","tag-transformation-numerique-dans-la-logistique","tag-transport-de-fret","tag-value-propositions-in-logistics","tag-wertversprechen-in-der-logistik","tag-world-cargo-symposium"],"acf":[],"yoast_head":"<!-- This site is optimized with the Yoast SEO plugin v27.3 - https:\/\/yoast.com\/product\/yoast-seo-wordpress\/ -->\n<title>Frankfurt y Changi se unen a Cargo iQ - ITJ | International Transport Journal<\/title>\n<meta name=\"robots\" content=\"index, follow, max-snippet:-1, max-image-preview:large, max-video-preview:-1\" \/>\n<link rel=\"canonical\" href=\"https:\/\/transportjournal.com\/es\/2026\/03\/12\/frankfurt-y-changi-se-unen-a-cargo-iq\/\" \/>\n<meta property=\"og:locale\" content=\"es_ES\" \/>\n<meta property=\"og:type\" content=\"article\" \/>\n<meta property=\"og:title\" content=\"Frankfurt y Changi se unen a Cargo iQ - ITJ | International Transport Journal\" \/>\n<meta property=\"og:description\" content=\"Cargo iQ ha anunciado que los aeropuertos de Frankfurt y Singapore Changi se han unido como nuevos miembros.\" \/>\n<meta property=\"og:url\" content=\"https:\/\/transportjournal.com\/es\/2026\/03\/12\/frankfurt-y-changi-se-unen-a-cargo-iq\/\" \/>\n<meta property=\"og:site_name\" content=\"ITJ | International Transport Journal\" \/>\n<meta property=\"article:published_time\" content=\"2026-03-12T08:47:34+00:00\" \/>\n<meta property=\"article:modified_time\" content=\"2026-03-12T09:07:53+00:00\" \/>\n<meta property=\"og:image\" content=\"https:\/\/transportjournal.com\/wp-content\/uploads\/sites\/2\/2026\/03\/CIQ-Photo-scaled-1-aspect-ratio-1400-788.jpg\" \/>\n\t<meta property=\"og:image:width\" content=\"2048\" \/>\n\t<meta property=\"og:image:height\" content=\"1153\" \/>\n\t<meta property=\"og:image:type\" content=\"image\/jpeg\" \/>\n<meta name=\"author\" content=\"Jeremy Soland\" \/>\n<meta name=\"twitter:card\" content=\"summary_large_image\" \/>\n<meta name=\"twitter:label1\" content=\"Escrito por\" \/>\n\t<meta name=\"twitter:data1\" content=\"Jeremy Soland\" \/>\n\t<meta name=\"twitter:label2\" content=\"Tiempo de lectura\" \/>\n\t<meta name=\"twitter:data2\" content=\"1 minuto\" \/>\n<script type=\"application\/ld+json\" class=\"yoast-schema-graph\">{\"@context\":\"https:\\\/\\\/schema.org\",\"@graph\":[{\"@type\":\"Article\",\"@id\":\"https:\\\/\\\/transportjournal.com\\\/es\\\/2026\\\/03\\\/12\\\/frankfurt-y-changi-se-unen-a-cargo-iq\\\/#article\",\"isPartOf\":{\"@id\":\"https:\\\/\\\/transportjournal.com\\\/es\\\/2026\\\/03\\\/12\\\/frankfurt-y-changi-se-unen-a-cargo-iq\\\/\"},\"author\":{\"name\":\"Jeremy Soland\",\"@id\":\"https:\\\/\\\/transportjournal.com\\\/es\\\/#\\\/schema\\\/person\\\/41d36b5474b623392fa613e97e2363fa\"},\"headline\":\"Frankfurt y Changi se unen a Cargo iQ\",\"datePublished\":\"2026-03-12T08:47:34+00:00\",\"dateModified\":\"2026-03-12T09:07:53+00:00\",\"mainEntityOfPage\":{\"@id\":\"https:\\\/\\\/transportjournal.com\\\/es\\\/2026\\\/03\\\/12\\\/frankfurt-y-changi-se-unen-a-cargo-iq\\\/\"},\"wordCount\":199,\"commentCount\":0,\"publisher\":{\"@id\":\"https:\\\/\\\/transportjournal.com\\\/es\\\/#organization\"},\"image\":{\"@id\":\"https:\\\/\\\/transportjournal.com\\\/es\\\/2026\\\/03\\\/12\\\/frankfurt-y-changi-se-unen-a-cargo-iq\\\/#primaryimage\"},\"thumbnailUrl\":\"https:\\\/\\\/transportjournal.com\\\/wp-content\\\/uploads\\\/sites\\\/2\\\/2026\\\/03\\\/CIQ-Photo-scaled-1-aspect-ratio-1400-788.jpg\",\"keywords\":[\"a\u00e9roport de Changi\",\"a\u00e9roport de Francfort\",\"air freight\",\"air freight industry Fran\u00e7ais Cargo iQ\",\"air freight optimization\",\"air freight supply chain\",\"Association internationale du transport a\u00e9rien\",\"cargo handling\",\"cha\u00eene d'approvisionnement a\u00e9rienne\",\"Changi Airport\",\"Deutsch Cargo iQ\",\"d\u00e9veloppement des infrastructures\",\"digital transformation in logistics\",\"digitale Transformation in der Logistik\",\"durabilit\u00e9 dans l'aviation\",\"Flughafen Changi\",\"Flughafen Frankfurt\",\"Frachtabfertigung\",\"Frachttransport\",\"Frankfurt Airport\",\"freight transport\",\"fret a\u00e9rien\",\"fret a\u00e9rien international\",\"gestion de la cha\u00eene d'approvisionnement\",\"industrie du fret a\u00e9rien\",\"infrastructure development\",\"Infrastrukturentwicklung\",\"international air freight\",\"International Air Transport Association\",\"internationale Luftfracht\",\"logistics service providers\",\"Logistikdienstleister\",\"Luftfracht\",\"Luftfracht-Lieferkette\",\"Luftfrachtindustrie English Cargo iQ\",\"Luftfrachtoptimierung\",\"manutention de fret\",\"Master Operating Plan\",\"Nachhaltigkeit in der Luftfahrt\",\"optimisation du fret a\u00e9rien\",\"partenariats strat\u00e9giques\",\"plan op\u00e9rationnel ma\u00eetre\",\"prestataires de services logistiques\",\"propositions de valeur en logistique\",\"strategic partnerships\",\"strategische Partnerschaften\",\"Supply Chain Management\",\"sustainability in aviation\",\"transformation num\u00e9rique dans la logistique\",\"transport de fret\",\"value propositions in logistics\",\"Wertversprechen in der Logistik\",\"World Cargo Symposium\"],\"articleSection\":[\"Am\u00e9rica\",\"Asia\\\/Pac\u00edfico\",\"Carga a\u00e9rea\",\"Europa\"],\"inLanguage\":\"es\",\"potentialAction\":[{\"@type\":\"CommentAction\",\"name\":\"Comment\",\"target\":[\"https:\\\/\\\/transportjournal.com\\\/es\\\/2026\\\/03\\\/12\\\/frankfurt-y-changi-se-unen-a-cargo-iq\\\/#respond\"]}]},{\"@type\":\"WebPage\",\"@id\":\"https:\\\/\\\/transportjournal.com\\\/es\\\/2026\\\/03\\\/12\\\/frankfurt-y-changi-se-unen-a-cargo-iq\\\/\",\"url\":\"https:\\\/\\\/transportjournal.com\\\/es\\\/2026\\\/03\\\/12\\\/frankfurt-y-changi-se-unen-a-cargo-iq\\\/\",\"name\":\"Frankfurt y Changi se unen a Cargo iQ - ITJ | International Transport Journal\",\"isPartOf\":{\"@id\":\"https:\\\/\\\/transportjournal.com\\\/es\\\/#website\"},\"primaryImageOfPage\":{\"@id\":\"https:\\\/\\\/transportjournal.com\\\/es\\\/2026\\\/03\\\/12\\\/frankfurt-y-changi-se-unen-a-cargo-iq\\\/#primaryimage\"},\"image\":{\"@id\":\"https:\\\/\\\/transportjournal.com\\\/es\\\/2026\\\/03\\\/12\\\/frankfurt-y-changi-se-unen-a-cargo-iq\\\/#primaryimage\"},\"thumbnailUrl\":\"https:\\\/\\\/transportjournal.com\\\/wp-content\\\/uploads\\\/sites\\\/2\\\/2026\\\/03\\\/CIQ-Photo-scaled-1-aspect-ratio-1400-788.jpg\",\"datePublished\":\"2026-03-12T08:47:34+00:00\",\"dateModified\":\"2026-03-12T09:07:53+00:00\",\"breadcrumb\":{\"@id\":\"https:\\\/\\\/transportjournal.com\\\/es\\\/2026\\\/03\\\/12\\\/frankfurt-y-changi-se-unen-a-cargo-iq\\\/#breadcrumb\"},\"inLanguage\":\"es\",\"potentialAction\":[{\"@type\":\"ReadAction\",\"target\":[\"https:\\\/\\\/transportjournal.com\\\/es\\\/2026\\\/03\\\/12\\\/frankfurt-y-changi-se-unen-a-cargo-iq\\\/\"]}]},{\"@type\":\"ImageObject\",\"inLanguage\":\"es\",\"@id\":\"https:\\\/\\\/transportjournal.com\\\/es\\\/2026\\\/03\\\/12\\\/frankfurt-y-changi-se-unen-a-cargo-iq\\\/#primaryimage\",\"url\":\"https:\\\/\\\/transportjournal.com\\\/wp-content\\\/uploads\\\/sites\\\/2\\\/2026\\\/03\\\/CIQ-Photo-scaled-1-aspect-ratio-1400-788.jpg\",\"contentUrl\":\"https:\\\/\\\/transportjournal.com\\\/wp-content\\\/uploads\\\/sites\\\/2\\\/2026\\\/03\\\/CIQ-Photo-scaled-1-aspect-ratio-1400-788.jpg\",\"width\":2048,\"height\":1153},{\"@type\":\"BreadcrumbList\",\"@id\":\"https:\\\/\\\/transportjournal.com\\\/es\\\/2026\\\/03\\\/12\\\/frankfurt-y-changi-se-unen-a-cargo-iq\\\/#breadcrumb\",\"itemListElement\":[{\"@type\":\"ListItem\",\"position\":1,\"name\":\"Startseite\",\"item\":\"https:\\\/\\\/transportjournal.com\\\/es\\\/\"},{\"@type\":\"ListItem\",\"position\":2,\"name\":\"Frankfurt y Changi se unen a Cargo iQ\"}]},{\"@type\":\"WebSite\",\"@id\":\"https:\\\/\\\/transportjournal.com\\\/es\\\/#website\",\"url\":\"https:\\\/\\\/transportjournal.com\\\/es\\\/\",\"name\":\"ITJ | International Transport Journal\",\"description\":\"Stay informed with the latest global news from the transport, logistics, and supply chain industries. Transport Journal delivers expert insights, analysis, and updates across shipping, aviation, intermodal, and forwarding.\",\"publisher\":{\"@id\":\"https:\\\/\\\/transportjournal.com\\\/es\\\/#organization\"},\"potentialAction\":[{\"@type\":\"SearchAction\",\"target\":{\"@type\":\"EntryPoint\",\"urlTemplate\":\"https:\\\/\\\/transportjournal.com\\\/es\\\/?s={search_term_string}\"},\"query-input\":{\"@type\":\"PropertyValueSpecification\",\"valueRequired\":true,\"valueName\":\"search_term_string\"}}],\"inLanguage\":\"es\"},{\"@type\":\"Organization\",\"@id\":\"https:\\\/\\\/transportjournal.com\\\/es\\\/#organization\",\"name\":\"Grupo Logismedia AG\",\"alternateName\":\"Logismedia Group AG\",\"url\":\"https:\\\/\\\/transportjournal.com\\\/es\\\/\",\"logo\":{\"@type\":\"ImageObject\",\"inLanguage\":\"es\",\"@id\":\"https:\\\/\\\/transportjournal.com\\\/es\\\/#\\\/schema\\\/logo\\\/image\\\/\",\"url\":\"https:\\\/\\\/transportjournal.com\\\/wp-content\\\/uploads\\\/sites\\\/2\\\/2025\\\/09\\\/Logo_ITJ.png\",\"contentUrl\":\"https:\\\/\\\/transportjournal.com\\\/wp-content\\\/uploads\\\/sites\\\/2\\\/2025\\\/09\\\/Logo_ITJ.png\",\"width\":799,\"height\":326,\"caption\":\"Grupo Logismedia AG\"},\"image\":{\"@id\":\"https:\\\/\\\/transportjournal.com\\\/es\\\/#\\\/schema\\\/logo\\\/image\\\/\"},\"sameAs\":[\"https:\\\/\\\/www.linkedin.com\\\/company\\\/56456496\\\/admin\\\/dashboard\\\/\",\"https:\\\/\\\/www.instagram.com\\\/logismediagroup\\\/\",\"https:\\\/\\\/www.youtube.com\\\/@LogiamediaGroupAG\"]},{\"@type\":\"Person\",\"@id\":\"https:\\\/\\\/transportjournal.com\\\/es\\\/#\\\/schema\\\/person\\\/41d36b5474b623392fa613e97e2363fa\",\"name\":\"Jeremy Soland\",\"url\":\"https:\\\/\\\/transportjournal.com\\\/es\\\/author\\\/jeremy\\\/\"}]}<\/script>\n<!-- \/ Yoast SEO plugin. -->","yoast_head_json":{"title":"Frankfurt y Changi se unen a Cargo iQ - ITJ | International Transport Journal","robots":{"index":"index","follow":"follow","max-snippet":"max-snippet:-1","max-image-preview":"max-image-preview:large","max-video-preview":"max-video-preview:-1"},"canonical":"https:\/\/transportjournal.com\/es\/2026\/03\/12\/frankfurt-y-changi-se-unen-a-cargo-iq\/","og_locale":"es_ES","og_type":"article","og_title":"Frankfurt y Changi se unen a Cargo iQ - ITJ | International Transport Journal","og_description":"Cargo iQ ha anunciado que los aeropuertos de Frankfurt y Singapore Changi se han unido como nuevos miembros.","og_url":"https:\/\/transportjournal.com\/es\/2026\/03\/12\/frankfurt-y-changi-se-unen-a-cargo-iq\/","og_site_name":"ITJ | International Transport Journal","article_published_time":"2026-03-12T08:47:34+00:00","article_modified_time":"2026-03-12T09:07:53+00:00","og_image":[{"width":2048,"height":1153,"url":"https:\/\/transportjournal.com\/wp-content\/uploads\/sites\/2\/2026\/03\/CIQ-Photo-scaled-1-aspect-ratio-1400-788.jpg","type":"image\/jpeg"}],"author":"Jeremy Soland","twitter_card":"summary_large_image","twitter_misc":{"Escrito por":"Jeremy Soland","Tiempo de lectura":"1 minuto"},"schema":{"@context":"https:\/\/schema.org","@graph":[{"@type":"Article","@id":"https:\/\/transportjournal.com\/es\/2026\/03\/12\/frankfurt-y-changi-se-unen-a-cargo-iq\/#article","isPartOf":{"@id":"https:\/\/transportjournal.com\/es\/2026\/03\/12\/frankfurt-y-changi-se-unen-a-cargo-iq\/"},"author":{"name":"Jeremy Soland","@id":"https:\/\/transportjournal.com\/es\/#\/schema\/person\/41d36b5474b623392fa613e97e2363fa"},"headline":"Frankfurt y Changi se unen a Cargo iQ","datePublished":"2026-03-12T08:47:34+00:00","dateModified":"2026-03-12T09:07:53+00:00","mainEntityOfPage":{"@id":"https:\/\/transportjournal.com\/es\/2026\/03\/12\/frankfurt-y-changi-se-unen-a-cargo-iq\/"},"wordCount":199,"commentCount":0,"publisher":{"@id":"https:\/\/transportjournal.com\/es\/#organization"},"image":{"@id":"https:\/\/transportjournal.com\/es\/2026\/03\/12\/frankfurt-y-changi-se-unen-a-cargo-iq\/#primaryimage"},"thumbnailUrl":"https:\/\/transportjournal.com\/wp-content\/uploads\/sites\/2\/2026\/03\/CIQ-Photo-scaled-1-aspect-ratio-1400-788.jpg","keywords":["a\u00e9roport de Changi","a\u00e9roport de Francfort","air freight","air freight industry Fran\u00e7ais Cargo iQ","air freight optimization","air freight supply chain","Association internationale du transport a\u00e9rien","cargo handling","cha\u00eene d'approvisionnement a\u00e9rienne","Changi Airport","Deutsch Cargo iQ","d\u00e9veloppement des infrastructures","digital transformation in logistics","digitale Transformation in der Logistik","durabilit\u00e9 dans l'aviation","Flughafen Changi","Flughafen Frankfurt","Frachtabfertigung","Frachttransport","Frankfurt Airport","freight transport","fret a\u00e9rien","fret a\u00e9rien international","gestion de la cha\u00eene d'approvisionnement","industrie du fret a\u00e9rien","infrastructure development","Infrastrukturentwicklung","international air freight","International Air Transport Association","internationale Luftfracht","logistics service providers","Logistikdienstleister","Luftfracht","Luftfracht-Lieferkette","Luftfrachtindustrie English Cargo iQ","Luftfrachtoptimierung","manutention de fret","Master Operating Plan","Nachhaltigkeit in der Luftfahrt","optimisation du fret a\u00e9rien","partenariats strat\u00e9giques","plan op\u00e9rationnel ma\u00eetre","prestataires de services logistiques","propositions de valeur en logistique","strategic partnerships","strategische Partnerschaften","Supply Chain Management","sustainability in aviation","transformation num\u00e9rique dans la logistique","transport de fret","value propositions in logistics","Wertversprechen in der Logistik","World Cargo Symposium"],"articleSection":["Am\u00e9rica","Asia\/Pac\u00edfico","Carga a\u00e9rea","Europa"],"inLanguage":"es","potentialAction":[{"@type":"CommentAction","name":"Comment","target":["https:\/\/transportjournal.com\/es\/2026\/03\/12\/frankfurt-y-changi-se-unen-a-cargo-iq\/#respond"]}]},{"@type":"WebPage","@id":"https:\/\/transportjournal.com\/es\/2026\/03\/12\/frankfurt-y-changi-se-unen-a-cargo-iq\/","url":"https:\/\/transportjournal.com\/es\/2026\/03\/12\/frankfurt-y-changi-se-unen-a-cargo-iq\/","name":"Frankfurt y Changi se unen a Cargo iQ - ITJ | International Transport Journal","isPartOf":{"@id":"https:\/\/transportjournal.com\/es\/#website"},"primaryImageOfPage":{"@id":"https:\/\/transportjournal.com\/es\/2026\/03\/12\/frankfurt-y-changi-se-unen-a-cargo-iq\/#primaryimage"},"image":{"@id":"https:\/\/transportjournal.com\/es\/2026\/03\/12\/frankfurt-y-changi-se-unen-a-cargo-iq\/#primaryimage"},"thumbnailUrl":"https:\/\/transportjournal.com\/wp-content\/uploads\/sites\/2\/2026\/03\/CIQ-Photo-scaled-1-aspect-ratio-1400-788.jpg","datePublished":"2026-03-12T08:47:34+00:00","dateModified":"2026-03-12T09:07:53+00:00","breadcrumb":{"@id":"https:\/\/transportjournal.com\/es\/2026\/03\/12\/frankfurt-y-changi-se-unen-a-cargo-iq\/#breadcrumb"},"inLanguage":"es","potentialAction":[{"@type":"ReadAction","target":["https:\/\/transportjournal.com\/es\/2026\/03\/12\/frankfurt-y-changi-se-unen-a-cargo-iq\/"]}]},{"@type":"ImageObject","inLanguage":"es","@id":"https:\/\/transportjournal.com\/es\/2026\/03\/12\/frankfurt-y-changi-se-unen-a-cargo-iq\/#primaryimage","url":"https:\/\/transportjournal.com\/wp-content\/uploads\/sites\/2\/2026\/03\/CIQ-Photo-scaled-1-aspect-ratio-1400-788.jpg","contentUrl":"https:\/\/transportjournal.com\/wp-content\/uploads\/sites\/2\/2026\/03\/CIQ-Photo-scaled-1-aspect-ratio-1400-788.jpg","width":2048,"height":1153},{"@type":"BreadcrumbList","@id":"https:\/\/transportjournal.com\/es\/2026\/03\/12\/frankfurt-y-changi-se-unen-a-cargo-iq\/#breadcrumb","itemListElement":[{"@type":"ListItem","position":1,"name":"Startseite","item":"https:\/\/transportjournal.com\/es\/"},{"@type":"ListItem","position":2,"name":"Frankfurt y Changi se unen a Cargo iQ"}]},{"@type":"WebSite","@id":"https:\/\/transportjournal.com\/es\/#website","url":"https:\/\/transportjournal.com\/es\/","name":"ITJ | International Transport Journal","description":"Stay informed with the latest global news from the transport, logistics, and supply chain industries. Transport Journal delivers expert insights, analysis, and updates across shipping, aviation, intermodal, and forwarding.","publisher":{"@id":"https:\/\/transportjournal.com\/es\/#organization"},"potentialAction":[{"@type":"SearchAction","target":{"@type":"EntryPoint","urlTemplate":"https:\/\/transportjournal.com\/es\/?s={search_term_string}"},"query-input":{"@type":"PropertyValueSpecification","valueRequired":true,"valueName":"search_term_string"}}],"inLanguage":"es"},{"@type":"Organization","@id":"https:\/\/transportjournal.com\/es\/#organization","name":"Grupo Logismedia AG","alternateName":"Logismedia Group AG","url":"https:\/\/transportjournal.com\/es\/","logo":{"@type":"ImageObject","inLanguage":"es","@id":"https:\/\/transportjournal.com\/es\/#\/schema\/logo\/image\/","url":"https:\/\/transportjournal.com\/wp-content\/uploads\/sites\/2\/2025\/09\/Logo_ITJ.png","contentUrl":"https:\/\/transportjournal.com\/wp-content\/uploads\/sites\/2\/2025\/09\/Logo_ITJ.png","width":799,"height":326,"caption":"Grupo Logismedia AG"},"image":{"@id":"https:\/\/transportjournal.com\/es\/#\/schema\/logo\/image\/"},"sameAs":["https:\/\/www.linkedin.com\/company\/56456496\/admin\/dashboard\/","https:\/\/www.instagram.com\/logismediagroup\/","https:\/\/www.youtube.com\/@LogiamediaGroupAG"]},{"@type":"Person","@id":"https:\/\/transportjournal.com\/es\/#\/schema\/person\/41d36b5474b623392fa613e97e2363fa","name":"Jeremy Soland","url":"https:\/\/transportjournal.com\/es\/author\/jeremy\/"}]}},"_links":{"self":[{"href":"https:\/\/transportjournal.com\/es\/wp-json\/wp\/v2\/posts\/80538","targetHints":{"allow":["GET"]}}],"collection":[{"href":"https:\/\/transportjournal.com\/es\/wp-json\/wp\/v2\/posts"}],"about":[{"href":"https:\/\/transportjournal.com\/es\/wp-json\/wp\/v2\/types\/post"}],"author":[{"embeddable":true,"href":"https:\/\/transportjournal.com\/es\/wp-json\/wp\/v2\/users\/10"}],"replies":[{"embeddable":true,"href":"https:\/\/transportjournal.com\/es\/wp-json\/wp\/v2\/comments?post=80538"}],"version-history":[{"count":1,"href":"https:\/\/transportjournal.com\/es\/wp-json\/wp\/v2\/posts\/80538\/revisions"}],"predecessor-version":[{"id":80545,"href":"https:\/\/transportjournal.com\/es\/wp-json\/wp\/v2\/posts\/80538\/revisions\/80545"}],"wp:featuredmedia":[{"embeddable":true,"href":"https:\/\/transportjournal.com\/es\/wp-json\/wp\/v2\/media\/80535"}],"wp:attachment":[{"href":"https:\/\/transportjournal.com\/es\/wp-json\/wp\/v2\/media?parent=80538"}],"wp:term":[{"taxonomy":"category","embeddable":true,"href":"https:\/\/transportjournal.com\/es\/wp-json\/wp\/v2\/categories?post=80538"},{"taxonomy":"post_tag","embeddable":true,"href":"https:\/\/transportjournal.com\/es\/wp-json\/wp\/v2\/tags?post=80538"}],"curies":[{"name":"wp","href":"https:\/\/api.w.org\/{rel}","templated":true}]}}