{"id":80471,"date":"2026-03-11T14:01:52","date_gmt":"2026-03-11T14:01:52","guid":{"rendered":"https:\/\/transportjournal.com\/2026\/03\/11\/el-grupo-daher-ante-un-nuevo-liderazgo\/"},"modified":"2026-03-20T14:25:30","modified_gmt":"2026-03-20T13:25:30","slug":"el-grupo-daher-ante-un-nuevo-liderazgo","status":"publish","type":"post","link":"https:\/\/transportjournal.com\/es\/2026\/03\/11\/el-grupo-daher-ante-un-nuevo-liderazgo\/","title":{"rendered":"El grupo Daher ante un nuevo liderazgo"},"content":{"rendered":"<p>Thibault Scaramanga (izquierda) ser\u00e1 el nuevo presidente del consejo de administraci\u00f3n del grupo Daher. El actual vicepresidente, que representa a la familia Daher en el \u00f3rgano, asumir\u00e1 el cargo a partir del 31 de marzo de 2026. Al mismo tiempo, Aymeric Daher (derecha) ser\u00e1 delegado como director general. Estos cambios son parte de una reestructuraci\u00f3n integral que fue aprobada en octubre de 2025 para preparar la pr\u00f3xima generaci\u00f3n de la empresa y desarrollar el pr\u00f3ximo plan estrat\u00e9gico.<\/p>\n<h3>Reorientaci\u00f3n de la direcci\u00f3n empresarial<\/h3>\n<p>En el marco de la nueva organizaci\u00f3n, el consejo de administraci\u00f3n ha decidido introducir una ejecutiva reforzada, que estar\u00e1 compuesta por un director general y un director general delegado. Esta estructura tiene como objetivo fomentar la continuidad y complementariedad en la direcci\u00f3n empresarial. El nuevo director general, cuya contrataci\u00f3n est\u00e1 en curso, deber\u00e1 aportar nuevas perspectivas y experiencias a la empresa. Aymeric Daher, que anteriormente se desempe\u00f1\u00f3 como director general adjunto, asumir\u00e1 el rol de director general delegado a partir del 31 de marzo de 2026.<\/p>\n<p>En esa fecha, Thibault Scaramanga tambi\u00e9n asumir\u00e1 la direcci\u00f3n interina de la empresa. Junto con Aymeric Daher, dirigir\u00e1 las operaciones hasta la llegada del nuevo director general, contando con el apoyo de todo el comit\u00e9 ejecutivo.<\/p>\n<p>Didier Kayat, que ha sido parte del grupo Daher durante veinte a\u00f1os y ha ocupado el cargo de CEO durante los \u00faltimos diez, ha decidido dedicarse a nuevos proyectos personales. De acuerdo con el consejo de administraci\u00f3n, dejar\u00e1 sus funciones como presidente y director general el 31 de marzo de 2026. El consejo de administraci\u00f3n le agradece por su compromiso y sus contribuciones al desarrollo de Daher, que bajo su liderazgo ha experimentado una transformaci\u00f3n integral. Esto incluy\u00f3 un fortalecimiento de la presencia internacional, especialmente a trav\u00e9s de la expansi\u00f3n de todas las actividades en el continente americano, as\u00ed como un crecimiento continuo con unos ingresos de 1,9 mil millones de EUR en 2025. Bajo su liderazgo, el grupo se ha posicionado con \u00e9xito y ahora se encuentra entre las 50 empresas m\u00e1s grandes de la industria de la aviaci\u00f3n a nivel mundial.<\/p>\n<p>&nbsp;<\/p>\n<p><a href=\"https:\/\/www.daher.com\/\" target=\"_blank\" rel=\"noopener noreferrer\">www.daher.com<\/a><\/p>\n<p>&nbsp;<\/p>\n","protected":false},"excerpt":{"rendered":"<p>Thibault Scaramanga ser\u00e1 presidente del consejo de administraci\u00f3n del grupo Daher a partir del 31 de marzo de 2026, mientras que Aymeric Daher ser\u00e1 delegado como director general.<\/p>\n","protected":false},"author":12,"featured_media":80468,"comment_status":"open","ping_status":"","sticky":false,"template":"","format":"standard","meta":{"_acf_changed":false,"footnotes":""},"categories":[1611,1603,1605],"tags":[12561,26086,3397,26087,26088,26089,2207,26090,26091,12566,4441,2548,5586,26092,4443,2695,2696,26093,26094,26095,1889,26096,2562,3418,3682,26097,26098,26099,26100,2133,1831,2035,6729,2717,3602,26101,26102,2148,6734,6735,5611,2237,26103,26104,1857,26105,5620,15158,7324,2157,26106],"class_list":["post-80471","post","type-post","status-publish","format-standard","has-post-thumbnail","hentry","category-europa","category-personas-y-empresas","category-expedicion-y-logistica","tag-american-continent","tag-amerikanischer-kontinent","tag-aviation-industry","tag-aymeric-daher","tag-board-of-directors","tag-ceo","tag-chaine-dapprovisionnement","tag-comite-executif","tag-conseil-dadministration","tag-continent-americain","tag-corporate-development","tag-corporate-governance","tag-croissance-des-revenus","tag-deutsch-daher-gruppe","tag-developpement-dentreprise","tag-digitalisierung","tag-digitalization","tag-directeur-general","tag-executive-committee","tag-exekutivkomitee","tag-fachkraeftemangel","tag-generaldirektor","tag-gouvernance-dentreprise","tag-industrie-aeronautique","tag-infrastructure","tag-infrastructure-francais-groupe-daher","tag-infrastruktur-english-daher-group","tag-international-presence","tag-internationale-praesenz","tag-logistics-service-providers","tag-logistikdienstleister","tag-luftfahrtbranche","tag-neustrukturierung","tag-numerisation","tag-penurie-de-competences","tag-plan-strategique","tag-presence-internationale","tag-prestataires-de-services-logistiques","tag-restructuration","tag-restructuring","tag-revenue-growth","tag-skills-shortage","tag-strategic-plan","tag-strategischer-plan","tag-supply-chain","tag-thibault-scaramanga","tag-transformation","tag-umsatzwachstum","tag-unternehmensentwicklung","tag-unternehmensfuehrung","tag-verwaltungsrat"],"acf":[],"yoast_head":"<!-- This site is optimized with the Yoast SEO plugin v27.3 - https:\/\/yoast.com\/product\/yoast-seo-wordpress\/ -->\n<title>El grupo Daher ante un nuevo liderazgo - ITJ | International Transport Journal<\/title>\n<meta name=\"robots\" content=\"index, follow, max-snippet:-1, max-image-preview:large, max-video-preview:-1\" \/>\n<link rel=\"canonical\" href=\"https:\/\/transportjournal.com\/es\/2026\/03\/11\/el-grupo-daher-ante-un-nuevo-liderazgo\/\" \/>\n<meta property=\"og:locale\" content=\"es_ES\" \/>\n<meta property=\"og:type\" content=\"article\" \/>\n<meta property=\"og:title\" content=\"El grupo Daher ante un nuevo liderazgo - ITJ | International Transport Journal\" \/>\n<meta property=\"og:description\" content=\"Thibault Scaramanga ser\u00e1 presidente del consejo de administraci\u00f3n del grupo Daher a partir del 31 de marzo de 2026, mientras que Aymeric Daher ser\u00e1 delegado como director general.\" \/>\n<meta property=\"og:url\" content=\"https:\/\/transportjournal.com\/es\/2026\/03\/11\/el-grupo-daher-ante-un-nuevo-liderazgo\/\" \/>\n<meta property=\"og:site_name\" content=\"ITJ | International Transport Journal\" \/>\n<meta property=\"article:published_time\" content=\"2026-03-11T14:01:52+00:00\" \/>\n<meta property=\"article:modified_time\" content=\"2026-03-20T13:25:30+00:00\" \/>\n<meta property=\"og:image\" content=\"https:\/\/transportjournal.com\/wp-content\/uploads\/sites\/2\/2026\/03\/Daher-XoLy0Q-e2O-1200-aspect-ratio-1400-788.webp\" \/>\n\t<meta property=\"og:image:width\" content=\"1142\" \/>\n\t<meta property=\"og:image:height\" content=\"643\" \/>\n\t<meta property=\"og:image:type\" content=\"image\/webp\" \/>\n<meta name=\"author\" content=\"Andreas Haug\" \/>\n<meta name=\"twitter:card\" content=\"summary_large_image\" \/>\n<meta name=\"twitter:label1\" content=\"Escrito por\" \/>\n\t<meta name=\"twitter:data1\" content=\"Andreas Haug\" \/>\n\t<meta name=\"twitter:label2\" content=\"Tiempo de lectura\" \/>\n\t<meta name=\"twitter:data2\" content=\"2 minuto\" \/>\n<script type=\"application\/ld+json\" class=\"yoast-schema-graph\">{\"@context\":\"https:\\\/\\\/schema.org\",\"@graph\":[{\"@type\":\"Article\",\"@id\":\"https:\\\/\\\/transportjournal.com\\\/es\\\/2026\\\/03\\\/11\\\/el-grupo-daher-ante-un-nuevo-liderazgo\\\/#article\",\"isPartOf\":{\"@id\":\"https:\\\/\\\/transportjournal.com\\\/es\\\/2026\\\/03\\\/11\\\/el-grupo-daher-ante-un-nuevo-liderazgo\\\/\"},\"author\":{\"name\":\"Andreas Haug\",\"@id\":\"https:\\\/\\\/transportjournal.com\\\/es\\\/#\\\/schema\\\/person\\\/cf538b3157f15afd7589245a4b3dbd25\"},\"headline\":\"El grupo Daher ante un nuevo liderazgo\",\"datePublished\":\"2026-03-11T14:01:52+00:00\",\"dateModified\":\"2026-03-20T13:25:30+00:00\",\"mainEntityOfPage\":{\"@id\":\"https:\\\/\\\/transportjournal.com\\\/es\\\/2026\\\/03\\\/11\\\/el-grupo-daher-ante-un-nuevo-liderazgo\\\/\"},\"wordCount\":371,\"commentCount\":0,\"publisher\":{\"@id\":\"https:\\\/\\\/transportjournal.com\\\/es\\\/#organization\"},\"image\":{\"@id\":\"https:\\\/\\\/transportjournal.com\\\/es\\\/2026\\\/03\\\/11\\\/el-grupo-daher-ante-un-nuevo-liderazgo\\\/#primaryimage\"},\"thumbnailUrl\":\"https:\\\/\\\/transportjournal.com\\\/wp-content\\\/uploads\\\/sites\\\/2\\\/2026\\\/03\\\/Daher-XoLy0Q-e2O-1200-aspect-ratio-1400-788.webp\",\"keywords\":[\"American continent\",\"amerikanischer Kontinent\",\"aviation industry\",\"Aymeric Daher\",\"board of directors\",\"CEO\",\"cha\u00eene d'approvisionnement\",\"comit\u00e9 ex\u00e9cutif\",\"conseil d'administration\",\"continent am\u00e9ricain\",\"Corporate Development\",\"corporate governance\",\"croissance des revenus\",\"Deutsch Daher-Gruppe\",\"d\u00e9veloppement d'entreprise\",\"Digitalisierung\",\"digitalization\",\"directeur g\u00e9n\u00e9ral\",\"executive committee\",\"Exekutivkomitee\",\"Fachkr\u00e4ftemangel\",\"Generaldirektor\",\"gouvernance d'entreprise\",\"industrie a\u00e9ronautique\",\"infrastructure\",\"infrastructure Fran\u00e7ais Groupe Daher\",\"Infrastruktur English Daher Group\",\"international presence\",\"internationale Pr\u00e4senz\",\"logistics service providers\",\"Logistikdienstleister\",\"Luftfahrtbranche\",\"Neustrukturierung\",\"num\u00e9risation\",\"p\u00e9nurie de comp\u00e9tences\",\"plan strat\u00e9gique\",\"pr\u00e9sence internationale\",\"prestataires de services logistiques\",\"restructuration\",\"restructuring\",\"revenue growth\",\"skills shortage\",\"strategic plan\",\"strategischer Plan\",\"Supply Chain\",\"Thibault Scaramanga\",\"Transformation\",\"Umsatzwachstum\",\"Unternehmensentwicklung\",\"Unternehmensf\u00fchrung\",\"Verwaltungsrat\"],\"articleSection\":[\"Europa\",\"Personas y empresas\",\"Transporte de mercanc\u00edas y log\u00edstica\"],\"inLanguage\":\"es\",\"potentialAction\":[{\"@type\":\"CommentAction\",\"name\":\"Comment\",\"target\":[\"https:\\\/\\\/transportjournal.com\\\/es\\\/2026\\\/03\\\/11\\\/el-grupo-daher-ante-un-nuevo-liderazgo\\\/#respond\"]}]},{\"@type\":\"WebPage\",\"@id\":\"https:\\\/\\\/transportjournal.com\\\/es\\\/2026\\\/03\\\/11\\\/el-grupo-daher-ante-un-nuevo-liderazgo\\\/\",\"url\":\"https:\\\/\\\/transportjournal.com\\\/es\\\/2026\\\/03\\\/11\\\/el-grupo-daher-ante-un-nuevo-liderazgo\\\/\",\"name\":\"El grupo Daher ante un nuevo liderazgo - ITJ | International Transport Journal\",\"isPartOf\":{\"@id\":\"https:\\\/\\\/transportjournal.com\\\/es\\\/#website\"},\"primaryImageOfPage\":{\"@id\":\"https:\\\/\\\/transportjournal.com\\\/es\\\/2026\\\/03\\\/11\\\/el-grupo-daher-ante-un-nuevo-liderazgo\\\/#primaryimage\"},\"image\":{\"@id\":\"https:\\\/\\\/transportjournal.com\\\/es\\\/2026\\\/03\\\/11\\\/el-grupo-daher-ante-un-nuevo-liderazgo\\\/#primaryimage\"},\"thumbnailUrl\":\"https:\\\/\\\/transportjournal.com\\\/wp-content\\\/uploads\\\/sites\\\/2\\\/2026\\\/03\\\/Daher-XoLy0Q-e2O-1200-aspect-ratio-1400-788.webp\",\"datePublished\":\"2026-03-11T14:01:52+00:00\",\"dateModified\":\"2026-03-20T13:25:30+00:00\",\"breadcrumb\":{\"@id\":\"https:\\\/\\\/transportjournal.com\\\/es\\\/2026\\\/03\\\/11\\\/el-grupo-daher-ante-un-nuevo-liderazgo\\\/#breadcrumb\"},\"inLanguage\":\"es\",\"potentialAction\":[{\"@type\":\"ReadAction\",\"target\":[\"https:\\\/\\\/transportjournal.com\\\/es\\\/2026\\\/03\\\/11\\\/el-grupo-daher-ante-un-nuevo-liderazgo\\\/\"]}]},{\"@type\":\"ImageObject\",\"inLanguage\":\"es\",\"@id\":\"https:\\\/\\\/transportjournal.com\\\/es\\\/2026\\\/03\\\/11\\\/el-grupo-daher-ante-un-nuevo-liderazgo\\\/#primaryimage\",\"url\":\"https:\\\/\\\/transportjournal.com\\\/wp-content\\\/uploads\\\/sites\\\/2\\\/2026\\\/03\\\/Daher-XoLy0Q-e2O-1200-aspect-ratio-1400-788.webp\",\"contentUrl\":\"https:\\\/\\\/transportjournal.com\\\/wp-content\\\/uploads\\\/sites\\\/2\\\/2026\\\/03\\\/Daher-XoLy0Q-e2O-1200-aspect-ratio-1400-788.webp\",\"width\":1142,\"height\":643},{\"@type\":\"BreadcrumbList\",\"@id\":\"https:\\\/\\\/transportjournal.com\\\/es\\\/2026\\\/03\\\/11\\\/el-grupo-daher-ante-un-nuevo-liderazgo\\\/#breadcrumb\",\"itemListElement\":[{\"@type\":\"ListItem\",\"position\":1,\"name\":\"Startseite\",\"item\":\"https:\\\/\\\/transportjournal.com\\\/es\\\/\"},{\"@type\":\"ListItem\",\"position\":2,\"name\":\"El grupo Daher ante un nuevo liderazgo\"}]},{\"@type\":\"WebSite\",\"@id\":\"https:\\\/\\\/transportjournal.com\\\/es\\\/#website\",\"url\":\"https:\\\/\\\/transportjournal.com\\\/es\\\/\",\"name\":\"ITJ | International Transport Journal\",\"description\":\"Stay informed with the latest global news from the transport, logistics, and supply chain industries. Transport Journal delivers expert insights, analysis, and updates across shipping, aviation, intermodal, and forwarding.\",\"publisher\":{\"@id\":\"https:\\\/\\\/transportjournal.com\\\/es\\\/#organization\"},\"potentialAction\":[{\"@type\":\"SearchAction\",\"target\":{\"@type\":\"EntryPoint\",\"urlTemplate\":\"https:\\\/\\\/transportjournal.com\\\/es\\\/?s={search_term_string}\"},\"query-input\":{\"@type\":\"PropertyValueSpecification\",\"valueRequired\":true,\"valueName\":\"search_term_string\"}}],\"inLanguage\":\"es\"},{\"@type\":\"Organization\",\"@id\":\"https:\\\/\\\/transportjournal.com\\\/es\\\/#organization\",\"name\":\"Grupo Logismedia AG\",\"alternateName\":\"Logismedia Group AG\",\"url\":\"https:\\\/\\\/transportjournal.com\\\/es\\\/\",\"logo\":{\"@type\":\"ImageObject\",\"inLanguage\":\"es\",\"@id\":\"https:\\\/\\\/transportjournal.com\\\/es\\\/#\\\/schema\\\/logo\\\/image\\\/\",\"url\":\"https:\\\/\\\/transportjournal.com\\\/wp-content\\\/uploads\\\/sites\\\/2\\\/2025\\\/09\\\/Logo_ITJ.png\",\"contentUrl\":\"https:\\\/\\\/transportjournal.com\\\/wp-content\\\/uploads\\\/sites\\\/2\\\/2025\\\/09\\\/Logo_ITJ.png\",\"width\":799,\"height\":326,\"caption\":\"Grupo Logismedia AG\"},\"image\":{\"@id\":\"https:\\\/\\\/transportjournal.com\\\/es\\\/#\\\/schema\\\/logo\\\/image\\\/\"},\"sameAs\":[\"https:\\\/\\\/www.linkedin.com\\\/company\\\/56456496\\\/admin\\\/dashboard\\\/\",\"https:\\\/\\\/www.instagram.com\\\/logismediagroup\\\/\",\"https:\\\/\\\/www.youtube.com\\\/@LogiamediaGroupAG\"]},{\"@type\":\"Person\",\"@id\":\"https:\\\/\\\/transportjournal.com\\\/es\\\/#\\\/schema\\\/person\\\/cf538b3157f15afd7589245a4b3dbd25\",\"name\":\"Andreas Haug\",\"url\":\"https:\\\/\\\/transportjournal.com\\\/es\\\/author\\\/andreas\\\/\"}]}<\/script>\n<!-- \/ Yoast SEO plugin. -->","yoast_head_json":{"title":"El grupo Daher ante un nuevo liderazgo - ITJ | International Transport Journal","robots":{"index":"index","follow":"follow","max-snippet":"max-snippet:-1","max-image-preview":"max-image-preview:large","max-video-preview":"max-video-preview:-1"},"canonical":"https:\/\/transportjournal.com\/es\/2026\/03\/11\/el-grupo-daher-ante-un-nuevo-liderazgo\/","og_locale":"es_ES","og_type":"article","og_title":"El grupo Daher ante un nuevo liderazgo - ITJ | International Transport Journal","og_description":"Thibault Scaramanga ser\u00e1 presidente del consejo de administraci\u00f3n del grupo Daher a partir del 31 de marzo de 2026, mientras que Aymeric Daher ser\u00e1 delegado como director general.","og_url":"https:\/\/transportjournal.com\/es\/2026\/03\/11\/el-grupo-daher-ante-un-nuevo-liderazgo\/","og_site_name":"ITJ | International Transport Journal","article_published_time":"2026-03-11T14:01:52+00:00","article_modified_time":"2026-03-20T13:25:30+00:00","og_image":[{"width":1142,"height":643,"url":"https:\/\/transportjournal.com\/wp-content\/uploads\/sites\/2\/2026\/03\/Daher-XoLy0Q-e2O-1200-aspect-ratio-1400-788.webp","type":"image\/webp"}],"author":"Andreas Haug","twitter_card":"summary_large_image","twitter_misc":{"Escrito por":"Andreas Haug","Tiempo de lectura":"2 minuto"},"schema":{"@context":"https:\/\/schema.org","@graph":[{"@type":"Article","@id":"https:\/\/transportjournal.com\/es\/2026\/03\/11\/el-grupo-daher-ante-un-nuevo-liderazgo\/#article","isPartOf":{"@id":"https:\/\/transportjournal.com\/es\/2026\/03\/11\/el-grupo-daher-ante-un-nuevo-liderazgo\/"},"author":{"name":"Andreas Haug","@id":"https:\/\/transportjournal.com\/es\/#\/schema\/person\/cf538b3157f15afd7589245a4b3dbd25"},"headline":"El grupo Daher ante un nuevo liderazgo","datePublished":"2026-03-11T14:01:52+00:00","dateModified":"2026-03-20T13:25:30+00:00","mainEntityOfPage":{"@id":"https:\/\/transportjournal.com\/es\/2026\/03\/11\/el-grupo-daher-ante-un-nuevo-liderazgo\/"},"wordCount":371,"commentCount":0,"publisher":{"@id":"https:\/\/transportjournal.com\/es\/#organization"},"image":{"@id":"https:\/\/transportjournal.com\/es\/2026\/03\/11\/el-grupo-daher-ante-un-nuevo-liderazgo\/#primaryimage"},"thumbnailUrl":"https:\/\/transportjournal.com\/wp-content\/uploads\/sites\/2\/2026\/03\/Daher-XoLy0Q-e2O-1200-aspect-ratio-1400-788.webp","keywords":["American continent","amerikanischer Kontinent","aviation industry","Aymeric Daher","board of directors","CEO","cha\u00eene d'approvisionnement","comit\u00e9 ex\u00e9cutif","conseil d'administration","continent am\u00e9ricain","Corporate Development","corporate governance","croissance des revenus","Deutsch Daher-Gruppe","d\u00e9veloppement d'entreprise","Digitalisierung","digitalization","directeur g\u00e9n\u00e9ral","executive committee","Exekutivkomitee","Fachkr\u00e4ftemangel","Generaldirektor","gouvernance d'entreprise","industrie a\u00e9ronautique","infrastructure","infrastructure Fran\u00e7ais Groupe Daher","Infrastruktur English Daher Group","international presence","internationale Pr\u00e4senz","logistics service providers","Logistikdienstleister","Luftfahrtbranche","Neustrukturierung","num\u00e9risation","p\u00e9nurie de comp\u00e9tences","plan strat\u00e9gique","pr\u00e9sence internationale","prestataires de services logistiques","restructuration","restructuring","revenue growth","skills shortage","strategic plan","strategischer Plan","Supply Chain","Thibault Scaramanga","Transformation","Umsatzwachstum","Unternehmensentwicklung","Unternehmensf\u00fchrung","Verwaltungsrat"],"articleSection":["Europa","Personas y empresas","Transporte de mercanc\u00edas y log\u00edstica"],"inLanguage":"es","potentialAction":[{"@type":"CommentAction","name":"Comment","target":["https:\/\/transportjournal.com\/es\/2026\/03\/11\/el-grupo-daher-ante-un-nuevo-liderazgo\/#respond"]}]},{"@type":"WebPage","@id":"https:\/\/transportjournal.com\/es\/2026\/03\/11\/el-grupo-daher-ante-un-nuevo-liderazgo\/","url":"https:\/\/transportjournal.com\/es\/2026\/03\/11\/el-grupo-daher-ante-un-nuevo-liderazgo\/","name":"El grupo Daher ante un nuevo liderazgo - ITJ | International Transport Journal","isPartOf":{"@id":"https:\/\/transportjournal.com\/es\/#website"},"primaryImageOfPage":{"@id":"https:\/\/transportjournal.com\/es\/2026\/03\/11\/el-grupo-daher-ante-un-nuevo-liderazgo\/#primaryimage"},"image":{"@id":"https:\/\/transportjournal.com\/es\/2026\/03\/11\/el-grupo-daher-ante-un-nuevo-liderazgo\/#primaryimage"},"thumbnailUrl":"https:\/\/transportjournal.com\/wp-content\/uploads\/sites\/2\/2026\/03\/Daher-XoLy0Q-e2O-1200-aspect-ratio-1400-788.webp","datePublished":"2026-03-11T14:01:52+00:00","dateModified":"2026-03-20T13:25:30+00:00","breadcrumb":{"@id":"https:\/\/transportjournal.com\/es\/2026\/03\/11\/el-grupo-daher-ante-un-nuevo-liderazgo\/#breadcrumb"},"inLanguage":"es","potentialAction":[{"@type":"ReadAction","target":["https:\/\/transportjournal.com\/es\/2026\/03\/11\/el-grupo-daher-ante-un-nuevo-liderazgo\/"]}]},{"@type":"ImageObject","inLanguage":"es","@id":"https:\/\/transportjournal.com\/es\/2026\/03\/11\/el-grupo-daher-ante-un-nuevo-liderazgo\/#primaryimage","url":"https:\/\/transportjournal.com\/wp-content\/uploads\/sites\/2\/2026\/03\/Daher-XoLy0Q-e2O-1200-aspect-ratio-1400-788.webp","contentUrl":"https:\/\/transportjournal.com\/wp-content\/uploads\/sites\/2\/2026\/03\/Daher-XoLy0Q-e2O-1200-aspect-ratio-1400-788.webp","width":1142,"height":643},{"@type":"BreadcrumbList","@id":"https:\/\/transportjournal.com\/es\/2026\/03\/11\/el-grupo-daher-ante-un-nuevo-liderazgo\/#breadcrumb","itemListElement":[{"@type":"ListItem","position":1,"name":"Startseite","item":"https:\/\/transportjournal.com\/es\/"},{"@type":"ListItem","position":2,"name":"El grupo Daher ante un nuevo liderazgo"}]},{"@type":"WebSite","@id":"https:\/\/transportjournal.com\/es\/#website","url":"https:\/\/transportjournal.com\/es\/","name":"ITJ | International Transport Journal","description":"Stay informed with the latest global news from the transport, logistics, and supply chain industries. Transport Journal delivers expert insights, analysis, and updates across shipping, aviation, intermodal, and forwarding.","publisher":{"@id":"https:\/\/transportjournal.com\/es\/#organization"},"potentialAction":[{"@type":"SearchAction","target":{"@type":"EntryPoint","urlTemplate":"https:\/\/transportjournal.com\/es\/?s={search_term_string}"},"query-input":{"@type":"PropertyValueSpecification","valueRequired":true,"valueName":"search_term_string"}}],"inLanguage":"es"},{"@type":"Organization","@id":"https:\/\/transportjournal.com\/es\/#organization","name":"Grupo Logismedia AG","alternateName":"Logismedia Group AG","url":"https:\/\/transportjournal.com\/es\/","logo":{"@type":"ImageObject","inLanguage":"es","@id":"https:\/\/transportjournal.com\/es\/#\/schema\/logo\/image\/","url":"https:\/\/transportjournal.com\/wp-content\/uploads\/sites\/2\/2025\/09\/Logo_ITJ.png","contentUrl":"https:\/\/transportjournal.com\/wp-content\/uploads\/sites\/2\/2025\/09\/Logo_ITJ.png","width":799,"height":326,"caption":"Grupo Logismedia AG"},"image":{"@id":"https:\/\/transportjournal.com\/es\/#\/schema\/logo\/image\/"},"sameAs":["https:\/\/www.linkedin.com\/company\/56456496\/admin\/dashboard\/","https:\/\/www.instagram.com\/logismediagroup\/","https:\/\/www.youtube.com\/@LogiamediaGroupAG"]},{"@type":"Person","@id":"https:\/\/transportjournal.com\/es\/#\/schema\/person\/cf538b3157f15afd7589245a4b3dbd25","name":"Andreas Haug","url":"https:\/\/transportjournal.com\/es\/author\/andreas\/"}]}},"_links":{"self":[{"href":"https:\/\/transportjournal.com\/es\/wp-json\/wp\/v2\/posts\/80471","targetHints":{"allow":["GET"]}}],"collection":[{"href":"https:\/\/transportjournal.com\/es\/wp-json\/wp\/v2\/posts"}],"about":[{"href":"https:\/\/transportjournal.com\/es\/wp-json\/wp\/v2\/types\/post"}],"author":[{"embeddable":true,"href":"https:\/\/transportjournal.com\/es\/wp-json\/wp\/v2\/users\/12"}],"replies":[{"embeddable":true,"href":"https:\/\/transportjournal.com\/es\/wp-json\/wp\/v2\/comments?post=80471"}],"version-history":[{"count":1,"href":"https:\/\/transportjournal.com\/es\/wp-json\/wp\/v2\/posts\/80471\/revisions"}],"predecessor-version":[{"id":81950,"href":"https:\/\/transportjournal.com\/es\/wp-json\/wp\/v2\/posts\/80471\/revisions\/81950"}],"wp:featuredmedia":[{"embeddable":true,"href":"https:\/\/transportjournal.com\/es\/wp-json\/wp\/v2\/media\/80468"}],"wp:attachment":[{"href":"https:\/\/transportjournal.com\/es\/wp-json\/wp\/v2\/media?parent=80471"}],"wp:term":[{"taxonomy":"category","embeddable":true,"href":"https:\/\/transportjournal.com\/es\/wp-json\/wp\/v2\/categories?post=80471"},{"taxonomy":"post_tag","embeddable":true,"href":"https:\/\/transportjournal.com\/es\/wp-json\/wp\/v2\/tags?post=80471"}],"curies":[{"name":"wp","href":"https:\/\/api.w.org\/{rel}","templated":true}]}}