{"id":80440,"date":"2026-03-11T13:33:16","date_gmt":"2026-03-11T13:33:16","guid":{"rendered":"https:\/\/transportjournal.com\/2026\/03\/11\/general-mills-nombra-a-jonathan-ness-como-csco\/"},"modified":"2026-03-11T16:20:51","modified_gmt":"2026-03-11T15:20:51","slug":"general-mills-nombra-a-jonathan-ness-como-csco","status":"publish","type":"post","link":"https:\/\/transportjournal.com\/es\/2026\/03\/11\/general-mills-nombra-a-jonathan-ness-como-csco\/","title":{"rendered":"General Mills nombra a Jonathan Ness como CSCO"},"content":{"rendered":"<p>El fabricante y comercializador de alimentos estadounidense General Mills (GM) ha anunciado que Jonathan Ness asumir\u00e1 un nuevo cargo como Chief Supply Chain Officer (CSCO) el 16 de marzo. El nuevo miembro del equipo directivo reportar\u00e1 directamente a Jeff Harmening, presidente y CEO, y ser\u00e1 responsable de las actividades de la cadena de suministro a nivel mundial de GM.<\/p>\n<p>\u00abJon ha moldeado significativamente nuestra organizaci\u00f3n de la cadena de suministro y ha liderado importantes iniciativas de estrategia y transformaci\u00f3n durante su tiempo en GM\u00bb, dijo Harmening. \u00abEs un l\u00edder con un fuerte enfoque en las personas y est\u00e1 en la mejor posici\u00f3n para seguir fortaleciendo la capacidad, resiliencia y excelencia operativa de nuestra cadena de suministro.\u00bb<\/p>\n<p>Ness ha estado desempe\u00f1\u00e1ndose interinamente como CSCO desde enero y ha ocupado diversas posiciones de liderazgo en sus 20 a\u00f1os en GM. Antes de unirse a GM, fue oficial de la Fuerza A\u00e9rea de EE. UU., donde se especializ\u00f3 en adquisiciones.<\/p>\n<p>General Mills report\u00f3 ingresos netos de USD 19 mil millones en el a\u00f1o fiscal 2025.<\/p>\n<p><a href=\"https:\/\/www.generalmills.com\" target=\"_blank\" rel=\"noopener noreferrer\">www.generalmills.com<\/a><\/p>\n","protected":false},"excerpt":{"rendered":"<p>Jonathan Ness asumir\u00e1 el cargo de Chief Supply Chain Officer en General Mills el 16 de marzo y reportar\u00e1 directamente al CEO Jeff Harmening.<\/p>\n","protected":false},"author":14,"featured_media":80437,"comment_status":"open","ping_status":"","sticky":false,"template":"","format":"standard","meta":{"_acf_changed":false,"footnotes":""},"categories":[1603],"tags":[25989,25990,2207,3452,23446,21441,2548,25991,25992,25993,23453,4984,25994,2700,25995,25996,25997,25998,3462,3463,2562,25999,26000,26001,26002,26003,26004,26005,26006,5840,26007,2133,1831,26008,21465,21466,26009,4988,4989,9946,2148,26010,18652,26011,2731,26012,26013,1857,18658,2157,26014,26015],"class_list":["post-80440","post","type-post","status-publish","format-standard","has-post-thumbnail","hentry","category-personas-y-empresas","tag-approvisionnement","tag-beschaffung","tag-chaine-dapprovisionnement","tag-chaines-dapprovisionnement-mondiales","tag-chief-supply-chain-officer","tag-chiffre-daffaires-net-2025","tag-corporate-governance","tag-deutsch-general-mills","tag-digitalisierung-in-der-lieferkette","tag-digitization-in-supply-chain","tag-directeur-de-la-chaine-dapprovisionnement","tag-excellence-operationnelle","tag-fabricant-alimentaire","tag-fachkraeftemangel-in-der-logistik","tag-food-manufacturer","tag-food-marketing","tag-force-aerienne-americaine","tag-fuehrungskraft-in-der-logistik","tag-global-supply-chains","tag-globale-lieferketten","tag-gouvernance-dentreprise","tag-infrastructure-dans-lindustrie-alimentaire","tag-infrastructure-in-food-industry-francais-general-mills","tag-infrastruktur-in-der-lebensmittelindustrie-english-general-mills","tag-initiatives-de-strategie-et-de-transformation","tag-jonathan-ness","tag-leadership-logistique","tag-lebensmittelhersteller","tag-lebensmittelvermarktung","tag-lieferkette","tag-logistics-leadership","tag-logistics-service-providers","tag-logistikdienstleister","tag-marketing-alimentaire","tag-net-revenue-2025","tag-nettoumsatz-2025","tag-numerisation-de-la-chaine-dapprovisionnement","tag-operational-excellence","tag-operative-exzellenz","tag-penurie-de-competences-en-logistique","tag-prestataires-de-services-logistiques","tag-procurement","tag-resilience-de-la-chaine-dapprovisionnement","tag-resilienz-in-der-lieferkette","tag-skills-shortage-in-logistics","tag-strategie-und-transformationsinitiativen","tag-strategy-and-transformation-initiatives","tag-supply-chain","tag-supply-chain-resilience","tag-unternehmensfuehrung","tag-us-air-force","tag-us-luftwaffe"],"acf":[],"yoast_head":"<!-- This site is optimized with the Yoast SEO plugin v27.3 - https:\/\/yoast.com\/product\/yoast-seo-wordpress\/ -->\n<title>General Mills nombra a Jonathan Ness como CSCO - ITJ | International Transport Journal<\/title>\n<meta name=\"robots\" content=\"index, follow, max-snippet:-1, max-image-preview:large, max-video-preview:-1\" \/>\n<link rel=\"canonical\" href=\"https:\/\/transportjournal.com\/es\/2026\/03\/11\/general-mills-nombra-a-jonathan-ness-como-csco\/\" \/>\n<meta property=\"og:locale\" content=\"es_ES\" \/>\n<meta property=\"og:type\" content=\"article\" \/>\n<meta property=\"og:title\" content=\"General Mills nombra a Jonathan Ness como CSCO - ITJ | International Transport Journal\" \/>\n<meta property=\"og:description\" content=\"Jonathan Ness asumir\u00e1 el cargo de Chief Supply Chain Officer en General Mills el 16 de marzo y reportar\u00e1 directamente al CEO Jeff Harmening.\" \/>\n<meta property=\"og:url\" content=\"https:\/\/transportjournal.com\/es\/2026\/03\/11\/general-mills-nombra-a-jonathan-ness-como-csco\/\" \/>\n<meta property=\"og:site_name\" content=\"ITJ | International Transport Journal\" \/>\n<meta property=\"article:published_time\" content=\"2026-03-11T13:33:16+00:00\" \/>\n<meta property=\"article:modified_time\" content=\"2026-03-11T15:20:51+00:00\" \/>\n<meta property=\"og:image\" content=\"https:\/\/transportjournal.com\/wp-content\/uploads\/sites\/2\/2026\/03\/jonathan-ness-chief-supply-chain-officer-general_mills_press-release-hero-aspect-ratio-1400-788.webp\" \/>\n\t<meta property=\"og:image:width\" content=\"800\" \/>\n\t<meta property=\"og:image:height\" content=\"450\" \/>\n\t<meta property=\"og:image:type\" content=\"image\/webp\" \/>\n<meta name=\"author\" content=\"Gyan Sharan\" \/>\n<meta name=\"twitter:card\" content=\"summary_large_image\" \/>\n<meta name=\"twitter:label1\" content=\"Escrito por\" \/>\n\t<meta name=\"twitter:data1\" content=\"Gyan Sharan\" \/>\n\t<meta name=\"twitter:label2\" content=\"Tiempo de lectura\" \/>\n\t<meta name=\"twitter:data2\" content=\"1 minuto\" \/>\n<script type=\"application\/ld+json\" class=\"yoast-schema-graph\">{\"@context\":\"https:\\\/\\\/schema.org\",\"@graph\":[{\"@type\":\"Article\",\"@id\":\"https:\\\/\\\/transportjournal.com\\\/es\\\/2026\\\/03\\\/11\\\/general-mills-nombra-a-jonathan-ness-como-csco\\\/#article\",\"isPartOf\":{\"@id\":\"https:\\\/\\\/transportjournal.com\\\/es\\\/2026\\\/03\\\/11\\\/general-mills-nombra-a-jonathan-ness-como-csco\\\/\"},\"author\":{\"name\":\"Gyan Sharan\",\"@id\":\"https:\\\/\\\/transportjournal.com\\\/es\\\/#\\\/schema\\\/person\\\/13a9fc605c753db60ef7750a229cd042\"},\"headline\":\"General Mills nombra a Jonathan Ness como CSCO\",\"datePublished\":\"2026-03-11T13:33:16+00:00\",\"dateModified\":\"2026-03-11T15:20:51+00:00\",\"mainEntityOfPage\":{\"@id\":\"https:\\\/\\\/transportjournal.com\\\/es\\\/2026\\\/03\\\/11\\\/general-mills-nombra-a-jonathan-ness-como-csco\\\/\"},\"wordCount\":187,\"commentCount\":0,\"publisher\":{\"@id\":\"https:\\\/\\\/transportjournal.com\\\/es\\\/#organization\"},\"image\":{\"@id\":\"https:\\\/\\\/transportjournal.com\\\/es\\\/2026\\\/03\\\/11\\\/general-mills-nombra-a-jonathan-ness-como-csco\\\/#primaryimage\"},\"thumbnailUrl\":\"https:\\\/\\\/transportjournal.com\\\/wp-content\\\/uploads\\\/sites\\\/2\\\/2026\\\/03\\\/jonathan-ness-chief-supply-chain-officer-general_mills_press-release-hero-aspect-ratio-1400-788.webp\",\"keywords\":[\"approvisionnement\",\"Beschaffung\",\"cha\u00eene d'approvisionnement\",\"cha\u00eenes d'approvisionnement mondiales\",\"chief supply chain officer\",\"chiffre d'affaires net 2025\",\"corporate governance\",\"Deutsch General Mills\",\"Digitalisierung in der Lieferkette\",\"digitization in supply chain\",\"directeur de la cha\u00eene d'approvisionnement\",\"excellence op\u00e9rationnelle\",\"fabricant alimentaire\",\"Fachkr\u00e4ftemangel in der Logistik\",\"food manufacturer\",\"food marketing\",\"force a\u00e9rienne am\u00e9ricaine\",\"F\u00fchrungskraft in der Logistik\",\"global supply chains\",\"globale Lieferketten\",\"gouvernance d'entreprise\",\"infrastructure dans l'industrie alimentaire\",\"infrastructure in food industry Fran\u00e7ais General Mills\",\"Infrastruktur in der Lebensmittelindustrie English General Mills\",\"initiatives de strat\u00e9gie et de transformation\",\"Jonathan Ness\",\"leadership logistique\",\"Lebensmittelhersteller\",\"Lebensmittelvermarktung\",\"Lieferkette\",\"logistics leadership\",\"logistics service providers\",\"Logistikdienstleister\",\"marketing alimentaire\",\"net revenue 2025\",\"Nettoumsatz 2025\",\"num\u00e9risation de la cha\u00eene d'approvisionnement\",\"operational excellence\",\"operative Exzellenz\",\"p\u00e9nurie de comp\u00e9tences en logistique\",\"prestataires de services logistiques\",\"procurement\",\"r\u00e9silience de la cha\u00eene d'approvisionnement\",\"Resilienz in der Lieferkette\",\"skills shortage in logistics\",\"Strategie- und Transformationsinitiativen\",\"strategy and transformation initiatives\",\"Supply Chain\",\"supply chain resilience\",\"Unternehmensf\u00fchrung\",\"US Air Force\",\"US-Luftwaffe\"],\"articleSection\":[\"Personas y empresas\"],\"inLanguage\":\"es\",\"potentialAction\":[{\"@type\":\"CommentAction\",\"name\":\"Comment\",\"target\":[\"https:\\\/\\\/transportjournal.com\\\/es\\\/2026\\\/03\\\/11\\\/general-mills-nombra-a-jonathan-ness-como-csco\\\/#respond\"]}]},{\"@type\":\"WebPage\",\"@id\":\"https:\\\/\\\/transportjournal.com\\\/es\\\/2026\\\/03\\\/11\\\/general-mills-nombra-a-jonathan-ness-como-csco\\\/\",\"url\":\"https:\\\/\\\/transportjournal.com\\\/es\\\/2026\\\/03\\\/11\\\/general-mills-nombra-a-jonathan-ness-como-csco\\\/\",\"name\":\"General Mills nombra a Jonathan Ness como CSCO - ITJ | International Transport Journal\",\"isPartOf\":{\"@id\":\"https:\\\/\\\/transportjournal.com\\\/es\\\/#website\"},\"primaryImageOfPage\":{\"@id\":\"https:\\\/\\\/transportjournal.com\\\/es\\\/2026\\\/03\\\/11\\\/general-mills-nombra-a-jonathan-ness-como-csco\\\/#primaryimage\"},\"image\":{\"@id\":\"https:\\\/\\\/transportjournal.com\\\/es\\\/2026\\\/03\\\/11\\\/general-mills-nombra-a-jonathan-ness-como-csco\\\/#primaryimage\"},\"thumbnailUrl\":\"https:\\\/\\\/transportjournal.com\\\/wp-content\\\/uploads\\\/sites\\\/2\\\/2026\\\/03\\\/jonathan-ness-chief-supply-chain-officer-general_mills_press-release-hero-aspect-ratio-1400-788.webp\",\"datePublished\":\"2026-03-11T13:33:16+00:00\",\"dateModified\":\"2026-03-11T15:20:51+00:00\",\"breadcrumb\":{\"@id\":\"https:\\\/\\\/transportjournal.com\\\/es\\\/2026\\\/03\\\/11\\\/general-mills-nombra-a-jonathan-ness-como-csco\\\/#breadcrumb\"},\"inLanguage\":\"es\",\"potentialAction\":[{\"@type\":\"ReadAction\",\"target\":[\"https:\\\/\\\/transportjournal.com\\\/es\\\/2026\\\/03\\\/11\\\/general-mills-nombra-a-jonathan-ness-como-csco\\\/\"]}]},{\"@type\":\"ImageObject\",\"inLanguage\":\"es\",\"@id\":\"https:\\\/\\\/transportjournal.com\\\/es\\\/2026\\\/03\\\/11\\\/general-mills-nombra-a-jonathan-ness-como-csco\\\/#primaryimage\",\"url\":\"https:\\\/\\\/transportjournal.com\\\/wp-content\\\/uploads\\\/sites\\\/2\\\/2026\\\/03\\\/jonathan-ness-chief-supply-chain-officer-general_mills_press-release-hero-aspect-ratio-1400-788.webp\",\"contentUrl\":\"https:\\\/\\\/transportjournal.com\\\/wp-content\\\/uploads\\\/sites\\\/2\\\/2026\\\/03\\\/jonathan-ness-chief-supply-chain-officer-general_mills_press-release-hero-aspect-ratio-1400-788.webp\",\"width\":800,\"height\":450},{\"@type\":\"BreadcrumbList\",\"@id\":\"https:\\\/\\\/transportjournal.com\\\/es\\\/2026\\\/03\\\/11\\\/general-mills-nombra-a-jonathan-ness-como-csco\\\/#breadcrumb\",\"itemListElement\":[{\"@type\":\"ListItem\",\"position\":1,\"name\":\"Startseite\",\"item\":\"https:\\\/\\\/transportjournal.com\\\/es\\\/\"},{\"@type\":\"ListItem\",\"position\":2,\"name\":\"General Mills nombra a Jonathan Ness como CSCO\"}]},{\"@type\":\"WebSite\",\"@id\":\"https:\\\/\\\/transportjournal.com\\\/es\\\/#website\",\"url\":\"https:\\\/\\\/transportjournal.com\\\/es\\\/\",\"name\":\"ITJ | International Transport Journal\",\"description\":\"Stay informed with the latest global news from the transport, logistics, and supply chain industries. Transport Journal delivers expert insights, analysis, and updates across shipping, aviation, intermodal, and forwarding.\",\"publisher\":{\"@id\":\"https:\\\/\\\/transportjournal.com\\\/es\\\/#organization\"},\"potentialAction\":[{\"@type\":\"SearchAction\",\"target\":{\"@type\":\"EntryPoint\",\"urlTemplate\":\"https:\\\/\\\/transportjournal.com\\\/es\\\/?s={search_term_string}\"},\"query-input\":{\"@type\":\"PropertyValueSpecification\",\"valueRequired\":true,\"valueName\":\"search_term_string\"}}],\"inLanguage\":\"es\"},{\"@type\":\"Organization\",\"@id\":\"https:\\\/\\\/transportjournal.com\\\/es\\\/#organization\",\"name\":\"Grupo Logismedia AG\",\"alternateName\":\"Logismedia Group AG\",\"url\":\"https:\\\/\\\/transportjournal.com\\\/es\\\/\",\"logo\":{\"@type\":\"ImageObject\",\"inLanguage\":\"es\",\"@id\":\"https:\\\/\\\/transportjournal.com\\\/es\\\/#\\\/schema\\\/logo\\\/image\\\/\",\"url\":\"https:\\\/\\\/transportjournal.com\\\/wp-content\\\/uploads\\\/sites\\\/2\\\/2025\\\/09\\\/Logo_ITJ.png\",\"contentUrl\":\"https:\\\/\\\/transportjournal.com\\\/wp-content\\\/uploads\\\/sites\\\/2\\\/2025\\\/09\\\/Logo_ITJ.png\",\"width\":799,\"height\":326,\"caption\":\"Grupo Logismedia AG\"},\"image\":{\"@id\":\"https:\\\/\\\/transportjournal.com\\\/es\\\/#\\\/schema\\\/logo\\\/image\\\/\"},\"sameAs\":[\"https:\\\/\\\/www.linkedin.com\\\/company\\\/56456496\\\/admin\\\/dashboard\\\/\",\"https:\\\/\\\/www.instagram.com\\\/logismediagroup\\\/\",\"https:\\\/\\\/www.youtube.com\\\/@LogiamediaGroupAG\"]},{\"@type\":\"Person\",\"@id\":\"https:\\\/\\\/transportjournal.com\\\/es\\\/#\\\/schema\\\/person\\\/13a9fc605c753db60ef7750a229cd042\",\"name\":\"Gyan Sharan\",\"url\":\"https:\\\/\\\/transportjournal.com\\\/es\\\/author\\\/gyan\\\/\"}]}<\/script>\n<!-- \/ Yoast SEO plugin. -->","yoast_head_json":{"title":"General Mills nombra a Jonathan Ness como CSCO - ITJ | International Transport Journal","robots":{"index":"index","follow":"follow","max-snippet":"max-snippet:-1","max-image-preview":"max-image-preview:large","max-video-preview":"max-video-preview:-1"},"canonical":"https:\/\/transportjournal.com\/es\/2026\/03\/11\/general-mills-nombra-a-jonathan-ness-como-csco\/","og_locale":"es_ES","og_type":"article","og_title":"General Mills nombra a Jonathan Ness como CSCO - ITJ | International Transport Journal","og_description":"Jonathan Ness asumir\u00e1 el cargo de Chief Supply Chain Officer en General Mills el 16 de marzo y reportar\u00e1 directamente al CEO Jeff Harmening.","og_url":"https:\/\/transportjournal.com\/es\/2026\/03\/11\/general-mills-nombra-a-jonathan-ness-como-csco\/","og_site_name":"ITJ | International Transport Journal","article_published_time":"2026-03-11T13:33:16+00:00","article_modified_time":"2026-03-11T15:20:51+00:00","og_image":[{"width":800,"height":450,"url":"https:\/\/transportjournal.com\/wp-content\/uploads\/sites\/2\/2026\/03\/jonathan-ness-chief-supply-chain-officer-general_mills_press-release-hero-aspect-ratio-1400-788.webp","type":"image\/webp"}],"author":"Gyan Sharan","twitter_card":"summary_large_image","twitter_misc":{"Escrito por":"Gyan Sharan","Tiempo de lectura":"1 minuto"},"schema":{"@context":"https:\/\/schema.org","@graph":[{"@type":"Article","@id":"https:\/\/transportjournal.com\/es\/2026\/03\/11\/general-mills-nombra-a-jonathan-ness-como-csco\/#article","isPartOf":{"@id":"https:\/\/transportjournal.com\/es\/2026\/03\/11\/general-mills-nombra-a-jonathan-ness-como-csco\/"},"author":{"name":"Gyan Sharan","@id":"https:\/\/transportjournal.com\/es\/#\/schema\/person\/13a9fc605c753db60ef7750a229cd042"},"headline":"General Mills nombra a Jonathan Ness como CSCO","datePublished":"2026-03-11T13:33:16+00:00","dateModified":"2026-03-11T15:20:51+00:00","mainEntityOfPage":{"@id":"https:\/\/transportjournal.com\/es\/2026\/03\/11\/general-mills-nombra-a-jonathan-ness-como-csco\/"},"wordCount":187,"commentCount":0,"publisher":{"@id":"https:\/\/transportjournal.com\/es\/#organization"},"image":{"@id":"https:\/\/transportjournal.com\/es\/2026\/03\/11\/general-mills-nombra-a-jonathan-ness-como-csco\/#primaryimage"},"thumbnailUrl":"https:\/\/transportjournal.com\/wp-content\/uploads\/sites\/2\/2026\/03\/jonathan-ness-chief-supply-chain-officer-general_mills_press-release-hero-aspect-ratio-1400-788.webp","keywords":["approvisionnement","Beschaffung","cha\u00eene d'approvisionnement","cha\u00eenes d'approvisionnement mondiales","chief supply chain officer","chiffre d'affaires net 2025","corporate governance","Deutsch General Mills","Digitalisierung in der Lieferkette","digitization in supply chain","directeur de la cha\u00eene d'approvisionnement","excellence op\u00e9rationnelle","fabricant alimentaire","Fachkr\u00e4ftemangel in der Logistik","food manufacturer","food marketing","force a\u00e9rienne am\u00e9ricaine","F\u00fchrungskraft in der Logistik","global supply chains","globale Lieferketten","gouvernance d'entreprise","infrastructure dans l'industrie alimentaire","infrastructure in food industry Fran\u00e7ais General Mills","Infrastruktur in der Lebensmittelindustrie English General Mills","initiatives de strat\u00e9gie et de transformation","Jonathan Ness","leadership logistique","Lebensmittelhersteller","Lebensmittelvermarktung","Lieferkette","logistics leadership","logistics service providers","Logistikdienstleister","marketing alimentaire","net revenue 2025","Nettoumsatz 2025","num\u00e9risation de la cha\u00eene d'approvisionnement","operational excellence","operative Exzellenz","p\u00e9nurie de comp\u00e9tences en logistique","prestataires de services logistiques","procurement","r\u00e9silience de la cha\u00eene d'approvisionnement","Resilienz in der Lieferkette","skills shortage in logistics","Strategie- und Transformationsinitiativen","strategy and transformation initiatives","Supply Chain","supply chain resilience","Unternehmensf\u00fchrung","US Air Force","US-Luftwaffe"],"articleSection":["Personas y empresas"],"inLanguage":"es","potentialAction":[{"@type":"CommentAction","name":"Comment","target":["https:\/\/transportjournal.com\/es\/2026\/03\/11\/general-mills-nombra-a-jonathan-ness-como-csco\/#respond"]}]},{"@type":"WebPage","@id":"https:\/\/transportjournal.com\/es\/2026\/03\/11\/general-mills-nombra-a-jonathan-ness-como-csco\/","url":"https:\/\/transportjournal.com\/es\/2026\/03\/11\/general-mills-nombra-a-jonathan-ness-como-csco\/","name":"General Mills nombra a Jonathan Ness como CSCO - ITJ | International Transport Journal","isPartOf":{"@id":"https:\/\/transportjournal.com\/es\/#website"},"primaryImageOfPage":{"@id":"https:\/\/transportjournal.com\/es\/2026\/03\/11\/general-mills-nombra-a-jonathan-ness-como-csco\/#primaryimage"},"image":{"@id":"https:\/\/transportjournal.com\/es\/2026\/03\/11\/general-mills-nombra-a-jonathan-ness-como-csco\/#primaryimage"},"thumbnailUrl":"https:\/\/transportjournal.com\/wp-content\/uploads\/sites\/2\/2026\/03\/jonathan-ness-chief-supply-chain-officer-general_mills_press-release-hero-aspect-ratio-1400-788.webp","datePublished":"2026-03-11T13:33:16+00:00","dateModified":"2026-03-11T15:20:51+00:00","breadcrumb":{"@id":"https:\/\/transportjournal.com\/es\/2026\/03\/11\/general-mills-nombra-a-jonathan-ness-como-csco\/#breadcrumb"},"inLanguage":"es","potentialAction":[{"@type":"ReadAction","target":["https:\/\/transportjournal.com\/es\/2026\/03\/11\/general-mills-nombra-a-jonathan-ness-como-csco\/"]}]},{"@type":"ImageObject","inLanguage":"es","@id":"https:\/\/transportjournal.com\/es\/2026\/03\/11\/general-mills-nombra-a-jonathan-ness-como-csco\/#primaryimage","url":"https:\/\/transportjournal.com\/wp-content\/uploads\/sites\/2\/2026\/03\/jonathan-ness-chief-supply-chain-officer-general_mills_press-release-hero-aspect-ratio-1400-788.webp","contentUrl":"https:\/\/transportjournal.com\/wp-content\/uploads\/sites\/2\/2026\/03\/jonathan-ness-chief-supply-chain-officer-general_mills_press-release-hero-aspect-ratio-1400-788.webp","width":800,"height":450},{"@type":"BreadcrumbList","@id":"https:\/\/transportjournal.com\/es\/2026\/03\/11\/general-mills-nombra-a-jonathan-ness-como-csco\/#breadcrumb","itemListElement":[{"@type":"ListItem","position":1,"name":"Startseite","item":"https:\/\/transportjournal.com\/es\/"},{"@type":"ListItem","position":2,"name":"General Mills nombra a Jonathan Ness como CSCO"}]},{"@type":"WebSite","@id":"https:\/\/transportjournal.com\/es\/#website","url":"https:\/\/transportjournal.com\/es\/","name":"ITJ | International Transport Journal","description":"Stay informed with the latest global news from the transport, logistics, and supply chain industries. Transport Journal delivers expert insights, analysis, and updates across shipping, aviation, intermodal, and forwarding.","publisher":{"@id":"https:\/\/transportjournal.com\/es\/#organization"},"potentialAction":[{"@type":"SearchAction","target":{"@type":"EntryPoint","urlTemplate":"https:\/\/transportjournal.com\/es\/?s={search_term_string}"},"query-input":{"@type":"PropertyValueSpecification","valueRequired":true,"valueName":"search_term_string"}}],"inLanguage":"es"},{"@type":"Organization","@id":"https:\/\/transportjournal.com\/es\/#organization","name":"Grupo Logismedia AG","alternateName":"Logismedia Group AG","url":"https:\/\/transportjournal.com\/es\/","logo":{"@type":"ImageObject","inLanguage":"es","@id":"https:\/\/transportjournal.com\/es\/#\/schema\/logo\/image\/","url":"https:\/\/transportjournal.com\/wp-content\/uploads\/sites\/2\/2025\/09\/Logo_ITJ.png","contentUrl":"https:\/\/transportjournal.com\/wp-content\/uploads\/sites\/2\/2025\/09\/Logo_ITJ.png","width":799,"height":326,"caption":"Grupo Logismedia AG"},"image":{"@id":"https:\/\/transportjournal.com\/es\/#\/schema\/logo\/image\/"},"sameAs":["https:\/\/www.linkedin.com\/company\/56456496\/admin\/dashboard\/","https:\/\/www.instagram.com\/logismediagroup\/","https:\/\/www.youtube.com\/@LogiamediaGroupAG"]},{"@type":"Person","@id":"https:\/\/transportjournal.com\/es\/#\/schema\/person\/13a9fc605c753db60ef7750a229cd042","name":"Gyan Sharan","url":"https:\/\/transportjournal.com\/es\/author\/gyan\/"}]}},"_links":{"self":[{"href":"https:\/\/transportjournal.com\/es\/wp-json\/wp\/v2\/posts\/80440","targetHints":{"allow":["GET"]}}],"collection":[{"href":"https:\/\/transportjournal.com\/es\/wp-json\/wp\/v2\/posts"}],"about":[{"href":"https:\/\/transportjournal.com\/es\/wp-json\/wp\/v2\/types\/post"}],"author":[{"embeddable":true,"href":"https:\/\/transportjournal.com\/es\/wp-json\/wp\/v2\/users\/14"}],"replies":[{"embeddable":true,"href":"https:\/\/transportjournal.com\/es\/wp-json\/wp\/v2\/comments?post=80440"}],"version-history":[{"count":1,"href":"https:\/\/transportjournal.com\/es\/wp-json\/wp\/v2\/posts\/80440\/revisions"}],"predecessor-version":[{"id":80515,"href":"https:\/\/transportjournal.com\/es\/wp-json\/wp\/v2\/posts\/80440\/revisions\/80515"}],"wp:featuredmedia":[{"embeddable":true,"href":"https:\/\/transportjournal.com\/es\/wp-json\/wp\/v2\/media\/80437"}],"wp:attachment":[{"href":"https:\/\/transportjournal.com\/es\/wp-json\/wp\/v2\/media?parent=80440"}],"wp:term":[{"taxonomy":"category","embeddable":true,"href":"https:\/\/transportjournal.com\/es\/wp-json\/wp\/v2\/categories?post=80440"},{"taxonomy":"post_tag","embeddable":true,"href":"https:\/\/transportjournal.com\/es\/wp-json\/wp\/v2\/tags?post=80440"}],"curies":[{"name":"wp","href":"https:\/\/api.w.org\/{rel}","templated":true}]}}