{"id":80410,"date":"2026-03-11T12:29:11","date_gmt":"2026-03-11T12:29:11","guid":{"rendered":"https:\/\/transportjournal.com\/2026\/03\/11\/al-hassan-dirige-la-region-del-gcc-de-dp-world\/"},"modified":"2026-03-11T13:44:05","modified_gmt":"2026-03-11T12:44:05","slug":"al-hassan-dirige-la-region-del-gcc-de-dp-world","status":"publish","type":"post","link":"https:\/\/transportjournal.com\/es\/2026\/03\/11\/al-hassan-dirige-la-region-del-gcc-de-dp-world\/","title":{"rendered":"Al-Hassan dirige la regi\u00f3n del GCC de DP World"},"content":{"rendered":"<p>DP World, un proveedor global de servicios log\u00edsticos y operador de infraestructura de cadena de suministro con actividades en 69 pa\u00edses en todos los continentes, ha nombrado a Ahmad Yousef Al-Hassan como nuevo CEO y MD de su organizaci\u00f3n regional en el GCC. En esta funci\u00f3n, es responsable de puertos, log\u00edstica y actividades de cadena de suministro en varios mercados del Golfo P\u00e9rsico. La empresa opera un portafolio integrado en los Emiratos \u00c1rabes Unidos, Arabia Saudita y Om\u00e1n.<\/p>\n<p>Enfoque en el comercio y la log\u00edstica regional<\/p>\n<p>El nuevo CEO tiene como objetivo fortalecer las cadenas de suministro integradas y desarrollar servicios log\u00edsticos que simplifiquen los flujos comerciales. Expres\u00f3 que &#8222;el comercio est\u00e1 m\u00e1s interconectado y es m\u00e1s complejo que nunca, y nuestra prioridad es transportar la carga de nuestros clientes de manera segura y eficiente.&#8220; La empresa sigue observando los desarrollos en el Golfo P\u00e9rsico y en el estrecho de Ormuz, mientras se mantiene la operaci\u00f3n en las instalaciones de Dub\u00e1i (EAU).<\/p>\n<p>Las terminales de contenedores y carga general en el puerto de Jebel Ali permanecen completamente operativas. La empresa colabora estrechamente con las autoridades de los EAU, navieras y socios log\u00edsticos para garantizar flujos de mercanc\u00edas estables.<\/p>\n<p>Al-Hassan ha estado en DP World desde 2010 y fue CFO de DP World GCC de 2021 a 2026. Con m\u00e1s de 23 a\u00f1os de experiencia en la industria, ha trabajado en Dub\u00e1i, Washington DC, Londres y Hong Kong en las \u00e1reas de log\u00edstica, tesorer\u00eda y banca.<\/p>\n<p><a href=\"https:\/\/www.dpworld.com\" target=\"_blank\" rel=\"noopener noreferrer\">www.dpworld.com<\/a><\/p>\n","protected":false},"excerpt":{"rendered":"<p>DP World ha nombrado a Ahmad Yousef Al-Hassan como nuevo CEO de la organizaci\u00f3n regional del GCC para optimizar las cadenas de suministro y los servicios log\u00edsticos en el Golfo P\u00e9rsico.<\/p>\n","protected":false},"author":14,"featured_media":80407,"comment_status":"open","ping_status":"","sticky":false,"template":"","format":"standard","meta":{"_acf_changed":false,"footnotes":""},"categories":[1607,1612,1603,1605],"tags":[25947,25948,7947,25949,25950,16524,16526,16846,2115,2116,9628,2700,25951,25952,1958,4091,25953,25954,25955,2909,25956,25957,25958,4128,2664,1831,1847,3157,24395,2925,4923,25959,25960,2929,2481,25961,25962,25963,7962,7963,2682,2731,25964,25965,25397,25966,16547,25967,25968,4105,25969],"class_list":["post-80410","post","type-post","status-publish","format-standard","has-post-thumbnail","hentry","category-navegacion-y-puertos","category-oriente-medio","category-personas-y-empresas","category-expedicion-y-logistica","tag-activites-de-chaine-dapprovisionnement","tag-ahmad-yousef-al-hassan","tag-arabie-saoudite","tag-breakbulk-terminals","tag-connectivite-commerciale","tag-container-terminals","tag-containerterminals","tag-deutsch-dp-world","tag-digitalisierung-in-der-logistik","tag-digitalization-in-logistics","tag-dubai","tag-fachkraeftemangel-in-der-logistik","tag-flux-commerciaux-regionaux","tag-flux-de-marchandises","tag-frachttransport","tag-freight-transport","tag-gcc-region","tag-golfe-persique","tag-goods-flows-francais-dp-world","tag-hafenbetrieb","tag-handelsvernetzung","tag-infrastructure-de-chaine-dapprovisionnement","tag-lieferkettenaktivitaeten","tag-logistics-provider","tag-logistics-services","tag-logistikdienstleister","tag-logistikdienstleistungen","tag-numerisation-dans-la-logistique","tag-oman","tag-operations-portuaires","tag-penurie-de-competences-dans-la-logistique","tag-persian-gulf","tag-persischer-golf","tag-port-operations","tag-prestataire-logistique","tag-region-gcc","tag-regional-trade-flows","tag-regionale-handelsstroeme","tag-saudi-arabia","tag-saudi-arabien","tag-services-logistiques","tag-skills-shortage-in-logistics","tag-stueckgutterminals","tag-supply-chain-activities","tag-supply-chain-infrastructure","tag-supply-chain-infrastruktur","tag-terminaux-a-conteneurs","tag-terminaux-de-marchandises","tag-trade-connectivity","tag-transport-de-fret","tag-warenstroeme-english-dp-world"],"acf":[],"yoast_head":"<!-- This site is optimized with the Yoast SEO plugin v27.3 - https:\/\/yoast.com\/product\/yoast-seo-wordpress\/ -->\n<title>Al-Hassan dirige la regi\u00f3n del GCC de DP World - ITJ | International Transport Journal<\/title>\n<meta name=\"robots\" content=\"index, follow, max-snippet:-1, max-image-preview:large, max-video-preview:-1\" \/>\n<link rel=\"canonical\" href=\"https:\/\/transportjournal.com\/es\/2026\/03\/11\/al-hassan-dirige-la-region-del-gcc-de-dp-world\/\" \/>\n<meta property=\"og:locale\" content=\"es_ES\" \/>\n<meta property=\"og:type\" content=\"article\" \/>\n<meta property=\"og:title\" content=\"Al-Hassan dirige la regi\u00f3n del GCC de DP World - ITJ | International Transport Journal\" \/>\n<meta property=\"og:description\" content=\"DP World ha nombrado a Ahmad Yousef Al-Hassan como nuevo CEO de la organizaci\u00f3n regional del GCC para optimizar las cadenas de suministro y los servicios log\u00edsticos en el Golfo P\u00e9rsico.\" \/>\n<meta property=\"og:url\" content=\"https:\/\/transportjournal.com\/es\/2026\/03\/11\/al-hassan-dirige-la-region-del-gcc-de-dp-world\/\" \/>\n<meta property=\"og:site_name\" content=\"ITJ | International Transport Journal\" \/>\n<meta property=\"article:published_time\" content=\"2026-03-11T12:29:11+00:00\" \/>\n<meta property=\"article:modified_time\" content=\"2026-03-11T12:44:05+00:00\" \/>\n<meta property=\"og:image\" content=\"https:\/\/transportjournal.com\/wp-content\/uploads\/sites\/2\/2026\/03\/DP-World-Al-Hassan-CEO-GCC-150_74584-aspect-ratio-1400-788.jpg\" \/>\n\t<meta property=\"og:image:width\" content=\"600\" \/>\n\t<meta property=\"og:image:height\" content=\"337\" \/>\n\t<meta property=\"og:image:type\" content=\"image\/jpeg\" \/>\n<meta name=\"author\" content=\"Gyan Sharan\" \/>\n<meta name=\"twitter:card\" content=\"summary_large_image\" \/>\n<meta name=\"twitter:label1\" content=\"Escrito por\" \/>\n\t<meta name=\"twitter:data1\" content=\"Gyan Sharan\" \/>\n\t<meta name=\"twitter:label2\" content=\"Tiempo de lectura\" \/>\n\t<meta name=\"twitter:data2\" content=\"1 minuto\" \/>\n<script type=\"application\/ld+json\" class=\"yoast-schema-graph\">{\"@context\":\"https:\\\/\\\/schema.org\",\"@graph\":[{\"@type\":\"Article\",\"@id\":\"https:\\\/\\\/transportjournal.com\\\/es\\\/2026\\\/03\\\/11\\\/al-hassan-dirige-la-region-del-gcc-de-dp-world\\\/#article\",\"isPartOf\":{\"@id\":\"https:\\\/\\\/transportjournal.com\\\/es\\\/2026\\\/03\\\/11\\\/al-hassan-dirige-la-region-del-gcc-de-dp-world\\\/\"},\"author\":{\"name\":\"Gyan Sharan\",\"@id\":\"https:\\\/\\\/transportjournal.com\\\/es\\\/#\\\/schema\\\/person\\\/13a9fc605c753db60ef7750a229cd042\"},\"headline\":\"Al-Hassan dirige la regi\u00f3n del GCC de DP World\",\"datePublished\":\"2026-03-11T12:29:11+00:00\",\"dateModified\":\"2026-03-11T12:44:05+00:00\",\"mainEntityOfPage\":{\"@id\":\"https:\\\/\\\/transportjournal.com\\\/es\\\/2026\\\/03\\\/11\\\/al-hassan-dirige-la-region-del-gcc-de-dp-world\\\/\"},\"wordCount\":274,\"commentCount\":0,\"publisher\":{\"@id\":\"https:\\\/\\\/transportjournal.com\\\/es\\\/#organization\"},\"image\":{\"@id\":\"https:\\\/\\\/transportjournal.com\\\/es\\\/2026\\\/03\\\/11\\\/al-hassan-dirige-la-region-del-gcc-de-dp-world\\\/#primaryimage\"},\"thumbnailUrl\":\"https:\\\/\\\/transportjournal.com\\\/wp-content\\\/uploads\\\/sites\\\/2\\\/2026\\\/03\\\/DP-World-Al-Hassan-CEO-GCC-150_74584-aspect-ratio-1400-788.jpg\",\"keywords\":[\"activit\u00e9s de cha\u00eene d'approvisionnement\",\"Ahmad Yousef Al-Hassan\",\"Arabie Saoudite\",\"breakbulk terminals\",\"connectivit\u00e9 commerciale\",\"container terminals\",\"Containerterminals\",\"Deutsch DP World\",\"Digitalisierung in der Logistik\",\"digitalization in logistics\",\"Dubai\",\"Fachkr\u00e4ftemangel in der Logistik\",\"flux commerciaux r\u00e9gionaux\",\"flux de marchandises\",\"Frachttransport\",\"freight transport\",\"GCC-Region\",\"Golfe Persique\",\"goods flows Fran\u00e7ais DP World\",\"Hafenbetrieb\",\"Handelsvernetzung\",\"infrastructure de cha\u00eene d'approvisionnement\",\"Lieferkettenaktivit\u00e4ten\",\"logistics provider\",\"logistics services\",\"Logistikdienstleister\",\"Logistikdienstleistungen\",\"num\u00e9risation dans la logistique\",\"Oman\",\"op\u00e9rations portuaires\",\"p\u00e9nurie de comp\u00e9tences dans la logistique\",\"Persian Gulf\",\"Persischer Golf\",\"port operations\",\"prestataire logistique\",\"r\u00e9gion GCC\",\"regional trade flows\",\"regionale Handelsstr\u00f6me\",\"Saudi Arabia\",\"Saudi Arabien\",\"services logistiques\",\"skills shortage in logistics\",\"St\u00fcckgutterminals\",\"supply chain activities\",\"supply chain infrastructure\",\"Supply Chain Infrastruktur\",\"terminaux \u00e0 conteneurs\",\"terminaux de marchandises\",\"trade connectivity\",\"transport de fret\",\"Warenstr\u00f6me English DP World\"],\"articleSection\":[\"Navegaci\u00f3n y puertos\",\"Oriente Medio\",\"Personas y empresas\",\"Transporte de mercanc\u00edas y log\u00edstica\"],\"inLanguage\":\"es\",\"potentialAction\":[{\"@type\":\"CommentAction\",\"name\":\"Comment\",\"target\":[\"https:\\\/\\\/transportjournal.com\\\/es\\\/2026\\\/03\\\/11\\\/al-hassan-dirige-la-region-del-gcc-de-dp-world\\\/#respond\"]}]},{\"@type\":\"WebPage\",\"@id\":\"https:\\\/\\\/transportjournal.com\\\/es\\\/2026\\\/03\\\/11\\\/al-hassan-dirige-la-region-del-gcc-de-dp-world\\\/\",\"url\":\"https:\\\/\\\/transportjournal.com\\\/es\\\/2026\\\/03\\\/11\\\/al-hassan-dirige-la-region-del-gcc-de-dp-world\\\/\",\"name\":\"Al-Hassan dirige la regi\u00f3n del GCC de DP World - ITJ | International Transport Journal\",\"isPartOf\":{\"@id\":\"https:\\\/\\\/transportjournal.com\\\/es\\\/#website\"},\"primaryImageOfPage\":{\"@id\":\"https:\\\/\\\/transportjournal.com\\\/es\\\/2026\\\/03\\\/11\\\/al-hassan-dirige-la-region-del-gcc-de-dp-world\\\/#primaryimage\"},\"image\":{\"@id\":\"https:\\\/\\\/transportjournal.com\\\/es\\\/2026\\\/03\\\/11\\\/al-hassan-dirige-la-region-del-gcc-de-dp-world\\\/#primaryimage\"},\"thumbnailUrl\":\"https:\\\/\\\/transportjournal.com\\\/wp-content\\\/uploads\\\/sites\\\/2\\\/2026\\\/03\\\/DP-World-Al-Hassan-CEO-GCC-150_74584-aspect-ratio-1400-788.jpg\",\"datePublished\":\"2026-03-11T12:29:11+00:00\",\"dateModified\":\"2026-03-11T12:44:05+00:00\",\"breadcrumb\":{\"@id\":\"https:\\\/\\\/transportjournal.com\\\/es\\\/2026\\\/03\\\/11\\\/al-hassan-dirige-la-region-del-gcc-de-dp-world\\\/#breadcrumb\"},\"inLanguage\":\"es\",\"potentialAction\":[{\"@type\":\"ReadAction\",\"target\":[\"https:\\\/\\\/transportjournal.com\\\/es\\\/2026\\\/03\\\/11\\\/al-hassan-dirige-la-region-del-gcc-de-dp-world\\\/\"]}]},{\"@type\":\"ImageObject\",\"inLanguage\":\"es\",\"@id\":\"https:\\\/\\\/transportjournal.com\\\/es\\\/2026\\\/03\\\/11\\\/al-hassan-dirige-la-region-del-gcc-de-dp-world\\\/#primaryimage\",\"url\":\"https:\\\/\\\/transportjournal.com\\\/wp-content\\\/uploads\\\/sites\\\/2\\\/2026\\\/03\\\/DP-World-Al-Hassan-CEO-GCC-150_74584-aspect-ratio-1400-788.jpg\",\"contentUrl\":\"https:\\\/\\\/transportjournal.com\\\/wp-content\\\/uploads\\\/sites\\\/2\\\/2026\\\/03\\\/DP-World-Al-Hassan-CEO-GCC-150_74584-aspect-ratio-1400-788.jpg\",\"width\":600,\"height\":337},{\"@type\":\"BreadcrumbList\",\"@id\":\"https:\\\/\\\/transportjournal.com\\\/es\\\/2026\\\/03\\\/11\\\/al-hassan-dirige-la-region-del-gcc-de-dp-world\\\/#breadcrumb\",\"itemListElement\":[{\"@type\":\"ListItem\",\"position\":1,\"name\":\"Startseite\",\"item\":\"https:\\\/\\\/transportjournal.com\\\/es\\\/\"},{\"@type\":\"ListItem\",\"position\":2,\"name\":\"Al-Hassan dirige la regi\u00f3n del GCC de DP World\"}]},{\"@type\":\"WebSite\",\"@id\":\"https:\\\/\\\/transportjournal.com\\\/es\\\/#website\",\"url\":\"https:\\\/\\\/transportjournal.com\\\/es\\\/\",\"name\":\"ITJ | International Transport Journal\",\"description\":\"Stay informed with the latest global news from the transport, logistics, and supply chain industries. Transport Journal delivers expert insights, analysis, and updates across shipping, aviation, intermodal, and forwarding.\",\"publisher\":{\"@id\":\"https:\\\/\\\/transportjournal.com\\\/es\\\/#organization\"},\"potentialAction\":[{\"@type\":\"SearchAction\",\"target\":{\"@type\":\"EntryPoint\",\"urlTemplate\":\"https:\\\/\\\/transportjournal.com\\\/es\\\/?s={search_term_string}\"},\"query-input\":{\"@type\":\"PropertyValueSpecification\",\"valueRequired\":true,\"valueName\":\"search_term_string\"}}],\"inLanguage\":\"es\"},{\"@type\":\"Organization\",\"@id\":\"https:\\\/\\\/transportjournal.com\\\/es\\\/#organization\",\"name\":\"Grupo Logismedia AG\",\"alternateName\":\"Logismedia Group AG\",\"url\":\"https:\\\/\\\/transportjournal.com\\\/es\\\/\",\"logo\":{\"@type\":\"ImageObject\",\"inLanguage\":\"es\",\"@id\":\"https:\\\/\\\/transportjournal.com\\\/es\\\/#\\\/schema\\\/logo\\\/image\\\/\",\"url\":\"https:\\\/\\\/transportjournal.com\\\/wp-content\\\/uploads\\\/sites\\\/2\\\/2025\\\/09\\\/Logo_ITJ.png\",\"contentUrl\":\"https:\\\/\\\/transportjournal.com\\\/wp-content\\\/uploads\\\/sites\\\/2\\\/2025\\\/09\\\/Logo_ITJ.png\",\"width\":799,\"height\":326,\"caption\":\"Grupo Logismedia AG\"},\"image\":{\"@id\":\"https:\\\/\\\/transportjournal.com\\\/es\\\/#\\\/schema\\\/logo\\\/image\\\/\"},\"sameAs\":[\"https:\\\/\\\/www.linkedin.com\\\/company\\\/56456496\\\/admin\\\/dashboard\\\/\",\"https:\\\/\\\/www.instagram.com\\\/logismediagroup\\\/\",\"https:\\\/\\\/www.youtube.com\\\/@LogiamediaGroupAG\"]},{\"@type\":\"Person\",\"@id\":\"https:\\\/\\\/transportjournal.com\\\/es\\\/#\\\/schema\\\/person\\\/13a9fc605c753db60ef7750a229cd042\",\"name\":\"Gyan Sharan\",\"url\":\"https:\\\/\\\/transportjournal.com\\\/es\\\/author\\\/gyan\\\/\"}]}<\/script>\n<!-- \/ Yoast SEO plugin. -->","yoast_head_json":{"title":"Al-Hassan dirige la regi\u00f3n del GCC de DP World - ITJ | International Transport Journal","robots":{"index":"index","follow":"follow","max-snippet":"max-snippet:-1","max-image-preview":"max-image-preview:large","max-video-preview":"max-video-preview:-1"},"canonical":"https:\/\/transportjournal.com\/es\/2026\/03\/11\/al-hassan-dirige-la-region-del-gcc-de-dp-world\/","og_locale":"es_ES","og_type":"article","og_title":"Al-Hassan dirige la regi\u00f3n del GCC de DP World - ITJ | International Transport Journal","og_description":"DP World ha nombrado a Ahmad Yousef Al-Hassan como nuevo CEO de la organizaci\u00f3n regional del GCC para optimizar las cadenas de suministro y los servicios log\u00edsticos en el Golfo P\u00e9rsico.","og_url":"https:\/\/transportjournal.com\/es\/2026\/03\/11\/al-hassan-dirige-la-region-del-gcc-de-dp-world\/","og_site_name":"ITJ | International Transport Journal","article_published_time":"2026-03-11T12:29:11+00:00","article_modified_time":"2026-03-11T12:44:05+00:00","og_image":[{"width":600,"height":337,"url":"https:\/\/transportjournal.com\/wp-content\/uploads\/sites\/2\/2026\/03\/DP-World-Al-Hassan-CEO-GCC-150_74584-aspect-ratio-1400-788.jpg","type":"image\/jpeg"}],"author":"Gyan Sharan","twitter_card":"summary_large_image","twitter_misc":{"Escrito por":"Gyan Sharan","Tiempo de lectura":"1 minuto"},"schema":{"@context":"https:\/\/schema.org","@graph":[{"@type":"Article","@id":"https:\/\/transportjournal.com\/es\/2026\/03\/11\/al-hassan-dirige-la-region-del-gcc-de-dp-world\/#article","isPartOf":{"@id":"https:\/\/transportjournal.com\/es\/2026\/03\/11\/al-hassan-dirige-la-region-del-gcc-de-dp-world\/"},"author":{"name":"Gyan Sharan","@id":"https:\/\/transportjournal.com\/es\/#\/schema\/person\/13a9fc605c753db60ef7750a229cd042"},"headline":"Al-Hassan dirige la regi\u00f3n del GCC de DP World","datePublished":"2026-03-11T12:29:11+00:00","dateModified":"2026-03-11T12:44:05+00:00","mainEntityOfPage":{"@id":"https:\/\/transportjournal.com\/es\/2026\/03\/11\/al-hassan-dirige-la-region-del-gcc-de-dp-world\/"},"wordCount":274,"commentCount":0,"publisher":{"@id":"https:\/\/transportjournal.com\/es\/#organization"},"image":{"@id":"https:\/\/transportjournal.com\/es\/2026\/03\/11\/al-hassan-dirige-la-region-del-gcc-de-dp-world\/#primaryimage"},"thumbnailUrl":"https:\/\/transportjournal.com\/wp-content\/uploads\/sites\/2\/2026\/03\/DP-World-Al-Hassan-CEO-GCC-150_74584-aspect-ratio-1400-788.jpg","keywords":["activit\u00e9s de cha\u00eene d'approvisionnement","Ahmad Yousef Al-Hassan","Arabie Saoudite","breakbulk terminals","connectivit\u00e9 commerciale","container terminals","Containerterminals","Deutsch DP World","Digitalisierung in der Logistik","digitalization in logistics","Dubai","Fachkr\u00e4ftemangel in der Logistik","flux commerciaux r\u00e9gionaux","flux de marchandises","Frachttransport","freight transport","GCC-Region","Golfe Persique","goods flows Fran\u00e7ais DP World","Hafenbetrieb","Handelsvernetzung","infrastructure de cha\u00eene d'approvisionnement","Lieferkettenaktivit\u00e4ten","logistics provider","logistics services","Logistikdienstleister","Logistikdienstleistungen","num\u00e9risation dans la logistique","Oman","op\u00e9rations portuaires","p\u00e9nurie de comp\u00e9tences dans la logistique","Persian Gulf","Persischer Golf","port operations","prestataire logistique","r\u00e9gion GCC","regional trade flows","regionale Handelsstr\u00f6me","Saudi Arabia","Saudi Arabien","services logistiques","skills shortage in logistics","St\u00fcckgutterminals","supply chain activities","supply chain infrastructure","Supply Chain Infrastruktur","terminaux \u00e0 conteneurs","terminaux de marchandises","trade connectivity","transport de fret","Warenstr\u00f6me English DP World"],"articleSection":["Navegaci\u00f3n y puertos","Oriente Medio","Personas y empresas","Transporte de mercanc\u00edas y log\u00edstica"],"inLanguage":"es","potentialAction":[{"@type":"CommentAction","name":"Comment","target":["https:\/\/transportjournal.com\/es\/2026\/03\/11\/al-hassan-dirige-la-region-del-gcc-de-dp-world\/#respond"]}]},{"@type":"WebPage","@id":"https:\/\/transportjournal.com\/es\/2026\/03\/11\/al-hassan-dirige-la-region-del-gcc-de-dp-world\/","url":"https:\/\/transportjournal.com\/es\/2026\/03\/11\/al-hassan-dirige-la-region-del-gcc-de-dp-world\/","name":"Al-Hassan dirige la regi\u00f3n del GCC de DP World - ITJ | International Transport Journal","isPartOf":{"@id":"https:\/\/transportjournal.com\/es\/#website"},"primaryImageOfPage":{"@id":"https:\/\/transportjournal.com\/es\/2026\/03\/11\/al-hassan-dirige-la-region-del-gcc-de-dp-world\/#primaryimage"},"image":{"@id":"https:\/\/transportjournal.com\/es\/2026\/03\/11\/al-hassan-dirige-la-region-del-gcc-de-dp-world\/#primaryimage"},"thumbnailUrl":"https:\/\/transportjournal.com\/wp-content\/uploads\/sites\/2\/2026\/03\/DP-World-Al-Hassan-CEO-GCC-150_74584-aspect-ratio-1400-788.jpg","datePublished":"2026-03-11T12:29:11+00:00","dateModified":"2026-03-11T12:44:05+00:00","breadcrumb":{"@id":"https:\/\/transportjournal.com\/es\/2026\/03\/11\/al-hassan-dirige-la-region-del-gcc-de-dp-world\/#breadcrumb"},"inLanguage":"es","potentialAction":[{"@type":"ReadAction","target":["https:\/\/transportjournal.com\/es\/2026\/03\/11\/al-hassan-dirige-la-region-del-gcc-de-dp-world\/"]}]},{"@type":"ImageObject","inLanguage":"es","@id":"https:\/\/transportjournal.com\/es\/2026\/03\/11\/al-hassan-dirige-la-region-del-gcc-de-dp-world\/#primaryimage","url":"https:\/\/transportjournal.com\/wp-content\/uploads\/sites\/2\/2026\/03\/DP-World-Al-Hassan-CEO-GCC-150_74584-aspect-ratio-1400-788.jpg","contentUrl":"https:\/\/transportjournal.com\/wp-content\/uploads\/sites\/2\/2026\/03\/DP-World-Al-Hassan-CEO-GCC-150_74584-aspect-ratio-1400-788.jpg","width":600,"height":337},{"@type":"BreadcrumbList","@id":"https:\/\/transportjournal.com\/es\/2026\/03\/11\/al-hassan-dirige-la-region-del-gcc-de-dp-world\/#breadcrumb","itemListElement":[{"@type":"ListItem","position":1,"name":"Startseite","item":"https:\/\/transportjournal.com\/es\/"},{"@type":"ListItem","position":2,"name":"Al-Hassan dirige la regi\u00f3n del GCC de DP World"}]},{"@type":"WebSite","@id":"https:\/\/transportjournal.com\/es\/#website","url":"https:\/\/transportjournal.com\/es\/","name":"ITJ | International Transport Journal","description":"Stay informed with the latest global news from the transport, logistics, and supply chain industries. Transport Journal delivers expert insights, analysis, and updates across shipping, aviation, intermodal, and forwarding.","publisher":{"@id":"https:\/\/transportjournal.com\/es\/#organization"},"potentialAction":[{"@type":"SearchAction","target":{"@type":"EntryPoint","urlTemplate":"https:\/\/transportjournal.com\/es\/?s={search_term_string}"},"query-input":{"@type":"PropertyValueSpecification","valueRequired":true,"valueName":"search_term_string"}}],"inLanguage":"es"},{"@type":"Organization","@id":"https:\/\/transportjournal.com\/es\/#organization","name":"Grupo Logismedia AG","alternateName":"Logismedia Group AG","url":"https:\/\/transportjournal.com\/es\/","logo":{"@type":"ImageObject","inLanguage":"es","@id":"https:\/\/transportjournal.com\/es\/#\/schema\/logo\/image\/","url":"https:\/\/transportjournal.com\/wp-content\/uploads\/sites\/2\/2025\/09\/Logo_ITJ.png","contentUrl":"https:\/\/transportjournal.com\/wp-content\/uploads\/sites\/2\/2025\/09\/Logo_ITJ.png","width":799,"height":326,"caption":"Grupo Logismedia AG"},"image":{"@id":"https:\/\/transportjournal.com\/es\/#\/schema\/logo\/image\/"},"sameAs":["https:\/\/www.linkedin.com\/company\/56456496\/admin\/dashboard\/","https:\/\/www.instagram.com\/logismediagroup\/","https:\/\/www.youtube.com\/@LogiamediaGroupAG"]},{"@type":"Person","@id":"https:\/\/transportjournal.com\/es\/#\/schema\/person\/13a9fc605c753db60ef7750a229cd042","name":"Gyan Sharan","url":"https:\/\/transportjournal.com\/es\/author\/gyan\/"}]}},"_links":{"self":[{"href":"https:\/\/transportjournal.com\/es\/wp-json\/wp\/v2\/posts\/80410","targetHints":{"allow":["GET"]}}],"collection":[{"href":"https:\/\/transportjournal.com\/es\/wp-json\/wp\/v2\/posts"}],"about":[{"href":"https:\/\/transportjournal.com\/es\/wp-json\/wp\/v2\/types\/post"}],"author":[{"embeddable":true,"href":"https:\/\/transportjournal.com\/es\/wp-json\/wp\/v2\/users\/14"}],"replies":[{"embeddable":true,"href":"https:\/\/transportjournal.com\/es\/wp-json\/wp\/v2\/comments?post=80410"}],"version-history":[{"count":2,"href":"https:\/\/transportjournal.com\/es\/wp-json\/wp\/v2\/posts\/80410\/revisions"}],"predecessor-version":[{"id":80424,"href":"https:\/\/transportjournal.com\/es\/wp-json\/wp\/v2\/posts\/80410\/revisions\/80424"}],"wp:featuredmedia":[{"embeddable":true,"href":"https:\/\/transportjournal.com\/es\/wp-json\/wp\/v2\/media\/80407"}],"wp:attachment":[{"href":"https:\/\/transportjournal.com\/es\/wp-json\/wp\/v2\/media?parent=80410"}],"wp:term":[{"taxonomy":"category","embeddable":true,"href":"https:\/\/transportjournal.com\/es\/wp-json\/wp\/v2\/categories?post=80410"},{"taxonomy":"post_tag","embeddable":true,"href":"https:\/\/transportjournal.com\/es\/wp-json\/wp\/v2\/tags?post=80410"}],"curies":[{"name":"wp","href":"https:\/\/api.w.org\/{rel}","templated":true}]}}