{"id":80402,"date":"2026-03-11T12:14:20","date_gmt":"2026-03-11T12:14:20","guid":{"rendered":"https:\/\/transportjournal.com\/2026\/03\/11\/reanudacion-de-la-linea-hamburgo-berlin\/"},"modified":"2026-03-11T12:14:20","modified_gmt":"2026-03-11T12:14:20","slug":"reanudacion-de-la-linea-hamburgo-berlin","status":"publish","type":"post","link":"https:\/\/transportjournal.com\/es\/2026\/03\/11\/reanudacion-de-la-linea-hamburgo-berlin\/","title":{"rendered":"Reanudaci\u00f3n de la l\u00ednea Hamburgo-Berl\u00edn"},"content":{"rendered":"<p>La Deutsche Bahn ha anunciado la puesta en funcionamiento de la l\u00ednea entre Hamburgo y Berl\u00edn tras la finalizaci\u00f3n de la renovaci\u00f3n del corredor en dos fases: A partir del 15 de mayo de 2026, los primeros trenes podr\u00e1n circular nuevamente en el tramo norte de Hamburgo a Hagenow Land. La reactivaci\u00f3n completa de toda la l\u00ednea est\u00e1 prevista para el peque\u00f1o cambio de horario del 14 de junio de 2026, seg\u00fan informa la empresa.<\/p>\n<h3>Mejoras en la infraestructura<\/h3>\n<p>Los trabajos de renovaci\u00f3n incluyen una actualizaci\u00f3n de la infraestructura, que beneficiar\u00e1 a los pasajeros y a los clientes del transporte de mercanc\u00edas. Las medidas incluyen la renovaci\u00f3n de 165 km de v\u00edas y casi 250 desv\u00edos. Adem\u00e1s, se han creado seis nuevos puntos de conexi\u00f3n, se han construido seis estaciones de se\u00f1alizaci\u00f3n y se han modernizado 19 m\u00e1s. Estas mejoras no solo tienen como objetivo aumentar la fiabilidad del tr\u00e1fico ferroviario, sino tambi\u00e9n permitir una mayor frecuencia de conexiones ferroviarias.<\/p>\n<p>Gerd-Dietrich Bolte, miembro del consejo de planificaci\u00f3n de infraestructura y proyectos de DB InfraGO, se pronuncia en un comunicado sobre los retrasos, que seg\u00fan \u00e9l fueron causados por el &#8222;excepcionalmente fuerte y prolongado invierno en el norte de Alemania&#8220;. Tambi\u00e9n a\u00f1ade que los m\u00e1rgenes de tiempo planificados se han agotado y agradece a los viajeros y clientes del transporte de mercanc\u00edas afectados por su paciencia.<\/p>\n<p><a href=\"https:\/\/www.bahn.de\/\" target=\"_blank\" rel=\"noopener noreferrer\">www.bahn.de<\/a><\/p>\n","protected":false},"excerpt":{"rendered":"<p>Deutsche Bahn planea la reanudaci\u00f3n de la l\u00ednea entre Hamburgo y Berl\u00edn en dos fases, comenzando el 15 de mayo de 2026.<\/p>\n","protected":false},"author":10,"featured_media":80399,"comment_status":"open","ping_status":"","sticky":false,"template":"","format":"standard","meta":{"_acf_changed":false,"footnotes":""},"categories":[9092,1611,1604],"tags":[],"class_list":["post-80402","post","type-post","status-publish","format-standard","has-post-thumbnail","hentry","category-deutschland","category-europa","category-intermodal-carretera"],"acf":[],"yoast_head":"<!-- This site is optimized with the Yoast SEO plugin v27.3 - https:\/\/yoast.com\/product\/yoast-seo-wordpress\/ -->\n<title>Reanudaci\u00f3n de la l\u00ednea Hamburgo-Berl\u00edn - ITJ | International Transport Journal<\/title>\n<meta name=\"robots\" content=\"index, follow, max-snippet:-1, max-image-preview:large, max-video-preview:-1\" \/>\n<link rel=\"canonical\" href=\"https:\/\/transportjournal.com\/es\/2026\/03\/11\/reanudacion-de-la-linea-hamburgo-berlin\/\" \/>\n<meta property=\"og:locale\" content=\"es_ES\" \/>\n<meta property=\"og:type\" content=\"article\" \/>\n<meta property=\"og:title\" content=\"Reanudaci\u00f3n de la l\u00ednea Hamburgo-Berl\u00edn - ITJ | International Transport Journal\" \/>\n<meta property=\"og:description\" content=\"Deutsche Bahn planea la reanudaci\u00f3n de la l\u00ednea entre Hamburgo y Berl\u00edn en dos fases, comenzando el 15 de mayo de 2026.\" \/>\n<meta property=\"og:url\" content=\"https:\/\/transportjournal.com\/es\/2026\/03\/11\/reanudacion-de-la-linea-hamburgo-berlin\/\" \/>\n<meta property=\"og:site_name\" content=\"ITJ | International Transport Journal\" \/>\n<meta property=\"article:published_time\" content=\"2026-03-11T12:14:20+00:00\" \/>\n<meta property=\"og:image\" content=\"https:\/\/transportjournal.com\/wp-content\/uploads\/sites\/2\/2026\/03\/DB285658-aspect-ratio-1400-788.jpg\" \/>\n\t<meta property=\"og:image:width\" content=\"971\" \/>\n\t<meta property=\"og:image:height\" content=\"546\" \/>\n\t<meta property=\"og:image:type\" content=\"image\/jpeg\" \/>\n<meta name=\"author\" content=\"Jeremy Soland\" \/>\n<meta name=\"twitter:card\" content=\"summary_large_image\" \/>\n<meta name=\"twitter:label1\" content=\"Escrito por\" \/>\n\t<meta name=\"twitter:data1\" content=\"Jeremy Soland\" \/>\n\t<meta name=\"twitter:label2\" content=\"Tiempo de lectura\" \/>\n\t<meta name=\"twitter:data2\" content=\"1 minuto\" \/>\n<script type=\"application\/ld+json\" class=\"yoast-schema-graph\">{\"@context\":\"https:\\\/\\\/schema.org\",\"@graph\":[{\"@type\":\"Article\",\"@id\":\"https:\\\/\\\/transportjournal.com\\\/es\\\/2026\\\/03\\\/11\\\/reanudacion-de-la-linea-hamburgo-berlin\\\/#article\",\"isPartOf\":{\"@id\":\"https:\\\/\\\/transportjournal.com\\\/es\\\/2026\\\/03\\\/11\\\/reanudacion-de-la-linea-hamburgo-berlin\\\/\"},\"author\":{\"name\":\"Jeremy Soland\",\"@id\":\"https:\\\/\\\/transportjournal.com\\\/es\\\/#\\\/schema\\\/person\\\/41d36b5474b623392fa613e97e2363fa\"},\"headline\":\"Reanudaci\u00f3n de la l\u00ednea Hamburgo-Berl\u00edn\",\"datePublished\":\"2026-03-11T12:14:20+00:00\",\"mainEntityOfPage\":{\"@id\":\"https:\\\/\\\/transportjournal.com\\\/es\\\/2026\\\/03\\\/11\\\/reanudacion-de-la-linea-hamburgo-berlin\\\/\"},\"wordCount\":257,\"commentCount\":0,\"publisher\":{\"@id\":\"https:\\\/\\\/transportjournal.com\\\/es\\\/#organization\"},\"image\":{\"@id\":\"https:\\\/\\\/transportjournal.com\\\/es\\\/2026\\\/03\\\/11\\\/reanudacion-de-la-linea-hamburgo-berlin\\\/#primaryimage\"},\"thumbnailUrl\":\"https:\\\/\\\/transportjournal.com\\\/wp-content\\\/uploads\\\/sites\\\/2\\\/2026\\\/03\\\/DB285658-aspect-ratio-1400-788.jpg\",\"articleSection\":[\"Deutschland\",\"Europa\",\"Intermodal \\\/ Carretera\"],\"inLanguage\":\"es\",\"potentialAction\":[{\"@type\":\"CommentAction\",\"name\":\"Comment\",\"target\":[\"https:\\\/\\\/transportjournal.com\\\/es\\\/2026\\\/03\\\/11\\\/reanudacion-de-la-linea-hamburgo-berlin\\\/#respond\"]}]},{\"@type\":\"WebPage\",\"@id\":\"https:\\\/\\\/transportjournal.com\\\/es\\\/2026\\\/03\\\/11\\\/reanudacion-de-la-linea-hamburgo-berlin\\\/\",\"url\":\"https:\\\/\\\/transportjournal.com\\\/es\\\/2026\\\/03\\\/11\\\/reanudacion-de-la-linea-hamburgo-berlin\\\/\",\"name\":\"Reanudaci\u00f3n de la l\u00ednea Hamburgo-Berl\u00edn - ITJ | International Transport Journal\",\"isPartOf\":{\"@id\":\"https:\\\/\\\/transportjournal.com\\\/es\\\/#website\"},\"primaryImageOfPage\":{\"@id\":\"https:\\\/\\\/transportjournal.com\\\/es\\\/2026\\\/03\\\/11\\\/reanudacion-de-la-linea-hamburgo-berlin\\\/#primaryimage\"},\"image\":{\"@id\":\"https:\\\/\\\/transportjournal.com\\\/es\\\/2026\\\/03\\\/11\\\/reanudacion-de-la-linea-hamburgo-berlin\\\/#primaryimage\"},\"thumbnailUrl\":\"https:\\\/\\\/transportjournal.com\\\/wp-content\\\/uploads\\\/sites\\\/2\\\/2026\\\/03\\\/DB285658-aspect-ratio-1400-788.jpg\",\"datePublished\":\"2026-03-11T12:14:20+00:00\",\"breadcrumb\":{\"@id\":\"https:\\\/\\\/transportjournal.com\\\/es\\\/2026\\\/03\\\/11\\\/reanudacion-de-la-linea-hamburgo-berlin\\\/#breadcrumb\"},\"inLanguage\":\"es\",\"potentialAction\":[{\"@type\":\"ReadAction\",\"target\":[\"https:\\\/\\\/transportjournal.com\\\/es\\\/2026\\\/03\\\/11\\\/reanudacion-de-la-linea-hamburgo-berlin\\\/\"]}]},{\"@type\":\"ImageObject\",\"inLanguage\":\"es\",\"@id\":\"https:\\\/\\\/transportjournal.com\\\/es\\\/2026\\\/03\\\/11\\\/reanudacion-de-la-linea-hamburgo-berlin\\\/#primaryimage\",\"url\":\"https:\\\/\\\/transportjournal.com\\\/wp-content\\\/uploads\\\/sites\\\/2\\\/2026\\\/03\\\/DB285658-aspect-ratio-1400-788.jpg\",\"contentUrl\":\"https:\\\/\\\/transportjournal.com\\\/wp-content\\\/uploads\\\/sites\\\/2\\\/2026\\\/03\\\/DB285658-aspect-ratio-1400-788.jpg\",\"width\":971,\"height\":546},{\"@type\":\"BreadcrumbList\",\"@id\":\"https:\\\/\\\/transportjournal.com\\\/es\\\/2026\\\/03\\\/11\\\/reanudacion-de-la-linea-hamburgo-berlin\\\/#breadcrumb\",\"itemListElement\":[{\"@type\":\"ListItem\",\"position\":1,\"name\":\"Startseite\",\"item\":\"https:\\\/\\\/transportjournal.com\\\/es\\\/\"},{\"@type\":\"ListItem\",\"position\":2,\"name\":\"Reanudaci\u00f3n de la l\u00ednea Hamburgo-Berl\u00edn\"}]},{\"@type\":\"WebSite\",\"@id\":\"https:\\\/\\\/transportjournal.com\\\/es\\\/#website\",\"url\":\"https:\\\/\\\/transportjournal.com\\\/es\\\/\",\"name\":\"ITJ | International Transport Journal\",\"description\":\"Stay informed with the latest global news from the transport, logistics, and supply chain industries. Transport Journal delivers expert insights, analysis, and updates across shipping, aviation, intermodal, and forwarding.\",\"publisher\":{\"@id\":\"https:\\\/\\\/transportjournal.com\\\/es\\\/#organization\"},\"potentialAction\":[{\"@type\":\"SearchAction\",\"target\":{\"@type\":\"EntryPoint\",\"urlTemplate\":\"https:\\\/\\\/transportjournal.com\\\/es\\\/?s={search_term_string}\"},\"query-input\":{\"@type\":\"PropertyValueSpecification\",\"valueRequired\":true,\"valueName\":\"search_term_string\"}}],\"inLanguage\":\"es\"},{\"@type\":\"Organization\",\"@id\":\"https:\\\/\\\/transportjournal.com\\\/es\\\/#organization\",\"name\":\"Grupo Logismedia AG\",\"alternateName\":\"Logismedia Group AG\",\"url\":\"https:\\\/\\\/transportjournal.com\\\/es\\\/\",\"logo\":{\"@type\":\"ImageObject\",\"inLanguage\":\"es\",\"@id\":\"https:\\\/\\\/transportjournal.com\\\/es\\\/#\\\/schema\\\/logo\\\/image\\\/\",\"url\":\"https:\\\/\\\/transportjournal.com\\\/wp-content\\\/uploads\\\/sites\\\/2\\\/2025\\\/09\\\/Logo_ITJ.png\",\"contentUrl\":\"https:\\\/\\\/transportjournal.com\\\/wp-content\\\/uploads\\\/sites\\\/2\\\/2025\\\/09\\\/Logo_ITJ.png\",\"width\":799,\"height\":326,\"caption\":\"Grupo Logismedia AG\"},\"image\":{\"@id\":\"https:\\\/\\\/transportjournal.com\\\/es\\\/#\\\/schema\\\/logo\\\/image\\\/\"},\"sameAs\":[\"https:\\\/\\\/www.linkedin.com\\\/company\\\/56456496\\\/admin\\\/dashboard\\\/\",\"https:\\\/\\\/www.instagram.com\\\/logismediagroup\\\/\",\"https:\\\/\\\/www.youtube.com\\\/@LogiamediaGroupAG\"]},{\"@type\":\"Person\",\"@id\":\"https:\\\/\\\/transportjournal.com\\\/es\\\/#\\\/schema\\\/person\\\/41d36b5474b623392fa613e97e2363fa\",\"name\":\"Jeremy Soland\",\"url\":\"https:\\\/\\\/transportjournal.com\\\/es\\\/author\\\/jeremy\\\/\"}]}<\/script>\n<!-- \/ Yoast SEO plugin. -->","yoast_head_json":{"title":"Reanudaci\u00f3n de la l\u00ednea Hamburgo-Berl\u00edn - ITJ | International Transport Journal","robots":{"index":"index","follow":"follow","max-snippet":"max-snippet:-1","max-image-preview":"max-image-preview:large","max-video-preview":"max-video-preview:-1"},"canonical":"https:\/\/transportjournal.com\/es\/2026\/03\/11\/reanudacion-de-la-linea-hamburgo-berlin\/","og_locale":"es_ES","og_type":"article","og_title":"Reanudaci\u00f3n de la l\u00ednea Hamburgo-Berl\u00edn - ITJ | International Transport Journal","og_description":"Deutsche Bahn planea la reanudaci\u00f3n de la l\u00ednea entre Hamburgo y Berl\u00edn en dos fases, comenzando el 15 de mayo de 2026.","og_url":"https:\/\/transportjournal.com\/es\/2026\/03\/11\/reanudacion-de-la-linea-hamburgo-berlin\/","og_site_name":"ITJ | International Transport Journal","article_published_time":"2026-03-11T12:14:20+00:00","og_image":[{"width":971,"height":546,"url":"https:\/\/transportjournal.com\/wp-content\/uploads\/sites\/2\/2026\/03\/DB285658-aspect-ratio-1400-788.jpg","type":"image\/jpeg"}],"author":"Jeremy Soland","twitter_card":"summary_large_image","twitter_misc":{"Escrito por":"Jeremy Soland","Tiempo de lectura":"1 minuto"},"schema":{"@context":"https:\/\/schema.org","@graph":[{"@type":"Article","@id":"https:\/\/transportjournal.com\/es\/2026\/03\/11\/reanudacion-de-la-linea-hamburgo-berlin\/#article","isPartOf":{"@id":"https:\/\/transportjournal.com\/es\/2026\/03\/11\/reanudacion-de-la-linea-hamburgo-berlin\/"},"author":{"name":"Jeremy Soland","@id":"https:\/\/transportjournal.com\/es\/#\/schema\/person\/41d36b5474b623392fa613e97e2363fa"},"headline":"Reanudaci\u00f3n de la l\u00ednea Hamburgo-Berl\u00edn","datePublished":"2026-03-11T12:14:20+00:00","mainEntityOfPage":{"@id":"https:\/\/transportjournal.com\/es\/2026\/03\/11\/reanudacion-de-la-linea-hamburgo-berlin\/"},"wordCount":257,"commentCount":0,"publisher":{"@id":"https:\/\/transportjournal.com\/es\/#organization"},"image":{"@id":"https:\/\/transportjournal.com\/es\/2026\/03\/11\/reanudacion-de-la-linea-hamburgo-berlin\/#primaryimage"},"thumbnailUrl":"https:\/\/transportjournal.com\/wp-content\/uploads\/sites\/2\/2026\/03\/DB285658-aspect-ratio-1400-788.jpg","articleSection":["Deutschland","Europa","Intermodal \/ Carretera"],"inLanguage":"es","potentialAction":[{"@type":"CommentAction","name":"Comment","target":["https:\/\/transportjournal.com\/es\/2026\/03\/11\/reanudacion-de-la-linea-hamburgo-berlin\/#respond"]}]},{"@type":"WebPage","@id":"https:\/\/transportjournal.com\/es\/2026\/03\/11\/reanudacion-de-la-linea-hamburgo-berlin\/","url":"https:\/\/transportjournal.com\/es\/2026\/03\/11\/reanudacion-de-la-linea-hamburgo-berlin\/","name":"Reanudaci\u00f3n de la l\u00ednea Hamburgo-Berl\u00edn - ITJ | International Transport Journal","isPartOf":{"@id":"https:\/\/transportjournal.com\/es\/#website"},"primaryImageOfPage":{"@id":"https:\/\/transportjournal.com\/es\/2026\/03\/11\/reanudacion-de-la-linea-hamburgo-berlin\/#primaryimage"},"image":{"@id":"https:\/\/transportjournal.com\/es\/2026\/03\/11\/reanudacion-de-la-linea-hamburgo-berlin\/#primaryimage"},"thumbnailUrl":"https:\/\/transportjournal.com\/wp-content\/uploads\/sites\/2\/2026\/03\/DB285658-aspect-ratio-1400-788.jpg","datePublished":"2026-03-11T12:14:20+00:00","breadcrumb":{"@id":"https:\/\/transportjournal.com\/es\/2026\/03\/11\/reanudacion-de-la-linea-hamburgo-berlin\/#breadcrumb"},"inLanguage":"es","potentialAction":[{"@type":"ReadAction","target":["https:\/\/transportjournal.com\/es\/2026\/03\/11\/reanudacion-de-la-linea-hamburgo-berlin\/"]}]},{"@type":"ImageObject","inLanguage":"es","@id":"https:\/\/transportjournal.com\/es\/2026\/03\/11\/reanudacion-de-la-linea-hamburgo-berlin\/#primaryimage","url":"https:\/\/transportjournal.com\/wp-content\/uploads\/sites\/2\/2026\/03\/DB285658-aspect-ratio-1400-788.jpg","contentUrl":"https:\/\/transportjournal.com\/wp-content\/uploads\/sites\/2\/2026\/03\/DB285658-aspect-ratio-1400-788.jpg","width":971,"height":546},{"@type":"BreadcrumbList","@id":"https:\/\/transportjournal.com\/es\/2026\/03\/11\/reanudacion-de-la-linea-hamburgo-berlin\/#breadcrumb","itemListElement":[{"@type":"ListItem","position":1,"name":"Startseite","item":"https:\/\/transportjournal.com\/es\/"},{"@type":"ListItem","position":2,"name":"Reanudaci\u00f3n de la l\u00ednea Hamburgo-Berl\u00edn"}]},{"@type":"WebSite","@id":"https:\/\/transportjournal.com\/es\/#website","url":"https:\/\/transportjournal.com\/es\/","name":"ITJ | International Transport Journal","description":"Stay informed with the latest global news from the transport, logistics, and supply chain industries. Transport Journal delivers expert insights, analysis, and updates across shipping, aviation, intermodal, and forwarding.","publisher":{"@id":"https:\/\/transportjournal.com\/es\/#organization"},"potentialAction":[{"@type":"SearchAction","target":{"@type":"EntryPoint","urlTemplate":"https:\/\/transportjournal.com\/es\/?s={search_term_string}"},"query-input":{"@type":"PropertyValueSpecification","valueRequired":true,"valueName":"search_term_string"}}],"inLanguage":"es"},{"@type":"Organization","@id":"https:\/\/transportjournal.com\/es\/#organization","name":"Grupo Logismedia AG","alternateName":"Logismedia Group AG","url":"https:\/\/transportjournal.com\/es\/","logo":{"@type":"ImageObject","inLanguage":"es","@id":"https:\/\/transportjournal.com\/es\/#\/schema\/logo\/image\/","url":"https:\/\/transportjournal.com\/wp-content\/uploads\/sites\/2\/2025\/09\/Logo_ITJ.png","contentUrl":"https:\/\/transportjournal.com\/wp-content\/uploads\/sites\/2\/2025\/09\/Logo_ITJ.png","width":799,"height":326,"caption":"Grupo Logismedia AG"},"image":{"@id":"https:\/\/transportjournal.com\/es\/#\/schema\/logo\/image\/"},"sameAs":["https:\/\/www.linkedin.com\/company\/56456496\/admin\/dashboard\/","https:\/\/www.instagram.com\/logismediagroup\/","https:\/\/www.youtube.com\/@LogiamediaGroupAG"]},{"@type":"Person","@id":"https:\/\/transportjournal.com\/es\/#\/schema\/person\/41d36b5474b623392fa613e97e2363fa","name":"Jeremy Soland","url":"https:\/\/transportjournal.com\/es\/author\/jeremy\/"}]}},"_links":{"self":[{"href":"https:\/\/transportjournal.com\/es\/wp-json\/wp\/v2\/posts\/80402","targetHints":{"allow":["GET"]}}],"collection":[{"href":"https:\/\/transportjournal.com\/es\/wp-json\/wp\/v2\/posts"}],"about":[{"href":"https:\/\/transportjournal.com\/es\/wp-json\/wp\/v2\/types\/post"}],"author":[{"embeddable":true,"href":"https:\/\/transportjournal.com\/es\/wp-json\/wp\/v2\/users\/10"}],"replies":[{"embeddable":true,"href":"https:\/\/transportjournal.com\/es\/wp-json\/wp\/v2\/comments?post=80402"}],"version-history":[{"count":0,"href":"https:\/\/transportjournal.com\/es\/wp-json\/wp\/v2\/posts\/80402\/revisions"}],"wp:featuredmedia":[{"embeddable":true,"href":"https:\/\/transportjournal.com\/es\/wp-json\/wp\/v2\/media\/80399"}],"wp:attachment":[{"href":"https:\/\/transportjournal.com\/es\/wp-json\/wp\/v2\/media?parent=80402"}],"wp:term":[{"taxonomy":"category","embeddable":true,"href":"https:\/\/transportjournal.com\/es\/wp-json\/wp\/v2\/categories?post=80402"},{"taxonomy":"post_tag","embeddable":true,"href":"https:\/\/transportjournal.com\/es\/wp-json\/wp\/v2\/tags?post=80402"}],"curies":[{"name":"wp","href":"https:\/\/api.w.org\/{rel}","templated":true}]}}