{"id":80334,"date":"2026-03-11T10:04:55","date_gmt":"2026-03-11T10:04:55","guid":{"rendered":"https:\/\/transportjournal.com\/2026\/03\/11\/el-transporte-aereo-refuerza-la-resiliencia-comercial-iata\/"},"modified":"2026-03-11T11:18:48","modified_gmt":"2026-03-11T10:18:48","slug":"el-transporte-aereo-refuerza-la-resiliencia-comercial-iata","status":"publish","type":"post","link":"https:\/\/transportjournal.com\/es\/2026\/03\/11\/el-transporte-aereo-refuerza-la-resiliencia-comercial-iata\/","title":{"rendered":"El transporte a\u00e9reo refuerza la resiliencia comercial \u2013 Iata"},"content":{"rendered":"<p>La carga a\u00e9rea apoy\u00f3 el comercio mundial en 2025 a pesar del aumento de aranceles y de las incertidumbres pol\u00edticas. Seg\u00fan Iata, permiti\u00f3 entregas aceleradas por un valor de USD 157 mil millones a Estados Unidos y transport\u00f3 la mayor parte de los bienes de IA comercializados a nivel global.<\/p>\n<p>La carga a\u00e9rea desempe\u00f1\u00f3 un papel central en el comercio de mercanc\u00edas a nivel mundial en 2025. Un informe de Iata muestra que las empresas utilizaron conexiones r\u00e1pidas de carga a\u00e9rea para reaccionar a los cambios arancelarios, ajustar las cadenas de suministro y transportar productos tecnol\u00f3gicos de alta calidad. El sector contribuy\u00f3 al crecimiento del comercio mundial en un 2.4% y a la expansi\u00f3n de la econom\u00eda global a pesar de las crecientes tensiones comerciales.<\/p>\n<p>La presi\u00f3n arancelaria transforma las cadenas de suministro<\/p>\n<p>Las empresas aceleraron los env\u00edos por carga a\u00e9rea para anticiparse a los nuevos aranceles. En el primer trimestre de 2025, las importaciones de EE. UU. aumentaron en comparaci\u00f3n con el a\u00f1o anterior en USD 193 mil millones. Mercanc\u00edas por un valor de USD 157 mil millones de este aumento fueron transportadas por carga a\u00e9rea. Esto representa el 82% del crecimiento total de las importaciones en este per\u00edodo.<\/p>\n<p>Adem\u00e1s, las empresas ajustaron sus estrategias de aprovisionamiento para reducir los riesgos arancelarios. Los importadores trasladaron sus compras de socios comerciales muy gravados, mientras que los exportadores redirigieron los env\u00edos hacia mercados alternativos, especialmente a Europa. La carga a\u00e9rea facilit\u00f3 estos ajustes r\u00e1pidos, ya que los bienes de alta calidad pueden ser transportados r\u00e1pidamente entre regiones.<\/p>\n<p>El sector tambi\u00e9n apoy\u00f3 el fuerte crecimiento de la Inteligencia Artificial. M\u00e1s de dos tercios del valor comercial mundial de los bienes relacionados con la IA fueron transportados por aire en 2025. Los env\u00edos de servidores, chips de memoria y sistemas de almacenamiento de datos aumentaron en un 20% en comparaci\u00f3n con el a\u00f1o anterior. Estos productos representaron el 54% del valor total de las mercanc\u00edas transportadas por aire, aunque su volumen solo fue del 7% \u2013 un indicio de su alta densidad de valor.<\/p>\n<p>www.iata.org<\/p>\n","protected":false},"excerpt":{"rendered":"<p>El transporte a\u00e9reo fue crucial para el comercio mundial en 2025, al permitir entregas r\u00e1pidas de bienes de IA y ajustes a los cambios en las aduanas.<\/p>\n","protected":false},"author":14,"featured_media":80331,"comment_status":"open","ping_status":"","sticky":false,"template":"","format":"standard","meta":{"_acf_changed":false,"footnotes":""},"categories":[1606],"tags":[11528,2600,3447,25754,5396,12662,25755,5128,16110,25756,25757,25758,2265,2115,15828,10460,10461,5139,25759,25760,25761,25762,25763,7453,25764,25765,2125,23792,25766,5408,3561,12674,9116,2133,1831,3472,11545,3475,25767,25768,5867,2148,25769,25770,25771,25772,12681,25773,25774,2837,2155,1837,22031,25775,25776,25777,25778],"class_list":["post-80334","post","type-post","status-publish","format-standard","has-post-thumbnail","hentry","category-carga-aerea","tag-air-freight-connections","tag-air-freight-infrastructure","tag-air-freight-market","tag-ajustements-de-marche","tag-artificial-intelligence","tag-chaines-dapprovisionnement","tag-changements-douaniers","tag-commerce-mondial","tag-connexions-de-fret-aerien","tag-croissance-des-importations","tag-customs-changes","tag-customs-risks","tag-deutsch-luftfracht","tag-digitalisierung-in-der-logistik","tag-etats-unis","tag-europa","tag-europe","tag-global-trade","tag-goods-transport","tag-handelsresilienz","tag-handelsstrategien","tag-high-value-technology-products","tag-hochwertige-technologieprodukte","tag-iata","tag-import-growth","tag-importwachstum","tag-industrie-du-transport","tag-infrastructure-du-fret-aerien","tag-infrastruktur-der-luftfracht","tag-intelligence-artificielle","tag-kuenstliche-intelligenz","tag-lieferketten","tag-logistics-digitization","tag-logistics-service-providers","tag-logistikdienstleister","tag-luftfrachtmarkt","tag-luftfrachtverbindungen","tag-marche-du-fret-aerien","tag-market-adjustments-francais-fret-aerien","tag-marktanpassungen-english-air-freight","tag-numerisation-de-la-logistique","tag-prestataires-de-services-logistiques","tag-produits-technologiques-de-haute-valeur","tag-resilience-commerciale","tag-risques-douaniers","tag-strategies-commerciales","tag-supply-chains","tag-trade-resilience","tag-trade-strategies","tag-transport-de-marchandises","tag-transport-industry","tag-transportwirtschaft","tag-usa","tag-warenverkehr","tag-welthandel","tag-zollaenderungen","tag-zollrisiken"],"acf":[],"yoast_head":"<!-- This site is optimized with the Yoast SEO plugin v27.3 - https:\/\/yoast.com\/product\/yoast-seo-wordpress\/ -->\n<title>El transporte a\u00e9reo refuerza la resiliencia comercial \u2013 Iata - ITJ | International Transport Journal<\/title>\n<meta name=\"robots\" content=\"index, follow, max-snippet:-1, max-image-preview:large, max-video-preview:-1\" \/>\n<link rel=\"canonical\" href=\"https:\/\/transportjournal.com\/es\/2026\/03\/11\/el-transporte-aereo-refuerza-la-resiliencia-comercial-iata\/\" \/>\n<meta property=\"og:locale\" content=\"es_ES\" \/>\n<meta property=\"og:type\" content=\"article\" \/>\n<meta property=\"og:title\" content=\"El transporte a\u00e9reo refuerza la resiliencia comercial \u2013 Iata - ITJ | International Transport Journal\" \/>\n<meta property=\"og:description\" content=\"El transporte a\u00e9reo fue crucial para el comercio mundial en 2025, al permitir entregas r\u00e1pidas de bienes de IA y ajustes a los cambios en las aduanas.\" \/>\n<meta property=\"og:url\" content=\"https:\/\/transportjournal.com\/es\/2026\/03\/11\/el-transporte-aereo-refuerza-la-resiliencia-comercial-iata\/\" \/>\n<meta property=\"og:site_name\" content=\"ITJ | International Transport Journal\" \/>\n<meta property=\"article:published_time\" content=\"2026-03-11T10:04:55+00:00\" \/>\n<meta property=\"article:modified_time\" content=\"2026-03-11T10:18:48+00:00\" \/>\n<meta property=\"og:image\" content=\"https:\/\/transportjournal.com\/wp-content\/uploads\/sites\/2\/2026\/03\/Luftfracht_allgemein_AdobeStock_215225362_PhotoCandy1812-scaled-aspect-ratio-1400-788-scaled-1.jpeg\" \/>\n\t<meta property=\"og:image:width\" content=\"2560\" \/>\n\t<meta property=\"og:image:height\" content=\"1441\" \/>\n\t<meta property=\"og:image:type\" content=\"image\/jpeg\" \/>\n<meta name=\"author\" content=\"Gyan Sharan\" \/>\n<meta name=\"twitter:card\" content=\"summary_large_image\" \/>\n<meta name=\"twitter:label1\" content=\"Escrito por\" \/>\n\t<meta name=\"twitter:data1\" content=\"Gyan Sharan\" \/>\n\t<meta name=\"twitter:label2\" content=\"Tiempo de lectura\" \/>\n\t<meta name=\"twitter:data2\" content=\"2 minuto\" \/>\n<script type=\"application\/ld+json\" class=\"yoast-schema-graph\">{\"@context\":\"https:\\\/\\\/schema.org\",\"@graph\":[{\"@type\":\"Article\",\"@id\":\"https:\\\/\\\/transportjournal.com\\\/es\\\/2026\\\/03\\\/11\\\/el-transporte-aereo-refuerza-la-resiliencia-comercial-iata\\\/#article\",\"isPartOf\":{\"@id\":\"https:\\\/\\\/transportjournal.com\\\/es\\\/2026\\\/03\\\/11\\\/el-transporte-aereo-refuerza-la-resiliencia-comercial-iata\\\/\"},\"author\":{\"name\":\"Gyan Sharan\",\"@id\":\"https:\\\/\\\/transportjournal.com\\\/es\\\/#\\\/schema\\\/person\\\/13a9fc605c753db60ef7750a229cd042\"},\"headline\":\"El transporte a\u00e9reo refuerza la resiliencia comercial \u2013 Iata\",\"datePublished\":\"2026-03-11T10:04:55+00:00\",\"dateModified\":\"2026-03-11T10:18:48+00:00\",\"mainEntityOfPage\":{\"@id\":\"https:\\\/\\\/transportjournal.com\\\/es\\\/2026\\\/03\\\/11\\\/el-transporte-aereo-refuerza-la-resiliencia-comercial-iata\\\/\"},\"wordCount\":369,\"commentCount\":0,\"publisher\":{\"@id\":\"https:\\\/\\\/transportjournal.com\\\/es\\\/#organization\"},\"image\":{\"@id\":\"https:\\\/\\\/transportjournal.com\\\/es\\\/2026\\\/03\\\/11\\\/el-transporte-aereo-refuerza-la-resiliencia-comercial-iata\\\/#primaryimage\"},\"thumbnailUrl\":\"https:\\\/\\\/transportjournal.com\\\/wp-content\\\/uploads\\\/sites\\\/2\\\/2026\\\/03\\\/Luftfracht_allgemein_AdobeStock_215225362_PhotoCandy1812-scaled-aspect-ratio-1400-788-scaled-1.jpeg\",\"keywords\":[\"air freight connections\",\"air freight infrastructure\",\"air freight market\",\"ajustements de march\u00e9\",\"artificial intelligence\",\"cha\u00eenes d'approvisionnement\",\"changements douaniers\",\"commerce mondial\",\"connexions de fret a\u00e9rien\",\"croissance des importations\",\"customs changes\",\"customs risks\",\"Deutsch Luftfracht\",\"Digitalisierung in der Logistik\",\"\u00c9tats-Unis\",\"Europa\",\"Europe\",\"global trade\",\"goods transport\",\"Handelsresilienz\",\"Handelsstrategien\",\"high-value technology products\",\"Hochwertige Technologieprodukte\",\"IATA\",\"import growth\",\"Importwachstum\",\"industrie du transport\",\"infrastructure du fret a\u00e9rien\",\"Infrastruktur der Luftfracht\",\"intelligence artificielle\",\"K\u00fcnstliche Intelligenz\",\"Lieferketten\",\"logistics digitization\",\"logistics service providers\",\"Logistikdienstleister\",\"Luftfrachtmarkt\",\"Luftfrachtverbindungen\",\"march\u00e9 du fret a\u00e9rien\",\"market adjustments Fran\u00e7ais Fret a\u00e9rien\",\"Marktanpassungen English Air freight\",\"num\u00e9risation de la logistique\",\"prestataires de services logistiques\",\"produits technologiques de haute valeur\",\"r\u00e9silience commerciale\",\"risques douaniers\",\"strat\u00e9gies commerciales\",\"supply chains\",\"trade resilience\",\"trade strategies\",\"transport de marchandises\",\"transport industry\",\"Transportwirtschaft\",\"USA\",\"Warenverkehr\",\"Welthandel\",\"Zoll\u00e4nderungen\",\"Zollrisiken\"],\"articleSection\":[\"Carga a\u00e9rea\"],\"inLanguage\":\"es\",\"potentialAction\":[{\"@type\":\"CommentAction\",\"name\":\"Comment\",\"target\":[\"https:\\\/\\\/transportjournal.com\\\/es\\\/2026\\\/03\\\/11\\\/el-transporte-aereo-refuerza-la-resiliencia-comercial-iata\\\/#respond\"]}]},{\"@type\":\"WebPage\",\"@id\":\"https:\\\/\\\/transportjournal.com\\\/es\\\/2026\\\/03\\\/11\\\/el-transporte-aereo-refuerza-la-resiliencia-comercial-iata\\\/\",\"url\":\"https:\\\/\\\/transportjournal.com\\\/es\\\/2026\\\/03\\\/11\\\/el-transporte-aereo-refuerza-la-resiliencia-comercial-iata\\\/\",\"name\":\"El transporte a\u00e9reo refuerza la resiliencia comercial \u2013 Iata - ITJ | International Transport Journal\",\"isPartOf\":{\"@id\":\"https:\\\/\\\/transportjournal.com\\\/es\\\/#website\"},\"primaryImageOfPage\":{\"@id\":\"https:\\\/\\\/transportjournal.com\\\/es\\\/2026\\\/03\\\/11\\\/el-transporte-aereo-refuerza-la-resiliencia-comercial-iata\\\/#primaryimage\"},\"image\":{\"@id\":\"https:\\\/\\\/transportjournal.com\\\/es\\\/2026\\\/03\\\/11\\\/el-transporte-aereo-refuerza-la-resiliencia-comercial-iata\\\/#primaryimage\"},\"thumbnailUrl\":\"https:\\\/\\\/transportjournal.com\\\/wp-content\\\/uploads\\\/sites\\\/2\\\/2026\\\/03\\\/Luftfracht_allgemein_AdobeStock_215225362_PhotoCandy1812-scaled-aspect-ratio-1400-788-scaled-1.jpeg\",\"datePublished\":\"2026-03-11T10:04:55+00:00\",\"dateModified\":\"2026-03-11T10:18:48+00:00\",\"breadcrumb\":{\"@id\":\"https:\\\/\\\/transportjournal.com\\\/es\\\/2026\\\/03\\\/11\\\/el-transporte-aereo-refuerza-la-resiliencia-comercial-iata\\\/#breadcrumb\"},\"inLanguage\":\"es\",\"potentialAction\":[{\"@type\":\"ReadAction\",\"target\":[\"https:\\\/\\\/transportjournal.com\\\/es\\\/2026\\\/03\\\/11\\\/el-transporte-aereo-refuerza-la-resiliencia-comercial-iata\\\/\"]}]},{\"@type\":\"ImageObject\",\"inLanguage\":\"es\",\"@id\":\"https:\\\/\\\/transportjournal.com\\\/es\\\/2026\\\/03\\\/11\\\/el-transporte-aereo-refuerza-la-resiliencia-comercial-iata\\\/#primaryimage\",\"url\":\"https:\\\/\\\/transportjournal.com\\\/wp-content\\\/uploads\\\/sites\\\/2\\\/2026\\\/03\\\/Luftfracht_allgemein_AdobeStock_215225362_PhotoCandy1812-scaled-aspect-ratio-1400-788-scaled-1.jpeg\",\"contentUrl\":\"https:\\\/\\\/transportjournal.com\\\/wp-content\\\/uploads\\\/sites\\\/2\\\/2026\\\/03\\\/Luftfracht_allgemein_AdobeStock_215225362_PhotoCandy1812-scaled-aspect-ratio-1400-788-scaled-1.jpeg\",\"width\":2560,\"height\":1441},{\"@type\":\"BreadcrumbList\",\"@id\":\"https:\\\/\\\/transportjournal.com\\\/es\\\/2026\\\/03\\\/11\\\/el-transporte-aereo-refuerza-la-resiliencia-comercial-iata\\\/#breadcrumb\",\"itemListElement\":[{\"@type\":\"ListItem\",\"position\":1,\"name\":\"Startseite\",\"item\":\"https:\\\/\\\/transportjournal.com\\\/es\\\/\"},{\"@type\":\"ListItem\",\"position\":2,\"name\":\"El transporte a\u00e9reo refuerza la resiliencia comercial \u2013 Iata\"}]},{\"@type\":\"WebSite\",\"@id\":\"https:\\\/\\\/transportjournal.com\\\/es\\\/#website\",\"url\":\"https:\\\/\\\/transportjournal.com\\\/es\\\/\",\"name\":\"ITJ | International Transport Journal\",\"description\":\"Stay informed with the latest global news from the transport, logistics, and supply chain industries. Transport Journal delivers expert insights, analysis, and updates across shipping, aviation, intermodal, and forwarding.\",\"publisher\":{\"@id\":\"https:\\\/\\\/transportjournal.com\\\/es\\\/#organization\"},\"potentialAction\":[{\"@type\":\"SearchAction\",\"target\":{\"@type\":\"EntryPoint\",\"urlTemplate\":\"https:\\\/\\\/transportjournal.com\\\/es\\\/?s={search_term_string}\"},\"query-input\":{\"@type\":\"PropertyValueSpecification\",\"valueRequired\":true,\"valueName\":\"search_term_string\"}}],\"inLanguage\":\"es\"},{\"@type\":\"Organization\",\"@id\":\"https:\\\/\\\/transportjournal.com\\\/es\\\/#organization\",\"name\":\"Grupo Logismedia AG\",\"alternateName\":\"Logismedia Group AG\",\"url\":\"https:\\\/\\\/transportjournal.com\\\/es\\\/\",\"logo\":{\"@type\":\"ImageObject\",\"inLanguage\":\"es\",\"@id\":\"https:\\\/\\\/transportjournal.com\\\/es\\\/#\\\/schema\\\/logo\\\/image\\\/\",\"url\":\"https:\\\/\\\/transportjournal.com\\\/wp-content\\\/uploads\\\/sites\\\/2\\\/2025\\\/09\\\/Logo_ITJ.png\",\"contentUrl\":\"https:\\\/\\\/transportjournal.com\\\/wp-content\\\/uploads\\\/sites\\\/2\\\/2025\\\/09\\\/Logo_ITJ.png\",\"width\":799,\"height\":326,\"caption\":\"Grupo Logismedia AG\"},\"image\":{\"@id\":\"https:\\\/\\\/transportjournal.com\\\/es\\\/#\\\/schema\\\/logo\\\/image\\\/\"},\"sameAs\":[\"https:\\\/\\\/www.linkedin.com\\\/company\\\/56456496\\\/admin\\\/dashboard\\\/\",\"https:\\\/\\\/www.instagram.com\\\/logismediagroup\\\/\",\"https:\\\/\\\/www.youtube.com\\\/@LogiamediaGroupAG\"]},{\"@type\":\"Person\",\"@id\":\"https:\\\/\\\/transportjournal.com\\\/es\\\/#\\\/schema\\\/person\\\/13a9fc605c753db60ef7750a229cd042\",\"name\":\"Gyan Sharan\",\"url\":\"https:\\\/\\\/transportjournal.com\\\/es\\\/author\\\/gyan\\\/\"}]}<\/script>\n<!-- \/ Yoast SEO plugin. -->","yoast_head_json":{"title":"El transporte a\u00e9reo refuerza la resiliencia comercial \u2013 Iata - ITJ | International Transport Journal","robots":{"index":"index","follow":"follow","max-snippet":"max-snippet:-1","max-image-preview":"max-image-preview:large","max-video-preview":"max-video-preview:-1"},"canonical":"https:\/\/transportjournal.com\/es\/2026\/03\/11\/el-transporte-aereo-refuerza-la-resiliencia-comercial-iata\/","og_locale":"es_ES","og_type":"article","og_title":"El transporte a\u00e9reo refuerza la resiliencia comercial \u2013 Iata - ITJ | International Transport Journal","og_description":"El transporte a\u00e9reo fue crucial para el comercio mundial en 2025, al permitir entregas r\u00e1pidas de bienes de IA y ajustes a los cambios en las aduanas.","og_url":"https:\/\/transportjournal.com\/es\/2026\/03\/11\/el-transporte-aereo-refuerza-la-resiliencia-comercial-iata\/","og_site_name":"ITJ | International Transport Journal","article_published_time":"2026-03-11T10:04:55+00:00","article_modified_time":"2026-03-11T10:18:48+00:00","og_image":[{"width":2560,"height":1441,"url":"https:\/\/transportjournal.com\/wp-content\/uploads\/sites\/2\/2026\/03\/Luftfracht_allgemein_AdobeStock_215225362_PhotoCandy1812-scaled-aspect-ratio-1400-788-scaled-1.jpeg","type":"image\/jpeg"}],"author":"Gyan Sharan","twitter_card":"summary_large_image","twitter_misc":{"Escrito por":"Gyan Sharan","Tiempo de lectura":"2 minuto"},"schema":{"@context":"https:\/\/schema.org","@graph":[{"@type":"Article","@id":"https:\/\/transportjournal.com\/es\/2026\/03\/11\/el-transporte-aereo-refuerza-la-resiliencia-comercial-iata\/#article","isPartOf":{"@id":"https:\/\/transportjournal.com\/es\/2026\/03\/11\/el-transporte-aereo-refuerza-la-resiliencia-comercial-iata\/"},"author":{"name":"Gyan Sharan","@id":"https:\/\/transportjournal.com\/es\/#\/schema\/person\/13a9fc605c753db60ef7750a229cd042"},"headline":"El transporte a\u00e9reo refuerza la resiliencia comercial \u2013 Iata","datePublished":"2026-03-11T10:04:55+00:00","dateModified":"2026-03-11T10:18:48+00:00","mainEntityOfPage":{"@id":"https:\/\/transportjournal.com\/es\/2026\/03\/11\/el-transporte-aereo-refuerza-la-resiliencia-comercial-iata\/"},"wordCount":369,"commentCount":0,"publisher":{"@id":"https:\/\/transportjournal.com\/es\/#organization"},"image":{"@id":"https:\/\/transportjournal.com\/es\/2026\/03\/11\/el-transporte-aereo-refuerza-la-resiliencia-comercial-iata\/#primaryimage"},"thumbnailUrl":"https:\/\/transportjournal.com\/wp-content\/uploads\/sites\/2\/2026\/03\/Luftfracht_allgemein_AdobeStock_215225362_PhotoCandy1812-scaled-aspect-ratio-1400-788-scaled-1.jpeg","keywords":["air freight connections","air freight infrastructure","air freight market","ajustements de march\u00e9","artificial intelligence","cha\u00eenes d'approvisionnement","changements douaniers","commerce mondial","connexions de fret a\u00e9rien","croissance des importations","customs changes","customs risks","Deutsch Luftfracht","Digitalisierung in der Logistik","\u00c9tats-Unis","Europa","Europe","global trade","goods transport","Handelsresilienz","Handelsstrategien","high-value technology products","Hochwertige Technologieprodukte","IATA","import growth","Importwachstum","industrie du transport","infrastructure du fret a\u00e9rien","Infrastruktur der Luftfracht","intelligence artificielle","K\u00fcnstliche Intelligenz","Lieferketten","logistics digitization","logistics service providers","Logistikdienstleister","Luftfrachtmarkt","Luftfrachtverbindungen","march\u00e9 du fret a\u00e9rien","market adjustments Fran\u00e7ais Fret a\u00e9rien","Marktanpassungen English Air freight","num\u00e9risation de la logistique","prestataires de services logistiques","produits technologiques de haute valeur","r\u00e9silience commerciale","risques douaniers","strat\u00e9gies commerciales","supply chains","trade resilience","trade strategies","transport de marchandises","transport industry","Transportwirtschaft","USA","Warenverkehr","Welthandel","Zoll\u00e4nderungen","Zollrisiken"],"articleSection":["Carga a\u00e9rea"],"inLanguage":"es","potentialAction":[{"@type":"CommentAction","name":"Comment","target":["https:\/\/transportjournal.com\/es\/2026\/03\/11\/el-transporte-aereo-refuerza-la-resiliencia-comercial-iata\/#respond"]}]},{"@type":"WebPage","@id":"https:\/\/transportjournal.com\/es\/2026\/03\/11\/el-transporte-aereo-refuerza-la-resiliencia-comercial-iata\/","url":"https:\/\/transportjournal.com\/es\/2026\/03\/11\/el-transporte-aereo-refuerza-la-resiliencia-comercial-iata\/","name":"El transporte a\u00e9reo refuerza la resiliencia comercial \u2013 Iata - ITJ | International Transport Journal","isPartOf":{"@id":"https:\/\/transportjournal.com\/es\/#website"},"primaryImageOfPage":{"@id":"https:\/\/transportjournal.com\/es\/2026\/03\/11\/el-transporte-aereo-refuerza-la-resiliencia-comercial-iata\/#primaryimage"},"image":{"@id":"https:\/\/transportjournal.com\/es\/2026\/03\/11\/el-transporte-aereo-refuerza-la-resiliencia-comercial-iata\/#primaryimage"},"thumbnailUrl":"https:\/\/transportjournal.com\/wp-content\/uploads\/sites\/2\/2026\/03\/Luftfracht_allgemein_AdobeStock_215225362_PhotoCandy1812-scaled-aspect-ratio-1400-788-scaled-1.jpeg","datePublished":"2026-03-11T10:04:55+00:00","dateModified":"2026-03-11T10:18:48+00:00","breadcrumb":{"@id":"https:\/\/transportjournal.com\/es\/2026\/03\/11\/el-transporte-aereo-refuerza-la-resiliencia-comercial-iata\/#breadcrumb"},"inLanguage":"es","potentialAction":[{"@type":"ReadAction","target":["https:\/\/transportjournal.com\/es\/2026\/03\/11\/el-transporte-aereo-refuerza-la-resiliencia-comercial-iata\/"]}]},{"@type":"ImageObject","inLanguage":"es","@id":"https:\/\/transportjournal.com\/es\/2026\/03\/11\/el-transporte-aereo-refuerza-la-resiliencia-comercial-iata\/#primaryimage","url":"https:\/\/transportjournal.com\/wp-content\/uploads\/sites\/2\/2026\/03\/Luftfracht_allgemein_AdobeStock_215225362_PhotoCandy1812-scaled-aspect-ratio-1400-788-scaled-1.jpeg","contentUrl":"https:\/\/transportjournal.com\/wp-content\/uploads\/sites\/2\/2026\/03\/Luftfracht_allgemein_AdobeStock_215225362_PhotoCandy1812-scaled-aspect-ratio-1400-788-scaled-1.jpeg","width":2560,"height":1441},{"@type":"BreadcrumbList","@id":"https:\/\/transportjournal.com\/es\/2026\/03\/11\/el-transporte-aereo-refuerza-la-resiliencia-comercial-iata\/#breadcrumb","itemListElement":[{"@type":"ListItem","position":1,"name":"Startseite","item":"https:\/\/transportjournal.com\/es\/"},{"@type":"ListItem","position":2,"name":"El transporte a\u00e9reo refuerza la resiliencia comercial \u2013 Iata"}]},{"@type":"WebSite","@id":"https:\/\/transportjournal.com\/es\/#website","url":"https:\/\/transportjournal.com\/es\/","name":"ITJ | International Transport Journal","description":"Stay informed with the latest global news from the transport, logistics, and supply chain industries. Transport Journal delivers expert insights, analysis, and updates across shipping, aviation, intermodal, and forwarding.","publisher":{"@id":"https:\/\/transportjournal.com\/es\/#organization"},"potentialAction":[{"@type":"SearchAction","target":{"@type":"EntryPoint","urlTemplate":"https:\/\/transportjournal.com\/es\/?s={search_term_string}"},"query-input":{"@type":"PropertyValueSpecification","valueRequired":true,"valueName":"search_term_string"}}],"inLanguage":"es"},{"@type":"Organization","@id":"https:\/\/transportjournal.com\/es\/#organization","name":"Grupo Logismedia AG","alternateName":"Logismedia Group AG","url":"https:\/\/transportjournal.com\/es\/","logo":{"@type":"ImageObject","inLanguage":"es","@id":"https:\/\/transportjournal.com\/es\/#\/schema\/logo\/image\/","url":"https:\/\/transportjournal.com\/wp-content\/uploads\/sites\/2\/2025\/09\/Logo_ITJ.png","contentUrl":"https:\/\/transportjournal.com\/wp-content\/uploads\/sites\/2\/2025\/09\/Logo_ITJ.png","width":799,"height":326,"caption":"Grupo Logismedia AG"},"image":{"@id":"https:\/\/transportjournal.com\/es\/#\/schema\/logo\/image\/"},"sameAs":["https:\/\/www.linkedin.com\/company\/56456496\/admin\/dashboard\/","https:\/\/www.instagram.com\/logismediagroup\/","https:\/\/www.youtube.com\/@LogiamediaGroupAG"]},{"@type":"Person","@id":"https:\/\/transportjournal.com\/es\/#\/schema\/person\/13a9fc605c753db60ef7750a229cd042","name":"Gyan Sharan","url":"https:\/\/transportjournal.com\/es\/author\/gyan\/"}]}},"_links":{"self":[{"href":"https:\/\/transportjournal.com\/es\/wp-json\/wp\/v2\/posts\/80334","targetHints":{"allow":["GET"]}}],"collection":[{"href":"https:\/\/transportjournal.com\/es\/wp-json\/wp\/v2\/posts"}],"about":[{"href":"https:\/\/transportjournal.com\/es\/wp-json\/wp\/v2\/types\/post"}],"author":[{"embeddable":true,"href":"https:\/\/transportjournal.com\/es\/wp-json\/wp\/v2\/users\/14"}],"replies":[{"embeddable":true,"href":"https:\/\/transportjournal.com\/es\/wp-json\/wp\/v2\/comments?post=80334"}],"version-history":[{"count":2,"href":"https:\/\/transportjournal.com\/es\/wp-json\/wp\/v2\/posts\/80334\/revisions"}],"predecessor-version":[{"id":80348,"href":"https:\/\/transportjournal.com\/es\/wp-json\/wp\/v2\/posts\/80334\/revisions\/80348"}],"wp:featuredmedia":[{"embeddable":true,"href":"https:\/\/transportjournal.com\/es\/wp-json\/wp\/v2\/media\/80331"}],"wp:attachment":[{"href":"https:\/\/transportjournal.com\/es\/wp-json\/wp\/v2\/media?parent=80334"}],"wp:term":[{"taxonomy":"category","embeddable":true,"href":"https:\/\/transportjournal.com\/es\/wp-json\/wp\/v2\/categories?post=80334"},{"taxonomy":"post_tag","embeddable":true,"href":"https:\/\/transportjournal.com\/es\/wp-json\/wp\/v2\/tags?post=80334"}],"curies":[{"name":"wp","href":"https:\/\/api.w.org\/{rel}","templated":true}]}}