{"id":75048,"date":"2026-01-29T10:00:12","date_gmt":"2026-01-29T10:00:12","guid":{"rendered":"https:\/\/transportjournal.com\/2026\/01\/29\/ulla-eithz-nielsen-nueva-coo-adjunta\/"},"modified":"2026-01-29T10:00:12","modified_gmt":"2026-01-29T10:00:12","slug":"ulla-eithz-nielsen-nueva-coo-adjunta","status":"publish","type":"post","link":"https:\/\/transportjournal.com\/es\/2026\/01\/29\/ulla-eithz-nielsen-nueva-coo-adjunta\/","title":{"rendered":"Ulla Eithz Nielsen nueva COO adjunta"},"content":{"rendered":"<p>Columbia Group ha nombrado a Ulla Eithz Nielsen como Vicepresidenta de Operaciones (COO). Esta nueva posici\u00f3n tiene como objetivo fortalecer el liderazgo de la empresa mientras el grupo desarrolla su plataforma global integrada de servicios mar\u00edtimos.<\/p>\n<p>Eithz Nielsen aporta m\u00e1s de seis a\u00f1os de experiencia en puestos de liderazgo en V.Group, donde ocup\u00f3 diversas funciones operativas y ejecutivas, incluida la de Directora General. Comenz\u00f3 su carrera en el mar antes de unirse a A.P. Moller \u2013 Maersk. Posteriormente, trabaj\u00f3 durante una d\u00e9cada en NORDEN, donde fue responsable de la optimizaci\u00f3n de procesos, aplicaciones comerciales e inteligencia empresarial. Estas experiencias moldearon su papel posterior en V.Group, donde particip\u00f3 de manera significativa en el desarrollo e implementaci\u00f3n de modelos operativos a nivel empresarial.<\/p>\n<p>En su nueva funci\u00f3n, Eithz Nielsen colaborar\u00e1 estrechamente con el equipo de liderazgo de Columbia para apoyar la alineaci\u00f3n operativa, la eficiencia organizativa y el desarrollo a largo plazo de las actividades en gesti\u00f3n de buques y servicios mar\u00edtimos relacionados.<\/p>\n<p>Leonid Zalenski, COO de Columbia Group, se pronunci\u00f3 sobre Eithz Nielsen: \u201cElla tiene una mentalidad operativa destacada y una profunda comprensi\u00f3n de c\u00f3mo deben estructurarse las organizaciones mar\u00edtimas para operar de manera consistente a gran escala. Su experiencia apoyar\u00e1 nuestro enfoque en la claridad, la responsabilidad y la implementaci\u00f3n efectiva dentro del grupo.\u201d<\/p>\n<p>Eithz Nielsen, por su parte, destac\u00f3: \u201cEstoy emocionada de trabajar estrechamente con el equipo de Columbia mientras el grupo contin\u00faa invirtiendo en su plataforma operativa y capacidades digitales. He sido recibida muy calurosamente y disfruto colaborar con Leonid y el resto del equipo de liderazgo.<\/p>\n<p>La digitalizaci\u00f3n es una preocupaci\u00f3n central para m\u00ed, ya que, si se utiliza correctamente, puede simplificar la forma de trabajar, apoyar mejores decisiones y permitir que los equipos dediquen m\u00e1s tiempo a lo esencial. Columbia ya tiene una base s\u00f3lida en este \u00e1mbito, y hay un claro potencial para construir sobre ello mientras el negocio evoluciona. Personalmente, la mudanza a Chipre fue una transici\u00f3n fluida, y el sol ha sido sin duda un bono bienvenido.\u201d<\/p>\n<p>&nbsp;<\/p>\n<p><a href=\"https:\/\/columbiagroup.org\/\" target=\"_blank\" rel=\"noopener noreferrer\">www.columbiagroup.org<\/a><\/p>\n<p>&nbsp;<\/p>\n","protected":false},"excerpt":{"rendered":"<p>Columbia Group ha nombrado a Ulla Eithz Nielsen como COO adjunta para promover la eficiencia operativa y el desarrollo en el sector de servicios mar\u00edtimos.<\/p>\n","protected":false},"author":12,"featured_media":75045,"comment_status":"open","ping_status":"open","sticky":false,"template":"","format":"standard","meta":{"_acf_changed":false,"footnotes":""},"categories":[1611,1607,1603],"tags":[4017,7832,10903,10904,10905,2548,10906,6645,2211,2212,2115,4232,2700,2123,5901,10907,10908,2562,2909,6478,3872,2622,6384,10909,10910,6385,1800,10911,3379,4257,2925,5738,5739,10912,2720,10913,2929,5741,5742,5908,6399,5909,2106,2641,2242,10914,2157,10915,10916],"class_list":["post-75048","post","type-post","status-publish","format-standard","has-post-thumbnail","hentry","category-europa","category-navegacion-y-puertos","category-personas-y-empresas","tag-a-p-moller-maersk","tag-chypre","tag-coo-adjointe","tag-coo-deputy","tag-coo-stellvertreterin","tag-corporate-governance","tag-cyprus-francais-columbia-group","tag-deutsch-columbia-group","tag-digital-transformation","tag-digitale-transformation","tag-digitalisierung-in-der-logistik","tag-efficacite-operationnelle","tag-fachkraeftemangel-in-der-logistik","tag-gestion-de-la-chaine-dapprovisionnement","tag-gestion-des-navires","tag-global-service-platform","tag-globale-plattform-fuer-dienstleistungen","tag-gouvernance-dentreprise","tag-hafenbetrieb","tag-labor-shortage-in-logistics","tag-logistics-digitalization","tag-logistique-durable","tag-maritime-dienstleistungen","tag-maritime-organisationen","tag-maritime-organizations","tag-maritime-services","tag-nachhaltige-logistik","tag-norden","tag-numerisation-logistique","tag-operational-efficiency","tag-operations-portuaires","tag-operative-effizienz","tag-optimisation-des-processus","tag-organisations-maritimes","tag-penurie-de-main-doeuvre-dans-la-logistique","tag-plateforme-de-services-mondiale","tag-port-operations","tag-process-optimization","tag-prozessoptimierung","tag-schiffsmanagement","tag-services-maritimes","tag-ship-management","tag-supply-chain-management","tag-sustainable-logistics","tag-transformation-numerique","tag-ulla-eithz-nielsen","tag-unternehmensfuehrung","tag-v-group","tag-zypern-english-columbia-group"],"acf":[],"yoast_head":"<!-- This site is optimized with the Yoast SEO plugin v27.3 - https:\/\/yoast.com\/product\/yoast-seo-wordpress\/ -->\n<title>Ulla Eithz Nielsen nueva COO adjunta - ITJ | International Transport Journal<\/title>\n<meta name=\"robots\" content=\"index, follow, max-snippet:-1, max-image-preview:large, max-video-preview:-1\" \/>\n<link rel=\"canonical\" href=\"https:\/\/transportjournal.com\/es\/2026\/01\/29\/ulla-eithz-nielsen-nueva-coo-adjunta\/\" \/>\n<meta property=\"og:locale\" content=\"es_ES\" \/>\n<meta property=\"og:type\" content=\"article\" \/>\n<meta property=\"og:title\" content=\"Ulla Eithz Nielsen nueva COO adjunta - ITJ | International Transport Journal\" \/>\n<meta property=\"og:description\" content=\"Columbia Group ha nombrado a Ulla Eithz Nielsen como COO adjunta para promover la eficiencia operativa y el desarrollo en el sector de servicios mar\u00edtimos.\" \/>\n<meta property=\"og:url\" content=\"https:\/\/transportjournal.com\/es\/2026\/01\/29\/ulla-eithz-nielsen-nueva-coo-adjunta\/\" \/>\n<meta property=\"og:site_name\" content=\"ITJ | International Transport Journal\" \/>\n<meta property=\"article:published_time\" content=\"2026-01-29T10:00:12+00:00\" \/>\n<meta property=\"og:image\" content=\"https:\/\/transportjournal.com\/wp-content\/uploads\/sites\/2\/2026\/01\/55049651223_0112184909_o-aspect-ratio-1400-788.jpg\" \/>\n\t<meta property=\"og:image:width\" content=\"800\" \/>\n\t<meta property=\"og:image:height\" content=\"450\" \/>\n\t<meta property=\"og:image:type\" content=\"image\/jpeg\" \/>\n<meta name=\"author\" content=\"Andreas Haug\" \/>\n<meta name=\"twitter:card\" content=\"summary_large_image\" \/>\n<meta name=\"twitter:label1\" content=\"Escrito por\" \/>\n\t<meta name=\"twitter:data1\" content=\"Andreas Haug\" \/>\n\t<meta name=\"twitter:label2\" content=\"Tiempo de lectura\" \/>\n\t<meta name=\"twitter:data2\" content=\"2 minuto\" \/>\n<script type=\"application\/ld+json\" class=\"yoast-schema-graph\">{\"@context\":\"https:\\\/\\\/schema.org\",\"@graph\":[{\"@type\":\"Article\",\"@id\":\"https:\\\/\\\/transportjournal.com\\\/es\\\/2026\\\/01\\\/29\\\/ulla-eithz-nielsen-nueva-coo-adjunta\\\/#article\",\"isPartOf\":{\"@id\":\"https:\\\/\\\/transportjournal.com\\\/es\\\/2026\\\/01\\\/29\\\/ulla-eithz-nielsen-nueva-coo-adjunta\\\/\"},\"author\":{\"name\":\"Andreas Haug\",\"@id\":\"https:\\\/\\\/transportjournal.com\\\/es\\\/#\\\/schema\\\/person\\\/cf538b3157f15afd7589245a4b3dbd25\"},\"headline\":\"Ulla Eithz Nielsen nueva COO adjunta\",\"datePublished\":\"2026-01-29T10:00:12+00:00\",\"mainEntityOfPage\":{\"@id\":\"https:\\\/\\\/transportjournal.com\\\/es\\\/2026\\\/01\\\/29\\\/ulla-eithz-nielsen-nueva-coo-adjunta\\\/\"},\"wordCount\":368,\"commentCount\":0,\"publisher\":{\"@id\":\"https:\\\/\\\/transportjournal.com\\\/es\\\/#organization\"},\"image\":{\"@id\":\"https:\\\/\\\/transportjournal.com\\\/es\\\/2026\\\/01\\\/29\\\/ulla-eithz-nielsen-nueva-coo-adjunta\\\/#primaryimage\"},\"thumbnailUrl\":\"https:\\\/\\\/transportjournal.com\\\/wp-content\\\/uploads\\\/sites\\\/2\\\/2026\\\/01\\\/55049651223_0112184909_o-aspect-ratio-1400-788.jpg\",\"keywords\":[\"A.P. Moller - Maersk\",\"Chypre\",\"COO adjointe\",\"COO Deputy\",\"COO Stellvertreterin\",\"corporate governance\",\"Cyprus Fran\u00e7ais Columbia Group\",\"Deutsch Columbia Group\",\"digital transformation\",\"digitale Transformation\",\"Digitalisierung in der Logistik\",\"efficacit\u00e9 op\u00e9rationnelle\",\"Fachkr\u00e4ftemangel in der Logistik\",\"gestion de la cha\u00eene d'approvisionnement\",\"gestion des navires\",\"global service platform\",\"globale Plattform f\u00fcr Dienstleistungen\",\"gouvernance d'entreprise\",\"Hafenbetrieb\",\"labor shortage in logistics\",\"logistics digitalization\",\"logistique durable\",\"maritime Dienstleistungen\",\"maritime Organisationen\",\"maritime organizations\",\"maritime services\",\"nachhaltige Logistik\",\"NORDEN\",\"num\u00e9risation logistique\",\"operational efficiency\",\"op\u00e9rations portuaires\",\"operative Effizienz\",\"optimisation des processus\",\"organisations maritimes\",\"p\u00e9nurie de main-d'\u0153uvre dans la logistique\",\"plateforme de services mondiale\",\"port operations\",\"process optimization\",\"Prozessoptimierung\",\"Schiffsmanagement\",\"services maritimes\",\"ship management\",\"Supply Chain Management\",\"sustainable logistics\",\"transformation num\u00e9rique\",\"Ulla Eithz Nielsen\",\"Unternehmensf\u00fchrung\",\"V.Group\",\"Zypern English Columbia Group\"],\"articleSection\":[\"Europa\",\"Navegaci\u00f3n y puertos\",\"Personas y empresas\"],\"inLanguage\":\"es\",\"potentialAction\":[{\"@type\":\"CommentAction\",\"name\":\"Comment\",\"target\":[\"https:\\\/\\\/transportjournal.com\\\/es\\\/2026\\\/01\\\/29\\\/ulla-eithz-nielsen-nueva-coo-adjunta\\\/#respond\"]}]},{\"@type\":\"WebPage\",\"@id\":\"https:\\\/\\\/transportjournal.com\\\/es\\\/2026\\\/01\\\/29\\\/ulla-eithz-nielsen-nueva-coo-adjunta\\\/\",\"url\":\"https:\\\/\\\/transportjournal.com\\\/es\\\/2026\\\/01\\\/29\\\/ulla-eithz-nielsen-nueva-coo-adjunta\\\/\",\"name\":\"Ulla Eithz Nielsen nueva COO adjunta - ITJ | International Transport Journal\",\"isPartOf\":{\"@id\":\"https:\\\/\\\/transportjournal.com\\\/es\\\/#website\"},\"primaryImageOfPage\":{\"@id\":\"https:\\\/\\\/transportjournal.com\\\/es\\\/2026\\\/01\\\/29\\\/ulla-eithz-nielsen-nueva-coo-adjunta\\\/#primaryimage\"},\"image\":{\"@id\":\"https:\\\/\\\/transportjournal.com\\\/es\\\/2026\\\/01\\\/29\\\/ulla-eithz-nielsen-nueva-coo-adjunta\\\/#primaryimage\"},\"thumbnailUrl\":\"https:\\\/\\\/transportjournal.com\\\/wp-content\\\/uploads\\\/sites\\\/2\\\/2026\\\/01\\\/55049651223_0112184909_o-aspect-ratio-1400-788.jpg\",\"datePublished\":\"2026-01-29T10:00:12+00:00\",\"breadcrumb\":{\"@id\":\"https:\\\/\\\/transportjournal.com\\\/es\\\/2026\\\/01\\\/29\\\/ulla-eithz-nielsen-nueva-coo-adjunta\\\/#breadcrumb\"},\"inLanguage\":\"es\",\"potentialAction\":[{\"@type\":\"ReadAction\",\"target\":[\"https:\\\/\\\/transportjournal.com\\\/es\\\/2026\\\/01\\\/29\\\/ulla-eithz-nielsen-nueva-coo-adjunta\\\/\"]}]},{\"@type\":\"ImageObject\",\"inLanguage\":\"es\",\"@id\":\"https:\\\/\\\/transportjournal.com\\\/es\\\/2026\\\/01\\\/29\\\/ulla-eithz-nielsen-nueva-coo-adjunta\\\/#primaryimage\",\"url\":\"https:\\\/\\\/transportjournal.com\\\/wp-content\\\/uploads\\\/sites\\\/2\\\/2026\\\/01\\\/55049651223_0112184909_o-aspect-ratio-1400-788.jpg\",\"contentUrl\":\"https:\\\/\\\/transportjournal.com\\\/wp-content\\\/uploads\\\/sites\\\/2\\\/2026\\\/01\\\/55049651223_0112184909_o-aspect-ratio-1400-788.jpg\",\"width\":800,\"height\":450},{\"@type\":\"BreadcrumbList\",\"@id\":\"https:\\\/\\\/transportjournal.com\\\/es\\\/2026\\\/01\\\/29\\\/ulla-eithz-nielsen-nueva-coo-adjunta\\\/#breadcrumb\",\"itemListElement\":[{\"@type\":\"ListItem\",\"position\":1,\"name\":\"Startseite\",\"item\":\"https:\\\/\\\/transportjournal.com\\\/es\\\/\"},{\"@type\":\"ListItem\",\"position\":2,\"name\":\"Ulla Eithz Nielsen nueva COO adjunta\"}]},{\"@type\":\"WebSite\",\"@id\":\"https:\\\/\\\/transportjournal.com\\\/es\\\/#website\",\"url\":\"https:\\\/\\\/transportjournal.com\\\/es\\\/\",\"name\":\"ITJ | International Transport Journal\",\"description\":\"Stay informed with the latest global news from the transport, logistics, and supply chain industries. Transport Journal delivers expert insights, analysis, and updates across shipping, aviation, intermodal, and forwarding.\",\"publisher\":{\"@id\":\"https:\\\/\\\/transportjournal.com\\\/es\\\/#organization\"},\"potentialAction\":[{\"@type\":\"SearchAction\",\"target\":{\"@type\":\"EntryPoint\",\"urlTemplate\":\"https:\\\/\\\/transportjournal.com\\\/es\\\/?s={search_term_string}\"},\"query-input\":{\"@type\":\"PropertyValueSpecification\",\"valueRequired\":true,\"valueName\":\"search_term_string\"}}],\"inLanguage\":\"es\"},{\"@type\":\"Organization\",\"@id\":\"https:\\\/\\\/transportjournal.com\\\/es\\\/#organization\",\"name\":\"Grupo Logismedia AG\",\"alternateName\":\"Logismedia Group AG\",\"url\":\"https:\\\/\\\/transportjournal.com\\\/es\\\/\",\"logo\":{\"@type\":\"ImageObject\",\"inLanguage\":\"es\",\"@id\":\"https:\\\/\\\/transportjournal.com\\\/es\\\/#\\\/schema\\\/logo\\\/image\\\/\",\"url\":\"https:\\\/\\\/transportjournal.com\\\/wp-content\\\/uploads\\\/sites\\\/2\\\/2025\\\/09\\\/Logo_ITJ.png\",\"contentUrl\":\"https:\\\/\\\/transportjournal.com\\\/wp-content\\\/uploads\\\/sites\\\/2\\\/2025\\\/09\\\/Logo_ITJ.png\",\"width\":799,\"height\":326,\"caption\":\"Grupo Logismedia AG\"},\"image\":{\"@id\":\"https:\\\/\\\/transportjournal.com\\\/es\\\/#\\\/schema\\\/logo\\\/image\\\/\"},\"sameAs\":[\"https:\\\/\\\/www.linkedin.com\\\/company\\\/56456496\\\/admin\\\/dashboard\\\/\",\"https:\\\/\\\/www.instagram.com\\\/logismediagroup\\\/\",\"https:\\\/\\\/www.youtube.com\\\/@LogiamediaGroupAG\"]},{\"@type\":\"Person\",\"@id\":\"https:\\\/\\\/transportjournal.com\\\/es\\\/#\\\/schema\\\/person\\\/cf538b3157f15afd7589245a4b3dbd25\",\"name\":\"Andreas Haug\",\"url\":\"https:\\\/\\\/transportjournal.com\\\/es\\\/author\\\/andreas\\\/\"}]}<\/script>\n<!-- \/ Yoast SEO plugin. -->","yoast_head_json":{"title":"Ulla Eithz Nielsen nueva COO adjunta - ITJ | International Transport Journal","robots":{"index":"index","follow":"follow","max-snippet":"max-snippet:-1","max-image-preview":"max-image-preview:large","max-video-preview":"max-video-preview:-1"},"canonical":"https:\/\/transportjournal.com\/es\/2026\/01\/29\/ulla-eithz-nielsen-nueva-coo-adjunta\/","og_locale":"es_ES","og_type":"article","og_title":"Ulla Eithz Nielsen nueva COO adjunta - ITJ | International Transport Journal","og_description":"Columbia Group ha nombrado a Ulla Eithz Nielsen como COO adjunta para promover la eficiencia operativa y el desarrollo en el sector de servicios mar\u00edtimos.","og_url":"https:\/\/transportjournal.com\/es\/2026\/01\/29\/ulla-eithz-nielsen-nueva-coo-adjunta\/","og_site_name":"ITJ | International Transport Journal","article_published_time":"2026-01-29T10:00:12+00:00","og_image":[{"width":800,"height":450,"url":"https:\/\/transportjournal.com\/wp-content\/uploads\/sites\/2\/2026\/01\/55049651223_0112184909_o-aspect-ratio-1400-788.jpg","type":"image\/jpeg"}],"author":"Andreas Haug","twitter_card":"summary_large_image","twitter_misc":{"Escrito por":"Andreas Haug","Tiempo de lectura":"2 minuto"},"schema":{"@context":"https:\/\/schema.org","@graph":[{"@type":"Article","@id":"https:\/\/transportjournal.com\/es\/2026\/01\/29\/ulla-eithz-nielsen-nueva-coo-adjunta\/#article","isPartOf":{"@id":"https:\/\/transportjournal.com\/es\/2026\/01\/29\/ulla-eithz-nielsen-nueva-coo-adjunta\/"},"author":{"name":"Andreas Haug","@id":"https:\/\/transportjournal.com\/es\/#\/schema\/person\/cf538b3157f15afd7589245a4b3dbd25"},"headline":"Ulla Eithz Nielsen nueva COO adjunta","datePublished":"2026-01-29T10:00:12+00:00","mainEntityOfPage":{"@id":"https:\/\/transportjournal.com\/es\/2026\/01\/29\/ulla-eithz-nielsen-nueva-coo-adjunta\/"},"wordCount":368,"commentCount":0,"publisher":{"@id":"https:\/\/transportjournal.com\/es\/#organization"},"image":{"@id":"https:\/\/transportjournal.com\/es\/2026\/01\/29\/ulla-eithz-nielsen-nueva-coo-adjunta\/#primaryimage"},"thumbnailUrl":"https:\/\/transportjournal.com\/wp-content\/uploads\/sites\/2\/2026\/01\/55049651223_0112184909_o-aspect-ratio-1400-788.jpg","keywords":["A.P. Moller - Maersk","Chypre","COO adjointe","COO Deputy","COO Stellvertreterin","corporate governance","Cyprus Fran\u00e7ais Columbia Group","Deutsch Columbia Group","digital transformation","digitale Transformation","Digitalisierung in der Logistik","efficacit\u00e9 op\u00e9rationnelle","Fachkr\u00e4ftemangel in der Logistik","gestion de la cha\u00eene d'approvisionnement","gestion des navires","global service platform","globale Plattform f\u00fcr Dienstleistungen","gouvernance d'entreprise","Hafenbetrieb","labor shortage in logistics","logistics digitalization","logistique durable","maritime Dienstleistungen","maritime Organisationen","maritime organizations","maritime services","nachhaltige Logistik","NORDEN","num\u00e9risation logistique","operational efficiency","op\u00e9rations portuaires","operative Effizienz","optimisation des processus","organisations maritimes","p\u00e9nurie de main-d'\u0153uvre dans la logistique","plateforme de services mondiale","port operations","process optimization","Prozessoptimierung","Schiffsmanagement","services maritimes","ship management","Supply Chain Management","sustainable logistics","transformation num\u00e9rique","Ulla Eithz Nielsen","Unternehmensf\u00fchrung","V.Group","Zypern English Columbia Group"],"articleSection":["Europa","Navegaci\u00f3n y puertos","Personas y empresas"],"inLanguage":"es","potentialAction":[{"@type":"CommentAction","name":"Comment","target":["https:\/\/transportjournal.com\/es\/2026\/01\/29\/ulla-eithz-nielsen-nueva-coo-adjunta\/#respond"]}]},{"@type":"WebPage","@id":"https:\/\/transportjournal.com\/es\/2026\/01\/29\/ulla-eithz-nielsen-nueva-coo-adjunta\/","url":"https:\/\/transportjournal.com\/es\/2026\/01\/29\/ulla-eithz-nielsen-nueva-coo-adjunta\/","name":"Ulla Eithz Nielsen nueva COO adjunta - ITJ | International Transport Journal","isPartOf":{"@id":"https:\/\/transportjournal.com\/es\/#website"},"primaryImageOfPage":{"@id":"https:\/\/transportjournal.com\/es\/2026\/01\/29\/ulla-eithz-nielsen-nueva-coo-adjunta\/#primaryimage"},"image":{"@id":"https:\/\/transportjournal.com\/es\/2026\/01\/29\/ulla-eithz-nielsen-nueva-coo-adjunta\/#primaryimage"},"thumbnailUrl":"https:\/\/transportjournal.com\/wp-content\/uploads\/sites\/2\/2026\/01\/55049651223_0112184909_o-aspect-ratio-1400-788.jpg","datePublished":"2026-01-29T10:00:12+00:00","breadcrumb":{"@id":"https:\/\/transportjournal.com\/es\/2026\/01\/29\/ulla-eithz-nielsen-nueva-coo-adjunta\/#breadcrumb"},"inLanguage":"es","potentialAction":[{"@type":"ReadAction","target":["https:\/\/transportjournal.com\/es\/2026\/01\/29\/ulla-eithz-nielsen-nueva-coo-adjunta\/"]}]},{"@type":"ImageObject","inLanguage":"es","@id":"https:\/\/transportjournal.com\/es\/2026\/01\/29\/ulla-eithz-nielsen-nueva-coo-adjunta\/#primaryimage","url":"https:\/\/transportjournal.com\/wp-content\/uploads\/sites\/2\/2026\/01\/55049651223_0112184909_o-aspect-ratio-1400-788.jpg","contentUrl":"https:\/\/transportjournal.com\/wp-content\/uploads\/sites\/2\/2026\/01\/55049651223_0112184909_o-aspect-ratio-1400-788.jpg","width":800,"height":450},{"@type":"BreadcrumbList","@id":"https:\/\/transportjournal.com\/es\/2026\/01\/29\/ulla-eithz-nielsen-nueva-coo-adjunta\/#breadcrumb","itemListElement":[{"@type":"ListItem","position":1,"name":"Startseite","item":"https:\/\/transportjournal.com\/es\/"},{"@type":"ListItem","position":2,"name":"Ulla Eithz Nielsen nueva COO adjunta"}]},{"@type":"WebSite","@id":"https:\/\/transportjournal.com\/es\/#website","url":"https:\/\/transportjournal.com\/es\/","name":"ITJ | International Transport Journal","description":"Stay informed with the latest global news from the transport, logistics, and supply chain industries. Transport Journal delivers expert insights, analysis, and updates across shipping, aviation, intermodal, and forwarding.","publisher":{"@id":"https:\/\/transportjournal.com\/es\/#organization"},"potentialAction":[{"@type":"SearchAction","target":{"@type":"EntryPoint","urlTemplate":"https:\/\/transportjournal.com\/es\/?s={search_term_string}"},"query-input":{"@type":"PropertyValueSpecification","valueRequired":true,"valueName":"search_term_string"}}],"inLanguage":"es"},{"@type":"Organization","@id":"https:\/\/transportjournal.com\/es\/#organization","name":"Grupo Logismedia AG","alternateName":"Logismedia Group AG","url":"https:\/\/transportjournal.com\/es\/","logo":{"@type":"ImageObject","inLanguage":"es","@id":"https:\/\/transportjournal.com\/es\/#\/schema\/logo\/image\/","url":"https:\/\/transportjournal.com\/wp-content\/uploads\/sites\/2\/2025\/09\/Logo_ITJ.png","contentUrl":"https:\/\/transportjournal.com\/wp-content\/uploads\/sites\/2\/2025\/09\/Logo_ITJ.png","width":799,"height":326,"caption":"Grupo Logismedia AG"},"image":{"@id":"https:\/\/transportjournal.com\/es\/#\/schema\/logo\/image\/"},"sameAs":["https:\/\/www.linkedin.com\/company\/56456496\/admin\/dashboard\/","https:\/\/www.instagram.com\/logismediagroup\/","https:\/\/www.youtube.com\/@LogiamediaGroupAG"]},{"@type":"Person","@id":"https:\/\/transportjournal.com\/es\/#\/schema\/person\/cf538b3157f15afd7589245a4b3dbd25","name":"Andreas Haug","url":"https:\/\/transportjournal.com\/es\/author\/andreas\/"}]}},"_links":{"self":[{"href":"https:\/\/transportjournal.com\/es\/wp-json\/wp\/v2\/posts\/75048","targetHints":{"allow":["GET"]}}],"collection":[{"href":"https:\/\/transportjournal.com\/es\/wp-json\/wp\/v2\/posts"}],"about":[{"href":"https:\/\/transportjournal.com\/es\/wp-json\/wp\/v2\/types\/post"}],"author":[{"embeddable":true,"href":"https:\/\/transportjournal.com\/es\/wp-json\/wp\/v2\/users\/12"}],"replies":[{"embeddable":true,"href":"https:\/\/transportjournal.com\/es\/wp-json\/wp\/v2\/comments?post=75048"}],"version-history":[{"count":0,"href":"https:\/\/transportjournal.com\/es\/wp-json\/wp\/v2\/posts\/75048\/revisions"}],"wp:featuredmedia":[{"embeddable":true,"href":"https:\/\/transportjournal.com\/es\/wp-json\/wp\/v2\/media\/75045"}],"wp:attachment":[{"href":"https:\/\/transportjournal.com\/es\/wp-json\/wp\/v2\/media?parent=75048"}],"wp:term":[{"taxonomy":"category","embeddable":true,"href":"https:\/\/transportjournal.com\/es\/wp-json\/wp\/v2\/categories?post=75048"},{"taxonomy":"post_tag","embeddable":true,"href":"https:\/\/transportjournal.com\/es\/wp-json\/wp\/v2\/tags?post=75048"}],"curies":[{"name":"wp","href":"https:\/\/api.w.org\/{rel}","templated":true}]}}