{"id":75032,"date":"2026-01-29T08:45:19","date_gmt":"2026-01-29T08:45:19","guid":{"rendered":"https:\/\/transportjournal.com\/2026\/01\/29\/aumento-de-la-demanda-de-transporte-aereo-en-el-sur-de-asia\/"},"modified":"2026-01-29T08:45:19","modified_gmt":"2026-01-29T08:45:19","slug":"aumento-de-la-demanda-de-transporte-aereo-en-el-sur-de-asia","status":"publish","type":"post","link":"https:\/\/transportjournal.com\/es\/2026\/01\/29\/aumento-de-la-demanda-de-transporte-aereo-en-el-sur-de-asia\/","title":{"rendered":"Aumento de la demanda de transporte a\u00e9reo en el sur de Asia"},"content":{"rendered":"<p>La demanda de carga a\u00e9rea en India y el sur de Asia se espera que aumente significativamente en las pr\u00f3ximas dos d\u00e9cadas, lo que llevar\u00e1 a una expansi\u00f3n considerable de la flota de carga en la regi\u00f3n. Esto se desprende del actual Commercial Market Outlook de Boeing. El fabricante pronostica que el n\u00famero de nuevos aviones de carga y aviones convertidos en el sur de Asia se quintuplicar\u00e1 para 2044. Este aumento refleja la creciente importancia de la carga a\u00e9rea para las econom\u00edas de la regi\u00f3n.<\/p>\n<h3>Crecimiento a trav\u00e9s de la tecnolog\u00eda y el comercio electr\u00f3nico<\/h3>\n<p>Boeing atribuye este crecimiento principalmente a la evoluci\u00f3n de la fabricaci\u00f3n de alta tecnolog\u00eda en India, as\u00ed como al r\u00e1pido aumento del comercio electr\u00f3nico. Ambos factores incrementan la demanda de soluciones log\u00edsticas r\u00e1pidas y confiables. India se est\u00e1 convirtiendo cada vez m\u00e1s en un importante centro internacional, lo que lleva a las aerol\u00edneas a expandir sus redes de larga distancia. Esto apoya mayores flujos de carga entre el sur de Asia, el Medio Oriente, Europa y Am\u00e9rica del Norte.<\/p>\n<p>En total, las aerol\u00edneas indias y del sur de Asia necesitar\u00e1n casi 3,300 nuevos aviones para 2044. Mientras que los aviones de fuselaje estrecho representar\u00e1n la mayor parte de las entregas, los aviones de fuselaje ancho y los aviones de carga especializados tambi\u00e9n desempe\u00f1ar\u00e1n un papel cada vez m\u00e1s importante en la gesti\u00f3n de los vol\u00famenes de carga en aumento. Boeing tambi\u00e9n destaca que la expansi\u00f3n requerir\u00e1 inversiones significativas en servicios relacionados con la carga a\u00e9rea, incluyendo mantenimiento, soluciones digitales y capacitaci\u00f3n. Esto subraya la relevancia estrat\u00e9gica de la carga a\u00e9rea para la regi\u00f3n.<\/p>\n<p>&nbsp;<\/p>\n<p><a href=\"https:\/\/www.boeing.com\/\" target=\"_blank\" rel=\"noopener noreferrer\">www.boeing.com<\/a><\/p>\n<p>&nbsp;<\/p>\n","protected":false},"excerpt":{"rendered":"<p>La demanda de transporte a\u00e9reo en India y el sur de Asia aumentar\u00e1 significativamente hasta 2044, lo que requerir\u00e1 un qu\u00edntuple aumento de aviones de carga y significativas inversiones.<\/p>\n","protected":false},"author":12,"featured_media":75029,"comment_status":"open","ping_status":"open","sticky":false,"template":"","format":"standard","meta":{"_acf_changed":false,"footnotes":""},"categories":[1610,1606,1605],"tags":[],"class_list":["post-75032","post","type-post","status-publish","format-standard","has-post-thumbnail","hentry","category-asia-pacifico","category-carga-aerea","category-expedicion-y-logistica"],"acf":[],"yoast_head":"<!-- This site is optimized with the Yoast SEO plugin v27.3 - https:\/\/yoast.com\/product\/yoast-seo-wordpress\/ -->\n<title>Aumento de la demanda de transporte a\u00e9reo en el sur de Asia - ITJ | International Transport Journal<\/title>\n<meta name=\"robots\" content=\"index, follow, max-snippet:-1, max-image-preview:large, max-video-preview:-1\" \/>\n<link rel=\"canonical\" href=\"https:\/\/transportjournal.com\/es\/2026\/01\/29\/aumento-de-la-demanda-de-transporte-aereo-en-el-sur-de-asia\/\" \/>\n<meta property=\"og:locale\" content=\"es_ES\" \/>\n<meta property=\"og:type\" content=\"article\" \/>\n<meta property=\"og:title\" content=\"Aumento de la demanda de transporte a\u00e9reo en el sur de Asia - ITJ | International Transport Journal\" \/>\n<meta property=\"og:description\" content=\"La demanda de transporte a\u00e9reo en India y el sur de Asia aumentar\u00e1 significativamente hasta 2044, lo que requerir\u00e1 un qu\u00edntuple aumento de aviones de carga y significativas inversiones.\" \/>\n<meta property=\"og:url\" content=\"https:\/\/transportjournal.com\/es\/2026\/01\/29\/aumento-de-la-demanda-de-transporte-aereo-en-el-sur-de-asia\/\" \/>\n<meta property=\"og:site_name\" content=\"ITJ | International Transport Journal\" \/>\n<meta property=\"article:published_time\" content=\"2026-01-29T08:45:19+00:00\" \/>\n<meta property=\"og:image\" content=\"https:\/\/transportjournal.com\/wp-content\/uploads\/sites\/2\/2026\/01\/SpiceXpress-505703368_1124496456359845_9192554609751472096_n-aspect-ratio-1400-788.jpg\" \/>\n\t<meta property=\"og:image:width\" content=\"1080\" \/>\n\t<meta property=\"og:image:height\" content=\"608\" \/>\n\t<meta property=\"og:image:type\" content=\"image\/jpeg\" \/>\n<meta name=\"author\" content=\"Andreas Haug\" \/>\n<meta name=\"twitter:card\" content=\"summary_large_image\" \/>\n<meta name=\"twitter:label1\" content=\"Escrito por\" \/>\n\t<meta name=\"twitter:data1\" content=\"Andreas Haug\" \/>\n\t<meta name=\"twitter:label2\" content=\"Tiempo de lectura\" \/>\n\t<meta name=\"twitter:data2\" content=\"2 minuto\" \/>\n<script type=\"application\/ld+json\" class=\"yoast-schema-graph\">{\"@context\":\"https:\\\/\\\/schema.org\",\"@graph\":[{\"@type\":\"Article\",\"@id\":\"https:\\\/\\\/transportjournal.com\\\/es\\\/2026\\\/01\\\/29\\\/aumento-de-la-demanda-de-transporte-aereo-en-el-sur-de-asia\\\/#article\",\"isPartOf\":{\"@id\":\"https:\\\/\\\/transportjournal.com\\\/es\\\/2026\\\/01\\\/29\\\/aumento-de-la-demanda-de-transporte-aereo-en-el-sur-de-asia\\\/\"},\"author\":{\"name\":\"Andreas Haug\",\"@id\":\"https:\\\/\\\/transportjournal.com\\\/es\\\/#\\\/schema\\\/person\\\/cf538b3157f15afd7589245a4b3dbd25\"},\"headline\":\"Aumento de la demanda de transporte a\u00e9reo en el sur de Asia\",\"datePublished\":\"2026-01-29T08:45:19+00:00\",\"mainEntityOfPage\":{\"@id\":\"https:\\\/\\\/transportjournal.com\\\/es\\\/2026\\\/01\\\/29\\\/aumento-de-la-demanda-de-transporte-aereo-en-el-sur-de-asia\\\/\"},\"wordCount\":322,\"commentCount\":0,\"publisher\":{\"@id\":\"https:\\\/\\\/transportjournal.com\\\/es\\\/#organization\"},\"image\":{\"@id\":\"https:\\\/\\\/transportjournal.com\\\/es\\\/2026\\\/01\\\/29\\\/aumento-de-la-demanda-de-transporte-aereo-en-el-sur-de-asia\\\/#primaryimage\"},\"thumbnailUrl\":\"https:\\\/\\\/transportjournal.com\\\/wp-content\\\/uploads\\\/sites\\\/2\\\/2026\\\/01\\\/SpiceXpress-505703368_1124496456359845_9192554609751472096_n-aspect-ratio-1400-788.jpg\",\"articleSection\":[\"Asia\\\/Pac\u00edfico\",\"Carga a\u00e9rea\",\"Transporte de mercanc\u00edas y log\u00edstica\"],\"inLanguage\":\"es\",\"potentialAction\":[{\"@type\":\"CommentAction\",\"name\":\"Comment\",\"target\":[\"https:\\\/\\\/transportjournal.com\\\/es\\\/2026\\\/01\\\/29\\\/aumento-de-la-demanda-de-transporte-aereo-en-el-sur-de-asia\\\/#respond\"]}]},{\"@type\":\"WebPage\",\"@id\":\"https:\\\/\\\/transportjournal.com\\\/es\\\/2026\\\/01\\\/29\\\/aumento-de-la-demanda-de-transporte-aereo-en-el-sur-de-asia\\\/\",\"url\":\"https:\\\/\\\/transportjournal.com\\\/es\\\/2026\\\/01\\\/29\\\/aumento-de-la-demanda-de-transporte-aereo-en-el-sur-de-asia\\\/\",\"name\":\"Aumento de la demanda de transporte a\u00e9reo en el sur de Asia - ITJ | International Transport Journal\",\"isPartOf\":{\"@id\":\"https:\\\/\\\/transportjournal.com\\\/es\\\/#website\"},\"primaryImageOfPage\":{\"@id\":\"https:\\\/\\\/transportjournal.com\\\/es\\\/2026\\\/01\\\/29\\\/aumento-de-la-demanda-de-transporte-aereo-en-el-sur-de-asia\\\/#primaryimage\"},\"image\":{\"@id\":\"https:\\\/\\\/transportjournal.com\\\/es\\\/2026\\\/01\\\/29\\\/aumento-de-la-demanda-de-transporte-aereo-en-el-sur-de-asia\\\/#primaryimage\"},\"thumbnailUrl\":\"https:\\\/\\\/transportjournal.com\\\/wp-content\\\/uploads\\\/sites\\\/2\\\/2026\\\/01\\\/SpiceXpress-505703368_1124496456359845_9192554609751472096_n-aspect-ratio-1400-788.jpg\",\"datePublished\":\"2026-01-29T08:45:19+00:00\",\"breadcrumb\":{\"@id\":\"https:\\\/\\\/transportjournal.com\\\/es\\\/2026\\\/01\\\/29\\\/aumento-de-la-demanda-de-transporte-aereo-en-el-sur-de-asia\\\/#breadcrumb\"},\"inLanguage\":\"es\",\"potentialAction\":[{\"@type\":\"ReadAction\",\"target\":[\"https:\\\/\\\/transportjournal.com\\\/es\\\/2026\\\/01\\\/29\\\/aumento-de-la-demanda-de-transporte-aereo-en-el-sur-de-asia\\\/\"]}]},{\"@type\":\"ImageObject\",\"inLanguage\":\"es\",\"@id\":\"https:\\\/\\\/transportjournal.com\\\/es\\\/2026\\\/01\\\/29\\\/aumento-de-la-demanda-de-transporte-aereo-en-el-sur-de-asia\\\/#primaryimage\",\"url\":\"https:\\\/\\\/transportjournal.com\\\/wp-content\\\/uploads\\\/sites\\\/2\\\/2026\\\/01\\\/SpiceXpress-505703368_1124496456359845_9192554609751472096_n-aspect-ratio-1400-788.jpg\",\"contentUrl\":\"https:\\\/\\\/transportjournal.com\\\/wp-content\\\/uploads\\\/sites\\\/2\\\/2026\\\/01\\\/SpiceXpress-505703368_1124496456359845_9192554609751472096_n-aspect-ratio-1400-788.jpg\",\"width\":1080,\"height\":608},{\"@type\":\"BreadcrumbList\",\"@id\":\"https:\\\/\\\/transportjournal.com\\\/es\\\/2026\\\/01\\\/29\\\/aumento-de-la-demanda-de-transporte-aereo-en-el-sur-de-asia\\\/#breadcrumb\",\"itemListElement\":[{\"@type\":\"ListItem\",\"position\":1,\"name\":\"Startseite\",\"item\":\"https:\\\/\\\/transportjournal.com\\\/es\\\/\"},{\"@type\":\"ListItem\",\"position\":2,\"name\":\"Aumento de la demanda de transporte a\u00e9reo en el sur de Asia\"}]},{\"@type\":\"WebSite\",\"@id\":\"https:\\\/\\\/transportjournal.com\\\/es\\\/#website\",\"url\":\"https:\\\/\\\/transportjournal.com\\\/es\\\/\",\"name\":\"ITJ | International Transport Journal\",\"description\":\"Stay informed with the latest global news from the transport, logistics, and supply chain industries. Transport Journal delivers expert insights, analysis, and updates across shipping, aviation, intermodal, and forwarding.\",\"publisher\":{\"@id\":\"https:\\\/\\\/transportjournal.com\\\/es\\\/#organization\"},\"potentialAction\":[{\"@type\":\"SearchAction\",\"target\":{\"@type\":\"EntryPoint\",\"urlTemplate\":\"https:\\\/\\\/transportjournal.com\\\/es\\\/?s={search_term_string}\"},\"query-input\":{\"@type\":\"PropertyValueSpecification\",\"valueRequired\":true,\"valueName\":\"search_term_string\"}}],\"inLanguage\":\"es\"},{\"@type\":\"Organization\",\"@id\":\"https:\\\/\\\/transportjournal.com\\\/es\\\/#organization\",\"name\":\"Grupo Logismedia AG\",\"alternateName\":\"Logismedia Group AG\",\"url\":\"https:\\\/\\\/transportjournal.com\\\/es\\\/\",\"logo\":{\"@type\":\"ImageObject\",\"inLanguage\":\"es\",\"@id\":\"https:\\\/\\\/transportjournal.com\\\/es\\\/#\\\/schema\\\/logo\\\/image\\\/\",\"url\":\"https:\\\/\\\/transportjournal.com\\\/wp-content\\\/uploads\\\/sites\\\/2\\\/2025\\\/09\\\/Logo_ITJ.png\",\"contentUrl\":\"https:\\\/\\\/transportjournal.com\\\/wp-content\\\/uploads\\\/sites\\\/2\\\/2025\\\/09\\\/Logo_ITJ.png\",\"width\":799,\"height\":326,\"caption\":\"Grupo Logismedia AG\"},\"image\":{\"@id\":\"https:\\\/\\\/transportjournal.com\\\/es\\\/#\\\/schema\\\/logo\\\/image\\\/\"},\"sameAs\":[\"https:\\\/\\\/www.linkedin.com\\\/company\\\/56456496\\\/admin\\\/dashboard\\\/\",\"https:\\\/\\\/www.instagram.com\\\/logismediagroup\\\/\",\"https:\\\/\\\/www.youtube.com\\\/@LogiamediaGroupAG\"]},{\"@type\":\"Person\",\"@id\":\"https:\\\/\\\/transportjournal.com\\\/es\\\/#\\\/schema\\\/person\\\/cf538b3157f15afd7589245a4b3dbd25\",\"name\":\"Andreas Haug\",\"url\":\"https:\\\/\\\/transportjournal.com\\\/es\\\/author\\\/andreas\\\/\"}]}<\/script>\n<!-- \/ Yoast SEO plugin. -->","yoast_head_json":{"title":"Aumento de la demanda de transporte a\u00e9reo en el sur de Asia - ITJ | International Transport Journal","robots":{"index":"index","follow":"follow","max-snippet":"max-snippet:-1","max-image-preview":"max-image-preview:large","max-video-preview":"max-video-preview:-1"},"canonical":"https:\/\/transportjournal.com\/es\/2026\/01\/29\/aumento-de-la-demanda-de-transporte-aereo-en-el-sur-de-asia\/","og_locale":"es_ES","og_type":"article","og_title":"Aumento de la demanda de transporte a\u00e9reo en el sur de Asia - ITJ | International Transport Journal","og_description":"La demanda de transporte a\u00e9reo en India y el sur de Asia aumentar\u00e1 significativamente hasta 2044, lo que requerir\u00e1 un qu\u00edntuple aumento de aviones de carga y significativas inversiones.","og_url":"https:\/\/transportjournal.com\/es\/2026\/01\/29\/aumento-de-la-demanda-de-transporte-aereo-en-el-sur-de-asia\/","og_site_name":"ITJ | International Transport Journal","article_published_time":"2026-01-29T08:45:19+00:00","og_image":[{"width":1080,"height":608,"url":"https:\/\/transportjournal.com\/wp-content\/uploads\/sites\/2\/2026\/01\/SpiceXpress-505703368_1124496456359845_9192554609751472096_n-aspect-ratio-1400-788.jpg","type":"image\/jpeg"}],"author":"Andreas Haug","twitter_card":"summary_large_image","twitter_misc":{"Escrito por":"Andreas Haug","Tiempo de lectura":"2 minuto"},"schema":{"@context":"https:\/\/schema.org","@graph":[{"@type":"Article","@id":"https:\/\/transportjournal.com\/es\/2026\/01\/29\/aumento-de-la-demanda-de-transporte-aereo-en-el-sur-de-asia\/#article","isPartOf":{"@id":"https:\/\/transportjournal.com\/es\/2026\/01\/29\/aumento-de-la-demanda-de-transporte-aereo-en-el-sur-de-asia\/"},"author":{"name":"Andreas Haug","@id":"https:\/\/transportjournal.com\/es\/#\/schema\/person\/cf538b3157f15afd7589245a4b3dbd25"},"headline":"Aumento de la demanda de transporte a\u00e9reo en el sur de Asia","datePublished":"2026-01-29T08:45:19+00:00","mainEntityOfPage":{"@id":"https:\/\/transportjournal.com\/es\/2026\/01\/29\/aumento-de-la-demanda-de-transporte-aereo-en-el-sur-de-asia\/"},"wordCount":322,"commentCount":0,"publisher":{"@id":"https:\/\/transportjournal.com\/es\/#organization"},"image":{"@id":"https:\/\/transportjournal.com\/es\/2026\/01\/29\/aumento-de-la-demanda-de-transporte-aereo-en-el-sur-de-asia\/#primaryimage"},"thumbnailUrl":"https:\/\/transportjournal.com\/wp-content\/uploads\/sites\/2\/2026\/01\/SpiceXpress-505703368_1124496456359845_9192554609751472096_n-aspect-ratio-1400-788.jpg","articleSection":["Asia\/Pac\u00edfico","Carga a\u00e9rea","Transporte de mercanc\u00edas y log\u00edstica"],"inLanguage":"es","potentialAction":[{"@type":"CommentAction","name":"Comment","target":["https:\/\/transportjournal.com\/es\/2026\/01\/29\/aumento-de-la-demanda-de-transporte-aereo-en-el-sur-de-asia\/#respond"]}]},{"@type":"WebPage","@id":"https:\/\/transportjournal.com\/es\/2026\/01\/29\/aumento-de-la-demanda-de-transporte-aereo-en-el-sur-de-asia\/","url":"https:\/\/transportjournal.com\/es\/2026\/01\/29\/aumento-de-la-demanda-de-transporte-aereo-en-el-sur-de-asia\/","name":"Aumento de la demanda de transporte a\u00e9reo en el sur de Asia - ITJ | International Transport Journal","isPartOf":{"@id":"https:\/\/transportjournal.com\/es\/#website"},"primaryImageOfPage":{"@id":"https:\/\/transportjournal.com\/es\/2026\/01\/29\/aumento-de-la-demanda-de-transporte-aereo-en-el-sur-de-asia\/#primaryimage"},"image":{"@id":"https:\/\/transportjournal.com\/es\/2026\/01\/29\/aumento-de-la-demanda-de-transporte-aereo-en-el-sur-de-asia\/#primaryimage"},"thumbnailUrl":"https:\/\/transportjournal.com\/wp-content\/uploads\/sites\/2\/2026\/01\/SpiceXpress-505703368_1124496456359845_9192554609751472096_n-aspect-ratio-1400-788.jpg","datePublished":"2026-01-29T08:45:19+00:00","breadcrumb":{"@id":"https:\/\/transportjournal.com\/es\/2026\/01\/29\/aumento-de-la-demanda-de-transporte-aereo-en-el-sur-de-asia\/#breadcrumb"},"inLanguage":"es","potentialAction":[{"@type":"ReadAction","target":["https:\/\/transportjournal.com\/es\/2026\/01\/29\/aumento-de-la-demanda-de-transporte-aereo-en-el-sur-de-asia\/"]}]},{"@type":"ImageObject","inLanguage":"es","@id":"https:\/\/transportjournal.com\/es\/2026\/01\/29\/aumento-de-la-demanda-de-transporte-aereo-en-el-sur-de-asia\/#primaryimage","url":"https:\/\/transportjournal.com\/wp-content\/uploads\/sites\/2\/2026\/01\/SpiceXpress-505703368_1124496456359845_9192554609751472096_n-aspect-ratio-1400-788.jpg","contentUrl":"https:\/\/transportjournal.com\/wp-content\/uploads\/sites\/2\/2026\/01\/SpiceXpress-505703368_1124496456359845_9192554609751472096_n-aspect-ratio-1400-788.jpg","width":1080,"height":608},{"@type":"BreadcrumbList","@id":"https:\/\/transportjournal.com\/es\/2026\/01\/29\/aumento-de-la-demanda-de-transporte-aereo-en-el-sur-de-asia\/#breadcrumb","itemListElement":[{"@type":"ListItem","position":1,"name":"Startseite","item":"https:\/\/transportjournal.com\/es\/"},{"@type":"ListItem","position":2,"name":"Aumento de la demanda de transporte a\u00e9reo en el sur de Asia"}]},{"@type":"WebSite","@id":"https:\/\/transportjournal.com\/es\/#website","url":"https:\/\/transportjournal.com\/es\/","name":"ITJ | International Transport Journal","description":"Stay informed with the latest global news from the transport, logistics, and supply chain industries. Transport Journal delivers expert insights, analysis, and updates across shipping, aviation, intermodal, and forwarding.","publisher":{"@id":"https:\/\/transportjournal.com\/es\/#organization"},"potentialAction":[{"@type":"SearchAction","target":{"@type":"EntryPoint","urlTemplate":"https:\/\/transportjournal.com\/es\/?s={search_term_string}"},"query-input":{"@type":"PropertyValueSpecification","valueRequired":true,"valueName":"search_term_string"}}],"inLanguage":"es"},{"@type":"Organization","@id":"https:\/\/transportjournal.com\/es\/#organization","name":"Grupo Logismedia AG","alternateName":"Logismedia Group AG","url":"https:\/\/transportjournal.com\/es\/","logo":{"@type":"ImageObject","inLanguage":"es","@id":"https:\/\/transportjournal.com\/es\/#\/schema\/logo\/image\/","url":"https:\/\/transportjournal.com\/wp-content\/uploads\/sites\/2\/2025\/09\/Logo_ITJ.png","contentUrl":"https:\/\/transportjournal.com\/wp-content\/uploads\/sites\/2\/2025\/09\/Logo_ITJ.png","width":799,"height":326,"caption":"Grupo Logismedia AG"},"image":{"@id":"https:\/\/transportjournal.com\/es\/#\/schema\/logo\/image\/"},"sameAs":["https:\/\/www.linkedin.com\/company\/56456496\/admin\/dashboard\/","https:\/\/www.instagram.com\/logismediagroup\/","https:\/\/www.youtube.com\/@LogiamediaGroupAG"]},{"@type":"Person","@id":"https:\/\/transportjournal.com\/es\/#\/schema\/person\/cf538b3157f15afd7589245a4b3dbd25","name":"Andreas Haug","url":"https:\/\/transportjournal.com\/es\/author\/andreas\/"}]}},"_links":{"self":[{"href":"https:\/\/transportjournal.com\/es\/wp-json\/wp\/v2\/posts\/75032","targetHints":{"allow":["GET"]}}],"collection":[{"href":"https:\/\/transportjournal.com\/es\/wp-json\/wp\/v2\/posts"}],"about":[{"href":"https:\/\/transportjournal.com\/es\/wp-json\/wp\/v2\/types\/post"}],"author":[{"embeddable":true,"href":"https:\/\/transportjournal.com\/es\/wp-json\/wp\/v2\/users\/12"}],"replies":[{"embeddable":true,"href":"https:\/\/transportjournal.com\/es\/wp-json\/wp\/v2\/comments?post=75032"}],"version-history":[{"count":0,"href":"https:\/\/transportjournal.com\/es\/wp-json\/wp\/v2\/posts\/75032\/revisions"}],"wp:featuredmedia":[{"embeddable":true,"href":"https:\/\/transportjournal.com\/es\/wp-json\/wp\/v2\/media\/75029"}],"wp:attachment":[{"href":"https:\/\/transportjournal.com\/es\/wp-json\/wp\/v2\/media?parent=75032"}],"wp:term":[{"taxonomy":"category","embeddable":true,"href":"https:\/\/transportjournal.com\/es\/wp-json\/wp\/v2\/categories?post=75032"},{"taxonomy":"post_tag","embeddable":true,"href":"https:\/\/transportjournal.com\/es\/wp-json\/wp\/v2\/tags?post=75032"}],"curies":[{"name":"wp","href":"https:\/\/api.w.org\/{rel}","templated":true}]}}