{"id":75024,"date":"2026-01-29T08:29:29","date_gmt":"2026-01-29T08:29:29","guid":{"rendered":"https:\/\/transportjournal.com\/2026\/01\/29\/air-charter-service-amplia-su-presencia-en-brisbane\/"},"modified":"2026-01-29T08:29:29","modified_gmt":"2026-01-29T08:29:29","slug":"air-charter-service-amplia-su-presencia-en-brisbane","status":"publish","type":"post","link":"https:\/\/transportjournal.com\/es\/2026\/01\/29\/air-charter-service-amplia-su-presencia-en-brisbane\/","title":{"rendered":"Air Charter Service ampl\u00eda su presencia en Brisbane"},"content":{"rendered":"<p>Air Charter Service ha ampliado su presencia en Australia con la apertura de una nueva oficina en Brisbane. Esta oficina es m\u00e1s de cuatro veces m\u00e1s grande que el anterior lugar de trabajo del equipo. La expansi\u00f3n se produce solo seis meses despu\u00e9s de la apertura de una oficina en Perth.<\/p>\n<p>Melissa Rogers, Directora de Ventas de Charter de Air Charter Service en Brisbane, coment\u00f3 sobre los desarrollos: \u201cEn los cuatro a\u00f1os desde que Matthew Haigh y yo abrimos nuestra oficina aqu\u00ed, hemos experimentado un crecimiento notable y ahora contamos con un equipo en constante crecimiento de casi 20 personas.\u201d<\/p>\n<p>Las cifras respaldan el \u00e9xito de la empresa: el a\u00f1o pasado, el n\u00famero de vuelos ch\u00e1rter se duplic\u00f3 en comparaci\u00f3n con los resultados de 2024. Adem\u00e1s, Air Charter Service ha ganado varios nuevos contratos FIFO (Fly In, Fly Out) con clientes importantes, lo que subraya la creciente reputaci\u00f3n de la empresa en la regi\u00f3n.<\/p>\n<h3>Selecci\u00f3n estrat\u00e9gica de ubicaci\u00f3n y perspectivas futuras<\/h3>\n<p>La nueva oficina se encuentra en el barrio de James Street en Fortitude Valley, Brisbane, y ofrece suficiente espacio para realizar los planes de crecimiento de la empresa en los pr\u00f3ximos a\u00f1os. Rogers enfatiza: \u201cEste es un momento emocionante para Air Charter Service en Australia, ya que queremos seguir ampliando nuestro \u00e9xito y expandir nuestros equipos aqu\u00ed en Brisbane, as\u00ed como las operaciones existentes en Sydney y Perth.\u201d<\/p>\n<p>Air Charter Service es un corredor de ch\u00e1rter de aviones que opera a nivel global con 40 oficinas en seis continentes. La empresa organiza m\u00e1s de 35,000 vuelos al a\u00f1o y ha generado m\u00e1s de 1,000 millones de USD en ingresos durante los \u00faltimos cinco a\u00f1os. Fue fundada en 1990 por Chris y Tina Leach. Hoy en d\u00eda, la empresa emplea a m\u00e1s de 750 personas en todo el mundo.<\/p>\n<p>&nbsp;<\/p>\n<p><a href=\"https:\/\/www.aircharterservice.com\/\" target=\"_blank\" rel=\"noopener noreferrer\">www.aircharterservice.com<\/a><\/p>\n<p>&nbsp;<\/p>\n","protected":false},"excerpt":{"rendered":"<p>Air Charter Service ha inaugurado una nueva y gran oficina en Brisbane para impulsar el crecimiento de la empresa y la expansi\u00f3n en Australia.<\/p>\n","protected":false},"author":12,"featured_media":75021,"comment_status":"open","ping_status":"open","sticky":false,"template":"","format":"standard","meta":{"_acf_changed":false,"footnotes":""},"categories":[1610,1606,1603],"tags":[10833,10834,7581,10835,10836,10837,6438,10838,6439,10839,10840,10841,10842,6305,3739,4281,4282,10843,10844,10845,10846,7594,10847,10848,10849,10850,2125,3745,2075,10851,10852,2469,1831,10853,3252,9220,9221,4298,9227,10854,4031,10855,10856,10857,10858,10859,2155,1837,5621,10860,10861],"class_list":["post-75024","post","type-post","status-publish","format-standard","has-post-thumbnail","hentry","category-asia-pacifico","category-carga-aerea","category-personas-y-empresas","tag-affretement-davions","tag-air-transport-market-francais-air-charter-service","tag-aircraft-charter","tag-augmentation-des-revenus","tag-aviation-internationale","tag-brisbane","tag-charter-flights","tag-charter-sales-director","tag-charterfluege","tag-choix-strategique-de-localisation","tag-contrats-fifo","tag-croissance-de-lequipe","tag-croissance-en-australie","tag-deutsch-air-charter-service","tag-developpement-des-infrastructures","tag-digitalisierung-in-der-luftfahrt","tag-digitalization-in-aviation","tag-directeur-des-ventes-charter","tag-expansion-mondiale","tag-fifo-contracts","tag-fifo-vertraege","tag-flugzeugcharter","tag-fortitude-valley","tag-global-expansion","tag-globale-expansion","tag-growth-in-australia","tag-industrie-du-transport","tag-infrastructure-development","tag-infrastrukturentwicklung","tag-international-aviation","tag-internationale-luftfahrt","tag-logistics-service-provider","tag-logistikdienstleister","tag-luftverkehrsmarkt-english-air-charter-service","tag-marche-du-transport-aerien","tag-market-share","tag-marktanteil","tag-numerisation-dans-laviation","tag-part-de-marche","tag-perth","tag-prestataire-de-services-logistiques","tag-revenue-increase","tag-strategic-location-choice","tag-strategische-standortwahl","tag-team-growth","tag-teamwachstum","tag-transport-industry","tag-transportwirtschaft","tag-umsatzsteigerung","tag-vols-charters","tag-wachstum-in-australien"],"acf":[],"yoast_head":"<!-- This site is optimized with the Yoast SEO plugin v27.3 - https:\/\/yoast.com\/product\/yoast-seo-wordpress\/ -->\n<title>Air Charter Service ampl\u00eda su presencia en Brisbane - ITJ | International Transport Journal<\/title>\n<meta name=\"robots\" content=\"index, follow, max-snippet:-1, max-image-preview:large, max-video-preview:-1\" \/>\n<link rel=\"canonical\" href=\"https:\/\/transportjournal.com\/es\/2026\/01\/29\/air-charter-service-amplia-su-presencia-en-brisbane\/\" \/>\n<meta property=\"og:locale\" content=\"es_ES\" \/>\n<meta property=\"og:type\" content=\"article\" \/>\n<meta property=\"og:title\" content=\"Air Charter Service ampl\u00eda su presencia en Brisbane - ITJ | International Transport Journal\" \/>\n<meta property=\"og:description\" content=\"Air Charter Service ha inaugurado una nueva y gran oficina en Brisbane para impulsar el crecimiento de la empresa y la expansi\u00f3n en Australia.\" \/>\n<meta property=\"og:url\" content=\"https:\/\/transportjournal.com\/es\/2026\/01\/29\/air-charter-service-amplia-su-presencia-en-brisbane\/\" \/>\n<meta property=\"og:site_name\" content=\"ITJ | International Transport Journal\" \/>\n<meta property=\"article:published_time\" content=\"2026-01-29T08:29:29+00:00\" \/>\n<meta property=\"og:image\" content=\"https:\/\/transportjournal.com\/wp-content\/uploads\/sites\/2\/2026\/01\/BNE-office-team-photo-scaled-aspect-ratio-1400-788-scaled-1.jpg\" \/>\n\t<meta property=\"og:image:width\" content=\"2560\" \/>\n\t<meta property=\"og:image:height\" content=\"1441\" \/>\n\t<meta property=\"og:image:type\" content=\"image\/jpeg\" \/>\n<meta name=\"author\" content=\"Andreas Haug\" \/>\n<meta name=\"twitter:card\" content=\"summary_large_image\" \/>\n<meta name=\"twitter:label1\" content=\"Escrito por\" \/>\n\t<meta name=\"twitter:data1\" content=\"Andreas Haug\" \/>\n\t<meta name=\"twitter:label2\" content=\"Tiempo de lectura\" \/>\n\t<meta name=\"twitter:data2\" content=\"2 minuto\" \/>\n<script type=\"application\/ld+json\" class=\"yoast-schema-graph\">{\"@context\":\"https:\\\/\\\/schema.org\",\"@graph\":[{\"@type\":\"Article\",\"@id\":\"https:\\\/\\\/transportjournal.com\\\/es\\\/2026\\\/01\\\/29\\\/air-charter-service-amplia-su-presencia-en-brisbane\\\/#article\",\"isPartOf\":{\"@id\":\"https:\\\/\\\/transportjournal.com\\\/es\\\/2026\\\/01\\\/29\\\/air-charter-service-amplia-su-presencia-en-brisbane\\\/\"},\"author\":{\"name\":\"Andreas Haug\",\"@id\":\"https:\\\/\\\/transportjournal.com\\\/es\\\/#\\\/schema\\\/person\\\/cf538b3157f15afd7589245a4b3dbd25\"},\"headline\":\"Air Charter Service ampl\u00eda su presencia en Brisbane\",\"datePublished\":\"2026-01-29T08:29:29+00:00\",\"mainEntityOfPage\":{\"@id\":\"https:\\\/\\\/transportjournal.com\\\/es\\\/2026\\\/01\\\/29\\\/air-charter-service-amplia-su-presencia-en-brisbane\\\/\"},\"wordCount\":330,\"commentCount\":0,\"publisher\":{\"@id\":\"https:\\\/\\\/transportjournal.com\\\/es\\\/#organization\"},\"image\":{\"@id\":\"https:\\\/\\\/transportjournal.com\\\/es\\\/2026\\\/01\\\/29\\\/air-charter-service-amplia-su-presencia-en-brisbane\\\/#primaryimage\"},\"thumbnailUrl\":\"https:\\\/\\\/transportjournal.com\\\/wp-content\\\/uploads\\\/sites\\\/2\\\/2026\\\/01\\\/BNE-office-team-photo-scaled-aspect-ratio-1400-788-scaled-1.jpg\",\"keywords\":[\"affr\u00e8tement d'avions\",\"air transport market Fran\u00e7ais Air Charter Service\",\"aircraft charter\",\"augmentation des revenus\",\"aviation internationale\",\"Brisbane\",\"charter flights\",\"Charter Sales Director\",\"Charterfl\u00fcge\",\"choix strat\u00e9gique de localisation\",\"contrats FIFO\",\"croissance de l'\u00e9quipe\",\"croissance en Australie\",\"Deutsch Air Charter Service\",\"d\u00e9veloppement des infrastructures\",\"Digitalisierung in der Luftfahrt\",\"digitalization in aviation\",\"directeur des ventes charter\",\"expansion mondiale\",\"FIFO contracts\",\"FIFO Vertr\u00e4ge\",\"Flugzeugcharter\",\"Fortitude Valley\",\"global expansion\",\"globale Expansion\",\"growth in Australia\",\"industrie du transport\",\"infrastructure development\",\"Infrastrukturentwicklung\",\"international aviation\",\"internationale Luftfahrt\",\"logistics service provider\",\"Logistikdienstleister\",\"Luftverkehrsmarkt English Air Charter Service\",\"march\u00e9 du transport a\u00e9rien\",\"market share\",\"Marktanteil\",\"num\u00e9risation dans l'aviation\",\"part de march\u00e9\",\"Perth\",\"prestataire de services logistiques\",\"revenue increase\",\"strategic location choice\",\"strategische Standortwahl\",\"team growth\",\"Teamwachstum\",\"transport industry\",\"Transportwirtschaft\",\"Umsatzsteigerung\",\"vols charters\",\"Wachstum in Australien\"],\"articleSection\":[\"Asia\\\/Pac\u00edfico\",\"Carga a\u00e9rea\",\"Personas y empresas\"],\"inLanguage\":\"es\",\"potentialAction\":[{\"@type\":\"CommentAction\",\"name\":\"Comment\",\"target\":[\"https:\\\/\\\/transportjournal.com\\\/es\\\/2026\\\/01\\\/29\\\/air-charter-service-amplia-su-presencia-en-brisbane\\\/#respond\"]}]},{\"@type\":\"WebPage\",\"@id\":\"https:\\\/\\\/transportjournal.com\\\/es\\\/2026\\\/01\\\/29\\\/air-charter-service-amplia-su-presencia-en-brisbane\\\/\",\"url\":\"https:\\\/\\\/transportjournal.com\\\/es\\\/2026\\\/01\\\/29\\\/air-charter-service-amplia-su-presencia-en-brisbane\\\/\",\"name\":\"Air Charter Service ampl\u00eda su presencia en Brisbane - ITJ | International Transport Journal\",\"isPartOf\":{\"@id\":\"https:\\\/\\\/transportjournal.com\\\/es\\\/#website\"},\"primaryImageOfPage\":{\"@id\":\"https:\\\/\\\/transportjournal.com\\\/es\\\/2026\\\/01\\\/29\\\/air-charter-service-amplia-su-presencia-en-brisbane\\\/#primaryimage\"},\"image\":{\"@id\":\"https:\\\/\\\/transportjournal.com\\\/es\\\/2026\\\/01\\\/29\\\/air-charter-service-amplia-su-presencia-en-brisbane\\\/#primaryimage\"},\"thumbnailUrl\":\"https:\\\/\\\/transportjournal.com\\\/wp-content\\\/uploads\\\/sites\\\/2\\\/2026\\\/01\\\/BNE-office-team-photo-scaled-aspect-ratio-1400-788-scaled-1.jpg\",\"datePublished\":\"2026-01-29T08:29:29+00:00\",\"breadcrumb\":{\"@id\":\"https:\\\/\\\/transportjournal.com\\\/es\\\/2026\\\/01\\\/29\\\/air-charter-service-amplia-su-presencia-en-brisbane\\\/#breadcrumb\"},\"inLanguage\":\"es\",\"potentialAction\":[{\"@type\":\"ReadAction\",\"target\":[\"https:\\\/\\\/transportjournal.com\\\/es\\\/2026\\\/01\\\/29\\\/air-charter-service-amplia-su-presencia-en-brisbane\\\/\"]}]},{\"@type\":\"ImageObject\",\"inLanguage\":\"es\",\"@id\":\"https:\\\/\\\/transportjournal.com\\\/es\\\/2026\\\/01\\\/29\\\/air-charter-service-amplia-su-presencia-en-brisbane\\\/#primaryimage\",\"url\":\"https:\\\/\\\/transportjournal.com\\\/wp-content\\\/uploads\\\/sites\\\/2\\\/2026\\\/01\\\/BNE-office-team-photo-scaled-aspect-ratio-1400-788-scaled-1.jpg\",\"contentUrl\":\"https:\\\/\\\/transportjournal.com\\\/wp-content\\\/uploads\\\/sites\\\/2\\\/2026\\\/01\\\/BNE-office-team-photo-scaled-aspect-ratio-1400-788-scaled-1.jpg\",\"width\":2560,\"height\":1441},{\"@type\":\"BreadcrumbList\",\"@id\":\"https:\\\/\\\/transportjournal.com\\\/es\\\/2026\\\/01\\\/29\\\/air-charter-service-amplia-su-presencia-en-brisbane\\\/#breadcrumb\",\"itemListElement\":[{\"@type\":\"ListItem\",\"position\":1,\"name\":\"Startseite\",\"item\":\"https:\\\/\\\/transportjournal.com\\\/es\\\/\"},{\"@type\":\"ListItem\",\"position\":2,\"name\":\"Air Charter Service ampl\u00eda su presencia en Brisbane\"}]},{\"@type\":\"WebSite\",\"@id\":\"https:\\\/\\\/transportjournal.com\\\/es\\\/#website\",\"url\":\"https:\\\/\\\/transportjournal.com\\\/es\\\/\",\"name\":\"ITJ | International Transport Journal\",\"description\":\"Stay informed with the latest global news from the transport, logistics, and supply chain industries. Transport Journal delivers expert insights, analysis, and updates across shipping, aviation, intermodal, and forwarding.\",\"publisher\":{\"@id\":\"https:\\\/\\\/transportjournal.com\\\/es\\\/#organization\"},\"potentialAction\":[{\"@type\":\"SearchAction\",\"target\":{\"@type\":\"EntryPoint\",\"urlTemplate\":\"https:\\\/\\\/transportjournal.com\\\/es\\\/?s={search_term_string}\"},\"query-input\":{\"@type\":\"PropertyValueSpecification\",\"valueRequired\":true,\"valueName\":\"search_term_string\"}}],\"inLanguage\":\"es\"},{\"@type\":\"Organization\",\"@id\":\"https:\\\/\\\/transportjournal.com\\\/es\\\/#organization\",\"name\":\"Grupo Logismedia AG\",\"alternateName\":\"Logismedia Group AG\",\"url\":\"https:\\\/\\\/transportjournal.com\\\/es\\\/\",\"logo\":{\"@type\":\"ImageObject\",\"inLanguage\":\"es\",\"@id\":\"https:\\\/\\\/transportjournal.com\\\/es\\\/#\\\/schema\\\/logo\\\/image\\\/\",\"url\":\"https:\\\/\\\/transportjournal.com\\\/wp-content\\\/uploads\\\/sites\\\/2\\\/2025\\\/09\\\/Logo_ITJ.png\",\"contentUrl\":\"https:\\\/\\\/transportjournal.com\\\/wp-content\\\/uploads\\\/sites\\\/2\\\/2025\\\/09\\\/Logo_ITJ.png\",\"width\":799,\"height\":326,\"caption\":\"Grupo Logismedia AG\"},\"image\":{\"@id\":\"https:\\\/\\\/transportjournal.com\\\/es\\\/#\\\/schema\\\/logo\\\/image\\\/\"},\"sameAs\":[\"https:\\\/\\\/www.linkedin.com\\\/company\\\/56456496\\\/admin\\\/dashboard\\\/\",\"https:\\\/\\\/www.instagram.com\\\/logismediagroup\\\/\",\"https:\\\/\\\/www.youtube.com\\\/@LogiamediaGroupAG\"]},{\"@type\":\"Person\",\"@id\":\"https:\\\/\\\/transportjournal.com\\\/es\\\/#\\\/schema\\\/person\\\/cf538b3157f15afd7589245a4b3dbd25\",\"name\":\"Andreas Haug\",\"url\":\"https:\\\/\\\/transportjournal.com\\\/es\\\/author\\\/andreas\\\/\"}]}<\/script>\n<!-- \/ Yoast SEO plugin. -->","yoast_head_json":{"title":"Air Charter Service ampl\u00eda su presencia en Brisbane - ITJ | International Transport Journal","robots":{"index":"index","follow":"follow","max-snippet":"max-snippet:-1","max-image-preview":"max-image-preview:large","max-video-preview":"max-video-preview:-1"},"canonical":"https:\/\/transportjournal.com\/es\/2026\/01\/29\/air-charter-service-amplia-su-presencia-en-brisbane\/","og_locale":"es_ES","og_type":"article","og_title":"Air Charter Service ampl\u00eda su presencia en Brisbane - ITJ | International Transport Journal","og_description":"Air Charter Service ha inaugurado una nueva y gran oficina en Brisbane para impulsar el crecimiento de la empresa y la expansi\u00f3n en Australia.","og_url":"https:\/\/transportjournal.com\/es\/2026\/01\/29\/air-charter-service-amplia-su-presencia-en-brisbane\/","og_site_name":"ITJ | International Transport Journal","article_published_time":"2026-01-29T08:29:29+00:00","og_image":[{"width":2560,"height":1441,"url":"https:\/\/transportjournal.com\/wp-content\/uploads\/sites\/2\/2026\/01\/BNE-office-team-photo-scaled-aspect-ratio-1400-788-scaled-1.jpg","type":"image\/jpeg"}],"author":"Andreas Haug","twitter_card":"summary_large_image","twitter_misc":{"Escrito por":"Andreas Haug","Tiempo de lectura":"2 minuto"},"schema":{"@context":"https:\/\/schema.org","@graph":[{"@type":"Article","@id":"https:\/\/transportjournal.com\/es\/2026\/01\/29\/air-charter-service-amplia-su-presencia-en-brisbane\/#article","isPartOf":{"@id":"https:\/\/transportjournal.com\/es\/2026\/01\/29\/air-charter-service-amplia-su-presencia-en-brisbane\/"},"author":{"name":"Andreas Haug","@id":"https:\/\/transportjournal.com\/es\/#\/schema\/person\/cf538b3157f15afd7589245a4b3dbd25"},"headline":"Air Charter Service ampl\u00eda su presencia en Brisbane","datePublished":"2026-01-29T08:29:29+00:00","mainEntityOfPage":{"@id":"https:\/\/transportjournal.com\/es\/2026\/01\/29\/air-charter-service-amplia-su-presencia-en-brisbane\/"},"wordCount":330,"commentCount":0,"publisher":{"@id":"https:\/\/transportjournal.com\/es\/#organization"},"image":{"@id":"https:\/\/transportjournal.com\/es\/2026\/01\/29\/air-charter-service-amplia-su-presencia-en-brisbane\/#primaryimage"},"thumbnailUrl":"https:\/\/transportjournal.com\/wp-content\/uploads\/sites\/2\/2026\/01\/BNE-office-team-photo-scaled-aspect-ratio-1400-788-scaled-1.jpg","keywords":["affr\u00e8tement d'avions","air transport market Fran\u00e7ais Air Charter Service","aircraft charter","augmentation des revenus","aviation internationale","Brisbane","charter flights","Charter Sales Director","Charterfl\u00fcge","choix strat\u00e9gique de localisation","contrats FIFO","croissance de l'\u00e9quipe","croissance en Australie","Deutsch Air Charter Service","d\u00e9veloppement des infrastructures","Digitalisierung in der Luftfahrt","digitalization in aviation","directeur des ventes charter","expansion mondiale","FIFO contracts","FIFO Vertr\u00e4ge","Flugzeugcharter","Fortitude Valley","global expansion","globale Expansion","growth in Australia","industrie du transport","infrastructure development","Infrastrukturentwicklung","international aviation","internationale Luftfahrt","logistics service provider","Logistikdienstleister","Luftverkehrsmarkt English Air Charter Service","march\u00e9 du transport a\u00e9rien","market share","Marktanteil","num\u00e9risation dans l'aviation","part de march\u00e9","Perth","prestataire de services logistiques","revenue increase","strategic location choice","strategische Standortwahl","team growth","Teamwachstum","transport industry","Transportwirtschaft","Umsatzsteigerung","vols charters","Wachstum in Australien"],"articleSection":["Asia\/Pac\u00edfico","Carga a\u00e9rea","Personas y empresas"],"inLanguage":"es","potentialAction":[{"@type":"CommentAction","name":"Comment","target":["https:\/\/transportjournal.com\/es\/2026\/01\/29\/air-charter-service-amplia-su-presencia-en-brisbane\/#respond"]}]},{"@type":"WebPage","@id":"https:\/\/transportjournal.com\/es\/2026\/01\/29\/air-charter-service-amplia-su-presencia-en-brisbane\/","url":"https:\/\/transportjournal.com\/es\/2026\/01\/29\/air-charter-service-amplia-su-presencia-en-brisbane\/","name":"Air Charter Service ampl\u00eda su presencia en Brisbane - ITJ | International Transport Journal","isPartOf":{"@id":"https:\/\/transportjournal.com\/es\/#website"},"primaryImageOfPage":{"@id":"https:\/\/transportjournal.com\/es\/2026\/01\/29\/air-charter-service-amplia-su-presencia-en-brisbane\/#primaryimage"},"image":{"@id":"https:\/\/transportjournal.com\/es\/2026\/01\/29\/air-charter-service-amplia-su-presencia-en-brisbane\/#primaryimage"},"thumbnailUrl":"https:\/\/transportjournal.com\/wp-content\/uploads\/sites\/2\/2026\/01\/BNE-office-team-photo-scaled-aspect-ratio-1400-788-scaled-1.jpg","datePublished":"2026-01-29T08:29:29+00:00","breadcrumb":{"@id":"https:\/\/transportjournal.com\/es\/2026\/01\/29\/air-charter-service-amplia-su-presencia-en-brisbane\/#breadcrumb"},"inLanguage":"es","potentialAction":[{"@type":"ReadAction","target":["https:\/\/transportjournal.com\/es\/2026\/01\/29\/air-charter-service-amplia-su-presencia-en-brisbane\/"]}]},{"@type":"ImageObject","inLanguage":"es","@id":"https:\/\/transportjournal.com\/es\/2026\/01\/29\/air-charter-service-amplia-su-presencia-en-brisbane\/#primaryimage","url":"https:\/\/transportjournal.com\/wp-content\/uploads\/sites\/2\/2026\/01\/BNE-office-team-photo-scaled-aspect-ratio-1400-788-scaled-1.jpg","contentUrl":"https:\/\/transportjournal.com\/wp-content\/uploads\/sites\/2\/2026\/01\/BNE-office-team-photo-scaled-aspect-ratio-1400-788-scaled-1.jpg","width":2560,"height":1441},{"@type":"BreadcrumbList","@id":"https:\/\/transportjournal.com\/es\/2026\/01\/29\/air-charter-service-amplia-su-presencia-en-brisbane\/#breadcrumb","itemListElement":[{"@type":"ListItem","position":1,"name":"Startseite","item":"https:\/\/transportjournal.com\/es\/"},{"@type":"ListItem","position":2,"name":"Air Charter Service ampl\u00eda su presencia en Brisbane"}]},{"@type":"WebSite","@id":"https:\/\/transportjournal.com\/es\/#website","url":"https:\/\/transportjournal.com\/es\/","name":"ITJ | International Transport Journal","description":"Stay informed with the latest global news from the transport, logistics, and supply chain industries. Transport Journal delivers expert insights, analysis, and updates across shipping, aviation, intermodal, and forwarding.","publisher":{"@id":"https:\/\/transportjournal.com\/es\/#organization"},"potentialAction":[{"@type":"SearchAction","target":{"@type":"EntryPoint","urlTemplate":"https:\/\/transportjournal.com\/es\/?s={search_term_string}"},"query-input":{"@type":"PropertyValueSpecification","valueRequired":true,"valueName":"search_term_string"}}],"inLanguage":"es"},{"@type":"Organization","@id":"https:\/\/transportjournal.com\/es\/#organization","name":"Grupo Logismedia AG","alternateName":"Logismedia Group AG","url":"https:\/\/transportjournal.com\/es\/","logo":{"@type":"ImageObject","inLanguage":"es","@id":"https:\/\/transportjournal.com\/es\/#\/schema\/logo\/image\/","url":"https:\/\/transportjournal.com\/wp-content\/uploads\/sites\/2\/2025\/09\/Logo_ITJ.png","contentUrl":"https:\/\/transportjournal.com\/wp-content\/uploads\/sites\/2\/2025\/09\/Logo_ITJ.png","width":799,"height":326,"caption":"Grupo Logismedia AG"},"image":{"@id":"https:\/\/transportjournal.com\/es\/#\/schema\/logo\/image\/"},"sameAs":["https:\/\/www.linkedin.com\/company\/56456496\/admin\/dashboard\/","https:\/\/www.instagram.com\/logismediagroup\/","https:\/\/www.youtube.com\/@LogiamediaGroupAG"]},{"@type":"Person","@id":"https:\/\/transportjournal.com\/es\/#\/schema\/person\/cf538b3157f15afd7589245a4b3dbd25","name":"Andreas Haug","url":"https:\/\/transportjournal.com\/es\/author\/andreas\/"}]}},"_links":{"self":[{"href":"https:\/\/transportjournal.com\/es\/wp-json\/wp\/v2\/posts\/75024","targetHints":{"allow":["GET"]}}],"collection":[{"href":"https:\/\/transportjournal.com\/es\/wp-json\/wp\/v2\/posts"}],"about":[{"href":"https:\/\/transportjournal.com\/es\/wp-json\/wp\/v2\/types\/post"}],"author":[{"embeddable":true,"href":"https:\/\/transportjournal.com\/es\/wp-json\/wp\/v2\/users\/12"}],"replies":[{"embeddable":true,"href":"https:\/\/transportjournal.com\/es\/wp-json\/wp\/v2\/comments?post=75024"}],"version-history":[{"count":0,"href":"https:\/\/transportjournal.com\/es\/wp-json\/wp\/v2\/posts\/75024\/revisions"}],"wp:featuredmedia":[{"embeddable":true,"href":"https:\/\/transportjournal.com\/es\/wp-json\/wp\/v2\/media\/75021"}],"wp:attachment":[{"href":"https:\/\/transportjournal.com\/es\/wp-json\/wp\/v2\/media?parent=75024"}],"wp:term":[{"taxonomy":"category","embeddable":true,"href":"https:\/\/transportjournal.com\/es\/wp-json\/wp\/v2\/categories?post=75024"},{"taxonomy":"post_tag","embeddable":true,"href":"https:\/\/transportjournal.com\/es\/wp-json\/wp\/v2\/tags?post=75024"}],"curies":[{"name":"wp","href":"https:\/\/api.w.org\/{rel}","templated":true}]}}