{"id":74875,"date":"2026-01-28T11:51:12","date_gmt":"2026-01-28T11:51:12","guid":{"rendered":"https:\/\/transportjournal.com\/2026\/01\/28\/ravi-tulsyan-nuevo-cfo-de-odyssey\/"},"modified":"2026-01-28T11:51:12","modified_gmt":"2026-01-28T11:51:12","slug":"ravi-tulsyan-nuevo-cfo-de-odyssey","status":"publish","type":"post","link":"https:\/\/transportjournal.com\/es\/2026\/01\/28\/ravi-tulsyan-nuevo-cfo-de-odyssey\/","title":{"rendered":"Ravi Tulsyan nuevo CFO de Odyssey"},"content":{"rendered":"<p>Ravi Tulsyan ha sido nombrado Chief Financial Officer (CFO) de Odyssey Logistics. Aporta m\u00e1s de dos d\u00e9cadas de experiencia en liderazgo financiero, adquirida en diversas empresas del sector log\u00edstico e industrial. Recientemente, fue CFO en XPO, Inc., donde dirigi\u00f3 los departamentos financieros y legales globales.<\/p>\n<p>Tulsyan posee amplios conocimientos en contabilidad, tesorer\u00eda, impuestos, planificaci\u00f3n y an\u00e1lisis financiero, as\u00ed como en adquisiciones. Durante su tiempo en XPO, desempe\u00f1\u00f3 un papel crucial en varias iniciativas de creaci\u00f3n de valor, incluidas las exitosas escisiones de GXO Logistics y RXO, as\u00ed como la venta del negocio intermodal de XPO. Anteriormente, ocup\u00f3 puestos financieros de alto nivel en The ADT Corporation y Tyco International, donde particip\u00f3 en grandes transacciones en los mercados de capital y transformaciones corporativas. Comenz\u00f3 su carrera en PepsiCo y Xerox Corporation.<\/p>\n<h3>Expectativas para el nuevo rol<\/h3>\n<p>Hans Stig Moller, CEO de Odyssey Logistics, se pronunci\u00f3 sobre el nombramiento de Tulsyan: \u201cRavi aporta el liderazgo financiero que necesitamos en esta fase de crecimiento. Ha liderado con \u00e9xito escisiones, adquisiciones y grandes transformaciones, lo que ser\u00e1 invaluable para Odyssey mientras continuamos creciendo.\u201d<\/p>\n<p>Tulsyan, por su parte, destac\u00f3 las oportunidades que ofrece Odyssey: \u201cOdyssey ha construido una plataforma multimodal diferenciada que ofrece claras oportunidades de creaci\u00f3n de valor. Estoy emocionado de trabajar con el equipo directivo para fortalecer la disciplina financiera, acelerar el crecimiento rentable y desarrollar una plataforma escalable que maximice el valor empresarial a largo plazo.\u201d<\/p>\n<p>Tulsyan sucede a Mike Pozzi, quien estuvo casi 12 a\u00f1os en Odyssey y durante ese tiempo gui\u00f3 la organizaci\u00f3n financiera a trav\u00e9s de transformaciones, estableciendo una base s\u00f3lida para el futuro. Moller reconoci\u00f3 la contribuci\u00f3n de Pozzi: \u201cMike ha impulsado positivamente nuestra empresa durante una fase de crecimiento significativo, y le deseamos mucho \u00e9xito en el futuro.\u201d<\/p>\n<p>&nbsp;<\/p>\n<p><a href=\"https:\/\/www.odysseylogistics.com\/\" target=\"_blank\" rel=\"noopener noreferrer\">www.odysseylogistics.com<\/a><\/p>\n<p>&nbsp;<\/p>\n","protected":false},"excerpt":{"rendered":"<p>Ravi Tulsyan ha sido nombrado CFO de Odyssey Logistics y aporta una amplia experiencia en liderazgo financiero, as\u00ed como logros significativos en la industria.<\/p>\n","protected":false},"author":12,"featured_media":74872,"comment_status":"open","ping_status":"open","sticky":false,"template":"","format":"standard","meta":{"_acf_changed":false,"footnotes":""},"categories":[1614,1603,1605],"tags":[10726,10727,9458,9459,10728,10729,10730,10731,10732,10733,2653,1887,2166,7974,10734,10735,10736,10737,10738,10739,10740,2123,10741,10742,3328,10743,10744,10745,10746,10747,4000,10748,10749,10750,10751,10752,10753,10754,2139,10755,7992,10756,10757,10758,10759,2106,2154,10760,2684,10761,10762,10763,10764,10765,10766,10767],"class_list":["post-74875","post","type-post","status-publish","format-standard","has-post-thumbnail","hentry","category-america","category-personas-y-empresas","category-expedicion-y-logistica","tag-accounting-and-treasury","tag-capital-markets-transactions","tag-cfo-appointment","tag-cfo-ernennung","tag-comptabilite-et-tresorerie","tag-corporate-transformations","tag-creation-de-valeur-logistique","tag-croissance-de-lorganisation-financiere","tag-departements-financiers-mondiaux","tag-deutsch-odyssey-logistics","tag-digital-transformation-logistics","tag-digitale-transformation-logistik","tag-durabilite-dans-la-logistique","tag-fachkraeftemangel-logistikbranche","tag-financial-leadership-logistics","tag-financial-organization-growth","tag-financial-planning-and-analysis","tag-finanzfuehrung-logistik","tag-finanzorganisation-wachstum","tag-finanzplanung-und-analyse","tag-fusions-et-scissions","tag-gestion-de-la-chaine-dapprovisionnement","tag-global-finance-departments","tag-globale-finanzabteilungen","tag-infrastructure-logistique","tag-intermodal-business-models","tag-intermodale-geschaeftsmodelle","tag-kapitalmaerkte-transaktionen","tag-labor-shortage-logistics-industry","tag-leadership-financier-logistique","tag-logistics-infrastructure","tag-logistics-transformations","tag-logistische-infrastruktur","tag-logistische-transformationen","tag-mergers-and-spin-offs-francais-odyssey-logistics","tag-modeles-daffaires-intermodaux","tag-multimodal-platform","tag-multimodale-plattform","tag-nachhaltigkeit-in-der-logistik","tag-nomination-de-cfo","tag-penurie-de-main-doeuvre-secteur-logistique","tag-planification-et-analyse-financieres","tag-plateforme-multimodale","tag-ravi-tulsyan-cfo","tag-rechnungswesen-und-treasury","tag-supply-chain-management","tag-sustainability-in-logistics","tag-transactions-sur-les-marches-de-capitaux","tag-transformation-numerique-logistique","tag-transformations-dentreprise","tag-transformations-logistiques","tag-uebernahmen-und-abspaltungen-english-odyssey-logistics","tag-unternehmensumwandlungen","tag-value-creation-logistics","tag-wertschoepfung-logistik","tag-xpo-inc-cfo"],"acf":[],"yoast_head":"<!-- This site is optimized with the Yoast SEO plugin v27.3 - https:\/\/yoast.com\/product\/yoast-seo-wordpress\/ -->\n<title>Ravi Tulsyan nuevo CFO de Odyssey - ITJ | International Transport Journal<\/title>\n<meta name=\"robots\" content=\"index, follow, max-snippet:-1, max-image-preview:large, max-video-preview:-1\" \/>\n<link rel=\"canonical\" href=\"https:\/\/transportjournal.com\/es\/2026\/01\/28\/ravi-tulsyan-nuevo-cfo-de-odyssey\/\" \/>\n<meta property=\"og:locale\" content=\"es_ES\" \/>\n<meta property=\"og:type\" content=\"article\" \/>\n<meta property=\"og:title\" content=\"Ravi Tulsyan nuevo CFO de Odyssey - ITJ | International Transport Journal\" \/>\n<meta property=\"og:description\" content=\"Ravi Tulsyan ha sido nombrado CFO de Odyssey Logistics y aporta una amplia experiencia en liderazgo financiero, as\u00ed como logros significativos en la industria.\" \/>\n<meta property=\"og:url\" content=\"https:\/\/transportjournal.com\/es\/2026\/01\/28\/ravi-tulsyan-nuevo-cfo-de-odyssey\/\" \/>\n<meta property=\"og:site_name\" content=\"ITJ | International Transport Journal\" \/>\n<meta property=\"article:published_time\" content=\"2026-01-28T11:51:12+00:00\" \/>\n<meta property=\"og:image\" content=\"https:\/\/transportjournal.com\/wp-content\/uploads\/sites\/2\/2026\/01\/Odyssey_Ravi_Tulsyan_040-vF-Cropped-2048x1742-1-aspect-ratio-1400-788.png\" \/>\n\t<meta property=\"og:image:width\" content=\"2048\" \/>\n\t<meta property=\"og:image:height\" content=\"1152\" \/>\n\t<meta property=\"og:image:type\" content=\"image\/png\" \/>\n<meta name=\"author\" content=\"Andreas Haug\" \/>\n<meta name=\"twitter:card\" content=\"summary_large_image\" \/>\n<meta name=\"twitter:label1\" content=\"Escrito por\" \/>\n\t<meta name=\"twitter:data1\" content=\"Andreas Haug\" \/>\n\t<meta name=\"twitter:label2\" content=\"Tiempo de lectura\" \/>\n\t<meta name=\"twitter:data2\" content=\"2 minuto\" \/>\n<script type=\"application\/ld+json\" class=\"yoast-schema-graph\">{\"@context\":\"https:\\\/\\\/schema.org\",\"@graph\":[{\"@type\":\"Article\",\"@id\":\"https:\\\/\\\/transportjournal.com\\\/es\\\/2026\\\/01\\\/28\\\/ravi-tulsyan-nuevo-cfo-de-odyssey\\\/#article\",\"isPartOf\":{\"@id\":\"https:\\\/\\\/transportjournal.com\\\/es\\\/2026\\\/01\\\/28\\\/ravi-tulsyan-nuevo-cfo-de-odyssey\\\/\"},\"author\":{\"name\":\"Andreas Haug\",\"@id\":\"https:\\\/\\\/transportjournal.com\\\/es\\\/#\\\/schema\\\/person\\\/cf538b3157f15afd7589245a4b3dbd25\"},\"headline\":\"Ravi Tulsyan nuevo CFO de Odyssey\",\"datePublished\":\"2026-01-28T11:51:12+00:00\",\"mainEntityOfPage\":{\"@id\":\"https:\\\/\\\/transportjournal.com\\\/es\\\/2026\\\/01\\\/28\\\/ravi-tulsyan-nuevo-cfo-de-odyssey\\\/\"},\"wordCount\":314,\"commentCount\":0,\"publisher\":{\"@id\":\"https:\\\/\\\/transportjournal.com\\\/es\\\/#organization\"},\"image\":{\"@id\":\"https:\\\/\\\/transportjournal.com\\\/es\\\/2026\\\/01\\\/28\\\/ravi-tulsyan-nuevo-cfo-de-odyssey\\\/#primaryimage\"},\"thumbnailUrl\":\"https:\\\/\\\/transportjournal.com\\\/wp-content\\\/uploads\\\/sites\\\/2\\\/2026\\\/01\\\/Odyssey_Ravi_Tulsyan_040-vF-Cropped-2048x1742-1-aspect-ratio-1400-788.png\",\"keywords\":[\"accounting and treasury\",\"capital markets transactions\",\"CFO appointment\",\"CFO Ernennung\",\"comptabilit\u00e9 et tr\u00e9sorerie\",\"corporate transformations\",\"cr\u00e9ation de valeur logistique\",\"croissance de l'organisation financi\u00e8re\",\"d\u00e9partements financiers mondiaux\",\"Deutsch Odyssey Logistics\",\"digital transformation logistics\",\"digitale Transformation Logistik\",\"durabilit\u00e9 dans la logistique\",\"Fachkr\u00e4ftemangel Logistikbranche\",\"financial leadership logistics\",\"financial organization growth\",\"financial planning and analysis\",\"Finanzf\u00fchrung Logistik\",\"Finanzorganisation Wachstum\",\"Finanzplanung und -analyse\",\"fusions et scissions\",\"gestion de la cha\u00eene d'approvisionnement\",\"global finance departments\",\"globale Finanzabteilungen\",\"infrastructure logistique\",\"intermodal business models\",\"intermodale Gesch\u00e4ftsmodelle\",\"Kapitalm\u00e4rkte Transaktionen\",\"labor shortage logistics industry\",\"leadership financier logistique\",\"logistics infrastructure\",\"logistics transformations\",\"logistische Infrastruktur\",\"logistische Transformationen\",\"mergers and spin-offs Fran\u00e7ais Odyssey Logistics\",\"mod\u00e8les d'affaires intermodaux\",\"multimodal platform\",\"multimodale Plattform\",\"Nachhaltigkeit in der Logistik\",\"nomination de CFO\",\"p\u00e9nurie de main-d'\u0153uvre secteur logistique\",\"planification et analyse financi\u00e8res\",\"plateforme multimodale\",\"Ravi Tulsyan CFO\",\"Rechnungswesen und Treasury\",\"Supply Chain Management\",\"sustainability in logistics\",\"transactions sur les march\u00e9s de capitaux\",\"transformation num\u00e9rique logistique\",\"transformations d'entreprise\",\"transformations logistiques\",\"\u00dcbernahmen und Abspaltungen English Odyssey Logistics\",\"Unternehmensumwandlungen\",\"value creation logistics\",\"Wertsch\u00f6pfung Logistik\",\"XPO Inc. CFO\"],\"articleSection\":[\"Am\u00e9rica\",\"Personas y empresas\",\"Transporte de mercanc\u00edas y log\u00edstica\"],\"inLanguage\":\"es\",\"potentialAction\":[{\"@type\":\"CommentAction\",\"name\":\"Comment\",\"target\":[\"https:\\\/\\\/transportjournal.com\\\/es\\\/2026\\\/01\\\/28\\\/ravi-tulsyan-nuevo-cfo-de-odyssey\\\/#respond\"]}]},{\"@type\":\"WebPage\",\"@id\":\"https:\\\/\\\/transportjournal.com\\\/es\\\/2026\\\/01\\\/28\\\/ravi-tulsyan-nuevo-cfo-de-odyssey\\\/\",\"url\":\"https:\\\/\\\/transportjournal.com\\\/es\\\/2026\\\/01\\\/28\\\/ravi-tulsyan-nuevo-cfo-de-odyssey\\\/\",\"name\":\"Ravi Tulsyan nuevo CFO de Odyssey - ITJ | International Transport Journal\",\"isPartOf\":{\"@id\":\"https:\\\/\\\/transportjournal.com\\\/es\\\/#website\"},\"primaryImageOfPage\":{\"@id\":\"https:\\\/\\\/transportjournal.com\\\/es\\\/2026\\\/01\\\/28\\\/ravi-tulsyan-nuevo-cfo-de-odyssey\\\/#primaryimage\"},\"image\":{\"@id\":\"https:\\\/\\\/transportjournal.com\\\/es\\\/2026\\\/01\\\/28\\\/ravi-tulsyan-nuevo-cfo-de-odyssey\\\/#primaryimage\"},\"thumbnailUrl\":\"https:\\\/\\\/transportjournal.com\\\/wp-content\\\/uploads\\\/sites\\\/2\\\/2026\\\/01\\\/Odyssey_Ravi_Tulsyan_040-vF-Cropped-2048x1742-1-aspect-ratio-1400-788.png\",\"datePublished\":\"2026-01-28T11:51:12+00:00\",\"breadcrumb\":{\"@id\":\"https:\\\/\\\/transportjournal.com\\\/es\\\/2026\\\/01\\\/28\\\/ravi-tulsyan-nuevo-cfo-de-odyssey\\\/#breadcrumb\"},\"inLanguage\":\"es\",\"potentialAction\":[{\"@type\":\"ReadAction\",\"target\":[\"https:\\\/\\\/transportjournal.com\\\/es\\\/2026\\\/01\\\/28\\\/ravi-tulsyan-nuevo-cfo-de-odyssey\\\/\"]}]},{\"@type\":\"ImageObject\",\"inLanguage\":\"es\",\"@id\":\"https:\\\/\\\/transportjournal.com\\\/es\\\/2026\\\/01\\\/28\\\/ravi-tulsyan-nuevo-cfo-de-odyssey\\\/#primaryimage\",\"url\":\"https:\\\/\\\/transportjournal.com\\\/wp-content\\\/uploads\\\/sites\\\/2\\\/2026\\\/01\\\/Odyssey_Ravi_Tulsyan_040-vF-Cropped-2048x1742-1-aspect-ratio-1400-788.png\",\"contentUrl\":\"https:\\\/\\\/transportjournal.com\\\/wp-content\\\/uploads\\\/sites\\\/2\\\/2026\\\/01\\\/Odyssey_Ravi_Tulsyan_040-vF-Cropped-2048x1742-1-aspect-ratio-1400-788.png\",\"width\":2048,\"height\":1152},{\"@type\":\"BreadcrumbList\",\"@id\":\"https:\\\/\\\/transportjournal.com\\\/es\\\/2026\\\/01\\\/28\\\/ravi-tulsyan-nuevo-cfo-de-odyssey\\\/#breadcrumb\",\"itemListElement\":[{\"@type\":\"ListItem\",\"position\":1,\"name\":\"Startseite\",\"item\":\"https:\\\/\\\/transportjournal.com\\\/es\\\/\"},{\"@type\":\"ListItem\",\"position\":2,\"name\":\"Ravi Tulsyan nuevo CFO de Odyssey\"}]},{\"@type\":\"WebSite\",\"@id\":\"https:\\\/\\\/transportjournal.com\\\/es\\\/#website\",\"url\":\"https:\\\/\\\/transportjournal.com\\\/es\\\/\",\"name\":\"ITJ | International Transport Journal\",\"description\":\"Stay informed with the latest global news from the transport, logistics, and supply chain industries. Transport Journal delivers expert insights, analysis, and updates across shipping, aviation, intermodal, and forwarding.\",\"publisher\":{\"@id\":\"https:\\\/\\\/transportjournal.com\\\/es\\\/#organization\"},\"potentialAction\":[{\"@type\":\"SearchAction\",\"target\":{\"@type\":\"EntryPoint\",\"urlTemplate\":\"https:\\\/\\\/transportjournal.com\\\/es\\\/?s={search_term_string}\"},\"query-input\":{\"@type\":\"PropertyValueSpecification\",\"valueRequired\":true,\"valueName\":\"search_term_string\"}}],\"inLanguage\":\"es\"},{\"@type\":\"Organization\",\"@id\":\"https:\\\/\\\/transportjournal.com\\\/es\\\/#organization\",\"name\":\"Grupo Logismedia AG\",\"alternateName\":\"Logismedia Group AG\",\"url\":\"https:\\\/\\\/transportjournal.com\\\/es\\\/\",\"logo\":{\"@type\":\"ImageObject\",\"inLanguage\":\"es\",\"@id\":\"https:\\\/\\\/transportjournal.com\\\/es\\\/#\\\/schema\\\/logo\\\/image\\\/\",\"url\":\"https:\\\/\\\/transportjournal.com\\\/wp-content\\\/uploads\\\/sites\\\/2\\\/2025\\\/09\\\/Logo_ITJ.png\",\"contentUrl\":\"https:\\\/\\\/transportjournal.com\\\/wp-content\\\/uploads\\\/sites\\\/2\\\/2025\\\/09\\\/Logo_ITJ.png\",\"width\":799,\"height\":326,\"caption\":\"Grupo Logismedia AG\"},\"image\":{\"@id\":\"https:\\\/\\\/transportjournal.com\\\/es\\\/#\\\/schema\\\/logo\\\/image\\\/\"},\"sameAs\":[\"https:\\\/\\\/www.linkedin.com\\\/company\\\/56456496\\\/admin\\\/dashboard\\\/\",\"https:\\\/\\\/www.instagram.com\\\/logismediagroup\\\/\",\"https:\\\/\\\/www.youtube.com\\\/@LogiamediaGroupAG\"]},{\"@type\":\"Person\",\"@id\":\"https:\\\/\\\/transportjournal.com\\\/es\\\/#\\\/schema\\\/person\\\/cf538b3157f15afd7589245a4b3dbd25\",\"name\":\"Andreas Haug\",\"url\":\"https:\\\/\\\/transportjournal.com\\\/es\\\/author\\\/andreas\\\/\"}]}<\/script>\n<!-- \/ Yoast SEO plugin. -->","yoast_head_json":{"title":"Ravi Tulsyan nuevo CFO de Odyssey - ITJ | International Transport Journal","robots":{"index":"index","follow":"follow","max-snippet":"max-snippet:-1","max-image-preview":"max-image-preview:large","max-video-preview":"max-video-preview:-1"},"canonical":"https:\/\/transportjournal.com\/es\/2026\/01\/28\/ravi-tulsyan-nuevo-cfo-de-odyssey\/","og_locale":"es_ES","og_type":"article","og_title":"Ravi Tulsyan nuevo CFO de Odyssey - ITJ | International Transport Journal","og_description":"Ravi Tulsyan ha sido nombrado CFO de Odyssey Logistics y aporta una amplia experiencia en liderazgo financiero, as\u00ed como logros significativos en la industria.","og_url":"https:\/\/transportjournal.com\/es\/2026\/01\/28\/ravi-tulsyan-nuevo-cfo-de-odyssey\/","og_site_name":"ITJ | International Transport Journal","article_published_time":"2026-01-28T11:51:12+00:00","og_image":[{"width":2048,"height":1152,"url":"https:\/\/transportjournal.com\/wp-content\/uploads\/sites\/2\/2026\/01\/Odyssey_Ravi_Tulsyan_040-vF-Cropped-2048x1742-1-aspect-ratio-1400-788.png","type":"image\/png"}],"author":"Andreas Haug","twitter_card":"summary_large_image","twitter_misc":{"Escrito por":"Andreas Haug","Tiempo de lectura":"2 minuto"},"schema":{"@context":"https:\/\/schema.org","@graph":[{"@type":"Article","@id":"https:\/\/transportjournal.com\/es\/2026\/01\/28\/ravi-tulsyan-nuevo-cfo-de-odyssey\/#article","isPartOf":{"@id":"https:\/\/transportjournal.com\/es\/2026\/01\/28\/ravi-tulsyan-nuevo-cfo-de-odyssey\/"},"author":{"name":"Andreas Haug","@id":"https:\/\/transportjournal.com\/es\/#\/schema\/person\/cf538b3157f15afd7589245a4b3dbd25"},"headline":"Ravi Tulsyan nuevo CFO de Odyssey","datePublished":"2026-01-28T11:51:12+00:00","mainEntityOfPage":{"@id":"https:\/\/transportjournal.com\/es\/2026\/01\/28\/ravi-tulsyan-nuevo-cfo-de-odyssey\/"},"wordCount":314,"commentCount":0,"publisher":{"@id":"https:\/\/transportjournal.com\/es\/#organization"},"image":{"@id":"https:\/\/transportjournal.com\/es\/2026\/01\/28\/ravi-tulsyan-nuevo-cfo-de-odyssey\/#primaryimage"},"thumbnailUrl":"https:\/\/transportjournal.com\/wp-content\/uploads\/sites\/2\/2026\/01\/Odyssey_Ravi_Tulsyan_040-vF-Cropped-2048x1742-1-aspect-ratio-1400-788.png","keywords":["accounting and treasury","capital markets transactions","CFO appointment","CFO Ernennung","comptabilit\u00e9 et tr\u00e9sorerie","corporate transformations","cr\u00e9ation de valeur logistique","croissance de l'organisation financi\u00e8re","d\u00e9partements financiers mondiaux","Deutsch Odyssey Logistics","digital transformation logistics","digitale Transformation Logistik","durabilit\u00e9 dans la logistique","Fachkr\u00e4ftemangel Logistikbranche","financial leadership logistics","financial organization growth","financial planning and analysis","Finanzf\u00fchrung Logistik","Finanzorganisation Wachstum","Finanzplanung und -analyse","fusions et scissions","gestion de la cha\u00eene d'approvisionnement","global finance departments","globale Finanzabteilungen","infrastructure logistique","intermodal business models","intermodale Gesch\u00e4ftsmodelle","Kapitalm\u00e4rkte Transaktionen","labor shortage logistics industry","leadership financier logistique","logistics infrastructure","logistics transformations","logistische Infrastruktur","logistische Transformationen","mergers and spin-offs Fran\u00e7ais Odyssey Logistics","mod\u00e8les d'affaires intermodaux","multimodal platform","multimodale Plattform","Nachhaltigkeit in der Logistik","nomination de CFO","p\u00e9nurie de main-d'\u0153uvre secteur logistique","planification et analyse financi\u00e8res","plateforme multimodale","Ravi Tulsyan CFO","Rechnungswesen und Treasury","Supply Chain Management","sustainability in logistics","transactions sur les march\u00e9s de capitaux","transformation num\u00e9rique logistique","transformations d'entreprise","transformations logistiques","\u00dcbernahmen und Abspaltungen English Odyssey Logistics","Unternehmensumwandlungen","value creation logistics","Wertsch\u00f6pfung Logistik","XPO Inc. CFO"],"articleSection":["Am\u00e9rica","Personas y empresas","Transporte de mercanc\u00edas y log\u00edstica"],"inLanguage":"es","potentialAction":[{"@type":"CommentAction","name":"Comment","target":["https:\/\/transportjournal.com\/es\/2026\/01\/28\/ravi-tulsyan-nuevo-cfo-de-odyssey\/#respond"]}]},{"@type":"WebPage","@id":"https:\/\/transportjournal.com\/es\/2026\/01\/28\/ravi-tulsyan-nuevo-cfo-de-odyssey\/","url":"https:\/\/transportjournal.com\/es\/2026\/01\/28\/ravi-tulsyan-nuevo-cfo-de-odyssey\/","name":"Ravi Tulsyan nuevo CFO de Odyssey - ITJ | International Transport Journal","isPartOf":{"@id":"https:\/\/transportjournal.com\/es\/#website"},"primaryImageOfPage":{"@id":"https:\/\/transportjournal.com\/es\/2026\/01\/28\/ravi-tulsyan-nuevo-cfo-de-odyssey\/#primaryimage"},"image":{"@id":"https:\/\/transportjournal.com\/es\/2026\/01\/28\/ravi-tulsyan-nuevo-cfo-de-odyssey\/#primaryimage"},"thumbnailUrl":"https:\/\/transportjournal.com\/wp-content\/uploads\/sites\/2\/2026\/01\/Odyssey_Ravi_Tulsyan_040-vF-Cropped-2048x1742-1-aspect-ratio-1400-788.png","datePublished":"2026-01-28T11:51:12+00:00","breadcrumb":{"@id":"https:\/\/transportjournal.com\/es\/2026\/01\/28\/ravi-tulsyan-nuevo-cfo-de-odyssey\/#breadcrumb"},"inLanguage":"es","potentialAction":[{"@type":"ReadAction","target":["https:\/\/transportjournal.com\/es\/2026\/01\/28\/ravi-tulsyan-nuevo-cfo-de-odyssey\/"]}]},{"@type":"ImageObject","inLanguage":"es","@id":"https:\/\/transportjournal.com\/es\/2026\/01\/28\/ravi-tulsyan-nuevo-cfo-de-odyssey\/#primaryimage","url":"https:\/\/transportjournal.com\/wp-content\/uploads\/sites\/2\/2026\/01\/Odyssey_Ravi_Tulsyan_040-vF-Cropped-2048x1742-1-aspect-ratio-1400-788.png","contentUrl":"https:\/\/transportjournal.com\/wp-content\/uploads\/sites\/2\/2026\/01\/Odyssey_Ravi_Tulsyan_040-vF-Cropped-2048x1742-1-aspect-ratio-1400-788.png","width":2048,"height":1152},{"@type":"BreadcrumbList","@id":"https:\/\/transportjournal.com\/es\/2026\/01\/28\/ravi-tulsyan-nuevo-cfo-de-odyssey\/#breadcrumb","itemListElement":[{"@type":"ListItem","position":1,"name":"Startseite","item":"https:\/\/transportjournal.com\/es\/"},{"@type":"ListItem","position":2,"name":"Ravi Tulsyan nuevo CFO de Odyssey"}]},{"@type":"WebSite","@id":"https:\/\/transportjournal.com\/es\/#website","url":"https:\/\/transportjournal.com\/es\/","name":"ITJ | International Transport Journal","description":"Stay informed with the latest global news from the transport, logistics, and supply chain industries. Transport Journal delivers expert insights, analysis, and updates across shipping, aviation, intermodal, and forwarding.","publisher":{"@id":"https:\/\/transportjournal.com\/es\/#organization"},"potentialAction":[{"@type":"SearchAction","target":{"@type":"EntryPoint","urlTemplate":"https:\/\/transportjournal.com\/es\/?s={search_term_string}"},"query-input":{"@type":"PropertyValueSpecification","valueRequired":true,"valueName":"search_term_string"}}],"inLanguage":"es"},{"@type":"Organization","@id":"https:\/\/transportjournal.com\/es\/#organization","name":"Grupo Logismedia AG","alternateName":"Logismedia Group AG","url":"https:\/\/transportjournal.com\/es\/","logo":{"@type":"ImageObject","inLanguage":"es","@id":"https:\/\/transportjournal.com\/es\/#\/schema\/logo\/image\/","url":"https:\/\/transportjournal.com\/wp-content\/uploads\/sites\/2\/2025\/09\/Logo_ITJ.png","contentUrl":"https:\/\/transportjournal.com\/wp-content\/uploads\/sites\/2\/2025\/09\/Logo_ITJ.png","width":799,"height":326,"caption":"Grupo Logismedia AG"},"image":{"@id":"https:\/\/transportjournal.com\/es\/#\/schema\/logo\/image\/"},"sameAs":["https:\/\/www.linkedin.com\/company\/56456496\/admin\/dashboard\/","https:\/\/www.instagram.com\/logismediagroup\/","https:\/\/www.youtube.com\/@LogiamediaGroupAG"]},{"@type":"Person","@id":"https:\/\/transportjournal.com\/es\/#\/schema\/person\/cf538b3157f15afd7589245a4b3dbd25","name":"Andreas Haug","url":"https:\/\/transportjournal.com\/es\/author\/andreas\/"}]}},"_links":{"self":[{"href":"https:\/\/transportjournal.com\/es\/wp-json\/wp\/v2\/posts\/74875","targetHints":{"allow":["GET"]}}],"collection":[{"href":"https:\/\/transportjournal.com\/es\/wp-json\/wp\/v2\/posts"}],"about":[{"href":"https:\/\/transportjournal.com\/es\/wp-json\/wp\/v2\/types\/post"}],"author":[{"embeddable":true,"href":"https:\/\/transportjournal.com\/es\/wp-json\/wp\/v2\/users\/12"}],"replies":[{"embeddable":true,"href":"https:\/\/transportjournal.com\/es\/wp-json\/wp\/v2\/comments?post=74875"}],"version-history":[{"count":0,"href":"https:\/\/transportjournal.com\/es\/wp-json\/wp\/v2\/posts\/74875\/revisions"}],"wp:featuredmedia":[{"embeddable":true,"href":"https:\/\/transportjournal.com\/es\/wp-json\/wp\/v2\/media\/74872"}],"wp:attachment":[{"href":"https:\/\/transportjournal.com\/es\/wp-json\/wp\/v2\/media?parent=74875"}],"wp:term":[{"taxonomy":"category","embeddable":true,"href":"https:\/\/transportjournal.com\/es\/wp-json\/wp\/v2\/categories?post=74875"},{"taxonomy":"post_tag","embeddable":true,"href":"https:\/\/transportjournal.com\/es\/wp-json\/wp\/v2\/tags?post=74875"}],"curies":[{"name":"wp","href":"https:\/\/api.w.org\/{rel}","templated":true}]}}