{"id":74851,"date":"2026-01-28T10:47:16","date_gmt":"2026-01-28T10:47:16","guid":{"rendered":"https:\/\/transportjournal.com\/2026\/01\/28\/escasez-de-conductores-en-el-transporte-de-mercancias-aleman\/"},"modified":"2026-01-28T10:47:16","modified_gmt":"2026-01-28T10:47:16","slug":"escasez-de-conductores-en-el-transporte-de-mercancias-aleman","status":"publish","type":"post","link":"https:\/\/transportjournal.com\/es\/2026\/01\/28\/escasez-de-conductores-en-el-transporte-de-mercancias-aleman\/","title":{"rendered":"Escasez de conductores en el transporte de mercanc\u00edas alem\u00e1n"},"content":{"rendered":"<p>La situaci\u00f3n en el transporte de mercanc\u00edas por carretera en Alemania es tensa. Seg\u00fan una iniciativa de asociaciones actual, ya faltan m\u00e1s de 70,000 conductores profesionales en Alemania. Esta cifra ha aumentado considerablemente desde la publicaci\u00f3n de un &#8222;Plan de cinco puntos contra los cuellos de botella log\u00edsticos y la escasez de conductores&#8220; a finales de 2018, cuando se estimaba que faltaban alrededor de 40,000 conductores. El desarrollo demogr\u00e1fico contribuye a agravar el problema: un tercio de los conductores profesionales tiene m\u00e1s de 55 a\u00f1os, y anualmente se jubilan entre 30,000 y 35,000 conductores, mientras que solo entre 15,000 y 20,000 nuevos conductores ingresan a la profesi\u00f3n.<\/p>\n<p>M\u00e1s del 70 por ciento de la capacidad de transporte de mercanc\u00edas en Alemania se realiza mediante camiones, seg\u00fan las asociaciones involucradas. Por lo tanto, los cuellos de botella en este sector podr\u00edan tener consecuencias de gran alcance para toda la econom\u00eda. La transferencia del transporte a la v\u00eda f\u00e9rrea no es posible en muchos casos, ya que las condiciones locales, como las cortas distancias de transporte y la infraestructura ferroviaria insuficiente, a menudo desaconsejan el transporte ferroviario.<\/p>\n<h3>Necesidad de acci\u00f3n para asegurar el mercado laboral de conductores<\/h3>\n<p>Para abordar la escasez de conductores, la iniciativa de asociaciones exige un enfoque coordinado pol\u00edticamente. Una propuesta central es la creaci\u00f3n de un grupo de trabajo interministerial que, con la participaci\u00f3n de los departamentos relevantes, desarrolle una estrategia para el mercado laboral de conductores.<\/p>\n<p>Tres \u00e1reas de acci\u00f3n esenciales son destacadas por las asociaciones:<\/p>\n<p>1. Aumentar la atractividad de la profesi\u00f3n de conductor: Las condiciones laborales para los conductores profesionales deben mejorarse. La falta de infraestructura, como la escasez de espacios de estacionamiento para camiones y la calidad insuficiente de las \u00e1reas de descanso en los aparcamientos, dificultan la vida laboral. Adem\u00e1s, una gesti\u00f3n ineficiente de las obras en las carreteras principales provoca atascos y horarios de trabajo poco fiables.<\/p>\n<p>2. Modernizaci\u00f3n de los requisitos de formaci\u00f3n y cualificaci\u00f3n: La formaci\u00f3n actual de conductores se considera desactualizada. Es necesaria una reforma para hacer la formaci\u00f3n m\u00e1s pr\u00e1ctica y orientada a objetivos. Tambi\u00e9n se deben aprovechar mejor las oportunidades digitales.<\/p>\n<p>3. Reducci\u00f3n de la burocracia y facilitaci\u00f3n de la inmigraci\u00f3n: El alto grado de regulaci\u00f3n en el transporte de mercanc\u00edas por carretera se percibe como un obst\u00e1culo. Se deben encontrar reglas m\u00e1s pragm\u00e1ticas, especialmente en lo que respecta al reconocimiento de cualificaciones profesionales extranjeras. Adem\u00e1s, se deber\u00eda facilitar la inmigraci\u00f3n de trabajadores de pa\u00edses terceros al mercado de conductores.<\/p>\n<p><a href=\"https:\/\/www.bgl-ev.de\/\" target=\"_blank\" rel=\"noopener noreferrer\">www.bgl-ev.de<\/a><\/p>\n","protected":false},"excerpt":{"rendered":"<p>Una iniciativa de las asociaciones exige un grupo de trabajo interministerial para mejorar las condiciones laborales y asegurar el mercado laboral de conductores en el transporte por carretera de mercanc\u00edas en Alemania.<\/p>\n","protected":false},"author":10,"featured_media":74848,"comment_status":"open","ping_status":"open","sticky":false,"template":"","format":"standard","meta":{"_acf_changed":false,"footnotes":""},"categories":[1611,1604],"tags":[10617,10618,10619,10620,10621,10622,10623,10624,10625,10626,10627,10628,2115,4521,10629,10630,10631,10632,10633,10634,10635,10636,10637,10638,10639,10640,10641,10642,10643,10644,2125,10645,10646,10647,10648,10649,10650,10651,6137,10652,2525,2526,10653,10654,10655,3157,3379,4096,10656,10657,10658,2148,2869,10659,10660,10661,10662,10663,8461,10664,10665,10666,3852,2155,6143,1837,10667,10668,10669,10670],"class_list":["post-74851","post","type-post","status-publish","format-standard","has-post-thumbnail","hentry","category-europa","category-intermodal-carretera","tag-arbeitsbedingungen-berufskraftfahrer","tag-berufskraftfahrer-gesucht","tag-bureaucracy-reduction-freight-transport","tag-buerokratieabbau-gueterverkehr","tag-chauffeurs-de-poids-lourds-recherches","tag-conditions-de-travail-des-chauffeurs","tag-congestion-sur-les-autoroutes","tag-defis-du-transport-ferroviaire","tag-demografische-entwicklung","tag-demographic-development","tag-deutsch-fahrermangel","tag-developpement-demographique","tag-digitalisierung-in-der-logistik","tag-digitization-in-logistics","tag-driver-labor-market","tag-driver-training-reform","tag-evolution-demographique","tag-fachkraeftemangel-english-driver-shortage","tag-fahrerarbeitsmarkt","tag-fahrerausbildung-reformieren","tag-fernstrassen-staus","tag-freight-transport-germany","tag-gestion-des-chantiers","tag-goulets-detranglement-logistiques","tag-groupe-de-travail-interministeriel","tag-gueterverkehr-deutschland","tag-highway-congestion","tag-immigration-dans-le-secteur-du-transport","tag-immigration-de-la-main-doeuvre","tag-immigration-in-transport-sector","tag-industrie-du-transport","tag-industrie-du-transport-allemagne","tag-infrastructure-dans-le-transport-de-marchandises","tag-infrastructure-in-freight-transport","tag-infrastruktur-im-gueterverkehr","tag-interministerial-working-group","tag-interministerielle-arbeitsgruppe","tag-lkw-stellplaetze","tag-lkw-transport","tag-logistics-bottlenecks","tag-logistics-service-providers-germany","tag-logistikdienstleister-deutschland","tag-logistikengpaesse","tag-marche-du-travail-des-conducteurs","tag-modernisation-de-leducation-des-conducteurs","tag-numerisation-dans-la-logistique","tag-numerisation-logistique","tag-penurie-de-main-doeuvre-qualifiee","tag-personnel-de-conduite-allemagne","tag-places-de-stationnement-pour-camions","tag-places-de-stationnement-pour-poids-lourds","tag-prestataires-de-services-logistiques","tag-prestataires-de-services-logistiques-allemagne","tag-problemes-dinfrastructure","tag-rail-transport-challenges","tag-reduction-de-la-bureaucratie-transport-de-marchandises","tag-reforme-de-la-formation-des-conducteurs","tag-rendre-la-profession-de-conducteur-attrayante","tag-road-transport","tag-schienentransport-herausforderungen","tag-skilled-labor-shortage-francais-penurie-de-conducteurs","tag-transport-de-marchandises-allemagne","tag-transport-ferroviaire","tag-transport-industry","tag-transport-routier","tag-transportwirtschaft","tag-truck-drivers-needed","tag-truck-parking-spaces","tag-working-conditions-truck-drivers","tag-zuwanderung-im-transportwesen"],"acf":[],"yoast_head":"<!-- This site is optimized with the Yoast SEO plugin v27.3 - https:\/\/yoast.com\/product\/yoast-seo-wordpress\/ -->\n<title>Escasez de conductores en el transporte de mercanc\u00edas alem\u00e1n - ITJ | International Transport Journal<\/title>\n<meta name=\"robots\" content=\"index, follow, max-snippet:-1, max-image-preview:large, max-video-preview:-1\" \/>\n<link rel=\"canonical\" href=\"https:\/\/transportjournal.com\/es\/2026\/01\/28\/escasez-de-conductores-en-el-transporte-de-mercancias-aleman\/\" \/>\n<meta property=\"og:locale\" content=\"es_ES\" \/>\n<meta property=\"og:type\" content=\"article\" \/>\n<meta property=\"og:title\" content=\"Escasez de conductores en el transporte de mercanc\u00edas alem\u00e1n - ITJ | International Transport Journal\" \/>\n<meta property=\"og:description\" content=\"Una iniciativa de las asociaciones exige un grupo de trabajo interministerial para mejorar las condiciones laborales y asegurar el mercado laboral de conductores en el transporte por carretera de mercanc\u00edas en Alemania.\" \/>\n<meta property=\"og:url\" content=\"https:\/\/transportjournal.com\/es\/2026\/01\/28\/escasez-de-conductores-en-el-transporte-de-mercancias-aleman\/\" \/>\n<meta property=\"og:site_name\" content=\"ITJ | International Transport Journal\" \/>\n<meta property=\"article:published_time\" content=\"2026-01-28T10:47:16+00:00\" \/>\n<meta property=\"og:image\" content=\"https:\/\/transportjournal.com\/wp-content\/uploads\/sites\/2\/2026\/01\/AdobeStock_357298318-scaled-aspect-ratio-1400-788-scaled-1.jpeg\" \/>\n\t<meta property=\"og:image:width\" content=\"2560\" \/>\n\t<meta property=\"og:image:height\" content=\"1441\" \/>\n\t<meta property=\"og:image:type\" content=\"image\/jpeg\" \/>\n<meta name=\"author\" content=\"Jeremy Soland\" \/>\n<meta name=\"twitter:card\" content=\"summary_large_image\" \/>\n<meta name=\"twitter:label1\" content=\"Escrito por\" \/>\n\t<meta name=\"twitter:data1\" content=\"Jeremy Soland\" \/>\n\t<meta name=\"twitter:label2\" content=\"Tiempo de lectura\" \/>\n\t<meta name=\"twitter:data2\" content=\"2 minuto\" \/>\n<script type=\"application\/ld+json\" class=\"yoast-schema-graph\">{\"@context\":\"https:\\\/\\\/schema.org\",\"@graph\":[{\"@type\":\"Article\",\"@id\":\"https:\\\/\\\/transportjournal.com\\\/es\\\/2026\\\/01\\\/28\\\/escasez-de-conductores-en-el-transporte-de-mercancias-aleman\\\/#article\",\"isPartOf\":{\"@id\":\"https:\\\/\\\/transportjournal.com\\\/es\\\/2026\\\/01\\\/28\\\/escasez-de-conductores-en-el-transporte-de-mercancias-aleman\\\/\"},\"author\":{\"name\":\"Jeremy Soland\",\"@id\":\"https:\\\/\\\/transportjournal.com\\\/es\\\/#\\\/schema\\\/person\\\/41d36b5474b623392fa613e97e2363fa\"},\"headline\":\"Escasez de conductores en el transporte de mercanc\u00edas alem\u00e1n\",\"datePublished\":\"2026-01-28T10:47:16+00:00\",\"mainEntityOfPage\":{\"@id\":\"https:\\\/\\\/transportjournal.com\\\/es\\\/2026\\\/01\\\/28\\\/escasez-de-conductores-en-el-transporte-de-mercancias-aleman\\\/\"},\"wordCount\":460,\"commentCount\":0,\"publisher\":{\"@id\":\"https:\\\/\\\/transportjournal.com\\\/es\\\/#organization\"},\"image\":{\"@id\":\"https:\\\/\\\/transportjournal.com\\\/es\\\/2026\\\/01\\\/28\\\/escasez-de-conductores-en-el-transporte-de-mercancias-aleman\\\/#primaryimage\"},\"thumbnailUrl\":\"https:\\\/\\\/transportjournal.com\\\/wp-content\\\/uploads\\\/sites\\\/2\\\/2026\\\/01\\\/AdobeStock_357298318-scaled-aspect-ratio-1400-788-scaled-1.jpeg\",\"keywords\":[\"Arbeitsbedingungen Berufskraftfahrer\",\"Berufskraftfahrer gesucht\",\"bureaucracy reduction freight transport\",\"B\u00fcrokratieabbau G\u00fcterverkehr\",\"chauffeurs de poids lourds recherch\u00e9s\",\"conditions de travail des chauffeurs\",\"congestion sur les autoroutes\",\"d\u00e9fis du transport ferroviaire\",\"demografische Entwicklung\",\"demographic development\",\"Deutsch Fahrermangel\",\"d\u00e9veloppement d\u00e9mographique\",\"Digitalisierung in der Logistik\",\"digitization in logistics\",\"driver labor market\",\"driver training reform\",\"\u00e9volution d\u00e9mographique\",\"Fachkr\u00e4ftemangel English driver shortage\",\"Fahrerarbeitsmarkt\",\"Fahrerausbildung reformieren\",\"Fernstra\u00dfen Staus\",\"freight transport Germany\",\"gestion des chantiers\",\"goulets d'\u00e9tranglement logistiques\",\"groupe de travail interministeriel\",\"G\u00fcterverkehr Deutschland\",\"highway congestion\",\"immigration dans le secteur du transport\",\"immigration de la main-d'\u0153uvre\",\"immigration in transport sector\",\"industrie du transport\",\"industrie du transport Allemagne\",\"infrastructure dans le transport de marchandises\",\"infrastructure in freight transport\",\"Infrastruktur im G\u00fcterverkehr\",\"interministerial working group\",\"interministerielle Arbeitsgruppe\",\"Lkw Stellpl\u00e4tze\",\"Lkw-Transport\",\"logistics bottlenecks\",\"logistics service providers Germany\",\"Logistikdienstleister Deutschland\",\"Logistikengp\u00e4sse\",\"march\u00e9 du travail des conducteurs\",\"modernisation de l'\u00e9ducation des conducteurs\",\"num\u00e9risation dans la logistique\",\"num\u00e9risation logistique\",\"p\u00e9nurie de main-d'\u0153uvre qualifi\u00e9e\",\"personnel de conduite Allemagne\",\"places de stationnement pour camions\",\"places de stationnement pour poids lourds\",\"prestataires de services logistiques\",\"prestataires de services logistiques Allemagne\",\"probl\u00e8mes d'infrastructure\",\"rail transport challenges\",\"r\u00e9duction de la bureaucratie transport de marchandises\",\"r\u00e9forme de la formation des conducteurs\",\"rendre la profession de conducteur attrayante\",\"road transport\",\"Schienentransport Herausforderungen\",\"skilled labor shortage Fran\u00e7ais p\u00e9nurie de conducteurs\",\"transport de marchandises Allemagne\",\"transport ferroviaire\",\"transport industry\",\"Transport routier\",\"Transportwirtschaft\",\"truck drivers needed\",\"truck parking spaces\",\"working conditions truck drivers\",\"Zuwanderung im Transportwesen\"],\"articleSection\":[\"Europa\",\"Intermodal \\\/ Carretera\"],\"inLanguage\":\"es\",\"potentialAction\":[{\"@type\":\"CommentAction\",\"name\":\"Comment\",\"target\":[\"https:\\\/\\\/transportjournal.com\\\/es\\\/2026\\\/01\\\/28\\\/escasez-de-conductores-en-el-transporte-de-mercancias-aleman\\\/#respond\"]}]},{\"@type\":\"WebPage\",\"@id\":\"https:\\\/\\\/transportjournal.com\\\/es\\\/2026\\\/01\\\/28\\\/escasez-de-conductores-en-el-transporte-de-mercancias-aleman\\\/\",\"url\":\"https:\\\/\\\/transportjournal.com\\\/es\\\/2026\\\/01\\\/28\\\/escasez-de-conductores-en-el-transporte-de-mercancias-aleman\\\/\",\"name\":\"Escasez de conductores en el transporte de mercanc\u00edas alem\u00e1n - ITJ | International Transport Journal\",\"isPartOf\":{\"@id\":\"https:\\\/\\\/transportjournal.com\\\/es\\\/#website\"},\"primaryImageOfPage\":{\"@id\":\"https:\\\/\\\/transportjournal.com\\\/es\\\/2026\\\/01\\\/28\\\/escasez-de-conductores-en-el-transporte-de-mercancias-aleman\\\/#primaryimage\"},\"image\":{\"@id\":\"https:\\\/\\\/transportjournal.com\\\/es\\\/2026\\\/01\\\/28\\\/escasez-de-conductores-en-el-transporte-de-mercancias-aleman\\\/#primaryimage\"},\"thumbnailUrl\":\"https:\\\/\\\/transportjournal.com\\\/wp-content\\\/uploads\\\/sites\\\/2\\\/2026\\\/01\\\/AdobeStock_357298318-scaled-aspect-ratio-1400-788-scaled-1.jpeg\",\"datePublished\":\"2026-01-28T10:47:16+00:00\",\"breadcrumb\":{\"@id\":\"https:\\\/\\\/transportjournal.com\\\/es\\\/2026\\\/01\\\/28\\\/escasez-de-conductores-en-el-transporte-de-mercancias-aleman\\\/#breadcrumb\"},\"inLanguage\":\"es\",\"potentialAction\":[{\"@type\":\"ReadAction\",\"target\":[\"https:\\\/\\\/transportjournal.com\\\/es\\\/2026\\\/01\\\/28\\\/escasez-de-conductores-en-el-transporte-de-mercancias-aleman\\\/\"]}]},{\"@type\":\"ImageObject\",\"inLanguage\":\"es\",\"@id\":\"https:\\\/\\\/transportjournal.com\\\/es\\\/2026\\\/01\\\/28\\\/escasez-de-conductores-en-el-transporte-de-mercancias-aleman\\\/#primaryimage\",\"url\":\"https:\\\/\\\/transportjournal.com\\\/wp-content\\\/uploads\\\/sites\\\/2\\\/2026\\\/01\\\/AdobeStock_357298318-scaled-aspect-ratio-1400-788-scaled-1.jpeg\",\"contentUrl\":\"https:\\\/\\\/transportjournal.com\\\/wp-content\\\/uploads\\\/sites\\\/2\\\/2026\\\/01\\\/AdobeStock_357298318-scaled-aspect-ratio-1400-788-scaled-1.jpeg\",\"width\":2560,\"height\":1441},{\"@type\":\"BreadcrumbList\",\"@id\":\"https:\\\/\\\/transportjournal.com\\\/es\\\/2026\\\/01\\\/28\\\/escasez-de-conductores-en-el-transporte-de-mercancias-aleman\\\/#breadcrumb\",\"itemListElement\":[{\"@type\":\"ListItem\",\"position\":1,\"name\":\"Startseite\",\"item\":\"https:\\\/\\\/transportjournal.com\\\/es\\\/\"},{\"@type\":\"ListItem\",\"position\":2,\"name\":\"Escasez de conductores en el transporte de mercanc\u00edas alem\u00e1n\"}]},{\"@type\":\"WebSite\",\"@id\":\"https:\\\/\\\/transportjournal.com\\\/es\\\/#website\",\"url\":\"https:\\\/\\\/transportjournal.com\\\/es\\\/\",\"name\":\"ITJ | International Transport Journal\",\"description\":\"Stay informed with the latest global news from the transport, logistics, and supply chain industries. Transport Journal delivers expert insights, analysis, and updates across shipping, aviation, intermodal, and forwarding.\",\"publisher\":{\"@id\":\"https:\\\/\\\/transportjournal.com\\\/es\\\/#organization\"},\"potentialAction\":[{\"@type\":\"SearchAction\",\"target\":{\"@type\":\"EntryPoint\",\"urlTemplate\":\"https:\\\/\\\/transportjournal.com\\\/es\\\/?s={search_term_string}\"},\"query-input\":{\"@type\":\"PropertyValueSpecification\",\"valueRequired\":true,\"valueName\":\"search_term_string\"}}],\"inLanguage\":\"es\"},{\"@type\":\"Organization\",\"@id\":\"https:\\\/\\\/transportjournal.com\\\/es\\\/#organization\",\"name\":\"Grupo Logismedia AG\",\"alternateName\":\"Logismedia Group AG\",\"url\":\"https:\\\/\\\/transportjournal.com\\\/es\\\/\",\"logo\":{\"@type\":\"ImageObject\",\"inLanguage\":\"es\",\"@id\":\"https:\\\/\\\/transportjournal.com\\\/es\\\/#\\\/schema\\\/logo\\\/image\\\/\",\"url\":\"https:\\\/\\\/transportjournal.com\\\/wp-content\\\/uploads\\\/sites\\\/2\\\/2025\\\/09\\\/Logo_ITJ.png\",\"contentUrl\":\"https:\\\/\\\/transportjournal.com\\\/wp-content\\\/uploads\\\/sites\\\/2\\\/2025\\\/09\\\/Logo_ITJ.png\",\"width\":799,\"height\":326,\"caption\":\"Grupo Logismedia AG\"},\"image\":{\"@id\":\"https:\\\/\\\/transportjournal.com\\\/es\\\/#\\\/schema\\\/logo\\\/image\\\/\"},\"sameAs\":[\"https:\\\/\\\/www.linkedin.com\\\/company\\\/56456496\\\/admin\\\/dashboard\\\/\",\"https:\\\/\\\/www.instagram.com\\\/logismediagroup\\\/\",\"https:\\\/\\\/www.youtube.com\\\/@LogiamediaGroupAG\"]},{\"@type\":\"Person\",\"@id\":\"https:\\\/\\\/transportjournal.com\\\/es\\\/#\\\/schema\\\/person\\\/41d36b5474b623392fa613e97e2363fa\",\"name\":\"Jeremy Soland\",\"url\":\"https:\\\/\\\/transportjournal.com\\\/es\\\/author\\\/jeremy\\\/\"}]}<\/script>\n<!-- \/ Yoast SEO plugin. -->","yoast_head_json":{"title":"Escasez de conductores en el transporte de mercanc\u00edas alem\u00e1n - ITJ | International Transport Journal","robots":{"index":"index","follow":"follow","max-snippet":"max-snippet:-1","max-image-preview":"max-image-preview:large","max-video-preview":"max-video-preview:-1"},"canonical":"https:\/\/transportjournal.com\/es\/2026\/01\/28\/escasez-de-conductores-en-el-transporte-de-mercancias-aleman\/","og_locale":"es_ES","og_type":"article","og_title":"Escasez de conductores en el transporte de mercanc\u00edas alem\u00e1n - ITJ | International Transport Journal","og_description":"Una iniciativa de las asociaciones exige un grupo de trabajo interministerial para mejorar las condiciones laborales y asegurar el mercado laboral de conductores en el transporte por carretera de mercanc\u00edas en Alemania.","og_url":"https:\/\/transportjournal.com\/es\/2026\/01\/28\/escasez-de-conductores-en-el-transporte-de-mercancias-aleman\/","og_site_name":"ITJ | International Transport Journal","article_published_time":"2026-01-28T10:47:16+00:00","og_image":[{"width":2560,"height":1441,"url":"https:\/\/transportjournal.com\/wp-content\/uploads\/sites\/2\/2026\/01\/AdobeStock_357298318-scaled-aspect-ratio-1400-788-scaled-1.jpeg","type":"image\/jpeg"}],"author":"Jeremy Soland","twitter_card":"summary_large_image","twitter_misc":{"Escrito por":"Jeremy Soland","Tiempo de lectura":"2 minuto"},"schema":{"@context":"https:\/\/schema.org","@graph":[{"@type":"Article","@id":"https:\/\/transportjournal.com\/es\/2026\/01\/28\/escasez-de-conductores-en-el-transporte-de-mercancias-aleman\/#article","isPartOf":{"@id":"https:\/\/transportjournal.com\/es\/2026\/01\/28\/escasez-de-conductores-en-el-transporte-de-mercancias-aleman\/"},"author":{"name":"Jeremy Soland","@id":"https:\/\/transportjournal.com\/es\/#\/schema\/person\/41d36b5474b623392fa613e97e2363fa"},"headline":"Escasez de conductores en el transporte de mercanc\u00edas alem\u00e1n","datePublished":"2026-01-28T10:47:16+00:00","mainEntityOfPage":{"@id":"https:\/\/transportjournal.com\/es\/2026\/01\/28\/escasez-de-conductores-en-el-transporte-de-mercancias-aleman\/"},"wordCount":460,"commentCount":0,"publisher":{"@id":"https:\/\/transportjournal.com\/es\/#organization"},"image":{"@id":"https:\/\/transportjournal.com\/es\/2026\/01\/28\/escasez-de-conductores-en-el-transporte-de-mercancias-aleman\/#primaryimage"},"thumbnailUrl":"https:\/\/transportjournal.com\/wp-content\/uploads\/sites\/2\/2026\/01\/AdobeStock_357298318-scaled-aspect-ratio-1400-788-scaled-1.jpeg","keywords":["Arbeitsbedingungen Berufskraftfahrer","Berufskraftfahrer gesucht","bureaucracy reduction freight transport","B\u00fcrokratieabbau G\u00fcterverkehr","chauffeurs de poids lourds recherch\u00e9s","conditions de travail des chauffeurs","congestion sur les autoroutes","d\u00e9fis du transport ferroviaire","demografische Entwicklung","demographic development","Deutsch Fahrermangel","d\u00e9veloppement d\u00e9mographique","Digitalisierung in der Logistik","digitization in logistics","driver labor market","driver training reform","\u00e9volution d\u00e9mographique","Fachkr\u00e4ftemangel English driver shortage","Fahrerarbeitsmarkt","Fahrerausbildung reformieren","Fernstra\u00dfen Staus","freight transport Germany","gestion des chantiers","goulets d'\u00e9tranglement logistiques","groupe de travail interministeriel","G\u00fcterverkehr Deutschland","highway congestion","immigration dans le secteur du transport","immigration de la main-d'\u0153uvre","immigration in transport sector","industrie du transport","industrie du transport Allemagne","infrastructure dans le transport de marchandises","infrastructure in freight transport","Infrastruktur im G\u00fcterverkehr","interministerial working group","interministerielle Arbeitsgruppe","Lkw Stellpl\u00e4tze","Lkw-Transport","logistics bottlenecks","logistics service providers Germany","Logistikdienstleister Deutschland","Logistikengp\u00e4sse","march\u00e9 du travail des conducteurs","modernisation de l'\u00e9ducation des conducteurs","num\u00e9risation dans la logistique","num\u00e9risation logistique","p\u00e9nurie de main-d'\u0153uvre qualifi\u00e9e","personnel de conduite Allemagne","places de stationnement pour camions","places de stationnement pour poids lourds","prestataires de services logistiques","prestataires de services logistiques Allemagne","probl\u00e8mes d'infrastructure","rail transport challenges","r\u00e9duction de la bureaucratie transport de marchandises","r\u00e9forme de la formation des conducteurs","rendre la profession de conducteur attrayante","road transport","Schienentransport Herausforderungen","skilled labor shortage Fran\u00e7ais p\u00e9nurie de conducteurs","transport de marchandises Allemagne","transport ferroviaire","transport industry","Transport routier","Transportwirtschaft","truck drivers needed","truck parking spaces","working conditions truck drivers","Zuwanderung im Transportwesen"],"articleSection":["Europa","Intermodal \/ Carretera"],"inLanguage":"es","potentialAction":[{"@type":"CommentAction","name":"Comment","target":["https:\/\/transportjournal.com\/es\/2026\/01\/28\/escasez-de-conductores-en-el-transporte-de-mercancias-aleman\/#respond"]}]},{"@type":"WebPage","@id":"https:\/\/transportjournal.com\/es\/2026\/01\/28\/escasez-de-conductores-en-el-transporte-de-mercancias-aleman\/","url":"https:\/\/transportjournal.com\/es\/2026\/01\/28\/escasez-de-conductores-en-el-transporte-de-mercancias-aleman\/","name":"Escasez de conductores en el transporte de mercanc\u00edas alem\u00e1n - ITJ | International Transport Journal","isPartOf":{"@id":"https:\/\/transportjournal.com\/es\/#website"},"primaryImageOfPage":{"@id":"https:\/\/transportjournal.com\/es\/2026\/01\/28\/escasez-de-conductores-en-el-transporte-de-mercancias-aleman\/#primaryimage"},"image":{"@id":"https:\/\/transportjournal.com\/es\/2026\/01\/28\/escasez-de-conductores-en-el-transporte-de-mercancias-aleman\/#primaryimage"},"thumbnailUrl":"https:\/\/transportjournal.com\/wp-content\/uploads\/sites\/2\/2026\/01\/AdobeStock_357298318-scaled-aspect-ratio-1400-788-scaled-1.jpeg","datePublished":"2026-01-28T10:47:16+00:00","breadcrumb":{"@id":"https:\/\/transportjournal.com\/es\/2026\/01\/28\/escasez-de-conductores-en-el-transporte-de-mercancias-aleman\/#breadcrumb"},"inLanguage":"es","potentialAction":[{"@type":"ReadAction","target":["https:\/\/transportjournal.com\/es\/2026\/01\/28\/escasez-de-conductores-en-el-transporte-de-mercancias-aleman\/"]}]},{"@type":"ImageObject","inLanguage":"es","@id":"https:\/\/transportjournal.com\/es\/2026\/01\/28\/escasez-de-conductores-en-el-transporte-de-mercancias-aleman\/#primaryimage","url":"https:\/\/transportjournal.com\/wp-content\/uploads\/sites\/2\/2026\/01\/AdobeStock_357298318-scaled-aspect-ratio-1400-788-scaled-1.jpeg","contentUrl":"https:\/\/transportjournal.com\/wp-content\/uploads\/sites\/2\/2026\/01\/AdobeStock_357298318-scaled-aspect-ratio-1400-788-scaled-1.jpeg","width":2560,"height":1441},{"@type":"BreadcrumbList","@id":"https:\/\/transportjournal.com\/es\/2026\/01\/28\/escasez-de-conductores-en-el-transporte-de-mercancias-aleman\/#breadcrumb","itemListElement":[{"@type":"ListItem","position":1,"name":"Startseite","item":"https:\/\/transportjournal.com\/es\/"},{"@type":"ListItem","position":2,"name":"Escasez de conductores en el transporte de mercanc\u00edas alem\u00e1n"}]},{"@type":"WebSite","@id":"https:\/\/transportjournal.com\/es\/#website","url":"https:\/\/transportjournal.com\/es\/","name":"ITJ | International Transport Journal","description":"Stay informed with the latest global news from the transport, logistics, and supply chain industries. Transport Journal delivers expert insights, analysis, and updates across shipping, aviation, intermodal, and forwarding.","publisher":{"@id":"https:\/\/transportjournal.com\/es\/#organization"},"potentialAction":[{"@type":"SearchAction","target":{"@type":"EntryPoint","urlTemplate":"https:\/\/transportjournal.com\/es\/?s={search_term_string}"},"query-input":{"@type":"PropertyValueSpecification","valueRequired":true,"valueName":"search_term_string"}}],"inLanguage":"es"},{"@type":"Organization","@id":"https:\/\/transportjournal.com\/es\/#organization","name":"Grupo Logismedia AG","alternateName":"Logismedia Group AG","url":"https:\/\/transportjournal.com\/es\/","logo":{"@type":"ImageObject","inLanguage":"es","@id":"https:\/\/transportjournal.com\/es\/#\/schema\/logo\/image\/","url":"https:\/\/transportjournal.com\/wp-content\/uploads\/sites\/2\/2025\/09\/Logo_ITJ.png","contentUrl":"https:\/\/transportjournal.com\/wp-content\/uploads\/sites\/2\/2025\/09\/Logo_ITJ.png","width":799,"height":326,"caption":"Grupo Logismedia AG"},"image":{"@id":"https:\/\/transportjournal.com\/es\/#\/schema\/logo\/image\/"},"sameAs":["https:\/\/www.linkedin.com\/company\/56456496\/admin\/dashboard\/","https:\/\/www.instagram.com\/logismediagroup\/","https:\/\/www.youtube.com\/@LogiamediaGroupAG"]},{"@type":"Person","@id":"https:\/\/transportjournal.com\/es\/#\/schema\/person\/41d36b5474b623392fa613e97e2363fa","name":"Jeremy Soland","url":"https:\/\/transportjournal.com\/es\/author\/jeremy\/"}]}},"_links":{"self":[{"href":"https:\/\/transportjournal.com\/es\/wp-json\/wp\/v2\/posts\/74851","targetHints":{"allow":["GET"]}}],"collection":[{"href":"https:\/\/transportjournal.com\/es\/wp-json\/wp\/v2\/posts"}],"about":[{"href":"https:\/\/transportjournal.com\/es\/wp-json\/wp\/v2\/types\/post"}],"author":[{"embeddable":true,"href":"https:\/\/transportjournal.com\/es\/wp-json\/wp\/v2\/users\/10"}],"replies":[{"embeddable":true,"href":"https:\/\/transportjournal.com\/es\/wp-json\/wp\/v2\/comments?post=74851"}],"version-history":[{"count":0,"href":"https:\/\/transportjournal.com\/es\/wp-json\/wp\/v2\/posts\/74851\/revisions"}],"wp:featuredmedia":[{"embeddable":true,"href":"https:\/\/transportjournal.com\/es\/wp-json\/wp\/v2\/media\/74848"}],"wp:attachment":[{"href":"https:\/\/transportjournal.com\/es\/wp-json\/wp\/v2\/media?parent=74851"}],"wp:term":[{"taxonomy":"category","embeddable":true,"href":"https:\/\/transportjournal.com\/es\/wp-json\/wp\/v2\/categories?post=74851"},{"taxonomy":"post_tag","embeddable":true,"href":"https:\/\/transportjournal.com\/es\/wp-json\/wp\/v2\/tags?post=74851"}],"curies":[{"name":"wp","href":"https:\/\/api.w.org\/{rel}","templated":true}]}}