{"id":74436,"date":"2026-01-26T15:51:26","date_gmt":"2026-01-26T15:51:26","guid":{"rendered":"https:\/\/transportjournal.com\/2026\/01\/26\/gol-fundador-constantino-junior-fallecio\/"},"modified":"2026-01-26T15:51:26","modified_gmt":"2026-01-26T15:51:26","slug":"gol-fundador-constantino-junior-fallecio","status":"publish","type":"post","link":"https:\/\/transportjournal.com\/es\/2026\/01\/26\/gol-fundador-constantino-junior-fallecio\/","title":{"rendered":"GOL fundador Constantino Junior falleci\u00f3"},"content":{"rendered":"<p>La GOL Linhas A\u00e9reas Inteligentes S.A. ha anunciado que su fundador y presidente del consejo de administraci\u00f3n, Constantino de Oliveira Junior, falleci\u00f3 el 24 de enero de 2026 a la edad de 57 a\u00f1os. En un comunicado a los accionistas y al p\u00fablico, la empresa expresa su profundo pesar por la p\u00e9rdida.<\/p>\n<h3>Continuidad en la gesti\u00f3n empresarial<\/h3>\n<p>A pesar de la p\u00e9rdida, la direcci\u00f3n operativa y estrat\u00e9gica de GOL permanece sin cambios. La responsabilidad de la gesti\u00f3n empresarial sigue recayendo en los directores y el consejo de administraci\u00f3n. Antonio Kandir, el actual vicepresidente del consejo, asumir\u00e1 temporalmente el cargo de presidente. Kandir aporta m\u00e1s de 20 a\u00f1os de experiencia en diversas posiciones de liderazgo dentro de la empresa.<\/p>\n<p>En el comunicado se enfatiza que las actividades diarias de la empresa continuar\u00e1n sin interrupci\u00f3n.<\/p>\n<h3>Un legado en la aviaci\u00f3n<\/h3>\n<p>Constantino Junior y su familia fundaron GOL hace 25 a\u00f1os, estableci\u00e9ndose como una de las principales aerol\u00edneas de Brasil. Bajo su liderazgo, la aerol\u00ednea se convirti\u00f3 en un s\u00edmbolo de innovaci\u00f3n y compromiso en la industria de la aviaci\u00f3n brasile\u00f1a. Junior es descrito como un l\u00edder visionario, cuya integridad y dedicaci\u00f3n han marcado a la empresa a trav\u00e9s de diversas fases de transformaci\u00f3n.<\/p>\n<p>Durante su mandato, promovi\u00f3 una cultura empresarial que fomenta la excelencia, la responsabilidad y la creaci\u00f3n de valor a largo plazo para accionistas, empleados, clientes y la comunidad. Su visi\u00f3n estrat\u00e9gica y capacidad de decisi\u00f3n son igualmente reconocidas, as\u00ed como su car\u00e1cter humano y su compromiso con el desarrollo de sus empleados.<\/p>\n<p>La GOL Linhas A\u00e9reas es una de las aerol\u00edneas m\u00e1s importantes del pa\u00eds y forma parte del Grupo Abra. Desde su fundaci\u00f3n en 2001, la aerol\u00ednea se ha destacado por sus bajos costos operativos y una amplia red de acuerdos de codeshare. Con una flota de 143 Boeing 737 y un equipo de 14,700 profesionales altamente calificados, GOL pone un \u00e9nfasis especial en la seguridad y la experiencia del cliente.<\/p>\n<p>&nbsp;<\/p>\n<p><a href=\"https:\/\/www.gollog.com.br\/\" target=\"_blank\" rel=\"noopener noreferrer\">www.gollog.com.br<\/a><\/p>\n<p>&nbsp;<\/p>\n","protected":false},"excerpt":{"rendered":"<p>GOL Linhas A\u00e9reas Inteligentes S.A. llora la muerte de su fundador Constantino de Oliveira Junior, quien falleci\u00f3 el 24 de enero de 2026 a la edad de 57 a\u00f1os.<\/p>\n","protected":false},"author":12,"featured_media":74433,"comment_status":"open","ping_status":"open","sticky":false,"template":"","format":"standard","meta":{"_acf_changed":false,"footnotes":""},"categories":[1614,1606,1603],"tags":[9537,9538,9539,9540,9541,9542,4370,9543,9544,9545,9546,9547,9548,9549,9550,5353,9551,9552,9553,9554,9555,9556,9557,9558,9559,8938,9560,9561,9562,9563,9564,9565,9566,9567,9568,4382,9569,9570,9571,9572,4390,9573,9574,9575,5379,9576,9577,9578,9579,9580,9581,9582,9583],"class_list":["post-74436","post","type-post","status-publish","format-standard","has-post-thumbnail","hentry","category-america","category-carga-aerea","category-personas-y-empresas","tag-accords-de-partage-de-code","tag-air-transport-market-brazil","tag-airline-operating-costs","tag-airlines-south-america","tag-antonio-kandir","tag-aviation-industry-brazil","tag-aviation-innovation","tag-betriebskosten-fluggesellschaften","tag-brasilianische-fluggesellschaft","tag-brazilian-airline","tag-codeshare-agreements","tag-codeshare-vereinbarungen","tag-compagnie-aerienne-bresilienne","tag-compagnies-aeriennes-amerique-du-sud","tag-constantino-junior","tag-corporate-responsibility","tag-couts-dexploitation-des-compagnies-aeriennes","tag-creation-de-valeur-a-long-terme","tag-customer-experience-airlines","tag-deutsch-gol","tag-direction-gol","tag-excellence-en-aviation","tag-excellence-in-aviation","tag-experience-client-compagnies-aeriennes","tag-exzellenz-in-der-luftfahrt","tag-fachkraeftemangel-luftfahrt","tag-fluggesellschaften-suedamerika","tag-gol-corporate-strategy","tag-gol-geschichte","tag-gol-history","tag-gol-linhas-aereas","tag-gol-management","tag-grupo-abra","tag-histoire-de-gol","tag-industrie-aeronautique-bresil","tag-innovation-aeronautique","tag-kundenerlebnis-fluggesellschaften","tag-langfristige-wertschoepfung-english-gol","tag-long-term-value-creation-francais-gol","tag-luftfahrtbranche-brasilien","tag-luftfahrtinnovation","tag-luftverkehrsmarkt-brasilien","tag-marche-du-transport-aerien-bresil","tag-penurie-de-main-doeuvre-aeronautique","tag-responsabilite-dentreprise","tag-safety-in-aviation","tag-securite-en-aviation","tag-sicherheit-in-der-luftfahrt","tag-strategie-dentreprise-gol","tag-unternehmensfuehrung-gol","tag-unternehmensstrategie-gol","tag-verantwortung-in-unternehmen","tag-workforce-shortage-aviation"],"acf":[],"yoast_head":"<!-- This site is optimized with the Yoast SEO plugin v27.3 - https:\/\/yoast.com\/product\/yoast-seo-wordpress\/ -->\n<title>GOL fundador Constantino Junior falleci\u00f3 - ITJ | International Transport Journal<\/title>\n<meta name=\"robots\" content=\"index, follow, max-snippet:-1, max-image-preview:large, max-video-preview:-1\" \/>\n<link rel=\"canonical\" href=\"https:\/\/transportjournal.com\/es\/2026\/01\/26\/gol-fundador-constantino-junior-fallecio\/\" \/>\n<meta property=\"og:locale\" content=\"es_ES\" \/>\n<meta property=\"og:type\" content=\"article\" \/>\n<meta property=\"og:title\" content=\"GOL fundador Constantino Junior falleci\u00f3 - ITJ | International Transport Journal\" \/>\n<meta property=\"og:description\" content=\"GOL Linhas A\u00e9reas Inteligentes S.A. llora la muerte de su fundador Constantino de Oliveira Junior, quien falleci\u00f3 el 24 de enero de 2026 a la edad de 57 a\u00f1os.\" \/>\n<meta property=\"og:url\" content=\"https:\/\/transportjournal.com\/es\/2026\/01\/26\/gol-fundador-constantino-junior-fallecio\/\" \/>\n<meta property=\"og:site_name\" content=\"ITJ | International Transport Journal\" \/>\n<meta property=\"article:published_time\" content=\"2026-01-26T15:51:26+00:00\" \/>\n<meta property=\"og:image\" content=\"https:\/\/transportjournal.com\/wp-content\/uploads\/sites\/2\/2026\/01\/GOL-1769257672035-aspect-ratio-1400-788.jpg\" \/>\n\t<meta property=\"og:image:width\" content=\"1280\" \/>\n\t<meta property=\"og:image:height\" content=\"720\" \/>\n\t<meta property=\"og:image:type\" content=\"image\/jpeg\" \/>\n<meta name=\"author\" content=\"Andreas Haug\" \/>\n<meta name=\"twitter:card\" content=\"summary_large_image\" \/>\n<meta name=\"twitter:label1\" content=\"Escrito por\" \/>\n\t<meta name=\"twitter:data1\" content=\"Andreas Haug\" \/>\n\t<meta name=\"twitter:label2\" content=\"Tiempo de lectura\" \/>\n\t<meta name=\"twitter:data2\" content=\"2 minuto\" \/>\n<script type=\"application\/ld+json\" class=\"yoast-schema-graph\">{\"@context\":\"https:\\\/\\\/schema.org\",\"@graph\":[{\"@type\":\"Article\",\"@id\":\"https:\\\/\\\/transportjournal.com\\\/es\\\/2026\\\/01\\\/26\\\/gol-fundador-constantino-junior-fallecio\\\/#article\",\"isPartOf\":{\"@id\":\"https:\\\/\\\/transportjournal.com\\\/es\\\/2026\\\/01\\\/26\\\/gol-fundador-constantino-junior-fallecio\\\/\"},\"author\":{\"name\":\"Andreas Haug\",\"@id\":\"https:\\\/\\\/transportjournal.com\\\/es\\\/#\\\/schema\\\/person\\\/cf538b3157f15afd7589245a4b3dbd25\"},\"headline\":\"GOL fundador Constantino Junior falleci\u00f3\",\"datePublished\":\"2026-01-26T15:51:26+00:00\",\"mainEntityOfPage\":{\"@id\":\"https:\\\/\\\/transportjournal.com\\\/es\\\/2026\\\/01\\\/26\\\/gol-fundador-constantino-junior-fallecio\\\/\"},\"wordCount\":365,\"commentCount\":0,\"publisher\":{\"@id\":\"https:\\\/\\\/transportjournal.com\\\/es\\\/#organization\"},\"image\":{\"@id\":\"https:\\\/\\\/transportjournal.com\\\/es\\\/2026\\\/01\\\/26\\\/gol-fundador-constantino-junior-fallecio\\\/#primaryimage\"},\"thumbnailUrl\":\"https:\\\/\\\/transportjournal.com\\\/wp-content\\\/uploads\\\/sites\\\/2\\\/2026\\\/01\\\/GOL-1769257672035-aspect-ratio-1400-788.jpg\",\"keywords\":[\"accords de partage de code\",\"air transport market Brazil\",\"airline operating costs\",\"airlines South America\",\"Antonio Kandir\",\"aviation industry Brazil\",\"aviation innovation\",\"Betriebskosten Fluggesellschaften\",\"brasilianische Fluggesellschaft\",\"Brazilian airline\",\"codeshare agreements\",\"Codeshare-Vereinbarungen\",\"compagnie a\u00e9rienne br\u00e9silienne\",\"compagnies a\u00e9riennes Am\u00e9rique du Sud\",\"Constantino Junior\",\"corporate responsibility\",\"co\u00fbts d'exploitation des compagnies a\u00e9riennes\",\"cr\u00e9ation de valeur \u00e0 long terme\",\"customer experience airlines\",\"Deutsch GOL\",\"direction GOL\",\"excellence en aviation\",\"excellence in aviation\",\"exp\u00e9rience client compagnies a\u00e9riennes\",\"Exzellenz in der Luftfahrt\",\"Fachkr\u00e4ftemangel Luftfahrt\",\"Fluggesellschaften S\u00fcdamerika\",\"GOL corporate strategy\",\"GOL Geschichte\",\"GOL history\",\"GOL Linhas A\u00e9reas\",\"GOL management\",\"Grupo Abra\",\"histoire de GOL\",\"industrie a\u00e9ronautique Br\u00e9sil\",\"innovation a\u00e9ronautique\",\"Kundenerlebnis Fluggesellschaften\",\"langfristige Wertsch\u00f6pfung English GOL\",\"long-term value creation Fran\u00e7ais GOL\",\"Luftfahrtbranche Brasilien\",\"Luftfahrtinnovation\",\"Luftverkehrsmarkt Brasilien\",\"march\u00e9 du transport a\u00e9rien Br\u00e9sil\",\"p\u00e9nurie de main-d'\u0153uvre a\u00e9ronautique\",\"responsabilit\u00e9 d'entreprise\",\"safety in aviation\",\"s\u00e9curit\u00e9 en aviation\",\"Sicherheit in der Luftfahrt\",\"strat\u00e9gie d'entreprise GOL\",\"Unternehmensf\u00fchrung GOL\",\"Unternehmensstrategie GOL\",\"Verantwortung in Unternehmen\",\"workforce shortage aviation\"],\"articleSection\":[\"Am\u00e9rica\",\"Carga a\u00e9rea\",\"Personas y empresas\"],\"inLanguage\":\"es\",\"potentialAction\":[{\"@type\":\"CommentAction\",\"name\":\"Comment\",\"target\":[\"https:\\\/\\\/transportjournal.com\\\/es\\\/2026\\\/01\\\/26\\\/gol-fundador-constantino-junior-fallecio\\\/#respond\"]}]},{\"@type\":\"WebPage\",\"@id\":\"https:\\\/\\\/transportjournal.com\\\/es\\\/2026\\\/01\\\/26\\\/gol-fundador-constantino-junior-fallecio\\\/\",\"url\":\"https:\\\/\\\/transportjournal.com\\\/es\\\/2026\\\/01\\\/26\\\/gol-fundador-constantino-junior-fallecio\\\/\",\"name\":\"GOL fundador Constantino Junior falleci\u00f3 - ITJ | International Transport Journal\",\"isPartOf\":{\"@id\":\"https:\\\/\\\/transportjournal.com\\\/es\\\/#website\"},\"primaryImageOfPage\":{\"@id\":\"https:\\\/\\\/transportjournal.com\\\/es\\\/2026\\\/01\\\/26\\\/gol-fundador-constantino-junior-fallecio\\\/#primaryimage\"},\"image\":{\"@id\":\"https:\\\/\\\/transportjournal.com\\\/es\\\/2026\\\/01\\\/26\\\/gol-fundador-constantino-junior-fallecio\\\/#primaryimage\"},\"thumbnailUrl\":\"https:\\\/\\\/transportjournal.com\\\/wp-content\\\/uploads\\\/sites\\\/2\\\/2026\\\/01\\\/GOL-1769257672035-aspect-ratio-1400-788.jpg\",\"datePublished\":\"2026-01-26T15:51:26+00:00\",\"breadcrumb\":{\"@id\":\"https:\\\/\\\/transportjournal.com\\\/es\\\/2026\\\/01\\\/26\\\/gol-fundador-constantino-junior-fallecio\\\/#breadcrumb\"},\"inLanguage\":\"es\",\"potentialAction\":[{\"@type\":\"ReadAction\",\"target\":[\"https:\\\/\\\/transportjournal.com\\\/es\\\/2026\\\/01\\\/26\\\/gol-fundador-constantino-junior-fallecio\\\/\"]}]},{\"@type\":\"ImageObject\",\"inLanguage\":\"es\",\"@id\":\"https:\\\/\\\/transportjournal.com\\\/es\\\/2026\\\/01\\\/26\\\/gol-fundador-constantino-junior-fallecio\\\/#primaryimage\",\"url\":\"https:\\\/\\\/transportjournal.com\\\/wp-content\\\/uploads\\\/sites\\\/2\\\/2026\\\/01\\\/GOL-1769257672035-aspect-ratio-1400-788.jpg\",\"contentUrl\":\"https:\\\/\\\/transportjournal.com\\\/wp-content\\\/uploads\\\/sites\\\/2\\\/2026\\\/01\\\/GOL-1769257672035-aspect-ratio-1400-788.jpg\",\"width\":1280,\"height\":720},{\"@type\":\"BreadcrumbList\",\"@id\":\"https:\\\/\\\/transportjournal.com\\\/es\\\/2026\\\/01\\\/26\\\/gol-fundador-constantino-junior-fallecio\\\/#breadcrumb\",\"itemListElement\":[{\"@type\":\"ListItem\",\"position\":1,\"name\":\"Startseite\",\"item\":\"https:\\\/\\\/transportjournal.com\\\/es\\\/\"},{\"@type\":\"ListItem\",\"position\":2,\"name\":\"GOL fundador Constantino Junior falleci\u00f3\"}]},{\"@type\":\"WebSite\",\"@id\":\"https:\\\/\\\/transportjournal.com\\\/es\\\/#website\",\"url\":\"https:\\\/\\\/transportjournal.com\\\/es\\\/\",\"name\":\"ITJ | International Transport Journal\",\"description\":\"Stay informed with the latest global news from the transport, logistics, and supply chain industries. Transport Journal delivers expert insights, analysis, and updates across shipping, aviation, intermodal, and forwarding.\",\"publisher\":{\"@id\":\"https:\\\/\\\/transportjournal.com\\\/es\\\/#organization\"},\"potentialAction\":[{\"@type\":\"SearchAction\",\"target\":{\"@type\":\"EntryPoint\",\"urlTemplate\":\"https:\\\/\\\/transportjournal.com\\\/es\\\/?s={search_term_string}\"},\"query-input\":{\"@type\":\"PropertyValueSpecification\",\"valueRequired\":true,\"valueName\":\"search_term_string\"}}],\"inLanguage\":\"es\"},{\"@type\":\"Organization\",\"@id\":\"https:\\\/\\\/transportjournal.com\\\/es\\\/#organization\",\"name\":\"Grupo Logismedia AG\",\"alternateName\":\"Logismedia Group AG\",\"url\":\"https:\\\/\\\/transportjournal.com\\\/es\\\/\",\"logo\":{\"@type\":\"ImageObject\",\"inLanguage\":\"es\",\"@id\":\"https:\\\/\\\/transportjournal.com\\\/es\\\/#\\\/schema\\\/logo\\\/image\\\/\",\"url\":\"https:\\\/\\\/transportjournal.com\\\/wp-content\\\/uploads\\\/sites\\\/2\\\/2025\\\/09\\\/Logo_ITJ.png\",\"contentUrl\":\"https:\\\/\\\/transportjournal.com\\\/wp-content\\\/uploads\\\/sites\\\/2\\\/2025\\\/09\\\/Logo_ITJ.png\",\"width\":799,\"height\":326,\"caption\":\"Grupo Logismedia AG\"},\"image\":{\"@id\":\"https:\\\/\\\/transportjournal.com\\\/es\\\/#\\\/schema\\\/logo\\\/image\\\/\"},\"sameAs\":[\"https:\\\/\\\/www.linkedin.com\\\/company\\\/56456496\\\/admin\\\/dashboard\\\/\",\"https:\\\/\\\/www.instagram.com\\\/logismediagroup\\\/\",\"https:\\\/\\\/www.youtube.com\\\/@LogiamediaGroupAG\"]},{\"@type\":\"Person\",\"@id\":\"https:\\\/\\\/transportjournal.com\\\/es\\\/#\\\/schema\\\/person\\\/cf538b3157f15afd7589245a4b3dbd25\",\"name\":\"Andreas Haug\",\"url\":\"https:\\\/\\\/transportjournal.com\\\/es\\\/author\\\/andreas\\\/\"}]}<\/script>\n<!-- \/ Yoast SEO plugin. -->","yoast_head_json":{"title":"GOL fundador Constantino Junior falleci\u00f3 - ITJ | International Transport Journal","robots":{"index":"index","follow":"follow","max-snippet":"max-snippet:-1","max-image-preview":"max-image-preview:large","max-video-preview":"max-video-preview:-1"},"canonical":"https:\/\/transportjournal.com\/es\/2026\/01\/26\/gol-fundador-constantino-junior-fallecio\/","og_locale":"es_ES","og_type":"article","og_title":"GOL fundador Constantino Junior falleci\u00f3 - ITJ | International Transport Journal","og_description":"GOL Linhas A\u00e9reas Inteligentes S.A. llora la muerte de su fundador Constantino de Oliveira Junior, quien falleci\u00f3 el 24 de enero de 2026 a la edad de 57 a\u00f1os.","og_url":"https:\/\/transportjournal.com\/es\/2026\/01\/26\/gol-fundador-constantino-junior-fallecio\/","og_site_name":"ITJ | International Transport Journal","article_published_time":"2026-01-26T15:51:26+00:00","og_image":[{"width":1280,"height":720,"url":"https:\/\/transportjournal.com\/wp-content\/uploads\/sites\/2\/2026\/01\/GOL-1769257672035-aspect-ratio-1400-788.jpg","type":"image\/jpeg"}],"author":"Andreas Haug","twitter_card":"summary_large_image","twitter_misc":{"Escrito por":"Andreas Haug","Tiempo de lectura":"2 minuto"},"schema":{"@context":"https:\/\/schema.org","@graph":[{"@type":"Article","@id":"https:\/\/transportjournal.com\/es\/2026\/01\/26\/gol-fundador-constantino-junior-fallecio\/#article","isPartOf":{"@id":"https:\/\/transportjournal.com\/es\/2026\/01\/26\/gol-fundador-constantino-junior-fallecio\/"},"author":{"name":"Andreas Haug","@id":"https:\/\/transportjournal.com\/es\/#\/schema\/person\/cf538b3157f15afd7589245a4b3dbd25"},"headline":"GOL fundador Constantino Junior falleci\u00f3","datePublished":"2026-01-26T15:51:26+00:00","mainEntityOfPage":{"@id":"https:\/\/transportjournal.com\/es\/2026\/01\/26\/gol-fundador-constantino-junior-fallecio\/"},"wordCount":365,"commentCount":0,"publisher":{"@id":"https:\/\/transportjournal.com\/es\/#organization"},"image":{"@id":"https:\/\/transportjournal.com\/es\/2026\/01\/26\/gol-fundador-constantino-junior-fallecio\/#primaryimage"},"thumbnailUrl":"https:\/\/transportjournal.com\/wp-content\/uploads\/sites\/2\/2026\/01\/GOL-1769257672035-aspect-ratio-1400-788.jpg","keywords":["accords de partage de code","air transport market Brazil","airline operating costs","airlines South America","Antonio Kandir","aviation industry Brazil","aviation innovation","Betriebskosten Fluggesellschaften","brasilianische Fluggesellschaft","Brazilian airline","codeshare agreements","Codeshare-Vereinbarungen","compagnie a\u00e9rienne br\u00e9silienne","compagnies a\u00e9riennes Am\u00e9rique du Sud","Constantino Junior","corporate responsibility","co\u00fbts d'exploitation des compagnies a\u00e9riennes","cr\u00e9ation de valeur \u00e0 long terme","customer experience airlines","Deutsch GOL","direction GOL","excellence en aviation","excellence in aviation","exp\u00e9rience client compagnies a\u00e9riennes","Exzellenz in der Luftfahrt","Fachkr\u00e4ftemangel Luftfahrt","Fluggesellschaften S\u00fcdamerika","GOL corporate strategy","GOL Geschichte","GOL history","GOL Linhas A\u00e9reas","GOL management","Grupo Abra","histoire de GOL","industrie a\u00e9ronautique Br\u00e9sil","innovation a\u00e9ronautique","Kundenerlebnis Fluggesellschaften","langfristige Wertsch\u00f6pfung English GOL","long-term value creation Fran\u00e7ais GOL","Luftfahrtbranche Brasilien","Luftfahrtinnovation","Luftverkehrsmarkt Brasilien","march\u00e9 du transport a\u00e9rien Br\u00e9sil","p\u00e9nurie de main-d'\u0153uvre a\u00e9ronautique","responsabilit\u00e9 d'entreprise","safety in aviation","s\u00e9curit\u00e9 en aviation","Sicherheit in der Luftfahrt","strat\u00e9gie d'entreprise GOL","Unternehmensf\u00fchrung GOL","Unternehmensstrategie GOL","Verantwortung in Unternehmen","workforce shortage aviation"],"articleSection":["Am\u00e9rica","Carga a\u00e9rea","Personas y empresas"],"inLanguage":"es","potentialAction":[{"@type":"CommentAction","name":"Comment","target":["https:\/\/transportjournal.com\/es\/2026\/01\/26\/gol-fundador-constantino-junior-fallecio\/#respond"]}]},{"@type":"WebPage","@id":"https:\/\/transportjournal.com\/es\/2026\/01\/26\/gol-fundador-constantino-junior-fallecio\/","url":"https:\/\/transportjournal.com\/es\/2026\/01\/26\/gol-fundador-constantino-junior-fallecio\/","name":"GOL fundador Constantino Junior falleci\u00f3 - ITJ | International Transport Journal","isPartOf":{"@id":"https:\/\/transportjournal.com\/es\/#website"},"primaryImageOfPage":{"@id":"https:\/\/transportjournal.com\/es\/2026\/01\/26\/gol-fundador-constantino-junior-fallecio\/#primaryimage"},"image":{"@id":"https:\/\/transportjournal.com\/es\/2026\/01\/26\/gol-fundador-constantino-junior-fallecio\/#primaryimage"},"thumbnailUrl":"https:\/\/transportjournal.com\/wp-content\/uploads\/sites\/2\/2026\/01\/GOL-1769257672035-aspect-ratio-1400-788.jpg","datePublished":"2026-01-26T15:51:26+00:00","breadcrumb":{"@id":"https:\/\/transportjournal.com\/es\/2026\/01\/26\/gol-fundador-constantino-junior-fallecio\/#breadcrumb"},"inLanguage":"es","potentialAction":[{"@type":"ReadAction","target":["https:\/\/transportjournal.com\/es\/2026\/01\/26\/gol-fundador-constantino-junior-fallecio\/"]}]},{"@type":"ImageObject","inLanguage":"es","@id":"https:\/\/transportjournal.com\/es\/2026\/01\/26\/gol-fundador-constantino-junior-fallecio\/#primaryimage","url":"https:\/\/transportjournal.com\/wp-content\/uploads\/sites\/2\/2026\/01\/GOL-1769257672035-aspect-ratio-1400-788.jpg","contentUrl":"https:\/\/transportjournal.com\/wp-content\/uploads\/sites\/2\/2026\/01\/GOL-1769257672035-aspect-ratio-1400-788.jpg","width":1280,"height":720},{"@type":"BreadcrumbList","@id":"https:\/\/transportjournal.com\/es\/2026\/01\/26\/gol-fundador-constantino-junior-fallecio\/#breadcrumb","itemListElement":[{"@type":"ListItem","position":1,"name":"Startseite","item":"https:\/\/transportjournal.com\/es\/"},{"@type":"ListItem","position":2,"name":"GOL fundador Constantino Junior falleci\u00f3"}]},{"@type":"WebSite","@id":"https:\/\/transportjournal.com\/es\/#website","url":"https:\/\/transportjournal.com\/es\/","name":"ITJ | International Transport Journal","description":"Stay informed with the latest global news from the transport, logistics, and supply chain industries. Transport Journal delivers expert insights, analysis, and updates across shipping, aviation, intermodal, and forwarding.","publisher":{"@id":"https:\/\/transportjournal.com\/es\/#organization"},"potentialAction":[{"@type":"SearchAction","target":{"@type":"EntryPoint","urlTemplate":"https:\/\/transportjournal.com\/es\/?s={search_term_string}"},"query-input":{"@type":"PropertyValueSpecification","valueRequired":true,"valueName":"search_term_string"}}],"inLanguage":"es"},{"@type":"Organization","@id":"https:\/\/transportjournal.com\/es\/#organization","name":"Grupo Logismedia AG","alternateName":"Logismedia Group AG","url":"https:\/\/transportjournal.com\/es\/","logo":{"@type":"ImageObject","inLanguage":"es","@id":"https:\/\/transportjournal.com\/es\/#\/schema\/logo\/image\/","url":"https:\/\/transportjournal.com\/wp-content\/uploads\/sites\/2\/2025\/09\/Logo_ITJ.png","contentUrl":"https:\/\/transportjournal.com\/wp-content\/uploads\/sites\/2\/2025\/09\/Logo_ITJ.png","width":799,"height":326,"caption":"Grupo Logismedia AG"},"image":{"@id":"https:\/\/transportjournal.com\/es\/#\/schema\/logo\/image\/"},"sameAs":["https:\/\/www.linkedin.com\/company\/56456496\/admin\/dashboard\/","https:\/\/www.instagram.com\/logismediagroup\/","https:\/\/www.youtube.com\/@LogiamediaGroupAG"]},{"@type":"Person","@id":"https:\/\/transportjournal.com\/es\/#\/schema\/person\/cf538b3157f15afd7589245a4b3dbd25","name":"Andreas Haug","url":"https:\/\/transportjournal.com\/es\/author\/andreas\/"}]}},"_links":{"self":[{"href":"https:\/\/transportjournal.com\/es\/wp-json\/wp\/v2\/posts\/74436","targetHints":{"allow":["GET"]}}],"collection":[{"href":"https:\/\/transportjournal.com\/es\/wp-json\/wp\/v2\/posts"}],"about":[{"href":"https:\/\/transportjournal.com\/es\/wp-json\/wp\/v2\/types\/post"}],"author":[{"embeddable":true,"href":"https:\/\/transportjournal.com\/es\/wp-json\/wp\/v2\/users\/12"}],"replies":[{"embeddable":true,"href":"https:\/\/transportjournal.com\/es\/wp-json\/wp\/v2\/comments?post=74436"}],"version-history":[{"count":0,"href":"https:\/\/transportjournal.com\/es\/wp-json\/wp\/v2\/posts\/74436\/revisions"}],"wp:featuredmedia":[{"embeddable":true,"href":"https:\/\/transportjournal.com\/es\/wp-json\/wp\/v2\/media\/74433"}],"wp:attachment":[{"href":"https:\/\/transportjournal.com\/es\/wp-json\/wp\/v2\/media?parent=74436"}],"wp:term":[{"taxonomy":"category","embeddable":true,"href":"https:\/\/transportjournal.com\/es\/wp-json\/wp\/v2\/categories?post=74436"},{"taxonomy":"post_tag","embeddable":true,"href":"https:\/\/transportjournal.com\/es\/wp-json\/wp\/v2\/tags?post=74436"}],"curies":[{"name":"wp","href":"https:\/\/api.w.org\/{rel}","templated":true}]}}